{"id":144720,"date":"2025-05-14T19:10:09","date_gmt":"2025-05-15T00:10:09","guid":{"rendered":"https:\/\/lospoliticosveracruz.com.mx\/?p=144720"},"modified":"2025-05-14T19:10:38","modified_gmt":"2025-05-15T00:10:38","slug":"luis-donaldo-colosio-riojas-en-xalapa","status":"publish","type":"post","link":"https:\/\/lospoliticosveracruz.com\/?p=144720","title":{"rendered":"LUIS DONALDO COLOSIO RIOJAS EN XALAPA"},"content":{"rendered":"\n<p><\/p>\n\n\n\n<p><strong>S\u00edguenos ahora tambi\u00e9n en WhatsApp. \u00a1<a href=\"https:\/\/whatsapp.com\/channel\/0029Va8zRWlEKyZIP3Z1dF0e\">Da clic aqu\u00ed<\/a>!<\/strong><\/p>\n\n\n\n<p><br><strong>Rub\u00e9n Morales Aburto<\/strong><\/p>\n\n\n\n<p><em>El Poder y La Pasi\u00f3n<\/em><br><\/p>\n\n\n\n<p>Si ser\u00e1 este jueves 15 de mayo (D\u00eda del Maestro), cuando haga gira de trabajo proselitista desde las 9 am., hasta que caiga el sol. Qu\u00e9 tal?.<\/p>\n\n\n\n<p>Colosio en Boca del R\u00edo<\/p>\n\n\n\n<p>All\u00e1 en la Parroquia de los 100 a\u00f1os dijo que \u201cLa violencia que se est\u00e1 viviendo en este proceso electoral es lamentable, ya es tiempo de que M\u00e9xico, supere esa etapa de asesinar a sus candidatos\u201d.<\/p>\n\n\n\n<p>La vida es una T\u00f3mbola Tom Tom T\u00f3mbolaaaaa<\/p>\n\n\n\n<p>Con tantita jefa, el sistema pol\u00edtico de la 4T aplicaron t\u00f3mbola a las madres empleadas del gobierno del estado, para ver quien sali\u00f3 afortunada, para asistir al vel\u00f3dromo para el festejo de 10 de mayo del 2025. Conste que ese inmueble solo ser\u00eda para eventos deportivos. Disfruten lo votado.<\/p>\n\n\n\n<p>Esteban Bautista dijo<\/p>\n\n\n\n<p>Sobre el tema Fidel Herrera Beltr\u00e1n:<br>\u201cEl hombre cuando termin\u00f3 su mandato ten\u00eda una alta calificaci\u00f3n. De la sierra de donde yo vengo, ayud\u00f3 mucho a las comunidades, mi gratitud para \u00e9l y para su familia. A los amigos no se les niega, se les reconoce est\u00e9n donde est\u00e9n\u201d.<\/p>\n\n\n\n<p>17 tiros por la espalda???<\/p>\n\n\n\n<p>La noche de este domingo se confirm\u00f3 el asesinato de Yesenia Lara Guti\u00e9rrez, candidata de Morena a la alcaldia d e Texistepec, Veracruz, durante un acto p\u00fablico de campa\u00f1a.<br>Yesenia Lara, fue ejecutada este domingo durante un recorrido de campa\u00f1a en el barrio ubicado sobre el camino hacia J\u00e1ltipan.<\/p>\n\n\n\n<p>La T\u00eda Ch\u00edo responde<\/p>\n\n\n\n<p>\u201cNing\u00fan cargo o puesto vale la vida de una persona\u201d, por el tema Texistepec, Ver.,<br>\u201cVamos a dar con los responsables de este cobarde asesinato a la candidata y simpatizantes de morena en Texistepec; 4 personas fallecidas y 3 heridos. He instruido a la FGE Veracruz y a seguridad no parar hasta encontrarlos\u201d.<\/p>\n\n\n\n<p>Marcha del silencio en J\u00e1ltipan<\/p>\n\n\n\n<p>Vestidos de negro, sin m\u00fasica y en silencio, as\u00ed fue la caminata que realiz\u00f3 la candidata de MORENA por la alcald\u00eda de J\u00e1ltipan, Mildred Marlene May de la Cruz por la calle Morelos en el centro de la ciudad. En reclamo al asesinato de Texistepec, Ver.<\/p>\n\n\n\n<p>En Minatitl\u00e1n<\/p>\n\n\n\n<p>F\u00edjese que son mas de 850 pescadores afectados por derrame, su lider Antonina Alfonso Facundo, constat\u00f3 la grave contaminaci\u00f3n en la zona de los muelles 5 y 6 de Minatitl\u00e1n, Ver., donde a\u00fan se observan manchas de hidrocarburo, como la ve?.<\/p>\n\n\n\n<p>24 focos rojos en Veracruz<\/p>\n\n\n\n<p>Si hay focos rojos, ante posibles riesgos de seguridad de cara a la jornada electoral del pr\u00f3ximo 1 de junio, inform\u00f3 la gobernadora Roc\u00edo Nahle Garc\u00eda.<\/p>\n\n\n\n<p>Traaaakaaaa<\/p>\n\n\n\n<p>Que en una conferencia de prensa, la mandataria estatal explic\u00f3 que fue la Secretar\u00eda de Seguridad P\u00fablica (SSP) la que detect\u00f3 estas zonas de atenci\u00f3n prioritaria, mientras que la Fiscal\u00eda General del Estado (FGE) report\u00f3 riesgos en al menos 24 municipios.<\/p>\n\n\n\n<p>Despliegue de 300 elementos<\/p>\n\n\n\n<p>Tras los hechos recientes en Coxquihui y Texistepec, Ver., se despleg\u00f3 un contingente inicial de 300 elementos federales, como parte del refuerzo en la estrategia de vigilancia. \u00d3rale.<\/p>\n\n\n\n<p>57 piden guachos pegados con ellas y ellos<\/p>\n\n\n\n<p>Qu\u00e9 en Veracruz, Don 57 candidatos a presidencia municipal, ya han solicitado protecci\u00f3n debido a situaciones de riesgo, inform\u00f3 la gobernadora Roc\u00edo Nahle.<br>Se\u00f1al\u00f3 que el partido pol\u00edtico donde mayor cantidad de personas han pedido ha sido Movimiento Ciudadano, sin embargo, existen de todos los partidos.<\/p>\n\n\n\n<p>Qu\u00e9 hay focos rojos y calientes<\/p>\n\n\n\n<p>Qu\u00e9 el famoso senador morenista Manolo Huerta se\u00f1ala, afirma y asegura que los focos rojos est\u00e1n en: Zongolica, Coyutla, Isla, Coxquihui y Espinal entre otros. Como la ve?.<\/p>\n\n\n\n<p>En Coatza<\/p>\n\n\n\n<p>Pues qu\u00e9 de plano en gran un hecho inusual, este lunes fueron encontradas decenas de aves muertas en varios tramos de la playa de Coatzacoalcos, Ver., entre la Plaza de la Cultura y la avenida Guerrero, adem\u00e1s de m\u00e1s ejemplares muertos cerca del monumento a la \u201cPaloma de la Paz\u201d, en la colonia Para\u00edso.<\/p>\n\n\n\n<p>No solo aves muertas<\/p>\n\n\n\n<p>Adem\u00e1s de las aves, se hall\u00f3 una tortuga marina muerta a la altura de las Torres Quetzalc\u00f3atl, lo que agrava la inquietud por la posible causa de esta mortandad de fauna en las playas.<\/p>\n\n\n\n<p>A mire usted?!?!<\/p>\n\n\n\n<p>Escuchar a Marisol Alicia Delgadillo Morales, del OPLE, desmarcase del tema Texistepec, Ver., \u201cla candidata de Morena a la presidencia municipal de Texistepec, Yesenia Lara, no hab\u00eda solicitado medidas de protecci\u00f3n y tampoco el Consejo Municipal ten\u00eda reporte de alguna situaci\u00f3n de inseguridad\u201d.<\/p>\n\n\n\n<p>Una perote\u00f1a<\/p>\n\n\n\n<p>Que un ciudadano encar\u00f3 a Vinicio Ascencio<br>Fern\u00e1ndez candidato a la alcald\u00eda y le<br>reclama haberse quedado con terreno y 300 \u00e1rboles del<br>Programa Sembrando Vida; incidente pone en duda la integridad del aspirante tricolor.<\/p>\n\n\n\n<p>Otra perote\u00f1a<\/p>\n\n\n\n<p>Qu\u00e9 est\u00e1n acusando ejidatarios, al candidato a la alcald\u00eda de Perote, Ver., por el PRI, Vinicio Ascensio Fern\u00e1ndez, por presunto despojo de siete pozos de agua y tierra a campesinos, en Totalco, Ver., adem\u00e1s de presuntamente acaparar los pozos de agua.? Eso lo apuntala el joven diputado federal, Adri\u00e1n Gonzalez Naveda. Ser\u00e1 cierto?<\/p>\n\n\n\n<p>Nooooooo?<\/p>\n\n\n\n<p>Coincidentemente, el PRI perote\u00f1o, ya present\u00f3 una denuncia ante el OPLE, por el retiro de su propaganda en Perote, Ver., y presentaron como pruebas un video, que exhiben los presuntos hechos.<\/p>\n\n\n\n<p>Peeeeeroooo<\/p>\n\n\n\n<p>El abogado defensor del pri\u00edsta perote\u00f1o, ya asegur\u00f3 que las menciones del joven diputado federal Adri\u00e1n Gonz\u00e1lez Naveda, corresponden a una sociedad agr\u00edcola y una concesi\u00f3n, que por cierto, Vinicio Ascencio, dijo: \u201cno es, ni ha sido due\u00f1o de esa sociedad agr\u00edcola\u201d. Qu\u00e9 tal?.<\/p>\n\n\n\n<p>Traaaakaaaatelas<\/p>\n\n\n\n<p>Qu\u00e9 Polic\u00edas de Xalapa, Ver., se hacen pasar por agentes de tr\u00e1nsitos, acusan transportistas. Por eso la Federaci\u00f3n Revolucionaria de Trabajadores, exige di\u00e1logo con Alcalde ante presuntas anomal\u00edas.<\/p>\n\n\n\n<p>Ya callo el presunto intelectual<\/p>\n\n\n\n<p>En Texistepec, Ver., Elementos de la Polic\u00eda Ministerial ya detuvieron a Domingo \u00abN\u00bb, ex aspirante a candidato de MORENA, quien presuntamente ser\u00eda el autor intelectual detr\u00e1s de la masacre en Texistepec, Ver., donde el objetivo principal fue su compa\u00f1era de partido Yessenia Lara quien habr\u00eda resultado favorecida con la encuesta interina como candidata.<\/p>\n\n\n\n<p>Hay m\u00e1s del presunto autor intelectual<\/p>\n\n\n\n<p>Domingo \u201cN\u201d fue intervenido por las autoridades, quienes lo se\u00f1alan no solo de la presunta autor\u00eda de la masacre, que termin\u00f3 con la vida de 5 personas, si no adem\u00e1s se le se\u00f1ala de diversos presuntos hechos delictivos en la regi\u00f3n sure\u00f1a.<\/p>\n\n\n\n<p>Coatepecanos.com<\/p>\n\n\n\n<p>Qu\u00e9 si son primos los candidatos a las municipales de MORENA y la del PT?.<\/p>\n\n\n\n<p>Telegrama urgente a DIF, CEDH y FGE<\/p>\n\n\n\n<p>Que algunas madres de familia, denuncian presunto abuso sexual en un centro para personas autistas, es m\u00e1s ellas revelan una presunta red de pederastia. Mal plan.<\/p>\n","protected":false},"excerpt":{"rendered":"<p>S\u00edguenos ahora tambi\u00e9n en WhatsApp. \u00a1Da clic aqu\u00ed! Rub\u00e9n Morales Aburto El Poder y La Pasi\u00f3n Si ser\u00e1 este jueves 15 de mayo (D\u00eda del Maestro), cuando haga gira de trabajo proselitista desde las 9 am., hasta que caiga el sol. Qu\u00e9 tal?. Colosio en Boca del R\u00edo All\u00e1 en la Parroquia de los 100 [&hellip;]<\/p>\n","protected":false},"author":2,"featured_media":143902,"comment_status":"closed","ping_status":"closed","sticky":false,"template":"","format":"standard","meta":{"tdm_status":"","tdm_grid_status":"","footnotes":""},"categories":[70],"tags":[],"class_list":{"0":"post-144720","1":"post","2":"type-post","3":"status-publish","4":"format-standard","5":"has-post-thumbnail","7":"category-de-opinion"},"yoast_head":"<!-- This site is optimized with the Yoast SEO plugin v27.4 - https:\/\/yoast.com\/product\/yoast-seo-wordpress\/ -->\n<title>LUIS DONALDO COLOSIO RIOJAS EN XALAPA - Los pol\u00edticos Veracruz<\/title>\n<meta name=\"robots\" content=\"index, follow, max-snippet:-1, max-image-preview:large, max-video-preview:-1\" \/>\n<link rel=\"canonical\" href=\"https:\/\/lospoliticosveracruz.com\/?p=144720\" \/>\n<meta property=\"og:locale\" content=\"es_ES\" \/>\n<meta property=\"og:type\" content=\"article\" \/>\n<meta property=\"og:title\" content=\"LUIS DONALDO COLOSIO RIOJAS EN XALAPA - Los pol\u00edticos Veracruz\" \/>\n<meta property=\"og:description\" content=\"S\u00edguenos ahora tambi\u00e9n en WhatsApp. \u00a1Da clic aqu\u00ed! Rub\u00e9n Morales Aburto El Poder y La Pasi\u00f3n Si ser\u00e1 este jueves 15 de mayo (D\u00eda del Maestro), cuando haga gira de trabajo proselitista desde las 9 am., hasta que caiga el sol. Qu\u00e9 tal?. Colosio en Boca del R\u00edo All\u00e1 en la Parroquia de los 100 [&hellip;]\" \/>\n<meta property=\"og:url\" content=\"https:\/\/lospoliticosveracruz.com\/?p=144720\" \/>\n<meta property=\"og:site_name\" content=\"Los pol\u00edticos Veracruz\" \/>\n<meta property=\"article:publisher\" content=\"https:\/\/www.facebook.com\/people\/Notimemes-de-los-Polticos\/61565672886568\/\" \/>\n<meta property=\"article:published_time\" content=\"2025-05-15T00:10:09+00:00\" \/>\n<meta property=\"article:modified_time\" content=\"2025-05-15T00:10:38+00:00\" \/>\n<meta property=\"og:image\" content=\"https:\/\/lospoliticosveracruz.com\/wp-content\/uploads\/2025\/05\/Ruben-Morales-Aburto.jpg\" \/>\n\t<meta property=\"og:image:width\" content=\"1000\" \/>\n\t<meta property=\"og:image:height\" content=\"533\" \/>\n\t<meta property=\"og:image:type\" content=\"image\/jpeg\" \/>\n<meta name=\"author\" content=\"Lo viste en Los Pol\u00edticos\" \/>\n<meta name=\"twitter:card\" content=\"summary_large_image\" \/>\n<meta name=\"twitter:creator\" content=\"@LosPoliticosVer\" \/>\n<meta name=\"twitter:site\" content=\"@LosPoliticosVer\" \/>\n<meta name=\"twitter:label1\" content=\"Escrito por\" \/>\n\t<meta name=\"twitter:data1\" content=\"Lo viste en Los Pol\u00edticos\" \/>\n\t<meta name=\"twitter:label2\" content=\"Tiempo de lectura\" \/>\n\t<meta name=\"twitter:data2\" content=\"6 minutos\" \/>\n<script type=\"application\/ld+json\" class=\"yoast-schema-graph\">{\"@context\":\"https:\\\/\\\/schema.org\",\"@graph\":[{\"@type\":\"Article\",\"@id\":\"https:\\\/\\\/lospoliticosveracruz.com\\\/?p=144720#article\",\"isPartOf\":{\"@id\":\"https:\\\/\\\/lospoliticosveracruz.com\\\/?p=144720\"},\"author\":{\"name\":\"Lo viste en Los Pol\u00edticos\",\"@id\":\"https:\\\/\\\/lospoliticosveracruz.com\\\/#\\\/schema\\\/person\\\/b8702bb0e538456e6efd07080bf2a4a2\"},\"headline\":\"LUIS DONALDO COLOSIO RIOJAS EN XALAPA\",\"datePublished\":\"2025-05-15T00:10:09+00:00\",\"dateModified\":\"2025-05-15T00:10:38+00:00\",\"mainEntityOfPage\":{\"@id\":\"https:\\\/\\\/lospoliticosveracruz.com\\\/?p=144720\"},\"wordCount\":1162,\"publisher\":{\"@id\":\"https:\\\/\\\/lospoliticosveracruz.com\\\/#organization\"},\"image\":{\"@id\":\"https:\\\/\\\/lospoliticosveracruz.com\\\/?p=144720#primaryimage\"},\"thumbnailUrl\":\"https:\\\/\\\/lospoliticosveracruz.com\\\/wp-content\\\/uploads\\\/2025\\\/05\\\/Ruben-Morales-Aburto.jpg\",\"articleSection\":[\"De Opini\u00f3n\"],\"inLanguage\":\"es\"},{\"@type\":\"WebPage\",\"@id\":\"https:\\\/\\\/lospoliticosveracruz.com\\\/?p=144720\",\"url\":\"https:\\\/\\\/lospoliticosveracruz.com\\\/?p=144720\",\"name\":\"LUIS DONALDO COLOSIO RIOJAS EN XALAPA - Los pol\u00edticos Veracruz\",\"isPartOf\":{\"@id\":\"https:\\\/\\\/lospoliticosveracruz.com\\\/#website\"},\"primaryImageOfPage\":{\"@id\":\"https:\\\/\\\/lospoliticosveracruz.com\\\/?p=144720#primaryimage\"},\"image\":{\"@id\":\"https:\\\/\\\/lospoliticosveracruz.com\\\/?p=144720#primaryimage\"},\"thumbnailUrl\":\"https:\\\/\\\/lospoliticosveracruz.com\\\/wp-content\\\/uploads\\\/2025\\\/05\\\/Ruben-Morales-Aburto.jpg\",\"datePublished\":\"2025-05-15T00:10:09+00:00\",\"dateModified\":\"2025-05-15T00:10:38+00:00\",\"breadcrumb\":{\"@id\":\"https:\\\/\\\/lospoliticosveracruz.com\\\/?p=144720#breadcrumb\"},\"inLanguage\":\"es\",\"potentialAction\":[{\"@type\":\"ReadAction\",\"target\":[\"https:\\\/\\\/lospoliticosveracruz.com\\\/?p=144720\"]}]},{\"@type\":\"ImageObject\",\"inLanguage\":\"es\",\"@id\":\"https:\\\/\\\/lospoliticosveracruz.com\\\/?p=144720#primaryimage\",\"url\":\"https:\\\/\\\/lospoliticosveracruz.com\\\/wp-content\\\/uploads\\\/2025\\\/05\\\/Ruben-Morales-Aburto.jpg\",\"contentUrl\":\"https:\\\/\\\/lospoliticosveracruz.com\\\/wp-content\\\/uploads\\\/2025\\\/05\\\/Ruben-Morales-Aburto.jpg\",\"width\":1000,\"height\":533},{\"@type\":\"BreadcrumbList\",\"@id\":\"https:\\\/\\\/lospoliticosveracruz.com\\\/?p=144720#breadcrumb\",\"itemListElement\":[{\"@type\":\"ListItem\",\"position\":1,\"name\":\"Portada\",\"item\":\"https:\\\/\\\/lospoliticosveracruz.com\\\/\"},{\"@type\":\"ListItem\",\"position\":2,\"name\":\"LUIS DONALDO COLOSIO RIOJAS EN XALAPA\"}]},{\"@type\":\"WebSite\",\"@id\":\"https:\\\/\\\/lospoliticosveracruz.com\\\/#website\",\"url\":\"https:\\\/\\\/lospoliticosveracruz.com\\\/\",\"name\":\"Los pol\u00edticos Veracruz\",\"description\":\"\",\"publisher\":{\"@id\":\"https:\\\/\\\/lospoliticosveracruz.com\\\/#organization\"},\"potentialAction\":[{\"@type\":\"SearchAction\",\"target\":{\"@type\":\"EntryPoint\",\"urlTemplate\":\"https:\\\/\\\/lospoliticosveracruz.com\\\/?s={search_term_string}\"},\"query-input\":{\"@type\":\"PropertyValueSpecification\",\"valueRequired\":true,\"valueName\":\"search_term_string\"}}],\"inLanguage\":\"es\"},{\"@type\":\"Organization\",\"@id\":\"https:\\\/\\\/lospoliticosveracruz.com\\\/#organization\",\"name\":\"Los pol\u00edticos Veracruz\",\"url\":\"https:\\\/\\\/lospoliticosveracruz.com\\\/\",\"logo\":{\"@type\":\"ImageObject\",\"inLanguage\":\"es\",\"@id\":\"https:\\\/\\\/lospoliticosveracruz.com\\\/#\\\/schema\\\/logo\\\/image\\\/\",\"url\":\"https:\\\/\\\/lospoliticosveracruz.com\\\/wp-content\\\/uploads\\\/2025\\\/12\\\/Logo-Nuevo-LOS-POLITICOS-1.jpg\",\"contentUrl\":\"https:\\\/\\\/lospoliticosveracruz.com\\\/wp-content\\\/uploads\\\/2025\\\/12\\\/Logo-Nuevo-LOS-POLITICOS-1.jpg\",\"width\":260,\"height\":70,\"caption\":\"Los pol\u00edticos Veracruz\"},\"image\":{\"@id\":\"https:\\\/\\\/lospoliticosveracruz.com\\\/#\\\/schema\\\/logo\\\/image\\\/\"},\"sameAs\":[\"https:\\\/\\\/www.facebook.com\\\/people\\\/Notimemes-de-los-Polticos\\\/61565672886568\\\/\",\"https:\\\/\\\/x.com\\\/LosPoliticosVer\"]},{\"@type\":\"Person\",\"@id\":\"https:\\\/\\\/lospoliticosveracruz.com\\\/#\\\/schema\\\/person\\\/b8702bb0e538456e6efd07080bf2a4a2\",\"name\":\"Lo viste en Los Pol\u00edticos\",\"image\":{\"@type\":\"ImageObject\",\"inLanguage\":\"es\",\"@id\":\"https:\\\/\\\/secure.gravatar.com\\\/avatar\\\/3a8de04a2656d44082be478bd6c086daa447c4651605818287b9532d3d0bd435?s=96&d=mm&r=g\",\"url\":\"https:\\\/\\\/secure.gravatar.com\\\/avatar\\\/3a8de04a2656d44082be478bd6c086daa447c4651605818287b9532d3d0bd435?s=96&d=mm&r=g\",\"contentUrl\":\"https:\\\/\\\/secure.gravatar.com\\\/avatar\\\/3a8de04a2656d44082be478bd6c086daa447c4651605818287b9532d3d0bd435?s=96&d=mm&r=g\",\"caption\":\"Lo viste en Los Pol\u00edticos\"},\"url\":\"https:\\\/\\\/lospoliticosveracruz.com\\\/?author=2\"}]}<\/script>\n<!-- \/ Yoast SEO plugin. -->","yoast_head_json":{"title":"LUIS DONALDO COLOSIO RIOJAS EN XALAPA - Los pol\u00edticos Veracruz","robots":{"index":"index","follow":"follow","max-snippet":"max-snippet:-1","max-image-preview":"max-image-preview:large","max-video-preview":"max-video-preview:-1"},"canonical":"https:\/\/lospoliticosveracruz.com\/?p=144720","og_locale":"es_ES","og_type":"article","og_title":"LUIS DONALDO COLOSIO RIOJAS EN XALAPA - Los pol\u00edticos Veracruz","og_description":"S\u00edguenos ahora tambi\u00e9n en WhatsApp. \u00a1Da clic aqu\u00ed! Rub\u00e9n Morales Aburto El Poder y La Pasi\u00f3n Si ser\u00e1 este jueves 15 de mayo (D\u00eda del Maestro), cuando haga gira de trabajo proselitista desde las 9 am., hasta que caiga el sol. Qu\u00e9 tal?. Colosio en Boca del R\u00edo All\u00e1 en la Parroquia de los 100 [&hellip;]","og_url":"https:\/\/lospoliticosveracruz.com\/?p=144720","og_site_name":"Los pol\u00edticos Veracruz","article_publisher":"https:\/\/www.facebook.com\/people\/Notimemes-de-los-Polticos\/61565672886568\/","article_published_time":"2025-05-15T00:10:09+00:00","article_modified_time":"2025-05-15T00:10:38+00:00","og_image":[{"width":1000,"height":533,"url":"https:\/\/lospoliticosveracruz.com\/wp-content\/uploads\/2025\/05\/Ruben-Morales-Aburto.jpg","type":"image\/jpeg"}],"author":"Lo viste en Los Pol\u00edticos","twitter_card":"summary_large_image","twitter_creator":"@LosPoliticosVer","twitter_site":"@LosPoliticosVer","twitter_misc":{"Escrito por":"Lo viste en Los Pol\u00edticos","Tiempo de lectura":"6 minutos"},"schema":{"@context":"https:\/\/schema.org","@graph":[{"@type":"Article","@id":"https:\/\/lospoliticosveracruz.com\/?p=144720#article","isPartOf":{"@id":"https:\/\/lospoliticosveracruz.com\/?p=144720"},"author":{"name":"Lo viste en Los Pol\u00edticos","@id":"https:\/\/lospoliticosveracruz.com\/#\/schema\/person\/b8702bb0e538456e6efd07080bf2a4a2"},"headline":"LUIS DONALDO COLOSIO RIOJAS EN XALAPA","datePublished":"2025-05-15T00:10:09+00:00","dateModified":"2025-05-15T00:10:38+00:00","mainEntityOfPage":{"@id":"https:\/\/lospoliticosveracruz.com\/?p=144720"},"wordCount":1162,"publisher":{"@id":"https:\/\/lospoliticosveracruz.com\/#organization"},"image":{"@id":"https:\/\/lospoliticosveracruz.com\/?p=144720#primaryimage"},"thumbnailUrl":"https:\/\/lospoliticosveracruz.com\/wp-content\/uploads\/2025\/05\/Ruben-Morales-Aburto.jpg","articleSection":["De Opini\u00f3n"],"inLanguage":"es"},{"@type":"WebPage","@id":"https:\/\/lospoliticosveracruz.com\/?p=144720","url":"https:\/\/lospoliticosveracruz.com\/?p=144720","name":"LUIS DONALDO COLOSIO RIOJAS EN XALAPA - Los pol\u00edticos Veracruz","isPartOf":{"@id":"https:\/\/lospoliticosveracruz.com\/#website"},"primaryImageOfPage":{"@id":"https:\/\/lospoliticosveracruz.com\/?p=144720#primaryimage"},"image":{"@id":"https:\/\/lospoliticosveracruz.com\/?p=144720#primaryimage"},"thumbnailUrl":"https:\/\/lospoliticosveracruz.com\/wp-content\/uploads\/2025\/05\/Ruben-Morales-Aburto.jpg","datePublished":"2025-05-15T00:10:09+00:00","dateModified":"2025-05-15T00:10:38+00:00","breadcrumb":{"@id":"https:\/\/lospoliticosveracruz.com\/?p=144720#breadcrumb"},"inLanguage":"es","potentialAction":[{"@type":"ReadAction","target":["https:\/\/lospoliticosveracruz.com\/?p=144720"]}]},{"@type":"ImageObject","inLanguage":"es","@id":"https:\/\/lospoliticosveracruz.com\/?p=144720#primaryimage","url":"https:\/\/lospoliticosveracruz.com\/wp-content\/uploads\/2025\/05\/Ruben-Morales-Aburto.jpg","contentUrl":"https:\/\/lospoliticosveracruz.com\/wp-content\/uploads\/2025\/05\/Ruben-Morales-Aburto.jpg","width":1000,"height":533},{"@type":"BreadcrumbList","@id":"https:\/\/lospoliticosveracruz.com\/?p=144720#breadcrumb","itemListElement":[{"@type":"ListItem","position":1,"name":"Portada","item":"https:\/\/lospoliticosveracruz.com\/"},{"@type":"ListItem","position":2,"name":"LUIS DONALDO COLOSIO RIOJAS EN XALAPA"}]},{"@type":"WebSite","@id":"https:\/\/lospoliticosveracruz.com\/#website","url":"https:\/\/lospoliticosveracruz.com\/","name":"Los pol\u00edticos Veracruz","description":"","publisher":{"@id":"https:\/\/lospoliticosveracruz.com\/#organization"},"potentialAction":[{"@type":"SearchAction","target":{"@type":"EntryPoint","urlTemplate":"https:\/\/lospoliticosveracruz.com\/?s={search_term_string}"},"query-input":{"@type":"PropertyValueSpecification","valueRequired":true,"valueName":"search_term_string"}}],"inLanguage":"es"},{"@type":"Organization","@id":"https:\/\/lospoliticosveracruz.com\/#organization","name":"Los pol\u00edticos Veracruz","url":"https:\/\/lospoliticosveracruz.com\/","logo":{"@type":"ImageObject","inLanguage":"es","@id":"https:\/\/lospoliticosveracruz.com\/#\/schema\/logo\/image\/","url":"https:\/\/lospoliticosveracruz.com\/wp-content\/uploads\/2025\/12\/Logo-Nuevo-LOS-POLITICOS-1.jpg","contentUrl":"https:\/\/lospoliticosveracruz.com\/wp-content\/uploads\/2025\/12\/Logo-Nuevo-LOS-POLITICOS-1.jpg","width":260,"height":70,"caption":"Los pol\u00edticos Veracruz"},"image":{"@id":"https:\/\/lospoliticosveracruz.com\/#\/schema\/logo\/image\/"},"sameAs":["https:\/\/www.facebook.com\/people\/Notimemes-de-los-Polticos\/61565672886568\/","https:\/\/x.com\/LosPoliticosVer"]},{"@type":"Person","@id":"https:\/\/lospoliticosveracruz.com\/#\/schema\/person\/b8702bb0e538456e6efd07080bf2a4a2","name":"Lo viste en Los Pol\u00edticos","image":{"@type":"ImageObject","inLanguage":"es","@id":"https:\/\/secure.gravatar.com\/avatar\/3a8de04a2656d44082be478bd6c086daa447c4651605818287b9532d3d0bd435?s=96&d=mm&r=g","url":"https:\/\/secure.gravatar.com\/avatar\/3a8de04a2656d44082be478bd6c086daa447c4651605818287b9532d3d0bd435?s=96&d=mm&r=g","contentUrl":"https:\/\/secure.gravatar.com\/avatar\/3a8de04a2656d44082be478bd6c086daa447c4651605818287b9532d3d0bd435?s=96&d=mm&r=g","caption":"Lo viste en Los Pol\u00edticos"},"url":"https:\/\/lospoliticosveracruz.com\/?author=2"}]}},"_links":{"self":[{"href":"https:\/\/lospoliticosveracruz.com\/index.php?rest_route=\/wp\/v2\/posts\/144720","targetHints":{"allow":["GET"]}}],"collection":[{"href":"https:\/\/lospoliticosveracruz.com\/index.php?rest_route=\/wp\/v2\/posts"}],"about":[{"href":"https:\/\/lospoliticosveracruz.com\/index.php?rest_route=\/wp\/v2\/types\/post"}],"author":[{"embeddable":true,"href":"https:\/\/lospoliticosveracruz.com\/index.php?rest_route=\/wp\/v2\/users\/2"}],"replies":[{"embeddable":true,"href":"https:\/\/lospoliticosveracruz.com\/index.php?rest_route=%2Fwp%2Fv2%2Fcomments&post=144720"}],"version-history":[{"count":1,"href":"https:\/\/lospoliticosveracruz.com\/index.php?rest_route=\/wp\/v2\/posts\/144720\/revisions"}],"predecessor-version":[{"id":144721,"href":"https:\/\/lospoliticosveracruz.com\/index.php?rest_route=\/wp\/v2\/posts\/144720\/revisions\/144721"}],"wp:featuredmedia":[{"embeddable":true,"href":"https:\/\/lospoliticosveracruz.com\/index.php?rest_route=\/wp\/v2\/media\/143902"}],"wp:attachment":[{"href":"https:\/\/lospoliticosveracruz.com\/index.php?rest_route=%2Fwp%2Fv2%2Fmedia&parent=144720"}],"wp:term":[{"taxonomy":"category","embeddable":true,"href":"https:\/\/lospoliticosveracruz.com\/index.php?rest_route=%2Fwp%2Fv2%2Fcategories&post=144720"},{"taxonomy":"post_tag","embeddable":true,"href":"https:\/\/lospoliticosveracruz.com\/index.php?rest_route=%2Fwp%2Fv2%2Ftags&post=144720"}],"curies":[{"name":"wp","href":"https:\/\/api.w.org\/{rel}","templated":true}]}}