{"id":144868,"date":"2025-05-16T11:45:54","date_gmt":"2025-05-16T16:45:54","guid":{"rendered":"https:\/\/lospoliticosveracruz.com.mx\/?p=144868"},"modified":"2025-05-16T11:46:09","modified_gmt":"2025-05-16T16:46:09","slug":"ya-vandalizaron-pri-y-al-ine-que-sigue","status":"publish","type":"post","link":"https:\/\/lospoliticosveracruz.com\/?p=144868","title":{"rendered":"YA VANDALIZARON PRI Y AL INE, \u00bfQU\u00c9 SIGUE?"},"content":{"rendered":"\n<p><a><\/a><a href=\"https:\/\/whatsapp.com\/channel\/0029Va8zRWlEKyZIP3Z1dF0e\"><strong>\u2002\u2002<\/strong><strong>\u00da<\/strong><strong>NETE A NUESTRO CANAL<\/strong><strong><\/strong><\/a><\/p>\n\n\n\n<p>\u00a1<a href=\"https:\/\/whatsapp.com\/channel\/0029Va8zRWlEKyZIP3Z1dF0e\"><strong>LOS POL\u00cd<\/strong><strong>TICOS VERACRUZ<\/strong><\/a> ya est\u00e1 en WhatsApp!<\/p>\n\n\n\n<p><strong>Inocencio Y\u00e1\u00f1ez Vicencio<\/strong><\/p>\n\n\n\n<p>Al finalizar la primera guerra mundial o Gran Guerra, los ex combatientes Italianos recriminaron a los negociadores que hab\u00edan hecho un mal arreglo, que estando en la Coalici\u00f3n Ganadora, merec\u00edan m\u00e1s y culparon a los pol\u00edticos de no defender bien la parte del bot\u00edn.<br>Con ese motivo organizaron los frascios y los arditti, que tuvieron su primer acto vand\u00e1lico arremetiendo contra los congregados en un mitin de los socialistas. Los frascios eran comandados por el exdirector del \u00f3rgano de difusi\u00f3n del Partido Socialista, llamado Avanti. Benito Mussolini, un resentido por haber sido echado de las filas socialistas y que primero estaba contra la guerra y posteriormente cambi\u00f3 de opini\u00f3n, tuvo una participaci\u00f3n en la configuraci\u00f3n muy irrelevante y ef\u00edmera, porque en la primera escaramuza fue herido de una pierna y caus\u00f3 baja.<br>Estos v\u00e1ndalos iniciaron su movimiento rompiendo huelgas y destruyendo granjas colectivas o movilizadas en torno de mejoras.<br>La lucha de Mussolini fue desde un principio basada en su fachada izquierdizante que hab\u00eda obtenido durante su pasado por el partido socialista y era abiertamente contra el Estado liberal.<br>Benito Mussolini, organiza a fines de 1922, la Marcha Sobre Roma, que culmina al ser llamado por el Rey V\u00edctor Manuel, a formar gobierno, sin ni siquiera tener mayor\u00eda en el parlamento.<br>Ya en el poder empieza a utilizar todo el aparato del Estado para integrar en la misma estructura a su movimiento y organizar corporativanente a todo el poder.<br>El Estado fascista no aparece de la noche ala ma\u00f1ana. Es un proceso largo. Aparentemente al margen del Estado tiene lugar una carnicer\u00eda contra los socialistas y los comunistas. Establece la mordaza contra la prensa. Fabrica delitos contra sus cr\u00edticos y opositores. Las elecciones van de la simulaci\u00f3n a la aclamaci\u00f3n. C\u00f3mo enemigo del individualismo condena la competencia y exalta la representaci\u00f3n org\u00e1nica que la expresa un iluminado que es el \u00fanico que conoce el bien com\u00fan y a trav\u00e9s del cual se puede y debe manifestar la soberan\u00eda absoluta, indivisible y sacra de la naci\u00f3n.<br>El fascismo se configura como tal hasta la Carta del Trabajo de 1934. Que crea para cada sector una c\u00e1mara holistica.<br>Entre las figuras emblem\u00e1ticas que encarcela y extermina, est\u00e1 Antonio Gramsci, dirigente del Partido Comunista, que lleva a sus mazmorras en 1922 hasta que muere en el a\u00f1o de 1932.<br>De todas las definiciones del fascismo, creo que la de Vicente Lombardo Toledano, es muy clara. Para este luchador y pensador el fascismo es la \u00faltima arma de que hacen uso los grandes capitales cuando ven amenazados sus intereses por un movimiento revolucionario o popular. Mussolini fue llamado por los grandes capitales para frenar el avance comunista. Hitler, cobr\u00f3 trascendencia hasta que los banqueros lo financiaron para encarnar el renabchismo alem\u00e1n. En M\u00e9xico, desde hace muchas d\u00e9cadas, los grandes centros patronales, desataron una furiosa campa\u00f1a contra la pol\u00edtica y las instituciones liberales, para debilitar la toma de decisiones y pasarlas al mercado, hasta que un personaje como AMLO, capitaliza ese descr\u00e9dito de la pol\u00edtica y su clase, en muchos casos ganada a pulso, se maquilla de izquierda para atraer a las grandes mesas y se coloca fuera de la pol\u00edtica, para decirnos que nos salvar\u00e1 de la pol\u00edtica y de las mafias del poder. Suplantar la izquierda, hacerse pasar como representante de las luchas emancipadoras de los trabajadores, es el mejor servicio que les puede hacer a la clase patronal, la banda de Morena. Va a necesitar de un gran lugar esfuerzo de intelectuales, maestros, medios de comunicaci\u00f3n independientes\u2026la clase trabajadora para retomar el camino, despu\u00e9s que su causa fue entregada por Morena a los grandes capitales. Pocos son los que advierten que la izquierda no se define por distribuir el gasto sino la riqueza. Las croquetas que reparte Morena, no lo sacan de pobre, lo hacen m\u00e1s pobre, porque lo hace a costa de menos hospitales, menos escuelas y menos infraestructura. Durante el sexenio de AMLO, se redujo la espectativa de vida.<br>Toda la obra de Morena est\u00e1 encaminada a perpetuarse en el poder y a no rendir cuentas de sus sinverg\u00fcenzadas.<br>Es repugnante ver que quienes no hace mucho le ofrecieron al PAN las siglas del PRD, para quitarle su tufo derechista a cambio de chambas, hoy se traten de reconciliar con candidatos y candidatas de Morena, aduciendo causa y cualidades personales, olvidando que cada voto a un candidato morenista, es un voto porque contin\u00faen destruyendo y saqueado a Veracruz y a M\u00e9xico. Que quede claro. El m\u00e1s santo que se sume al proyecto depredador de Morena, eso s\u00f3lo hecho lo pudre y lo hace, como m\u00ednimo, c\u00f3mplice del escarnio y la persecusi\u00f3n que sufren los dem\u00f3cratas y republicanos.<br>Dice Maurice Duverger, que el peor enemigo, es el que est\u00e1 ideol\u00f3gicamente m\u00e1s cerca. El que el PRI sea ideol\u00f3gicamente lo m\u00e1s cercano a lo que pregona Morena, explica, primero quererlo vaciar de sus cuadros llev\u00e1ndose a todos los duartistas que antes se\u00f1al\u00f3 de ratas, y ahora pasando a la destrucci\u00f3n de su edificio por v\u00e1ndalos, que perversa y ma\u00f1osamente denomina anarquistas.<br>Morena gasta mucho dinero en chayoteros que se dedican a replicar sus ganadoras encuestas y a desalentar a los candidatos opositores, para justificar su fraude anunciado.<br>Morena tiene controlado al INE, por lo que vandalizarlo \u00fanicamente tiene el prop\u00f3sito de destruirlo.<br>La reactivaci\u00f3n del vandalismo contra el PRI y el INE, sumado a la intromisi\u00f3n de la gobernadora, hablando que les va a enviar los antecedentes de sus candidatos a los partidos de oposici\u00f3n, pero no, a los suyos, porque los morenos son blancas palomas, son pruebas plena de que est\u00e1n desesperados y que pese a las cuentas alegres de sus paleros, la moneda est\u00e1 en el aire y por lo menos est\u00e1n teniendo problemas para consumar sus triqui\u00f1uelas.<br>Efectivamente, no es por falta de car\u00e1cter por lo que no se da seguridad ni a las vidas ni a los edificios de la oposici\u00f3n, sino porque pueden negar que son bandoleros, pero no que son cuatreros, que se han rendido y entregado la plaza al cr\u00edmen organizado.<\/p>\n","protected":false},"excerpt":{"rendered":"<p>\u2002\u2002\u00daNETE A NUESTRO CANAL \u00a1LOS POL\u00cdTICOS VERACRUZ ya est\u00e1 en WhatsApp! Inocencio Y\u00e1\u00f1ez Vicencio Al finalizar la primera guerra mundial o Gran Guerra, los ex combatientes Italianos recriminaron a los negociadores que hab\u00edan hecho un mal arreglo, que estando en la Coalici\u00f3n Ganadora, merec\u00edan m\u00e1s y culparon a los pol\u00edticos de no defender bien la [&hellip;]<\/p>\n","protected":false},"author":2,"featured_media":141387,"comment_status":"closed","ping_status":"closed","sticky":false,"template":"","format":"standard","meta":{"tdm_status":"","tdm_grid_status":"","footnotes":""},"categories":[70],"tags":[8256],"class_list":{"0":"post-144868","1":"post","2":"type-post","3":"status-publish","4":"format-standard","5":"has-post-thumbnail","7":"category-de-opinion","8":"tag-inocencio-yanez-vicencio"},"yoast_head":"<!-- This site is optimized with the Yoast SEO plugin v27.4 - https:\/\/yoast.com\/product\/yoast-seo-wordpress\/ -->\n<title>YA VANDALIZARON PRI Y AL INE, \u00bfQU\u00c9 SIGUE? - Los pol\u00edticos Veracruz<\/title>\n<meta name=\"robots\" content=\"index, follow, max-snippet:-1, max-image-preview:large, max-video-preview:-1\" \/>\n<link rel=\"canonical\" href=\"https:\/\/lospoliticosveracruz.com\/?p=144868\" \/>\n<meta property=\"og:locale\" content=\"es_ES\" \/>\n<meta property=\"og:type\" content=\"article\" \/>\n<meta property=\"og:title\" content=\"YA VANDALIZARON PRI Y AL INE, \u00bfQU\u00c9 SIGUE? - Los pol\u00edticos Veracruz\" \/>\n<meta property=\"og:description\" content=\"\u2002\u2002\u00daNETE A NUESTRO CANAL \u00a1LOS POL\u00cdTICOS VERACRUZ ya est\u00e1 en WhatsApp! Inocencio Y\u00e1\u00f1ez Vicencio Al finalizar la primera guerra mundial o Gran Guerra, los ex combatientes Italianos recriminaron a los negociadores que hab\u00edan hecho un mal arreglo, que estando en la Coalici\u00f3n Ganadora, merec\u00edan m\u00e1s y culparon a los pol\u00edticos de no defender bien la [&hellip;]\" \/>\n<meta property=\"og:url\" content=\"https:\/\/lospoliticosveracruz.com\/?p=144868\" \/>\n<meta property=\"og:site_name\" content=\"Los pol\u00edticos Veracruz\" \/>\n<meta property=\"article:publisher\" content=\"https:\/\/www.facebook.com\/people\/Notimemes-de-los-Polticos\/61565672886568\/\" \/>\n<meta property=\"article:published_time\" content=\"2025-05-16T16:45:54+00:00\" \/>\n<meta property=\"article:modified_time\" content=\"2025-05-16T16:46:09+00:00\" \/>\n<meta property=\"og:image\" content=\"https:\/\/lospoliticosveracruz.com\/wp-content\/uploads\/2025\/04\/Inocencio-Yanez-Vicencio.jpg\" \/>\n\t<meta property=\"og:image:width\" content=\"1250\" \/>\n\t<meta property=\"og:image:height\" content=\"667\" \/>\n\t<meta property=\"og:image:type\" content=\"image\/jpeg\" \/>\n<meta name=\"author\" content=\"Lo viste en Los Pol\u00edticos\" \/>\n<meta name=\"twitter:card\" content=\"summary_large_image\" \/>\n<meta name=\"twitter:creator\" content=\"@LosPoliticosVer\" \/>\n<meta name=\"twitter:site\" content=\"@LosPoliticosVer\" \/>\n<meta name=\"twitter:label1\" content=\"Escrito por\" \/>\n\t<meta name=\"twitter:data1\" content=\"Lo viste en Los Pol\u00edticos\" \/>\n\t<meta name=\"twitter:label2\" content=\"Tiempo de lectura\" \/>\n\t<meta name=\"twitter:data2\" content=\"5 minutos\" \/>\n<script type=\"application\/ld+json\" class=\"yoast-schema-graph\">{\"@context\":\"https:\\\/\\\/schema.org\",\"@graph\":[{\"@type\":\"Article\",\"@id\":\"https:\\\/\\\/lospoliticosveracruz.com\\\/?p=144868#article\",\"isPartOf\":{\"@id\":\"https:\\\/\\\/lospoliticosveracruz.com\\\/?p=144868\"},\"author\":{\"name\":\"Lo viste en Los Pol\u00edticos\",\"@id\":\"https:\\\/\\\/lospoliticosveracruz.com\\\/#\\\/schema\\\/person\\\/b8702bb0e538456e6efd07080bf2a4a2\"},\"headline\":\"YA VANDALIZARON PRI Y AL INE, \u00bfQU\u00c9 SIGUE?\",\"datePublished\":\"2025-05-16T16:45:54+00:00\",\"dateModified\":\"2025-05-16T16:46:09+00:00\",\"mainEntityOfPage\":{\"@id\":\"https:\\\/\\\/lospoliticosveracruz.com\\\/?p=144868\"},\"wordCount\":1098,\"publisher\":{\"@id\":\"https:\\\/\\\/lospoliticosveracruz.com\\\/#organization\"},\"image\":{\"@id\":\"https:\\\/\\\/lospoliticosveracruz.com\\\/?p=144868#primaryimage\"},\"thumbnailUrl\":\"https:\\\/\\\/lospoliticosveracruz.com\\\/wp-content\\\/uploads\\\/2025\\\/04\\\/Inocencio-Yanez-Vicencio.jpg\",\"keywords\":[\"Inocencio Y\u00e1\u00f1ez Vicencio\"],\"articleSection\":[\"De Opini\u00f3n\"],\"inLanguage\":\"es\"},{\"@type\":\"WebPage\",\"@id\":\"https:\\\/\\\/lospoliticosveracruz.com\\\/?p=144868\",\"url\":\"https:\\\/\\\/lospoliticosveracruz.com\\\/?p=144868\",\"name\":\"YA VANDALIZARON PRI Y AL INE, \u00bfQU\u00c9 SIGUE? - Los pol\u00edticos Veracruz\",\"isPartOf\":{\"@id\":\"https:\\\/\\\/lospoliticosveracruz.com\\\/#website\"},\"primaryImageOfPage\":{\"@id\":\"https:\\\/\\\/lospoliticosveracruz.com\\\/?p=144868#primaryimage\"},\"image\":{\"@id\":\"https:\\\/\\\/lospoliticosveracruz.com\\\/?p=144868#primaryimage\"},\"thumbnailUrl\":\"https:\\\/\\\/lospoliticosveracruz.com\\\/wp-content\\\/uploads\\\/2025\\\/04\\\/Inocencio-Yanez-Vicencio.jpg\",\"datePublished\":\"2025-05-16T16:45:54+00:00\",\"dateModified\":\"2025-05-16T16:46:09+00:00\",\"breadcrumb\":{\"@id\":\"https:\\\/\\\/lospoliticosveracruz.com\\\/?p=144868#breadcrumb\"},\"inLanguage\":\"es\",\"potentialAction\":[{\"@type\":\"ReadAction\",\"target\":[\"https:\\\/\\\/lospoliticosveracruz.com\\\/?p=144868\"]}]},{\"@type\":\"ImageObject\",\"inLanguage\":\"es\",\"@id\":\"https:\\\/\\\/lospoliticosveracruz.com\\\/?p=144868#primaryimage\",\"url\":\"https:\\\/\\\/lospoliticosveracruz.com\\\/wp-content\\\/uploads\\\/2025\\\/04\\\/Inocencio-Yanez-Vicencio.jpg\",\"contentUrl\":\"https:\\\/\\\/lospoliticosveracruz.com\\\/wp-content\\\/uploads\\\/2025\\\/04\\\/Inocencio-Yanez-Vicencio.jpg\",\"width\":1250,\"height\":667},{\"@type\":\"BreadcrumbList\",\"@id\":\"https:\\\/\\\/lospoliticosveracruz.com\\\/?p=144868#breadcrumb\",\"itemListElement\":[{\"@type\":\"ListItem\",\"position\":1,\"name\":\"Portada\",\"item\":\"https:\\\/\\\/lospoliticosveracruz.com\\\/\"},{\"@type\":\"ListItem\",\"position\":2,\"name\":\"YA VANDALIZARON PRI Y AL INE, \u00bfQU\u00c9 SIGUE?\"}]},{\"@type\":\"WebSite\",\"@id\":\"https:\\\/\\\/lospoliticosveracruz.com\\\/#website\",\"url\":\"https:\\\/\\\/lospoliticosveracruz.com\\\/\",\"name\":\"Los pol\u00edticos Veracruz\",\"description\":\"\",\"publisher\":{\"@id\":\"https:\\\/\\\/lospoliticosveracruz.com\\\/#organization\"},\"potentialAction\":[{\"@type\":\"SearchAction\",\"target\":{\"@type\":\"EntryPoint\",\"urlTemplate\":\"https:\\\/\\\/lospoliticosveracruz.com\\\/?s={search_term_string}\"},\"query-input\":{\"@type\":\"PropertyValueSpecification\",\"valueRequired\":true,\"valueName\":\"search_term_string\"}}],\"inLanguage\":\"es\"},{\"@type\":\"Organization\",\"@id\":\"https:\\\/\\\/lospoliticosveracruz.com\\\/#organization\",\"name\":\"Los pol\u00edticos Veracruz\",\"url\":\"https:\\\/\\\/lospoliticosveracruz.com\\\/\",\"logo\":{\"@type\":\"ImageObject\",\"inLanguage\":\"es\",\"@id\":\"https:\\\/\\\/lospoliticosveracruz.com\\\/#\\\/schema\\\/logo\\\/image\\\/\",\"url\":\"https:\\\/\\\/lospoliticosveracruz.com\\\/wp-content\\\/uploads\\\/2025\\\/12\\\/Logo-Nuevo-LOS-POLITICOS-1.jpg\",\"contentUrl\":\"https:\\\/\\\/lospoliticosveracruz.com\\\/wp-content\\\/uploads\\\/2025\\\/12\\\/Logo-Nuevo-LOS-POLITICOS-1.jpg\",\"width\":260,\"height\":70,\"caption\":\"Los pol\u00edticos Veracruz\"},\"image\":{\"@id\":\"https:\\\/\\\/lospoliticosveracruz.com\\\/#\\\/schema\\\/logo\\\/image\\\/\"},\"sameAs\":[\"https:\\\/\\\/www.facebook.com\\\/people\\\/Notimemes-de-los-Polticos\\\/61565672886568\\\/\",\"https:\\\/\\\/x.com\\\/LosPoliticosVer\"]},{\"@type\":\"Person\",\"@id\":\"https:\\\/\\\/lospoliticosveracruz.com\\\/#\\\/schema\\\/person\\\/b8702bb0e538456e6efd07080bf2a4a2\",\"name\":\"Lo viste en Los Pol\u00edticos\",\"image\":{\"@type\":\"ImageObject\",\"inLanguage\":\"es\",\"@id\":\"https:\\\/\\\/secure.gravatar.com\\\/avatar\\\/3a8de04a2656d44082be478bd6c086daa447c4651605818287b9532d3d0bd435?s=96&d=mm&r=g\",\"url\":\"https:\\\/\\\/secure.gravatar.com\\\/avatar\\\/3a8de04a2656d44082be478bd6c086daa447c4651605818287b9532d3d0bd435?s=96&d=mm&r=g\",\"contentUrl\":\"https:\\\/\\\/secure.gravatar.com\\\/avatar\\\/3a8de04a2656d44082be478bd6c086daa447c4651605818287b9532d3d0bd435?s=96&d=mm&r=g\",\"caption\":\"Lo viste en Los Pol\u00edticos\"},\"url\":\"https:\\\/\\\/lospoliticosveracruz.com\\\/?author=2\"}]}<\/script>\n<!-- \/ Yoast SEO plugin. -->","yoast_head_json":{"title":"YA VANDALIZARON PRI Y AL INE, \u00bfQU\u00c9 SIGUE? - Los pol\u00edticos Veracruz","robots":{"index":"index","follow":"follow","max-snippet":"max-snippet:-1","max-image-preview":"max-image-preview:large","max-video-preview":"max-video-preview:-1"},"canonical":"https:\/\/lospoliticosveracruz.com\/?p=144868","og_locale":"es_ES","og_type":"article","og_title":"YA VANDALIZARON PRI Y AL INE, \u00bfQU\u00c9 SIGUE? - Los pol\u00edticos Veracruz","og_description":"\u2002\u2002\u00daNETE A NUESTRO CANAL \u00a1LOS POL\u00cdTICOS VERACRUZ ya est\u00e1 en WhatsApp! Inocencio Y\u00e1\u00f1ez Vicencio Al finalizar la primera guerra mundial o Gran Guerra, los ex combatientes Italianos recriminaron a los negociadores que hab\u00edan hecho un mal arreglo, que estando en la Coalici\u00f3n Ganadora, merec\u00edan m\u00e1s y culparon a los pol\u00edticos de no defender bien la [&hellip;]","og_url":"https:\/\/lospoliticosveracruz.com\/?p=144868","og_site_name":"Los pol\u00edticos Veracruz","article_publisher":"https:\/\/www.facebook.com\/people\/Notimemes-de-los-Polticos\/61565672886568\/","article_published_time":"2025-05-16T16:45:54+00:00","article_modified_time":"2025-05-16T16:46:09+00:00","og_image":[{"width":1250,"height":667,"url":"https:\/\/lospoliticosveracruz.com\/wp-content\/uploads\/2025\/04\/Inocencio-Yanez-Vicencio.jpg","type":"image\/jpeg"}],"author":"Lo viste en Los Pol\u00edticos","twitter_card":"summary_large_image","twitter_creator":"@LosPoliticosVer","twitter_site":"@LosPoliticosVer","twitter_misc":{"Escrito por":"Lo viste en Los Pol\u00edticos","Tiempo de lectura":"5 minutos"},"schema":{"@context":"https:\/\/schema.org","@graph":[{"@type":"Article","@id":"https:\/\/lospoliticosveracruz.com\/?p=144868#article","isPartOf":{"@id":"https:\/\/lospoliticosveracruz.com\/?p=144868"},"author":{"name":"Lo viste en Los Pol\u00edticos","@id":"https:\/\/lospoliticosveracruz.com\/#\/schema\/person\/b8702bb0e538456e6efd07080bf2a4a2"},"headline":"YA VANDALIZARON PRI Y AL INE, \u00bfQU\u00c9 SIGUE?","datePublished":"2025-05-16T16:45:54+00:00","dateModified":"2025-05-16T16:46:09+00:00","mainEntityOfPage":{"@id":"https:\/\/lospoliticosveracruz.com\/?p=144868"},"wordCount":1098,"publisher":{"@id":"https:\/\/lospoliticosveracruz.com\/#organization"},"image":{"@id":"https:\/\/lospoliticosveracruz.com\/?p=144868#primaryimage"},"thumbnailUrl":"https:\/\/lospoliticosveracruz.com\/wp-content\/uploads\/2025\/04\/Inocencio-Yanez-Vicencio.jpg","keywords":["Inocencio Y\u00e1\u00f1ez Vicencio"],"articleSection":["De Opini\u00f3n"],"inLanguage":"es"},{"@type":"WebPage","@id":"https:\/\/lospoliticosveracruz.com\/?p=144868","url":"https:\/\/lospoliticosveracruz.com\/?p=144868","name":"YA VANDALIZARON PRI Y AL INE, \u00bfQU\u00c9 SIGUE? - Los pol\u00edticos Veracruz","isPartOf":{"@id":"https:\/\/lospoliticosveracruz.com\/#website"},"primaryImageOfPage":{"@id":"https:\/\/lospoliticosveracruz.com\/?p=144868#primaryimage"},"image":{"@id":"https:\/\/lospoliticosveracruz.com\/?p=144868#primaryimage"},"thumbnailUrl":"https:\/\/lospoliticosveracruz.com\/wp-content\/uploads\/2025\/04\/Inocencio-Yanez-Vicencio.jpg","datePublished":"2025-05-16T16:45:54+00:00","dateModified":"2025-05-16T16:46:09+00:00","breadcrumb":{"@id":"https:\/\/lospoliticosveracruz.com\/?p=144868#breadcrumb"},"inLanguage":"es","potentialAction":[{"@type":"ReadAction","target":["https:\/\/lospoliticosveracruz.com\/?p=144868"]}]},{"@type":"ImageObject","inLanguage":"es","@id":"https:\/\/lospoliticosveracruz.com\/?p=144868#primaryimage","url":"https:\/\/lospoliticosveracruz.com\/wp-content\/uploads\/2025\/04\/Inocencio-Yanez-Vicencio.jpg","contentUrl":"https:\/\/lospoliticosveracruz.com\/wp-content\/uploads\/2025\/04\/Inocencio-Yanez-Vicencio.jpg","width":1250,"height":667},{"@type":"BreadcrumbList","@id":"https:\/\/lospoliticosveracruz.com\/?p=144868#breadcrumb","itemListElement":[{"@type":"ListItem","position":1,"name":"Portada","item":"https:\/\/lospoliticosveracruz.com\/"},{"@type":"ListItem","position":2,"name":"YA VANDALIZARON PRI Y AL INE, \u00bfQU\u00c9 SIGUE?"}]},{"@type":"WebSite","@id":"https:\/\/lospoliticosveracruz.com\/#website","url":"https:\/\/lospoliticosveracruz.com\/","name":"Los pol\u00edticos Veracruz","description":"","publisher":{"@id":"https:\/\/lospoliticosveracruz.com\/#organization"},"potentialAction":[{"@type":"SearchAction","target":{"@type":"EntryPoint","urlTemplate":"https:\/\/lospoliticosveracruz.com\/?s={search_term_string}"},"query-input":{"@type":"PropertyValueSpecification","valueRequired":true,"valueName":"search_term_string"}}],"inLanguage":"es"},{"@type":"Organization","@id":"https:\/\/lospoliticosveracruz.com\/#organization","name":"Los pol\u00edticos Veracruz","url":"https:\/\/lospoliticosveracruz.com\/","logo":{"@type":"ImageObject","inLanguage":"es","@id":"https:\/\/lospoliticosveracruz.com\/#\/schema\/logo\/image\/","url":"https:\/\/lospoliticosveracruz.com\/wp-content\/uploads\/2025\/12\/Logo-Nuevo-LOS-POLITICOS-1.jpg","contentUrl":"https:\/\/lospoliticosveracruz.com\/wp-content\/uploads\/2025\/12\/Logo-Nuevo-LOS-POLITICOS-1.jpg","width":260,"height":70,"caption":"Los pol\u00edticos Veracruz"},"image":{"@id":"https:\/\/lospoliticosveracruz.com\/#\/schema\/logo\/image\/"},"sameAs":["https:\/\/www.facebook.com\/people\/Notimemes-de-los-Polticos\/61565672886568\/","https:\/\/x.com\/LosPoliticosVer"]},{"@type":"Person","@id":"https:\/\/lospoliticosveracruz.com\/#\/schema\/person\/b8702bb0e538456e6efd07080bf2a4a2","name":"Lo viste en Los Pol\u00edticos","image":{"@type":"ImageObject","inLanguage":"es","@id":"https:\/\/secure.gravatar.com\/avatar\/3a8de04a2656d44082be478bd6c086daa447c4651605818287b9532d3d0bd435?s=96&d=mm&r=g","url":"https:\/\/secure.gravatar.com\/avatar\/3a8de04a2656d44082be478bd6c086daa447c4651605818287b9532d3d0bd435?s=96&d=mm&r=g","contentUrl":"https:\/\/secure.gravatar.com\/avatar\/3a8de04a2656d44082be478bd6c086daa447c4651605818287b9532d3d0bd435?s=96&d=mm&r=g","caption":"Lo viste en Los Pol\u00edticos"},"url":"https:\/\/lospoliticosveracruz.com\/?author=2"}]}},"_links":{"self":[{"href":"https:\/\/lospoliticosveracruz.com\/index.php?rest_route=\/wp\/v2\/posts\/144868","targetHints":{"allow":["GET"]}}],"collection":[{"href":"https:\/\/lospoliticosveracruz.com\/index.php?rest_route=\/wp\/v2\/posts"}],"about":[{"href":"https:\/\/lospoliticosveracruz.com\/index.php?rest_route=\/wp\/v2\/types\/post"}],"author":[{"embeddable":true,"href":"https:\/\/lospoliticosveracruz.com\/index.php?rest_route=\/wp\/v2\/users\/2"}],"replies":[{"embeddable":true,"href":"https:\/\/lospoliticosveracruz.com\/index.php?rest_route=%2Fwp%2Fv2%2Fcomments&post=144868"}],"version-history":[{"count":2,"href":"https:\/\/lospoliticosveracruz.com\/index.php?rest_route=\/wp\/v2\/posts\/144868\/revisions"}],"predecessor-version":[{"id":144870,"href":"https:\/\/lospoliticosveracruz.com\/index.php?rest_route=\/wp\/v2\/posts\/144868\/revisions\/144870"}],"wp:featuredmedia":[{"embeddable":true,"href":"https:\/\/lospoliticosveracruz.com\/index.php?rest_route=\/wp\/v2\/media\/141387"}],"wp:attachment":[{"href":"https:\/\/lospoliticosveracruz.com\/index.php?rest_route=%2Fwp%2Fv2%2Fmedia&parent=144868"}],"wp:term":[{"taxonomy":"category","embeddable":true,"href":"https:\/\/lospoliticosveracruz.com\/index.php?rest_route=%2Fwp%2Fv2%2Fcategories&post=144868"},{"taxonomy":"post_tag","embeddable":true,"href":"https:\/\/lospoliticosveracruz.com\/index.php?rest_route=%2Fwp%2Fv2%2Ftags&post=144868"}],"curies":[{"name":"wp","href":"https:\/\/api.w.org\/{rel}","templated":true}]}}