{"id":144871,"date":"2025-05-16T11:53:21","date_gmt":"2025-05-16T16:53:21","guid":{"rendered":"https:\/\/lospoliticosveracruz.com.mx\/?p=144871"},"modified":"2025-05-16T11:53:46","modified_gmt":"2025-05-16T16:53:46","slug":"los-dejan-sin-medallas","status":"publish","type":"post","link":"https:\/\/lospoliticosveracruz.com\/?p=144871","title":{"rendered":"LOS DEJAN SIN MEDALLAS"},"content":{"rendered":"\n<p><a><\/a><a href=\"https:\/\/whatsapp.com\/channel\/0029Va8zRWlEKyZIP3Z1dF0e\"><strong>\u2002\u2002<\/strong><strong>\u00da<\/strong><strong>NETE A NUESTRO CANAL<\/strong><strong><\/strong><\/a><\/p>\n\n\n\n<p>\u00a1<a href=\"https:\/\/whatsapp.com\/channel\/0029Va8zRWlEKyZIP3Z1dF0e\"><strong>LOS POL\u00cd<\/strong><strong>TICOS VERACRUZ<\/strong><\/a> ya est\u00e1 en WhatsApp!<\/p>\n\n\n\n<p><strong>Oved Contreras<br><\/strong><em>Secas Mecas<\/em><\/p>\n\n\n\n<p>Ahora s\u00ed se le pas\u00f3 la mano a la comadrita Claudia Tello y en lo que se supone ser\u00eda un convivio para festejar con los maestros en World Trade Center de Boca del R\u00edo, la titular de la SEV y la gobernadora Roc\u00edo Nahle salieron en medio del abucheo del magisterio porque dejaron sin medallas al m\u00e9rito a maestros con 30 y 40 a\u00f1os de servicio y en un af\u00e1n de tratar de justificarse, la comadrita Tello le ech\u00f3 la culpa a Mario Delgado, titular de la SEP.<\/p>\n\n\n\n<p>Aunque el orador intentaba imponerse a trav\u00e9s del micr\u00f3fono para llevar en paz la ceremonia del D\u00eda del Maestro, la docencia presente empez\u00f3 a gritar \u201c\u00a1Medallas! \u00a1Medallas!\u201d y el abucheo para la secretaria de Educaci\u00f3n estatal, Claudia Tello Espinosa, delante de la gobernadora Roc\u00edo Nahle debido a que, contrario a la tradici\u00f3n, no se entregaron las medallas al M\u00e9rito Docente a los profesores con 30 y 40 a\u00f1os de servicio.<\/p>\n\n\n\n<p>Ante los aireados reclamos de los maestros, la comadrita Tello tuvo que levantarse y tomar la palabra para tratar de explicar a los docentes que no hab\u00eda medallas al m\u00e9rito para los maestros por toda una vida al servicio de la educaci\u00f3n p\u00fablica\u2026\u201cS\u00ed, claro que ustedes tienen raz\u00f3n, faltan las medallas generales. Pero qu\u00e9 creen que pas\u00f3: el d\u00eda de ayer nos mandaron a traer a M\u00e9xico y nos informaba el secretario de Educaci\u00f3n P\u00fablica, Mario Delgado, que se van a entregar a partir del d\u00eda 20 de este mes. Entonces claro que les va a llegar\u201d.<\/p>\n\n\n\n<p>La comadrita ofreci\u00f3 disculpas a los cinco mil maestros presentes que esperaban sus medallas\u2026el bolet\u00edn oficial del gobierno estatal, se manej\u00f3 que la gobernadora Roc\u00edo Nahle entreg\u00f3 \u201csimb\u00f3licamente\u201d 21 medallas a docentes con 30 y 40 a\u00f1os de servicio, parte de un total de m\u00e1s de tres mil reconocimientos otorgados a educadores de los sistemas estatal y federal.<\/p>\n\n\n\n<p>Pero lo que realmente ocurri\u00f3 fue que desde inicios de a\u00f1o se manda la solicitud a la Casa de lo Moneda de M\u00e9xico para que se elaboren las medallas, y resulta que metieron la solicitud en marzo y los mandaron a inflar burros por la corneta\u2026pero eso no es lo peor\u2026que cuando andaban buscando qui\u00e9n se las pod\u00eda hacer le dijeron a uno de los proveedores que se las iban a pagar, eran alrededor de 780 mil de inicio, pero que la factura no iba a salir a nombre del Gobierno del Estado, sino de un particular\u2026si hubieran aceptado no hubieran podido entregarlas y ayer les echan la culpa.<\/p>\n\n\n\n<p>Los docentes federalizados con 40 a\u00f1os de servicio fueron citados desde las 7 de la ma\u00f1ana en WTC de Boca del R\u00edo para recibir su medalla que nunca lleg\u00f3\u2026en su lugar, rifaron un carro, y pusieron a Nelson Kanzela a cantar \u201cAg\u00e1rrale las nalgas\u201d y dejaron a cientos de maestros sin el reconocimiento prometido\u2026y por si faltaba el prieto en el arroz\u2026la SEV orden\u00f3 a los elementos de seguridad interna de WTC no dejar pasar a ning\u00fan reportero al evento, solo la gente de Comunicaci\u00f3n Social y de RTV\u2026en resumen fue una metida de pata para la comadre Claudia Tello que hizo quedar mal a la t\u00eda Ch\u00edo.<\/p>\n\n\n\n<p>No sabemos de qui\u00e9n fue la orden pero que el Gobierno del Estado ya se reserva el derecho de admisi\u00f3n a sus eventos, no todos los reporteros pueden pasar, solo los incondicionales\u2026ojo Benita porque se supone respetan la libertad de expresi\u00f3n y son un gobierno de puertas abiertas\u2026pero siempre habr\u00e1 quien haga la rese\u00f1a y la comparta. Ni modo do\u00f1a Ch\u00edo, las reporteras y reporteros casi siempre tienen ojos y o\u00eddos por donde sea.<\/p>\n\n\n\n<p>DEL BABOSO ABUSADOR\u2026Con aires de persona buena y carism\u00e1tica, el profesor Felipe N, de educaci\u00f3n especial del CAM6 de Xalapa que presuntamente habr\u00eda abusado de ni\u00f1os con discapacidad, se present\u00f3 en una red social con el t\u00edtulo \u00abMalportado\u00bb. Las fotograf\u00edas de los abusos a los menores fueron circuladas en Whats App, fue as\u00ed como se enter\u00f3 una mam\u00e1 del infame abuso a su hijo autista.<\/p>\n\n\n\n<p>Otras dos mam\u00e1s tambi\u00e9n comenzaron a investigar y se enteraron de que sus ni\u00f1os tambi\u00e9n hab\u00edan sido afectados. Pero a la fiscal Mar\u00eda Ethel se le ha hecho f\u00e1cil atrasar, hasta donde se pueda, que las carpetas de investigaci\u00f3n avancen y a la que ya remitieron\u2026pues a ver c\u00f3mo le va, porque no fue capaz de asegurar algunas pruebas vitales para este caso. Intentan favorecer a este sujeto que se jactaba de ser cercano al exgobernador Cuitl\u00e1huac Garc\u00eda y c\u00f3mo no, hasta se apellidan casi igual.<\/p>\n\n\n\n<p>Aqu\u00ed la pregunta para la t\u00eda Ch\u00edo que alardea que es tiempo de mujeres pero \u00bfd\u00f3nde quedan los derechos y la protecci\u00f3n de la ni\u00f1ez? \u00bfNo es esto un doble crimen cometido contra incapaces? \u00bfSe vale que por no poder defenderse cualquiera pueda atentar contra menores vulnerables a punta de amenazas, dici\u00e9ndoles que va a matar a sus madres y a ellos? \u00bfD\u00f3nde qued\u00f3 la protecci\u00f3n a los menores?<\/p>\n\n\n\n<p>QUI\u00c9N ASESORA A INDIRA\u2026de mal en peor la campa\u00f1a de la panista Indira Rosales por la alcald\u00eda del puerto de Veracruz\u2026empez\u00f3 mal porque la mandaron de \u00faltima hora a competir y no tuvo tiempo de posicionarse entre la gente, hay muchos que no la conocen y obvio no votan por quien no conocen\u2026pero ahora se dio a la tarea de sacar unos dizque videos para tirarle a la candidata morenista Rosa Mar\u00eda Hern\u00e1ndez Espejo lo que ya denota desesperaci\u00f3n a dos semanas de que se celebren las elecciones municipales.<\/p>\n\n\n\n<p>Ayer subi\u00f3 uno a sus redes para acusar a Rosa Mar\u00eda de mentirosa pero con puros argumentos torpes, sin impacto ante la ciudadan\u00eda\u2026primero dice que la candidata morenista miente porque no se llama Mar\u00eda sino simplemente Rosa y que as\u00ed aparece en su acta\u2026que se quite o se ponga un nombre no tiene por qu\u00e9 impactar en el \u00e1nimo de la ciudadan\u00eda: la gente as\u00ed la conoce desde que estaba en XEU y as\u00ed le seguir\u00e1n diciendo aunque el acta diga otra cosa.<\/p>\n\n\n\n<p>Luego Indira dice que Rosa Mar\u00eda no es del puerto de Veracruz sino que naci\u00f3 en Huatusco\u2026eso igual es irrelevante porque en Veracruz hay cientos de personas que nacieron en otros lados pero llevan toda una vida aqu\u00ed\u2026el propio Paco \u00c1vila Camberos naci\u00f3 en Coatepec pero eso no le impidi\u00f3 ser alcalde y uno de los mejores del puerto de Veracruz.<\/p>\n\n\n\n<p>Al final en su video, Indira acusa que Rosa Mar\u00eda tambi\u00e9n miente con el tema de su pierna lastimada, que alguien le dijo del equipo de Morena que todo es puro show\u2026que porque en una colonia la persiguieron unas do\u00f1as mecha corta y que por eso mejor inventaron eso de la pierna lastimada y anda en su \u201cvocho-m\u00f3vil\u201d para poder huir cuando intenten agredirla\u2026honestamente son argumentos muy torpes para tratar de restarle puntos a la candidata morenista\u2026dice el refr\u00e1n que lo que Juan dice de Pedro, eso dice m\u00e1s de Juan que de Pedro\u2026Indira deber\u00eda de ocuparse en sus propuestas m\u00e1s que en atacar a Rosa Mar\u00eda\u2026mal ese video que ayer subi\u00f3 a sus redes, no le dar\u00e1 votos como ellos creen.<\/p>\n","protected":false},"excerpt":{"rendered":"<p>\u2002\u2002\u00daNETE A NUESTRO CANAL \u00a1LOS POL\u00cdTICOS VERACRUZ ya est\u00e1 en WhatsApp! Oved ContrerasSecas Mecas Ahora s\u00ed se le pas\u00f3 la mano a la comadrita Claudia Tello y en lo que se supone ser\u00eda un convivio para festejar con los maestros en World Trade Center de Boca del R\u00edo, la titular de la SEV y la [&hellip;]<\/p>\n","protected":false},"author":2,"featured_media":141426,"comment_status":"closed","ping_status":"closed","sticky":false,"template":"","format":"standard","meta":{"tdm_status":"","tdm_grid_status":"","footnotes":""},"categories":[70],"tags":[19961,12596,3578],"class_list":{"0":"post-144871","1":"post","2":"type-post","3":"status-publish","4":"format-standard","5":"has-post-thumbnail","7":"category-de-opinion","8":"tag-claudia-tello","9":"tag-mario-delgado","10":"tag-rocio-nahle"},"yoast_head":"<!-- This site is optimized with the Yoast SEO plugin v27.4 - https:\/\/yoast.com\/product\/yoast-seo-wordpress\/ -->\n<title>LOS DEJAN SIN MEDALLAS - Los pol\u00edticos Veracruz<\/title>\n<meta name=\"robots\" content=\"index, follow, max-snippet:-1, max-image-preview:large, max-video-preview:-1\" \/>\n<link rel=\"canonical\" href=\"https:\/\/lospoliticosveracruz.com\/?p=144871\" \/>\n<meta property=\"og:locale\" content=\"es_ES\" \/>\n<meta property=\"og:type\" content=\"article\" \/>\n<meta property=\"og:title\" content=\"LOS DEJAN SIN MEDALLAS - Los pol\u00edticos Veracruz\" \/>\n<meta property=\"og:description\" content=\"\u2002\u2002\u00daNETE A NUESTRO CANAL \u00a1LOS POL\u00cdTICOS VERACRUZ ya est\u00e1 en WhatsApp! Oved ContrerasSecas Mecas Ahora s\u00ed se le pas\u00f3 la mano a la comadrita Claudia Tello y en lo que se supone ser\u00eda un convivio para festejar con los maestros en World Trade Center de Boca del R\u00edo, la titular de la SEV y la [&hellip;]\" \/>\n<meta property=\"og:url\" content=\"https:\/\/lospoliticosveracruz.com\/?p=144871\" \/>\n<meta property=\"og:site_name\" content=\"Los pol\u00edticos Veracruz\" \/>\n<meta property=\"article:publisher\" content=\"https:\/\/www.facebook.com\/people\/Notimemes-de-los-Polticos\/61565672886568\/\" \/>\n<meta property=\"article:published_time\" content=\"2025-05-16T16:53:21+00:00\" \/>\n<meta property=\"article:modified_time\" content=\"2025-05-16T16:53:46+00:00\" \/>\n<meta property=\"og:image\" content=\"https:\/\/lospoliticosveracruz.com\/wp-content\/uploads\/2025\/04\/Oved-Contreras-e1768066319253.jpg\" \/>\n\t<meta property=\"og:image:width\" content=\"600\" \/>\n\t<meta property=\"og:image:height\" content=\"320\" \/>\n\t<meta property=\"og:image:type\" content=\"image\/jpeg\" \/>\n<meta name=\"author\" content=\"Lo viste en Los Pol\u00edticos\" \/>\n<meta name=\"twitter:card\" content=\"summary_large_image\" \/>\n<meta name=\"twitter:creator\" content=\"@LosPoliticosVer\" \/>\n<meta name=\"twitter:site\" content=\"@LosPoliticosVer\" \/>\n<meta name=\"twitter:label1\" content=\"Escrito por\" \/>\n\t<meta name=\"twitter:data1\" content=\"Lo viste en Los Pol\u00edticos\" \/>\n\t<meta name=\"twitter:label2\" content=\"Tiempo de lectura\" \/>\n\t<meta name=\"twitter:data2\" content=\"7 minutos\" \/>\n<script type=\"application\/ld+json\" class=\"yoast-schema-graph\">{\"@context\":\"https:\\\/\\\/schema.org\",\"@graph\":[{\"@type\":\"Article\",\"@id\":\"https:\\\/\\\/lospoliticosveracruz.com\\\/?p=144871#article\",\"isPartOf\":{\"@id\":\"https:\\\/\\\/lospoliticosveracruz.com\\\/?p=144871\"},\"author\":{\"name\":\"Lo viste en Los Pol\u00edticos\",\"@id\":\"https:\\\/\\\/lospoliticosveracruz.com\\\/#\\\/schema\\\/person\\\/b8702bb0e538456e6efd07080bf2a4a2\"},\"headline\":\"LOS DEJAN SIN MEDALLAS\",\"datePublished\":\"2025-05-16T16:53:21+00:00\",\"dateModified\":\"2025-05-16T16:53:46+00:00\",\"mainEntityOfPage\":{\"@id\":\"https:\\\/\\\/lospoliticosveracruz.com\\\/?p=144871\"},\"wordCount\":1308,\"publisher\":{\"@id\":\"https:\\\/\\\/lospoliticosveracruz.com\\\/#organization\"},\"image\":{\"@id\":\"https:\\\/\\\/lospoliticosveracruz.com\\\/?p=144871#primaryimage\"},\"thumbnailUrl\":\"https:\\\/\\\/lospoliticosveracruz.com\\\/wp-content\\\/uploads\\\/2025\\\/04\\\/Oved-Contreras-e1768066319253.jpg\",\"keywords\":[\"Claudia Tello\",\"Mario Delgado\",\"Roc\u00edo Nahle\"],\"articleSection\":[\"De Opini\u00f3n\"],\"inLanguage\":\"es\"},{\"@type\":\"WebPage\",\"@id\":\"https:\\\/\\\/lospoliticosveracruz.com\\\/?p=144871\",\"url\":\"https:\\\/\\\/lospoliticosveracruz.com\\\/?p=144871\",\"name\":\"LOS DEJAN SIN MEDALLAS - Los pol\u00edticos Veracruz\",\"isPartOf\":{\"@id\":\"https:\\\/\\\/lospoliticosveracruz.com\\\/#website\"},\"primaryImageOfPage\":{\"@id\":\"https:\\\/\\\/lospoliticosveracruz.com\\\/?p=144871#primaryimage\"},\"image\":{\"@id\":\"https:\\\/\\\/lospoliticosveracruz.com\\\/?p=144871#primaryimage\"},\"thumbnailUrl\":\"https:\\\/\\\/lospoliticosveracruz.com\\\/wp-content\\\/uploads\\\/2025\\\/04\\\/Oved-Contreras-e1768066319253.jpg\",\"datePublished\":\"2025-05-16T16:53:21+00:00\",\"dateModified\":\"2025-05-16T16:53:46+00:00\",\"breadcrumb\":{\"@id\":\"https:\\\/\\\/lospoliticosveracruz.com\\\/?p=144871#breadcrumb\"},\"inLanguage\":\"es\",\"potentialAction\":[{\"@type\":\"ReadAction\",\"target\":[\"https:\\\/\\\/lospoliticosveracruz.com\\\/?p=144871\"]}]},{\"@type\":\"ImageObject\",\"inLanguage\":\"es\",\"@id\":\"https:\\\/\\\/lospoliticosveracruz.com\\\/?p=144871#primaryimage\",\"url\":\"https:\\\/\\\/lospoliticosveracruz.com\\\/wp-content\\\/uploads\\\/2025\\\/04\\\/Oved-Contreras-e1768066319253.jpg\",\"contentUrl\":\"https:\\\/\\\/lospoliticosveracruz.com\\\/wp-content\\\/uploads\\\/2025\\\/04\\\/Oved-Contreras-e1768066319253.jpg\",\"width\":600,\"height\":320},{\"@type\":\"BreadcrumbList\",\"@id\":\"https:\\\/\\\/lospoliticosveracruz.com\\\/?p=144871#breadcrumb\",\"itemListElement\":[{\"@type\":\"ListItem\",\"position\":1,\"name\":\"Portada\",\"item\":\"https:\\\/\\\/lospoliticosveracruz.com\\\/\"},{\"@type\":\"ListItem\",\"position\":2,\"name\":\"LOS DEJAN SIN MEDALLAS\"}]},{\"@type\":\"WebSite\",\"@id\":\"https:\\\/\\\/lospoliticosveracruz.com\\\/#website\",\"url\":\"https:\\\/\\\/lospoliticosveracruz.com\\\/\",\"name\":\"Los pol\u00edticos Veracruz\",\"description\":\"\",\"publisher\":{\"@id\":\"https:\\\/\\\/lospoliticosveracruz.com\\\/#organization\"},\"potentialAction\":[{\"@type\":\"SearchAction\",\"target\":{\"@type\":\"EntryPoint\",\"urlTemplate\":\"https:\\\/\\\/lospoliticosveracruz.com\\\/?s={search_term_string}\"},\"query-input\":{\"@type\":\"PropertyValueSpecification\",\"valueRequired\":true,\"valueName\":\"search_term_string\"}}],\"inLanguage\":\"es\"},{\"@type\":\"Organization\",\"@id\":\"https:\\\/\\\/lospoliticosveracruz.com\\\/#organization\",\"name\":\"Los pol\u00edticos Veracruz\",\"url\":\"https:\\\/\\\/lospoliticosveracruz.com\\\/\",\"logo\":{\"@type\":\"ImageObject\",\"inLanguage\":\"es\",\"@id\":\"https:\\\/\\\/lospoliticosveracruz.com\\\/#\\\/schema\\\/logo\\\/image\\\/\",\"url\":\"https:\\\/\\\/lospoliticosveracruz.com\\\/wp-content\\\/uploads\\\/2025\\\/12\\\/Logo-Nuevo-LOS-POLITICOS-1.jpg\",\"contentUrl\":\"https:\\\/\\\/lospoliticosveracruz.com\\\/wp-content\\\/uploads\\\/2025\\\/12\\\/Logo-Nuevo-LOS-POLITICOS-1.jpg\",\"width\":260,\"height\":70,\"caption\":\"Los pol\u00edticos Veracruz\"},\"image\":{\"@id\":\"https:\\\/\\\/lospoliticosveracruz.com\\\/#\\\/schema\\\/logo\\\/image\\\/\"},\"sameAs\":[\"https:\\\/\\\/www.facebook.com\\\/people\\\/Notimemes-de-los-Polticos\\\/61565672886568\\\/\",\"https:\\\/\\\/x.com\\\/LosPoliticosVer\"]},{\"@type\":\"Person\",\"@id\":\"https:\\\/\\\/lospoliticosveracruz.com\\\/#\\\/schema\\\/person\\\/b8702bb0e538456e6efd07080bf2a4a2\",\"name\":\"Lo viste en Los Pol\u00edticos\",\"image\":{\"@type\":\"ImageObject\",\"inLanguage\":\"es\",\"@id\":\"https:\\\/\\\/secure.gravatar.com\\\/avatar\\\/3a8de04a2656d44082be478bd6c086daa447c4651605818287b9532d3d0bd435?s=96&d=mm&r=g\",\"url\":\"https:\\\/\\\/secure.gravatar.com\\\/avatar\\\/3a8de04a2656d44082be478bd6c086daa447c4651605818287b9532d3d0bd435?s=96&d=mm&r=g\",\"contentUrl\":\"https:\\\/\\\/secure.gravatar.com\\\/avatar\\\/3a8de04a2656d44082be478bd6c086daa447c4651605818287b9532d3d0bd435?s=96&d=mm&r=g\",\"caption\":\"Lo viste en Los Pol\u00edticos\"},\"url\":\"https:\\\/\\\/lospoliticosveracruz.com\\\/?author=2\"}]}<\/script>\n<!-- \/ Yoast SEO plugin. -->","yoast_head_json":{"title":"LOS DEJAN SIN MEDALLAS - Los pol\u00edticos Veracruz","robots":{"index":"index","follow":"follow","max-snippet":"max-snippet:-1","max-image-preview":"max-image-preview:large","max-video-preview":"max-video-preview:-1"},"canonical":"https:\/\/lospoliticosveracruz.com\/?p=144871","og_locale":"es_ES","og_type":"article","og_title":"LOS DEJAN SIN MEDALLAS - Los pol\u00edticos Veracruz","og_description":"\u2002\u2002\u00daNETE A NUESTRO CANAL \u00a1LOS POL\u00cdTICOS VERACRUZ ya est\u00e1 en WhatsApp! Oved ContrerasSecas Mecas Ahora s\u00ed se le pas\u00f3 la mano a la comadrita Claudia Tello y en lo que se supone ser\u00eda un convivio para festejar con los maestros en World Trade Center de Boca del R\u00edo, la titular de la SEV y la [&hellip;]","og_url":"https:\/\/lospoliticosveracruz.com\/?p=144871","og_site_name":"Los pol\u00edticos Veracruz","article_publisher":"https:\/\/www.facebook.com\/people\/Notimemes-de-los-Polticos\/61565672886568\/","article_published_time":"2025-05-16T16:53:21+00:00","article_modified_time":"2025-05-16T16:53:46+00:00","og_image":[{"width":600,"height":320,"url":"https:\/\/lospoliticosveracruz.com\/wp-content\/uploads\/2025\/04\/Oved-Contreras-e1768066319253.jpg","type":"image\/jpeg"}],"author":"Lo viste en Los Pol\u00edticos","twitter_card":"summary_large_image","twitter_creator":"@LosPoliticosVer","twitter_site":"@LosPoliticosVer","twitter_misc":{"Escrito por":"Lo viste en Los Pol\u00edticos","Tiempo de lectura":"7 minutos"},"schema":{"@context":"https:\/\/schema.org","@graph":[{"@type":"Article","@id":"https:\/\/lospoliticosveracruz.com\/?p=144871#article","isPartOf":{"@id":"https:\/\/lospoliticosveracruz.com\/?p=144871"},"author":{"name":"Lo viste en Los Pol\u00edticos","@id":"https:\/\/lospoliticosveracruz.com\/#\/schema\/person\/b8702bb0e538456e6efd07080bf2a4a2"},"headline":"LOS DEJAN SIN MEDALLAS","datePublished":"2025-05-16T16:53:21+00:00","dateModified":"2025-05-16T16:53:46+00:00","mainEntityOfPage":{"@id":"https:\/\/lospoliticosveracruz.com\/?p=144871"},"wordCount":1308,"publisher":{"@id":"https:\/\/lospoliticosveracruz.com\/#organization"},"image":{"@id":"https:\/\/lospoliticosveracruz.com\/?p=144871#primaryimage"},"thumbnailUrl":"https:\/\/lospoliticosveracruz.com\/wp-content\/uploads\/2025\/04\/Oved-Contreras-e1768066319253.jpg","keywords":["Claudia Tello","Mario Delgado","Roc\u00edo Nahle"],"articleSection":["De Opini\u00f3n"],"inLanguage":"es"},{"@type":"WebPage","@id":"https:\/\/lospoliticosveracruz.com\/?p=144871","url":"https:\/\/lospoliticosveracruz.com\/?p=144871","name":"LOS DEJAN SIN MEDALLAS - Los pol\u00edticos Veracruz","isPartOf":{"@id":"https:\/\/lospoliticosveracruz.com\/#website"},"primaryImageOfPage":{"@id":"https:\/\/lospoliticosveracruz.com\/?p=144871#primaryimage"},"image":{"@id":"https:\/\/lospoliticosveracruz.com\/?p=144871#primaryimage"},"thumbnailUrl":"https:\/\/lospoliticosveracruz.com\/wp-content\/uploads\/2025\/04\/Oved-Contreras-e1768066319253.jpg","datePublished":"2025-05-16T16:53:21+00:00","dateModified":"2025-05-16T16:53:46+00:00","breadcrumb":{"@id":"https:\/\/lospoliticosveracruz.com\/?p=144871#breadcrumb"},"inLanguage":"es","potentialAction":[{"@type":"ReadAction","target":["https:\/\/lospoliticosveracruz.com\/?p=144871"]}]},{"@type":"ImageObject","inLanguage":"es","@id":"https:\/\/lospoliticosveracruz.com\/?p=144871#primaryimage","url":"https:\/\/lospoliticosveracruz.com\/wp-content\/uploads\/2025\/04\/Oved-Contreras-e1768066319253.jpg","contentUrl":"https:\/\/lospoliticosveracruz.com\/wp-content\/uploads\/2025\/04\/Oved-Contreras-e1768066319253.jpg","width":600,"height":320},{"@type":"BreadcrumbList","@id":"https:\/\/lospoliticosveracruz.com\/?p=144871#breadcrumb","itemListElement":[{"@type":"ListItem","position":1,"name":"Portada","item":"https:\/\/lospoliticosveracruz.com\/"},{"@type":"ListItem","position":2,"name":"LOS DEJAN SIN MEDALLAS"}]},{"@type":"WebSite","@id":"https:\/\/lospoliticosveracruz.com\/#website","url":"https:\/\/lospoliticosveracruz.com\/","name":"Los pol\u00edticos Veracruz","description":"","publisher":{"@id":"https:\/\/lospoliticosveracruz.com\/#organization"},"potentialAction":[{"@type":"SearchAction","target":{"@type":"EntryPoint","urlTemplate":"https:\/\/lospoliticosveracruz.com\/?s={search_term_string}"},"query-input":{"@type":"PropertyValueSpecification","valueRequired":true,"valueName":"search_term_string"}}],"inLanguage":"es"},{"@type":"Organization","@id":"https:\/\/lospoliticosveracruz.com\/#organization","name":"Los pol\u00edticos Veracruz","url":"https:\/\/lospoliticosveracruz.com\/","logo":{"@type":"ImageObject","inLanguage":"es","@id":"https:\/\/lospoliticosveracruz.com\/#\/schema\/logo\/image\/","url":"https:\/\/lospoliticosveracruz.com\/wp-content\/uploads\/2025\/12\/Logo-Nuevo-LOS-POLITICOS-1.jpg","contentUrl":"https:\/\/lospoliticosveracruz.com\/wp-content\/uploads\/2025\/12\/Logo-Nuevo-LOS-POLITICOS-1.jpg","width":260,"height":70,"caption":"Los pol\u00edticos Veracruz"},"image":{"@id":"https:\/\/lospoliticosveracruz.com\/#\/schema\/logo\/image\/"},"sameAs":["https:\/\/www.facebook.com\/people\/Notimemes-de-los-Polticos\/61565672886568\/","https:\/\/x.com\/LosPoliticosVer"]},{"@type":"Person","@id":"https:\/\/lospoliticosveracruz.com\/#\/schema\/person\/b8702bb0e538456e6efd07080bf2a4a2","name":"Lo viste en Los Pol\u00edticos","image":{"@type":"ImageObject","inLanguage":"es","@id":"https:\/\/secure.gravatar.com\/avatar\/3a8de04a2656d44082be478bd6c086daa447c4651605818287b9532d3d0bd435?s=96&d=mm&r=g","url":"https:\/\/secure.gravatar.com\/avatar\/3a8de04a2656d44082be478bd6c086daa447c4651605818287b9532d3d0bd435?s=96&d=mm&r=g","contentUrl":"https:\/\/secure.gravatar.com\/avatar\/3a8de04a2656d44082be478bd6c086daa447c4651605818287b9532d3d0bd435?s=96&d=mm&r=g","caption":"Lo viste en Los Pol\u00edticos"},"url":"https:\/\/lospoliticosveracruz.com\/?author=2"}]}},"_links":{"self":[{"href":"https:\/\/lospoliticosveracruz.com\/index.php?rest_route=\/wp\/v2\/posts\/144871","targetHints":{"allow":["GET"]}}],"collection":[{"href":"https:\/\/lospoliticosveracruz.com\/index.php?rest_route=\/wp\/v2\/posts"}],"about":[{"href":"https:\/\/lospoliticosveracruz.com\/index.php?rest_route=\/wp\/v2\/types\/post"}],"author":[{"embeddable":true,"href":"https:\/\/lospoliticosveracruz.com\/index.php?rest_route=\/wp\/v2\/users\/2"}],"replies":[{"embeddable":true,"href":"https:\/\/lospoliticosveracruz.com\/index.php?rest_route=%2Fwp%2Fv2%2Fcomments&post=144871"}],"version-history":[{"count":2,"href":"https:\/\/lospoliticosveracruz.com\/index.php?rest_route=\/wp\/v2\/posts\/144871\/revisions"}],"predecessor-version":[{"id":144873,"href":"https:\/\/lospoliticosveracruz.com\/index.php?rest_route=\/wp\/v2\/posts\/144871\/revisions\/144873"}],"wp:featuredmedia":[{"embeddable":true,"href":"https:\/\/lospoliticosveracruz.com\/index.php?rest_route=\/wp\/v2\/media\/141426"}],"wp:attachment":[{"href":"https:\/\/lospoliticosveracruz.com\/index.php?rest_route=%2Fwp%2Fv2%2Fmedia&parent=144871"}],"wp:term":[{"taxonomy":"category","embeddable":true,"href":"https:\/\/lospoliticosveracruz.com\/index.php?rest_route=%2Fwp%2Fv2%2Fcategories&post=144871"},{"taxonomy":"post_tag","embeddable":true,"href":"https:\/\/lospoliticosveracruz.com\/index.php?rest_route=%2Fwp%2Fv2%2Ftags&post=144871"}],"curies":[{"name":"wp","href":"https:\/\/api.w.org\/{rel}","templated":true}]}}