{"id":144918,"date":"2025-05-16T20:45:44","date_gmt":"2025-05-17T01:45:44","guid":{"rendered":"https:\/\/lospoliticosveracruz.com.mx\/?p=144918"},"modified":"2025-05-16T20:46:05","modified_gmt":"2025-05-17T01:46:05","slug":"el-modelo-inedito-de-eleccion-de-poderes-judiciales-en-el-pais","status":"publish","type":"post","link":"https:\/\/lospoliticosveracruz.com\/?p=144918","title":{"rendered":"EL MODELO IN\u00c9DITO DE ELECCI\u00d3N DE PODERES JUDICIALES EN EL PA\u00cdS\u00a0"},"content":{"rendered":"\n<p><strong><a href=\"https:\/\/whatsapp.com\/channel\/0029Va8zRWlEKyZIP3Z1dF0e\">\u2002\u2002<strong>\u00danete a nuestro canal&nbsp;<\/strong>\u2002<\/a><\/strong><\/p>\n\n\n\n<p>\u00a1<strong>LOS POL\u00cdTICOS VERACRUZ<\/strong>&nbsp;ya est\u00e1 en WhatsApp!<\/p>\n\n\n\n<p><strong>Jos\u00e9 Luis Enr\u00edquez Ambell&nbsp;<\/strong><\/p>\n\n\n\n<p><em>Caf\u00e9 de Ma\u00f1ana<\/em><\/p>\n\n\n\n<p>En medio de la jornada electoral en Veracruz para relevar los 212 ayuntamientos, tambi\u00e9n avanzan las campa\u00f1as en torno a todos los participantes -de acuerdo a la reforma en materia constitucional en M\u00e9xico- a trav\u00e9s del voto popular de la totalidad de las personas juzgadoras que integran los Poderes judiciales del pa\u00eds.&nbsp;<\/p>\n\n\n\n<p>Distintas voces opinan -unos a favor y otros no- pero finalmente coincidiremos en que se trata de un modelo que podr\u00eda facilitar la captura pol\u00edtica de los tribunales y profundizar el populismo penal mediante elecciones que ya se ver\u00e1 m\u00e1s adelante si ha resulta para mejorar o no en t\u00e9rminos del Poder judicial en su constituci\u00f3n y operaci\u00f3n.<\/p>\n\n\n\n<p>Estamos a pocos d\u00edas de la primera jornada electoral judicial: el pr\u00f3ximo 1 de junio, donde la ciudadan\u00eda mexicana estamos llamados a votar por&nbsp;881 cargos&nbsp;judiciales federales, es decir, aproximadamente la mitad de los cargos del Poder Judicial de la Federaci\u00f3n (PJF). La otra mitad se someter\u00e1 a votaci\u00f3n en 2027.<\/p>\n\n\n\n<p>Las&nbsp;candidaturas&nbsp;en las elecciones de este junio incluyen: 64 candidaturas para los nueve cargos de personas ministras de la Suprema Corte de Justicia de la Naci\u00f3n (SCJN); 38 candidaturas para las cinco magistraturas del nuevo Tribunal de Disciplina Judicial, \u00f3rgano que tendr\u00e1 facultades para investigar y sancionar a personas juzgadoras; 110 candidaturas para 17 cargos de magistraturas del Tribunal Electoral del Poder Judicial de la Federaci\u00f3n (TEPJF);&nbsp;&nbsp;Y tambi\u00e9n m\u00e1s de 3 mil candidaturas para 850 cargos de magistraturas de circuito y personas juzgadoras de distrito.<\/p>\n\n\n\n<p>Todo eso en&nbsp;19 entidades&nbsp;federativas, se suman elecciones judiciales estatales,- aqu\u00ed Veracruz incluido,- y en las que estar\u00e1n en disputa casi dos mil cargos.<\/p>\n\n\n\n<p>Desde casi todos los sectores de la sociedad&nbsp;&nbsp;civil&nbsp;y&nbsp;&nbsp;la&nbsp;academia&nbsp;han surgido iniciativas de observaci\u00f3n del proceso electoral y de los impactos del mismo en el sistema de justicia.<\/p>\n\n\n\n<p>Incluso se ha venido diciendo y escribiendo que personas acreditadas ciudadanas, as\u00ed&nbsp;&nbsp;como extranjeras&nbsp;observar\u00e1n las elecciones.<\/p>\n\n\n\n<p>Cabe decir que la log\u00edstica&nbsp;correspondiente es compleja&nbsp;para realizar las elecciones judiciales con un reducido&nbsp;presupuesto asignado, y las etapas preliminares del proceso electoral no han estado exentas de alguna controversia.<\/p>\n\n\n\n<p><strong>DE SOBREMESA&nbsp;<\/strong><\/p>\n\n\n\n<p>Dentro de lo in\u00e9dito y novedoso del proceso de elecci\u00f3n judicial, habra un periodo para la veda electoral.<\/p>\n\n\n\n<p>Dicho de otra forma, de acuerdo a las reglas establecidas en las fechas, las campa\u00f1as arrancaron el domingo 30 de marzo y finalizar\u00e1n el pr\u00f3ximo 28 de mayo &#8211; en doce d\u00edas m\u00e1s &#8211; y&nbsp;se dar\u00e1 paso a \u00abun periodo de reflexi\u00f3n o veda electoral\u00bb, que abarca los tres d\u00edas previos a la Jornada Electoral del d\u00eda domingo 1o. de junio.<\/p>\n\n\n\n<p>Es decir,&nbsp;la veda electoral ser\u00e1n los d\u00edas jueves 29, viernes 30 y s\u00e1bado 31 de mayo.<\/p>\n\n\n\n<p>En caso de incumplimiento,&nbsp;y de acuerdo con el Art\u00edculo 7 de la&nbsp;Ley General en Materia de Delitos Electorales,&nbsp;cualquier persona que publique o difunda resultados de encuestas o sondeos de opini\u00f3n que busquen revelar las preferencias electorales de los ciudadanos durante el periodo de veda, enfrentar\u00eda alguna sanci\u00f3n o sanciones.<\/p>\n\n\n\n<p>Esto es, Multa: de&nbsp;50 a 100 d\u00edas de salario m\u00ednimo; es decir, de hasta&nbsp;27,880 pesos o tambi\u00e9n, Prisi\u00f3n:&nbsp;de 6 meses a 3 a\u00f1os.<\/p>\n\n\n\n<p>Estas figuras legales sancionatorias ser\u00edan de aplicaci\u00f3n para los candidatos y candidatas a los puestos de elecci\u00f3n en el Poder Judicial, o sea, quienes se hayan postulado.&nbsp;<\/p>\n\n\n\n<p><strong>UN CAF\u00c9 LECHERO LIGHT&nbsp;<\/strong><\/p>\n\n\n\n<p>Veracruzano, licenciado en derecho, doctor en derecho por la Universidad Veracruzana, dos maestr\u00edas por el Colver,&nbsp;&nbsp;especialista en derecho penal y en la defensa de los derechos humanos Jos\u00e9 Alfredo G\u00f3mez Reyes, es candidato a magistrado&nbsp;&nbsp;de circuito en materia penal con el n\u00famero 23 boleta color rosa.<\/p>\n\n\n\n<p>El abogado ya fue Fiscal regional en Xalapa y C\u00f3rdoba visitador General de la Comisi\u00f3n de Derechos Humanos, Oficial Administrativo, Secretario particular, Secretario de Acuerdos y Secretario de Proyecci\u00f3n en el Poder Judicial Estatal y Federal.<\/p>\n\n\n\n<p><strong>UN CAF\u00c9 DE OLLA DE BARRO&nbsp;<\/strong><\/p>\n\n\n\n<p>Es importante que la ciudadan\u00eda se informe&nbsp;&nbsp;sobre los perfiles de los candidatos as\u00ed como, su trayectoria, sus propuestas y compromisos.<\/p>\n\n\n\n<p>Se sabe que en algunas localidades se est\u00e1n elaborando acordeones comunitarios con los nombres que consideran las mejores opciones.<\/p>\n\n\n\n<p>Y es que resulta mucho muy importante No dejarse llevar por la novedad medi\u00e1tica, pues algunos candidatos ya han sido puestos en evidencia con supuestas revelaciones que resultaron falsas.<\/p>\n\n\n\n<p>\u00a1ES CUANTO!<\/p>\n\n\n\n<p>enriquezambell@gmail.com;<\/p>\n\n\n\n<p>enamjl62@gmail.com<\/p>\n","protected":false},"excerpt":{"rendered":"<p>\u2002\u2002\u00danete a nuestro canal&nbsp;\u2002 \u00a1LOS POL\u00cdTICOS VERACRUZ&nbsp;ya est\u00e1 en WhatsApp! Jos\u00e9 Luis Enr\u00edquez Ambell&nbsp; Caf\u00e9 de Ma\u00f1ana En medio de la jornada electoral en Veracruz para relevar los 212 ayuntamientos, tambi\u00e9n avanzan las campa\u00f1as en torno a todos los participantes -de acuerdo a la reforma en materia constitucional en M\u00e9xico- a trav\u00e9s del voto popular [&hellip;]<\/p>\n","protected":false},"author":2,"featured_media":141435,"comment_status":"closed","ping_status":"closed","sticky":false,"template":"","format":"standard","meta":{"tdm_status":"","tdm_grid_status":"","footnotes":""},"categories":[70],"tags":[],"class_list":{"0":"post-144918","1":"post","2":"type-post","3":"status-publish","4":"format-standard","5":"has-post-thumbnail","7":"category-de-opinion"},"yoast_head":"<!-- This site is optimized with the Yoast SEO plugin v27.4 - https:\/\/yoast.com\/product\/yoast-seo-wordpress\/ -->\n<title>EL MODELO IN\u00c9DITO DE ELECCI\u00d3N DE PODERES JUDICIALES EN EL PA\u00cdS\u00a0 - Los pol\u00edticos Veracruz<\/title>\n<meta name=\"robots\" content=\"index, follow, max-snippet:-1, max-image-preview:large, max-video-preview:-1\" \/>\n<link rel=\"canonical\" href=\"https:\/\/lospoliticosveracruz.com\/?p=144918\" \/>\n<meta property=\"og:locale\" content=\"es_ES\" \/>\n<meta property=\"og:type\" content=\"article\" \/>\n<meta property=\"og:title\" content=\"EL MODELO IN\u00c9DITO DE ELECCI\u00d3N DE PODERES JUDICIALES EN EL PA\u00cdS\u00a0 - Los pol\u00edticos Veracruz\" \/>\n<meta property=\"og:description\" content=\"\u2002\u2002\u00danete a nuestro canal&nbsp;\u2002 \u00a1LOS POL\u00cdTICOS VERACRUZ&nbsp;ya est\u00e1 en WhatsApp! Jos\u00e9 Luis Enr\u00edquez Ambell&nbsp; Caf\u00e9 de Ma\u00f1ana En medio de la jornada electoral en Veracruz para relevar los 212 ayuntamientos, tambi\u00e9n avanzan las campa\u00f1as en torno a todos los participantes -de acuerdo a la reforma en materia constitucional en M\u00e9xico- a trav\u00e9s del voto popular [&hellip;]\" \/>\n<meta property=\"og:url\" content=\"https:\/\/lospoliticosveracruz.com\/?p=144918\" \/>\n<meta property=\"og:site_name\" content=\"Los pol\u00edticos Veracruz\" \/>\n<meta property=\"article:publisher\" content=\"https:\/\/www.facebook.com\/people\/Notimemes-de-los-Polticos\/61565672886568\/\" \/>\n<meta property=\"article:published_time\" content=\"2025-05-17T01:45:44+00:00\" \/>\n<meta property=\"article:modified_time\" content=\"2025-05-17T01:46:05+00:00\" \/>\n<meta property=\"og:image\" content=\"https:\/\/lospoliticosveracruz.com\/wp-content\/uploads\/2025\/04\/Ambell.jpg\" \/>\n\t<meta property=\"og:image:width\" content=\"1250\" \/>\n\t<meta property=\"og:image:height\" content=\"667\" \/>\n\t<meta property=\"og:image:type\" content=\"image\/jpeg\" \/>\n<meta name=\"author\" content=\"Lo viste en Los Pol\u00edticos\" \/>\n<meta name=\"twitter:card\" content=\"summary_large_image\" \/>\n<meta name=\"twitter:creator\" content=\"@LosPoliticosVer\" \/>\n<meta name=\"twitter:site\" content=\"@LosPoliticosVer\" \/>\n<meta name=\"twitter:label1\" content=\"Escrito por\" \/>\n\t<meta name=\"twitter:data1\" content=\"Lo viste en Los Pol\u00edticos\" \/>\n\t<meta name=\"twitter:label2\" content=\"Tiempo de lectura\" \/>\n\t<meta name=\"twitter:data2\" content=\"4 minutos\" \/>\n<script type=\"application\/ld+json\" class=\"yoast-schema-graph\">{\"@context\":\"https:\\\/\\\/schema.org\",\"@graph\":[{\"@type\":\"Article\",\"@id\":\"https:\\\/\\\/lospoliticosveracruz.com\\\/?p=144918#article\",\"isPartOf\":{\"@id\":\"https:\\\/\\\/lospoliticosveracruz.com\\\/?p=144918\"},\"author\":{\"name\":\"Lo viste en Los Pol\u00edticos\",\"@id\":\"https:\\\/\\\/lospoliticosveracruz.com\\\/#\\\/schema\\\/person\\\/b8702bb0e538456e6efd07080bf2a4a2\"},\"headline\":\"EL MODELO IN\u00c9DITO DE ELECCI\u00d3N DE PODERES JUDICIALES EN EL PA\u00cdS\u00a0\",\"datePublished\":\"2025-05-17T01:45:44+00:00\",\"dateModified\":\"2025-05-17T01:46:05+00:00\",\"mainEntityOfPage\":{\"@id\":\"https:\\\/\\\/lospoliticosveracruz.com\\\/?p=144918\"},\"wordCount\":844,\"publisher\":{\"@id\":\"https:\\\/\\\/lospoliticosveracruz.com\\\/#organization\"},\"image\":{\"@id\":\"https:\\\/\\\/lospoliticosveracruz.com\\\/?p=144918#primaryimage\"},\"thumbnailUrl\":\"https:\\\/\\\/lospoliticosveracruz.com\\\/wp-content\\\/uploads\\\/2025\\\/04\\\/Ambell.jpg\",\"articleSection\":[\"De Opini\u00f3n\"],\"inLanguage\":\"es\"},{\"@type\":\"WebPage\",\"@id\":\"https:\\\/\\\/lospoliticosveracruz.com\\\/?p=144918\",\"url\":\"https:\\\/\\\/lospoliticosveracruz.com\\\/?p=144918\",\"name\":\"EL MODELO IN\u00c9DITO DE ELECCI\u00d3N DE PODERES JUDICIALES EN EL PA\u00cdS\u00a0 - Los pol\u00edticos Veracruz\",\"isPartOf\":{\"@id\":\"https:\\\/\\\/lospoliticosveracruz.com\\\/#website\"},\"primaryImageOfPage\":{\"@id\":\"https:\\\/\\\/lospoliticosveracruz.com\\\/?p=144918#primaryimage\"},\"image\":{\"@id\":\"https:\\\/\\\/lospoliticosveracruz.com\\\/?p=144918#primaryimage\"},\"thumbnailUrl\":\"https:\\\/\\\/lospoliticosveracruz.com\\\/wp-content\\\/uploads\\\/2025\\\/04\\\/Ambell.jpg\",\"datePublished\":\"2025-05-17T01:45:44+00:00\",\"dateModified\":\"2025-05-17T01:46:05+00:00\",\"breadcrumb\":{\"@id\":\"https:\\\/\\\/lospoliticosveracruz.com\\\/?p=144918#breadcrumb\"},\"inLanguage\":\"es\",\"potentialAction\":[{\"@type\":\"ReadAction\",\"target\":[\"https:\\\/\\\/lospoliticosveracruz.com\\\/?p=144918\"]}]},{\"@type\":\"ImageObject\",\"inLanguage\":\"es\",\"@id\":\"https:\\\/\\\/lospoliticosveracruz.com\\\/?p=144918#primaryimage\",\"url\":\"https:\\\/\\\/lospoliticosveracruz.com\\\/wp-content\\\/uploads\\\/2025\\\/04\\\/Ambell.jpg\",\"contentUrl\":\"https:\\\/\\\/lospoliticosveracruz.com\\\/wp-content\\\/uploads\\\/2025\\\/04\\\/Ambell.jpg\",\"width\":1250,\"height\":667},{\"@type\":\"BreadcrumbList\",\"@id\":\"https:\\\/\\\/lospoliticosveracruz.com\\\/?p=144918#breadcrumb\",\"itemListElement\":[{\"@type\":\"ListItem\",\"position\":1,\"name\":\"Portada\",\"item\":\"https:\\\/\\\/lospoliticosveracruz.com\\\/\"},{\"@type\":\"ListItem\",\"position\":2,\"name\":\"EL MODELO IN\u00c9DITO DE ELECCI\u00d3N DE PODERES JUDICIALES EN EL PA\u00cdS\u00a0\"}]},{\"@type\":\"WebSite\",\"@id\":\"https:\\\/\\\/lospoliticosveracruz.com\\\/#website\",\"url\":\"https:\\\/\\\/lospoliticosveracruz.com\\\/\",\"name\":\"Los pol\u00edticos Veracruz\",\"description\":\"\",\"publisher\":{\"@id\":\"https:\\\/\\\/lospoliticosveracruz.com\\\/#organization\"},\"potentialAction\":[{\"@type\":\"SearchAction\",\"target\":{\"@type\":\"EntryPoint\",\"urlTemplate\":\"https:\\\/\\\/lospoliticosveracruz.com\\\/?s={search_term_string}\"},\"query-input\":{\"@type\":\"PropertyValueSpecification\",\"valueRequired\":true,\"valueName\":\"search_term_string\"}}],\"inLanguage\":\"es\"},{\"@type\":\"Organization\",\"@id\":\"https:\\\/\\\/lospoliticosveracruz.com\\\/#organization\",\"name\":\"Los pol\u00edticos Veracruz\",\"url\":\"https:\\\/\\\/lospoliticosveracruz.com\\\/\",\"logo\":{\"@type\":\"ImageObject\",\"inLanguage\":\"es\",\"@id\":\"https:\\\/\\\/lospoliticosveracruz.com\\\/#\\\/schema\\\/logo\\\/image\\\/\",\"url\":\"https:\\\/\\\/lospoliticosveracruz.com\\\/wp-content\\\/uploads\\\/2025\\\/12\\\/Logo-Nuevo-LOS-POLITICOS-1.jpg\",\"contentUrl\":\"https:\\\/\\\/lospoliticosveracruz.com\\\/wp-content\\\/uploads\\\/2025\\\/12\\\/Logo-Nuevo-LOS-POLITICOS-1.jpg\",\"width\":260,\"height\":70,\"caption\":\"Los pol\u00edticos Veracruz\"},\"image\":{\"@id\":\"https:\\\/\\\/lospoliticosveracruz.com\\\/#\\\/schema\\\/logo\\\/image\\\/\"},\"sameAs\":[\"https:\\\/\\\/www.facebook.com\\\/people\\\/Notimemes-de-los-Polticos\\\/61565672886568\\\/\",\"https:\\\/\\\/x.com\\\/LosPoliticosVer\"]},{\"@type\":\"Person\",\"@id\":\"https:\\\/\\\/lospoliticosveracruz.com\\\/#\\\/schema\\\/person\\\/b8702bb0e538456e6efd07080bf2a4a2\",\"name\":\"Lo viste en Los Pol\u00edticos\",\"image\":{\"@type\":\"ImageObject\",\"inLanguage\":\"es\",\"@id\":\"https:\\\/\\\/secure.gravatar.com\\\/avatar\\\/3a8de04a2656d44082be478bd6c086daa447c4651605818287b9532d3d0bd435?s=96&d=mm&r=g\",\"url\":\"https:\\\/\\\/secure.gravatar.com\\\/avatar\\\/3a8de04a2656d44082be478bd6c086daa447c4651605818287b9532d3d0bd435?s=96&d=mm&r=g\",\"contentUrl\":\"https:\\\/\\\/secure.gravatar.com\\\/avatar\\\/3a8de04a2656d44082be478bd6c086daa447c4651605818287b9532d3d0bd435?s=96&d=mm&r=g\",\"caption\":\"Lo viste en Los Pol\u00edticos\"},\"url\":\"https:\\\/\\\/lospoliticosveracruz.com\\\/?author=2\"}]}<\/script>\n<!-- \/ Yoast SEO plugin. -->","yoast_head_json":{"title":"EL MODELO IN\u00c9DITO DE ELECCI\u00d3N DE PODERES JUDICIALES EN EL PA\u00cdS\u00a0 - Los pol\u00edticos Veracruz","robots":{"index":"index","follow":"follow","max-snippet":"max-snippet:-1","max-image-preview":"max-image-preview:large","max-video-preview":"max-video-preview:-1"},"canonical":"https:\/\/lospoliticosveracruz.com\/?p=144918","og_locale":"es_ES","og_type":"article","og_title":"EL MODELO IN\u00c9DITO DE ELECCI\u00d3N DE PODERES JUDICIALES EN EL PA\u00cdS\u00a0 - Los pol\u00edticos Veracruz","og_description":"\u2002\u2002\u00danete a nuestro canal&nbsp;\u2002 \u00a1LOS POL\u00cdTICOS VERACRUZ&nbsp;ya est\u00e1 en WhatsApp! Jos\u00e9 Luis Enr\u00edquez Ambell&nbsp; Caf\u00e9 de Ma\u00f1ana En medio de la jornada electoral en Veracruz para relevar los 212 ayuntamientos, tambi\u00e9n avanzan las campa\u00f1as en torno a todos los participantes -de acuerdo a la reforma en materia constitucional en M\u00e9xico- a trav\u00e9s del voto popular [&hellip;]","og_url":"https:\/\/lospoliticosveracruz.com\/?p=144918","og_site_name":"Los pol\u00edticos Veracruz","article_publisher":"https:\/\/www.facebook.com\/people\/Notimemes-de-los-Polticos\/61565672886568\/","article_published_time":"2025-05-17T01:45:44+00:00","article_modified_time":"2025-05-17T01:46:05+00:00","og_image":[{"width":1250,"height":667,"url":"https:\/\/lospoliticosveracruz.com\/wp-content\/uploads\/2025\/04\/Ambell.jpg","type":"image\/jpeg"}],"author":"Lo viste en Los Pol\u00edticos","twitter_card":"summary_large_image","twitter_creator":"@LosPoliticosVer","twitter_site":"@LosPoliticosVer","twitter_misc":{"Escrito por":"Lo viste en Los Pol\u00edticos","Tiempo de lectura":"4 minutos"},"schema":{"@context":"https:\/\/schema.org","@graph":[{"@type":"Article","@id":"https:\/\/lospoliticosveracruz.com\/?p=144918#article","isPartOf":{"@id":"https:\/\/lospoliticosveracruz.com\/?p=144918"},"author":{"name":"Lo viste en Los Pol\u00edticos","@id":"https:\/\/lospoliticosveracruz.com\/#\/schema\/person\/b8702bb0e538456e6efd07080bf2a4a2"},"headline":"EL MODELO IN\u00c9DITO DE ELECCI\u00d3N DE PODERES JUDICIALES EN EL PA\u00cdS\u00a0","datePublished":"2025-05-17T01:45:44+00:00","dateModified":"2025-05-17T01:46:05+00:00","mainEntityOfPage":{"@id":"https:\/\/lospoliticosveracruz.com\/?p=144918"},"wordCount":844,"publisher":{"@id":"https:\/\/lospoliticosveracruz.com\/#organization"},"image":{"@id":"https:\/\/lospoliticosveracruz.com\/?p=144918#primaryimage"},"thumbnailUrl":"https:\/\/lospoliticosveracruz.com\/wp-content\/uploads\/2025\/04\/Ambell.jpg","articleSection":["De Opini\u00f3n"],"inLanguage":"es"},{"@type":"WebPage","@id":"https:\/\/lospoliticosveracruz.com\/?p=144918","url":"https:\/\/lospoliticosveracruz.com\/?p=144918","name":"EL MODELO IN\u00c9DITO DE ELECCI\u00d3N DE PODERES JUDICIALES EN EL PA\u00cdS\u00a0 - Los pol\u00edticos Veracruz","isPartOf":{"@id":"https:\/\/lospoliticosveracruz.com\/#website"},"primaryImageOfPage":{"@id":"https:\/\/lospoliticosveracruz.com\/?p=144918#primaryimage"},"image":{"@id":"https:\/\/lospoliticosveracruz.com\/?p=144918#primaryimage"},"thumbnailUrl":"https:\/\/lospoliticosveracruz.com\/wp-content\/uploads\/2025\/04\/Ambell.jpg","datePublished":"2025-05-17T01:45:44+00:00","dateModified":"2025-05-17T01:46:05+00:00","breadcrumb":{"@id":"https:\/\/lospoliticosveracruz.com\/?p=144918#breadcrumb"},"inLanguage":"es","potentialAction":[{"@type":"ReadAction","target":["https:\/\/lospoliticosveracruz.com\/?p=144918"]}]},{"@type":"ImageObject","inLanguage":"es","@id":"https:\/\/lospoliticosveracruz.com\/?p=144918#primaryimage","url":"https:\/\/lospoliticosveracruz.com\/wp-content\/uploads\/2025\/04\/Ambell.jpg","contentUrl":"https:\/\/lospoliticosveracruz.com\/wp-content\/uploads\/2025\/04\/Ambell.jpg","width":1250,"height":667},{"@type":"BreadcrumbList","@id":"https:\/\/lospoliticosveracruz.com\/?p=144918#breadcrumb","itemListElement":[{"@type":"ListItem","position":1,"name":"Portada","item":"https:\/\/lospoliticosveracruz.com\/"},{"@type":"ListItem","position":2,"name":"EL MODELO IN\u00c9DITO DE ELECCI\u00d3N DE PODERES JUDICIALES EN EL PA\u00cdS\u00a0"}]},{"@type":"WebSite","@id":"https:\/\/lospoliticosveracruz.com\/#website","url":"https:\/\/lospoliticosveracruz.com\/","name":"Los pol\u00edticos Veracruz","description":"","publisher":{"@id":"https:\/\/lospoliticosveracruz.com\/#organization"},"potentialAction":[{"@type":"SearchAction","target":{"@type":"EntryPoint","urlTemplate":"https:\/\/lospoliticosveracruz.com\/?s={search_term_string}"},"query-input":{"@type":"PropertyValueSpecification","valueRequired":true,"valueName":"search_term_string"}}],"inLanguage":"es"},{"@type":"Organization","@id":"https:\/\/lospoliticosveracruz.com\/#organization","name":"Los pol\u00edticos Veracruz","url":"https:\/\/lospoliticosveracruz.com\/","logo":{"@type":"ImageObject","inLanguage":"es","@id":"https:\/\/lospoliticosveracruz.com\/#\/schema\/logo\/image\/","url":"https:\/\/lospoliticosveracruz.com\/wp-content\/uploads\/2025\/12\/Logo-Nuevo-LOS-POLITICOS-1.jpg","contentUrl":"https:\/\/lospoliticosveracruz.com\/wp-content\/uploads\/2025\/12\/Logo-Nuevo-LOS-POLITICOS-1.jpg","width":260,"height":70,"caption":"Los pol\u00edticos Veracruz"},"image":{"@id":"https:\/\/lospoliticosveracruz.com\/#\/schema\/logo\/image\/"},"sameAs":["https:\/\/www.facebook.com\/people\/Notimemes-de-los-Polticos\/61565672886568\/","https:\/\/x.com\/LosPoliticosVer"]},{"@type":"Person","@id":"https:\/\/lospoliticosveracruz.com\/#\/schema\/person\/b8702bb0e538456e6efd07080bf2a4a2","name":"Lo viste en Los Pol\u00edticos","image":{"@type":"ImageObject","inLanguage":"es","@id":"https:\/\/secure.gravatar.com\/avatar\/3a8de04a2656d44082be478bd6c086daa447c4651605818287b9532d3d0bd435?s=96&d=mm&r=g","url":"https:\/\/secure.gravatar.com\/avatar\/3a8de04a2656d44082be478bd6c086daa447c4651605818287b9532d3d0bd435?s=96&d=mm&r=g","contentUrl":"https:\/\/secure.gravatar.com\/avatar\/3a8de04a2656d44082be478bd6c086daa447c4651605818287b9532d3d0bd435?s=96&d=mm&r=g","caption":"Lo viste en Los Pol\u00edticos"},"url":"https:\/\/lospoliticosveracruz.com\/?author=2"}]}},"_links":{"self":[{"href":"https:\/\/lospoliticosveracruz.com\/index.php?rest_route=\/wp\/v2\/posts\/144918","targetHints":{"allow":["GET"]}}],"collection":[{"href":"https:\/\/lospoliticosveracruz.com\/index.php?rest_route=\/wp\/v2\/posts"}],"about":[{"href":"https:\/\/lospoliticosveracruz.com\/index.php?rest_route=\/wp\/v2\/types\/post"}],"author":[{"embeddable":true,"href":"https:\/\/lospoliticosveracruz.com\/index.php?rest_route=\/wp\/v2\/users\/2"}],"replies":[{"embeddable":true,"href":"https:\/\/lospoliticosveracruz.com\/index.php?rest_route=%2Fwp%2Fv2%2Fcomments&post=144918"}],"version-history":[{"count":1,"href":"https:\/\/lospoliticosveracruz.com\/index.php?rest_route=\/wp\/v2\/posts\/144918\/revisions"}],"predecessor-version":[{"id":144919,"href":"https:\/\/lospoliticosveracruz.com\/index.php?rest_route=\/wp\/v2\/posts\/144918\/revisions\/144919"}],"wp:featuredmedia":[{"embeddable":true,"href":"https:\/\/lospoliticosveracruz.com\/index.php?rest_route=\/wp\/v2\/media\/141435"}],"wp:attachment":[{"href":"https:\/\/lospoliticosveracruz.com\/index.php?rest_route=%2Fwp%2Fv2%2Fmedia&parent=144918"}],"wp:term":[{"taxonomy":"category","embeddable":true,"href":"https:\/\/lospoliticosveracruz.com\/index.php?rest_route=%2Fwp%2Fv2%2Fcategories&post=144918"},{"taxonomy":"post_tag","embeddable":true,"href":"https:\/\/lospoliticosveracruz.com\/index.php?rest_route=%2Fwp%2Fv2%2Ftags&post=144918"}],"curies":[{"name":"wp","href":"https:\/\/api.w.org\/{rel}","templated":true}]}}