{"id":144960,"date":"2025-05-18T10:08:00","date_gmt":"2025-05-18T15:08:00","guid":{"rendered":"https:\/\/lospoliticosveracruz.com.mx\/?p=144960"},"modified":"2025-05-18T10:08:20","modified_gmt":"2025-05-18T15:08:20","slug":"corazon-feliz","status":"publish","type":"post","link":"https:\/\/lospoliticosveracruz.com\/?p=144960","title":{"rendered":"CORAZ\u00d3N FELIZ"},"content":{"rendered":"\n<p><a><\/a><a href=\"https:\/\/whatsapp.com\/channel\/0029Va8zRWlEKyZIP3Z1dF0e\"><strong>\u2002\u2002<\/strong><strong>\u00da<\/strong><strong>NETE A NUESTRO CANAL<\/strong><strong><\/strong><\/a><\/p>\n\n\n\n<p>\u00a1<a href=\"https:\/\/whatsapp.com\/channel\/0029Va8zRWlEKyZIP3Z1dF0e\"><strong>LOS POL\u00cd<\/strong><strong>TICOS VERACRUZ<\/strong><\/a> ya est\u00e1 en WhatsApp!<\/p>\n\n\n\n<p><strong>Miguel Valera<\/strong><\/p>\n\n\n\n<p><em>Relatos dominicales<br><\/em><\/p>\n\n\n\n<p>Escuch\u00e9 por primera vez la palabra \u201cYolpaki\u201d en la comunidad de Atetecochco, en el municipio de Atlahuilco, en la sierra de Zongolica, a donde nos llev\u00f3 una maestra, antrop\u00f3loga, que ten\u00eda inter\u00e9s de llevar el conocimiento de las aulas a la realidad. Con mochilas al hombro, mientras camin\u00e1bamos por veredas nos encontr\u00e1bamos a habitantes de la zona y los salud\u00e1bamos muy propios con un \u201cPanolti\u201d, que en n\u00e1huatl significa \u201chola\u201d o \u201cbienvenido\u201d. Las personas nos miraban extra\u00f1adas y contestaban: \u201cbuenos d\u00edas\u201d.<\/p>\n\n\n\n<p>En el templo de la comunidad, con guitarras en mano, el primer canto que nos pidieron fue \u201cYolpaki\u201d. La maestra nos explic\u00f3 que la palabra significaba \u201ccoraz\u00f3n feliz\u201d y que se refer\u00edan al canto del Salmo 122 que compuso el espa\u00f1ol Miguel Manzano con la letra \u201c\u00a1Qu\u00e9 alegr\u00eda cuando me dijeron: Vamos a la casa del Se\u00f1or! Ya est\u00e1n pisando nuestros pies tus umbrales, Jerusal\u00e9n\u201d. \u00a1Claro!, contestamos a una sola voz.<\/p>\n\n\n\n<p>Estuvimos una o dos semanas en esa comunidad, escuchando, conociendo sus costumbres, involucr\u00e1ndonos en sus vidas. Ya he contado otras veces de mi escozor sobre el esp\u00edritu humano de la conquista, del avasallamiento, del apoderamiento de la mentalidad del otro. Todos llevamos, quiz\u00e1 sin quererlo, un conquistador en las entra\u00f1as, deseoso de apoderarse del otro.<\/p>\n\n\n\n<p>Aunque algunos profesores nos lo prohib\u00edan, yo me atrev\u00ed a leer desde muy joven textos del fil\u00f3sofo argentino Enrique Dussel, el te\u00f3rico de la descolonizaci\u00f3n, el fil\u00f3sofo de la liberaci\u00f3n latinoamericana. Cargaba entonces, como una segunda biblia, ese texto donde dec\u00eda que \u201ccontra la ontolog\u00eda cl\u00e1sica del centro, desde Hegel hasta Habermas, por nombrar lo m\u00e1s l\u00facido de Europa, se levanta un contradiscurso, una Filosof\u00eda de la Liberaci\u00f3n de la periferia, de los oprimidos, de los excluidos, la sombra que la luz del ser no ha podido iluminar, el silencio interpelante sin palabra todav\u00eda\u201d.<\/p>\n\n\n\n<p>\u201cDesde el no-ser, la nada, lo opaco, el otro, la exterioridad, el excluido, el misterio del sinsentido, desde el grito del pobre parte nuestro pensar. Es entonces una \u2018filosof\u00eda b\u00e1rbara\u2019, que intenta sin embargo ser un proyecto de trans o metamodernidad\u201d, hab\u00eda escrito en esa obra. Un maestro, a quien le confesaba esas lecturas, se re\u00eda un poco, con sorna, dici\u00e9ndome que s\u00f3lo era poes\u00eda.<\/p>\n\n\n\n<p>En Atetecochco descubr\u00ed el sentido de la opresi\u00f3n hist\u00f3rica, de los desamparados, de los olvidados, de quienes huyeron para dejar a los Conquistadores el valle, las tierras m\u00e1s pr\u00f3speras. La historia que m\u00e1s me conmovi\u00f3, sin duda, fue la de Iztli, una peque\u00f1a de 10 a\u00f1os a quien le gustaba cantar, correr en el atrio de la capilla del pueblo y por las tardes emborracharse, con el aguardiente que encontraba en su casa.<\/p>\n\n\n\n<p>Hace honor a su nombre, nos dijo la maestra. Su alcoholismo es un \u201cescudo\u201d, una \u201cdefensa\u201d ante lo que vive. Su padre maltrata a su madre. La escuela es un escape pero el gran escape lo encontr\u00f3 en el estado de ebriedad, nos refiri\u00f3 con tristeza. Ten\u00eda raz\u00f3n. Adem\u00e1s, las condiciones de vida, el aislamiento, el microcosmos en el que se desarrollaban, orillaba a ni\u00f1as y ni\u00f1os, desde los 10 o 12 a\u00f1os, a involucrarse con el alcohol.<\/p>\n\n\n\n<p>Han pasado muchos a\u00f1os de este viaje y de vez en vez, mientras observo, como dec\u00eda el viejo Schopenhauer, la vida, desde una mesa bien provista, pienso en Iztli, en su melodiosa voz cantando \u201cYolpaki\u201d y en los cientos de ni\u00f1os que buscaron en el alcohol, un coraz\u00f3n feliz que entendiera la realidad de este mundo.<\/p>\n","protected":false},"excerpt":{"rendered":"<p>\u2002\u2002\u00daNETE A NUESTRO CANAL \u00a1LOS POL\u00cdTICOS VERACRUZ ya est\u00e1 en WhatsApp! Miguel Valera Relatos dominicales Escuch\u00e9 por primera vez la palabra \u201cYolpaki\u201d en la comunidad de Atetecochco, en el municipio de Atlahuilco, en la sierra de Zongolica, a donde nos llev\u00f3 una maestra, antrop\u00f3loga, que ten\u00eda inter\u00e9s de llevar el conocimiento de las aulas a [&hellip;]<\/p>\n","protected":false},"author":2,"featured_media":144961,"comment_status":"closed","ping_status":"closed","sticky":false,"template":"","format":"standard","meta":{"tdm_status":"","tdm_grid_status":"","footnotes":""},"categories":[75],"tags":[],"class_list":{"0":"post-144960","1":"post","2":"type-post","3":"status-publish","4":"format-standard","5":"has-post-thumbnail","7":"category-cine-libros-y-mas"},"yoast_head":"<!-- This site is optimized with the Yoast SEO plugin v27.4 - https:\/\/yoast.com\/product\/yoast-seo-wordpress\/ -->\n<title>CORAZ\u00d3N FELIZ - Los pol\u00edticos Veracruz<\/title>\n<meta name=\"robots\" content=\"index, follow, max-snippet:-1, max-image-preview:large, max-video-preview:-1\" \/>\n<link rel=\"canonical\" href=\"https:\/\/lospoliticosveracruz.com\/?p=144960\" \/>\n<meta property=\"og:locale\" content=\"es_ES\" \/>\n<meta property=\"og:type\" content=\"article\" \/>\n<meta property=\"og:title\" content=\"CORAZ\u00d3N FELIZ - Los pol\u00edticos Veracruz\" \/>\n<meta property=\"og:description\" content=\"\u2002\u2002\u00daNETE A NUESTRO CANAL \u00a1LOS POL\u00cdTICOS VERACRUZ ya est\u00e1 en WhatsApp! Miguel Valera Relatos dominicales Escuch\u00e9 por primera vez la palabra \u201cYolpaki\u201d en la comunidad de Atetecochco, en el municipio de Atlahuilco, en la sierra de Zongolica, a donde nos llev\u00f3 una maestra, antrop\u00f3loga, que ten\u00eda inter\u00e9s de llevar el conocimiento de las aulas a [&hellip;]\" \/>\n<meta property=\"og:url\" content=\"https:\/\/lospoliticosveracruz.com\/?p=144960\" \/>\n<meta property=\"og:site_name\" content=\"Los pol\u00edticos Veracruz\" \/>\n<meta property=\"article:publisher\" content=\"https:\/\/www.facebook.com\/people\/Notimemes-de-los-Polticos\/61565672886568\/\" \/>\n<meta property=\"article:published_time\" content=\"2025-05-18T15:08:00+00:00\" \/>\n<meta property=\"article:modified_time\" content=\"2025-05-18T15:08:20+00:00\" \/>\n<meta property=\"og:image\" content=\"https:\/\/lospoliticosveracruz.com\/wp-content\/uploads\/2025\/05\/Mascara.jpg\" \/>\n\t<meta property=\"og:image:width\" content=\"600\" \/>\n\t<meta property=\"og:image:height\" content=\"320\" \/>\n\t<meta property=\"og:image:type\" content=\"image\/jpeg\" \/>\n<meta name=\"author\" content=\"Lo viste en Los Pol\u00edticos\" \/>\n<meta name=\"twitter:card\" content=\"summary_large_image\" \/>\n<meta name=\"twitter:creator\" content=\"@LosPoliticosVer\" \/>\n<meta name=\"twitter:site\" content=\"@LosPoliticosVer\" \/>\n<meta name=\"twitter:label1\" content=\"Escrito por\" \/>\n\t<meta name=\"twitter:data1\" content=\"Lo viste en Los Pol\u00edticos\" \/>\n\t<meta name=\"twitter:label2\" content=\"Tiempo de lectura\" \/>\n\t<meta name=\"twitter:data2\" content=\"3 minutos\" \/>\n<script type=\"application\/ld+json\" class=\"yoast-schema-graph\">{\"@context\":\"https:\\\/\\\/schema.org\",\"@graph\":[{\"@type\":\"Article\",\"@id\":\"https:\\\/\\\/lospoliticosveracruz.com\\\/?p=144960#article\",\"isPartOf\":{\"@id\":\"https:\\\/\\\/lospoliticosveracruz.com\\\/?p=144960\"},\"author\":{\"name\":\"Lo viste en Los Pol\u00edticos\",\"@id\":\"https:\\\/\\\/lospoliticosveracruz.com\\\/#\\\/schema\\\/person\\\/b8702bb0e538456e6efd07080bf2a4a2\"},\"headline\":\"CORAZ\u00d3N FELIZ\",\"datePublished\":\"2025-05-18T15:08:00+00:00\",\"dateModified\":\"2025-05-18T15:08:20+00:00\",\"mainEntityOfPage\":{\"@id\":\"https:\\\/\\\/lospoliticosveracruz.com\\\/?p=144960\"},\"wordCount\":645,\"publisher\":{\"@id\":\"https:\\\/\\\/lospoliticosveracruz.com\\\/#organization\"},\"image\":{\"@id\":\"https:\\\/\\\/lospoliticosveracruz.com\\\/?p=144960#primaryimage\"},\"thumbnailUrl\":\"https:\\\/\\\/lospoliticosveracruz.com\\\/wp-content\\\/uploads\\\/2025\\\/05\\\/Mascara.jpg\",\"articleSection\":[\"Cine, Libros y m\u00e1s\"],\"inLanguage\":\"es\"},{\"@type\":\"WebPage\",\"@id\":\"https:\\\/\\\/lospoliticosveracruz.com\\\/?p=144960\",\"url\":\"https:\\\/\\\/lospoliticosveracruz.com\\\/?p=144960\",\"name\":\"CORAZ\u00d3N FELIZ - Los pol\u00edticos Veracruz\",\"isPartOf\":{\"@id\":\"https:\\\/\\\/lospoliticosveracruz.com\\\/#website\"},\"primaryImageOfPage\":{\"@id\":\"https:\\\/\\\/lospoliticosveracruz.com\\\/?p=144960#primaryimage\"},\"image\":{\"@id\":\"https:\\\/\\\/lospoliticosveracruz.com\\\/?p=144960#primaryimage\"},\"thumbnailUrl\":\"https:\\\/\\\/lospoliticosveracruz.com\\\/wp-content\\\/uploads\\\/2025\\\/05\\\/Mascara.jpg\",\"datePublished\":\"2025-05-18T15:08:00+00:00\",\"dateModified\":\"2025-05-18T15:08:20+00:00\",\"breadcrumb\":{\"@id\":\"https:\\\/\\\/lospoliticosveracruz.com\\\/?p=144960#breadcrumb\"},\"inLanguage\":\"es\",\"potentialAction\":[{\"@type\":\"ReadAction\",\"target\":[\"https:\\\/\\\/lospoliticosveracruz.com\\\/?p=144960\"]}]},{\"@type\":\"ImageObject\",\"inLanguage\":\"es\",\"@id\":\"https:\\\/\\\/lospoliticosveracruz.com\\\/?p=144960#primaryimage\",\"url\":\"https:\\\/\\\/lospoliticosveracruz.com\\\/wp-content\\\/uploads\\\/2025\\\/05\\\/Mascara.jpg\",\"contentUrl\":\"https:\\\/\\\/lospoliticosveracruz.com\\\/wp-content\\\/uploads\\\/2025\\\/05\\\/Mascara.jpg\",\"width\":600,\"height\":320},{\"@type\":\"BreadcrumbList\",\"@id\":\"https:\\\/\\\/lospoliticosveracruz.com\\\/?p=144960#breadcrumb\",\"itemListElement\":[{\"@type\":\"ListItem\",\"position\":1,\"name\":\"Portada\",\"item\":\"https:\\\/\\\/lospoliticosveracruz.com\\\/\"},{\"@type\":\"ListItem\",\"position\":2,\"name\":\"CORAZ\u00d3N FELIZ\"}]},{\"@type\":\"WebSite\",\"@id\":\"https:\\\/\\\/lospoliticosveracruz.com\\\/#website\",\"url\":\"https:\\\/\\\/lospoliticosveracruz.com\\\/\",\"name\":\"Los pol\u00edticos Veracruz\",\"description\":\"\",\"publisher\":{\"@id\":\"https:\\\/\\\/lospoliticosveracruz.com\\\/#organization\"},\"potentialAction\":[{\"@type\":\"SearchAction\",\"target\":{\"@type\":\"EntryPoint\",\"urlTemplate\":\"https:\\\/\\\/lospoliticosveracruz.com\\\/?s={search_term_string}\"},\"query-input\":{\"@type\":\"PropertyValueSpecification\",\"valueRequired\":true,\"valueName\":\"search_term_string\"}}],\"inLanguage\":\"es\"},{\"@type\":\"Organization\",\"@id\":\"https:\\\/\\\/lospoliticosveracruz.com\\\/#organization\",\"name\":\"Los pol\u00edticos Veracruz\",\"url\":\"https:\\\/\\\/lospoliticosveracruz.com\\\/\",\"logo\":{\"@type\":\"ImageObject\",\"inLanguage\":\"es\",\"@id\":\"https:\\\/\\\/lospoliticosveracruz.com\\\/#\\\/schema\\\/logo\\\/image\\\/\",\"url\":\"https:\\\/\\\/lospoliticosveracruz.com\\\/wp-content\\\/uploads\\\/2025\\\/12\\\/Logo-Nuevo-LOS-POLITICOS-1.jpg\",\"contentUrl\":\"https:\\\/\\\/lospoliticosveracruz.com\\\/wp-content\\\/uploads\\\/2025\\\/12\\\/Logo-Nuevo-LOS-POLITICOS-1.jpg\",\"width\":260,\"height\":70,\"caption\":\"Los pol\u00edticos Veracruz\"},\"image\":{\"@id\":\"https:\\\/\\\/lospoliticosveracruz.com\\\/#\\\/schema\\\/logo\\\/image\\\/\"},\"sameAs\":[\"https:\\\/\\\/www.facebook.com\\\/people\\\/Notimemes-de-los-Polticos\\\/61565672886568\\\/\",\"https:\\\/\\\/x.com\\\/LosPoliticosVer\"]},{\"@type\":\"Person\",\"@id\":\"https:\\\/\\\/lospoliticosveracruz.com\\\/#\\\/schema\\\/person\\\/b8702bb0e538456e6efd07080bf2a4a2\",\"name\":\"Lo viste en Los Pol\u00edticos\",\"image\":{\"@type\":\"ImageObject\",\"inLanguage\":\"es\",\"@id\":\"https:\\\/\\\/secure.gravatar.com\\\/avatar\\\/3a8de04a2656d44082be478bd6c086daa447c4651605818287b9532d3d0bd435?s=96&d=mm&r=g\",\"url\":\"https:\\\/\\\/secure.gravatar.com\\\/avatar\\\/3a8de04a2656d44082be478bd6c086daa447c4651605818287b9532d3d0bd435?s=96&d=mm&r=g\",\"contentUrl\":\"https:\\\/\\\/secure.gravatar.com\\\/avatar\\\/3a8de04a2656d44082be478bd6c086daa447c4651605818287b9532d3d0bd435?s=96&d=mm&r=g\",\"caption\":\"Lo viste en Los Pol\u00edticos\"},\"url\":\"https:\\\/\\\/lospoliticosveracruz.com\\\/?author=2\"}]}<\/script>\n<!-- \/ Yoast SEO plugin. -->","yoast_head_json":{"title":"CORAZ\u00d3N FELIZ - Los pol\u00edticos Veracruz","robots":{"index":"index","follow":"follow","max-snippet":"max-snippet:-1","max-image-preview":"max-image-preview:large","max-video-preview":"max-video-preview:-1"},"canonical":"https:\/\/lospoliticosveracruz.com\/?p=144960","og_locale":"es_ES","og_type":"article","og_title":"CORAZ\u00d3N FELIZ - Los pol\u00edticos Veracruz","og_description":"\u2002\u2002\u00daNETE A NUESTRO CANAL \u00a1LOS POL\u00cdTICOS VERACRUZ ya est\u00e1 en WhatsApp! Miguel Valera Relatos dominicales Escuch\u00e9 por primera vez la palabra \u201cYolpaki\u201d en la comunidad de Atetecochco, en el municipio de Atlahuilco, en la sierra de Zongolica, a donde nos llev\u00f3 una maestra, antrop\u00f3loga, que ten\u00eda inter\u00e9s de llevar el conocimiento de las aulas a [&hellip;]","og_url":"https:\/\/lospoliticosveracruz.com\/?p=144960","og_site_name":"Los pol\u00edticos Veracruz","article_publisher":"https:\/\/www.facebook.com\/people\/Notimemes-de-los-Polticos\/61565672886568\/","article_published_time":"2025-05-18T15:08:00+00:00","article_modified_time":"2025-05-18T15:08:20+00:00","og_image":[{"width":600,"height":320,"url":"https:\/\/lospoliticosveracruz.com\/wp-content\/uploads\/2025\/05\/Mascara.jpg","type":"image\/jpeg"}],"author":"Lo viste en Los Pol\u00edticos","twitter_card":"summary_large_image","twitter_creator":"@LosPoliticosVer","twitter_site":"@LosPoliticosVer","twitter_misc":{"Escrito por":"Lo viste en Los Pol\u00edticos","Tiempo de lectura":"3 minutos"},"schema":{"@context":"https:\/\/schema.org","@graph":[{"@type":"Article","@id":"https:\/\/lospoliticosveracruz.com\/?p=144960#article","isPartOf":{"@id":"https:\/\/lospoliticosveracruz.com\/?p=144960"},"author":{"name":"Lo viste en Los Pol\u00edticos","@id":"https:\/\/lospoliticosveracruz.com\/#\/schema\/person\/b8702bb0e538456e6efd07080bf2a4a2"},"headline":"CORAZ\u00d3N FELIZ","datePublished":"2025-05-18T15:08:00+00:00","dateModified":"2025-05-18T15:08:20+00:00","mainEntityOfPage":{"@id":"https:\/\/lospoliticosveracruz.com\/?p=144960"},"wordCount":645,"publisher":{"@id":"https:\/\/lospoliticosveracruz.com\/#organization"},"image":{"@id":"https:\/\/lospoliticosveracruz.com\/?p=144960#primaryimage"},"thumbnailUrl":"https:\/\/lospoliticosveracruz.com\/wp-content\/uploads\/2025\/05\/Mascara.jpg","articleSection":["Cine, Libros y m\u00e1s"],"inLanguage":"es"},{"@type":"WebPage","@id":"https:\/\/lospoliticosveracruz.com\/?p=144960","url":"https:\/\/lospoliticosveracruz.com\/?p=144960","name":"CORAZ\u00d3N FELIZ - Los pol\u00edticos Veracruz","isPartOf":{"@id":"https:\/\/lospoliticosveracruz.com\/#website"},"primaryImageOfPage":{"@id":"https:\/\/lospoliticosveracruz.com\/?p=144960#primaryimage"},"image":{"@id":"https:\/\/lospoliticosveracruz.com\/?p=144960#primaryimage"},"thumbnailUrl":"https:\/\/lospoliticosveracruz.com\/wp-content\/uploads\/2025\/05\/Mascara.jpg","datePublished":"2025-05-18T15:08:00+00:00","dateModified":"2025-05-18T15:08:20+00:00","breadcrumb":{"@id":"https:\/\/lospoliticosveracruz.com\/?p=144960#breadcrumb"},"inLanguage":"es","potentialAction":[{"@type":"ReadAction","target":["https:\/\/lospoliticosveracruz.com\/?p=144960"]}]},{"@type":"ImageObject","inLanguage":"es","@id":"https:\/\/lospoliticosveracruz.com\/?p=144960#primaryimage","url":"https:\/\/lospoliticosveracruz.com\/wp-content\/uploads\/2025\/05\/Mascara.jpg","contentUrl":"https:\/\/lospoliticosveracruz.com\/wp-content\/uploads\/2025\/05\/Mascara.jpg","width":600,"height":320},{"@type":"BreadcrumbList","@id":"https:\/\/lospoliticosveracruz.com\/?p=144960#breadcrumb","itemListElement":[{"@type":"ListItem","position":1,"name":"Portada","item":"https:\/\/lospoliticosveracruz.com\/"},{"@type":"ListItem","position":2,"name":"CORAZ\u00d3N FELIZ"}]},{"@type":"WebSite","@id":"https:\/\/lospoliticosveracruz.com\/#website","url":"https:\/\/lospoliticosveracruz.com\/","name":"Los pol\u00edticos Veracruz","description":"","publisher":{"@id":"https:\/\/lospoliticosveracruz.com\/#organization"},"potentialAction":[{"@type":"SearchAction","target":{"@type":"EntryPoint","urlTemplate":"https:\/\/lospoliticosveracruz.com\/?s={search_term_string}"},"query-input":{"@type":"PropertyValueSpecification","valueRequired":true,"valueName":"search_term_string"}}],"inLanguage":"es"},{"@type":"Organization","@id":"https:\/\/lospoliticosveracruz.com\/#organization","name":"Los pol\u00edticos Veracruz","url":"https:\/\/lospoliticosveracruz.com\/","logo":{"@type":"ImageObject","inLanguage":"es","@id":"https:\/\/lospoliticosveracruz.com\/#\/schema\/logo\/image\/","url":"https:\/\/lospoliticosveracruz.com\/wp-content\/uploads\/2025\/12\/Logo-Nuevo-LOS-POLITICOS-1.jpg","contentUrl":"https:\/\/lospoliticosveracruz.com\/wp-content\/uploads\/2025\/12\/Logo-Nuevo-LOS-POLITICOS-1.jpg","width":260,"height":70,"caption":"Los pol\u00edticos Veracruz"},"image":{"@id":"https:\/\/lospoliticosveracruz.com\/#\/schema\/logo\/image\/"},"sameAs":["https:\/\/www.facebook.com\/people\/Notimemes-de-los-Polticos\/61565672886568\/","https:\/\/x.com\/LosPoliticosVer"]},{"@type":"Person","@id":"https:\/\/lospoliticosveracruz.com\/#\/schema\/person\/b8702bb0e538456e6efd07080bf2a4a2","name":"Lo viste en Los Pol\u00edticos","image":{"@type":"ImageObject","inLanguage":"es","@id":"https:\/\/secure.gravatar.com\/avatar\/3a8de04a2656d44082be478bd6c086daa447c4651605818287b9532d3d0bd435?s=96&d=mm&r=g","url":"https:\/\/secure.gravatar.com\/avatar\/3a8de04a2656d44082be478bd6c086daa447c4651605818287b9532d3d0bd435?s=96&d=mm&r=g","contentUrl":"https:\/\/secure.gravatar.com\/avatar\/3a8de04a2656d44082be478bd6c086daa447c4651605818287b9532d3d0bd435?s=96&d=mm&r=g","caption":"Lo viste en Los Pol\u00edticos"},"url":"https:\/\/lospoliticosveracruz.com\/?author=2"}]}},"_links":{"self":[{"href":"https:\/\/lospoliticosveracruz.com\/index.php?rest_route=\/wp\/v2\/posts\/144960","targetHints":{"allow":["GET"]}}],"collection":[{"href":"https:\/\/lospoliticosveracruz.com\/index.php?rest_route=\/wp\/v2\/posts"}],"about":[{"href":"https:\/\/lospoliticosveracruz.com\/index.php?rest_route=\/wp\/v2\/types\/post"}],"author":[{"embeddable":true,"href":"https:\/\/lospoliticosveracruz.com\/index.php?rest_route=\/wp\/v2\/users\/2"}],"replies":[{"embeddable":true,"href":"https:\/\/lospoliticosveracruz.com\/index.php?rest_route=%2Fwp%2Fv2%2Fcomments&post=144960"}],"version-history":[{"count":2,"href":"https:\/\/lospoliticosveracruz.com\/index.php?rest_route=\/wp\/v2\/posts\/144960\/revisions"}],"predecessor-version":[{"id":144963,"href":"https:\/\/lospoliticosveracruz.com\/index.php?rest_route=\/wp\/v2\/posts\/144960\/revisions\/144963"}],"wp:featuredmedia":[{"embeddable":true,"href":"https:\/\/lospoliticosveracruz.com\/index.php?rest_route=\/wp\/v2\/media\/144961"}],"wp:attachment":[{"href":"https:\/\/lospoliticosveracruz.com\/index.php?rest_route=%2Fwp%2Fv2%2Fmedia&parent=144960"}],"wp:term":[{"taxonomy":"category","embeddable":true,"href":"https:\/\/lospoliticosveracruz.com\/index.php?rest_route=%2Fwp%2Fv2%2Fcategories&post=144960"},{"taxonomy":"post_tag","embeddable":true,"href":"https:\/\/lospoliticosveracruz.com\/index.php?rest_route=%2Fwp%2Fv2%2Ftags&post=144960"}],"curies":[{"name":"wp","href":"https:\/\/api.w.org\/{rel}","templated":true}]}}