{"id":144964,"date":"2025-05-18T10:45:34","date_gmt":"2025-05-18T15:45:34","guid":{"rendered":"https:\/\/lospoliticosveracruz.com.mx\/?p=144964"},"modified":"2025-05-18T10:45:55","modified_gmt":"2025-05-18T15:45:55","slug":"junto-al-pueblo-de-veracruz","status":"publish","type":"post","link":"https:\/\/lospoliticosveracruz.com\/?p=144964","title":{"rendered":"JUNT\u00d3 AL PUEBLO DE VERACRUZ"},"content":{"rendered":"\n<p><a><\/a><a href=\"https:\/\/whatsapp.com\/channel\/0029Va8zRWlEKyZIP3Z1dF0e\"><strong>\u2002\u2002<\/strong><strong>\u00da<\/strong><strong>NETE A NUESTRO CANAL<\/strong><strong><\/strong><\/a><\/p>\n\n\n\n<p>\u00a1<a href=\"https:\/\/whatsapp.com\/channel\/0029Va8zRWlEKyZIP3Z1dF0e\"><strong>LOS POL\u00cd<\/strong><strong>TICOS VERACRUZ<\/strong><\/a> ya est\u00e1 en WhatsApp!<\/p>\n\n\n\n<p><strong>Juan de Dios S\u00e1nchez Abreu<\/strong><\/p>\n\n\n\n<p><em>El Gordito de Oro<br><\/em><\/p>\n\n\n\n<p>Seguimos en los preparativos del 3\u00aa. Congreso \u200bEstatal de la Asociaci\u00f3n Mexicana de Comunicadores y Periodistas del Estado de Veracruz (Amecope- Veracruz). \u201cDia de la Libertad de Expresi\u00f3n Amecope 2025\u201d el cual se llevar\u00e1 a cabo el d\u00eda Viernes 6 de junio 2025, en las instalaciones del hotel HB., de la ciudad de Xalapa, Veracruz. \u00a1Los esperamos!<br>*Quien sigue avanzando cada d\u00eda m\u00e1s, en la ciudad de Agua Dulce, es el candidato de la alianza Morena-Verde. \u00c1ngel Delgado, quien es bien recibido en cada unas de las colonias, donde \u00e9l va checando la problem\u00e1tica que se requiere en Agua Dulce, para ahora que llegue a la Alcald\u00eda, poder resolver cada uno de los problemas. \u00a1As\u00ed las cosas!<br>**La Despedida a Fidel Herrera Beltr\u00e1n, en el Congreso del Estado, fue una porras, aplauso y mucha adrenalina de los presentes.<\/p>\n\n\n\n<p>Algo inesperado por muchos sucedi\u00f3 este domingo 11 de mayo del presente a\u00f1o, en el Congreso del Estado, donde se llev\u00f3 a cabo el homenaje p\u00f3stumo, a un gran ser humano, amigo, jefe y gobernador de Veracruz \u201cFidel Herrera Beltr\u00e1n\u201d. Quien hasta su \u00faltimo adi\u00f3s, logro juntar al pueblo de Veracruz, cuando el maestro de ceremonia dio a conocer que ingresaban las cenizas al pleno del congreso, los presente se pusieron de pie, y lo recibieron con aplausos, porras, lagrima, emocionados por ver la escena donde su hija Rosita y sus hermanos Fidel y Javier entraron acompa\u00f1ados del Subsecretario de Gobierno Jos\u00e9 Manuel Pozos Castro (quien fue en representaci\u00f3n de la lgobernadora Roci\u00f3 Nahle) del diputado local y presidente de la Junta de Coordinaci\u00f3n Politica del Congreso del Estado (JUCOPO) Esteban Bautista Hernandez, Del \u201cT\u00edo Fide\u201d, se dicen muchas cosas buenas o malas, pero lo que si es cierto que los presente al evento, estaban contento de alegr\u00eda y llanto al mismo tiempo, al ver la urna de cremaci\u00f3n de cenizas donde ven\u00eda Fidel Herrera, incluso una se\u00f1ora se hinco ante ella, antes de entrar al pleno del congreso, era tanta la emoci\u00f3n de los presente, que en verdad parec\u00eda una fiesta, como le gustaba al \u201cT\u00edo Fide\u201d, las palabras de su hijo Javier Herrera, fueron con el coraz\u00f3n, al ver el cari\u00f1o que demostraba la gente a su padre, comento que su pap\u00e1 vivi\u00f3 para Veracruz, que fue un gobernado territorial que desde muy tempano hasta anochecer trabajaba por su querido Veracruz, que en la ma\u00f1ana estaba en el sur del estado y en la noche terminaba su gira de trabajo en las altas monta\u00f1as, por lo que se sent\u00eda muy orgulloso de su querido padre \u201cEl T\u00edo\u201d, como le dec\u00edan de cari\u00f1o, en verdad la gente presente en el homenaje sali\u00f3 contenta, una vez m\u00e1s estuvieron los que estimaron y quisieron a Fidel. Quienes no se presentaron al homenaje, ellos sabr\u00e1n por qu\u00e9 no asistieron, lo que si es cierto que Fidel Herrera, ayudo a m\u00e1s de uno de los que estaba en el congreso en su despedida o en la catedral metropolitana. \u201cEl T\u00edo\u201d, se va tranquilo porque sabe que el cumpli\u00f3 su objetivo en su vida terrenal.<br>***Incansable Maritza Guti\u00e9rrez, todos los d\u00edas camina cada una de las congregaciones de Puente Nacional, donde se compromete con los Puente\u00f1os, que en su gobierno abra continuidad del trabajo que realiza Roberto Montiel \u201cCalela\u201d, pero adem\u00e1s vendr\u00e1n m\u00e1s obras y proyectos para las 53 congregaciones. Maritza est\u00e1 trabajando fuerte junto con su equipo, para que este 1 de junio, la ciudadan\u00eda salga a darle su voto de confianza, en la alianza que encabeza los partidos VERDE-MORENA., y as\u00ed poder ser la pr\u00f3xima alcaldesa de Puente Nacional. Los Puente\u00f1os conocen perfectamente quien es Maritza Guti\u00e9rrez, desde que era sindica atend\u00eda a la ciudadan\u00eda y siempre estaba pendiente de las solicitudes que le hac\u00edan en el ayuntamiento, por eso confiamos que la gente va salir a darle su voto de confianza \u00a1Arriba y Adelante!<br>***El pueblo de Veracruz, esta muy preocupado porque cada d\u00eda se ve mas violencia en cada uno de los 212 municipios del Estado, lo m\u00e1s delicado es que estamos pasando por un proceso electoral donde eligi\u00e9remos a nuestras autoridades municipales, son las que mas contacto tienen con la poblaci\u00f3n, por eso el gobiernos federal y estatal, deben de estar muy atentos que esta elecci\u00f3n no se le vaya a salir de las manos, por eso con la llegada de las autoridades de seguridad nacional debe de haber una supervisi\u00f3n general en cada uno de los rincones de nuestro lindo Veracruz, estamos a tiempo para seguir teniendo la confianza en nuestra gobernadora Roci\u00f3 Nahle. \u00a1Adelante!<br>***Nos leemos la pr\u00f3xima semana., te invitamos a que nos sigas por todas nuestras plataformas y redes sociales, noticias y entrevista INNOVA-DIGITAL, LUDICO con \u201cEL GORDITO DE ORO\u201d, la revista impresa y virtual INNOVA-DIGITAL, el portal www.agenciainnovadigital.com.mx<\/p>\n","protected":false},"excerpt":{"rendered":"<p>\u2002\u2002\u00daNETE A NUESTRO CANAL \u00a1LOS POL\u00cdTICOS VERACRUZ ya est\u00e1 en WhatsApp! Juan de Dios S\u00e1nchez Abreu El Gordito de Oro Seguimos en los preparativos del 3\u00aa. Congreso \u200bEstatal de la Asociaci\u00f3n Mexicana de Comunicadores y Periodistas del Estado de Veracruz (Amecope- Veracruz). \u201cDia de la Libertad de Expresi\u00f3n Amecope 2025\u201d el cual se llevar\u00e1 a [&hellip;]<\/p>\n","protected":false},"author":2,"featured_media":132305,"comment_status":"closed","ping_status":"closed","sticky":false,"template":"","format":"standard","meta":{"tdm_status":"","tdm_grid_status":"","footnotes":""},"categories":[70],"tags":[436],"class_list":{"0":"post-144964","1":"post","2":"type-post","3":"status-publish","4":"format-standard","5":"has-post-thumbnail","7":"category-de-opinion","8":"tag-juan-de-dios-sanchez-abreu"},"yoast_head":"<!-- This site is optimized with the Yoast SEO plugin v27.4 - https:\/\/yoast.com\/product\/yoast-seo-wordpress\/ -->\n<title>JUNT\u00d3 AL PUEBLO DE VERACRUZ - Los pol\u00edticos Veracruz<\/title>\n<meta name=\"robots\" content=\"index, follow, max-snippet:-1, max-image-preview:large, max-video-preview:-1\" \/>\n<link rel=\"canonical\" href=\"https:\/\/lospoliticosveracruz.com\/?p=144964\" \/>\n<meta property=\"og:locale\" content=\"es_ES\" \/>\n<meta property=\"og:type\" content=\"article\" \/>\n<meta property=\"og:title\" content=\"JUNT\u00d3 AL PUEBLO DE VERACRUZ - Los pol\u00edticos Veracruz\" \/>\n<meta property=\"og:description\" content=\"\u2002\u2002\u00daNETE A NUESTRO CANAL \u00a1LOS POL\u00cdTICOS VERACRUZ ya est\u00e1 en WhatsApp! Juan de Dios S\u00e1nchez Abreu El Gordito de Oro Seguimos en los preparativos del 3\u00aa. Congreso \u200bEstatal de la Asociaci\u00f3n Mexicana de Comunicadores y Periodistas del Estado de Veracruz (Amecope- Veracruz). \u201cDia de la Libertad de Expresi\u00f3n Amecope 2025\u201d el cual se llevar\u00e1 a [&hellip;]\" \/>\n<meta property=\"og:url\" content=\"https:\/\/lospoliticosveracruz.com\/?p=144964\" \/>\n<meta property=\"og:site_name\" content=\"Los pol\u00edticos Veracruz\" \/>\n<meta property=\"article:publisher\" content=\"https:\/\/www.facebook.com\/people\/Notimemes-de-los-Polticos\/61565672886568\/\" \/>\n<meta property=\"article:published_time\" content=\"2025-05-18T15:45:34+00:00\" \/>\n<meta property=\"article:modified_time\" content=\"2025-05-18T15:45:55+00:00\" \/>\n<meta property=\"og:image\" content=\"https:\/\/lospoliticosveracruz.com\/wp-content\/uploads\/2024\/11\/Juan-de-Dios-SanchezAbreu.jpg\" \/>\n\t<meta property=\"og:image:width\" content=\"1250\" \/>\n\t<meta property=\"og:image:height\" content=\"667\" \/>\n\t<meta property=\"og:image:type\" content=\"image\/jpeg\" \/>\n<meta name=\"author\" content=\"Lo viste en Los Pol\u00edticos\" \/>\n<meta name=\"twitter:card\" content=\"summary_large_image\" \/>\n<meta name=\"twitter:creator\" content=\"@LosPoliticosVer\" \/>\n<meta name=\"twitter:site\" content=\"@LosPoliticosVer\" \/>\n<meta name=\"twitter:label1\" content=\"Escrito por\" \/>\n\t<meta name=\"twitter:data1\" content=\"Lo viste en Los Pol\u00edticos\" \/>\n\t<meta name=\"twitter:label2\" content=\"Tiempo de lectura\" \/>\n\t<meta name=\"twitter:data2\" content=\"4 minutos\" \/>\n<script type=\"application\/ld+json\" class=\"yoast-schema-graph\">{\"@context\":\"https:\\\/\\\/schema.org\",\"@graph\":[{\"@type\":\"Article\",\"@id\":\"https:\\\/\\\/lospoliticosveracruz.com\\\/?p=144964#article\",\"isPartOf\":{\"@id\":\"https:\\\/\\\/lospoliticosveracruz.com\\\/?p=144964\"},\"author\":{\"name\":\"Lo viste en Los Pol\u00edticos\",\"@id\":\"https:\\\/\\\/lospoliticosveracruz.com\\\/#\\\/schema\\\/person\\\/b8702bb0e538456e6efd07080bf2a4a2\"},\"headline\":\"JUNT\u00d3 AL PUEBLO DE VERACRUZ\",\"datePublished\":\"2025-05-18T15:45:34+00:00\",\"dateModified\":\"2025-05-18T15:45:55+00:00\",\"mainEntityOfPage\":{\"@id\":\"https:\\\/\\\/lospoliticosveracruz.com\\\/?p=144964\"},\"wordCount\":869,\"publisher\":{\"@id\":\"https:\\\/\\\/lospoliticosveracruz.com\\\/#organization\"},\"image\":{\"@id\":\"https:\\\/\\\/lospoliticosveracruz.com\\\/?p=144964#primaryimage\"},\"thumbnailUrl\":\"https:\\\/\\\/lospoliticosveracruz.com\\\/wp-content\\\/uploads\\\/2024\\\/11\\\/Juan-de-Dios-SanchezAbreu.jpg\",\"keywords\":[\"Juan de Dios S\u00e1nchez Abreu\"],\"articleSection\":[\"De Opini\u00f3n\"],\"inLanguage\":\"es\"},{\"@type\":\"WebPage\",\"@id\":\"https:\\\/\\\/lospoliticosveracruz.com\\\/?p=144964\",\"url\":\"https:\\\/\\\/lospoliticosveracruz.com\\\/?p=144964\",\"name\":\"JUNT\u00d3 AL PUEBLO DE VERACRUZ - Los pol\u00edticos Veracruz\",\"isPartOf\":{\"@id\":\"https:\\\/\\\/lospoliticosveracruz.com\\\/#website\"},\"primaryImageOfPage\":{\"@id\":\"https:\\\/\\\/lospoliticosveracruz.com\\\/?p=144964#primaryimage\"},\"image\":{\"@id\":\"https:\\\/\\\/lospoliticosveracruz.com\\\/?p=144964#primaryimage\"},\"thumbnailUrl\":\"https:\\\/\\\/lospoliticosveracruz.com\\\/wp-content\\\/uploads\\\/2024\\\/11\\\/Juan-de-Dios-SanchezAbreu.jpg\",\"datePublished\":\"2025-05-18T15:45:34+00:00\",\"dateModified\":\"2025-05-18T15:45:55+00:00\",\"breadcrumb\":{\"@id\":\"https:\\\/\\\/lospoliticosveracruz.com\\\/?p=144964#breadcrumb\"},\"inLanguage\":\"es\",\"potentialAction\":[{\"@type\":\"ReadAction\",\"target\":[\"https:\\\/\\\/lospoliticosveracruz.com\\\/?p=144964\"]}]},{\"@type\":\"ImageObject\",\"inLanguage\":\"es\",\"@id\":\"https:\\\/\\\/lospoliticosveracruz.com\\\/?p=144964#primaryimage\",\"url\":\"https:\\\/\\\/lospoliticosveracruz.com\\\/wp-content\\\/uploads\\\/2024\\\/11\\\/Juan-de-Dios-SanchezAbreu.jpg\",\"contentUrl\":\"https:\\\/\\\/lospoliticosveracruz.com\\\/wp-content\\\/uploads\\\/2024\\\/11\\\/Juan-de-Dios-SanchezAbreu.jpg\",\"width\":1250,\"height\":667},{\"@type\":\"BreadcrumbList\",\"@id\":\"https:\\\/\\\/lospoliticosveracruz.com\\\/?p=144964#breadcrumb\",\"itemListElement\":[{\"@type\":\"ListItem\",\"position\":1,\"name\":\"Portada\",\"item\":\"https:\\\/\\\/lospoliticosveracruz.com\\\/\"},{\"@type\":\"ListItem\",\"position\":2,\"name\":\"JUNT\u00d3 AL PUEBLO DE VERACRUZ\"}]},{\"@type\":\"WebSite\",\"@id\":\"https:\\\/\\\/lospoliticosveracruz.com\\\/#website\",\"url\":\"https:\\\/\\\/lospoliticosveracruz.com\\\/\",\"name\":\"Los pol\u00edticos Veracruz\",\"description\":\"\",\"publisher\":{\"@id\":\"https:\\\/\\\/lospoliticosveracruz.com\\\/#organization\"},\"potentialAction\":[{\"@type\":\"SearchAction\",\"target\":{\"@type\":\"EntryPoint\",\"urlTemplate\":\"https:\\\/\\\/lospoliticosveracruz.com\\\/?s={search_term_string}\"},\"query-input\":{\"@type\":\"PropertyValueSpecification\",\"valueRequired\":true,\"valueName\":\"search_term_string\"}}],\"inLanguage\":\"es\"},{\"@type\":\"Organization\",\"@id\":\"https:\\\/\\\/lospoliticosveracruz.com\\\/#organization\",\"name\":\"Los pol\u00edticos Veracruz\",\"url\":\"https:\\\/\\\/lospoliticosveracruz.com\\\/\",\"logo\":{\"@type\":\"ImageObject\",\"inLanguage\":\"es\",\"@id\":\"https:\\\/\\\/lospoliticosveracruz.com\\\/#\\\/schema\\\/logo\\\/image\\\/\",\"url\":\"https:\\\/\\\/lospoliticosveracruz.com\\\/wp-content\\\/uploads\\\/2025\\\/12\\\/Logo-Nuevo-LOS-POLITICOS-1.jpg\",\"contentUrl\":\"https:\\\/\\\/lospoliticosveracruz.com\\\/wp-content\\\/uploads\\\/2025\\\/12\\\/Logo-Nuevo-LOS-POLITICOS-1.jpg\",\"width\":260,\"height\":70,\"caption\":\"Los pol\u00edticos Veracruz\"},\"image\":{\"@id\":\"https:\\\/\\\/lospoliticosveracruz.com\\\/#\\\/schema\\\/logo\\\/image\\\/\"},\"sameAs\":[\"https:\\\/\\\/www.facebook.com\\\/people\\\/Notimemes-de-los-Polticos\\\/61565672886568\\\/\",\"https:\\\/\\\/x.com\\\/LosPoliticosVer\"]},{\"@type\":\"Person\",\"@id\":\"https:\\\/\\\/lospoliticosveracruz.com\\\/#\\\/schema\\\/person\\\/b8702bb0e538456e6efd07080bf2a4a2\",\"name\":\"Lo viste en Los Pol\u00edticos\",\"image\":{\"@type\":\"ImageObject\",\"inLanguage\":\"es\",\"@id\":\"https:\\\/\\\/secure.gravatar.com\\\/avatar\\\/3a8de04a2656d44082be478bd6c086daa447c4651605818287b9532d3d0bd435?s=96&d=mm&r=g\",\"url\":\"https:\\\/\\\/secure.gravatar.com\\\/avatar\\\/3a8de04a2656d44082be478bd6c086daa447c4651605818287b9532d3d0bd435?s=96&d=mm&r=g\",\"contentUrl\":\"https:\\\/\\\/secure.gravatar.com\\\/avatar\\\/3a8de04a2656d44082be478bd6c086daa447c4651605818287b9532d3d0bd435?s=96&d=mm&r=g\",\"caption\":\"Lo viste en Los Pol\u00edticos\"},\"url\":\"https:\\\/\\\/lospoliticosveracruz.com\\\/?author=2\"}]}<\/script>\n<!-- \/ Yoast SEO plugin. -->","yoast_head_json":{"title":"JUNT\u00d3 AL PUEBLO DE VERACRUZ - Los pol\u00edticos Veracruz","robots":{"index":"index","follow":"follow","max-snippet":"max-snippet:-1","max-image-preview":"max-image-preview:large","max-video-preview":"max-video-preview:-1"},"canonical":"https:\/\/lospoliticosveracruz.com\/?p=144964","og_locale":"es_ES","og_type":"article","og_title":"JUNT\u00d3 AL PUEBLO DE VERACRUZ - Los pol\u00edticos Veracruz","og_description":"\u2002\u2002\u00daNETE A NUESTRO CANAL \u00a1LOS POL\u00cdTICOS VERACRUZ ya est\u00e1 en WhatsApp! Juan de Dios S\u00e1nchez Abreu El Gordito de Oro Seguimos en los preparativos del 3\u00aa. Congreso \u200bEstatal de la Asociaci\u00f3n Mexicana de Comunicadores y Periodistas del Estado de Veracruz (Amecope- Veracruz). \u201cDia de la Libertad de Expresi\u00f3n Amecope 2025\u201d el cual se llevar\u00e1 a [&hellip;]","og_url":"https:\/\/lospoliticosveracruz.com\/?p=144964","og_site_name":"Los pol\u00edticos Veracruz","article_publisher":"https:\/\/www.facebook.com\/people\/Notimemes-de-los-Polticos\/61565672886568\/","article_published_time":"2025-05-18T15:45:34+00:00","article_modified_time":"2025-05-18T15:45:55+00:00","og_image":[{"width":1250,"height":667,"url":"https:\/\/lospoliticosveracruz.com\/wp-content\/uploads\/2024\/11\/Juan-de-Dios-SanchezAbreu.jpg","type":"image\/jpeg"}],"author":"Lo viste en Los Pol\u00edticos","twitter_card":"summary_large_image","twitter_creator":"@LosPoliticosVer","twitter_site":"@LosPoliticosVer","twitter_misc":{"Escrito por":"Lo viste en Los Pol\u00edticos","Tiempo de lectura":"4 minutos"},"schema":{"@context":"https:\/\/schema.org","@graph":[{"@type":"Article","@id":"https:\/\/lospoliticosveracruz.com\/?p=144964#article","isPartOf":{"@id":"https:\/\/lospoliticosveracruz.com\/?p=144964"},"author":{"name":"Lo viste en Los Pol\u00edticos","@id":"https:\/\/lospoliticosveracruz.com\/#\/schema\/person\/b8702bb0e538456e6efd07080bf2a4a2"},"headline":"JUNT\u00d3 AL PUEBLO DE VERACRUZ","datePublished":"2025-05-18T15:45:34+00:00","dateModified":"2025-05-18T15:45:55+00:00","mainEntityOfPage":{"@id":"https:\/\/lospoliticosveracruz.com\/?p=144964"},"wordCount":869,"publisher":{"@id":"https:\/\/lospoliticosveracruz.com\/#organization"},"image":{"@id":"https:\/\/lospoliticosveracruz.com\/?p=144964#primaryimage"},"thumbnailUrl":"https:\/\/lospoliticosveracruz.com\/wp-content\/uploads\/2024\/11\/Juan-de-Dios-SanchezAbreu.jpg","keywords":["Juan de Dios S\u00e1nchez Abreu"],"articleSection":["De Opini\u00f3n"],"inLanguage":"es"},{"@type":"WebPage","@id":"https:\/\/lospoliticosveracruz.com\/?p=144964","url":"https:\/\/lospoliticosveracruz.com\/?p=144964","name":"JUNT\u00d3 AL PUEBLO DE VERACRUZ - Los pol\u00edticos Veracruz","isPartOf":{"@id":"https:\/\/lospoliticosveracruz.com\/#website"},"primaryImageOfPage":{"@id":"https:\/\/lospoliticosveracruz.com\/?p=144964#primaryimage"},"image":{"@id":"https:\/\/lospoliticosveracruz.com\/?p=144964#primaryimage"},"thumbnailUrl":"https:\/\/lospoliticosveracruz.com\/wp-content\/uploads\/2024\/11\/Juan-de-Dios-SanchezAbreu.jpg","datePublished":"2025-05-18T15:45:34+00:00","dateModified":"2025-05-18T15:45:55+00:00","breadcrumb":{"@id":"https:\/\/lospoliticosveracruz.com\/?p=144964#breadcrumb"},"inLanguage":"es","potentialAction":[{"@type":"ReadAction","target":["https:\/\/lospoliticosveracruz.com\/?p=144964"]}]},{"@type":"ImageObject","inLanguage":"es","@id":"https:\/\/lospoliticosveracruz.com\/?p=144964#primaryimage","url":"https:\/\/lospoliticosveracruz.com\/wp-content\/uploads\/2024\/11\/Juan-de-Dios-SanchezAbreu.jpg","contentUrl":"https:\/\/lospoliticosveracruz.com\/wp-content\/uploads\/2024\/11\/Juan-de-Dios-SanchezAbreu.jpg","width":1250,"height":667},{"@type":"BreadcrumbList","@id":"https:\/\/lospoliticosveracruz.com\/?p=144964#breadcrumb","itemListElement":[{"@type":"ListItem","position":1,"name":"Portada","item":"https:\/\/lospoliticosveracruz.com\/"},{"@type":"ListItem","position":2,"name":"JUNT\u00d3 AL PUEBLO DE VERACRUZ"}]},{"@type":"WebSite","@id":"https:\/\/lospoliticosveracruz.com\/#website","url":"https:\/\/lospoliticosveracruz.com\/","name":"Los pol\u00edticos Veracruz","description":"","publisher":{"@id":"https:\/\/lospoliticosveracruz.com\/#organization"},"potentialAction":[{"@type":"SearchAction","target":{"@type":"EntryPoint","urlTemplate":"https:\/\/lospoliticosveracruz.com\/?s={search_term_string}"},"query-input":{"@type":"PropertyValueSpecification","valueRequired":true,"valueName":"search_term_string"}}],"inLanguage":"es"},{"@type":"Organization","@id":"https:\/\/lospoliticosveracruz.com\/#organization","name":"Los pol\u00edticos Veracruz","url":"https:\/\/lospoliticosveracruz.com\/","logo":{"@type":"ImageObject","inLanguage":"es","@id":"https:\/\/lospoliticosveracruz.com\/#\/schema\/logo\/image\/","url":"https:\/\/lospoliticosveracruz.com\/wp-content\/uploads\/2025\/12\/Logo-Nuevo-LOS-POLITICOS-1.jpg","contentUrl":"https:\/\/lospoliticosveracruz.com\/wp-content\/uploads\/2025\/12\/Logo-Nuevo-LOS-POLITICOS-1.jpg","width":260,"height":70,"caption":"Los pol\u00edticos Veracruz"},"image":{"@id":"https:\/\/lospoliticosveracruz.com\/#\/schema\/logo\/image\/"},"sameAs":["https:\/\/www.facebook.com\/people\/Notimemes-de-los-Polticos\/61565672886568\/","https:\/\/x.com\/LosPoliticosVer"]},{"@type":"Person","@id":"https:\/\/lospoliticosveracruz.com\/#\/schema\/person\/b8702bb0e538456e6efd07080bf2a4a2","name":"Lo viste en Los Pol\u00edticos","image":{"@type":"ImageObject","inLanguage":"es","@id":"https:\/\/secure.gravatar.com\/avatar\/3a8de04a2656d44082be478bd6c086daa447c4651605818287b9532d3d0bd435?s=96&d=mm&r=g","url":"https:\/\/secure.gravatar.com\/avatar\/3a8de04a2656d44082be478bd6c086daa447c4651605818287b9532d3d0bd435?s=96&d=mm&r=g","contentUrl":"https:\/\/secure.gravatar.com\/avatar\/3a8de04a2656d44082be478bd6c086daa447c4651605818287b9532d3d0bd435?s=96&d=mm&r=g","caption":"Lo viste en Los Pol\u00edticos"},"url":"https:\/\/lospoliticosveracruz.com\/?author=2"}]}},"_links":{"self":[{"href":"https:\/\/lospoliticosveracruz.com\/index.php?rest_route=\/wp\/v2\/posts\/144964","targetHints":{"allow":["GET"]}}],"collection":[{"href":"https:\/\/lospoliticosveracruz.com\/index.php?rest_route=\/wp\/v2\/posts"}],"about":[{"href":"https:\/\/lospoliticosveracruz.com\/index.php?rest_route=\/wp\/v2\/types\/post"}],"author":[{"embeddable":true,"href":"https:\/\/lospoliticosveracruz.com\/index.php?rest_route=\/wp\/v2\/users\/2"}],"replies":[{"embeddable":true,"href":"https:\/\/lospoliticosveracruz.com\/index.php?rest_route=%2Fwp%2Fv2%2Fcomments&post=144964"}],"version-history":[{"count":2,"href":"https:\/\/lospoliticosveracruz.com\/index.php?rest_route=\/wp\/v2\/posts\/144964\/revisions"}],"predecessor-version":[{"id":144966,"href":"https:\/\/lospoliticosveracruz.com\/index.php?rest_route=\/wp\/v2\/posts\/144964\/revisions\/144966"}],"wp:featuredmedia":[{"embeddable":true,"href":"https:\/\/lospoliticosveracruz.com\/index.php?rest_route=\/wp\/v2\/media\/132305"}],"wp:attachment":[{"href":"https:\/\/lospoliticosveracruz.com\/index.php?rest_route=%2Fwp%2Fv2%2Fmedia&parent=144964"}],"wp:term":[{"taxonomy":"category","embeddable":true,"href":"https:\/\/lospoliticosveracruz.com\/index.php?rest_route=%2Fwp%2Fv2%2Fcategories&post=144964"},{"taxonomy":"post_tag","embeddable":true,"href":"https:\/\/lospoliticosveracruz.com\/index.php?rest_route=%2Fwp%2Fv2%2Ftags&post=144964"}],"curies":[{"name":"wp","href":"https:\/\/api.w.org\/{rel}","templated":true}]}}