{"id":145011,"date":"2025-05-19T00:02:41","date_gmt":"2025-05-19T05:02:41","guid":{"rendered":"https:\/\/lospoliticosveracruz.com.mx\/?p=145011"},"modified":"2025-05-19T00:02:55","modified_gmt":"2025-05-19T05:02:55","slug":"se-quedo-dormido-y-la-troka-del-zorro-se-prendio-candela","status":"publish","type":"post","link":"https:\/\/lospoliticosveracruz.com\/?p=145011","title":{"rendered":"SE QUED\u00d3 DORMIDO Y LA TROKA DEL ZORRO SE PRENDI\u00d3 CANDELA"},"content":{"rendered":"\n<p><\/p>\n\n\n\n<p>[S\u00edguenos ahora tambi\u00e9n en WhatsApp.\u00a0<a href=\"https:\/\/whatsapp.com\/channel\/0029Va8zRWlEKyZIP3Z1dF0e\"><strong><em>Da clic aqu\u00ed<\/em><\/strong><\/a>]\u00a0<br><strong>El Trujyper<\/strong><br><em>Verba brava<\/em><\/p>\n\n\n\n<p>\u00a1Qu\u00e9 historietas se tejen en Paso de Ovejas! Los partidos que van en segundo lugar pa\u00b4la eleici\u00f3n de la presidencia monecipal se destrozan, se jalan las medias y pelucas, o sea la Morena y el M.C, de la naranja mec\u00e1nica, a ver qui\u00e9n mete m\u00e1s regidores, se la quieren ganar a Celita Lagunes \u00a1Ah brutos, no los distraigan! Que al cabo y qu\u00e9.<\/p>\n\n\n\n<p>Es cuento viejo del 30 de abril en la comarca, uno de los cap\u00edtulos se dio cuando, aseg\u00fan chismearon en la cantina de mala fama las VivasDivas, dizque el secre del ayuntamiento del alcalde Mafiara, el Angel\u00edn Motas Ram\u00edrez en su troka Honda CRV andaba de cuzco espiando qu\u00e9 hac\u00edan, ondi com\u00edan, con quien platicaban, ondi miaban los cuadernos del Uriel candidato del naranja naranja y \u00e1i tienen al Angel\u00edn foto y foto y v\u00eddeo y v\u00eddeo pero qu\u00e9 creen raza, al wero le cacharon en la movida, le pegaron chica corretiza a pura bala fr\u00eda y caliente all\u00e1 por El Pando sac\u00e1ndole chico sustote y los pedernales que hasta la regla perdi\u00f3 por un agujero en la panza, quesque hab\u00eda sido enviado a espiar supuestamente por el Don Mafi de Palacio Monecipal que quiere seguir padroteando el monecipio con Anah\u00ed la becaria al frente.<\/p>\n\n\n\n<p>Desde ant\u00f3ns viene la bronca entre estas pandillas.<br>El cap\u00edtulo reciente es que supuestamente se dar\u00e1 a conocer ahoy lunes cuando el barbis naranja Uriel Peralta o sea el candidato de MC, dizque har\u00e1 denuncia formal porque una troka que traiba Pepe To\u00f1o, el Zorr\u00edn, valedor de su equipo de campa\u00f1a quesque a las una de la madrugada en la comunid\u00e1 Loma Fina le prendieron fuego como quien dice lumbre de la que quema y se achicharr\u00f3 la charchina, igualito que al Cuarto de Tula se qued\u00f3 dormido no apag\u00f3 la vela y se prendi\u00f3 candela.<\/p>\n\n\n\n<p>Yo crioque en la denuncia dir\u00e1 de quien es propied\u00e1 la troka, quien sabe si esa troka sea uno de los beneficios que le han heredao ca\u00f1eros y dem\u00e1s c\u00e1mpiras de la regi\u00f3n a Urielito, trabajadores del campo a los que ha representado desde hace como 15 a\u00f1ejos con la finta de que las lanas recabadas son para canales de riego, caminos sacacosecha, fertilizantes y equipo y maquinaria, tocho con la venia de la CONALAG. \u00bfO ser\u00e1 contribuci\u00f3n en gre\u00f1a del clan de los Ram\u00edrez?<\/p>\n\n\n\n<p>Con eso de que hasta las casas de operaciones le prestan pintaditas anarajandas \u00a1Ay nanita qu\u00e9 mello!<\/p>\n\n\n\n<p>As\u00ed es valedores, la violencia pol\u00edtica est\u00e1 fuera de madre como quien dice incontenible, y la neta que lastima que el gobierno de T\u00eda Ch\u00edo no ha tenido capacid\u00e1 pa\u00b4parar ni controlar el desmadrito, neta del planeta.<\/p>\n\n\n\n<p>Algo sintom\u00e1tico de que la desesperaci\u00f3n ha llegado al grupo de apoyo del candidato Urielito es la tremenda madrina que se dieron entre ellos, en el campo de b\u00e9isbol de Loma del Nanche. Quezque cuando se estaban repartiendo el queso, la marmaja y la morralla del salario por el d\u00eda caminado con camiseta negra y anaranjada, asoleados con banderita y matraca al hombro.. que si te toca un cien pos llegastes al medio d\u00eda y bien cruel, que te tocan doscientos a ti porque estas buenona y que al jefe de cuadrilla un trescient\u00f3n, tres litros de ca\u00f1a y un churro de 10 cent\u00edmetros, \u00a1un despapaye marca Acme! canela fina, se arm\u00f3 la tremolina y no estaban en Madr\u00ed, taban en El Nanche.<br>Lo que no deja de ser cierto es que \u00e1i tiro pal segundo lugar entre Uriel MC y Anah\u00ed de Morena en la tierra de T\u00edn Acosta Lagunes, pero clarines que ninguno de los dos ganar\u00e1, no les alcanzan los n\u00fameros, la mala fama les corroe; mientras el profe Josiel Acosta candidato del Partido del Trabajo avanza sin broncas, penetra en el \u00e1nimo del pueblo bueno y sabio, hace campa\u00f1a con poqu\u00edsima lana, lo que s\u00ed tiene es un resto es prestigio, buen nombre y honestid\u00e1. \u00a1Por eso ganar\u00e1 el vato!<\/p>\n\n\n\n<p>GUIJARRO: Tradicional y pol\u00edticamente la Secretar\u00eda de Gobierno es la responsable de la tranquilidad social para los veracruzanos sobre todo en tiempos electorales. Sin embargo ante la realidad de la violencia pol\u00edtica actual trasluce falta de car\u00e1cter, definici\u00f3n y valor. \u00bfPor qu\u00e9 renunci\u00f3 Ricardo Ahued a la Direcci\u00f3n de Aduanas? Si no pueden, renuncien.<br>(Lo plasmado en Verba Brava es responsabilidad de quien lo redacta. La Casa Editorial no influye ni participa del criterio expuesto. trujyper@hotmail.com)<\/p>\n","protected":false},"excerpt":{"rendered":"<p>[S\u00edguenos ahora tambi\u00e9n en WhatsApp.\u00a0Da clic aqu\u00ed]\u00a0El TrujyperVerba brava \u00a1Qu\u00e9 historietas se tejen en Paso de Ovejas! Los partidos que van en segundo lugar pa\u00b4la eleici\u00f3n de la presidencia monecipal se destrozan, se jalan las medias y pelucas, o sea la Morena y el M.C, de la naranja mec\u00e1nica, a ver qui\u00e9n mete m\u00e1s regidores, [&hellip;]<\/p>\n","protected":false},"author":2,"featured_media":141381,"comment_status":"closed","ping_status":"closed","sticky":false,"template":"","format":"standard","meta":{"tdm_status":"","tdm_grid_status":"","footnotes":""},"categories":[70],"tags":[],"class_list":{"0":"post-145011","1":"post","2":"type-post","3":"status-publish","4":"format-standard","5":"has-post-thumbnail","7":"category-de-opinion"},"yoast_head":"<!-- This site is optimized with the Yoast SEO plugin v27.4 - https:\/\/yoast.com\/product\/yoast-seo-wordpress\/ -->\n<title>SE QUED\u00d3 DORMIDO Y LA TROKA DEL ZORRO SE PRENDI\u00d3 CANDELA - Los pol\u00edticos Veracruz<\/title>\n<meta name=\"robots\" content=\"index, follow, max-snippet:-1, max-image-preview:large, max-video-preview:-1\" \/>\n<link rel=\"canonical\" href=\"https:\/\/lospoliticosveracruz.com\/?p=145011\" \/>\n<meta property=\"og:locale\" content=\"es_ES\" \/>\n<meta property=\"og:type\" content=\"article\" \/>\n<meta property=\"og:title\" content=\"SE QUED\u00d3 DORMIDO Y LA TROKA DEL ZORRO SE PRENDI\u00d3 CANDELA - Los pol\u00edticos Veracruz\" \/>\n<meta property=\"og:description\" content=\"[S\u00edguenos ahora tambi\u00e9n en WhatsApp.\u00a0Da clic aqu\u00ed]\u00a0El TrujyperVerba brava \u00a1Qu\u00e9 historietas se tejen en Paso de Ovejas! Los partidos que van en segundo lugar pa\u00b4la eleici\u00f3n de la presidencia monecipal se destrozan, se jalan las medias y pelucas, o sea la Morena y el M.C, de la naranja mec\u00e1nica, a ver qui\u00e9n mete m\u00e1s regidores, [&hellip;]\" \/>\n<meta property=\"og:url\" content=\"https:\/\/lospoliticosveracruz.com\/?p=145011\" \/>\n<meta property=\"og:site_name\" content=\"Los pol\u00edticos Veracruz\" \/>\n<meta property=\"article:publisher\" content=\"https:\/\/www.facebook.com\/people\/Notimemes-de-los-Polticos\/61565672886568\/\" \/>\n<meta property=\"article:published_time\" content=\"2025-05-19T05:02:41+00:00\" \/>\n<meta property=\"article:modified_time\" content=\"2025-05-19T05:02:55+00:00\" \/>\n<meta property=\"og:image\" content=\"https:\/\/lospoliticosveracruz.com\/wp-content\/uploads\/2025\/04\/El-Trujyper.jpg\" \/>\n\t<meta property=\"og:image:width\" content=\"1250\" \/>\n\t<meta property=\"og:image:height\" content=\"667\" \/>\n\t<meta property=\"og:image:type\" content=\"image\/jpeg\" \/>\n<meta name=\"author\" content=\"Lo viste en Los Pol\u00edticos\" \/>\n<meta name=\"twitter:card\" content=\"summary_large_image\" \/>\n<meta name=\"twitter:creator\" content=\"@LosPoliticosVer\" \/>\n<meta name=\"twitter:site\" content=\"@LosPoliticosVer\" \/>\n<meta name=\"twitter:label1\" content=\"Escrito por\" \/>\n\t<meta name=\"twitter:data1\" content=\"Lo viste en Los Pol\u00edticos\" \/>\n\t<meta name=\"twitter:label2\" content=\"Tiempo de lectura\" \/>\n\t<meta name=\"twitter:data2\" content=\"4 minutos\" \/>\n<script type=\"application\/ld+json\" class=\"yoast-schema-graph\">{\"@context\":\"https:\\\/\\\/schema.org\",\"@graph\":[{\"@type\":\"Article\",\"@id\":\"https:\\\/\\\/lospoliticosveracruz.com\\\/?p=145011#article\",\"isPartOf\":{\"@id\":\"https:\\\/\\\/lospoliticosveracruz.com\\\/?p=145011\"},\"author\":{\"name\":\"Lo viste en Los Pol\u00edticos\",\"@id\":\"https:\\\/\\\/lospoliticosveracruz.com\\\/#\\\/schema\\\/person\\\/b8702bb0e538456e6efd07080bf2a4a2\"},\"headline\":\"SE QUED\u00d3 DORMIDO Y LA TROKA DEL ZORRO SE PRENDI\u00d3 CANDELA\",\"datePublished\":\"2025-05-19T05:02:41+00:00\",\"dateModified\":\"2025-05-19T05:02:55+00:00\",\"mainEntityOfPage\":{\"@id\":\"https:\\\/\\\/lospoliticosveracruz.com\\\/?p=145011\"},\"wordCount\":810,\"publisher\":{\"@id\":\"https:\\\/\\\/lospoliticosveracruz.com\\\/#organization\"},\"image\":{\"@id\":\"https:\\\/\\\/lospoliticosveracruz.com\\\/?p=145011#primaryimage\"},\"thumbnailUrl\":\"https:\\\/\\\/lospoliticosveracruz.com\\\/wp-content\\\/uploads\\\/2025\\\/04\\\/El-Trujyper.jpg\",\"articleSection\":[\"De Opini\u00f3n\"],\"inLanguage\":\"es\"},{\"@type\":\"WebPage\",\"@id\":\"https:\\\/\\\/lospoliticosveracruz.com\\\/?p=145011\",\"url\":\"https:\\\/\\\/lospoliticosveracruz.com\\\/?p=145011\",\"name\":\"SE QUED\u00d3 DORMIDO Y LA TROKA DEL ZORRO SE PRENDI\u00d3 CANDELA - Los pol\u00edticos Veracruz\",\"isPartOf\":{\"@id\":\"https:\\\/\\\/lospoliticosveracruz.com\\\/#website\"},\"primaryImageOfPage\":{\"@id\":\"https:\\\/\\\/lospoliticosveracruz.com\\\/?p=145011#primaryimage\"},\"image\":{\"@id\":\"https:\\\/\\\/lospoliticosveracruz.com\\\/?p=145011#primaryimage\"},\"thumbnailUrl\":\"https:\\\/\\\/lospoliticosveracruz.com\\\/wp-content\\\/uploads\\\/2025\\\/04\\\/El-Trujyper.jpg\",\"datePublished\":\"2025-05-19T05:02:41+00:00\",\"dateModified\":\"2025-05-19T05:02:55+00:00\",\"breadcrumb\":{\"@id\":\"https:\\\/\\\/lospoliticosveracruz.com\\\/?p=145011#breadcrumb\"},\"inLanguage\":\"es\",\"potentialAction\":[{\"@type\":\"ReadAction\",\"target\":[\"https:\\\/\\\/lospoliticosveracruz.com\\\/?p=145011\"]}]},{\"@type\":\"ImageObject\",\"inLanguage\":\"es\",\"@id\":\"https:\\\/\\\/lospoliticosveracruz.com\\\/?p=145011#primaryimage\",\"url\":\"https:\\\/\\\/lospoliticosveracruz.com\\\/wp-content\\\/uploads\\\/2025\\\/04\\\/El-Trujyper.jpg\",\"contentUrl\":\"https:\\\/\\\/lospoliticosveracruz.com\\\/wp-content\\\/uploads\\\/2025\\\/04\\\/El-Trujyper.jpg\",\"width\":1250,\"height\":667},{\"@type\":\"BreadcrumbList\",\"@id\":\"https:\\\/\\\/lospoliticosveracruz.com\\\/?p=145011#breadcrumb\",\"itemListElement\":[{\"@type\":\"ListItem\",\"position\":1,\"name\":\"Portada\",\"item\":\"https:\\\/\\\/lospoliticosveracruz.com\\\/\"},{\"@type\":\"ListItem\",\"position\":2,\"name\":\"SE QUED\u00d3 DORMIDO Y LA TROKA DEL ZORRO SE PRENDI\u00d3 CANDELA\"}]},{\"@type\":\"WebSite\",\"@id\":\"https:\\\/\\\/lospoliticosveracruz.com\\\/#website\",\"url\":\"https:\\\/\\\/lospoliticosveracruz.com\\\/\",\"name\":\"Los pol\u00edticos Veracruz\",\"description\":\"\",\"publisher\":{\"@id\":\"https:\\\/\\\/lospoliticosveracruz.com\\\/#organization\"},\"potentialAction\":[{\"@type\":\"SearchAction\",\"target\":{\"@type\":\"EntryPoint\",\"urlTemplate\":\"https:\\\/\\\/lospoliticosveracruz.com\\\/?s={search_term_string}\"},\"query-input\":{\"@type\":\"PropertyValueSpecification\",\"valueRequired\":true,\"valueName\":\"search_term_string\"}}],\"inLanguage\":\"es\"},{\"@type\":\"Organization\",\"@id\":\"https:\\\/\\\/lospoliticosveracruz.com\\\/#organization\",\"name\":\"Los pol\u00edticos Veracruz\",\"url\":\"https:\\\/\\\/lospoliticosveracruz.com\\\/\",\"logo\":{\"@type\":\"ImageObject\",\"inLanguage\":\"es\",\"@id\":\"https:\\\/\\\/lospoliticosveracruz.com\\\/#\\\/schema\\\/logo\\\/image\\\/\",\"url\":\"https:\\\/\\\/lospoliticosveracruz.com\\\/wp-content\\\/uploads\\\/2025\\\/12\\\/Logo-Nuevo-LOS-POLITICOS-1.jpg\",\"contentUrl\":\"https:\\\/\\\/lospoliticosveracruz.com\\\/wp-content\\\/uploads\\\/2025\\\/12\\\/Logo-Nuevo-LOS-POLITICOS-1.jpg\",\"width\":260,\"height\":70,\"caption\":\"Los pol\u00edticos Veracruz\"},\"image\":{\"@id\":\"https:\\\/\\\/lospoliticosveracruz.com\\\/#\\\/schema\\\/logo\\\/image\\\/\"},\"sameAs\":[\"https:\\\/\\\/www.facebook.com\\\/people\\\/Notimemes-de-los-Polticos\\\/61565672886568\\\/\",\"https:\\\/\\\/x.com\\\/LosPoliticosVer\"]},{\"@type\":\"Person\",\"@id\":\"https:\\\/\\\/lospoliticosveracruz.com\\\/#\\\/schema\\\/person\\\/b8702bb0e538456e6efd07080bf2a4a2\",\"name\":\"Lo viste en Los Pol\u00edticos\",\"image\":{\"@type\":\"ImageObject\",\"inLanguage\":\"es\",\"@id\":\"https:\\\/\\\/secure.gravatar.com\\\/avatar\\\/3a8de04a2656d44082be478bd6c086daa447c4651605818287b9532d3d0bd435?s=96&d=mm&r=g\",\"url\":\"https:\\\/\\\/secure.gravatar.com\\\/avatar\\\/3a8de04a2656d44082be478bd6c086daa447c4651605818287b9532d3d0bd435?s=96&d=mm&r=g\",\"contentUrl\":\"https:\\\/\\\/secure.gravatar.com\\\/avatar\\\/3a8de04a2656d44082be478bd6c086daa447c4651605818287b9532d3d0bd435?s=96&d=mm&r=g\",\"caption\":\"Lo viste en Los Pol\u00edticos\"},\"url\":\"https:\\\/\\\/lospoliticosveracruz.com\\\/?author=2\"}]}<\/script>\n<!-- \/ Yoast SEO plugin. -->","yoast_head_json":{"title":"SE QUED\u00d3 DORMIDO Y LA TROKA DEL ZORRO SE PRENDI\u00d3 CANDELA - Los pol\u00edticos Veracruz","robots":{"index":"index","follow":"follow","max-snippet":"max-snippet:-1","max-image-preview":"max-image-preview:large","max-video-preview":"max-video-preview:-1"},"canonical":"https:\/\/lospoliticosveracruz.com\/?p=145011","og_locale":"es_ES","og_type":"article","og_title":"SE QUED\u00d3 DORMIDO Y LA TROKA DEL ZORRO SE PRENDI\u00d3 CANDELA - Los pol\u00edticos Veracruz","og_description":"[S\u00edguenos ahora tambi\u00e9n en WhatsApp.\u00a0Da clic aqu\u00ed]\u00a0El TrujyperVerba brava \u00a1Qu\u00e9 historietas se tejen en Paso de Ovejas! Los partidos que van en segundo lugar pa\u00b4la eleici\u00f3n de la presidencia monecipal se destrozan, se jalan las medias y pelucas, o sea la Morena y el M.C, de la naranja mec\u00e1nica, a ver qui\u00e9n mete m\u00e1s regidores, [&hellip;]","og_url":"https:\/\/lospoliticosveracruz.com\/?p=145011","og_site_name":"Los pol\u00edticos Veracruz","article_publisher":"https:\/\/www.facebook.com\/people\/Notimemes-de-los-Polticos\/61565672886568\/","article_published_time":"2025-05-19T05:02:41+00:00","article_modified_time":"2025-05-19T05:02:55+00:00","og_image":[{"width":1250,"height":667,"url":"https:\/\/lospoliticosveracruz.com\/wp-content\/uploads\/2025\/04\/El-Trujyper.jpg","type":"image\/jpeg"}],"author":"Lo viste en Los Pol\u00edticos","twitter_card":"summary_large_image","twitter_creator":"@LosPoliticosVer","twitter_site":"@LosPoliticosVer","twitter_misc":{"Escrito por":"Lo viste en Los Pol\u00edticos","Tiempo de lectura":"4 minutos"},"schema":{"@context":"https:\/\/schema.org","@graph":[{"@type":"Article","@id":"https:\/\/lospoliticosveracruz.com\/?p=145011#article","isPartOf":{"@id":"https:\/\/lospoliticosveracruz.com\/?p=145011"},"author":{"name":"Lo viste en Los Pol\u00edticos","@id":"https:\/\/lospoliticosveracruz.com\/#\/schema\/person\/b8702bb0e538456e6efd07080bf2a4a2"},"headline":"SE QUED\u00d3 DORMIDO Y LA TROKA DEL ZORRO SE PRENDI\u00d3 CANDELA","datePublished":"2025-05-19T05:02:41+00:00","dateModified":"2025-05-19T05:02:55+00:00","mainEntityOfPage":{"@id":"https:\/\/lospoliticosveracruz.com\/?p=145011"},"wordCount":810,"publisher":{"@id":"https:\/\/lospoliticosveracruz.com\/#organization"},"image":{"@id":"https:\/\/lospoliticosveracruz.com\/?p=145011#primaryimage"},"thumbnailUrl":"https:\/\/lospoliticosveracruz.com\/wp-content\/uploads\/2025\/04\/El-Trujyper.jpg","articleSection":["De Opini\u00f3n"],"inLanguage":"es"},{"@type":"WebPage","@id":"https:\/\/lospoliticosveracruz.com\/?p=145011","url":"https:\/\/lospoliticosveracruz.com\/?p=145011","name":"SE QUED\u00d3 DORMIDO Y LA TROKA DEL ZORRO SE PRENDI\u00d3 CANDELA - Los pol\u00edticos Veracruz","isPartOf":{"@id":"https:\/\/lospoliticosveracruz.com\/#website"},"primaryImageOfPage":{"@id":"https:\/\/lospoliticosveracruz.com\/?p=145011#primaryimage"},"image":{"@id":"https:\/\/lospoliticosveracruz.com\/?p=145011#primaryimage"},"thumbnailUrl":"https:\/\/lospoliticosveracruz.com\/wp-content\/uploads\/2025\/04\/El-Trujyper.jpg","datePublished":"2025-05-19T05:02:41+00:00","dateModified":"2025-05-19T05:02:55+00:00","breadcrumb":{"@id":"https:\/\/lospoliticosveracruz.com\/?p=145011#breadcrumb"},"inLanguage":"es","potentialAction":[{"@type":"ReadAction","target":["https:\/\/lospoliticosveracruz.com\/?p=145011"]}]},{"@type":"ImageObject","inLanguage":"es","@id":"https:\/\/lospoliticosveracruz.com\/?p=145011#primaryimage","url":"https:\/\/lospoliticosveracruz.com\/wp-content\/uploads\/2025\/04\/El-Trujyper.jpg","contentUrl":"https:\/\/lospoliticosveracruz.com\/wp-content\/uploads\/2025\/04\/El-Trujyper.jpg","width":1250,"height":667},{"@type":"BreadcrumbList","@id":"https:\/\/lospoliticosveracruz.com\/?p=145011#breadcrumb","itemListElement":[{"@type":"ListItem","position":1,"name":"Portada","item":"https:\/\/lospoliticosveracruz.com\/"},{"@type":"ListItem","position":2,"name":"SE QUED\u00d3 DORMIDO Y LA TROKA DEL ZORRO SE PRENDI\u00d3 CANDELA"}]},{"@type":"WebSite","@id":"https:\/\/lospoliticosveracruz.com\/#website","url":"https:\/\/lospoliticosveracruz.com\/","name":"Los pol\u00edticos Veracruz","description":"","publisher":{"@id":"https:\/\/lospoliticosveracruz.com\/#organization"},"potentialAction":[{"@type":"SearchAction","target":{"@type":"EntryPoint","urlTemplate":"https:\/\/lospoliticosveracruz.com\/?s={search_term_string}"},"query-input":{"@type":"PropertyValueSpecification","valueRequired":true,"valueName":"search_term_string"}}],"inLanguage":"es"},{"@type":"Organization","@id":"https:\/\/lospoliticosveracruz.com\/#organization","name":"Los pol\u00edticos Veracruz","url":"https:\/\/lospoliticosveracruz.com\/","logo":{"@type":"ImageObject","inLanguage":"es","@id":"https:\/\/lospoliticosveracruz.com\/#\/schema\/logo\/image\/","url":"https:\/\/lospoliticosveracruz.com\/wp-content\/uploads\/2025\/12\/Logo-Nuevo-LOS-POLITICOS-1.jpg","contentUrl":"https:\/\/lospoliticosveracruz.com\/wp-content\/uploads\/2025\/12\/Logo-Nuevo-LOS-POLITICOS-1.jpg","width":260,"height":70,"caption":"Los pol\u00edticos Veracruz"},"image":{"@id":"https:\/\/lospoliticosveracruz.com\/#\/schema\/logo\/image\/"},"sameAs":["https:\/\/www.facebook.com\/people\/Notimemes-de-los-Polticos\/61565672886568\/","https:\/\/x.com\/LosPoliticosVer"]},{"@type":"Person","@id":"https:\/\/lospoliticosveracruz.com\/#\/schema\/person\/b8702bb0e538456e6efd07080bf2a4a2","name":"Lo viste en Los Pol\u00edticos","image":{"@type":"ImageObject","inLanguage":"es","@id":"https:\/\/secure.gravatar.com\/avatar\/3a8de04a2656d44082be478bd6c086daa447c4651605818287b9532d3d0bd435?s=96&d=mm&r=g","url":"https:\/\/secure.gravatar.com\/avatar\/3a8de04a2656d44082be478bd6c086daa447c4651605818287b9532d3d0bd435?s=96&d=mm&r=g","contentUrl":"https:\/\/secure.gravatar.com\/avatar\/3a8de04a2656d44082be478bd6c086daa447c4651605818287b9532d3d0bd435?s=96&d=mm&r=g","caption":"Lo viste en Los Pol\u00edticos"},"url":"https:\/\/lospoliticosveracruz.com\/?author=2"}]}},"_links":{"self":[{"href":"https:\/\/lospoliticosveracruz.com\/index.php?rest_route=\/wp\/v2\/posts\/145011","targetHints":{"allow":["GET"]}}],"collection":[{"href":"https:\/\/lospoliticosveracruz.com\/index.php?rest_route=\/wp\/v2\/posts"}],"about":[{"href":"https:\/\/lospoliticosveracruz.com\/index.php?rest_route=\/wp\/v2\/types\/post"}],"author":[{"embeddable":true,"href":"https:\/\/lospoliticosveracruz.com\/index.php?rest_route=\/wp\/v2\/users\/2"}],"replies":[{"embeddable":true,"href":"https:\/\/lospoliticosveracruz.com\/index.php?rest_route=%2Fwp%2Fv2%2Fcomments&post=145011"}],"version-history":[{"count":2,"href":"https:\/\/lospoliticosveracruz.com\/index.php?rest_route=\/wp\/v2\/posts\/145011\/revisions"}],"predecessor-version":[{"id":145013,"href":"https:\/\/lospoliticosveracruz.com\/index.php?rest_route=\/wp\/v2\/posts\/145011\/revisions\/145013"}],"wp:featuredmedia":[{"embeddable":true,"href":"https:\/\/lospoliticosveracruz.com\/index.php?rest_route=\/wp\/v2\/media\/141381"}],"wp:attachment":[{"href":"https:\/\/lospoliticosveracruz.com\/index.php?rest_route=%2Fwp%2Fv2%2Fmedia&parent=145011"}],"wp:term":[{"taxonomy":"category","embeddable":true,"href":"https:\/\/lospoliticosveracruz.com\/index.php?rest_route=%2Fwp%2Fv2%2Fcategories&post=145011"},{"taxonomy":"post_tag","embeddable":true,"href":"https:\/\/lospoliticosveracruz.com\/index.php?rest_route=%2Fwp%2Fv2%2Ftags&post=145011"}],"curies":[{"name":"wp","href":"https:\/\/api.w.org\/{rel}","templated":true}]}}