{"id":145017,"date":"2025-05-19T07:39:58","date_gmt":"2025-05-19T12:39:58","guid":{"rendered":"https:\/\/lospoliticosveracruz.com.mx\/?p=145017"},"modified":"2025-05-19T07:40:26","modified_gmt":"2025-05-19T12:40:26","slug":"urnas-e-inseguridad","status":"publish","type":"post","link":"https:\/\/lospoliticosveracruz.com\/?p=145017","title":{"rendered":"URNAS E INSEGURIDAD"},"content":{"rendered":"\n<p>[S\u00edguenos ahora tambi\u00e9n en WhatsApp.\u00a0<a href=\"https:\/\/whatsapp.com\/channel\/0029Va8zRWlEKyZIP3Z1dF0e\"><strong><em>Da clic aqu\u00ed<\/em><\/strong><\/a>]\u00a0<br><strong>Fanny Y\u00e9pez<\/strong><br><em>La Columna<\/em><\/p>\n\n\n\n<p>Los 7 millones 545 mil 004 electores que est\u00e1n registrados en el padr\u00f3n electoral en la entidad veracruzana, van a encarar unas elecciones in\u00e9ditas y complejas.<\/p>\n\n\n\n<p>El pueblo veracruzano est\u00e1 envuelto en un clima de violencia, inseguridad, traiciones, rencores, venganzas, amenazas, guerra sucia y lo m\u00e1s grave, el asesinato de los principales protagonistas.<\/p>\n\n\n\n<p>En las charlas de caf\u00e9, preguntan hasta donde repercutir\u00e1 negativamente hablando, en la emisi\u00f3n de votos a favor de los candidatos de Morena, sobre todo en los municipios donde se registra un alto nivel de inseguridad. \u00bfen estos sitios aplicaran el voto de castigo los electores?<\/p>\n\n\n\n<p>Las ciudades de Veracruz donde m\u00e1s se registra inseguridad son, Coatzacoalcos y Poza Rica. Estos municipios, junto con C\u00f3rdoba, Boca del R\u00edo, Mart\u00ednez de la Torre, Tuxpan, Orizaba y Minatitl\u00e1n, figuran entre los 10 municipios con mayor n\u00famero de denuncias por delitos. Ah\u00ed, en estas demarcaciones podr\u00edan estar en riesgos los triunfos para la Morena.<\/p>\n\n\n\n<p>El estado de Veracruz ha experimentado un aumento en delitos de alto impacto como homicidios, secuestros y extorsiones, lo que ha generado una alta percepci\u00f3n de inseguridad.<\/p>\n\n\n\n<p>Veracruz ha sido un punto clave en el tr\u00e1fico de drogas y el conflicto entre grupos delictivos, lo que ha contribuido a la ola de violencia.<br>A pesar de los esfuerzos de las autoridades, la percepci\u00f3n de inseguridad sigue siendo alta entre los veracruzanos<\/p>\n\n\n\n<p>Aunque la 4t pr\u00e1cticamente ya tiene asegurados triunfos en los municipios que se consideran algo as\u00ed como la joya de la corona, Veracruz y Xalapa, donde las candidatas Rosa Mar\u00eda Hern\u00e1ndez Espejo y Daniela Griego, se han ganado a pulso la simpat\u00eda y apoyo de los ciudadanos, pero los dem\u00e1s nadie sabe.<\/p>\n\n\n\n<p>Insistimos, la violencia ha golpeado a todos los estratos sociales, por ejemplo, los trabajadores viven una situaci\u00f3n de inseguridad muy complicada, pues la delincuencia se ha ensa\u00f1ado en contra de este sector productivo, al grado que tan solo en las zonas norte y sur del estado, les han matado a dirigentes o son sujetos de llamadas de extorsiones y de amenazas, as\u00ed como de robos de sus pertenencias y equipo de trabajo.<\/p>\n\n\n\n<p>Esta denuncia la realizo Mar\u00eda de Jes\u00fas Rodr\u00edguez V\u00e1zquez, secretaria general del Comit\u00e9 Ejecutivo Nacional de la Confederaci\u00f3n Aut\u00e9ntica de Trabajadores (CAT), quien lament\u00f3 esta situaci\u00f3n que viven las y los trabajadores veracruzanos, situaci\u00f3n que no es privada de la entidad, sino que es un reflejo de lo que se padece a nivel nacional.<\/p>\n\n\n\n<p>Lament\u00f3 esta situaci\u00f3n y admiti\u00f3 que es complicado trabajar \u201ctranquilo, sin que te hagan un llamado de participar en ciertas cosas, que no tendr\u00edamos por qu\u00e9, pues los trabajadores no lo hacemos por hobby, trabajamos por necesidad, para llevar a cabo el sustento a las familias y tratar de darles una mejor vida, siendo un trabajo l\u00edcito y honrado lo que desarrollan\u201d, a\u00f1adi\u00f3.<\/p>\n\n\n\n<p>La situaci\u00f3n ha llegado a tal magnitud que el propio dirigente estatal de Morena, Esteban Ram\u00edrez Zepeta, mencion\u00f3 que a\u00fan no se define quien ser\u00e1 el candidato o candidata en el municipio de Texistepec, en sustituci\u00f3n de Yesenia Lara Guti\u00e9rrez, lamentablemente asesinada d\u00edas atr\u00e1s presuntamente por Domingo \u00abN\u00bb.<\/p>\n\n\n\n<p>\u201cAhorita estamos esperando que pase un tiempo despu\u00e9s de la lamentable situaci\u00f3n que ocurri\u00f3 en Texistepec, el cu\u00e1l independientemente si es candidato, pol\u00edtico, pol\u00edtica o representante de un partido, eso es lo de menos, es una persona, un ser humano que no se merec\u00eda eso\u201d, expres\u00f3.<\/p>\n\n\n\n<p>Tal parece que nadie quiere entrar a la contienda en este municipio, ubicado en el sur del estado, esto por al alto riesgo que representa para su integridad f\u00edsica.<\/p>\n\n\n\n<p>Otra situaci\u00f3n es que los aspirantes a alcaldes en Veracruz, est\u00e1n obligados a cubrir los costos de hospedaje, alimentaci\u00f3n y traslado de las personas que sean asignadas para su protecci\u00f3n, denunci\u00f3 el PRI este viernes.<\/p>\n\n\n\n<p>Algunos candidatos no cuentan con los recursos necesarios para pagar esos vi\u00e1ticos, por lo que se encuentran en una grave situaci\u00f3n, denunci\u00f3 Adolfo Ram\u00edrez Arana, dirigente estatal del PRI.<\/p>\n\n\n\n<p>\u201cHoy la seguridad tiene un precio en Veracruz\u201d, critic\u00f3 el priista.<\/p>\n\n\n\n<p>Sin embargo, este domingo en el municipio de Orizaba, la dirigente nacional del partido Morena, Luisa Mar\u00eda Alcalde Luj\u00e1n, dijo que a pesar de los hechos de violencia que han empa\u00f1ado el proceso electoral en Veracruz, confi\u00f3 en que se vivir\u00e1n unas elecciones con tranquilidad.<\/p>\n\n\n\n<p>\u00abHa habido unos sucesos, todos se est\u00e1n investigando ya por la Fiscal\u00eda del estado, se les ha dado un seguimiento permanente por parte de la propia gobernadora del estado, quien est\u00e1 muy pendiente. Desde Morena tambi\u00e9n estamos dando seguimiento para que se aclaren\u00bb, indic\u00f3.<\/p>\n\n\n\n<p>La dirigente nacional del Morena lleg\u00f3 a Orizaba directamente a la casa de campa\u00f1a del candidato de este partido a la alcald\u00eda, ubicada sobre la avenida Oriente 4, a escasos metros del parque L\u00f3pez.<\/p>\n\n\n\n<p>A su arribo a este sitio la cortina met\u00e1lica fue bajada para impedir que se le tomaran fotos o videos. Luego de algunos minutos, Alcalde Luj\u00e1n sali\u00f3 rumbo al parque L\u00f3pez para dar un mensaje a la militancia que ah\u00ed se hab\u00eda congregado.<\/p>\n","protected":false},"excerpt":{"rendered":"<p>[S\u00edguenos ahora tambi\u00e9n en WhatsApp.\u00a0Da clic aqu\u00ed]\u00a0Fanny Y\u00e9pezLa Columna Los 7 millones 545 mil 004 electores que est\u00e1n registrados en el padr\u00f3n electoral en la entidad veracruzana, van a encarar unas elecciones in\u00e9ditas y complejas. El pueblo veracruzano est\u00e1 envuelto en un clima de violencia, inseguridad, traiciones, rencores, venganzas, amenazas, guerra sucia y lo m\u00e1s [&hellip;]<\/p>\n","protected":false},"author":2,"featured_media":141383,"comment_status":"closed","ping_status":"closed","sticky":false,"template":"","format":"standard","meta":{"tdm_status":"","tdm_grid_status":"","footnotes":""},"categories":[70],"tags":[721,1026,195,463],"class_list":{"0":"post-145017","1":"post","2":"type-post","3":"status-publish","4":"format-standard","5":"has-post-thumbnail","7":"category-de-opinion","8":"tag-elecciones","9":"tag-morena","10":"tag-veracruz","11":"tag-violencia"},"yoast_head":"<!-- This site is optimized with the Yoast SEO plugin v27.4 - https:\/\/yoast.com\/product\/yoast-seo-wordpress\/ -->\n<title>URNAS E INSEGURIDAD - Los pol\u00edticos Veracruz<\/title>\n<meta name=\"robots\" content=\"index, follow, max-snippet:-1, max-image-preview:large, max-video-preview:-1\" \/>\n<link rel=\"canonical\" href=\"https:\/\/lospoliticosveracruz.com\/?p=145017\" \/>\n<meta property=\"og:locale\" content=\"es_ES\" \/>\n<meta property=\"og:type\" content=\"article\" \/>\n<meta property=\"og:title\" content=\"URNAS E INSEGURIDAD - Los pol\u00edticos Veracruz\" \/>\n<meta property=\"og:description\" content=\"[S\u00edguenos ahora tambi\u00e9n en WhatsApp.\u00a0Da clic aqu\u00ed]\u00a0Fanny Y\u00e9pezLa Columna Los 7 millones 545 mil 004 electores que est\u00e1n registrados en el padr\u00f3n electoral en la entidad veracruzana, van a encarar unas elecciones in\u00e9ditas y complejas. El pueblo veracruzano est\u00e1 envuelto en un clima de violencia, inseguridad, traiciones, rencores, venganzas, amenazas, guerra sucia y lo m\u00e1s [&hellip;]\" \/>\n<meta property=\"og:url\" content=\"https:\/\/lospoliticosveracruz.com\/?p=145017\" \/>\n<meta property=\"og:site_name\" content=\"Los pol\u00edticos Veracruz\" \/>\n<meta property=\"article:publisher\" content=\"https:\/\/www.facebook.com\/people\/Notimemes-de-los-Polticos\/61565672886568\/\" \/>\n<meta property=\"article:published_time\" content=\"2025-05-19T12:39:58+00:00\" \/>\n<meta property=\"article:modified_time\" content=\"2025-05-19T12:40:26+00:00\" \/>\n<meta property=\"og:image\" content=\"https:\/\/lospoliticosveracruz.com\/wp-content\/uploads\/2025\/04\/Fanny-Yepez-Luna.jpg\" \/>\n\t<meta property=\"og:image:width\" content=\"1250\" \/>\n\t<meta property=\"og:image:height\" content=\"667\" \/>\n\t<meta property=\"og:image:type\" content=\"image\/jpeg\" \/>\n<meta name=\"author\" content=\"Lo viste en Los Pol\u00edticos\" \/>\n<meta name=\"twitter:card\" content=\"summary_large_image\" \/>\n<meta name=\"twitter:creator\" content=\"@LosPoliticosVer\" \/>\n<meta name=\"twitter:site\" content=\"@LosPoliticosVer\" \/>\n<meta name=\"twitter:label1\" content=\"Escrito por\" \/>\n\t<meta name=\"twitter:data1\" content=\"Lo viste en Los Pol\u00edticos\" \/>\n\t<meta name=\"twitter:label2\" content=\"Tiempo de lectura\" \/>\n\t<meta name=\"twitter:data2\" content=\"5 minutos\" \/>\n<script type=\"application\/ld+json\" class=\"yoast-schema-graph\">{\"@context\":\"https:\\\/\\\/schema.org\",\"@graph\":[{\"@type\":\"Article\",\"@id\":\"https:\\\/\\\/lospoliticosveracruz.com\\\/?p=145017#article\",\"isPartOf\":{\"@id\":\"https:\\\/\\\/lospoliticosveracruz.com\\\/?p=145017\"},\"author\":{\"name\":\"Lo viste en Los Pol\u00edticos\",\"@id\":\"https:\\\/\\\/lospoliticosveracruz.com\\\/#\\\/schema\\\/person\\\/b8702bb0e538456e6efd07080bf2a4a2\"},\"headline\":\"URNAS E INSEGURIDAD\",\"datePublished\":\"2025-05-19T12:39:58+00:00\",\"dateModified\":\"2025-05-19T12:40:26+00:00\",\"mainEntityOfPage\":{\"@id\":\"https:\\\/\\\/lospoliticosveracruz.com\\\/?p=145017\"},\"wordCount\":912,\"publisher\":{\"@id\":\"https:\\\/\\\/lospoliticosveracruz.com\\\/#organization\"},\"image\":{\"@id\":\"https:\\\/\\\/lospoliticosveracruz.com\\\/?p=145017#primaryimage\"},\"thumbnailUrl\":\"https:\\\/\\\/lospoliticosveracruz.com\\\/wp-content\\\/uploads\\\/2025\\\/04\\\/Fanny-Yepez-Luna-e1768657334923.jpg\",\"keywords\":[\"elecciones\",\"Morena\",\"Veracruz\",\"violencia\"],\"articleSection\":[\"De Opini\u00f3n\"],\"inLanguage\":\"es\"},{\"@type\":\"WebPage\",\"@id\":\"https:\\\/\\\/lospoliticosveracruz.com\\\/?p=145017\",\"url\":\"https:\\\/\\\/lospoliticosveracruz.com\\\/?p=145017\",\"name\":\"URNAS E INSEGURIDAD - Los pol\u00edticos Veracruz\",\"isPartOf\":{\"@id\":\"https:\\\/\\\/lospoliticosveracruz.com\\\/#website\"},\"primaryImageOfPage\":{\"@id\":\"https:\\\/\\\/lospoliticosveracruz.com\\\/?p=145017#primaryimage\"},\"image\":{\"@id\":\"https:\\\/\\\/lospoliticosveracruz.com\\\/?p=145017#primaryimage\"},\"thumbnailUrl\":\"https:\\\/\\\/lospoliticosveracruz.com\\\/wp-content\\\/uploads\\\/2025\\\/04\\\/Fanny-Yepez-Luna-e1768657334923.jpg\",\"datePublished\":\"2025-05-19T12:39:58+00:00\",\"dateModified\":\"2025-05-19T12:40:26+00:00\",\"breadcrumb\":{\"@id\":\"https:\\\/\\\/lospoliticosveracruz.com\\\/?p=145017#breadcrumb\"},\"inLanguage\":\"es\",\"potentialAction\":[{\"@type\":\"ReadAction\",\"target\":[\"https:\\\/\\\/lospoliticosveracruz.com\\\/?p=145017\"]}]},{\"@type\":\"ImageObject\",\"inLanguage\":\"es\",\"@id\":\"https:\\\/\\\/lospoliticosveracruz.com\\\/?p=145017#primaryimage\",\"url\":\"https:\\\/\\\/lospoliticosveracruz.com\\\/wp-content\\\/uploads\\\/2025\\\/04\\\/Fanny-Yepez-Luna-e1768657334923.jpg\",\"contentUrl\":\"https:\\\/\\\/lospoliticosveracruz.com\\\/wp-content\\\/uploads\\\/2025\\\/04\\\/Fanny-Yepez-Luna-e1768657334923.jpg\",\"width\":600,\"height\":320},{\"@type\":\"BreadcrumbList\",\"@id\":\"https:\\\/\\\/lospoliticosveracruz.com\\\/?p=145017#breadcrumb\",\"itemListElement\":[{\"@type\":\"ListItem\",\"position\":1,\"name\":\"Portada\",\"item\":\"https:\\\/\\\/lospoliticosveracruz.com\\\/\"},{\"@type\":\"ListItem\",\"position\":2,\"name\":\"URNAS E INSEGURIDAD\"}]},{\"@type\":\"WebSite\",\"@id\":\"https:\\\/\\\/lospoliticosveracruz.com\\\/#website\",\"url\":\"https:\\\/\\\/lospoliticosveracruz.com\\\/\",\"name\":\"Los pol\u00edticos Veracruz\",\"description\":\"\",\"publisher\":{\"@id\":\"https:\\\/\\\/lospoliticosveracruz.com\\\/#organization\"},\"potentialAction\":[{\"@type\":\"SearchAction\",\"target\":{\"@type\":\"EntryPoint\",\"urlTemplate\":\"https:\\\/\\\/lospoliticosveracruz.com\\\/?s={search_term_string}\"},\"query-input\":{\"@type\":\"PropertyValueSpecification\",\"valueRequired\":true,\"valueName\":\"search_term_string\"}}],\"inLanguage\":\"es\"},{\"@type\":\"Organization\",\"@id\":\"https:\\\/\\\/lospoliticosveracruz.com\\\/#organization\",\"name\":\"Los pol\u00edticos Veracruz\",\"url\":\"https:\\\/\\\/lospoliticosveracruz.com\\\/\",\"logo\":{\"@type\":\"ImageObject\",\"inLanguage\":\"es\",\"@id\":\"https:\\\/\\\/lospoliticosveracruz.com\\\/#\\\/schema\\\/logo\\\/image\\\/\",\"url\":\"https:\\\/\\\/lospoliticosveracruz.com\\\/wp-content\\\/uploads\\\/2025\\\/12\\\/Logo-Nuevo-LOS-POLITICOS-1.jpg\",\"contentUrl\":\"https:\\\/\\\/lospoliticosveracruz.com\\\/wp-content\\\/uploads\\\/2025\\\/12\\\/Logo-Nuevo-LOS-POLITICOS-1.jpg\",\"width\":260,\"height\":70,\"caption\":\"Los pol\u00edticos Veracruz\"},\"image\":{\"@id\":\"https:\\\/\\\/lospoliticosveracruz.com\\\/#\\\/schema\\\/logo\\\/image\\\/\"},\"sameAs\":[\"https:\\\/\\\/www.facebook.com\\\/people\\\/Notimemes-de-los-Polticos\\\/61565672886568\\\/\",\"https:\\\/\\\/x.com\\\/LosPoliticosVer\"]},{\"@type\":\"Person\",\"@id\":\"https:\\\/\\\/lospoliticosveracruz.com\\\/#\\\/schema\\\/person\\\/b8702bb0e538456e6efd07080bf2a4a2\",\"name\":\"Lo viste en Los Pol\u00edticos\",\"image\":{\"@type\":\"ImageObject\",\"inLanguage\":\"es\",\"@id\":\"https:\\\/\\\/secure.gravatar.com\\\/avatar\\\/3a8de04a2656d44082be478bd6c086daa447c4651605818287b9532d3d0bd435?s=96&d=mm&r=g\",\"url\":\"https:\\\/\\\/secure.gravatar.com\\\/avatar\\\/3a8de04a2656d44082be478bd6c086daa447c4651605818287b9532d3d0bd435?s=96&d=mm&r=g\",\"contentUrl\":\"https:\\\/\\\/secure.gravatar.com\\\/avatar\\\/3a8de04a2656d44082be478bd6c086daa447c4651605818287b9532d3d0bd435?s=96&d=mm&r=g\",\"caption\":\"Lo viste en Los Pol\u00edticos\"},\"url\":\"https:\\\/\\\/lospoliticosveracruz.com\\\/?author=2\"}]}<\/script>\n<!-- \/ Yoast SEO plugin. -->","yoast_head_json":{"title":"URNAS E INSEGURIDAD - Los pol\u00edticos Veracruz","robots":{"index":"index","follow":"follow","max-snippet":"max-snippet:-1","max-image-preview":"max-image-preview:large","max-video-preview":"max-video-preview:-1"},"canonical":"https:\/\/lospoliticosveracruz.com\/?p=145017","og_locale":"es_ES","og_type":"article","og_title":"URNAS E INSEGURIDAD - Los pol\u00edticos Veracruz","og_description":"[S\u00edguenos ahora tambi\u00e9n en WhatsApp.\u00a0Da clic aqu\u00ed]\u00a0Fanny Y\u00e9pezLa Columna Los 7 millones 545 mil 004 electores que est\u00e1n registrados en el padr\u00f3n electoral en la entidad veracruzana, van a encarar unas elecciones in\u00e9ditas y complejas. El pueblo veracruzano est\u00e1 envuelto en un clima de violencia, inseguridad, traiciones, rencores, venganzas, amenazas, guerra sucia y lo m\u00e1s [&hellip;]","og_url":"https:\/\/lospoliticosveracruz.com\/?p=145017","og_site_name":"Los pol\u00edticos Veracruz","article_publisher":"https:\/\/www.facebook.com\/people\/Notimemes-de-los-Polticos\/61565672886568\/","article_published_time":"2025-05-19T12:39:58+00:00","article_modified_time":"2025-05-19T12:40:26+00:00","og_image":[{"width":1250,"height":667,"url":"https:\/\/lospoliticosveracruz.com\/wp-content\/uploads\/2025\/04\/Fanny-Yepez-Luna.jpg","type":"image\/jpeg"}],"author":"Lo viste en Los Pol\u00edticos","twitter_card":"summary_large_image","twitter_creator":"@LosPoliticosVer","twitter_site":"@LosPoliticosVer","twitter_misc":{"Escrito por":"Lo viste en Los Pol\u00edticos","Tiempo de lectura":"5 minutos"},"schema":{"@context":"https:\/\/schema.org","@graph":[{"@type":"Article","@id":"https:\/\/lospoliticosveracruz.com\/?p=145017#article","isPartOf":{"@id":"https:\/\/lospoliticosveracruz.com\/?p=145017"},"author":{"name":"Lo viste en Los Pol\u00edticos","@id":"https:\/\/lospoliticosveracruz.com\/#\/schema\/person\/b8702bb0e538456e6efd07080bf2a4a2"},"headline":"URNAS E INSEGURIDAD","datePublished":"2025-05-19T12:39:58+00:00","dateModified":"2025-05-19T12:40:26+00:00","mainEntityOfPage":{"@id":"https:\/\/lospoliticosveracruz.com\/?p=145017"},"wordCount":912,"publisher":{"@id":"https:\/\/lospoliticosveracruz.com\/#organization"},"image":{"@id":"https:\/\/lospoliticosveracruz.com\/?p=145017#primaryimage"},"thumbnailUrl":"https:\/\/lospoliticosveracruz.com\/wp-content\/uploads\/2025\/04\/Fanny-Yepez-Luna-e1768657334923.jpg","keywords":["elecciones","Morena","Veracruz","violencia"],"articleSection":["De Opini\u00f3n"],"inLanguage":"es"},{"@type":"WebPage","@id":"https:\/\/lospoliticosveracruz.com\/?p=145017","url":"https:\/\/lospoliticosveracruz.com\/?p=145017","name":"URNAS E INSEGURIDAD - Los pol\u00edticos Veracruz","isPartOf":{"@id":"https:\/\/lospoliticosveracruz.com\/#website"},"primaryImageOfPage":{"@id":"https:\/\/lospoliticosveracruz.com\/?p=145017#primaryimage"},"image":{"@id":"https:\/\/lospoliticosveracruz.com\/?p=145017#primaryimage"},"thumbnailUrl":"https:\/\/lospoliticosveracruz.com\/wp-content\/uploads\/2025\/04\/Fanny-Yepez-Luna-e1768657334923.jpg","datePublished":"2025-05-19T12:39:58+00:00","dateModified":"2025-05-19T12:40:26+00:00","breadcrumb":{"@id":"https:\/\/lospoliticosveracruz.com\/?p=145017#breadcrumb"},"inLanguage":"es","potentialAction":[{"@type":"ReadAction","target":["https:\/\/lospoliticosveracruz.com\/?p=145017"]}]},{"@type":"ImageObject","inLanguage":"es","@id":"https:\/\/lospoliticosveracruz.com\/?p=145017#primaryimage","url":"https:\/\/lospoliticosveracruz.com\/wp-content\/uploads\/2025\/04\/Fanny-Yepez-Luna-e1768657334923.jpg","contentUrl":"https:\/\/lospoliticosveracruz.com\/wp-content\/uploads\/2025\/04\/Fanny-Yepez-Luna-e1768657334923.jpg","width":600,"height":320},{"@type":"BreadcrumbList","@id":"https:\/\/lospoliticosveracruz.com\/?p=145017#breadcrumb","itemListElement":[{"@type":"ListItem","position":1,"name":"Portada","item":"https:\/\/lospoliticosveracruz.com\/"},{"@type":"ListItem","position":2,"name":"URNAS E INSEGURIDAD"}]},{"@type":"WebSite","@id":"https:\/\/lospoliticosveracruz.com\/#website","url":"https:\/\/lospoliticosveracruz.com\/","name":"Los pol\u00edticos Veracruz","description":"","publisher":{"@id":"https:\/\/lospoliticosveracruz.com\/#organization"},"potentialAction":[{"@type":"SearchAction","target":{"@type":"EntryPoint","urlTemplate":"https:\/\/lospoliticosveracruz.com\/?s={search_term_string}"},"query-input":{"@type":"PropertyValueSpecification","valueRequired":true,"valueName":"search_term_string"}}],"inLanguage":"es"},{"@type":"Organization","@id":"https:\/\/lospoliticosveracruz.com\/#organization","name":"Los pol\u00edticos Veracruz","url":"https:\/\/lospoliticosveracruz.com\/","logo":{"@type":"ImageObject","inLanguage":"es","@id":"https:\/\/lospoliticosveracruz.com\/#\/schema\/logo\/image\/","url":"https:\/\/lospoliticosveracruz.com\/wp-content\/uploads\/2025\/12\/Logo-Nuevo-LOS-POLITICOS-1.jpg","contentUrl":"https:\/\/lospoliticosveracruz.com\/wp-content\/uploads\/2025\/12\/Logo-Nuevo-LOS-POLITICOS-1.jpg","width":260,"height":70,"caption":"Los pol\u00edticos Veracruz"},"image":{"@id":"https:\/\/lospoliticosveracruz.com\/#\/schema\/logo\/image\/"},"sameAs":["https:\/\/www.facebook.com\/people\/Notimemes-de-los-Polticos\/61565672886568\/","https:\/\/x.com\/LosPoliticosVer"]},{"@type":"Person","@id":"https:\/\/lospoliticosveracruz.com\/#\/schema\/person\/b8702bb0e538456e6efd07080bf2a4a2","name":"Lo viste en Los Pol\u00edticos","image":{"@type":"ImageObject","inLanguage":"es","@id":"https:\/\/secure.gravatar.com\/avatar\/3a8de04a2656d44082be478bd6c086daa447c4651605818287b9532d3d0bd435?s=96&d=mm&r=g","url":"https:\/\/secure.gravatar.com\/avatar\/3a8de04a2656d44082be478bd6c086daa447c4651605818287b9532d3d0bd435?s=96&d=mm&r=g","contentUrl":"https:\/\/secure.gravatar.com\/avatar\/3a8de04a2656d44082be478bd6c086daa447c4651605818287b9532d3d0bd435?s=96&d=mm&r=g","caption":"Lo viste en Los Pol\u00edticos"},"url":"https:\/\/lospoliticosveracruz.com\/?author=2"}]}},"_links":{"self":[{"href":"https:\/\/lospoliticosveracruz.com\/index.php?rest_route=\/wp\/v2\/posts\/145017","targetHints":{"allow":["GET"]}}],"collection":[{"href":"https:\/\/lospoliticosveracruz.com\/index.php?rest_route=\/wp\/v2\/posts"}],"about":[{"href":"https:\/\/lospoliticosveracruz.com\/index.php?rest_route=\/wp\/v2\/types\/post"}],"author":[{"embeddable":true,"href":"https:\/\/lospoliticosveracruz.com\/index.php?rest_route=\/wp\/v2\/users\/2"}],"replies":[{"embeddable":true,"href":"https:\/\/lospoliticosveracruz.com\/index.php?rest_route=%2Fwp%2Fv2%2Fcomments&post=145017"}],"version-history":[{"count":1,"href":"https:\/\/lospoliticosveracruz.com\/index.php?rest_route=\/wp\/v2\/posts\/145017\/revisions"}],"predecessor-version":[{"id":145018,"href":"https:\/\/lospoliticosveracruz.com\/index.php?rest_route=\/wp\/v2\/posts\/145017\/revisions\/145018"}],"wp:featuredmedia":[{"embeddable":true,"href":"https:\/\/lospoliticosveracruz.com\/index.php?rest_route=\/wp\/v2\/media\/141383"}],"wp:attachment":[{"href":"https:\/\/lospoliticosveracruz.com\/index.php?rest_route=%2Fwp%2Fv2%2Fmedia&parent=145017"}],"wp:term":[{"taxonomy":"category","embeddable":true,"href":"https:\/\/lospoliticosveracruz.com\/index.php?rest_route=%2Fwp%2Fv2%2Fcategories&post=145017"},{"taxonomy":"post_tag","embeddable":true,"href":"https:\/\/lospoliticosveracruz.com\/index.php?rest_route=%2Fwp%2Fv2%2Ftags&post=145017"}],"curies":[{"name":"wp","href":"https:\/\/api.w.org\/{rel}","templated":true}]}}