{"id":145022,"date":"2025-05-19T08:38:40","date_gmt":"2025-05-19T13:38:40","guid":{"rendered":"https:\/\/lospoliticosveracruz.com.mx\/?p=145022"},"modified":"2025-05-19T08:38:51","modified_gmt":"2025-05-19T13:38:51","slug":"por-una-xalapa-progresista-y-sustentable","status":"publish","type":"post","link":"https:\/\/lospoliticosveracruz.com\/?p=145022","title":{"rendered":"POR UNA XALAPA PROGRESISTA Y SUSTENTABLE"},"content":{"rendered":"\n<p><a><\/a><a href=\"https:\/\/whatsapp.com\/channel\/0029Va8zRWlEKyZIP3Z1dF0e\"><strong>\u2002\u2002<\/strong><strong>\u00da<\/strong><strong>NETE A NUESTRO CANAL<\/strong><strong><\/strong><\/a><\/p>\n\n\n\n<p>\u00a1<a href=\"https:\/\/whatsapp.com\/channel\/0029Va8zRWlEKyZIP3Z1dF0e\"><strong>LOS POL\u00cd<\/strong><strong>TICOS VERACRUZ<\/strong><\/a> ya est\u00e1 en WhatsApp!<\/p>\n\n\n\n<p><\/p>\n\n\n\n<p>Este fin de semana, la familia verde de las congregaciones de la capital veracruzana se reuni\u00f3 en un encuentro comunitario que reforz\u00f3 el respaldo al proyecto de Rafa Alarc\u00f3n Barrientos, candidato a regidor del Ayuntamiento de Xalapa por la coalici\u00f3n Sigamos Haciendo Historia.<\/p>\n\n\n\n<p>Se compartieron momentos significativos con habitantes de Chiltoyac, de la 6 de enero , El Castillo y Las Cruces, comunidades donde ha construido v\u00ednculos s\u00f3lidos desde hace varios a\u00f1os.<\/p>\n\n\n\n<p>\u201cPodemos afirmar que la victoria este 1 de junio ser\u00e1 contundente gracias a la suma de voluntades de mujeres y hombres de las congregaciones\u201d.<\/p>\n\n\n\n<p>El candidato enfatiz\u00f3 que, desde estos sectores de la ciudad, su proyecto ha recibido un voto de confianza firme y creciente.<\/p>\n\n\n\n<p>Destac\u00f3 que el anhelo com\u00fan es construir una Xalapa verde y sustentable, liderada por Daniela Griego como pr\u00f3xima presidenta municipal, acompa\u00f1ada de un cabildo comprometido con la gesti\u00f3n directa de las necesidades ciudadanas.<\/p>\n\n\n\n<p>\u201cEstamos seguros de que el Partido Verde en Xalapa har\u00e1 historia en esta contienda. La victoria que obtendremos ser\u00e1 clave para el partido y, sobre todo, para consolidar la confianza de miles de xalape\u00f1os\u201d.<\/p>\n\n\n\n<p>Rafa Alarc\u00f3n record\u00f3 que el periodo de campa\u00f1a entrar\u00e1 en su recta final, y agradeci\u00f3 profundamente el respaldo que le ha brindado d\u00eda a d\u00eda<br>la ciudadan\u00eda.<\/p>\n\n\n\n<p>\u201cCada recorrido nos permite escuchar lo que Xalapa necesita, y en eso vamos a concentrar nuestros esfuerzos. Nos hemos preparado no solo para pagar la elecci\u00f3n, tambi\u00e9n para trabajar con resultados.<\/p>\n\n\n\n<p>Finalmente, reiter\u00f3 su llamado a votar por la planilla encabezada por Daniela Griego, y asegur\u00f3 que, con su llegada al Cabildo, ser\u00e1 uno de los regidores m\u00e1s disciplinados y comprometidos con la transformaci\u00f3n de la ciudad.<\/p>\n\n\n\n<p>\u201cEs momento de sumar voluntades, votar por un futuro sustentable y continuar la transformaci\u00f3n que Xalapa merece\u201d.<\/p>\n","protected":false},"excerpt":{"rendered":"<p>\u2002\u2002\u00daNETE A NUESTRO CANAL \u00a1LOS POL\u00cdTICOS VERACRUZ ya est\u00e1 en WhatsApp! Este fin de semana, la familia verde de las congregaciones de la capital veracruzana se reuni\u00f3 en un encuentro comunitario que reforz\u00f3 el respaldo al proyecto de Rafa Alarc\u00f3n Barrientos, candidato a regidor del Ayuntamiento de Xalapa por la coalici\u00f3n Sigamos Haciendo Historia. Se [&hellip;]<\/p>\n","protected":false},"author":2,"featured_media":145024,"comment_status":"closed","ping_status":"closed","sticky":false,"template":"","format":"standard","meta":{"tdm_status":"","tdm_grid_status":"","footnotes":""},"categories":[73],"tags":[38101],"class_list":{"0":"post-145022","1":"post","2":"type-post","3":"status-publish","4":"format-standard","5":"has-post-thumbnail","7":"category-de-boleto","8":"tag-rafa-alarcon-barrientos"},"yoast_head":"<!-- This site is optimized with the Yoast SEO plugin v27.4 - https:\/\/yoast.com\/product\/yoast-seo-wordpress\/ -->\n<title>POR UNA XALAPA PROGRESISTA Y SUSTENTABLE - Los pol\u00edticos Veracruz<\/title>\n<meta name=\"robots\" content=\"index, follow, max-snippet:-1, max-image-preview:large, max-video-preview:-1\" \/>\n<link rel=\"canonical\" href=\"https:\/\/lospoliticosveracruz.com\/?p=145022\" \/>\n<meta property=\"og:locale\" content=\"es_ES\" \/>\n<meta property=\"og:type\" content=\"article\" \/>\n<meta property=\"og:title\" content=\"POR UNA XALAPA PROGRESISTA Y SUSTENTABLE - Los pol\u00edticos Veracruz\" \/>\n<meta property=\"og:description\" content=\"\u2002\u2002\u00daNETE A NUESTRO CANAL \u00a1LOS POL\u00cdTICOS VERACRUZ ya est\u00e1 en WhatsApp! Este fin de semana, la familia verde de las congregaciones de la capital veracruzana se reuni\u00f3 en un encuentro comunitario que reforz\u00f3 el respaldo al proyecto de Rafa Alarc\u00f3n Barrientos, candidato a regidor del Ayuntamiento de Xalapa por la coalici\u00f3n Sigamos Haciendo Historia. Se [&hellip;]\" \/>\n<meta property=\"og:url\" content=\"https:\/\/lospoliticosveracruz.com\/?p=145022\" \/>\n<meta property=\"og:site_name\" content=\"Los pol\u00edticos Veracruz\" \/>\n<meta property=\"article:publisher\" content=\"https:\/\/www.facebook.com\/people\/Notimemes-de-los-Polticos\/61565672886568\/\" \/>\n<meta property=\"article:published_time\" content=\"2025-05-19T13:38:40+00:00\" \/>\n<meta property=\"article:modified_time\" content=\"2025-05-19T13:38:51+00:00\" \/>\n<meta property=\"og:image\" content=\"https:\/\/lospoliticosveracruz.com\/wp-content\/uploads\/2025\/05\/WhatsApp-Image-2025-05-19-at-07.35.35.jpeg\" \/>\n\t<meta property=\"og:image:width\" content=\"600\" \/>\n\t<meta property=\"og:image:height\" content=\"320\" \/>\n\t<meta property=\"og:image:type\" content=\"image\/jpeg\" \/>\n<meta name=\"author\" content=\"Lo viste en Los Pol\u00edticos\" \/>\n<meta name=\"twitter:card\" content=\"summary_large_image\" \/>\n<meta name=\"twitter:creator\" content=\"@LosPoliticosVer\" \/>\n<meta name=\"twitter:site\" content=\"@LosPoliticosVer\" \/>\n<meta name=\"twitter:label1\" content=\"Escrito por\" \/>\n\t<meta name=\"twitter:data1\" content=\"Lo viste en Los Pol\u00edticos\" \/>\n\t<meta name=\"twitter:label2\" content=\"Tiempo de lectura\" \/>\n\t<meta name=\"twitter:data2\" content=\"2 minutos\" \/>\n<script type=\"application\/ld+json\" class=\"yoast-schema-graph\">{\"@context\":\"https:\\\/\\\/schema.org\",\"@graph\":[{\"@type\":\"Article\",\"@id\":\"https:\\\/\\\/lospoliticosveracruz.com\\\/?p=145022#article\",\"isPartOf\":{\"@id\":\"https:\\\/\\\/lospoliticosveracruz.com\\\/?p=145022\"},\"author\":{\"name\":\"Lo viste en Los Pol\u00edticos\",\"@id\":\"https:\\\/\\\/lospoliticosveracruz.com\\\/#\\\/schema\\\/person\\\/b8702bb0e538456e6efd07080bf2a4a2\"},\"headline\":\"POR UNA XALAPA PROGRESISTA Y SUSTENTABLE\",\"datePublished\":\"2025-05-19T13:38:40+00:00\",\"dateModified\":\"2025-05-19T13:38:51+00:00\",\"mainEntityOfPage\":{\"@id\":\"https:\\\/\\\/lospoliticosveracruz.com\\\/?p=145022\"},\"wordCount\":329,\"publisher\":{\"@id\":\"https:\\\/\\\/lospoliticosveracruz.com\\\/#organization\"},\"image\":{\"@id\":\"https:\\\/\\\/lospoliticosveracruz.com\\\/?p=145022#primaryimage\"},\"thumbnailUrl\":\"https:\\\/\\\/lospoliticosveracruz.com\\\/wp-content\\\/uploads\\\/2025\\\/05\\\/WhatsApp-Image-2025-05-19-at-07.35.35.jpeg\",\"keywords\":[\"Rafa Alarc\u00f3n Barrientos\"],\"articleSection\":[\"De Boleto\"],\"inLanguage\":\"es\"},{\"@type\":\"WebPage\",\"@id\":\"https:\\\/\\\/lospoliticosveracruz.com\\\/?p=145022\",\"url\":\"https:\\\/\\\/lospoliticosveracruz.com\\\/?p=145022\",\"name\":\"POR UNA XALAPA PROGRESISTA Y SUSTENTABLE - Los pol\u00edticos Veracruz\",\"isPartOf\":{\"@id\":\"https:\\\/\\\/lospoliticosveracruz.com\\\/#website\"},\"primaryImageOfPage\":{\"@id\":\"https:\\\/\\\/lospoliticosveracruz.com\\\/?p=145022#primaryimage\"},\"image\":{\"@id\":\"https:\\\/\\\/lospoliticosveracruz.com\\\/?p=145022#primaryimage\"},\"thumbnailUrl\":\"https:\\\/\\\/lospoliticosveracruz.com\\\/wp-content\\\/uploads\\\/2025\\\/05\\\/WhatsApp-Image-2025-05-19-at-07.35.35.jpeg\",\"datePublished\":\"2025-05-19T13:38:40+00:00\",\"dateModified\":\"2025-05-19T13:38:51+00:00\",\"breadcrumb\":{\"@id\":\"https:\\\/\\\/lospoliticosveracruz.com\\\/?p=145022#breadcrumb\"},\"inLanguage\":\"es\",\"potentialAction\":[{\"@type\":\"ReadAction\",\"target\":[\"https:\\\/\\\/lospoliticosveracruz.com\\\/?p=145022\"]}]},{\"@type\":\"ImageObject\",\"inLanguage\":\"es\",\"@id\":\"https:\\\/\\\/lospoliticosveracruz.com\\\/?p=145022#primaryimage\",\"url\":\"https:\\\/\\\/lospoliticosveracruz.com\\\/wp-content\\\/uploads\\\/2025\\\/05\\\/WhatsApp-Image-2025-05-19-at-07.35.35.jpeg\",\"contentUrl\":\"https:\\\/\\\/lospoliticosveracruz.com\\\/wp-content\\\/uploads\\\/2025\\\/05\\\/WhatsApp-Image-2025-05-19-at-07.35.35.jpeg\",\"width\":600,\"height\":320},{\"@type\":\"BreadcrumbList\",\"@id\":\"https:\\\/\\\/lospoliticosveracruz.com\\\/?p=145022#breadcrumb\",\"itemListElement\":[{\"@type\":\"ListItem\",\"position\":1,\"name\":\"Portada\",\"item\":\"https:\\\/\\\/lospoliticosveracruz.com\\\/\"},{\"@type\":\"ListItem\",\"position\":2,\"name\":\"POR UNA XALAPA PROGRESISTA Y SUSTENTABLE\"}]},{\"@type\":\"WebSite\",\"@id\":\"https:\\\/\\\/lospoliticosveracruz.com\\\/#website\",\"url\":\"https:\\\/\\\/lospoliticosveracruz.com\\\/\",\"name\":\"Los pol\u00edticos Veracruz\",\"description\":\"\",\"publisher\":{\"@id\":\"https:\\\/\\\/lospoliticosveracruz.com\\\/#organization\"},\"potentialAction\":[{\"@type\":\"SearchAction\",\"target\":{\"@type\":\"EntryPoint\",\"urlTemplate\":\"https:\\\/\\\/lospoliticosveracruz.com\\\/?s={search_term_string}\"},\"query-input\":{\"@type\":\"PropertyValueSpecification\",\"valueRequired\":true,\"valueName\":\"search_term_string\"}}],\"inLanguage\":\"es\"},{\"@type\":\"Organization\",\"@id\":\"https:\\\/\\\/lospoliticosveracruz.com\\\/#organization\",\"name\":\"Los pol\u00edticos Veracruz\",\"url\":\"https:\\\/\\\/lospoliticosveracruz.com\\\/\",\"logo\":{\"@type\":\"ImageObject\",\"inLanguage\":\"es\",\"@id\":\"https:\\\/\\\/lospoliticosveracruz.com\\\/#\\\/schema\\\/logo\\\/image\\\/\",\"url\":\"https:\\\/\\\/lospoliticosveracruz.com\\\/wp-content\\\/uploads\\\/2025\\\/12\\\/Logo-Nuevo-LOS-POLITICOS-1.jpg\",\"contentUrl\":\"https:\\\/\\\/lospoliticosveracruz.com\\\/wp-content\\\/uploads\\\/2025\\\/12\\\/Logo-Nuevo-LOS-POLITICOS-1.jpg\",\"width\":260,\"height\":70,\"caption\":\"Los pol\u00edticos Veracruz\"},\"image\":{\"@id\":\"https:\\\/\\\/lospoliticosveracruz.com\\\/#\\\/schema\\\/logo\\\/image\\\/\"},\"sameAs\":[\"https:\\\/\\\/www.facebook.com\\\/people\\\/Notimemes-de-los-Polticos\\\/61565672886568\\\/\",\"https:\\\/\\\/x.com\\\/LosPoliticosVer\"]},{\"@type\":\"Person\",\"@id\":\"https:\\\/\\\/lospoliticosveracruz.com\\\/#\\\/schema\\\/person\\\/b8702bb0e538456e6efd07080bf2a4a2\",\"name\":\"Lo viste en Los Pol\u00edticos\",\"image\":{\"@type\":\"ImageObject\",\"inLanguage\":\"es\",\"@id\":\"https:\\\/\\\/secure.gravatar.com\\\/avatar\\\/3a8de04a2656d44082be478bd6c086daa447c4651605818287b9532d3d0bd435?s=96&d=mm&r=g\",\"url\":\"https:\\\/\\\/secure.gravatar.com\\\/avatar\\\/3a8de04a2656d44082be478bd6c086daa447c4651605818287b9532d3d0bd435?s=96&d=mm&r=g\",\"contentUrl\":\"https:\\\/\\\/secure.gravatar.com\\\/avatar\\\/3a8de04a2656d44082be478bd6c086daa447c4651605818287b9532d3d0bd435?s=96&d=mm&r=g\",\"caption\":\"Lo viste en Los Pol\u00edticos\"},\"url\":\"https:\\\/\\\/lospoliticosveracruz.com\\\/?author=2\"}]}<\/script>\n<!-- \/ Yoast SEO plugin. -->","yoast_head_json":{"title":"POR UNA XALAPA PROGRESISTA Y SUSTENTABLE - Los pol\u00edticos Veracruz","robots":{"index":"index","follow":"follow","max-snippet":"max-snippet:-1","max-image-preview":"max-image-preview:large","max-video-preview":"max-video-preview:-1"},"canonical":"https:\/\/lospoliticosveracruz.com\/?p=145022","og_locale":"es_ES","og_type":"article","og_title":"POR UNA XALAPA PROGRESISTA Y SUSTENTABLE - Los pol\u00edticos Veracruz","og_description":"\u2002\u2002\u00daNETE A NUESTRO CANAL \u00a1LOS POL\u00cdTICOS VERACRUZ ya est\u00e1 en WhatsApp! Este fin de semana, la familia verde de las congregaciones de la capital veracruzana se reuni\u00f3 en un encuentro comunitario que reforz\u00f3 el respaldo al proyecto de Rafa Alarc\u00f3n Barrientos, candidato a regidor del Ayuntamiento de Xalapa por la coalici\u00f3n Sigamos Haciendo Historia. Se [&hellip;]","og_url":"https:\/\/lospoliticosveracruz.com\/?p=145022","og_site_name":"Los pol\u00edticos Veracruz","article_publisher":"https:\/\/www.facebook.com\/people\/Notimemes-de-los-Polticos\/61565672886568\/","article_published_time":"2025-05-19T13:38:40+00:00","article_modified_time":"2025-05-19T13:38:51+00:00","og_image":[{"width":600,"height":320,"url":"https:\/\/lospoliticosveracruz.com\/wp-content\/uploads\/2025\/05\/WhatsApp-Image-2025-05-19-at-07.35.35.jpeg","type":"image\/jpeg"}],"author":"Lo viste en Los Pol\u00edticos","twitter_card":"summary_large_image","twitter_creator":"@LosPoliticosVer","twitter_site":"@LosPoliticosVer","twitter_misc":{"Escrito por":"Lo viste en Los Pol\u00edticos","Tiempo de lectura":"2 minutos"},"schema":{"@context":"https:\/\/schema.org","@graph":[{"@type":"Article","@id":"https:\/\/lospoliticosveracruz.com\/?p=145022#article","isPartOf":{"@id":"https:\/\/lospoliticosveracruz.com\/?p=145022"},"author":{"name":"Lo viste en Los Pol\u00edticos","@id":"https:\/\/lospoliticosveracruz.com\/#\/schema\/person\/b8702bb0e538456e6efd07080bf2a4a2"},"headline":"POR UNA XALAPA PROGRESISTA Y SUSTENTABLE","datePublished":"2025-05-19T13:38:40+00:00","dateModified":"2025-05-19T13:38:51+00:00","mainEntityOfPage":{"@id":"https:\/\/lospoliticosveracruz.com\/?p=145022"},"wordCount":329,"publisher":{"@id":"https:\/\/lospoliticosveracruz.com\/#organization"},"image":{"@id":"https:\/\/lospoliticosveracruz.com\/?p=145022#primaryimage"},"thumbnailUrl":"https:\/\/lospoliticosveracruz.com\/wp-content\/uploads\/2025\/05\/WhatsApp-Image-2025-05-19-at-07.35.35.jpeg","keywords":["Rafa Alarc\u00f3n Barrientos"],"articleSection":["De Boleto"],"inLanguage":"es"},{"@type":"WebPage","@id":"https:\/\/lospoliticosveracruz.com\/?p=145022","url":"https:\/\/lospoliticosveracruz.com\/?p=145022","name":"POR UNA XALAPA PROGRESISTA Y SUSTENTABLE - Los pol\u00edticos Veracruz","isPartOf":{"@id":"https:\/\/lospoliticosveracruz.com\/#website"},"primaryImageOfPage":{"@id":"https:\/\/lospoliticosveracruz.com\/?p=145022#primaryimage"},"image":{"@id":"https:\/\/lospoliticosveracruz.com\/?p=145022#primaryimage"},"thumbnailUrl":"https:\/\/lospoliticosveracruz.com\/wp-content\/uploads\/2025\/05\/WhatsApp-Image-2025-05-19-at-07.35.35.jpeg","datePublished":"2025-05-19T13:38:40+00:00","dateModified":"2025-05-19T13:38:51+00:00","breadcrumb":{"@id":"https:\/\/lospoliticosveracruz.com\/?p=145022#breadcrumb"},"inLanguage":"es","potentialAction":[{"@type":"ReadAction","target":["https:\/\/lospoliticosveracruz.com\/?p=145022"]}]},{"@type":"ImageObject","inLanguage":"es","@id":"https:\/\/lospoliticosveracruz.com\/?p=145022#primaryimage","url":"https:\/\/lospoliticosveracruz.com\/wp-content\/uploads\/2025\/05\/WhatsApp-Image-2025-05-19-at-07.35.35.jpeg","contentUrl":"https:\/\/lospoliticosveracruz.com\/wp-content\/uploads\/2025\/05\/WhatsApp-Image-2025-05-19-at-07.35.35.jpeg","width":600,"height":320},{"@type":"BreadcrumbList","@id":"https:\/\/lospoliticosveracruz.com\/?p=145022#breadcrumb","itemListElement":[{"@type":"ListItem","position":1,"name":"Portada","item":"https:\/\/lospoliticosveracruz.com\/"},{"@type":"ListItem","position":2,"name":"POR UNA XALAPA PROGRESISTA Y SUSTENTABLE"}]},{"@type":"WebSite","@id":"https:\/\/lospoliticosveracruz.com\/#website","url":"https:\/\/lospoliticosveracruz.com\/","name":"Los pol\u00edticos Veracruz","description":"","publisher":{"@id":"https:\/\/lospoliticosveracruz.com\/#organization"},"potentialAction":[{"@type":"SearchAction","target":{"@type":"EntryPoint","urlTemplate":"https:\/\/lospoliticosveracruz.com\/?s={search_term_string}"},"query-input":{"@type":"PropertyValueSpecification","valueRequired":true,"valueName":"search_term_string"}}],"inLanguage":"es"},{"@type":"Organization","@id":"https:\/\/lospoliticosveracruz.com\/#organization","name":"Los pol\u00edticos Veracruz","url":"https:\/\/lospoliticosveracruz.com\/","logo":{"@type":"ImageObject","inLanguage":"es","@id":"https:\/\/lospoliticosveracruz.com\/#\/schema\/logo\/image\/","url":"https:\/\/lospoliticosveracruz.com\/wp-content\/uploads\/2025\/12\/Logo-Nuevo-LOS-POLITICOS-1.jpg","contentUrl":"https:\/\/lospoliticosveracruz.com\/wp-content\/uploads\/2025\/12\/Logo-Nuevo-LOS-POLITICOS-1.jpg","width":260,"height":70,"caption":"Los pol\u00edticos Veracruz"},"image":{"@id":"https:\/\/lospoliticosveracruz.com\/#\/schema\/logo\/image\/"},"sameAs":["https:\/\/www.facebook.com\/people\/Notimemes-de-los-Polticos\/61565672886568\/","https:\/\/x.com\/LosPoliticosVer"]},{"@type":"Person","@id":"https:\/\/lospoliticosveracruz.com\/#\/schema\/person\/b8702bb0e538456e6efd07080bf2a4a2","name":"Lo viste en Los Pol\u00edticos","image":{"@type":"ImageObject","inLanguage":"es","@id":"https:\/\/secure.gravatar.com\/avatar\/3a8de04a2656d44082be478bd6c086daa447c4651605818287b9532d3d0bd435?s=96&d=mm&r=g","url":"https:\/\/secure.gravatar.com\/avatar\/3a8de04a2656d44082be478bd6c086daa447c4651605818287b9532d3d0bd435?s=96&d=mm&r=g","contentUrl":"https:\/\/secure.gravatar.com\/avatar\/3a8de04a2656d44082be478bd6c086daa447c4651605818287b9532d3d0bd435?s=96&d=mm&r=g","caption":"Lo viste en Los Pol\u00edticos"},"url":"https:\/\/lospoliticosveracruz.com\/?author=2"}]}},"_links":{"self":[{"href":"https:\/\/lospoliticosveracruz.com\/index.php?rest_route=\/wp\/v2\/posts\/145022","targetHints":{"allow":["GET"]}}],"collection":[{"href":"https:\/\/lospoliticosveracruz.com\/index.php?rest_route=\/wp\/v2\/posts"}],"about":[{"href":"https:\/\/lospoliticosveracruz.com\/index.php?rest_route=\/wp\/v2\/types\/post"}],"author":[{"embeddable":true,"href":"https:\/\/lospoliticosveracruz.com\/index.php?rest_route=\/wp\/v2\/users\/2"}],"replies":[{"embeddable":true,"href":"https:\/\/lospoliticosveracruz.com\/index.php?rest_route=%2Fwp%2Fv2%2Fcomments&post=145022"}],"version-history":[{"count":2,"href":"https:\/\/lospoliticosveracruz.com\/index.php?rest_route=\/wp\/v2\/posts\/145022\/revisions"}],"predecessor-version":[{"id":145026,"href":"https:\/\/lospoliticosveracruz.com\/index.php?rest_route=\/wp\/v2\/posts\/145022\/revisions\/145026"}],"wp:featuredmedia":[{"embeddable":true,"href":"https:\/\/lospoliticosveracruz.com\/index.php?rest_route=\/wp\/v2\/media\/145024"}],"wp:attachment":[{"href":"https:\/\/lospoliticosveracruz.com\/index.php?rest_route=%2Fwp%2Fv2%2Fmedia&parent=145022"}],"wp:term":[{"taxonomy":"category","embeddable":true,"href":"https:\/\/lospoliticosveracruz.com\/index.php?rest_route=%2Fwp%2Fv2%2Fcategories&post=145022"},{"taxonomy":"post_tag","embeddable":true,"href":"https:\/\/lospoliticosveracruz.com\/index.php?rest_route=%2Fwp%2Fv2%2Ftags&post=145022"}],"curies":[{"name":"wp","href":"https:\/\/api.w.org\/{rel}","templated":true}]}}