{"id":14504,"date":"2015-01-18T16:20:49","date_gmt":"2015-01-18T22:20:49","guid":{"rendered":"http:\/\/www.lospoliticosveracruz.com.mx\/?p=14504"},"modified":"2015-01-18T16:20:49","modified_gmt":"2015-01-18T22:20:49","slug":"rodolfo-mendoza-delirium-tremens","status":"publish","type":"post","link":"https:\/\/lospoliticosveracruz.com\/?p=14504","title":{"rendered":"Rodolfo Mendoza, del\u00edrium tr\u00e9mens"},"content":{"rendered":"<p><a href=\"http:\/\/www.lospoliticosveracruz.com.mx\/wp-content\/uploads\/2014\/12\/Rodolfo-Mendoza-IVEC.jpg\"><img loading=\"lazy\" decoding=\"async\" class=\"alignnone size-medium wp-image-14345\" src=\"http:\/\/www.lospoliticosveracruz.com.mx\/wp-content\/uploads\/2014\/12\/Rodolfo-Mendoza-IVEC-300x206.jpg\" alt=\"Rodolfo Mendoza IVEC\" width=\"300\" height=\"206\" \/><\/a><\/p>\n<p><strong>Armando Ortiz<\/strong><\/p>\n<p><em>El Hijo Pr\u00f3digo<\/em><\/p>\n<p>&nbsp;<\/p>\n<blockquote><p><em>\u201cEs sin duda un mal, estar lleno de defectos;<\/em><br \/>\n<em> pero es todav\u00eda un mal mayor<\/em><br \/>\n<em> estar lleno de ellos y no quererlo reconocer,<\/em><br \/>\n<em> porque es a\u00f1adir todav\u00eda el de una ilusi\u00f3n voluntaria\u201d.<\/em><br \/>\n<strong>Blaise Pascal<\/strong><\/p><\/blockquote>\n<p>&nbsp;<\/p>\n<p>Hay muchas formas de delirio. La Real Academia Espa\u00f1ola define al delirio en psicolog\u00eda como: \u201cConfusi\u00f3n mental caracterizada por alucinaciones, reiteraci\u00f3n de pensamientos absurdos e incoherencia\u201d. Un delirio paranoide es un s\u00edndrome atenuado de la paranoia caracterizado por egolatr\u00eda y man\u00eda persecutoria. El delirio de grandeza, dice la RAE, es la \u201cactitud de la persona que se manifiesta con apariencia muy superior a la que realmente le corresponde\u201d.<br \/>\nPero existe tambi\u00e9n el s\u00edndrome de abstinencia mejor conocido como del\u00edrium tr\u00e9mens. El diccionario en l\u00ednea Medline Plus lo define de esta manera: \u201cEl del\u00edrium tr\u00e9mens puede ocurrir cuando usted deja de beber despu\u00e9s de un per\u00edodo de consumo excesivo de alcohol, especialmente si no ingiere suficiente alimento\u201d. Entre algunos de sus s\u00edntomas est\u00e1n los cambios del estado mental como la agitaci\u00f3n, irritabilidad, confusi\u00f3n, desorientaci\u00f3n y las alucinaciones.<br \/>\nUn servidor est\u00e1 punto de creer que el director del IVEC, Rodolfo Mendoza Rosendo ha dejado de tomar alcohol, al menos desde ese 23 de diciembre de 2014 en que lo sorprendimos borracho, en horario de trabajo, siguiendo la aventura de su ebriedad en el bar Chico Julio del centro de la ciudad de Xalapa. \u00bfPorque decimos esto? Porque entonces no podr\u00edamos explicarnos sus palabras del 13 de enero de 2015 en conferencia de prensa en la Galer\u00eda de Arte Contempor\u00e1neo.<br \/>\nA pregunta expresa de una reportera sobre si hab\u00eda llegado a laborar con aliento alcoh\u00f3lico, el director del IVEC, con tres semanas completas sin una gota de alcohol, en martes por la ma\u00f1ana, seguramente sin desayunar, se puso a delirar.<br \/>\nDelir\u00f3 de tal manera que en su mente glorific\u00f3 su actuar en la cultura veracruzana. Se compar\u00f3 con los grandes arquitectos que construyen catedrales, con los grandes hombres de la antig\u00fcedad que construyen bibliotecas; se compar\u00f3 con Ptolomeo S\u00f3ter, el fundador de la biblioteca de Alejandr\u00eda.<br \/>\nMagn\u00e1nimo en sus delirios de grandeza, el director del IVEC, Rodolfo Mendoza, perdona, lo mismo que Blaise Pascal a los malvados, temeroso de convertirse el mismo en un ser malvado al mandar a desaparecer a estos sujetos que lo acusan, sujetos que para \u00e9l no merecen vivir.<br \/>\nEn su discurso, digno del Are\u00f3pago, Rodolfo Mendoza habl\u00f3 de la ruindad de algunos periodistas que utilizan a las mujeres para lastimar a los puros e inc\u00f3lumes. \u201cNo tienen honor \u2013dijo- est\u00e1n dispuestos a cualquier cosa\u201d. El tribuno delirante termin\u00f3 su alocuci\u00f3n con las siguientes palabras b\u00edblicas: \u201cEl trigo crece con la ciza\u00f1a, nada m\u00e1s que el trigo s\u00ed sirve para hacer pan y la ciza\u00f1a para nada\u201d.<br \/>\nEl p\u00fablico arreci\u00f3 con aplausos, los presentes vitorearon al tribuno y una doncella vestida de blanco se dirigi\u00f3 a \u00e9l y le coloc\u00f3 una corona de laureles al tiempo que le daba un tierno beso (Esos ya son delirios m\u00edos, como podr\u00e1n ver el delirio se contagia).<br \/>\nPero \u00bfqu\u00e9 le pasa a Rodolfo Mendoza? \u00bfQui\u00e9n se siente? Cuando un funcionario de primer nivel me cit\u00f3 a su oficina para preguntarme sobre el maltrato que este sujeto le hab\u00eda hecho a la poeta Silvia Tomasa Rivera, lo primero que me pregunt\u00f3 fue: \u201c\u00bfY qui\u00e9n es ese pendejo?\u201d. En mi \u201cruindad\u201d, como dijera el tribuno Mendoza, contest\u00e9: \u201cEl huelepedos de Sergio Pitol\u201d.<br \/>\nPor supuesto que un servidor, como periodista, no acusa solamente por acusar. Esa ma\u00f1ana de martes 23 de diciembre un parroquiano me habl\u00f3 para decirme que el director del IVEC estaba \u201cbien pedo tomando en Chico Julio\u201d. Pude haber mencionado en mi columna el asunto, sin verificar la certeza de lo dicho por el parroquiano. Pero como periodista, Premio Nacional de Periodismo, me veo obligado a verificar el asunto. As\u00ed que me dirijo a la calle de Victoria en el centro de Xalapa y le suplic\u00f3 al parroquiano, quien seguramente tambi\u00e9n estaba ebrio, que le tomara unas fotos al individuo. Cuando llego me estaciono frente a Chico Julio, en ese preciso momento Rodolfo Mendoza estaba saliendo del bar acompa\u00f1ado de dos tipos; estaba yo frente a \u00e9l y ni siquiera se dio cuenta. Ya no lo pod\u00eda acusar de borracho en horario de oficina, ya lo tendr\u00eda que se\u00f1alar, pues yo mismo era testigo. Despu\u00e9s sali\u00f3 el parroquiano que me hab\u00eda llamado por tel\u00e9fono y por whatsapp me pas\u00f3 las fotos que tom\u00f3 en el interior.<br \/>\nEn ning\u00fan momento dije que el se\u00f1or acud\u00eda a eventos oficiales con aliento alcoh\u00f3lico, no me consta, se\u00f1al\u00e9 que estaba borracho en horario de oficina y lo comprob\u00e9.<br \/>\nRodolfo Mendoza habla sobre la ruindad del periodista por acusarlo del vergonzoso hecho de estar borracho en horario de oficina. Pero no habla de la ruindad del sujeto, que no pudiendo contener su vicio, sin importarle la investidura de director cultural, busca seguir la peda en un lugar p\u00fablico. \u00bfD\u00f3nde est\u00e1 t\u00fa honorabilidad Rodolfo? \u00bfLa dejaste regada en el mingitorio de Chico Julio?<br \/>\nEn algo tiene raz\u00f3n Rodolfo Mendoza, hay periodistas que destruimos, pero no catedrales, sino emporios de corrupci\u00f3n, como en su momento fue el que erigiera Leticia Perlasca en la Secretar\u00eda de Turismo, la misma que te cobijara en el Cobaev. Ahora mismo queremos destruir el emporio de complicidad entre funcionarios de la SEV y Equipo Liderazgo Mexicano, que se queda con millones de pesos de los estudiantes veracruzanos. Pero mejor le paro, porque ya parece que yo tambi\u00e9n deliro.<br \/>\nPara finalizar debo darle nuevamente la raz\u00f3n a Rodolfo Mendoza. \u00c9l es como el trigo, s\u00ed pero como el trigo fermentado, que sirve para hacer la cerveza con la que se emborracha. Mejor que siga tomando, para evitar esas bochornosas conferencias de prensa obligadas por su del\u00edrium tr\u00e9mens.<\/p>\n<p>Armando Ortiz aortiz52@hotmail.com<\/p>\n","protected":false},"excerpt":{"rendered":"<p>Armando Ortiz El Hijo Pr\u00f3digo &nbsp; \u201cEs sin duda un mal, estar lleno de defectos; pero es todav\u00eda un mal mayor estar lleno de ellos y no quererlo reconocer, porque es a\u00f1adir todav\u00eda el de una ilusi\u00f3n voluntaria\u201d. Blaise Pascal &nbsp; Hay muchas formas de delirio. La Real Academia Espa\u00f1ola define al delirio en psicolog\u00eda [&hellip;]<\/p>\n","protected":false},"author":2,"featured_media":0,"comment_status":"open","ping_status":"open","sticky":false,"template":"","format":"standard","meta":{"tdm_status":"","tdm_grid_status":"","footnotes":""},"categories":[70],"tags":[1346,316,1466,1345],"class_list":{"0":"post-14504","1":"post","2":"type-post","3":"status-publish","4":"format-standard","6":"category-de-opinion","7":"tag-chico-julio","8":"tag-ivec","9":"tag-leticia-perlasca","10":"tag-rodolfo-mendoza-rosendo"},"yoast_head":"<!-- This site is optimized with the Yoast SEO plugin v27.4 - https:\/\/yoast.com\/product\/yoast-seo-wordpress\/ -->\n<title>Rodolfo Mendoza, del\u00edrium tr\u00e9mens - Los pol\u00edticos Veracruz<\/title>\n<meta name=\"robots\" content=\"index, follow, max-snippet:-1, max-image-preview:large, max-video-preview:-1\" \/>\n<link rel=\"canonical\" href=\"https:\/\/lospoliticosveracruz.com\/?p=14504\" \/>\n<meta property=\"og:locale\" content=\"es_ES\" \/>\n<meta property=\"og:type\" content=\"article\" \/>\n<meta property=\"og:title\" content=\"Rodolfo Mendoza, del\u00edrium tr\u00e9mens - Los pol\u00edticos Veracruz\" \/>\n<meta property=\"og:description\" content=\"Armando Ortiz El Hijo Pr\u00f3digo &nbsp; \u201cEs sin duda un mal, estar lleno de defectos; pero es todav\u00eda un mal mayor estar lleno de ellos y no quererlo reconocer, porque es a\u00f1adir todav\u00eda el de una ilusi\u00f3n voluntaria\u201d. Blaise Pascal &nbsp; Hay muchas formas de delirio. La Real Academia Espa\u00f1ola define al delirio en psicolog\u00eda [&hellip;]\" \/>\n<meta property=\"og:url\" content=\"https:\/\/lospoliticosveracruz.com\/?p=14504\" \/>\n<meta property=\"og:site_name\" content=\"Los pol\u00edticos Veracruz\" \/>\n<meta property=\"article:publisher\" content=\"https:\/\/www.facebook.com\/people\/Notimemes-de-los-Polticos\/61565672886568\/\" \/>\n<meta property=\"article:published_time\" content=\"2015-01-18T22:20:49+00:00\" \/>\n<meta property=\"og:image\" content=\"http:\/\/www.lospoliticosveracruz.com.mx\/wp-content\/uploads\/2014\/12\/Rodolfo-Mendoza-IVEC-300x206.jpg\" \/>\n<meta name=\"author\" content=\"Lo viste en Los Pol\u00edticos\" \/>\n<meta name=\"twitter:card\" content=\"summary_large_image\" \/>\n<meta name=\"twitter:creator\" content=\"@LosPoliticosVer\" \/>\n<meta name=\"twitter:site\" content=\"@LosPoliticosVer\" \/>\n<meta name=\"twitter:label1\" content=\"Escrito por\" \/>\n\t<meta name=\"twitter:data1\" content=\"Lo viste en Los Pol\u00edticos\" \/>\n\t<meta name=\"twitter:label2\" content=\"Tiempo de lectura\" \/>\n\t<meta name=\"twitter:data2\" content=\"5 minutos\" \/>\n<script type=\"application\/ld+json\" class=\"yoast-schema-graph\">{\"@context\":\"https:\\\/\\\/schema.org\",\"@graph\":[{\"@type\":\"Article\",\"@id\":\"https:\\\/\\\/lospoliticosveracruz.com\\\/?p=14504#article\",\"isPartOf\":{\"@id\":\"https:\\\/\\\/lospoliticosveracruz.com\\\/?p=14504\"},\"author\":{\"name\":\"Lo viste en Los Pol\u00edticos\",\"@id\":\"https:\\\/\\\/lospoliticosveracruz.com\\\/#\\\/schema\\\/person\\\/b8702bb0e538456e6efd07080bf2a4a2\"},\"headline\":\"Rodolfo Mendoza, del\u00edrium tr\u00e9mens\",\"datePublished\":\"2015-01-18T22:20:49+00:00\",\"mainEntityOfPage\":{\"@id\":\"https:\\\/\\\/lospoliticosveracruz.com\\\/?p=14504\"},\"wordCount\":1042,\"commentCount\":0,\"publisher\":{\"@id\":\"https:\\\/\\\/lospoliticosveracruz.com\\\/#organization\"},\"image\":{\"@id\":\"https:\\\/\\\/lospoliticosveracruz.com\\\/?p=14504#primaryimage\"},\"thumbnailUrl\":\"http:\\\/\\\/www.lospoliticosveracruz.com.mx\\\/wp-content\\\/uploads\\\/2014\\\/12\\\/Rodolfo-Mendoza-IVEC-300x206.jpg\",\"keywords\":[\"Chico Julio\",\"IVEC\",\"Leticia Perlasca\",\"Rodolfo Mendoza Rosendo\"],\"articleSection\":[\"De Opini\u00f3n\"],\"inLanguage\":\"es\",\"potentialAction\":[{\"@type\":\"CommentAction\",\"name\":\"Comment\",\"target\":[\"https:\\\/\\\/lospoliticosveracruz.com\\\/?p=14504#respond\"]}]},{\"@type\":\"WebPage\",\"@id\":\"https:\\\/\\\/lospoliticosveracruz.com\\\/?p=14504\",\"url\":\"https:\\\/\\\/lospoliticosveracruz.com\\\/?p=14504\",\"name\":\"Rodolfo Mendoza, del\u00edrium tr\u00e9mens - Los pol\u00edticos Veracruz\",\"isPartOf\":{\"@id\":\"https:\\\/\\\/lospoliticosveracruz.com\\\/#website\"},\"primaryImageOfPage\":{\"@id\":\"https:\\\/\\\/lospoliticosveracruz.com\\\/?p=14504#primaryimage\"},\"image\":{\"@id\":\"https:\\\/\\\/lospoliticosveracruz.com\\\/?p=14504#primaryimage\"},\"thumbnailUrl\":\"http:\\\/\\\/www.lospoliticosveracruz.com.mx\\\/wp-content\\\/uploads\\\/2014\\\/12\\\/Rodolfo-Mendoza-IVEC-300x206.jpg\",\"datePublished\":\"2015-01-18T22:20:49+00:00\",\"breadcrumb\":{\"@id\":\"https:\\\/\\\/lospoliticosveracruz.com\\\/?p=14504#breadcrumb\"},\"inLanguage\":\"es\",\"potentialAction\":[{\"@type\":\"ReadAction\",\"target\":[\"https:\\\/\\\/lospoliticosveracruz.com\\\/?p=14504\"]}]},{\"@type\":\"ImageObject\",\"inLanguage\":\"es\",\"@id\":\"https:\\\/\\\/lospoliticosveracruz.com\\\/?p=14504#primaryimage\",\"url\":\"http:\\\/\\\/www.lospoliticosveracruz.com.mx\\\/wp-content\\\/uploads\\\/2014\\\/12\\\/Rodolfo-Mendoza-IVEC-300x206.jpg\",\"contentUrl\":\"http:\\\/\\\/www.lospoliticosveracruz.com.mx\\\/wp-content\\\/uploads\\\/2014\\\/12\\\/Rodolfo-Mendoza-IVEC-300x206.jpg\"},{\"@type\":\"BreadcrumbList\",\"@id\":\"https:\\\/\\\/lospoliticosveracruz.com\\\/?p=14504#breadcrumb\",\"itemListElement\":[{\"@type\":\"ListItem\",\"position\":1,\"name\":\"Portada\",\"item\":\"https:\\\/\\\/lospoliticosveracruz.com\\\/\"},{\"@type\":\"ListItem\",\"position\":2,\"name\":\"Rodolfo Mendoza, del\u00edrium tr\u00e9mens\"}]},{\"@type\":\"WebSite\",\"@id\":\"https:\\\/\\\/lospoliticosveracruz.com\\\/#website\",\"url\":\"https:\\\/\\\/lospoliticosveracruz.com\\\/\",\"name\":\"Los pol\u00edticos Veracruz\",\"description\":\"\",\"publisher\":{\"@id\":\"https:\\\/\\\/lospoliticosveracruz.com\\\/#organization\"},\"potentialAction\":[{\"@type\":\"SearchAction\",\"target\":{\"@type\":\"EntryPoint\",\"urlTemplate\":\"https:\\\/\\\/lospoliticosveracruz.com\\\/?s={search_term_string}\"},\"query-input\":{\"@type\":\"PropertyValueSpecification\",\"valueRequired\":true,\"valueName\":\"search_term_string\"}}],\"inLanguage\":\"es\"},{\"@type\":\"Organization\",\"@id\":\"https:\\\/\\\/lospoliticosveracruz.com\\\/#organization\",\"name\":\"Los pol\u00edticos Veracruz\",\"url\":\"https:\\\/\\\/lospoliticosveracruz.com\\\/\",\"logo\":{\"@type\":\"ImageObject\",\"inLanguage\":\"es\",\"@id\":\"https:\\\/\\\/lospoliticosveracruz.com\\\/#\\\/schema\\\/logo\\\/image\\\/\",\"url\":\"https:\\\/\\\/lospoliticosveracruz.com\\\/wp-content\\\/uploads\\\/2025\\\/12\\\/Logo-Nuevo-LOS-POLITICOS-1.jpg\",\"contentUrl\":\"https:\\\/\\\/lospoliticosveracruz.com\\\/wp-content\\\/uploads\\\/2025\\\/12\\\/Logo-Nuevo-LOS-POLITICOS-1.jpg\",\"width\":260,\"height\":70,\"caption\":\"Los pol\u00edticos Veracruz\"},\"image\":{\"@id\":\"https:\\\/\\\/lospoliticosveracruz.com\\\/#\\\/schema\\\/logo\\\/image\\\/\"},\"sameAs\":[\"https:\\\/\\\/www.facebook.com\\\/people\\\/Notimemes-de-los-Polticos\\\/61565672886568\\\/\",\"https:\\\/\\\/x.com\\\/LosPoliticosVer\"]},{\"@type\":\"Person\",\"@id\":\"https:\\\/\\\/lospoliticosveracruz.com\\\/#\\\/schema\\\/person\\\/b8702bb0e538456e6efd07080bf2a4a2\",\"name\":\"Lo viste en Los Pol\u00edticos\",\"image\":{\"@type\":\"ImageObject\",\"inLanguage\":\"es\",\"@id\":\"https:\\\/\\\/secure.gravatar.com\\\/avatar\\\/3a8de04a2656d44082be478bd6c086daa447c4651605818287b9532d3d0bd435?s=96&d=mm&r=g\",\"url\":\"https:\\\/\\\/secure.gravatar.com\\\/avatar\\\/3a8de04a2656d44082be478bd6c086daa447c4651605818287b9532d3d0bd435?s=96&d=mm&r=g\",\"contentUrl\":\"https:\\\/\\\/secure.gravatar.com\\\/avatar\\\/3a8de04a2656d44082be478bd6c086daa447c4651605818287b9532d3d0bd435?s=96&d=mm&r=g\",\"caption\":\"Lo viste en Los Pol\u00edticos\"},\"url\":\"https:\\\/\\\/lospoliticosveracruz.com\\\/?author=2\"}]}<\/script>\n<!-- \/ Yoast SEO plugin. -->","yoast_head_json":{"title":"Rodolfo Mendoza, del\u00edrium tr\u00e9mens - Los pol\u00edticos Veracruz","robots":{"index":"index","follow":"follow","max-snippet":"max-snippet:-1","max-image-preview":"max-image-preview:large","max-video-preview":"max-video-preview:-1"},"canonical":"https:\/\/lospoliticosveracruz.com\/?p=14504","og_locale":"es_ES","og_type":"article","og_title":"Rodolfo Mendoza, del\u00edrium tr\u00e9mens - Los pol\u00edticos Veracruz","og_description":"Armando Ortiz El Hijo Pr\u00f3digo &nbsp; \u201cEs sin duda un mal, estar lleno de defectos; pero es todav\u00eda un mal mayor estar lleno de ellos y no quererlo reconocer, porque es a\u00f1adir todav\u00eda el de una ilusi\u00f3n voluntaria\u201d. Blaise Pascal &nbsp; Hay muchas formas de delirio. La Real Academia Espa\u00f1ola define al delirio en psicolog\u00eda [&hellip;]","og_url":"https:\/\/lospoliticosveracruz.com\/?p=14504","og_site_name":"Los pol\u00edticos Veracruz","article_publisher":"https:\/\/www.facebook.com\/people\/Notimemes-de-los-Polticos\/61565672886568\/","article_published_time":"2015-01-18T22:20:49+00:00","og_image":[{"url":"http:\/\/www.lospoliticosveracruz.com.mx\/wp-content\/uploads\/2014\/12\/Rodolfo-Mendoza-IVEC-300x206.jpg","type":"","width":"","height":""}],"author":"Lo viste en Los Pol\u00edticos","twitter_card":"summary_large_image","twitter_creator":"@LosPoliticosVer","twitter_site":"@LosPoliticosVer","twitter_misc":{"Escrito por":"Lo viste en Los Pol\u00edticos","Tiempo de lectura":"5 minutos"},"schema":{"@context":"https:\/\/schema.org","@graph":[{"@type":"Article","@id":"https:\/\/lospoliticosveracruz.com\/?p=14504#article","isPartOf":{"@id":"https:\/\/lospoliticosveracruz.com\/?p=14504"},"author":{"name":"Lo viste en Los Pol\u00edticos","@id":"https:\/\/lospoliticosveracruz.com\/#\/schema\/person\/b8702bb0e538456e6efd07080bf2a4a2"},"headline":"Rodolfo Mendoza, del\u00edrium tr\u00e9mens","datePublished":"2015-01-18T22:20:49+00:00","mainEntityOfPage":{"@id":"https:\/\/lospoliticosveracruz.com\/?p=14504"},"wordCount":1042,"commentCount":0,"publisher":{"@id":"https:\/\/lospoliticosveracruz.com\/#organization"},"image":{"@id":"https:\/\/lospoliticosveracruz.com\/?p=14504#primaryimage"},"thumbnailUrl":"http:\/\/www.lospoliticosveracruz.com.mx\/wp-content\/uploads\/2014\/12\/Rodolfo-Mendoza-IVEC-300x206.jpg","keywords":["Chico Julio","IVEC","Leticia Perlasca","Rodolfo Mendoza Rosendo"],"articleSection":["De Opini\u00f3n"],"inLanguage":"es","potentialAction":[{"@type":"CommentAction","name":"Comment","target":["https:\/\/lospoliticosveracruz.com\/?p=14504#respond"]}]},{"@type":"WebPage","@id":"https:\/\/lospoliticosveracruz.com\/?p=14504","url":"https:\/\/lospoliticosveracruz.com\/?p=14504","name":"Rodolfo Mendoza, del\u00edrium tr\u00e9mens - Los pol\u00edticos Veracruz","isPartOf":{"@id":"https:\/\/lospoliticosveracruz.com\/#website"},"primaryImageOfPage":{"@id":"https:\/\/lospoliticosveracruz.com\/?p=14504#primaryimage"},"image":{"@id":"https:\/\/lospoliticosveracruz.com\/?p=14504#primaryimage"},"thumbnailUrl":"http:\/\/www.lospoliticosveracruz.com.mx\/wp-content\/uploads\/2014\/12\/Rodolfo-Mendoza-IVEC-300x206.jpg","datePublished":"2015-01-18T22:20:49+00:00","breadcrumb":{"@id":"https:\/\/lospoliticosveracruz.com\/?p=14504#breadcrumb"},"inLanguage":"es","potentialAction":[{"@type":"ReadAction","target":["https:\/\/lospoliticosveracruz.com\/?p=14504"]}]},{"@type":"ImageObject","inLanguage":"es","@id":"https:\/\/lospoliticosveracruz.com\/?p=14504#primaryimage","url":"http:\/\/www.lospoliticosveracruz.com.mx\/wp-content\/uploads\/2014\/12\/Rodolfo-Mendoza-IVEC-300x206.jpg","contentUrl":"http:\/\/www.lospoliticosveracruz.com.mx\/wp-content\/uploads\/2014\/12\/Rodolfo-Mendoza-IVEC-300x206.jpg"},{"@type":"BreadcrumbList","@id":"https:\/\/lospoliticosveracruz.com\/?p=14504#breadcrumb","itemListElement":[{"@type":"ListItem","position":1,"name":"Portada","item":"https:\/\/lospoliticosveracruz.com\/"},{"@type":"ListItem","position":2,"name":"Rodolfo Mendoza, del\u00edrium tr\u00e9mens"}]},{"@type":"WebSite","@id":"https:\/\/lospoliticosveracruz.com\/#website","url":"https:\/\/lospoliticosveracruz.com\/","name":"Los pol\u00edticos Veracruz","description":"","publisher":{"@id":"https:\/\/lospoliticosveracruz.com\/#organization"},"potentialAction":[{"@type":"SearchAction","target":{"@type":"EntryPoint","urlTemplate":"https:\/\/lospoliticosveracruz.com\/?s={search_term_string}"},"query-input":{"@type":"PropertyValueSpecification","valueRequired":true,"valueName":"search_term_string"}}],"inLanguage":"es"},{"@type":"Organization","@id":"https:\/\/lospoliticosveracruz.com\/#organization","name":"Los pol\u00edticos Veracruz","url":"https:\/\/lospoliticosveracruz.com\/","logo":{"@type":"ImageObject","inLanguage":"es","@id":"https:\/\/lospoliticosveracruz.com\/#\/schema\/logo\/image\/","url":"https:\/\/lospoliticosveracruz.com\/wp-content\/uploads\/2025\/12\/Logo-Nuevo-LOS-POLITICOS-1.jpg","contentUrl":"https:\/\/lospoliticosveracruz.com\/wp-content\/uploads\/2025\/12\/Logo-Nuevo-LOS-POLITICOS-1.jpg","width":260,"height":70,"caption":"Los pol\u00edticos Veracruz"},"image":{"@id":"https:\/\/lospoliticosveracruz.com\/#\/schema\/logo\/image\/"},"sameAs":["https:\/\/www.facebook.com\/people\/Notimemes-de-los-Polticos\/61565672886568\/","https:\/\/x.com\/LosPoliticosVer"]},{"@type":"Person","@id":"https:\/\/lospoliticosveracruz.com\/#\/schema\/person\/b8702bb0e538456e6efd07080bf2a4a2","name":"Lo viste en Los Pol\u00edticos","image":{"@type":"ImageObject","inLanguage":"es","@id":"https:\/\/secure.gravatar.com\/avatar\/3a8de04a2656d44082be478bd6c086daa447c4651605818287b9532d3d0bd435?s=96&d=mm&r=g","url":"https:\/\/secure.gravatar.com\/avatar\/3a8de04a2656d44082be478bd6c086daa447c4651605818287b9532d3d0bd435?s=96&d=mm&r=g","contentUrl":"https:\/\/secure.gravatar.com\/avatar\/3a8de04a2656d44082be478bd6c086daa447c4651605818287b9532d3d0bd435?s=96&d=mm&r=g","caption":"Lo viste en Los Pol\u00edticos"},"url":"https:\/\/lospoliticosveracruz.com\/?author=2"}]}},"_links":{"self":[{"href":"https:\/\/lospoliticosveracruz.com\/index.php?rest_route=\/wp\/v2\/posts\/14504","targetHints":{"allow":["GET"]}}],"collection":[{"href":"https:\/\/lospoliticosveracruz.com\/index.php?rest_route=\/wp\/v2\/posts"}],"about":[{"href":"https:\/\/lospoliticosveracruz.com\/index.php?rest_route=\/wp\/v2\/types\/post"}],"author":[{"embeddable":true,"href":"https:\/\/lospoliticosveracruz.com\/index.php?rest_route=\/wp\/v2\/users\/2"}],"replies":[{"embeddable":true,"href":"https:\/\/lospoliticosveracruz.com\/index.php?rest_route=%2Fwp%2Fv2%2Fcomments&post=14504"}],"version-history":[{"count":1,"href":"https:\/\/lospoliticosveracruz.com\/index.php?rest_route=\/wp\/v2\/posts\/14504\/revisions"}],"predecessor-version":[{"id":14505,"href":"https:\/\/lospoliticosveracruz.com\/index.php?rest_route=\/wp\/v2\/posts\/14504\/revisions\/14505"}],"wp:attachment":[{"href":"https:\/\/lospoliticosveracruz.com\/index.php?rest_route=%2Fwp%2Fv2%2Fmedia&parent=14504"}],"wp:term":[{"taxonomy":"category","embeddable":true,"href":"https:\/\/lospoliticosveracruz.com\/index.php?rest_route=%2Fwp%2Fv2%2Fcategories&post=14504"},{"taxonomy":"post_tag","embeddable":true,"href":"https:\/\/lospoliticosveracruz.com\/index.php?rest_route=%2Fwp%2Fv2%2Ftags&post=14504"}],"curies":[{"name":"wp","href":"https:\/\/api.w.org\/{rel}","templated":true}]}}