{"id":145042,"date":"2025-05-19T10:08:42","date_gmt":"2025-05-19T15:08:42","guid":{"rendered":"https:\/\/lospoliticosveracruz.com.mx\/?p=145042"},"modified":"2025-05-19T10:08:53","modified_gmt":"2025-05-19T15:08:53","slug":"veracruz-y-xalapa-dos-modelos-de-campana","status":"publish","type":"post","link":"https:\/\/lospoliticosveracruz.com\/?p=145042","title":{"rendered":"VERACRUZ Y XALAPA, DOS MODELOS DE CAMPA\u00d1A"},"content":{"rendered":"\n<p><a><\/a><a href=\"https:\/\/whatsapp.com\/channel\/0029Va8zRWlEKyZIP3Z1dF0e\"><strong>\u2002\u2002<\/strong><strong>\u00da<\/strong><strong>NETE A NUESTRO CANAL<\/strong><strong><\/strong><\/a><\/p>\n\n\n\n<p>\u00a1<a href=\"https:\/\/whatsapp.com\/channel\/0029Va8zRWlEKyZIP3Z1dF0e\"><strong>LOS POL\u00cd<\/strong><strong>TICOS VERACRUZ<\/strong><\/a> ya est\u00e1 en WhatsApp!<\/p>\n\n\n\n<p><strong>Manolo Victorio<\/strong><\/p>\n\n\n\n<p><em>Carpe Diem<br><\/em><br><\/p>\n\n\n\n<p>En Xalapa, se hace pol\u00edtica siempre.<\/p>\n\n\n\n<p>Hay una derivaci\u00f3n de la pol\u00edtica, una ramificaci\u00f3n rom\u00e1ntica de esta ciencia, practicada por grupos de analistas pol\u00edticos que deriva en una especie de pol\u00edtica culinaria.<\/p>\n\n\n\n<p>A veces gregarios, discordantes, coincidentes o divergentes en sus puntos de an\u00e1lisis a los periodistas les gusta juntarse para componer el mundo. El oficio los hace coincidir en tertulias ma\u00f1aneras en torno a mesas de herradura o rectangulares donde suelen reunirse, en desayunos op\u00edparos, con actores pol\u00edticos, gubernamentales, religiosos, judiciales, sociales, oficiales u opositores, que aceptan un juicio verbal de tres horas.<\/p>\n\n\n\n<p>Son los columnistas los santones que esclarecen la visi\u00f3n de la vida publica veracruzana, desde la Atenas, Xalapa.<\/p>\n\n\n\n<p>Un grupo de estos analistas suelen desayunar en el restaurante huasteco Bacan Macut (tortilla enchilada) ubicado sobre la avenida 20 de noviembre.<\/p>\n\n\n\n<p>El viernes pasado, mientras esperaban que el valet parking les entregara sus respectivos veh\u00edculos, despu\u00e9s de desayunar con uno de los muchos candidatos a magistrados, jueces y juzgadores en la elecci\u00f3n m\u00e1s bizarra de la historia moderna de este pa\u00eds, se arm\u00f3 el an\u00e1lisis banquetero, a botepronto, sobre las campa\u00f1as locales que renovar\u00e1n alcald\u00edas en los 212 municipios veracruzanos, las \u00fanicas campa\u00f1as que concitan inter\u00e9s entre la poblaci\u00f3n.<\/p>\n\n\n\n<p>La conclusi\u00f3n generalizada es que solo en contados municipios se viven campa\u00f1as que concitan el factor de la competencia entre adversarios, factor que provoca el inter\u00e9s del votante potencial.<\/p>\n\n\n\n<p>El consenso fue que la \u00fanica campa\u00f1a que vale la pena seguir d\u00eda a d\u00eda es la que se desarrolla en el Puerto de Veracruz, por los intereses en juego que tienen ra\u00edz en los centros de la pol\u00edtica nacional y por los jaloneos internos observados al interior del Morena.<\/p>\n\n\n\n<p>El segundo punto de an\u00e1lisis a ras de piso fue que, en Xalapa, municipio donde el neo sistema del Movimiento de Regeneraci\u00f3n Nacional ganar\u00e1 \u2500caminando\u2500 por la marca que ha construido, pese al estropicio heredado por Hip\u00f3lito Rodr\u00edguez Herrero.<\/p>\n\n\n\n<p>En Xalapa no hay competici\u00f3n, por tanto, el oficialismo magenta s\u00f3lo da mantenimiento a la imagen de su candidata, Daniela Griego Ceballos, a trav\u00e9s de espectaculares.<\/p>\n\n\n\n<p>La impronta del rostro de la ex directora del Instituto de Pensiones del Estado, vendida electoralmente como buena administradora del peculio p\u00fablico, como la virtud pol\u00edtica m\u00e1s importante, bastar\u00e1 para llevar al elector a la urna en cruce de recuadro a favor de Morena.<\/p>\n\n\n\n<p>Son los dos municipios m\u00e1s importantes en el estado de Veracruz donde la Cuarta Transformaci\u00f3n ensaya dos estrategias distintas.<\/p>\n\n\n\n<p>Las condiciones de Xalapa, con un priismo humillado hasta por las huestes anarquistas que lo patean en espect\u00e1culo majadero al reventar las vidrieras de la sede tricolor, en machacona estrategia medi\u00e1tica que ofrece una visi\u00f3n publica que impedir\u00e1 al PRI recomponer los espejos rotos de su propia memoria, no ofrecen una competencia real.<\/p>\n\n\n\n<p>Silvio Lagos Galindo, con pantalones de mezclilla gastados, dos tallas m\u00e1s grande que su estructura corporal y con sus camisas bordadas con logos peque\u00f1\u00edsimos, casi invisibles, del PRI, parece un evangelista tocando puertas en catequismos imposibles que intentan convencer a los moradores de las casas que hay una salvaci\u00f3n por obra y gracia divinas de un sistema que gobern\u00f3 al pa\u00eds por ocho d\u00e9cadas.<\/p>\n\n\n\n<p>Pobre Silvio.<\/p>\n\n\n\n<p>El cuento de la austeridad priista, la intentona del reciclaje necesario, ya no vende.<\/p>\n\n\n\n<p>No carbura la campa\u00f1a del priista en una capital donde el votante potencial aun no decide romper lanzas con Morena, debido al clientelismo efectiv\u00edsimo de los programas sociales y tambi\u00e9n, hay que citar, por la obra p\u00fablica realizada en las colonias.<\/p>\n\n\n\n<p>El actor del Movimiento Ciudadano, Rom\u00e1n Moreno Hern\u00e1ndez, quien con el slogan propagand\u00edstico de \u00abXalapa, ta&#8217;quero mucho\u00bb busca un sentido de pertenencia pol\u00edtico-culinaria con los votantes xalape\u00f1os, s\u00f3lo es comparsa que busca una o dos regidur\u00edas en la pr\u00f3xima administraci\u00f3n municipal, desbancando a trav\u00e9s del marketing digital a los partidos opositores de raigambre tradicionalista como han sido el PAN y el PRI.<\/p>\n\n\n\n<p>La candidata del PAN, Maribel Ram\u00edrez Topete, es joven y fotog\u00e9nica, sale fresca en los espectaculares sembrados por las vialidades importantes de la capital veracruzana. Nada m\u00e1s.<\/p>\n\n\n\n<p>A riesgo de ser se\u00f1alados de ser generadores de violencia pol\u00edtica en raz\u00f3n de g\u00e9nero, el blanquiazul no tiene los elementos competitivos en esta elecci\u00f3n municipal.<\/p>\n\n\n\n<p>Quiz\u00e1 la apuesta del PAN sea tambi\u00e9n una regidur\u00eda para no perderse de los serenos privilegios de vivir fuera del presupuesto, dir\u00edase en recuerdo de la frase patentada por el \u00abTlacuache\u00bb Garizurieta.<\/p>\n\n\n\n<p>En Xalapa, el sistema ganar\u00e1.<\/p>\n\n\n\n<p>Esa fue la conclusi\u00f3n de los analistas Pepe Valencia, Mario Javier S\u00e1nchez de la Torre, Norberto Galv\u00e1n y Sergio Gonz\u00e1lez Levet, quienes cruzaron opiniones con periodistas porte\u00f1os respecto al escenario Veracruz Puerto.<\/p>\n\n\n\n<p>Ah\u00ed tambi\u00e9n el consenso se centr\u00f3 que una competencia real, donde el Partido Acci\u00f3n Nacional, regenteado por los Yunes, buscar\u00e1 por medios l\u00edcitos o practicas oscuras, retener la alcald\u00eda porte\u00f1a.<\/p>\n\n\n\n<p>Los analistas coinciden que la campa\u00f1a emprendida por la tambi\u00e9n comunic\u00f3loga Rosa Mar\u00eda Hern\u00e1ndez Espejo es la real prueba competitiva de Morena.<\/p>\n\n\n\n<p>La ventaja de Rosa Mar\u00eda ha sido su incansable recorrido que ha mantenido en dos diputaciones federales y su contacto cercano a la gente a trav\u00e9s del micr\u00f3fono radiof\u00f3nico.<\/p>\n\n\n\n<p>En Veracruz la fusi\u00f3n, el maridaje del sistema de la cuatrote y el perfil de una real activista social tendr\u00e1n que llegar en unidad al d\u00eda de la de la elecci\u00f3n que cerrar\u00e1 en el formalismo, una victoria cantada con mucha anticipaci\u00f3n.<\/p>\n\n\n\n<p>Ser\u00e1 un triunfo de Morena.<\/p>\n\n\n\n<p>Ser\u00e1 tambi\u00e9n la oportunidad del pueblo, identificado electoralmente como la ciudadan\u00eda, de sacudirse una tiran\u00eda que s\u00f3lo ha amasado fortunas personales a consta del servicio p\u00fablico.<\/p>\n\n\n\n<p>Ser\u00e1 un mensaje poderoso que redimensionar\u00e1 el poder del voto.<\/p>\n\n\n\n<p>Ser\u00e1 una movilizaci\u00f3n del pueblo asentado en 262 colonias y seis comunidades rurales.<\/p>\n\n\n\n<p>Ah\u00ed radica la importancia de la elecci\u00f3n porte\u00f1a.<\/p>\n\n\n\n<p>Dos mujeres representando dos caras de un movimiento.<\/p>\n\n\n\n<p>Por un lado, Daniela Griego Ceballos, trepada en la ola imbatible de Morena en la ciudad de Xalapa, s\u00f3lo surfeando una campa\u00f1a de tr\u00e1mite, donde la estructura del Movimiento de Regeneraci\u00f3n Nacional se encargar\u00e1 del llenado de las urnas a trav\u00e9s del eufemismo de la movilizaci\u00f3n ciudadana.<\/p>\n\n\n\n<p>Por el otro, una candidata \u2500tambi\u00e9n nacida en la oposici\u00f3n\u2500 Rosa Mar\u00eda Hern\u00e1ndez Espejo, made in yourself, sobre cuyos hombros descansa un proyecto expansionista de Roc\u00edo Nahle Garc\u00eda, quien desea entrar a bayoneta calada en los muros del palacio que representa al primer municipio en tierra continental para sembrar la bandera magenta en la cocina donde despachan aun sus adversarios.<\/p>\n\n\n\n<p>(1)<\/p>\n\n\n\n<p>Veracruz se blinda con miles de agentes federales ante la ola de violencia en plena campa\u00f1a electoral<\/p>\n\n\n\n<p>El Gobierno central env\u00eda 3.500 guardias nacionales y 300 agentes de la Fiscal\u00eda. M\u00e1s de 75 candidatos piden protecci\u00f3n tras el asesinato de cinco personas, cabecea el influyente diario El Pa\u00eds, en despacho de la periodista Elena San Jos\u00e9.<\/p>\n\n\n\n<p>En el arranque de la cuarta semana de campa\u00f1a, el despliegue ostentoso de la violencia institucionalizada ha inhibido a la violencia criminal.<\/p>\n\n\n\n<p>Y eso, ya es ganancia para candidatos, partidos pol\u00edticos; pero, sobre todo, para nosotros, electores de a pie.<\/p>\n\n\n\n<p>(2).<\/p>\n\n\n\n<p>En los nuevos tiempos, donde por primera vez una mujer, Norma Roc\u00edo Nahle Garc\u00eda, despacha en Palacio de Gobierno luego de 84 gobernantes varones, tambi\u00e9n existe paridad en la estructura tripartita del estado veracruzano.<\/p>\n\n\n\n<p>Tanya Carola Viveros Ch\u00e1zaro preside el Poder Legislativo como titular de la mesa directiva del primer a\u00f1o legislativo de la LXVII Legislatura.<\/p>\n\n\n\n<p>En el Poder Judicial despacha \u2500tambi\u00e9n\u2500 otra mujer que completa esta trinca femenina que trabaja en favor del estado aut\u00f3nomo de Veracruz.<\/p>\n\n\n\n<p>A la magistrada presidente del Tribunal de Justicia, Lisbeth Aurelia Jim\u00e9nez Aguirre, le toc\u00f3 adem\u00e1s el empalme hist\u00f3rico de la elecci\u00f3n de juzgadores.<\/p>\n\n\n\n<p>As\u00ed que ser\u00e1 una elecci\u00f3n esta del primer domingo de junio donde su trabajo sea evaluado directamente por las y los veracruzanos que decidir\u00e1n si le otorgan un voto de confianza para seguir como titular del Poder Legislativo.<\/p>\n\n\n\n<p>Y dentro de la esfera de sus competencias, en la pasada celebraci\u00f3n del D\u00eda de la Maestra y del Maestro, la magistrada Lisbeth Aurelia Jim\u00e9nez Aguirre acompa\u00f1\u00f3 a la gobernadora Roc\u00edo Nahle Garc\u00eda y a la diputada Tanya Carola Viveros Ch\u00e1zaro, presidenta de la Mesa Directiva del Congreso, a la ceremonia conmemorativa realizada en el WTC en Boca del R\u00edo, donde se reconoci\u00f3 la entrega, vocaci\u00f3n y compromiso de las y los docentes veracruzanos, pilares fundamentales en la formaci\u00f3n acad\u00e9mica y humana de ni\u00f1as, ni\u00f1os, j\u00f3venes y profesionistas.<\/p>\n\n\n\n<p>Aprovech\u00f3 para echarse un lecherito con Daniel Covarrubias L\u00f3pez, presidente del Consejo Pol\u00edtico y con Juan Nicol\u00e1s Callejas Rold\u00e1n, coordinador pol\u00edtico de esta organizaci\u00f3n que rige la vida sindical de m\u00e1s de 27 mil docentes adscritos a la secci\u00f3n 32 del SNTE.<\/p>\n\n\n\n<p>Ah\u00ed coincidieron en buscar una justicia moderna que beneficie a la poblaci\u00f3n.<\/p>\n\n\n\n<p>Que la justicia deje el escritorio y que sea m\u00e1s de territorio, es decir, que los justiciables, que somos todos, veamos un cambio, una empat\u00eda en los juzgadores.<\/p>\n\n\n\n<p>columnacarpediem@gmail.com<\/p>\n","protected":false},"excerpt":{"rendered":"<p>\u2002\u2002\u00daNETE A NUESTRO CANAL \u00a1LOS POL\u00cdTICOS VERACRUZ ya est\u00e1 en WhatsApp! Manolo Victorio Carpe Diem En Xalapa, se hace pol\u00edtica siempre. Hay una derivaci\u00f3n de la pol\u00edtica, una ramificaci\u00f3n rom\u00e1ntica de esta ciencia, practicada por grupos de analistas pol\u00edticos que deriva en una especie de pol\u00edtica culinaria. A veces gregarios, discordantes, coincidentes o divergentes en [&hellip;]<\/p>\n","protected":false},"author":2,"featured_media":141399,"comment_status":"closed","ping_status":"closed","sticky":false,"template":"","format":"standard","meta":{"tdm_status":"","tdm_grid_status":"","footnotes":""},"categories":[70],"tags":[],"class_list":{"0":"post-145042","1":"post","2":"type-post","3":"status-publish","4":"format-standard","5":"has-post-thumbnail","7":"category-de-opinion"},"yoast_head":"<!-- This site is optimized with the Yoast SEO plugin v27.4 - https:\/\/yoast.com\/product\/yoast-seo-wordpress\/ -->\n<title>VERACRUZ Y XALAPA, DOS MODELOS DE CAMPA\u00d1A - Los pol\u00edticos Veracruz<\/title>\n<meta name=\"robots\" content=\"index, follow, max-snippet:-1, max-image-preview:large, max-video-preview:-1\" \/>\n<link rel=\"canonical\" href=\"https:\/\/lospoliticosveracruz.com\/?p=145042\" \/>\n<meta property=\"og:locale\" content=\"es_ES\" \/>\n<meta property=\"og:type\" content=\"article\" \/>\n<meta property=\"og:title\" content=\"VERACRUZ Y XALAPA, DOS MODELOS DE CAMPA\u00d1A - Los pol\u00edticos Veracruz\" \/>\n<meta property=\"og:description\" content=\"\u2002\u2002\u00daNETE A NUESTRO CANAL \u00a1LOS POL\u00cdTICOS VERACRUZ ya est\u00e1 en WhatsApp! Manolo Victorio Carpe Diem En Xalapa, se hace pol\u00edtica siempre. Hay una derivaci\u00f3n de la pol\u00edtica, una ramificaci\u00f3n rom\u00e1ntica de esta ciencia, practicada por grupos de analistas pol\u00edticos que deriva en una especie de pol\u00edtica culinaria. A veces gregarios, discordantes, coincidentes o divergentes en [&hellip;]\" \/>\n<meta property=\"og:url\" content=\"https:\/\/lospoliticosveracruz.com\/?p=145042\" \/>\n<meta property=\"og:site_name\" content=\"Los pol\u00edticos Veracruz\" \/>\n<meta property=\"article:publisher\" content=\"https:\/\/www.facebook.com\/people\/Notimemes-de-los-Polticos\/61565672886568\/\" \/>\n<meta property=\"article:published_time\" content=\"2025-05-19T15:08:42+00:00\" \/>\n<meta property=\"article:modified_time\" content=\"2025-05-19T15:08:53+00:00\" \/>\n<meta property=\"og:image\" content=\"https:\/\/lospoliticosveracruz.com\/wp-content\/uploads\/2025\/04\/Manolo-Victorio-Valle.jpg\" \/>\n\t<meta property=\"og:image:width\" content=\"1250\" \/>\n\t<meta property=\"og:image:height\" content=\"667\" \/>\n\t<meta property=\"og:image:type\" content=\"image\/jpeg\" \/>\n<meta name=\"author\" content=\"Lo viste en Los Pol\u00edticos\" \/>\n<meta name=\"twitter:card\" content=\"summary_large_image\" \/>\n<meta name=\"twitter:creator\" content=\"@LosPoliticosVer\" \/>\n<meta name=\"twitter:site\" content=\"@LosPoliticosVer\" \/>\n<meta name=\"twitter:label1\" content=\"Escrito por\" \/>\n\t<meta name=\"twitter:data1\" content=\"Lo viste en Los Pol\u00edticos\" \/>\n\t<meta name=\"twitter:label2\" content=\"Tiempo de lectura\" \/>\n\t<meta name=\"twitter:data2\" content=\"8 minutos\" \/>\n<script type=\"application\/ld+json\" class=\"yoast-schema-graph\">{\"@context\":\"https:\\\/\\\/schema.org\",\"@graph\":[{\"@type\":\"Article\",\"@id\":\"https:\\\/\\\/lospoliticosveracruz.com\\\/?p=145042#article\",\"isPartOf\":{\"@id\":\"https:\\\/\\\/lospoliticosveracruz.com\\\/?p=145042\"},\"author\":{\"name\":\"Lo viste en Los Pol\u00edticos\",\"@id\":\"https:\\\/\\\/lospoliticosveracruz.com\\\/#\\\/schema\\\/person\\\/b8702bb0e538456e6efd07080bf2a4a2\"},\"headline\":\"VERACRUZ Y XALAPA, DOS MODELOS DE CAMPA\u00d1A\",\"datePublished\":\"2025-05-19T15:08:42+00:00\",\"dateModified\":\"2025-05-19T15:08:53+00:00\",\"mainEntityOfPage\":{\"@id\":\"https:\\\/\\\/lospoliticosveracruz.com\\\/?p=145042\"},\"wordCount\":1657,\"publisher\":{\"@id\":\"https:\\\/\\\/lospoliticosveracruz.com\\\/#organization\"},\"image\":{\"@id\":\"https:\\\/\\\/lospoliticosveracruz.com\\\/?p=145042#primaryimage\"},\"thumbnailUrl\":\"https:\\\/\\\/lospoliticosveracruz.com\\\/wp-content\\\/uploads\\\/2025\\\/04\\\/Manolo-Victorio-Valle.jpg\",\"articleSection\":[\"De Opini\u00f3n\"],\"inLanguage\":\"es\"},{\"@type\":\"WebPage\",\"@id\":\"https:\\\/\\\/lospoliticosveracruz.com\\\/?p=145042\",\"url\":\"https:\\\/\\\/lospoliticosveracruz.com\\\/?p=145042\",\"name\":\"VERACRUZ Y XALAPA, DOS MODELOS DE CAMPA\u00d1A - Los pol\u00edticos Veracruz\",\"isPartOf\":{\"@id\":\"https:\\\/\\\/lospoliticosveracruz.com\\\/#website\"},\"primaryImageOfPage\":{\"@id\":\"https:\\\/\\\/lospoliticosveracruz.com\\\/?p=145042#primaryimage\"},\"image\":{\"@id\":\"https:\\\/\\\/lospoliticosveracruz.com\\\/?p=145042#primaryimage\"},\"thumbnailUrl\":\"https:\\\/\\\/lospoliticosveracruz.com\\\/wp-content\\\/uploads\\\/2025\\\/04\\\/Manolo-Victorio-Valle.jpg\",\"datePublished\":\"2025-05-19T15:08:42+00:00\",\"dateModified\":\"2025-05-19T15:08:53+00:00\",\"breadcrumb\":{\"@id\":\"https:\\\/\\\/lospoliticosveracruz.com\\\/?p=145042#breadcrumb\"},\"inLanguage\":\"es\",\"potentialAction\":[{\"@type\":\"ReadAction\",\"target\":[\"https:\\\/\\\/lospoliticosveracruz.com\\\/?p=145042\"]}]},{\"@type\":\"ImageObject\",\"inLanguage\":\"es\",\"@id\":\"https:\\\/\\\/lospoliticosveracruz.com\\\/?p=145042#primaryimage\",\"url\":\"https:\\\/\\\/lospoliticosveracruz.com\\\/wp-content\\\/uploads\\\/2025\\\/04\\\/Manolo-Victorio-Valle.jpg\",\"contentUrl\":\"https:\\\/\\\/lospoliticosveracruz.com\\\/wp-content\\\/uploads\\\/2025\\\/04\\\/Manolo-Victorio-Valle.jpg\",\"width\":1250,\"height\":667},{\"@type\":\"BreadcrumbList\",\"@id\":\"https:\\\/\\\/lospoliticosveracruz.com\\\/?p=145042#breadcrumb\",\"itemListElement\":[{\"@type\":\"ListItem\",\"position\":1,\"name\":\"Portada\",\"item\":\"https:\\\/\\\/lospoliticosveracruz.com\\\/\"},{\"@type\":\"ListItem\",\"position\":2,\"name\":\"VERACRUZ Y XALAPA, DOS MODELOS DE CAMPA\u00d1A\"}]},{\"@type\":\"WebSite\",\"@id\":\"https:\\\/\\\/lospoliticosveracruz.com\\\/#website\",\"url\":\"https:\\\/\\\/lospoliticosveracruz.com\\\/\",\"name\":\"Los pol\u00edticos Veracruz\",\"description\":\"\",\"publisher\":{\"@id\":\"https:\\\/\\\/lospoliticosveracruz.com\\\/#organization\"},\"potentialAction\":[{\"@type\":\"SearchAction\",\"target\":{\"@type\":\"EntryPoint\",\"urlTemplate\":\"https:\\\/\\\/lospoliticosveracruz.com\\\/?s={search_term_string}\"},\"query-input\":{\"@type\":\"PropertyValueSpecification\",\"valueRequired\":true,\"valueName\":\"search_term_string\"}}],\"inLanguage\":\"es\"},{\"@type\":\"Organization\",\"@id\":\"https:\\\/\\\/lospoliticosveracruz.com\\\/#organization\",\"name\":\"Los pol\u00edticos Veracruz\",\"url\":\"https:\\\/\\\/lospoliticosveracruz.com\\\/\",\"logo\":{\"@type\":\"ImageObject\",\"inLanguage\":\"es\",\"@id\":\"https:\\\/\\\/lospoliticosveracruz.com\\\/#\\\/schema\\\/logo\\\/image\\\/\",\"url\":\"https:\\\/\\\/lospoliticosveracruz.com\\\/wp-content\\\/uploads\\\/2025\\\/12\\\/Logo-Nuevo-LOS-POLITICOS-1.jpg\",\"contentUrl\":\"https:\\\/\\\/lospoliticosveracruz.com\\\/wp-content\\\/uploads\\\/2025\\\/12\\\/Logo-Nuevo-LOS-POLITICOS-1.jpg\",\"width\":260,\"height\":70,\"caption\":\"Los pol\u00edticos Veracruz\"},\"image\":{\"@id\":\"https:\\\/\\\/lospoliticosveracruz.com\\\/#\\\/schema\\\/logo\\\/image\\\/\"},\"sameAs\":[\"https:\\\/\\\/www.facebook.com\\\/people\\\/Notimemes-de-los-Polticos\\\/61565672886568\\\/\",\"https:\\\/\\\/x.com\\\/LosPoliticosVer\"]},{\"@type\":\"Person\",\"@id\":\"https:\\\/\\\/lospoliticosveracruz.com\\\/#\\\/schema\\\/person\\\/b8702bb0e538456e6efd07080bf2a4a2\",\"name\":\"Lo viste en Los Pol\u00edticos\",\"image\":{\"@type\":\"ImageObject\",\"inLanguage\":\"es\",\"@id\":\"https:\\\/\\\/secure.gravatar.com\\\/avatar\\\/3a8de04a2656d44082be478bd6c086daa447c4651605818287b9532d3d0bd435?s=96&d=mm&r=g\",\"url\":\"https:\\\/\\\/secure.gravatar.com\\\/avatar\\\/3a8de04a2656d44082be478bd6c086daa447c4651605818287b9532d3d0bd435?s=96&d=mm&r=g\",\"contentUrl\":\"https:\\\/\\\/secure.gravatar.com\\\/avatar\\\/3a8de04a2656d44082be478bd6c086daa447c4651605818287b9532d3d0bd435?s=96&d=mm&r=g\",\"caption\":\"Lo viste en Los Pol\u00edticos\"},\"url\":\"https:\\\/\\\/lospoliticosveracruz.com\\\/?author=2\"}]}<\/script>\n<!-- \/ Yoast SEO plugin. -->","yoast_head_json":{"title":"VERACRUZ Y XALAPA, DOS MODELOS DE CAMPA\u00d1A - Los pol\u00edticos Veracruz","robots":{"index":"index","follow":"follow","max-snippet":"max-snippet:-1","max-image-preview":"max-image-preview:large","max-video-preview":"max-video-preview:-1"},"canonical":"https:\/\/lospoliticosveracruz.com\/?p=145042","og_locale":"es_ES","og_type":"article","og_title":"VERACRUZ Y XALAPA, DOS MODELOS DE CAMPA\u00d1A - Los pol\u00edticos Veracruz","og_description":"\u2002\u2002\u00daNETE A NUESTRO CANAL \u00a1LOS POL\u00cdTICOS VERACRUZ ya est\u00e1 en WhatsApp! Manolo Victorio Carpe Diem En Xalapa, se hace pol\u00edtica siempre. Hay una derivaci\u00f3n de la pol\u00edtica, una ramificaci\u00f3n rom\u00e1ntica de esta ciencia, practicada por grupos de analistas pol\u00edticos que deriva en una especie de pol\u00edtica culinaria. A veces gregarios, discordantes, coincidentes o divergentes en [&hellip;]","og_url":"https:\/\/lospoliticosveracruz.com\/?p=145042","og_site_name":"Los pol\u00edticos Veracruz","article_publisher":"https:\/\/www.facebook.com\/people\/Notimemes-de-los-Polticos\/61565672886568\/","article_published_time":"2025-05-19T15:08:42+00:00","article_modified_time":"2025-05-19T15:08:53+00:00","og_image":[{"width":1250,"height":667,"url":"https:\/\/lospoliticosveracruz.com\/wp-content\/uploads\/2025\/04\/Manolo-Victorio-Valle.jpg","type":"image\/jpeg"}],"author":"Lo viste en Los Pol\u00edticos","twitter_card":"summary_large_image","twitter_creator":"@LosPoliticosVer","twitter_site":"@LosPoliticosVer","twitter_misc":{"Escrito por":"Lo viste en Los Pol\u00edticos","Tiempo de lectura":"8 minutos"},"schema":{"@context":"https:\/\/schema.org","@graph":[{"@type":"Article","@id":"https:\/\/lospoliticosveracruz.com\/?p=145042#article","isPartOf":{"@id":"https:\/\/lospoliticosveracruz.com\/?p=145042"},"author":{"name":"Lo viste en Los Pol\u00edticos","@id":"https:\/\/lospoliticosveracruz.com\/#\/schema\/person\/b8702bb0e538456e6efd07080bf2a4a2"},"headline":"VERACRUZ Y XALAPA, DOS MODELOS DE CAMPA\u00d1A","datePublished":"2025-05-19T15:08:42+00:00","dateModified":"2025-05-19T15:08:53+00:00","mainEntityOfPage":{"@id":"https:\/\/lospoliticosveracruz.com\/?p=145042"},"wordCount":1657,"publisher":{"@id":"https:\/\/lospoliticosveracruz.com\/#organization"},"image":{"@id":"https:\/\/lospoliticosveracruz.com\/?p=145042#primaryimage"},"thumbnailUrl":"https:\/\/lospoliticosveracruz.com\/wp-content\/uploads\/2025\/04\/Manolo-Victorio-Valle.jpg","articleSection":["De Opini\u00f3n"],"inLanguage":"es"},{"@type":"WebPage","@id":"https:\/\/lospoliticosveracruz.com\/?p=145042","url":"https:\/\/lospoliticosveracruz.com\/?p=145042","name":"VERACRUZ Y XALAPA, DOS MODELOS DE CAMPA\u00d1A - Los pol\u00edticos Veracruz","isPartOf":{"@id":"https:\/\/lospoliticosveracruz.com\/#website"},"primaryImageOfPage":{"@id":"https:\/\/lospoliticosveracruz.com\/?p=145042#primaryimage"},"image":{"@id":"https:\/\/lospoliticosveracruz.com\/?p=145042#primaryimage"},"thumbnailUrl":"https:\/\/lospoliticosveracruz.com\/wp-content\/uploads\/2025\/04\/Manolo-Victorio-Valle.jpg","datePublished":"2025-05-19T15:08:42+00:00","dateModified":"2025-05-19T15:08:53+00:00","breadcrumb":{"@id":"https:\/\/lospoliticosveracruz.com\/?p=145042#breadcrumb"},"inLanguage":"es","potentialAction":[{"@type":"ReadAction","target":["https:\/\/lospoliticosveracruz.com\/?p=145042"]}]},{"@type":"ImageObject","inLanguage":"es","@id":"https:\/\/lospoliticosveracruz.com\/?p=145042#primaryimage","url":"https:\/\/lospoliticosveracruz.com\/wp-content\/uploads\/2025\/04\/Manolo-Victorio-Valle.jpg","contentUrl":"https:\/\/lospoliticosveracruz.com\/wp-content\/uploads\/2025\/04\/Manolo-Victorio-Valle.jpg","width":1250,"height":667},{"@type":"BreadcrumbList","@id":"https:\/\/lospoliticosveracruz.com\/?p=145042#breadcrumb","itemListElement":[{"@type":"ListItem","position":1,"name":"Portada","item":"https:\/\/lospoliticosveracruz.com\/"},{"@type":"ListItem","position":2,"name":"VERACRUZ Y XALAPA, DOS MODELOS DE CAMPA\u00d1A"}]},{"@type":"WebSite","@id":"https:\/\/lospoliticosveracruz.com\/#website","url":"https:\/\/lospoliticosveracruz.com\/","name":"Los pol\u00edticos Veracruz","description":"","publisher":{"@id":"https:\/\/lospoliticosveracruz.com\/#organization"},"potentialAction":[{"@type":"SearchAction","target":{"@type":"EntryPoint","urlTemplate":"https:\/\/lospoliticosveracruz.com\/?s={search_term_string}"},"query-input":{"@type":"PropertyValueSpecification","valueRequired":true,"valueName":"search_term_string"}}],"inLanguage":"es"},{"@type":"Organization","@id":"https:\/\/lospoliticosveracruz.com\/#organization","name":"Los pol\u00edticos Veracruz","url":"https:\/\/lospoliticosveracruz.com\/","logo":{"@type":"ImageObject","inLanguage":"es","@id":"https:\/\/lospoliticosveracruz.com\/#\/schema\/logo\/image\/","url":"https:\/\/lospoliticosveracruz.com\/wp-content\/uploads\/2025\/12\/Logo-Nuevo-LOS-POLITICOS-1.jpg","contentUrl":"https:\/\/lospoliticosveracruz.com\/wp-content\/uploads\/2025\/12\/Logo-Nuevo-LOS-POLITICOS-1.jpg","width":260,"height":70,"caption":"Los pol\u00edticos Veracruz"},"image":{"@id":"https:\/\/lospoliticosveracruz.com\/#\/schema\/logo\/image\/"},"sameAs":["https:\/\/www.facebook.com\/people\/Notimemes-de-los-Polticos\/61565672886568\/","https:\/\/x.com\/LosPoliticosVer"]},{"@type":"Person","@id":"https:\/\/lospoliticosveracruz.com\/#\/schema\/person\/b8702bb0e538456e6efd07080bf2a4a2","name":"Lo viste en Los Pol\u00edticos","image":{"@type":"ImageObject","inLanguage":"es","@id":"https:\/\/secure.gravatar.com\/avatar\/3a8de04a2656d44082be478bd6c086daa447c4651605818287b9532d3d0bd435?s=96&d=mm&r=g","url":"https:\/\/secure.gravatar.com\/avatar\/3a8de04a2656d44082be478bd6c086daa447c4651605818287b9532d3d0bd435?s=96&d=mm&r=g","contentUrl":"https:\/\/secure.gravatar.com\/avatar\/3a8de04a2656d44082be478bd6c086daa447c4651605818287b9532d3d0bd435?s=96&d=mm&r=g","caption":"Lo viste en Los Pol\u00edticos"},"url":"https:\/\/lospoliticosveracruz.com\/?author=2"}]}},"_links":{"self":[{"href":"https:\/\/lospoliticosveracruz.com\/index.php?rest_route=\/wp\/v2\/posts\/145042","targetHints":{"allow":["GET"]}}],"collection":[{"href":"https:\/\/lospoliticosveracruz.com\/index.php?rest_route=\/wp\/v2\/posts"}],"about":[{"href":"https:\/\/lospoliticosveracruz.com\/index.php?rest_route=\/wp\/v2\/types\/post"}],"author":[{"embeddable":true,"href":"https:\/\/lospoliticosveracruz.com\/index.php?rest_route=\/wp\/v2\/users\/2"}],"replies":[{"embeddable":true,"href":"https:\/\/lospoliticosveracruz.com\/index.php?rest_route=%2Fwp%2Fv2%2Fcomments&post=145042"}],"version-history":[{"count":2,"href":"https:\/\/lospoliticosveracruz.com\/index.php?rest_route=\/wp\/v2\/posts\/145042\/revisions"}],"predecessor-version":[{"id":145044,"href":"https:\/\/lospoliticosveracruz.com\/index.php?rest_route=\/wp\/v2\/posts\/145042\/revisions\/145044"}],"wp:featuredmedia":[{"embeddable":true,"href":"https:\/\/lospoliticosveracruz.com\/index.php?rest_route=\/wp\/v2\/media\/141399"}],"wp:attachment":[{"href":"https:\/\/lospoliticosveracruz.com\/index.php?rest_route=%2Fwp%2Fv2%2Fmedia&parent=145042"}],"wp:term":[{"taxonomy":"category","embeddable":true,"href":"https:\/\/lospoliticosveracruz.com\/index.php?rest_route=%2Fwp%2Fv2%2Fcategories&post=145042"},{"taxonomy":"post_tag","embeddable":true,"href":"https:\/\/lospoliticosveracruz.com\/index.php?rest_route=%2Fwp%2Fv2%2Ftags&post=145042"}],"curies":[{"name":"wp","href":"https:\/\/api.w.org\/{rel}","templated":true}]}}