{"id":145080,"date":"2025-05-19T19:54:00","date_gmt":"2025-05-20T00:54:00","guid":{"rendered":"https:\/\/lospoliticosveracruz.com.mx\/?p=145080"},"modified":"2025-05-19T20:03:38","modified_gmt":"2025-05-20T01:03:38","slug":"el-silencio-de-javier","status":"publish","type":"post","link":"https:\/\/lospoliticosveracruz.com\/?p=145080","title":{"rendered":"EL SILENCIO DE JAVIER"},"content":{"rendered":"\n<p><a><\/a><a href=\"https:\/\/whatsapp.com\/channel\/0029Va8zRWlEKyZIP3Z1dF0e\"><strong>\u2002\u2002<\/strong><strong>\u00da<\/strong><strong>NETE A NUESTRO CANAL<\/strong><strong><\/strong><\/a><\/p>\n\n\n\n<p>\u00a1<a href=\"https:\/\/whatsapp.com\/channel\/0029Va8zRWlEKyZIP3Z1dF0e\"><strong>LOS POL\u00cd<\/strong><strong>TICOS VERACRUZ<\/strong><\/a> ya est\u00e1 en WhatsApp!<\/p>\n\n\n\n<p><strong>Salvador Mu\u00f1oz<br><\/strong><em>Los Pol\u00edticos<\/em><\/p>\n\n\n\n<p>Luisa Mar\u00eda Alcalde Luj\u00e1n puede tener la opini\u00f3n que quiera de Fidel Herrera Beltr\u00e1n.<br>Puede externar como mejor le plazca tal opini\u00f3n, adjetivizada en \u201cTufo\u201d, del oriundo de Nopaltepec.<br>Puede decir que \u201capesta\u201d el fidelismo\u2026 al final, est\u00e1 en campa\u00f1a.<br>Pero eso no impllica que el pri\u00edsmo se tenga que quedar callado.<br>Por eso, Silvio Lagos Galindo alz\u00f3 la voz para recordarle a la biso\u00f1a dirigente que Fidel Herrera sigue vigente en la vida p\u00fablica de Veracruz y de M\u00e9xico, a tal grado que trasciende generaciones e influye, incluso, en el mismo partido que hoy est\u00e1 en el poder\u2026 \u00a1vamos! Silvio sabe de lo que habla\u2026<br>Igual Ram\u00f3n Alberto Reyes Viveros, quien fue m\u00e1s agudo al mandar al rancho de AMLO a Luisa Mar\u00eda Alcalde, para resaltar que si hubo alguien que respetara a la oposici\u00f3n, \u00e9se fue Fidel Herrera Beltr\u00e1n, y si no, habr\u00eda que preguntarle al padre del ex Gobernador Cuitl\u00e1huac Garc\u00eda\u2026<br>Por cierto, dos columnas de Ram\u00f3n Alberto dedicadas a T\u00edo Fide, que deber\u00edan ser enmarcadas por el partido por describir a la perfecci\u00f3n a este pol\u00edtico. Esperamos la tercera parte.<br>Pero para que la cu\u00f1a apriete\u2026 no\u2026 no sali\u00f3 el hijo, pero s\u00ed el sobrino, Edgar Herrera Lendechy, quien \u201cse lament\u00f3\u201d\u2026 por las declaraciones de su aliada sobre su t\u00edo, y record\u00f3 que el \u201cTufo\u201d del T\u00edo Fide es sin\u00f3nimo de salud, desarrollo social, impulso al deporte y progreso para el estado.<br>Y para rematar con que ese \u201cTufo\u201d, el dirigente del PVEM en Veracruz enfatiz\u00f3 que se est\u00e1 tornando Verde\u2026 \u00a1Es claro! Chequen de qu\u00e9 est\u00e1 hecho el PVEM en Veracruz; cu\u00e1ntos fidelistas pasaron del rojo al cloro en las venas!<br>Pocos fidelistas son los que se mantienen en el PRI\u2026 muchos emigraron a Morena, al PVEM\u2026 \u00a1Vamos! Hasta el cachorro del fidelismo es Verde y desde antes de que su padre falleciera\u2026 contradiciendo el discurso de su padre, la ideolog\u00eda de su padre, el orgullo de su padre\u2026<br>Aqu\u00ed, tres pedazos enormes de ese discurso de T\u00edo Fide, que vino a echar abajo Javier Herrera Borunda:<br>\u201cYo predico con el ejemplo. Le trabajo a Veracruz desde que me levanto hasta que me acuesto. Las plazas llenas, no significan las urnas llenas.<br>\u201cYo le planteo al partido, mucho trabajo, esfuerzo, entrega y dedicaci\u00f3n.<br>\u201cYo no soy un Gobernador como no lo fui un candidato mostrenco. Tengo nombre, apellido de padre \u00a1y tengo madre! de la que me siento orgulloso. Tengo partido, que es el \u00fanico partido en que militaron mis abuelos, mis padres, mis hermanos y mis hijos\u2026 el \u00fanico partido en el que militar\u00e9 toda mi vida\u2026 al que le debo todo\u2026 que viva el PRI!\u201d<br>Quiz\u00e1s por eso el silencio de Javier, no vaya a ser que el Tufo al que se refiere su aliada Luisa Mar\u00eda Alcalde, se le vaya a impregnar!<\/p>\n\n\n\n<p><strong>CHICHARRONES!<br><\/strong>Ya se hab\u00eda advertido\u2026 la \u00faltima quincena de campa\u00f1a, se habr\u00eda de desatar \u201cla campa\u00f1a de lodo\u201d, donde los candidatos que van abajo, ya fuera por ellos o por terceros, har\u00edan lo que fuera con tal de disminuir la desventaja contra el puntero\u2026<br>Ya lo vimos en el Puerto contra Rosa Mar\u00eda\u2026 ahora lo vemos contra Maryjose Gamboa en Boca del R\u00edo\u2026 ni se diga en Xalapa\u2026 o en Orizaba contra Hugo Chah\u00edn\u2026 \u00a1vamos! Ni Banderilla se salva!<br>Desde el pasado fin de semana los vecinos chicharroneros sufren los embates de llamadas que no pretenden hacer sondeos, no\u2026 van al grano, a despotricar contra Lupita M\u00e1rquez, a quien sin ton ni son descalifican a la mala y por obvias razones, no repetiremos las sandeces. La causa de estos ataques, el 49 por ciento de preferencia en los \u00faltimos sondeos a favor de la candidata de Morena. Dicen que el m\u00e1s interesado en que se vea mal la maestra Lupita, es el candidato del PAN, Arnulfo Rodr\u00edguez, quien est\u00e1 a nueve puntos de la puntera\u2026 mientras son peras o son manzanas, es seguro que los ataques contra Lupita M\u00e1rquez arrecien a casi m\u00e1s de una semana de que acaben las campa\u00f1as\u2026<\/p>\n","protected":false},"excerpt":{"rendered":"<p>\u2002\u2002\u00daNETE A NUESTRO CANAL \u00a1LOS POL\u00cdTICOS VERACRUZ ya est\u00e1 en WhatsApp! Salvador Mu\u00f1ozLos Pol\u00edticos Luisa Mar\u00eda Alcalde Luj\u00e1n puede tener la opini\u00f3n que quiera de Fidel Herrera Beltr\u00e1n.Puede externar como mejor le plazca tal opini\u00f3n, adjetivizada en \u201cTufo\u201d, del oriundo de Nopaltepec.Puede decir que \u201capesta\u201d el fidelismo\u2026 al final, est\u00e1 en campa\u00f1a.Pero eso no impllica [&hellip;]<\/p>\n","protected":false},"author":2,"featured_media":141805,"comment_status":"closed","ping_status":"closed","sticky":false,"template":"","format":"standard","meta":{"tdm_status":"","tdm_grid_status":"","footnotes":""},"categories":[70],"tags":[43899,17604,1937,432],"class_list":{"0":"post-145080","1":"post","2":"type-post","3":"status-publish","4":"format-standard","5":"has-post-thumbnail","7":"category-de-opinion","8":"tag-fidel-herrera-beltran-2","9":"tag-luisa-maria-alcalde","10":"tag-maryjose-gamboa","11":"tag-silvio-lagos-galindo"},"yoast_head":"<!-- This site is optimized with the Yoast SEO plugin v27.4 - https:\/\/yoast.com\/product\/yoast-seo-wordpress\/ -->\n<title>EL SILENCIO DE JAVIER - Los pol\u00edticos Veracruz<\/title>\n<meta name=\"robots\" content=\"index, follow, max-snippet:-1, max-image-preview:large, max-video-preview:-1\" \/>\n<link rel=\"canonical\" href=\"https:\/\/lospoliticosveracruz.com\/?p=145080\" \/>\n<meta property=\"og:locale\" content=\"es_ES\" \/>\n<meta property=\"og:type\" content=\"article\" \/>\n<meta property=\"og:title\" content=\"EL SILENCIO DE JAVIER - Los pol\u00edticos Veracruz\" \/>\n<meta property=\"og:description\" content=\"\u2002\u2002\u00daNETE A NUESTRO CANAL \u00a1LOS POL\u00cdTICOS VERACRUZ ya est\u00e1 en WhatsApp! Salvador Mu\u00f1ozLos Pol\u00edticos Luisa Mar\u00eda Alcalde Luj\u00e1n puede tener la opini\u00f3n que quiera de Fidel Herrera Beltr\u00e1n.Puede externar como mejor le plazca tal opini\u00f3n, adjetivizada en \u201cTufo\u201d, del oriundo de Nopaltepec.Puede decir que \u201capesta\u201d el fidelismo\u2026 al final, est\u00e1 en campa\u00f1a.Pero eso no impllica [&hellip;]\" \/>\n<meta property=\"og:url\" content=\"https:\/\/lospoliticosveracruz.com\/?p=145080\" \/>\n<meta property=\"og:site_name\" content=\"Los pol\u00edticos Veracruz\" \/>\n<meta property=\"article:publisher\" content=\"https:\/\/www.facebook.com\/people\/Notimemes-de-los-Polticos\/61565672886568\/\" \/>\n<meta property=\"article:published_time\" content=\"2025-05-20T00:54:00+00:00\" \/>\n<meta property=\"article:modified_time\" content=\"2025-05-20T01:03:38+00:00\" \/>\n<meta property=\"og:image\" content=\"https:\/\/lospoliticosveracruz.com\/wp-content\/uploads\/2025\/04\/Chava-Munoz-1.jpg\" \/>\n\t<meta property=\"og:image:width\" content=\"1250\" \/>\n\t<meta property=\"og:image:height\" content=\"667\" \/>\n\t<meta property=\"og:image:type\" content=\"image\/jpeg\" \/>\n<meta name=\"author\" content=\"Lo viste en Los Pol\u00edticos\" \/>\n<meta name=\"twitter:card\" content=\"summary_large_image\" \/>\n<meta name=\"twitter:creator\" content=\"@LosPoliticosVer\" \/>\n<meta name=\"twitter:site\" content=\"@LosPoliticosVer\" \/>\n<meta name=\"twitter:label1\" content=\"Escrito por\" \/>\n\t<meta name=\"twitter:data1\" content=\"Lo viste en Los Pol\u00edticos\" \/>\n\t<meta name=\"twitter:label2\" content=\"Tiempo de lectura\" \/>\n\t<meta name=\"twitter:data2\" content=\"4 minutos\" \/>\n<script type=\"application\/ld+json\" class=\"yoast-schema-graph\">{\"@context\":\"https:\\\/\\\/schema.org\",\"@graph\":[{\"@type\":\"Article\",\"@id\":\"https:\\\/\\\/lospoliticosveracruz.com\\\/?p=145080#article\",\"isPartOf\":{\"@id\":\"https:\\\/\\\/lospoliticosveracruz.com\\\/?p=145080\"},\"author\":{\"name\":\"Lo viste en Los Pol\u00edticos\",\"@id\":\"https:\\\/\\\/lospoliticosveracruz.com\\\/#\\\/schema\\\/person\\\/b8702bb0e538456e6efd07080bf2a4a2\"},\"headline\":\"EL SILENCIO DE JAVIER\",\"datePublished\":\"2025-05-20T00:54:00+00:00\",\"dateModified\":\"2025-05-20T01:03:38+00:00\",\"mainEntityOfPage\":{\"@id\":\"https:\\\/\\\/lospoliticosveracruz.com\\\/?p=145080\"},\"wordCount\":739,\"publisher\":{\"@id\":\"https:\\\/\\\/lospoliticosveracruz.com\\\/#organization\"},\"image\":{\"@id\":\"https:\\\/\\\/lospoliticosveracruz.com\\\/?p=145080#primaryimage\"},\"thumbnailUrl\":\"https:\\\/\\\/lospoliticosveracruz.com\\\/wp-content\\\/uploads\\\/2025\\\/04\\\/Chava-Munoz-1.jpg\",\"keywords\":[\"Fidel Herrera Beltr\u00e1n.\",\"Luisa Mar\u00eda Alcalde\",\"Maryjose Gamboa\",\"Silvio Lagos Galindo\"],\"articleSection\":[\"De Opini\u00f3n\"],\"inLanguage\":\"es\"},{\"@type\":\"WebPage\",\"@id\":\"https:\\\/\\\/lospoliticosveracruz.com\\\/?p=145080\",\"url\":\"https:\\\/\\\/lospoliticosveracruz.com\\\/?p=145080\",\"name\":\"EL SILENCIO DE JAVIER - Los pol\u00edticos Veracruz\",\"isPartOf\":{\"@id\":\"https:\\\/\\\/lospoliticosveracruz.com\\\/#website\"},\"primaryImageOfPage\":{\"@id\":\"https:\\\/\\\/lospoliticosveracruz.com\\\/?p=145080#primaryimage\"},\"image\":{\"@id\":\"https:\\\/\\\/lospoliticosveracruz.com\\\/?p=145080#primaryimage\"},\"thumbnailUrl\":\"https:\\\/\\\/lospoliticosveracruz.com\\\/wp-content\\\/uploads\\\/2025\\\/04\\\/Chava-Munoz-1.jpg\",\"datePublished\":\"2025-05-20T00:54:00+00:00\",\"dateModified\":\"2025-05-20T01:03:38+00:00\",\"breadcrumb\":{\"@id\":\"https:\\\/\\\/lospoliticosveracruz.com\\\/?p=145080#breadcrumb\"},\"inLanguage\":\"es\",\"potentialAction\":[{\"@type\":\"ReadAction\",\"target\":[\"https:\\\/\\\/lospoliticosveracruz.com\\\/?p=145080\"]}]},{\"@type\":\"ImageObject\",\"inLanguage\":\"es\",\"@id\":\"https:\\\/\\\/lospoliticosveracruz.com\\\/?p=145080#primaryimage\",\"url\":\"https:\\\/\\\/lospoliticosveracruz.com\\\/wp-content\\\/uploads\\\/2025\\\/04\\\/Chava-Munoz-1.jpg\",\"contentUrl\":\"https:\\\/\\\/lospoliticosveracruz.com\\\/wp-content\\\/uploads\\\/2025\\\/04\\\/Chava-Munoz-1.jpg\",\"width\":1250,\"height\":667},{\"@type\":\"BreadcrumbList\",\"@id\":\"https:\\\/\\\/lospoliticosveracruz.com\\\/?p=145080#breadcrumb\",\"itemListElement\":[{\"@type\":\"ListItem\",\"position\":1,\"name\":\"Portada\",\"item\":\"https:\\\/\\\/lospoliticosveracruz.com\\\/\"},{\"@type\":\"ListItem\",\"position\":2,\"name\":\"EL SILENCIO DE JAVIER\"}]},{\"@type\":\"WebSite\",\"@id\":\"https:\\\/\\\/lospoliticosveracruz.com\\\/#website\",\"url\":\"https:\\\/\\\/lospoliticosveracruz.com\\\/\",\"name\":\"Los pol\u00edticos Veracruz\",\"description\":\"\",\"publisher\":{\"@id\":\"https:\\\/\\\/lospoliticosveracruz.com\\\/#organization\"},\"potentialAction\":[{\"@type\":\"SearchAction\",\"target\":{\"@type\":\"EntryPoint\",\"urlTemplate\":\"https:\\\/\\\/lospoliticosveracruz.com\\\/?s={search_term_string}\"},\"query-input\":{\"@type\":\"PropertyValueSpecification\",\"valueRequired\":true,\"valueName\":\"search_term_string\"}}],\"inLanguage\":\"es\"},{\"@type\":\"Organization\",\"@id\":\"https:\\\/\\\/lospoliticosveracruz.com\\\/#organization\",\"name\":\"Los pol\u00edticos Veracruz\",\"url\":\"https:\\\/\\\/lospoliticosveracruz.com\\\/\",\"logo\":{\"@type\":\"ImageObject\",\"inLanguage\":\"es\",\"@id\":\"https:\\\/\\\/lospoliticosveracruz.com\\\/#\\\/schema\\\/logo\\\/image\\\/\",\"url\":\"https:\\\/\\\/lospoliticosveracruz.com\\\/wp-content\\\/uploads\\\/2025\\\/12\\\/Logo-Nuevo-LOS-POLITICOS-1.jpg\",\"contentUrl\":\"https:\\\/\\\/lospoliticosveracruz.com\\\/wp-content\\\/uploads\\\/2025\\\/12\\\/Logo-Nuevo-LOS-POLITICOS-1.jpg\",\"width\":260,\"height\":70,\"caption\":\"Los pol\u00edticos Veracruz\"},\"image\":{\"@id\":\"https:\\\/\\\/lospoliticosveracruz.com\\\/#\\\/schema\\\/logo\\\/image\\\/\"},\"sameAs\":[\"https:\\\/\\\/www.facebook.com\\\/people\\\/Notimemes-de-los-Polticos\\\/61565672886568\\\/\",\"https:\\\/\\\/x.com\\\/LosPoliticosVer\"]},{\"@type\":\"Person\",\"@id\":\"https:\\\/\\\/lospoliticosveracruz.com\\\/#\\\/schema\\\/person\\\/b8702bb0e538456e6efd07080bf2a4a2\",\"name\":\"Lo viste en Los Pol\u00edticos\",\"image\":{\"@type\":\"ImageObject\",\"inLanguage\":\"es\",\"@id\":\"https:\\\/\\\/secure.gravatar.com\\\/avatar\\\/3a8de04a2656d44082be478bd6c086daa447c4651605818287b9532d3d0bd435?s=96&d=mm&r=g\",\"url\":\"https:\\\/\\\/secure.gravatar.com\\\/avatar\\\/3a8de04a2656d44082be478bd6c086daa447c4651605818287b9532d3d0bd435?s=96&d=mm&r=g\",\"contentUrl\":\"https:\\\/\\\/secure.gravatar.com\\\/avatar\\\/3a8de04a2656d44082be478bd6c086daa447c4651605818287b9532d3d0bd435?s=96&d=mm&r=g\",\"caption\":\"Lo viste en Los Pol\u00edticos\"},\"url\":\"https:\\\/\\\/lospoliticosveracruz.com\\\/?author=2\"}]}<\/script>\n<!-- \/ Yoast SEO plugin. -->","yoast_head_json":{"title":"EL SILENCIO DE JAVIER - Los pol\u00edticos Veracruz","robots":{"index":"index","follow":"follow","max-snippet":"max-snippet:-1","max-image-preview":"max-image-preview:large","max-video-preview":"max-video-preview:-1"},"canonical":"https:\/\/lospoliticosveracruz.com\/?p=145080","og_locale":"es_ES","og_type":"article","og_title":"EL SILENCIO DE JAVIER - Los pol\u00edticos Veracruz","og_description":"\u2002\u2002\u00daNETE A NUESTRO CANAL \u00a1LOS POL\u00cdTICOS VERACRUZ ya est\u00e1 en WhatsApp! Salvador Mu\u00f1ozLos Pol\u00edticos Luisa Mar\u00eda Alcalde Luj\u00e1n puede tener la opini\u00f3n que quiera de Fidel Herrera Beltr\u00e1n.Puede externar como mejor le plazca tal opini\u00f3n, adjetivizada en \u201cTufo\u201d, del oriundo de Nopaltepec.Puede decir que \u201capesta\u201d el fidelismo\u2026 al final, est\u00e1 en campa\u00f1a.Pero eso no impllica [&hellip;]","og_url":"https:\/\/lospoliticosveracruz.com\/?p=145080","og_site_name":"Los pol\u00edticos Veracruz","article_publisher":"https:\/\/www.facebook.com\/people\/Notimemes-de-los-Polticos\/61565672886568\/","article_published_time":"2025-05-20T00:54:00+00:00","article_modified_time":"2025-05-20T01:03:38+00:00","og_image":[{"width":1250,"height":667,"url":"https:\/\/lospoliticosveracruz.com\/wp-content\/uploads\/2025\/04\/Chava-Munoz-1.jpg","type":"image\/jpeg"}],"author":"Lo viste en Los Pol\u00edticos","twitter_card":"summary_large_image","twitter_creator":"@LosPoliticosVer","twitter_site":"@LosPoliticosVer","twitter_misc":{"Escrito por":"Lo viste en Los Pol\u00edticos","Tiempo de lectura":"4 minutos"},"schema":{"@context":"https:\/\/schema.org","@graph":[{"@type":"Article","@id":"https:\/\/lospoliticosveracruz.com\/?p=145080#article","isPartOf":{"@id":"https:\/\/lospoliticosveracruz.com\/?p=145080"},"author":{"name":"Lo viste en Los Pol\u00edticos","@id":"https:\/\/lospoliticosveracruz.com\/#\/schema\/person\/b8702bb0e538456e6efd07080bf2a4a2"},"headline":"EL SILENCIO DE JAVIER","datePublished":"2025-05-20T00:54:00+00:00","dateModified":"2025-05-20T01:03:38+00:00","mainEntityOfPage":{"@id":"https:\/\/lospoliticosveracruz.com\/?p=145080"},"wordCount":739,"publisher":{"@id":"https:\/\/lospoliticosveracruz.com\/#organization"},"image":{"@id":"https:\/\/lospoliticosveracruz.com\/?p=145080#primaryimage"},"thumbnailUrl":"https:\/\/lospoliticosveracruz.com\/wp-content\/uploads\/2025\/04\/Chava-Munoz-1.jpg","keywords":["Fidel Herrera Beltr\u00e1n.","Luisa Mar\u00eda Alcalde","Maryjose Gamboa","Silvio Lagos Galindo"],"articleSection":["De Opini\u00f3n"],"inLanguage":"es"},{"@type":"WebPage","@id":"https:\/\/lospoliticosveracruz.com\/?p=145080","url":"https:\/\/lospoliticosveracruz.com\/?p=145080","name":"EL SILENCIO DE JAVIER - Los pol\u00edticos Veracruz","isPartOf":{"@id":"https:\/\/lospoliticosveracruz.com\/#website"},"primaryImageOfPage":{"@id":"https:\/\/lospoliticosveracruz.com\/?p=145080#primaryimage"},"image":{"@id":"https:\/\/lospoliticosveracruz.com\/?p=145080#primaryimage"},"thumbnailUrl":"https:\/\/lospoliticosveracruz.com\/wp-content\/uploads\/2025\/04\/Chava-Munoz-1.jpg","datePublished":"2025-05-20T00:54:00+00:00","dateModified":"2025-05-20T01:03:38+00:00","breadcrumb":{"@id":"https:\/\/lospoliticosveracruz.com\/?p=145080#breadcrumb"},"inLanguage":"es","potentialAction":[{"@type":"ReadAction","target":["https:\/\/lospoliticosveracruz.com\/?p=145080"]}]},{"@type":"ImageObject","inLanguage":"es","@id":"https:\/\/lospoliticosveracruz.com\/?p=145080#primaryimage","url":"https:\/\/lospoliticosveracruz.com\/wp-content\/uploads\/2025\/04\/Chava-Munoz-1.jpg","contentUrl":"https:\/\/lospoliticosveracruz.com\/wp-content\/uploads\/2025\/04\/Chava-Munoz-1.jpg","width":1250,"height":667},{"@type":"BreadcrumbList","@id":"https:\/\/lospoliticosveracruz.com\/?p=145080#breadcrumb","itemListElement":[{"@type":"ListItem","position":1,"name":"Portada","item":"https:\/\/lospoliticosveracruz.com\/"},{"@type":"ListItem","position":2,"name":"EL SILENCIO DE JAVIER"}]},{"@type":"WebSite","@id":"https:\/\/lospoliticosveracruz.com\/#website","url":"https:\/\/lospoliticosveracruz.com\/","name":"Los pol\u00edticos Veracruz","description":"","publisher":{"@id":"https:\/\/lospoliticosveracruz.com\/#organization"},"potentialAction":[{"@type":"SearchAction","target":{"@type":"EntryPoint","urlTemplate":"https:\/\/lospoliticosveracruz.com\/?s={search_term_string}"},"query-input":{"@type":"PropertyValueSpecification","valueRequired":true,"valueName":"search_term_string"}}],"inLanguage":"es"},{"@type":"Organization","@id":"https:\/\/lospoliticosveracruz.com\/#organization","name":"Los pol\u00edticos Veracruz","url":"https:\/\/lospoliticosveracruz.com\/","logo":{"@type":"ImageObject","inLanguage":"es","@id":"https:\/\/lospoliticosveracruz.com\/#\/schema\/logo\/image\/","url":"https:\/\/lospoliticosveracruz.com\/wp-content\/uploads\/2025\/12\/Logo-Nuevo-LOS-POLITICOS-1.jpg","contentUrl":"https:\/\/lospoliticosveracruz.com\/wp-content\/uploads\/2025\/12\/Logo-Nuevo-LOS-POLITICOS-1.jpg","width":260,"height":70,"caption":"Los pol\u00edticos Veracruz"},"image":{"@id":"https:\/\/lospoliticosveracruz.com\/#\/schema\/logo\/image\/"},"sameAs":["https:\/\/www.facebook.com\/people\/Notimemes-de-los-Polticos\/61565672886568\/","https:\/\/x.com\/LosPoliticosVer"]},{"@type":"Person","@id":"https:\/\/lospoliticosveracruz.com\/#\/schema\/person\/b8702bb0e538456e6efd07080bf2a4a2","name":"Lo viste en Los Pol\u00edticos","image":{"@type":"ImageObject","inLanguage":"es","@id":"https:\/\/secure.gravatar.com\/avatar\/3a8de04a2656d44082be478bd6c086daa447c4651605818287b9532d3d0bd435?s=96&d=mm&r=g","url":"https:\/\/secure.gravatar.com\/avatar\/3a8de04a2656d44082be478bd6c086daa447c4651605818287b9532d3d0bd435?s=96&d=mm&r=g","contentUrl":"https:\/\/secure.gravatar.com\/avatar\/3a8de04a2656d44082be478bd6c086daa447c4651605818287b9532d3d0bd435?s=96&d=mm&r=g","caption":"Lo viste en Los Pol\u00edticos"},"url":"https:\/\/lospoliticosveracruz.com\/?author=2"}]}},"_links":{"self":[{"href":"https:\/\/lospoliticosveracruz.com\/index.php?rest_route=\/wp\/v2\/posts\/145080","targetHints":{"allow":["GET"]}}],"collection":[{"href":"https:\/\/lospoliticosveracruz.com\/index.php?rest_route=\/wp\/v2\/posts"}],"about":[{"href":"https:\/\/lospoliticosveracruz.com\/index.php?rest_route=\/wp\/v2\/types\/post"}],"author":[{"embeddable":true,"href":"https:\/\/lospoliticosveracruz.com\/index.php?rest_route=\/wp\/v2\/users\/2"}],"replies":[{"embeddable":true,"href":"https:\/\/lospoliticosveracruz.com\/index.php?rest_route=%2Fwp%2Fv2%2Fcomments&post=145080"}],"version-history":[{"count":1,"href":"https:\/\/lospoliticosveracruz.com\/index.php?rest_route=\/wp\/v2\/posts\/145080\/revisions"}],"predecessor-version":[{"id":145081,"href":"https:\/\/lospoliticosveracruz.com\/index.php?rest_route=\/wp\/v2\/posts\/145080\/revisions\/145081"}],"wp:featuredmedia":[{"embeddable":true,"href":"https:\/\/lospoliticosveracruz.com\/index.php?rest_route=\/wp\/v2\/media\/141805"}],"wp:attachment":[{"href":"https:\/\/lospoliticosveracruz.com\/index.php?rest_route=%2Fwp%2Fv2%2Fmedia&parent=145080"}],"wp:term":[{"taxonomy":"category","embeddable":true,"href":"https:\/\/lospoliticosveracruz.com\/index.php?rest_route=%2Fwp%2Fv2%2Fcategories&post=145080"},{"taxonomy":"post_tag","embeddable":true,"href":"https:\/\/lospoliticosveracruz.com\/index.php?rest_route=%2Fwp%2Fv2%2Ftags&post=145080"}],"curies":[{"name":"wp","href":"https:\/\/api.w.org\/{rel}","templated":true}]}}