{"id":145192,"date":"2025-05-21T07:06:51","date_gmt":"2025-05-21T12:06:51","guid":{"rendered":"https:\/\/lospoliticosveracruz.com.mx\/?p=145192"},"modified":"2025-05-21T07:07:01","modified_gmt":"2025-05-21T12:07:01","slug":"tres-en-el-ojo-del-huracan","status":"publish","type":"post","link":"https:\/\/lospoliticosveracruz.com\/?p=145192","title":{"rendered":"TRES, EN EL OJO DEL HURAC\u00c1N"},"content":{"rendered":"\n<p>[S\u00edguenos ahora tambi\u00e9n en WhatsApp.\u00a0<a href=\"https:\/\/whatsapp.com\/channel\/0029Va8zRWlEKyZIP3Z1dF0e\"><strong><em>Da clic aqu\u00ed<\/em><\/strong><\/a>]\u00a0<br><strong>Fanny Y\u00e9pez<\/strong><br><em>La Columna<\/em><\/p>\n\n\n\n<p>En los \u00faltimos d\u00edas, tres funcionarios del gabinete legal est\u00e1n en el ojo del hurac\u00e1n, les cuestionan su falta de capacidad y resultados en temas torales que afectan al pueblo de Veracruz, se trata del Secretario de Gobierno, Ricardo Ahued Bardahuil, el de Seguridad P\u00fablica del Estado de Veracruz, Contralmirante Alfonso Reyes Garc\u00e9s, y la Secretaria de Educaci\u00f3n, Claudia Tello Espinosa.<\/p>\n\n\n\n<p>Ricardo Ahued Bardahuil, es la figura clave en la coordinaci\u00f3n de la pol\u00edtica interna del estado y la representaci\u00f3n jur\u00eddica del gobierno. Su funci\u00f3n principal tambi\u00e9n incluye la ejecuci\u00f3n de las leyes y pol\u00edticas estatales, y mantener la gobernabilidad en la entidad.<br>Es posible que Don Ricardo est\u00e9 ocupado y distra\u00eddo en construir una estructura que le servir\u00e1 de andamiaje para su proyecto pol\u00edtico con miras al 2030. Por ello ha desentendido sus responsabilidades y ante esta apat\u00eda, muchos problemas han estallado en diversas partes del territorio veracruzano.<br>Asesinatos de candidatas y candidatos, atentados, ejecuciones, amenazas a pol\u00edticos, tomas de carreteras, bloqueos, manifestaciones, reclamos por demandas incumplidas, son el pan nuestro de cada d\u00eda. En tanto el titular de la Segob, ni suda ni se acongoja. No hay interlocuci\u00f3n con los representantes de diversos organismos.<br>En los pasillos de palacio de gobierno, los empleados platican que Ahued sigue manteniendo los mismos personajes en el \u00e1rea de pol\u00edtica regional, varios de ellos obedecen las instrucciones de Eric Cisneros Burgos, ejemplo de ello, es el delegado en el municipio de Coatepec, donde est\u00e1 apoyando al candidato del Bola 8 de Movimiento Ciudadano.<br>La situaci\u00f3n en la entidad es de zozobra e incertidumbre, est\u00e1 tenso el ambiente pol\u00edtico electoral<br>La ineficacia de Ahued ha llegado a tal grado que no ha podido, o no ha querido resolver el problema de contaminaci\u00f3n que registra en lago de Los patos, localizado en el fraccionamiento las Animas. Sus propios vecinos le pidieron ayuda para resolver este tema y los bate\u00f3, pese a que este cuerpo de agua est\u00e1 frente su residencia.<\/p>\n\n\n\n<p>Ahora vamos con el Secretario de Seguridad P\u00fablica del Estado de Veracruz, Alfonso Reyes Garc\u00e9s, este personaje surgido de la Secretaria de Marina, tiene las siguientes funciones principales:<br>Coordinar, dirigir y vigilar la pol\u00edtica estatal en materia de seguridad p\u00fablica:<br>Esto incluye la prevenci\u00f3n y persecuci\u00f3n de delitos, la protecci\u00f3n de personas y bienes, y la garant\u00eda del orden p\u00fablico.<br>Ejecutar y dirigir la pol\u00edtica gubernamental en materia de seguridad:<br>Esto implica la implementaci\u00f3n de programas y estrategias para combatir la delincuencia y mejorar la seguridad ciudadana.<br>De todas estas funciones ninguna ha cumplido a cabalidad.<br>Prueba de ello, es que la federaci\u00f3n tuvo enviar al estado m\u00e1s de 3 mil 500 elementos a la entidad. Esto a ra\u00edz de que Yesenia Lara fuera ejecutada hace unos d\u00edas, en pleno acto proselitista, rodeada de simpatizantes y miembros de la comunidad. Ella buscaba la presidencia municipal de Texistepec, por Morena. Al inicio de las campa\u00f1as, Germ\u00e1n Valencia, fue ultimado. Contend\u00eda por la presidencia municipal de Coxquihui, tambi\u00e9n por Morena.<br>La noche de ayer martes, la casa de campa\u00f1a de la candidata de Movimiento Ciudadano, X\u00f3chitl Tress, fue agredida a balazos por sujetos desconocidos, lo que dej\u00f3 una persona fallecida y una herida estos hechos ocurrieron en el municipio sure\u00f1o de Juan Rodr\u00edguez Clara, Veracruz.<br>Hasta el d\u00eda de ayer , un total de 118 candidatas y candidatos de diferentes partidos pol\u00edticos han solicitado protecci\u00f3n ante las autoridades electorales.<br>Veracruz es un representante notable de la desgracia democr\u00e1tica. En el \u00faltimo sexenio, se ubica en la tercera posici\u00f3n a nivel nacional con mayor n\u00famero de v\u00edctimas de violencia pol\u00edtica: 201 (60.7% son asesinatos), \u00fanicamente detr\u00e1s de Guerrero (256) y Guanajuato (223) y muy por arriba de Oaxaca (149) y Michoac\u00e1n (137). En Veracruz, las v\u00edctimas de violencia pol\u00edtica han incrementado 400%, pasando de 10 en 2018 a 40 en 2024; a\u00f1o en el que no se llevaron a cabo elecciones municipales.<\/p>\n\n\n\n<p>Un caso especial es el de la Secretaria de Educaci\u00f3n de Veracruz, Claudia Tello Espinosa, que encabeza la dependencia gubernamental responsable de coordinar la pol\u00edtica educativa del estado y organizar el sistema educativo estatal en todos sus niveles. Sus principales facultades incluyen la formulaci\u00f3n, ejecuci\u00f3n, supervisi\u00f3n y evaluaci\u00f3n de los programas educativos, as\u00ed como la gesti\u00f3n de recursos y personal educativo.<br>Clau, como le dicen sus allegados, no ha podido entablar un dialogo con los representantes de los 84 sindicatos magisteriales que tienen sus respectivos l\u00edderes, sus comisionados que cobran sin trabajar y sus agremiados.<br>Es cotidiano observar que las instalaciones de la Sev, seguido est\u00e9n tomadas por los organismos magisteriales.<br>El di\u00e1logo con los sindicatos se ha roto o al menos esta tenso, los l\u00edderes del Sindicato Integrador Alternativo de los Trabajadores de la Educaci\u00f3n en M\u00e9xico (Siatem) han pedido la renuncia de la titular de la Secretar\u00eda de Educaci\u00f3n de Veracruz, Claudia Tello Espinosa, ante la incapacidad para atender los problemas que enfrenta el magisterio como la falta de m\u00e1s de 500 docentes en distintos planteles de la entidad.<br>Sus desplantes y su falta de oficio, la han colocado en una situaci\u00f3n dif\u00edcil, como lo que ocurri\u00f3 el d\u00eda del maestro, donde recibi\u00f3 una sonada rechifla por la falta de medallas que se ten\u00edan que haber entregado ese d\u00eda. La titular de la SEV se lav\u00f3 las manos traslad\u00e1ndole este error garrafal a Mario Delgado.<\/p>\n\n\n\n<p>Estos personajes que forman parte del primer c\u00edrculo, con su incapacidad detienen el desarrollo de los diferentes programas de gobierno, con ello afectan enormemente al sufrido pueblo veracruzano. Hab\u00eda que escribirlo y se escribi\u00f3.<\/p>\n","protected":false},"excerpt":{"rendered":"<p>[S\u00edguenos ahora tambi\u00e9n en WhatsApp.\u00a0Da clic aqu\u00ed]\u00a0Fanny Y\u00e9pezLa Columna En los \u00faltimos d\u00edas, tres funcionarios del gabinete legal est\u00e1n en el ojo del hurac\u00e1n, les cuestionan su falta de capacidad y resultados en temas torales que afectan al pueblo de Veracruz, se trata del Secretario de Gobierno, Ricardo Ahued Bardahuil, el de Seguridad P\u00fablica del [&hellip;]<\/p>\n","protected":false},"author":2,"featured_media":141383,"comment_status":"closed","ping_status":"closed","sticky":false,"template":"","format":"standard","meta":{"tdm_status":"","tdm_grid_status":"","footnotes":""},"categories":[70],"tags":[19961,1026,876,3578,195],"class_list":{"0":"post-145192","1":"post","2":"type-post","3":"status-publish","4":"format-standard","5":"has-post-thumbnail","7":"category-de-opinion","8":"tag-claudia-tello","9":"tag-morena","10":"tag-ricardo-ahued","11":"tag-rocio-nahle","12":"tag-veracruz"},"yoast_head":"<!-- This site is optimized with the Yoast SEO plugin v27.4 - https:\/\/yoast.com\/product\/yoast-seo-wordpress\/ -->\n<title>TRES, EN EL OJO DEL HURAC\u00c1N - Los pol\u00edticos Veracruz<\/title>\n<meta name=\"robots\" content=\"index, follow, max-snippet:-1, max-image-preview:large, max-video-preview:-1\" \/>\n<link rel=\"canonical\" href=\"https:\/\/lospoliticosveracruz.com\/?p=145192\" \/>\n<meta property=\"og:locale\" content=\"es_ES\" \/>\n<meta property=\"og:type\" content=\"article\" \/>\n<meta property=\"og:title\" content=\"TRES, EN EL OJO DEL HURAC\u00c1N - Los pol\u00edticos Veracruz\" \/>\n<meta property=\"og:description\" content=\"[S\u00edguenos ahora tambi\u00e9n en WhatsApp.\u00a0Da clic aqu\u00ed]\u00a0Fanny Y\u00e9pezLa Columna En los \u00faltimos d\u00edas, tres funcionarios del gabinete legal est\u00e1n en el ojo del hurac\u00e1n, les cuestionan su falta de capacidad y resultados en temas torales que afectan al pueblo de Veracruz, se trata del Secretario de Gobierno, Ricardo Ahued Bardahuil, el de Seguridad P\u00fablica del [&hellip;]\" \/>\n<meta property=\"og:url\" content=\"https:\/\/lospoliticosveracruz.com\/?p=145192\" \/>\n<meta property=\"og:site_name\" content=\"Los pol\u00edticos Veracruz\" \/>\n<meta property=\"article:publisher\" content=\"https:\/\/www.facebook.com\/people\/Notimemes-de-los-Polticos\/61565672886568\/\" \/>\n<meta property=\"article:published_time\" content=\"2025-05-21T12:06:51+00:00\" \/>\n<meta property=\"article:modified_time\" content=\"2025-05-21T12:07:01+00:00\" \/>\n<meta property=\"og:image\" content=\"https:\/\/lospoliticosveracruz.com\/wp-content\/uploads\/2025\/04\/Fanny-Yepez-Luna.jpg\" \/>\n\t<meta property=\"og:image:width\" content=\"1250\" \/>\n\t<meta property=\"og:image:height\" content=\"667\" \/>\n\t<meta property=\"og:image:type\" content=\"image\/jpeg\" \/>\n<meta name=\"author\" content=\"Lo viste en Los Pol\u00edticos\" \/>\n<meta name=\"twitter:card\" content=\"summary_large_image\" \/>\n<meta name=\"twitter:creator\" content=\"@LosPoliticosVer\" \/>\n<meta name=\"twitter:site\" content=\"@LosPoliticosVer\" \/>\n<meta name=\"twitter:label1\" content=\"Escrito por\" \/>\n\t<meta name=\"twitter:data1\" content=\"Lo viste en Los Pol\u00edticos\" \/>\n\t<meta name=\"twitter:label2\" content=\"Tiempo de lectura\" \/>\n\t<meta name=\"twitter:data2\" content=\"5 minutos\" \/>\n<script type=\"application\/ld+json\" class=\"yoast-schema-graph\">{\"@context\":\"https:\\\/\\\/schema.org\",\"@graph\":[{\"@type\":\"Article\",\"@id\":\"https:\\\/\\\/lospoliticosveracruz.com\\\/?p=145192#article\",\"isPartOf\":{\"@id\":\"https:\\\/\\\/lospoliticosveracruz.com\\\/?p=145192\"},\"author\":{\"name\":\"Lo viste en Los Pol\u00edticos\",\"@id\":\"https:\\\/\\\/lospoliticosveracruz.com\\\/#\\\/schema\\\/person\\\/b8702bb0e538456e6efd07080bf2a4a2\"},\"headline\":\"TRES, EN EL OJO DEL HURAC\u00c1N\",\"datePublished\":\"2025-05-21T12:06:51+00:00\",\"dateModified\":\"2025-05-21T12:07:01+00:00\",\"mainEntityOfPage\":{\"@id\":\"https:\\\/\\\/lospoliticosveracruz.com\\\/?p=145192\"},\"wordCount\":1002,\"publisher\":{\"@id\":\"https:\\\/\\\/lospoliticosveracruz.com\\\/#organization\"},\"image\":{\"@id\":\"https:\\\/\\\/lospoliticosveracruz.com\\\/?p=145192#primaryimage\"},\"thumbnailUrl\":\"https:\\\/\\\/lospoliticosveracruz.com\\\/wp-content\\\/uploads\\\/2025\\\/04\\\/Fanny-Yepez-Luna-e1768657334923.jpg\",\"keywords\":[\"Claudia Tello\",\"Morena\",\"Ricardo Ahued\",\"Roc\u00edo Nahle\",\"Veracruz\"],\"articleSection\":[\"De Opini\u00f3n\"],\"inLanguage\":\"es\"},{\"@type\":\"WebPage\",\"@id\":\"https:\\\/\\\/lospoliticosveracruz.com\\\/?p=145192\",\"url\":\"https:\\\/\\\/lospoliticosveracruz.com\\\/?p=145192\",\"name\":\"TRES, EN EL OJO DEL HURAC\u00c1N - Los pol\u00edticos Veracruz\",\"isPartOf\":{\"@id\":\"https:\\\/\\\/lospoliticosveracruz.com\\\/#website\"},\"primaryImageOfPage\":{\"@id\":\"https:\\\/\\\/lospoliticosveracruz.com\\\/?p=145192#primaryimage\"},\"image\":{\"@id\":\"https:\\\/\\\/lospoliticosveracruz.com\\\/?p=145192#primaryimage\"},\"thumbnailUrl\":\"https:\\\/\\\/lospoliticosveracruz.com\\\/wp-content\\\/uploads\\\/2025\\\/04\\\/Fanny-Yepez-Luna-e1768657334923.jpg\",\"datePublished\":\"2025-05-21T12:06:51+00:00\",\"dateModified\":\"2025-05-21T12:07:01+00:00\",\"breadcrumb\":{\"@id\":\"https:\\\/\\\/lospoliticosveracruz.com\\\/?p=145192#breadcrumb\"},\"inLanguage\":\"es\",\"potentialAction\":[{\"@type\":\"ReadAction\",\"target\":[\"https:\\\/\\\/lospoliticosveracruz.com\\\/?p=145192\"]}]},{\"@type\":\"ImageObject\",\"inLanguage\":\"es\",\"@id\":\"https:\\\/\\\/lospoliticosveracruz.com\\\/?p=145192#primaryimage\",\"url\":\"https:\\\/\\\/lospoliticosveracruz.com\\\/wp-content\\\/uploads\\\/2025\\\/04\\\/Fanny-Yepez-Luna-e1768657334923.jpg\",\"contentUrl\":\"https:\\\/\\\/lospoliticosveracruz.com\\\/wp-content\\\/uploads\\\/2025\\\/04\\\/Fanny-Yepez-Luna-e1768657334923.jpg\",\"width\":600,\"height\":320},{\"@type\":\"BreadcrumbList\",\"@id\":\"https:\\\/\\\/lospoliticosveracruz.com\\\/?p=145192#breadcrumb\",\"itemListElement\":[{\"@type\":\"ListItem\",\"position\":1,\"name\":\"Portada\",\"item\":\"https:\\\/\\\/lospoliticosveracruz.com\\\/\"},{\"@type\":\"ListItem\",\"position\":2,\"name\":\"TRES, EN EL OJO DEL HURAC\u00c1N\"}]},{\"@type\":\"WebSite\",\"@id\":\"https:\\\/\\\/lospoliticosveracruz.com\\\/#website\",\"url\":\"https:\\\/\\\/lospoliticosveracruz.com\\\/\",\"name\":\"Los pol\u00edticos Veracruz\",\"description\":\"\",\"publisher\":{\"@id\":\"https:\\\/\\\/lospoliticosveracruz.com\\\/#organization\"},\"potentialAction\":[{\"@type\":\"SearchAction\",\"target\":{\"@type\":\"EntryPoint\",\"urlTemplate\":\"https:\\\/\\\/lospoliticosveracruz.com\\\/?s={search_term_string}\"},\"query-input\":{\"@type\":\"PropertyValueSpecification\",\"valueRequired\":true,\"valueName\":\"search_term_string\"}}],\"inLanguage\":\"es\"},{\"@type\":\"Organization\",\"@id\":\"https:\\\/\\\/lospoliticosveracruz.com\\\/#organization\",\"name\":\"Los pol\u00edticos Veracruz\",\"url\":\"https:\\\/\\\/lospoliticosveracruz.com\\\/\",\"logo\":{\"@type\":\"ImageObject\",\"inLanguage\":\"es\",\"@id\":\"https:\\\/\\\/lospoliticosveracruz.com\\\/#\\\/schema\\\/logo\\\/image\\\/\",\"url\":\"https:\\\/\\\/lospoliticosveracruz.com\\\/wp-content\\\/uploads\\\/2025\\\/12\\\/Logo-Nuevo-LOS-POLITICOS-1.jpg\",\"contentUrl\":\"https:\\\/\\\/lospoliticosveracruz.com\\\/wp-content\\\/uploads\\\/2025\\\/12\\\/Logo-Nuevo-LOS-POLITICOS-1.jpg\",\"width\":260,\"height\":70,\"caption\":\"Los pol\u00edticos Veracruz\"},\"image\":{\"@id\":\"https:\\\/\\\/lospoliticosveracruz.com\\\/#\\\/schema\\\/logo\\\/image\\\/\"},\"sameAs\":[\"https:\\\/\\\/www.facebook.com\\\/people\\\/Notimemes-de-los-Polticos\\\/61565672886568\\\/\",\"https:\\\/\\\/x.com\\\/LosPoliticosVer\"]},{\"@type\":\"Person\",\"@id\":\"https:\\\/\\\/lospoliticosveracruz.com\\\/#\\\/schema\\\/person\\\/b8702bb0e538456e6efd07080bf2a4a2\",\"name\":\"Lo viste en Los Pol\u00edticos\",\"image\":{\"@type\":\"ImageObject\",\"inLanguage\":\"es\",\"@id\":\"https:\\\/\\\/secure.gravatar.com\\\/avatar\\\/3a8de04a2656d44082be478bd6c086daa447c4651605818287b9532d3d0bd435?s=96&d=mm&r=g\",\"url\":\"https:\\\/\\\/secure.gravatar.com\\\/avatar\\\/3a8de04a2656d44082be478bd6c086daa447c4651605818287b9532d3d0bd435?s=96&d=mm&r=g\",\"contentUrl\":\"https:\\\/\\\/secure.gravatar.com\\\/avatar\\\/3a8de04a2656d44082be478bd6c086daa447c4651605818287b9532d3d0bd435?s=96&d=mm&r=g\",\"caption\":\"Lo viste en Los Pol\u00edticos\"},\"url\":\"https:\\\/\\\/lospoliticosveracruz.com\\\/?author=2\"}]}<\/script>\n<!-- \/ Yoast SEO plugin. -->","yoast_head_json":{"title":"TRES, EN EL OJO DEL HURAC\u00c1N - Los pol\u00edticos Veracruz","robots":{"index":"index","follow":"follow","max-snippet":"max-snippet:-1","max-image-preview":"max-image-preview:large","max-video-preview":"max-video-preview:-1"},"canonical":"https:\/\/lospoliticosveracruz.com\/?p=145192","og_locale":"es_ES","og_type":"article","og_title":"TRES, EN EL OJO DEL HURAC\u00c1N - Los pol\u00edticos Veracruz","og_description":"[S\u00edguenos ahora tambi\u00e9n en WhatsApp.\u00a0Da clic aqu\u00ed]\u00a0Fanny Y\u00e9pezLa Columna En los \u00faltimos d\u00edas, tres funcionarios del gabinete legal est\u00e1n en el ojo del hurac\u00e1n, les cuestionan su falta de capacidad y resultados en temas torales que afectan al pueblo de Veracruz, se trata del Secretario de Gobierno, Ricardo Ahued Bardahuil, el de Seguridad P\u00fablica del [&hellip;]","og_url":"https:\/\/lospoliticosveracruz.com\/?p=145192","og_site_name":"Los pol\u00edticos Veracruz","article_publisher":"https:\/\/www.facebook.com\/people\/Notimemes-de-los-Polticos\/61565672886568\/","article_published_time":"2025-05-21T12:06:51+00:00","article_modified_time":"2025-05-21T12:07:01+00:00","og_image":[{"width":1250,"height":667,"url":"https:\/\/lospoliticosveracruz.com\/wp-content\/uploads\/2025\/04\/Fanny-Yepez-Luna.jpg","type":"image\/jpeg"}],"author":"Lo viste en Los Pol\u00edticos","twitter_card":"summary_large_image","twitter_creator":"@LosPoliticosVer","twitter_site":"@LosPoliticosVer","twitter_misc":{"Escrito por":"Lo viste en Los Pol\u00edticos","Tiempo de lectura":"5 minutos"},"schema":{"@context":"https:\/\/schema.org","@graph":[{"@type":"Article","@id":"https:\/\/lospoliticosveracruz.com\/?p=145192#article","isPartOf":{"@id":"https:\/\/lospoliticosveracruz.com\/?p=145192"},"author":{"name":"Lo viste en Los Pol\u00edticos","@id":"https:\/\/lospoliticosveracruz.com\/#\/schema\/person\/b8702bb0e538456e6efd07080bf2a4a2"},"headline":"TRES, EN EL OJO DEL HURAC\u00c1N","datePublished":"2025-05-21T12:06:51+00:00","dateModified":"2025-05-21T12:07:01+00:00","mainEntityOfPage":{"@id":"https:\/\/lospoliticosveracruz.com\/?p=145192"},"wordCount":1002,"publisher":{"@id":"https:\/\/lospoliticosveracruz.com\/#organization"},"image":{"@id":"https:\/\/lospoliticosveracruz.com\/?p=145192#primaryimage"},"thumbnailUrl":"https:\/\/lospoliticosveracruz.com\/wp-content\/uploads\/2025\/04\/Fanny-Yepez-Luna-e1768657334923.jpg","keywords":["Claudia Tello","Morena","Ricardo Ahued","Roc\u00edo Nahle","Veracruz"],"articleSection":["De Opini\u00f3n"],"inLanguage":"es"},{"@type":"WebPage","@id":"https:\/\/lospoliticosveracruz.com\/?p=145192","url":"https:\/\/lospoliticosveracruz.com\/?p=145192","name":"TRES, EN EL OJO DEL HURAC\u00c1N - Los pol\u00edticos Veracruz","isPartOf":{"@id":"https:\/\/lospoliticosveracruz.com\/#website"},"primaryImageOfPage":{"@id":"https:\/\/lospoliticosveracruz.com\/?p=145192#primaryimage"},"image":{"@id":"https:\/\/lospoliticosveracruz.com\/?p=145192#primaryimage"},"thumbnailUrl":"https:\/\/lospoliticosveracruz.com\/wp-content\/uploads\/2025\/04\/Fanny-Yepez-Luna-e1768657334923.jpg","datePublished":"2025-05-21T12:06:51+00:00","dateModified":"2025-05-21T12:07:01+00:00","breadcrumb":{"@id":"https:\/\/lospoliticosveracruz.com\/?p=145192#breadcrumb"},"inLanguage":"es","potentialAction":[{"@type":"ReadAction","target":["https:\/\/lospoliticosveracruz.com\/?p=145192"]}]},{"@type":"ImageObject","inLanguage":"es","@id":"https:\/\/lospoliticosveracruz.com\/?p=145192#primaryimage","url":"https:\/\/lospoliticosveracruz.com\/wp-content\/uploads\/2025\/04\/Fanny-Yepez-Luna-e1768657334923.jpg","contentUrl":"https:\/\/lospoliticosveracruz.com\/wp-content\/uploads\/2025\/04\/Fanny-Yepez-Luna-e1768657334923.jpg","width":600,"height":320},{"@type":"BreadcrumbList","@id":"https:\/\/lospoliticosveracruz.com\/?p=145192#breadcrumb","itemListElement":[{"@type":"ListItem","position":1,"name":"Portada","item":"https:\/\/lospoliticosveracruz.com\/"},{"@type":"ListItem","position":2,"name":"TRES, EN EL OJO DEL HURAC\u00c1N"}]},{"@type":"WebSite","@id":"https:\/\/lospoliticosveracruz.com\/#website","url":"https:\/\/lospoliticosveracruz.com\/","name":"Los pol\u00edticos Veracruz","description":"","publisher":{"@id":"https:\/\/lospoliticosveracruz.com\/#organization"},"potentialAction":[{"@type":"SearchAction","target":{"@type":"EntryPoint","urlTemplate":"https:\/\/lospoliticosveracruz.com\/?s={search_term_string}"},"query-input":{"@type":"PropertyValueSpecification","valueRequired":true,"valueName":"search_term_string"}}],"inLanguage":"es"},{"@type":"Organization","@id":"https:\/\/lospoliticosveracruz.com\/#organization","name":"Los pol\u00edticos Veracruz","url":"https:\/\/lospoliticosveracruz.com\/","logo":{"@type":"ImageObject","inLanguage":"es","@id":"https:\/\/lospoliticosveracruz.com\/#\/schema\/logo\/image\/","url":"https:\/\/lospoliticosveracruz.com\/wp-content\/uploads\/2025\/12\/Logo-Nuevo-LOS-POLITICOS-1.jpg","contentUrl":"https:\/\/lospoliticosveracruz.com\/wp-content\/uploads\/2025\/12\/Logo-Nuevo-LOS-POLITICOS-1.jpg","width":260,"height":70,"caption":"Los pol\u00edticos Veracruz"},"image":{"@id":"https:\/\/lospoliticosveracruz.com\/#\/schema\/logo\/image\/"},"sameAs":["https:\/\/www.facebook.com\/people\/Notimemes-de-los-Polticos\/61565672886568\/","https:\/\/x.com\/LosPoliticosVer"]},{"@type":"Person","@id":"https:\/\/lospoliticosveracruz.com\/#\/schema\/person\/b8702bb0e538456e6efd07080bf2a4a2","name":"Lo viste en Los Pol\u00edticos","image":{"@type":"ImageObject","inLanguage":"es","@id":"https:\/\/secure.gravatar.com\/avatar\/3a8de04a2656d44082be478bd6c086daa447c4651605818287b9532d3d0bd435?s=96&d=mm&r=g","url":"https:\/\/secure.gravatar.com\/avatar\/3a8de04a2656d44082be478bd6c086daa447c4651605818287b9532d3d0bd435?s=96&d=mm&r=g","contentUrl":"https:\/\/secure.gravatar.com\/avatar\/3a8de04a2656d44082be478bd6c086daa447c4651605818287b9532d3d0bd435?s=96&d=mm&r=g","caption":"Lo viste en Los Pol\u00edticos"},"url":"https:\/\/lospoliticosveracruz.com\/?author=2"}]}},"_links":{"self":[{"href":"https:\/\/lospoliticosveracruz.com\/index.php?rest_route=\/wp\/v2\/posts\/145192","targetHints":{"allow":["GET"]}}],"collection":[{"href":"https:\/\/lospoliticosveracruz.com\/index.php?rest_route=\/wp\/v2\/posts"}],"about":[{"href":"https:\/\/lospoliticosveracruz.com\/index.php?rest_route=\/wp\/v2\/types\/post"}],"author":[{"embeddable":true,"href":"https:\/\/lospoliticosveracruz.com\/index.php?rest_route=\/wp\/v2\/users\/2"}],"replies":[{"embeddable":true,"href":"https:\/\/lospoliticosveracruz.com\/index.php?rest_route=%2Fwp%2Fv2%2Fcomments&post=145192"}],"version-history":[{"count":1,"href":"https:\/\/lospoliticosveracruz.com\/index.php?rest_route=\/wp\/v2\/posts\/145192\/revisions"}],"predecessor-version":[{"id":145193,"href":"https:\/\/lospoliticosveracruz.com\/index.php?rest_route=\/wp\/v2\/posts\/145192\/revisions\/145193"}],"wp:featuredmedia":[{"embeddable":true,"href":"https:\/\/lospoliticosveracruz.com\/index.php?rest_route=\/wp\/v2\/media\/141383"}],"wp:attachment":[{"href":"https:\/\/lospoliticosveracruz.com\/index.php?rest_route=%2Fwp%2Fv2%2Fmedia&parent=145192"}],"wp:term":[{"taxonomy":"category","embeddable":true,"href":"https:\/\/lospoliticosveracruz.com\/index.php?rest_route=%2Fwp%2Fv2%2Fcategories&post=145192"},{"taxonomy":"post_tag","embeddable":true,"href":"https:\/\/lospoliticosveracruz.com\/index.php?rest_route=%2Fwp%2Fv2%2Ftags&post=145192"}],"curies":[{"name":"wp","href":"https:\/\/api.w.org\/{rel}","templated":true}]}}