{"id":14522,"date":"2015-01-18T20:19:58","date_gmt":"2015-01-19T02:19:58","guid":{"rendered":"http:\/\/www.lospoliticosveracruz.com.mx\/?p=14522"},"modified":"2015-01-18T20:19:58","modified_gmt":"2015-01-19T02:19:58","slug":"ivai-inocencia-o-complicidad","status":"publish","type":"post","link":"https:\/\/lospoliticosveracruz.com\/?p=14522","title":{"rendered":"IVAI: Inocencia o complicidad"},"content":{"rendered":"<p><a href=\"http:\/\/www.lospoliticosveracruz.com.mx\/wp-content\/uploads\/2015\/01\/ivai.jpg\"><img loading=\"lazy\" decoding=\"async\" class=\"alignnone size-medium wp-image-14521\" src=\"http:\/\/www.lospoliticosveracruz.com.mx\/wp-content\/uploads\/2015\/01\/ivai-300x174.jpg\" alt=\"ivai\" width=\"300\" height=\"174\" \/><\/a><\/p>\n<p><strong>Salvador Mu\u00f1oz<\/strong><\/p>\n<p><em>Los Pol\u00edticos\u00a0<\/em><\/p>\n<p>&nbsp;<\/p>\n<p>Hasta la primera quincena de enero, el Instituto Veracruzano de Acceso a la Informaci\u00f3n ten\u00eda en su haber m\u00e1s de 200 solicitudes en las que se ve\u00eda involucrado el Ayuntamiento de Xalapa.<br \/>\nEl a\u00f1o anterior, eran m\u00e1s de mil peticiones de informaci\u00f3n sobre la misma entidad por diversos rubros, casos o cosas.<br \/>\nEl asunto no tendr\u00eda nada de excepcional m\u00e1s que pensar que m\u00e1s de mil ciudadanos est\u00e1n interesados en el manejo, desarrollo, actividades o lo que usted quiera, dentro del Ayuntamiento de la Atenas Veracruzana; aunque la puerca tuerce el rabo cuando uno se entera que es una sola persona la que ha formulado en 2014 y lo que va del 2015 estas peticiones.<br \/>\nII<br \/>\n\u00bfQu\u00e9 tiene en particular la calle Cirilo Celis Pastrana de la colonia Rafael Lucio?<br \/>\nA simple vista, entrando por la avenida L\u00e1zaro C\u00e1rdenas, uno puede encontrarse de golpe y porrazo las instalaciones del IVAI.<br \/>\nAhora que si fuera vecino de \u00e9sta, igual, a simple vista, dir\u00eda que no tiene nada en especial, pero si nos fu\u00e9ramos calle adentro, nos encontramos entre Camino Real y Privada 5 de Mayo, un pedazo sin pavimentar.<br \/>\nPor cierto, son detalles que las autoridades municipales saben, est\u00e1n conscientes de ello y la petici\u00f3n para la pavimentaci\u00f3n est\u00e1 dentro de una infinidad de calles de esta ciudad en las mismas condiciones que este tramo de la Celis Pastrana.<br \/>\nPero, volver\u00edamos a la pregunta inicial de este punto II: \u00bfQu\u00e9 tiene en particular la calle Cirilo Celis Pastrana de la colonia Rafael Lucio?<br \/>\n\u00a1Ah! Que adem\u00e1s de estar el domicilio del Instituto Veracruzano de Acceso a la Informaci\u00f3n, en el punto donde falta pavimentaci\u00f3n, hay una propiedad de un Consejero del IVAI.<br \/>\nIII<br \/>\nEs evidente que en el IVAI hay conciencia de que un solo ciudadano en 2014, ingres\u00f3 un mil 38 solicitudes de Informaci\u00f3n y en lo que va en este a\u00f1o, 216 y contando.<br \/>\nDel mismo modo que tiene conocimiento de esto, igual sabe que el solicitante en ninguna sola ocasi\u00f3n se ha presentado en el Ayuntamiento para recoger la informaci\u00f3n peticionada.<br \/>\nDicha acci\u00f3n implica desgaste de recursos humanos como de infraestructura pues no importando cu\u00e1l sea la informaci\u00f3n requerida, se ha puesto a su disposici\u00f3n sin que acuda por ella.<br \/>\nY cuando se dice \u201cno importando cu\u00e1l sea la informaci\u00f3n requerida\u201d, se refiere uno a casos como los siguientes:<br \/>\n&#8211; El n\u00famero de fugas detallando ubicaci\u00f3n de las mismas, fecha de reporte y de atenci\u00f3n del periodo 2007 a 2013.<br \/>\n&#8211; Cuantificaci\u00f3n de baches en calles y v\u00edas de la ciudad, protocolos (sic) de atenci\u00f3n a los mismos y lugar donde se reportan, en qu\u00e9 tiempo y qu\u00e9 est\u00e1 haciendo la direcci\u00f3n de Obras P\u00fablicas.<br \/>\n&#8211; D\u00f3nde se resguardan las bicicletas que operaron en la pasada administraci\u00f3n municipal en los recorridos dominicales.<br \/>\n&#8211; Copia del inventario de plantas y flores que hay dentro de los viveros.<br \/>\n&#8211; Censo de animales callejeros en la ciudad de Xalapa y en las congregaciones.<br \/>\nIV<br \/>\nSi hay un poquito de conciencia dentro del IVAI de que hay un solo sujeto que hace miles de solicitudes que a veces rayan en lo absurdo, que no las recoge y que s\u00f3lo implica perder el tiempo atenderlo, podr\u00edamos estar hablando de que los Consejeros del Instituto Veracruzano de Acceso a la Informaci\u00f3n son muy inocentes (por decir lo menos) o son c\u00f3mplices, cuando todo se concentra, al parecer, en que uno de ellos quiere la pavimentaci\u00f3n y drenaje enfrente de su propiedad sin tomar en cuenta que hay m\u00e1s ciudadanos por atender que funcionarios que alcahuetear. Por uno, pagan todos. \u00a1Hombre! \u00a1pero qu\u00e9 necesidad!<\/p>\n<p>smcainito@gmail.com<\/p>\n","protected":false},"excerpt":{"rendered":"<p>Salvador Mu\u00f1oz Los Pol\u00edticos\u00a0 &nbsp; Hasta la primera quincena de enero, el Instituto Veracruzano de Acceso a la Informaci\u00f3n ten\u00eda en su haber m\u00e1s de 200 solicitudes en las que se ve\u00eda involucrado el Ayuntamiento de Xalapa. El a\u00f1o anterior, eran m\u00e1s de mil peticiones de informaci\u00f3n sobre la misma entidad por diversos rubros, casos [&hellip;]<\/p>\n","protected":false},"author":2,"featured_media":0,"comment_status":"open","ping_status":"open","sticky":false,"template":"","format":"standard","meta":{"tdm_status":"","tdm_grid_status":"","footnotes":""},"categories":[70],"tags":[1472,985],"class_list":{"0":"post-14522","1":"post","2":"type-post","3":"status-publish","4":"format-standard","6":"category-de-opinion","7":"tag-calle-cirilo-celis-pastrana","8":"tag-ivai"},"yoast_head":"<!-- This site is optimized with the Yoast SEO plugin v27.4 - https:\/\/yoast.com\/product\/yoast-seo-wordpress\/ -->\n<title>IVAI: Inocencia o complicidad - Los pol\u00edticos Veracruz<\/title>\n<meta name=\"robots\" content=\"index, follow, max-snippet:-1, max-image-preview:large, max-video-preview:-1\" \/>\n<link rel=\"canonical\" href=\"https:\/\/lospoliticosveracruz.com\/?p=14522\" \/>\n<meta property=\"og:locale\" content=\"es_ES\" \/>\n<meta property=\"og:type\" content=\"article\" \/>\n<meta property=\"og:title\" content=\"IVAI: Inocencia o complicidad - Los pol\u00edticos Veracruz\" \/>\n<meta property=\"og:description\" content=\"Salvador Mu\u00f1oz Los Pol\u00edticos\u00a0 &nbsp; Hasta la primera quincena de enero, el Instituto Veracruzano de Acceso a la Informaci\u00f3n ten\u00eda en su haber m\u00e1s de 200 solicitudes en las que se ve\u00eda involucrado el Ayuntamiento de Xalapa. El a\u00f1o anterior, eran m\u00e1s de mil peticiones de informaci\u00f3n sobre la misma entidad por diversos rubros, casos [&hellip;]\" \/>\n<meta property=\"og:url\" content=\"https:\/\/lospoliticosveracruz.com\/?p=14522\" \/>\n<meta property=\"og:site_name\" content=\"Los pol\u00edticos Veracruz\" \/>\n<meta property=\"article:publisher\" content=\"https:\/\/www.facebook.com\/people\/Notimemes-de-los-Polticos\/61565672886568\/\" \/>\n<meta property=\"article:published_time\" content=\"2015-01-19T02:19:58+00:00\" \/>\n<meta property=\"og:image\" content=\"http:\/\/www.lospoliticosveracruz.com.mx\/wp-content\/uploads\/2015\/01\/ivai-300x174.jpg\" \/>\n<meta name=\"author\" content=\"Lo viste en Los Pol\u00edticos\" \/>\n<meta name=\"twitter:card\" content=\"summary_large_image\" \/>\n<meta name=\"twitter:creator\" content=\"@LosPoliticosVer\" \/>\n<meta name=\"twitter:site\" content=\"@LosPoliticosVer\" \/>\n<meta name=\"twitter:label1\" content=\"Escrito por\" \/>\n\t<meta name=\"twitter:data1\" content=\"Lo viste en Los Pol\u00edticos\" \/>\n\t<meta name=\"twitter:label2\" content=\"Tiempo de lectura\" \/>\n\t<meta name=\"twitter:data2\" content=\"3 minutos\" \/>\n<script type=\"application\/ld+json\" class=\"yoast-schema-graph\">{\"@context\":\"https:\\\/\\\/schema.org\",\"@graph\":[{\"@type\":\"Article\",\"@id\":\"https:\\\/\\\/lospoliticosveracruz.com\\\/?p=14522#article\",\"isPartOf\":{\"@id\":\"https:\\\/\\\/lospoliticosveracruz.com\\\/?p=14522\"},\"author\":{\"name\":\"Lo viste en Los Pol\u00edticos\",\"@id\":\"https:\\\/\\\/lospoliticosveracruz.com\\\/#\\\/schema\\\/person\\\/b8702bb0e538456e6efd07080bf2a4a2\"},\"headline\":\"IVAI: Inocencia o complicidad\",\"datePublished\":\"2015-01-19T02:19:58+00:00\",\"mainEntityOfPage\":{\"@id\":\"https:\\\/\\\/lospoliticosveracruz.com\\\/?p=14522\"},\"wordCount\":652,\"commentCount\":0,\"publisher\":{\"@id\":\"https:\\\/\\\/lospoliticosveracruz.com\\\/#organization\"},\"image\":{\"@id\":\"https:\\\/\\\/lospoliticosveracruz.com\\\/?p=14522#primaryimage\"},\"thumbnailUrl\":\"http:\\\/\\\/www.lospoliticosveracruz.com.mx\\\/wp-content\\\/uploads\\\/2015\\\/01\\\/ivai-300x174.jpg\",\"keywords\":[\"calle Cirilo Celis Pastrana\",\"IVAI\"],\"articleSection\":[\"De Opini\u00f3n\"],\"inLanguage\":\"es\",\"potentialAction\":[{\"@type\":\"CommentAction\",\"name\":\"Comment\",\"target\":[\"https:\\\/\\\/lospoliticosveracruz.com\\\/?p=14522#respond\"]}]},{\"@type\":\"WebPage\",\"@id\":\"https:\\\/\\\/lospoliticosveracruz.com\\\/?p=14522\",\"url\":\"https:\\\/\\\/lospoliticosveracruz.com\\\/?p=14522\",\"name\":\"IVAI: Inocencia o complicidad - Los pol\u00edticos Veracruz\",\"isPartOf\":{\"@id\":\"https:\\\/\\\/lospoliticosveracruz.com\\\/#website\"},\"primaryImageOfPage\":{\"@id\":\"https:\\\/\\\/lospoliticosveracruz.com\\\/?p=14522#primaryimage\"},\"image\":{\"@id\":\"https:\\\/\\\/lospoliticosveracruz.com\\\/?p=14522#primaryimage\"},\"thumbnailUrl\":\"http:\\\/\\\/www.lospoliticosveracruz.com.mx\\\/wp-content\\\/uploads\\\/2015\\\/01\\\/ivai-300x174.jpg\",\"datePublished\":\"2015-01-19T02:19:58+00:00\",\"breadcrumb\":{\"@id\":\"https:\\\/\\\/lospoliticosveracruz.com\\\/?p=14522#breadcrumb\"},\"inLanguage\":\"es\",\"potentialAction\":[{\"@type\":\"ReadAction\",\"target\":[\"https:\\\/\\\/lospoliticosveracruz.com\\\/?p=14522\"]}]},{\"@type\":\"ImageObject\",\"inLanguage\":\"es\",\"@id\":\"https:\\\/\\\/lospoliticosveracruz.com\\\/?p=14522#primaryimage\",\"url\":\"http:\\\/\\\/www.lospoliticosveracruz.com.mx\\\/wp-content\\\/uploads\\\/2015\\\/01\\\/ivai-300x174.jpg\",\"contentUrl\":\"http:\\\/\\\/www.lospoliticosveracruz.com.mx\\\/wp-content\\\/uploads\\\/2015\\\/01\\\/ivai-300x174.jpg\"},{\"@type\":\"BreadcrumbList\",\"@id\":\"https:\\\/\\\/lospoliticosveracruz.com\\\/?p=14522#breadcrumb\",\"itemListElement\":[{\"@type\":\"ListItem\",\"position\":1,\"name\":\"Portada\",\"item\":\"https:\\\/\\\/lospoliticosveracruz.com\\\/\"},{\"@type\":\"ListItem\",\"position\":2,\"name\":\"IVAI: Inocencia o complicidad\"}]},{\"@type\":\"WebSite\",\"@id\":\"https:\\\/\\\/lospoliticosveracruz.com\\\/#website\",\"url\":\"https:\\\/\\\/lospoliticosveracruz.com\\\/\",\"name\":\"Los pol\u00edticos Veracruz\",\"description\":\"\",\"publisher\":{\"@id\":\"https:\\\/\\\/lospoliticosveracruz.com\\\/#organization\"},\"potentialAction\":[{\"@type\":\"SearchAction\",\"target\":{\"@type\":\"EntryPoint\",\"urlTemplate\":\"https:\\\/\\\/lospoliticosveracruz.com\\\/?s={search_term_string}\"},\"query-input\":{\"@type\":\"PropertyValueSpecification\",\"valueRequired\":true,\"valueName\":\"search_term_string\"}}],\"inLanguage\":\"es\"},{\"@type\":\"Organization\",\"@id\":\"https:\\\/\\\/lospoliticosveracruz.com\\\/#organization\",\"name\":\"Los pol\u00edticos Veracruz\",\"url\":\"https:\\\/\\\/lospoliticosveracruz.com\\\/\",\"logo\":{\"@type\":\"ImageObject\",\"inLanguage\":\"es\",\"@id\":\"https:\\\/\\\/lospoliticosveracruz.com\\\/#\\\/schema\\\/logo\\\/image\\\/\",\"url\":\"https:\\\/\\\/lospoliticosveracruz.com\\\/wp-content\\\/uploads\\\/2025\\\/12\\\/Logo-Nuevo-LOS-POLITICOS-1.jpg\",\"contentUrl\":\"https:\\\/\\\/lospoliticosveracruz.com\\\/wp-content\\\/uploads\\\/2025\\\/12\\\/Logo-Nuevo-LOS-POLITICOS-1.jpg\",\"width\":260,\"height\":70,\"caption\":\"Los pol\u00edticos Veracruz\"},\"image\":{\"@id\":\"https:\\\/\\\/lospoliticosveracruz.com\\\/#\\\/schema\\\/logo\\\/image\\\/\"},\"sameAs\":[\"https:\\\/\\\/www.facebook.com\\\/people\\\/Notimemes-de-los-Polticos\\\/61565672886568\\\/\",\"https:\\\/\\\/x.com\\\/LosPoliticosVer\"]},{\"@type\":\"Person\",\"@id\":\"https:\\\/\\\/lospoliticosveracruz.com\\\/#\\\/schema\\\/person\\\/b8702bb0e538456e6efd07080bf2a4a2\",\"name\":\"Lo viste en Los Pol\u00edticos\",\"image\":{\"@type\":\"ImageObject\",\"inLanguage\":\"es\",\"@id\":\"https:\\\/\\\/secure.gravatar.com\\\/avatar\\\/3a8de04a2656d44082be478bd6c086daa447c4651605818287b9532d3d0bd435?s=96&d=mm&r=g\",\"url\":\"https:\\\/\\\/secure.gravatar.com\\\/avatar\\\/3a8de04a2656d44082be478bd6c086daa447c4651605818287b9532d3d0bd435?s=96&d=mm&r=g\",\"contentUrl\":\"https:\\\/\\\/secure.gravatar.com\\\/avatar\\\/3a8de04a2656d44082be478bd6c086daa447c4651605818287b9532d3d0bd435?s=96&d=mm&r=g\",\"caption\":\"Lo viste en Los Pol\u00edticos\"},\"url\":\"https:\\\/\\\/lospoliticosveracruz.com\\\/?author=2\"}]}<\/script>\n<!-- \/ Yoast SEO plugin. -->","yoast_head_json":{"title":"IVAI: Inocencia o complicidad - Los pol\u00edticos Veracruz","robots":{"index":"index","follow":"follow","max-snippet":"max-snippet:-1","max-image-preview":"max-image-preview:large","max-video-preview":"max-video-preview:-1"},"canonical":"https:\/\/lospoliticosveracruz.com\/?p=14522","og_locale":"es_ES","og_type":"article","og_title":"IVAI: Inocencia o complicidad - Los pol\u00edticos Veracruz","og_description":"Salvador Mu\u00f1oz Los Pol\u00edticos\u00a0 &nbsp; Hasta la primera quincena de enero, el Instituto Veracruzano de Acceso a la Informaci\u00f3n ten\u00eda en su haber m\u00e1s de 200 solicitudes en las que se ve\u00eda involucrado el Ayuntamiento de Xalapa. El a\u00f1o anterior, eran m\u00e1s de mil peticiones de informaci\u00f3n sobre la misma entidad por diversos rubros, casos [&hellip;]","og_url":"https:\/\/lospoliticosveracruz.com\/?p=14522","og_site_name":"Los pol\u00edticos Veracruz","article_publisher":"https:\/\/www.facebook.com\/people\/Notimemes-de-los-Polticos\/61565672886568\/","article_published_time":"2015-01-19T02:19:58+00:00","og_image":[{"url":"http:\/\/www.lospoliticosveracruz.com.mx\/wp-content\/uploads\/2015\/01\/ivai-300x174.jpg","type":"","width":"","height":""}],"author":"Lo viste en Los Pol\u00edticos","twitter_card":"summary_large_image","twitter_creator":"@LosPoliticosVer","twitter_site":"@LosPoliticosVer","twitter_misc":{"Escrito por":"Lo viste en Los Pol\u00edticos","Tiempo de lectura":"3 minutos"},"schema":{"@context":"https:\/\/schema.org","@graph":[{"@type":"Article","@id":"https:\/\/lospoliticosveracruz.com\/?p=14522#article","isPartOf":{"@id":"https:\/\/lospoliticosveracruz.com\/?p=14522"},"author":{"name":"Lo viste en Los Pol\u00edticos","@id":"https:\/\/lospoliticosveracruz.com\/#\/schema\/person\/b8702bb0e538456e6efd07080bf2a4a2"},"headline":"IVAI: Inocencia o complicidad","datePublished":"2015-01-19T02:19:58+00:00","mainEntityOfPage":{"@id":"https:\/\/lospoliticosveracruz.com\/?p=14522"},"wordCount":652,"commentCount":0,"publisher":{"@id":"https:\/\/lospoliticosveracruz.com\/#organization"},"image":{"@id":"https:\/\/lospoliticosveracruz.com\/?p=14522#primaryimage"},"thumbnailUrl":"http:\/\/www.lospoliticosveracruz.com.mx\/wp-content\/uploads\/2015\/01\/ivai-300x174.jpg","keywords":["calle Cirilo Celis Pastrana","IVAI"],"articleSection":["De Opini\u00f3n"],"inLanguage":"es","potentialAction":[{"@type":"CommentAction","name":"Comment","target":["https:\/\/lospoliticosveracruz.com\/?p=14522#respond"]}]},{"@type":"WebPage","@id":"https:\/\/lospoliticosveracruz.com\/?p=14522","url":"https:\/\/lospoliticosveracruz.com\/?p=14522","name":"IVAI: Inocencia o complicidad - Los pol\u00edticos Veracruz","isPartOf":{"@id":"https:\/\/lospoliticosveracruz.com\/#website"},"primaryImageOfPage":{"@id":"https:\/\/lospoliticosveracruz.com\/?p=14522#primaryimage"},"image":{"@id":"https:\/\/lospoliticosveracruz.com\/?p=14522#primaryimage"},"thumbnailUrl":"http:\/\/www.lospoliticosveracruz.com.mx\/wp-content\/uploads\/2015\/01\/ivai-300x174.jpg","datePublished":"2015-01-19T02:19:58+00:00","breadcrumb":{"@id":"https:\/\/lospoliticosveracruz.com\/?p=14522#breadcrumb"},"inLanguage":"es","potentialAction":[{"@type":"ReadAction","target":["https:\/\/lospoliticosveracruz.com\/?p=14522"]}]},{"@type":"ImageObject","inLanguage":"es","@id":"https:\/\/lospoliticosveracruz.com\/?p=14522#primaryimage","url":"http:\/\/www.lospoliticosveracruz.com.mx\/wp-content\/uploads\/2015\/01\/ivai-300x174.jpg","contentUrl":"http:\/\/www.lospoliticosveracruz.com.mx\/wp-content\/uploads\/2015\/01\/ivai-300x174.jpg"},{"@type":"BreadcrumbList","@id":"https:\/\/lospoliticosveracruz.com\/?p=14522#breadcrumb","itemListElement":[{"@type":"ListItem","position":1,"name":"Portada","item":"https:\/\/lospoliticosveracruz.com\/"},{"@type":"ListItem","position":2,"name":"IVAI: Inocencia o complicidad"}]},{"@type":"WebSite","@id":"https:\/\/lospoliticosveracruz.com\/#website","url":"https:\/\/lospoliticosveracruz.com\/","name":"Los pol\u00edticos Veracruz","description":"","publisher":{"@id":"https:\/\/lospoliticosveracruz.com\/#organization"},"potentialAction":[{"@type":"SearchAction","target":{"@type":"EntryPoint","urlTemplate":"https:\/\/lospoliticosveracruz.com\/?s={search_term_string}"},"query-input":{"@type":"PropertyValueSpecification","valueRequired":true,"valueName":"search_term_string"}}],"inLanguage":"es"},{"@type":"Organization","@id":"https:\/\/lospoliticosveracruz.com\/#organization","name":"Los pol\u00edticos Veracruz","url":"https:\/\/lospoliticosveracruz.com\/","logo":{"@type":"ImageObject","inLanguage":"es","@id":"https:\/\/lospoliticosveracruz.com\/#\/schema\/logo\/image\/","url":"https:\/\/lospoliticosveracruz.com\/wp-content\/uploads\/2025\/12\/Logo-Nuevo-LOS-POLITICOS-1.jpg","contentUrl":"https:\/\/lospoliticosveracruz.com\/wp-content\/uploads\/2025\/12\/Logo-Nuevo-LOS-POLITICOS-1.jpg","width":260,"height":70,"caption":"Los pol\u00edticos Veracruz"},"image":{"@id":"https:\/\/lospoliticosveracruz.com\/#\/schema\/logo\/image\/"},"sameAs":["https:\/\/www.facebook.com\/people\/Notimemes-de-los-Polticos\/61565672886568\/","https:\/\/x.com\/LosPoliticosVer"]},{"@type":"Person","@id":"https:\/\/lospoliticosveracruz.com\/#\/schema\/person\/b8702bb0e538456e6efd07080bf2a4a2","name":"Lo viste en Los Pol\u00edticos","image":{"@type":"ImageObject","inLanguage":"es","@id":"https:\/\/secure.gravatar.com\/avatar\/3a8de04a2656d44082be478bd6c086daa447c4651605818287b9532d3d0bd435?s=96&d=mm&r=g","url":"https:\/\/secure.gravatar.com\/avatar\/3a8de04a2656d44082be478bd6c086daa447c4651605818287b9532d3d0bd435?s=96&d=mm&r=g","contentUrl":"https:\/\/secure.gravatar.com\/avatar\/3a8de04a2656d44082be478bd6c086daa447c4651605818287b9532d3d0bd435?s=96&d=mm&r=g","caption":"Lo viste en Los Pol\u00edticos"},"url":"https:\/\/lospoliticosveracruz.com\/?author=2"}]}},"_links":{"self":[{"href":"https:\/\/lospoliticosveracruz.com\/index.php?rest_route=\/wp\/v2\/posts\/14522","targetHints":{"allow":["GET"]}}],"collection":[{"href":"https:\/\/lospoliticosveracruz.com\/index.php?rest_route=\/wp\/v2\/posts"}],"about":[{"href":"https:\/\/lospoliticosveracruz.com\/index.php?rest_route=\/wp\/v2\/types\/post"}],"author":[{"embeddable":true,"href":"https:\/\/lospoliticosveracruz.com\/index.php?rest_route=\/wp\/v2\/users\/2"}],"replies":[{"embeddable":true,"href":"https:\/\/lospoliticosveracruz.com\/index.php?rest_route=%2Fwp%2Fv2%2Fcomments&post=14522"}],"version-history":[{"count":1,"href":"https:\/\/lospoliticosveracruz.com\/index.php?rest_route=\/wp\/v2\/posts\/14522\/revisions"}],"predecessor-version":[{"id":14523,"href":"https:\/\/lospoliticosveracruz.com\/index.php?rest_route=\/wp\/v2\/posts\/14522\/revisions\/14523"}],"wp:attachment":[{"href":"https:\/\/lospoliticosveracruz.com\/index.php?rest_route=%2Fwp%2Fv2%2Fmedia&parent=14522"}],"wp:term":[{"taxonomy":"category","embeddable":true,"href":"https:\/\/lospoliticosveracruz.com\/index.php?rest_route=%2Fwp%2Fv2%2Fcategories&post=14522"},{"taxonomy":"post_tag","embeddable":true,"href":"https:\/\/lospoliticosveracruz.com\/index.php?rest_route=%2Fwp%2Fv2%2Ftags&post=14522"}],"curies":[{"name":"wp","href":"https:\/\/api.w.org\/{rel}","templated":true}]}}