{"id":145300,"date":"2025-05-22T06:25:47","date_gmt":"2025-05-22T11:25:47","guid":{"rendered":"https:\/\/lospoliticosveracruz.com.mx\/?p=145300"},"modified":"2025-05-22T06:26:22","modified_gmt":"2025-05-22T11:26:22","slug":"los-13-muertos-en-la-eleccion","status":"publish","type":"post","link":"https:\/\/lospoliticosveracruz.com\/?p=145300","title":{"rendered":"LOS 13 MUERTOS EN LA ELECCI\u00d3N"},"content":{"rendered":"\n<p>[S\u00edguenos ahora tambi\u00e9n en WhatsApp.\u00a0<a href=\"https:\/\/whatsapp.com\/channel\/0029Va8zRWlEKyZIP3Z1dF0e\"><strong><em>Da clic aqu\u00ed<\/em><\/strong><\/a>]\u00a0<br><strong>Ricardo Chua<\/strong><\/p>\n\n\n\n<p><em>Sale y Vale<\/em><\/p>\n\n\n\n<p>Un dato revelador dio a conocer el canal de Emilio Azcarraga en Veracruz: Nmas, antes Telever, cita que a tan s\u00f3lo 10 que se lleven a cabo las elecciones municipales a las alcald\u00edas en Veracruz, el Estado enfrenta una alarmante OLA DE VIOLENCIA, que ha cobrado la vida de, al menos, 13 personas entre candidatos a presidentes municipales, diputados federales, funcionarios de ayuntamientos, polic\u00edas federales y el caso m\u00e1s reciente de la periodista, Avisack Douglas, ocurrido la noche del martes en el municipio de Rodr\u00edguez Clara.. La fot\u00f3grafa fue muerta por el balazo que recibi\u00f3 horas m\u00e1s tarde, por el atentado a la candidata de Movimiento Ciudadano de ese municipio..<\/p>\n\n\n\n<p>Es un hecho que con todos estos casos.. Veracruz est\u00e1 y sigue enfrentando una gran ola de violencia y el gobierno del Estado se ha visto rebasado para garantizar la paz social para estas elecciones.. Tanto as\u00ed que la propia gobernadora Roc\u00edo Nahle tuvo que solicitar ayuda al gobierno federal de Claudia Sheinbaum para \u00abcalmar las aguas\u00bb.. Pero ni con la ayuda que le mand\u00f3 Omar Garc\u00eda Harfuch con la Guardia Nacional, pudieron tranquilizar el Estado y eso qued\u00f3 claro con el ataque armado en contra de la casa de campa\u00f1a de X\u00f3chitl Tress, en Rodr\u00edguez Clara, donde por desgracia perdi\u00f3 la vida Avisack Douglas, dejando en orfandad a sus dos hijas.. Nadie cree que hay garant\u00edas de seguridad en la elecci\u00f3n..<\/p>\n\n\n\n<p>Lo sucedido antier en Rodr\u00edguez Clara, se suma a toda la violencia en la que est\u00e1 sumido la entidad.. Ya que con el atentado a Xochilt Trees.. Seg\u00fan los datos aportados por Nm\u00e1s TELEVISA revela que se suman los 3 candidatos a alcaldes asesinados por la alianza MORENA-PVEM, como son: Carlos Ner\u00ed, acribillado el 7 febrero siendo precandidato del \u00abVerde\u00bb a la alcald\u00eda de Paso del Macho.. Luego vino el caso de Germ\u00e1n Anuar Valencia, asesinado a balazos el 29 de abril, siendo candidato en el municipio de Coxquihui.. Y el 11 de mayo fue baleada hasta dejarla muerta, la candidata de Texistepec, Yesenia Lara Guti\u00e9rrez.. En todos estos cr\u00edmenes se presentaron muertes \u00abcolaterales\u00bb..<\/p>\n\n\n\n<p>Pero ya con el ataque en Rodr\u00edguez Clara.. Son 13 personas asesinadas y 19 lesionadas que se han presentado durante el desarrollo del proceso electoral en Veracruz.. Desde el momento que se abri\u00f3 la elecci\u00f3n por parte del OPLE con las pre candidaturas a alcaldes y que fue el pasado mes de noviembre, cuando dio inicio esta contienda.. Adem\u00e1s otros datos aportados por TELEVER es que son 19 precandidatos y 2 candidatos, que se \u00abbajaron\u00bb de la contienda municipal por temor a ataques a su integridad f\u00edsica y por presuntas amenazas de grupos fuera de la ley.. ABROOOONN..<\/p>\n\n\n\n<p>Sin embargo, lo que la sociedad no olvida porque la oposici\u00f3n est\u00e1 m\u00e1s que \u00abpelada\u00bb e ignorada en Veracruz.. Es que en un inicio, all\u00e1 por el mes de abril, la gobernadora Roc\u00edo Nahle calific\u00f3 muchas de estas renuncias como \u00abCampa\u00f1as de P\u00e1nico\u00bb.. Y les dijo: \u00abSi tienen alg\u00fan miedo o amenaza, que hagan la denuncia, que vayan al OPLE, que pidan la protecci\u00f3n y se les dar\u00e1\u00bb.. Esa protecci\u00f3n de la que habl\u00f3 la \u00abT\u00eda Ch\u00edo\u00bb s\u00f3lo le sirvi\u00f3 a Xochilt Trees.. A los otras 13 personas acribilladas no les funcion\u00f3.. Tampoco ayud\u00f3 a las 19 pol\u00edticos lesionados en esta contienda.. As\u00ed fue hasta que tuvo que \u00abecharse para atr\u00e1s\u00bb..<\/p>\n\n\n\n<p>Esto luego de que con los asesinatos de los candidatos del PVEM-MORENA en Veracruz.. Tuvo que reconocer la VIOLENCIA POL\u00cdTICA que enfrenta esta entidad que ahora gobierna.. \u00abTengo que atender todo, incluyendo la seguridad y esto no es con -varita m\u00e1gica-\u00bb fue la frase que solt\u00f3 Nahle en sus conferencia\u2026 Por esas razones, es que muchos miembros del \u00abc\u00edrculo rojo\u00bb, se preguntan: Por qu\u00e9 no los cambios en su gabinete.. Por qu\u00e9 no generar una nueva expectativa entre la sociedad y que te den el beneficio de la duda.. Que vean que haces cambios para mejorar.. Pero quieren mantener a los mismos \u00abjugadores\u00bb cuando te han \u00abmetido 3 goles\u00bb en el \u00abprimer tiempo\u00bb de la elecci\u00f3n..<\/p>\n\n\n\n<p>S\u00f3lo hay que recordar, que derivado de la violencia en contra de los candidatos a las alcald\u00edas en la entidad.. Arribaron a Veracruz m\u00e1s de 3 mil elementos de la Guardia Nacional.. Vienen para bajar los \u00edndices de la inseguridad y asegurar que haya paz social para que la gente el d\u00eda de la elecci\u00f3n a alcalde.. La sociedad pueda ir a votar de manera tranquila y que no se sienta intimidada por presuntos actos de inseguridad que pueden ocurrir ese 1 de junio.. Ya que seg\u00fan el gobierno federal en Veracruz, hay 57 municipios identificados como de alto riesgo por los hechos de violencia que ah\u00ed se presentan a cada rato..<\/p>\n\n\n\n<p>As\u00ed que con todo este escenario.. Con un gabinete estatal que no le ha respondido como debiera y faltando a su confianza.. Roc\u00edo Nahle y la sociedad veracruzana, est\u00e1n a 10 d\u00edas, de que en esta entidad eligan a 212 alcaldes.. Y nadie, pero nadie tiene la certeza para decir de que NO SE VA a presentar, antes del 1 de junio, una acci\u00f3n criminal y de violencia como sucedi\u00f3 en Coxquihui, Texistepec, Boca del R\u00edo y Rodr\u00edguez Clara.. La gobernadora apenas lleva 6 meses en el poder y no puede permitir que su gobierno lo sometan con estas acciones.. Si eso ocurre, qu\u00e9 pasar\u00e1 con Veracruz cuando Nahle lleve 3 a\u00f1os de gobernadora.. ESA ES LA DUDA..<\/p>\n\n\n\n<p>Para el colmo, no la ayudan, ni siquiera en MORENA.. Vino la dirigente nacional, Luisa Mar\u00eda Alcalde, al Estado, pero sali\u00f3 dejando m\u00e1s dudas que certezas su visita.. Ya que mientras la presidenta del partido repart\u00eda \u201ctufos\u201d del extinto gobernador, Fidel Herrera Beltr\u00e1n.. Trato de esquivar las preguntas sobre la violencia electoral y la inconformidad dentro de MORENA.. Un pol\u00edtico sabe que la \u00abluna de miel\u00bb con su pueblo, se acaba cuando la sociedad empieza a sufrir las consecuencias de sus fallas como gobernante.. Despu\u00e9s vienen los reclamos su contra, luego el desprestigio de su gobierno, por \u00faltimo viene el voto en contra en la soledad de la urna.. LA SUERTE ESTA ECHADA.. AMEN..<\/p>\n","protected":false},"excerpt":{"rendered":"<p>[S\u00edguenos ahora tambi\u00e9n en WhatsApp.\u00a0Da clic aqu\u00ed]\u00a0Ricardo Chua Sale y Vale Un dato revelador dio a conocer el canal de Emilio Azcarraga en Veracruz: Nmas, antes Telever, cita que a tan s\u00f3lo 10 que se lleven a cabo las elecciones municipales a las alcald\u00edas en Veracruz, el Estado enfrenta una alarmante OLA DE VIOLENCIA, que [&hellip;]<\/p>\n","protected":false},"author":2,"featured_media":141434,"comment_status":"closed","ping_status":"closed","sticky":false,"template":"","format":"standard","meta":{"tdm_status":"","tdm_grid_status":"","footnotes":""},"categories":[70],"tags":[1026,3578,195],"class_list":{"0":"post-145300","1":"post","2":"type-post","3":"status-publish","4":"format-standard","5":"has-post-thumbnail","7":"category-de-opinion","8":"tag-morena","9":"tag-rocio-nahle","10":"tag-veracruz"},"yoast_head":"<!-- This site is optimized with the Yoast SEO plugin v27.4 - https:\/\/yoast.com\/product\/yoast-seo-wordpress\/ -->\n<title>LOS 13 MUERTOS EN LA ELECCI\u00d3N - Los pol\u00edticos Veracruz<\/title>\n<meta name=\"robots\" content=\"index, follow, max-snippet:-1, max-image-preview:large, max-video-preview:-1\" \/>\n<link rel=\"canonical\" href=\"https:\/\/lospoliticosveracruz.com\/?p=145300\" \/>\n<meta property=\"og:locale\" content=\"es_ES\" \/>\n<meta property=\"og:type\" content=\"article\" \/>\n<meta property=\"og:title\" content=\"LOS 13 MUERTOS EN LA ELECCI\u00d3N - Los pol\u00edticos Veracruz\" \/>\n<meta property=\"og:description\" content=\"[S\u00edguenos ahora tambi\u00e9n en WhatsApp.\u00a0Da clic aqu\u00ed]\u00a0Ricardo Chua Sale y Vale Un dato revelador dio a conocer el canal de Emilio Azcarraga en Veracruz: Nmas, antes Telever, cita que a tan s\u00f3lo 10 que se lleven a cabo las elecciones municipales a las alcald\u00edas en Veracruz, el Estado enfrenta una alarmante OLA DE VIOLENCIA, que [&hellip;]\" \/>\n<meta property=\"og:url\" content=\"https:\/\/lospoliticosveracruz.com\/?p=145300\" \/>\n<meta property=\"og:site_name\" content=\"Los pol\u00edticos Veracruz\" \/>\n<meta property=\"article:publisher\" content=\"https:\/\/www.facebook.com\/people\/Notimemes-de-los-Polticos\/61565672886568\/\" \/>\n<meta property=\"article:published_time\" content=\"2025-05-22T11:25:47+00:00\" \/>\n<meta property=\"article:modified_time\" content=\"2025-05-22T11:26:22+00:00\" \/>\n<meta property=\"og:image\" content=\"https:\/\/lospoliticosveracruz.com\/wp-content\/uploads\/2025\/04\/Chua-e1761364658706.jpg\" \/>\n\t<meta property=\"og:image:width\" content=\"600\" \/>\n\t<meta property=\"og:image:height\" content=\"320\" \/>\n\t<meta property=\"og:image:type\" content=\"image\/jpeg\" \/>\n<meta name=\"author\" content=\"Lo viste en Los Pol\u00edticos\" \/>\n<meta name=\"twitter:card\" content=\"summary_large_image\" \/>\n<meta name=\"twitter:creator\" content=\"@LosPoliticosVer\" \/>\n<meta name=\"twitter:site\" content=\"@LosPoliticosVer\" \/>\n<meta name=\"twitter:label1\" content=\"Escrito por\" \/>\n\t<meta name=\"twitter:data1\" content=\"Lo viste en Los Pol\u00edticos\" \/>\n\t<meta name=\"twitter:label2\" content=\"Tiempo de lectura\" \/>\n\t<meta name=\"twitter:data2\" content=\"5 minutos\" \/>\n<script type=\"application\/ld+json\" class=\"yoast-schema-graph\">{\"@context\":\"https:\\\/\\\/schema.org\",\"@graph\":[{\"@type\":\"Article\",\"@id\":\"https:\\\/\\\/lospoliticosveracruz.com\\\/?p=145300#article\",\"isPartOf\":{\"@id\":\"https:\\\/\\\/lospoliticosveracruz.com\\\/?p=145300\"},\"author\":{\"name\":\"Lo viste en Los Pol\u00edticos\",\"@id\":\"https:\\\/\\\/lospoliticosveracruz.com\\\/#\\\/schema\\\/person\\\/b8702bb0e538456e6efd07080bf2a4a2\"},\"headline\":\"LOS 13 MUERTOS EN LA ELECCI\u00d3N\",\"datePublished\":\"2025-05-22T11:25:47+00:00\",\"dateModified\":\"2025-05-22T11:26:22+00:00\",\"mainEntityOfPage\":{\"@id\":\"https:\\\/\\\/lospoliticosveracruz.com\\\/?p=145300\"},\"wordCount\":1076,\"publisher\":{\"@id\":\"https:\\\/\\\/lospoliticosveracruz.com\\\/#organization\"},\"image\":{\"@id\":\"https:\\\/\\\/lospoliticosveracruz.com\\\/?p=145300#primaryimage\"},\"thumbnailUrl\":\"https:\\\/\\\/lospoliticosveracruz.com\\\/wp-content\\\/uploads\\\/2025\\\/04\\\/Chua-e1761364658706.jpg\",\"keywords\":[\"Morena\",\"Roc\u00edo Nahle\",\"Veracruz\"],\"articleSection\":[\"De Opini\u00f3n\"],\"inLanguage\":\"es\"},{\"@type\":\"WebPage\",\"@id\":\"https:\\\/\\\/lospoliticosveracruz.com\\\/?p=145300\",\"url\":\"https:\\\/\\\/lospoliticosveracruz.com\\\/?p=145300\",\"name\":\"LOS 13 MUERTOS EN LA ELECCI\u00d3N - Los pol\u00edticos Veracruz\",\"isPartOf\":{\"@id\":\"https:\\\/\\\/lospoliticosveracruz.com\\\/#website\"},\"primaryImageOfPage\":{\"@id\":\"https:\\\/\\\/lospoliticosveracruz.com\\\/?p=145300#primaryimage\"},\"image\":{\"@id\":\"https:\\\/\\\/lospoliticosveracruz.com\\\/?p=145300#primaryimage\"},\"thumbnailUrl\":\"https:\\\/\\\/lospoliticosveracruz.com\\\/wp-content\\\/uploads\\\/2025\\\/04\\\/Chua-e1761364658706.jpg\",\"datePublished\":\"2025-05-22T11:25:47+00:00\",\"dateModified\":\"2025-05-22T11:26:22+00:00\",\"breadcrumb\":{\"@id\":\"https:\\\/\\\/lospoliticosveracruz.com\\\/?p=145300#breadcrumb\"},\"inLanguage\":\"es\",\"potentialAction\":[{\"@type\":\"ReadAction\",\"target\":[\"https:\\\/\\\/lospoliticosveracruz.com\\\/?p=145300\"]}]},{\"@type\":\"ImageObject\",\"inLanguage\":\"es\",\"@id\":\"https:\\\/\\\/lospoliticosveracruz.com\\\/?p=145300#primaryimage\",\"url\":\"https:\\\/\\\/lospoliticosveracruz.com\\\/wp-content\\\/uploads\\\/2025\\\/04\\\/Chua-e1761364658706.jpg\",\"contentUrl\":\"https:\\\/\\\/lospoliticosveracruz.com\\\/wp-content\\\/uploads\\\/2025\\\/04\\\/Chua-e1761364658706.jpg\",\"width\":600,\"height\":320},{\"@type\":\"BreadcrumbList\",\"@id\":\"https:\\\/\\\/lospoliticosveracruz.com\\\/?p=145300#breadcrumb\",\"itemListElement\":[{\"@type\":\"ListItem\",\"position\":1,\"name\":\"Portada\",\"item\":\"https:\\\/\\\/lospoliticosveracruz.com\\\/\"},{\"@type\":\"ListItem\",\"position\":2,\"name\":\"LOS 13 MUERTOS EN LA ELECCI\u00d3N\"}]},{\"@type\":\"WebSite\",\"@id\":\"https:\\\/\\\/lospoliticosveracruz.com\\\/#website\",\"url\":\"https:\\\/\\\/lospoliticosveracruz.com\\\/\",\"name\":\"Los pol\u00edticos Veracruz\",\"description\":\"\",\"publisher\":{\"@id\":\"https:\\\/\\\/lospoliticosveracruz.com\\\/#organization\"},\"potentialAction\":[{\"@type\":\"SearchAction\",\"target\":{\"@type\":\"EntryPoint\",\"urlTemplate\":\"https:\\\/\\\/lospoliticosveracruz.com\\\/?s={search_term_string}\"},\"query-input\":{\"@type\":\"PropertyValueSpecification\",\"valueRequired\":true,\"valueName\":\"search_term_string\"}}],\"inLanguage\":\"es\"},{\"@type\":\"Organization\",\"@id\":\"https:\\\/\\\/lospoliticosveracruz.com\\\/#organization\",\"name\":\"Los pol\u00edticos Veracruz\",\"url\":\"https:\\\/\\\/lospoliticosveracruz.com\\\/\",\"logo\":{\"@type\":\"ImageObject\",\"inLanguage\":\"es\",\"@id\":\"https:\\\/\\\/lospoliticosveracruz.com\\\/#\\\/schema\\\/logo\\\/image\\\/\",\"url\":\"https:\\\/\\\/lospoliticosveracruz.com\\\/wp-content\\\/uploads\\\/2025\\\/12\\\/Logo-Nuevo-LOS-POLITICOS-1.jpg\",\"contentUrl\":\"https:\\\/\\\/lospoliticosveracruz.com\\\/wp-content\\\/uploads\\\/2025\\\/12\\\/Logo-Nuevo-LOS-POLITICOS-1.jpg\",\"width\":260,\"height\":70,\"caption\":\"Los pol\u00edticos Veracruz\"},\"image\":{\"@id\":\"https:\\\/\\\/lospoliticosveracruz.com\\\/#\\\/schema\\\/logo\\\/image\\\/\"},\"sameAs\":[\"https:\\\/\\\/www.facebook.com\\\/people\\\/Notimemes-de-los-Polticos\\\/61565672886568\\\/\",\"https:\\\/\\\/x.com\\\/LosPoliticosVer\"]},{\"@type\":\"Person\",\"@id\":\"https:\\\/\\\/lospoliticosveracruz.com\\\/#\\\/schema\\\/person\\\/b8702bb0e538456e6efd07080bf2a4a2\",\"name\":\"Lo viste en Los Pol\u00edticos\",\"image\":{\"@type\":\"ImageObject\",\"inLanguage\":\"es\",\"@id\":\"https:\\\/\\\/secure.gravatar.com\\\/avatar\\\/3a8de04a2656d44082be478bd6c086daa447c4651605818287b9532d3d0bd435?s=96&d=mm&r=g\",\"url\":\"https:\\\/\\\/secure.gravatar.com\\\/avatar\\\/3a8de04a2656d44082be478bd6c086daa447c4651605818287b9532d3d0bd435?s=96&d=mm&r=g\",\"contentUrl\":\"https:\\\/\\\/secure.gravatar.com\\\/avatar\\\/3a8de04a2656d44082be478bd6c086daa447c4651605818287b9532d3d0bd435?s=96&d=mm&r=g\",\"caption\":\"Lo viste en Los Pol\u00edticos\"},\"url\":\"https:\\\/\\\/lospoliticosveracruz.com\\\/?author=2\"}]}<\/script>\n<!-- \/ Yoast SEO plugin. -->","yoast_head_json":{"title":"LOS 13 MUERTOS EN LA ELECCI\u00d3N - Los pol\u00edticos Veracruz","robots":{"index":"index","follow":"follow","max-snippet":"max-snippet:-1","max-image-preview":"max-image-preview:large","max-video-preview":"max-video-preview:-1"},"canonical":"https:\/\/lospoliticosveracruz.com\/?p=145300","og_locale":"es_ES","og_type":"article","og_title":"LOS 13 MUERTOS EN LA ELECCI\u00d3N - Los pol\u00edticos Veracruz","og_description":"[S\u00edguenos ahora tambi\u00e9n en WhatsApp.\u00a0Da clic aqu\u00ed]\u00a0Ricardo Chua Sale y Vale Un dato revelador dio a conocer el canal de Emilio Azcarraga en Veracruz: Nmas, antes Telever, cita que a tan s\u00f3lo 10 que se lleven a cabo las elecciones municipales a las alcald\u00edas en Veracruz, el Estado enfrenta una alarmante OLA DE VIOLENCIA, que [&hellip;]","og_url":"https:\/\/lospoliticosveracruz.com\/?p=145300","og_site_name":"Los pol\u00edticos Veracruz","article_publisher":"https:\/\/www.facebook.com\/people\/Notimemes-de-los-Polticos\/61565672886568\/","article_published_time":"2025-05-22T11:25:47+00:00","article_modified_time":"2025-05-22T11:26:22+00:00","og_image":[{"width":600,"height":320,"url":"https:\/\/lospoliticosveracruz.com\/wp-content\/uploads\/2025\/04\/Chua-e1761364658706.jpg","type":"image\/jpeg"}],"author":"Lo viste en Los Pol\u00edticos","twitter_card":"summary_large_image","twitter_creator":"@LosPoliticosVer","twitter_site":"@LosPoliticosVer","twitter_misc":{"Escrito por":"Lo viste en Los Pol\u00edticos","Tiempo de lectura":"5 minutos"},"schema":{"@context":"https:\/\/schema.org","@graph":[{"@type":"Article","@id":"https:\/\/lospoliticosveracruz.com\/?p=145300#article","isPartOf":{"@id":"https:\/\/lospoliticosveracruz.com\/?p=145300"},"author":{"name":"Lo viste en Los Pol\u00edticos","@id":"https:\/\/lospoliticosveracruz.com\/#\/schema\/person\/b8702bb0e538456e6efd07080bf2a4a2"},"headline":"LOS 13 MUERTOS EN LA ELECCI\u00d3N","datePublished":"2025-05-22T11:25:47+00:00","dateModified":"2025-05-22T11:26:22+00:00","mainEntityOfPage":{"@id":"https:\/\/lospoliticosveracruz.com\/?p=145300"},"wordCount":1076,"publisher":{"@id":"https:\/\/lospoliticosveracruz.com\/#organization"},"image":{"@id":"https:\/\/lospoliticosveracruz.com\/?p=145300#primaryimage"},"thumbnailUrl":"https:\/\/lospoliticosveracruz.com\/wp-content\/uploads\/2025\/04\/Chua-e1761364658706.jpg","keywords":["Morena","Roc\u00edo Nahle","Veracruz"],"articleSection":["De Opini\u00f3n"],"inLanguage":"es"},{"@type":"WebPage","@id":"https:\/\/lospoliticosveracruz.com\/?p=145300","url":"https:\/\/lospoliticosveracruz.com\/?p=145300","name":"LOS 13 MUERTOS EN LA ELECCI\u00d3N - Los pol\u00edticos Veracruz","isPartOf":{"@id":"https:\/\/lospoliticosveracruz.com\/#website"},"primaryImageOfPage":{"@id":"https:\/\/lospoliticosveracruz.com\/?p=145300#primaryimage"},"image":{"@id":"https:\/\/lospoliticosveracruz.com\/?p=145300#primaryimage"},"thumbnailUrl":"https:\/\/lospoliticosveracruz.com\/wp-content\/uploads\/2025\/04\/Chua-e1761364658706.jpg","datePublished":"2025-05-22T11:25:47+00:00","dateModified":"2025-05-22T11:26:22+00:00","breadcrumb":{"@id":"https:\/\/lospoliticosveracruz.com\/?p=145300#breadcrumb"},"inLanguage":"es","potentialAction":[{"@type":"ReadAction","target":["https:\/\/lospoliticosveracruz.com\/?p=145300"]}]},{"@type":"ImageObject","inLanguage":"es","@id":"https:\/\/lospoliticosveracruz.com\/?p=145300#primaryimage","url":"https:\/\/lospoliticosveracruz.com\/wp-content\/uploads\/2025\/04\/Chua-e1761364658706.jpg","contentUrl":"https:\/\/lospoliticosveracruz.com\/wp-content\/uploads\/2025\/04\/Chua-e1761364658706.jpg","width":600,"height":320},{"@type":"BreadcrumbList","@id":"https:\/\/lospoliticosveracruz.com\/?p=145300#breadcrumb","itemListElement":[{"@type":"ListItem","position":1,"name":"Portada","item":"https:\/\/lospoliticosveracruz.com\/"},{"@type":"ListItem","position":2,"name":"LOS 13 MUERTOS EN LA ELECCI\u00d3N"}]},{"@type":"WebSite","@id":"https:\/\/lospoliticosveracruz.com\/#website","url":"https:\/\/lospoliticosveracruz.com\/","name":"Los pol\u00edticos Veracruz","description":"","publisher":{"@id":"https:\/\/lospoliticosveracruz.com\/#organization"},"potentialAction":[{"@type":"SearchAction","target":{"@type":"EntryPoint","urlTemplate":"https:\/\/lospoliticosveracruz.com\/?s={search_term_string}"},"query-input":{"@type":"PropertyValueSpecification","valueRequired":true,"valueName":"search_term_string"}}],"inLanguage":"es"},{"@type":"Organization","@id":"https:\/\/lospoliticosveracruz.com\/#organization","name":"Los pol\u00edticos Veracruz","url":"https:\/\/lospoliticosveracruz.com\/","logo":{"@type":"ImageObject","inLanguage":"es","@id":"https:\/\/lospoliticosveracruz.com\/#\/schema\/logo\/image\/","url":"https:\/\/lospoliticosveracruz.com\/wp-content\/uploads\/2025\/12\/Logo-Nuevo-LOS-POLITICOS-1.jpg","contentUrl":"https:\/\/lospoliticosveracruz.com\/wp-content\/uploads\/2025\/12\/Logo-Nuevo-LOS-POLITICOS-1.jpg","width":260,"height":70,"caption":"Los pol\u00edticos Veracruz"},"image":{"@id":"https:\/\/lospoliticosveracruz.com\/#\/schema\/logo\/image\/"},"sameAs":["https:\/\/www.facebook.com\/people\/Notimemes-de-los-Polticos\/61565672886568\/","https:\/\/x.com\/LosPoliticosVer"]},{"@type":"Person","@id":"https:\/\/lospoliticosveracruz.com\/#\/schema\/person\/b8702bb0e538456e6efd07080bf2a4a2","name":"Lo viste en Los Pol\u00edticos","image":{"@type":"ImageObject","inLanguage":"es","@id":"https:\/\/secure.gravatar.com\/avatar\/3a8de04a2656d44082be478bd6c086daa447c4651605818287b9532d3d0bd435?s=96&d=mm&r=g","url":"https:\/\/secure.gravatar.com\/avatar\/3a8de04a2656d44082be478bd6c086daa447c4651605818287b9532d3d0bd435?s=96&d=mm&r=g","contentUrl":"https:\/\/secure.gravatar.com\/avatar\/3a8de04a2656d44082be478bd6c086daa447c4651605818287b9532d3d0bd435?s=96&d=mm&r=g","caption":"Lo viste en Los Pol\u00edticos"},"url":"https:\/\/lospoliticosveracruz.com\/?author=2"}]}},"_links":{"self":[{"href":"https:\/\/lospoliticosveracruz.com\/index.php?rest_route=\/wp\/v2\/posts\/145300","targetHints":{"allow":["GET"]}}],"collection":[{"href":"https:\/\/lospoliticosveracruz.com\/index.php?rest_route=\/wp\/v2\/posts"}],"about":[{"href":"https:\/\/lospoliticosveracruz.com\/index.php?rest_route=\/wp\/v2\/types\/post"}],"author":[{"embeddable":true,"href":"https:\/\/lospoliticosveracruz.com\/index.php?rest_route=\/wp\/v2\/users\/2"}],"replies":[{"embeddable":true,"href":"https:\/\/lospoliticosveracruz.com\/index.php?rest_route=%2Fwp%2Fv2%2Fcomments&post=145300"}],"version-history":[{"count":1,"href":"https:\/\/lospoliticosveracruz.com\/index.php?rest_route=\/wp\/v2\/posts\/145300\/revisions"}],"predecessor-version":[{"id":145301,"href":"https:\/\/lospoliticosveracruz.com\/index.php?rest_route=\/wp\/v2\/posts\/145300\/revisions\/145301"}],"wp:featuredmedia":[{"embeddable":true,"href":"https:\/\/lospoliticosveracruz.com\/index.php?rest_route=\/wp\/v2\/media\/141434"}],"wp:attachment":[{"href":"https:\/\/lospoliticosveracruz.com\/index.php?rest_route=%2Fwp%2Fv2%2Fmedia&parent=145300"}],"wp:term":[{"taxonomy":"category","embeddable":true,"href":"https:\/\/lospoliticosveracruz.com\/index.php?rest_route=%2Fwp%2Fv2%2Fcategories&post=145300"},{"taxonomy":"post_tag","embeddable":true,"href":"https:\/\/lospoliticosveracruz.com\/index.php?rest_route=%2Fwp%2Fv2%2Ftags&post=145300"}],"curies":[{"name":"wp","href":"https:\/\/api.w.org\/{rel}","templated":true}]}}