{"id":145302,"date":"2025-05-22T07:55:53","date_gmt":"2025-05-22T12:55:53","guid":{"rendered":"https:\/\/lospoliticosveracruz.com.mx\/?p=145302"},"modified":"2025-05-22T07:58:44","modified_gmt":"2025-05-22T12:58:44","slug":"condenamos-el-asesinato-de-avisack","status":"publish","type":"post","link":"https:\/\/lospoliticosveracruz.com\/?p=145302","title":{"rendered":"CONDENAMOS EL ASESINATO DE AVISACK"},"content":{"rendered":"\n<p><em>[S\u00edguenos ahora tambi\u00e9n en WhatsApp.\u00a0<a href=\"https:\/\/whatsapp.com\/channel\/0029Va8zRWlEKyZIP3Z1dF0e\"><strong><em>Da clic aqu\u00ed<\/em><\/strong><\/a>]\u00a0<\/em><br><strong>Fanny Y\u00e9pez<\/strong><br><em>La Columna<\/em><\/p>\n\n\n\n<p>Cuando la vida est\u00e1 de por medio, cuando se arriesga la integridad f\u00edsica, cuando las autoridades de los distintos niveles no proporcionan las condiciones de seguridad para ejercer el periodismo, los reporteros tenemos el pleno derecho de establecer acciones que permitan resguardar nuestra existencia.<\/p>\n\n\n\n<p>El escenario pol\u00edtico electoral adverso para los periodistas que cubren la fuente, en el estado de Veracruz, levanto alarma en los que ejercemos esta actividad. No queremos, ni pretendemos un trato preferencial, solo requerimos condiciones de seguridad y paz social, como cualquier ciudadano con plenos derechos constitucionales. Situaci\u00f3n que hasta la fecha no existe en esta demarcaci\u00f3n sure\u00f1a.<\/p>\n\n\n\n<p>Ante ello, evocamos los periodistas el Art\u00edculo 6o de la Constituci\u00f3n Pol\u00edtica de los Estados Unidos Mexicanos, que garantiza la libertad de expresi\u00f3n y el derecho a la informaci\u00f3n. Esto incluye la libertad de buscar, recibir y difundir informaci\u00f3n e ideas de cualquier tipo por cualquier medio, sin estar sujeto a censura previa, aunque s\u00ed a responsabilidades posteriores.<\/p>\n\n\n\n<p>El lamentable y condenable asesinato de la compa\u00f1era foto periodista Avisack Douglas, trascendi\u00f3 en medios internacionales, por ejemplo, en el prestigiado peri\u00f3dico El Pa\u00eds, este mi\u00e9rcoles publicaron la nota \u201cAsesinada una fot\u00f3grafa en un atentado contra una candidata de Movimiento Ciudadano en Veracruz\u201d.<\/p>\n\n\n\n<p>El mismo medio ib\u00e9rico relata: \u201cEn la tarde del lunes, mientras todos los ojos estaban puestos en Ciudad de M\u00e9xico, donde hab\u00edan sido asesinados dos de los colaboradores m\u00e1s cercanos de la jefa de Gobierno, Clara Brugada, un comando armado irrumpi\u00f3 en la casa de campa\u00f1a de X\u00f3chitl Tress. La candidata ha relatado que en ese momento estaba atendiendo a ciudadanos. Tress, que ya hab\u00eda recibido amenazas, contaba con la protecci\u00f3n de dos agentes de seguridad estatal, que ayer le salvaron la vida: \u201cPudieron repeler la agresi\u00f3n\u201d. \u201cGracias a ello estoy viva\u201d, ha escrito en un comunicado.<\/p>\n\n\n\n<p>Las balas, en cambio, s\u00ed alcanzaron a Avisack Douglas, fot\u00f3grafa y colaboradora de la candidata. La joven fue trasladada al hospital de Olutla, donde fue operada, sin embargo, los m\u00e9dicos no pudieron salvarla. \u201cA ella mi reconocimiento y mi cari\u00f1o. Honrar\u00e9 lo que me pidi\u00f3 en el trayecto al hospital\u201d, ha expresado Tress. El otro herido de bala es un colaborador de la candidata, que viv\u00eda enfrente de donde fue el ataque. \u201cFue trasladado al Puerto de Veracruz y su estado es delicado\u201d, ha comunicado la candidata.<\/p>\n\n\n\n<p>Por ello, respaldamos a nuestros compa\u00f1eros periodistas de Acayucan quienes en una carta abierta dan a conocer que, como una acci\u00f3n de protesta, \u201cPERIODISTAS DE ACAYUCAN NO CUBRIRAN CAMPA\u00d1AS POL\u00cdTICAS EN PROTESTA POR CRIMEN DE LA COMPA\u00d1ERA AVISACK DOUGLAS.<br>\u201cComo parte del gremio de los medios de comunicaci\u00f3n y en protesta para que se garantice la seguridad de quienes acudimos a los recorridos, m\u00edtines y eventos p\u00fablicos de cara a las elecciones municipales del pr\u00f3ximo 1 de junio.<br>Los reporteros de Acayucan, NO CUBRIREMOS ninguna actividad de campa\u00f1a electoral de ning\u00fan candidato por el d\u00eda de hoy.<br>Tampoco PUBLICAREMOS ning\u00fan bolet\u00edn, ni compartiremos algo referente a las campa\u00f1as electorales de los candidatos\u201d.<\/p>\n\n\n\n<p>Guerra sucia contra Nacho Luna: con perfiles falsos y edici\u00f3n tendenciosa<br>Los mercad\u00f3logos especialistas en levantamiento de encuestas electorales, establecen que los resultados que arroje el muestreo realizado 15 d\u00edas antes del proceso, son los que se reflejar\u00e1n en las urnas, los indecisos no representan ning\u00fan cambio en la proporci\u00f3n del voto que emitir\u00e1n los ciudadanos.<\/p>\n\n\n\n<p>De ah\u00ed que los embates de los dem\u00e1s candidatos se enfilen hacia el abanderado que encabeza las preferencias de los ciudadanos, es por ello que en los \u00faltimos d\u00edas haya aumentado la guerra sucia, sobre todo en las redes sociales.<\/p>\n\n\n\n<p>En el pueblo m\u00e1gico de Coatepec se est\u00e1 registrando una situaci\u00f3n similar. En redes sociales comenz\u00f3 a circular un video que busca vincular al candidato Nacho Luna con presuntas amenazas a equipos contrarios. Sin embargo, la grabaci\u00f3n proviene de una p\u00e1gina que ha intentado desacreditarlo de forma sistem\u00e1tica y cuyas publicaciones, de forma llamativa, son comentadas por usuarios falsos que buscan inflar artificialmente su alcance. En esta ocasi\u00f3n recurren a la edici\u00f3n tendenciosa de una entrevista con un medio local, editando fragmentos de ella para desprestigiar al morenista.<\/p>\n\n\n\n<p>Mis ternuritas prep\u00e1rense<br>Es una estrategia desgastada, puesta en marcha por los inexpertos asesores, no es nueva, solo causa risa, solo coloca en evidencia a los operadores digitales ligados a campa\u00f1as adversarias han intensificado sus ataques contra Nacho Luna, quien ha encabezado las encuestas y concentrado la atenci\u00f3n p\u00fablica por su crecimiento sostenido. El video en cuesti\u00f3n carece de contexto, no muestra evidencia verificable y se apoya \u00fanicamente en la narrativa de una p\u00e1gina conocida por promover contenido de corte agresivo y tendencioso.<br>A mis ternuritas les recomiendo que estudien, se preparen sobre estrategias y organizaci\u00f3n de campa\u00f1as exitosas.<\/p>\n\n\n\n<p>R\u00e1fagas como actos intimidatorios en el municipio de Ayahualulco<br>En el municipio de Ayahualulco, en los \u00faltimos d\u00edas, sobre todo en las madrugadas se han escuchado detonaciones de armas de fuego, en zonas cercanas a donde residen ciudadanos que se han manifestado en contra del actual gobierno municipal.<\/p>\n\n\n\n<p>Sujetos desconocidos tratan de amedrentar a la poblaci\u00f3n, se\u00f1alaron habitantes que pidieron omitir sus nombres.<\/p>\n\n\n\n<p>En distintas zonas de la cabecera municipal, as\u00ed como en las localidades Xololoyan, Los Altos, Tlalconteno, el Triunfo y Altamirada donde en horas de la noche o madrugada, se han escuchado las detonaciones y en otros sitios, r\u00e1fagas.<\/p>\n\n\n\n<p>Los pobladores resguardando su identidad comentan. \u00abCreemos que son los Morales que mandan a alguien para que, pasada la medianoche, echen tiros y a esa hora, como todo est\u00e1 muy callado se escuchan clarito\u00bb.<\/p>\n\n\n\n<p>Se\u00f1alaron que esta situaci\u00f3n comenz\u00f3 hace m\u00e1s de una semana y desde entonces, ha sido en diferentes comunidades donde se reporta lo mismo y siempre, cerca de la casa de quienes no estamos con ellos.<\/p>\n\n\n\n<p>Agregaron que \u00abesto es por las elecciones, ellos tienen miedo de perder y con esos tiros tratan de meternos miedo, pero no nos vamos a dejar\u2026 la polic\u00eda municipal no hace nada porque claro que est\u00e1n con ellos\u00bb.<\/p>\n\n\n\n<p>Finalizaron diciendo que todo el pueblo saldr\u00e1 a votar el pr\u00f3ximo 1 de junio, \u00abporque ya muchos queremos un cambio en este lugar\u00bb.<\/p>\n","protected":false},"excerpt":{"rendered":"<p>[S\u00edguenos ahora tambi\u00e9n en WhatsApp.\u00a0Da clic aqu\u00ed]\u00a0Fanny Y\u00e9pezLa Columna Cuando la vida est\u00e1 de por medio, cuando se arriesga la integridad f\u00edsica, cuando las autoridades de los distintos niveles no proporcionan las condiciones de seguridad para ejercer el periodismo, los reporteros tenemos el pleno derecho de establecer acciones que permitan resguardar nuestra existencia. El escenario [&hellip;]<\/p>\n","protected":false},"author":2,"featured_media":141383,"comment_status":"closed","ping_status":"closed","sticky":false,"template":"","format":"standard","meta":{"tdm_status":"","tdm_grid_status":"","footnotes":""},"categories":[70],"tags":[3485,1026,24638,195],"class_list":{"0":"post-145302","1":"post","2":"type-post","3":"status-publish","4":"format-standard","5":"has-post-thumbnail","7":"category-de-opinion","8":"tag-ayahualulco","9":"tag-morena","10":"tag-nacho-luna","11":"tag-veracruz"},"yoast_head":"<!-- This site is optimized with the Yoast SEO plugin v27.4 - https:\/\/yoast.com\/product\/yoast-seo-wordpress\/ -->\n<title>CONDENAMOS EL ASESINATO DE AVISACK - Los pol\u00edticos Veracruz<\/title>\n<meta name=\"robots\" content=\"index, follow, max-snippet:-1, max-image-preview:large, max-video-preview:-1\" \/>\n<link rel=\"canonical\" href=\"https:\/\/lospoliticosveracruz.com\/?p=145302\" \/>\n<meta property=\"og:locale\" content=\"es_ES\" \/>\n<meta property=\"og:type\" content=\"article\" \/>\n<meta property=\"og:title\" content=\"CONDENAMOS EL ASESINATO DE AVISACK - Los pol\u00edticos Veracruz\" \/>\n<meta property=\"og:description\" content=\"[S\u00edguenos ahora tambi\u00e9n en WhatsApp.\u00a0Da clic aqu\u00ed]\u00a0Fanny Y\u00e9pezLa Columna Cuando la vida est\u00e1 de por medio, cuando se arriesga la integridad f\u00edsica, cuando las autoridades de los distintos niveles no proporcionan las condiciones de seguridad para ejercer el periodismo, los reporteros tenemos el pleno derecho de establecer acciones que permitan resguardar nuestra existencia. El escenario [&hellip;]\" \/>\n<meta property=\"og:url\" content=\"https:\/\/lospoliticosveracruz.com\/?p=145302\" \/>\n<meta property=\"og:site_name\" content=\"Los pol\u00edticos Veracruz\" \/>\n<meta property=\"article:publisher\" content=\"https:\/\/www.facebook.com\/people\/Notimemes-de-los-Polticos\/61565672886568\/\" \/>\n<meta property=\"article:published_time\" content=\"2025-05-22T12:55:53+00:00\" \/>\n<meta property=\"article:modified_time\" content=\"2025-05-22T12:58:44+00:00\" \/>\n<meta property=\"og:image\" content=\"https:\/\/lospoliticosveracruz.com\/wp-content\/uploads\/2025\/04\/Fanny-Yepez-Luna-e1768657334923.jpg\" \/>\n\t<meta property=\"og:image:width\" content=\"600\" \/>\n\t<meta property=\"og:image:height\" content=\"320\" \/>\n\t<meta property=\"og:image:type\" content=\"image\/jpeg\" \/>\n<meta name=\"author\" content=\"Lo viste en Los Pol\u00edticos\" \/>\n<meta name=\"twitter:card\" content=\"summary_large_image\" \/>\n<meta name=\"twitter:creator\" content=\"@LosPoliticosVer\" \/>\n<meta name=\"twitter:site\" content=\"@LosPoliticosVer\" \/>\n<meta name=\"twitter:label1\" content=\"Escrito por\" \/>\n\t<meta name=\"twitter:data1\" content=\"Lo viste en Los Pol\u00edticos\" \/>\n\t<meta name=\"twitter:label2\" content=\"Tiempo de lectura\" \/>\n\t<meta name=\"twitter:data2\" content=\"6 minutos\" \/>\n<script type=\"application\/ld+json\" class=\"yoast-schema-graph\">{\"@context\":\"https:\\\/\\\/schema.org\",\"@graph\":[{\"@type\":\"Article\",\"@id\":\"https:\\\/\\\/lospoliticosveracruz.com\\\/?p=145302#article\",\"isPartOf\":{\"@id\":\"https:\\\/\\\/lospoliticosveracruz.com\\\/?p=145302\"},\"author\":{\"name\":\"Lo viste en Los Pol\u00edticos\",\"@id\":\"https:\\\/\\\/lospoliticosveracruz.com\\\/#\\\/schema\\\/person\\\/b8702bb0e538456e6efd07080bf2a4a2\"},\"headline\":\"CONDENAMOS EL ASESINATO DE AVISACK\",\"datePublished\":\"2025-05-22T12:55:53+00:00\",\"dateModified\":\"2025-05-22T12:58:44+00:00\",\"mainEntityOfPage\":{\"@id\":\"https:\\\/\\\/lospoliticosveracruz.com\\\/?p=145302\"},\"wordCount\":1106,\"publisher\":{\"@id\":\"https:\\\/\\\/lospoliticosveracruz.com\\\/#organization\"},\"image\":{\"@id\":\"https:\\\/\\\/lospoliticosveracruz.com\\\/?p=145302#primaryimage\"},\"thumbnailUrl\":\"https:\\\/\\\/lospoliticosveracruz.com\\\/wp-content\\\/uploads\\\/2025\\\/04\\\/Fanny-Yepez-Luna-e1768657334923.jpg\",\"keywords\":[\"Ayahualulco\",\"Morena\",\"Nacho Luna\",\"Veracruz\"],\"articleSection\":[\"De Opini\u00f3n\"],\"inLanguage\":\"es\"},{\"@type\":\"WebPage\",\"@id\":\"https:\\\/\\\/lospoliticosveracruz.com\\\/?p=145302\",\"url\":\"https:\\\/\\\/lospoliticosveracruz.com\\\/?p=145302\",\"name\":\"CONDENAMOS EL ASESINATO DE AVISACK - Los pol\u00edticos Veracruz\",\"isPartOf\":{\"@id\":\"https:\\\/\\\/lospoliticosveracruz.com\\\/#website\"},\"primaryImageOfPage\":{\"@id\":\"https:\\\/\\\/lospoliticosveracruz.com\\\/?p=145302#primaryimage\"},\"image\":{\"@id\":\"https:\\\/\\\/lospoliticosveracruz.com\\\/?p=145302#primaryimage\"},\"thumbnailUrl\":\"https:\\\/\\\/lospoliticosveracruz.com\\\/wp-content\\\/uploads\\\/2025\\\/04\\\/Fanny-Yepez-Luna-e1768657334923.jpg\",\"datePublished\":\"2025-05-22T12:55:53+00:00\",\"dateModified\":\"2025-05-22T12:58:44+00:00\",\"breadcrumb\":{\"@id\":\"https:\\\/\\\/lospoliticosveracruz.com\\\/?p=145302#breadcrumb\"},\"inLanguage\":\"es\",\"potentialAction\":[{\"@type\":\"ReadAction\",\"target\":[\"https:\\\/\\\/lospoliticosveracruz.com\\\/?p=145302\"]}]},{\"@type\":\"ImageObject\",\"inLanguage\":\"es\",\"@id\":\"https:\\\/\\\/lospoliticosveracruz.com\\\/?p=145302#primaryimage\",\"url\":\"https:\\\/\\\/lospoliticosveracruz.com\\\/wp-content\\\/uploads\\\/2025\\\/04\\\/Fanny-Yepez-Luna-e1768657334923.jpg\",\"contentUrl\":\"https:\\\/\\\/lospoliticosveracruz.com\\\/wp-content\\\/uploads\\\/2025\\\/04\\\/Fanny-Yepez-Luna-e1768657334923.jpg\",\"width\":600,\"height\":320},{\"@type\":\"BreadcrumbList\",\"@id\":\"https:\\\/\\\/lospoliticosveracruz.com\\\/?p=145302#breadcrumb\",\"itemListElement\":[{\"@type\":\"ListItem\",\"position\":1,\"name\":\"Portada\",\"item\":\"https:\\\/\\\/lospoliticosveracruz.com\\\/\"},{\"@type\":\"ListItem\",\"position\":2,\"name\":\"CONDENAMOS EL ASESINATO DE AVISACK\"}]},{\"@type\":\"WebSite\",\"@id\":\"https:\\\/\\\/lospoliticosveracruz.com\\\/#website\",\"url\":\"https:\\\/\\\/lospoliticosveracruz.com\\\/\",\"name\":\"Los pol\u00edticos Veracruz\",\"description\":\"\",\"publisher\":{\"@id\":\"https:\\\/\\\/lospoliticosveracruz.com\\\/#organization\"},\"potentialAction\":[{\"@type\":\"SearchAction\",\"target\":{\"@type\":\"EntryPoint\",\"urlTemplate\":\"https:\\\/\\\/lospoliticosveracruz.com\\\/?s={search_term_string}\"},\"query-input\":{\"@type\":\"PropertyValueSpecification\",\"valueRequired\":true,\"valueName\":\"search_term_string\"}}],\"inLanguage\":\"es\"},{\"@type\":\"Organization\",\"@id\":\"https:\\\/\\\/lospoliticosveracruz.com\\\/#organization\",\"name\":\"Los pol\u00edticos Veracruz\",\"url\":\"https:\\\/\\\/lospoliticosveracruz.com\\\/\",\"logo\":{\"@type\":\"ImageObject\",\"inLanguage\":\"es\",\"@id\":\"https:\\\/\\\/lospoliticosveracruz.com\\\/#\\\/schema\\\/logo\\\/image\\\/\",\"url\":\"https:\\\/\\\/lospoliticosveracruz.com\\\/wp-content\\\/uploads\\\/2025\\\/12\\\/Logo-Nuevo-LOS-POLITICOS-1.jpg\",\"contentUrl\":\"https:\\\/\\\/lospoliticosveracruz.com\\\/wp-content\\\/uploads\\\/2025\\\/12\\\/Logo-Nuevo-LOS-POLITICOS-1.jpg\",\"width\":260,\"height\":70,\"caption\":\"Los pol\u00edticos Veracruz\"},\"image\":{\"@id\":\"https:\\\/\\\/lospoliticosveracruz.com\\\/#\\\/schema\\\/logo\\\/image\\\/\"},\"sameAs\":[\"https:\\\/\\\/www.facebook.com\\\/people\\\/Notimemes-de-los-Polticos\\\/61565672886568\\\/\",\"https:\\\/\\\/x.com\\\/LosPoliticosVer\"]},{\"@type\":\"Person\",\"@id\":\"https:\\\/\\\/lospoliticosveracruz.com\\\/#\\\/schema\\\/person\\\/b8702bb0e538456e6efd07080bf2a4a2\",\"name\":\"Lo viste en Los Pol\u00edticos\",\"image\":{\"@type\":\"ImageObject\",\"inLanguage\":\"es\",\"@id\":\"https:\\\/\\\/secure.gravatar.com\\\/avatar\\\/3a8de04a2656d44082be478bd6c086daa447c4651605818287b9532d3d0bd435?s=96&d=mm&r=g\",\"url\":\"https:\\\/\\\/secure.gravatar.com\\\/avatar\\\/3a8de04a2656d44082be478bd6c086daa447c4651605818287b9532d3d0bd435?s=96&d=mm&r=g\",\"contentUrl\":\"https:\\\/\\\/secure.gravatar.com\\\/avatar\\\/3a8de04a2656d44082be478bd6c086daa447c4651605818287b9532d3d0bd435?s=96&d=mm&r=g\",\"caption\":\"Lo viste en Los Pol\u00edticos\"},\"url\":\"https:\\\/\\\/lospoliticosveracruz.com\\\/?author=2\"}]}<\/script>\n<!-- \/ Yoast SEO plugin. -->","yoast_head_json":{"title":"CONDENAMOS EL ASESINATO DE AVISACK - Los pol\u00edticos Veracruz","robots":{"index":"index","follow":"follow","max-snippet":"max-snippet:-1","max-image-preview":"max-image-preview:large","max-video-preview":"max-video-preview:-1"},"canonical":"https:\/\/lospoliticosveracruz.com\/?p=145302","og_locale":"es_ES","og_type":"article","og_title":"CONDENAMOS EL ASESINATO DE AVISACK - Los pol\u00edticos Veracruz","og_description":"[S\u00edguenos ahora tambi\u00e9n en WhatsApp.\u00a0Da clic aqu\u00ed]\u00a0Fanny Y\u00e9pezLa Columna Cuando la vida est\u00e1 de por medio, cuando se arriesga la integridad f\u00edsica, cuando las autoridades de los distintos niveles no proporcionan las condiciones de seguridad para ejercer el periodismo, los reporteros tenemos el pleno derecho de establecer acciones que permitan resguardar nuestra existencia. El escenario [&hellip;]","og_url":"https:\/\/lospoliticosveracruz.com\/?p=145302","og_site_name":"Los pol\u00edticos Veracruz","article_publisher":"https:\/\/www.facebook.com\/people\/Notimemes-de-los-Polticos\/61565672886568\/","article_published_time":"2025-05-22T12:55:53+00:00","article_modified_time":"2025-05-22T12:58:44+00:00","og_image":[{"width":600,"height":320,"url":"https:\/\/lospoliticosveracruz.com\/wp-content\/uploads\/2025\/04\/Fanny-Yepez-Luna-e1768657334923.jpg","type":"image\/jpeg"}],"author":"Lo viste en Los Pol\u00edticos","twitter_card":"summary_large_image","twitter_creator":"@LosPoliticosVer","twitter_site":"@LosPoliticosVer","twitter_misc":{"Escrito por":"Lo viste en Los Pol\u00edticos","Tiempo de lectura":"6 minutos"},"schema":{"@context":"https:\/\/schema.org","@graph":[{"@type":"Article","@id":"https:\/\/lospoliticosveracruz.com\/?p=145302#article","isPartOf":{"@id":"https:\/\/lospoliticosveracruz.com\/?p=145302"},"author":{"name":"Lo viste en Los Pol\u00edticos","@id":"https:\/\/lospoliticosveracruz.com\/#\/schema\/person\/b8702bb0e538456e6efd07080bf2a4a2"},"headline":"CONDENAMOS EL ASESINATO DE AVISACK","datePublished":"2025-05-22T12:55:53+00:00","dateModified":"2025-05-22T12:58:44+00:00","mainEntityOfPage":{"@id":"https:\/\/lospoliticosveracruz.com\/?p=145302"},"wordCount":1106,"publisher":{"@id":"https:\/\/lospoliticosveracruz.com\/#organization"},"image":{"@id":"https:\/\/lospoliticosveracruz.com\/?p=145302#primaryimage"},"thumbnailUrl":"https:\/\/lospoliticosveracruz.com\/wp-content\/uploads\/2025\/04\/Fanny-Yepez-Luna-e1768657334923.jpg","keywords":["Ayahualulco","Morena","Nacho Luna","Veracruz"],"articleSection":["De Opini\u00f3n"],"inLanguage":"es"},{"@type":"WebPage","@id":"https:\/\/lospoliticosveracruz.com\/?p=145302","url":"https:\/\/lospoliticosveracruz.com\/?p=145302","name":"CONDENAMOS EL ASESINATO DE AVISACK - Los pol\u00edticos Veracruz","isPartOf":{"@id":"https:\/\/lospoliticosveracruz.com\/#website"},"primaryImageOfPage":{"@id":"https:\/\/lospoliticosveracruz.com\/?p=145302#primaryimage"},"image":{"@id":"https:\/\/lospoliticosveracruz.com\/?p=145302#primaryimage"},"thumbnailUrl":"https:\/\/lospoliticosveracruz.com\/wp-content\/uploads\/2025\/04\/Fanny-Yepez-Luna-e1768657334923.jpg","datePublished":"2025-05-22T12:55:53+00:00","dateModified":"2025-05-22T12:58:44+00:00","breadcrumb":{"@id":"https:\/\/lospoliticosveracruz.com\/?p=145302#breadcrumb"},"inLanguage":"es","potentialAction":[{"@type":"ReadAction","target":["https:\/\/lospoliticosveracruz.com\/?p=145302"]}]},{"@type":"ImageObject","inLanguage":"es","@id":"https:\/\/lospoliticosveracruz.com\/?p=145302#primaryimage","url":"https:\/\/lospoliticosveracruz.com\/wp-content\/uploads\/2025\/04\/Fanny-Yepez-Luna-e1768657334923.jpg","contentUrl":"https:\/\/lospoliticosveracruz.com\/wp-content\/uploads\/2025\/04\/Fanny-Yepez-Luna-e1768657334923.jpg","width":600,"height":320},{"@type":"BreadcrumbList","@id":"https:\/\/lospoliticosveracruz.com\/?p=145302#breadcrumb","itemListElement":[{"@type":"ListItem","position":1,"name":"Portada","item":"https:\/\/lospoliticosveracruz.com\/"},{"@type":"ListItem","position":2,"name":"CONDENAMOS EL ASESINATO DE AVISACK"}]},{"@type":"WebSite","@id":"https:\/\/lospoliticosveracruz.com\/#website","url":"https:\/\/lospoliticosveracruz.com\/","name":"Los pol\u00edticos Veracruz","description":"","publisher":{"@id":"https:\/\/lospoliticosveracruz.com\/#organization"},"potentialAction":[{"@type":"SearchAction","target":{"@type":"EntryPoint","urlTemplate":"https:\/\/lospoliticosveracruz.com\/?s={search_term_string}"},"query-input":{"@type":"PropertyValueSpecification","valueRequired":true,"valueName":"search_term_string"}}],"inLanguage":"es"},{"@type":"Organization","@id":"https:\/\/lospoliticosveracruz.com\/#organization","name":"Los pol\u00edticos Veracruz","url":"https:\/\/lospoliticosveracruz.com\/","logo":{"@type":"ImageObject","inLanguage":"es","@id":"https:\/\/lospoliticosveracruz.com\/#\/schema\/logo\/image\/","url":"https:\/\/lospoliticosveracruz.com\/wp-content\/uploads\/2025\/12\/Logo-Nuevo-LOS-POLITICOS-1.jpg","contentUrl":"https:\/\/lospoliticosveracruz.com\/wp-content\/uploads\/2025\/12\/Logo-Nuevo-LOS-POLITICOS-1.jpg","width":260,"height":70,"caption":"Los pol\u00edticos Veracruz"},"image":{"@id":"https:\/\/lospoliticosveracruz.com\/#\/schema\/logo\/image\/"},"sameAs":["https:\/\/www.facebook.com\/people\/Notimemes-de-los-Polticos\/61565672886568\/","https:\/\/x.com\/LosPoliticosVer"]},{"@type":"Person","@id":"https:\/\/lospoliticosveracruz.com\/#\/schema\/person\/b8702bb0e538456e6efd07080bf2a4a2","name":"Lo viste en Los Pol\u00edticos","image":{"@type":"ImageObject","inLanguage":"es","@id":"https:\/\/secure.gravatar.com\/avatar\/3a8de04a2656d44082be478bd6c086daa447c4651605818287b9532d3d0bd435?s=96&d=mm&r=g","url":"https:\/\/secure.gravatar.com\/avatar\/3a8de04a2656d44082be478bd6c086daa447c4651605818287b9532d3d0bd435?s=96&d=mm&r=g","contentUrl":"https:\/\/secure.gravatar.com\/avatar\/3a8de04a2656d44082be478bd6c086daa447c4651605818287b9532d3d0bd435?s=96&d=mm&r=g","caption":"Lo viste en Los Pol\u00edticos"},"url":"https:\/\/lospoliticosveracruz.com\/?author=2"}]}},"_links":{"self":[{"href":"https:\/\/lospoliticosveracruz.com\/index.php?rest_route=\/wp\/v2\/posts\/145302","targetHints":{"allow":["GET"]}}],"collection":[{"href":"https:\/\/lospoliticosveracruz.com\/index.php?rest_route=\/wp\/v2\/posts"}],"about":[{"href":"https:\/\/lospoliticosveracruz.com\/index.php?rest_route=\/wp\/v2\/types\/post"}],"author":[{"embeddable":true,"href":"https:\/\/lospoliticosveracruz.com\/index.php?rest_route=\/wp\/v2\/users\/2"}],"replies":[{"embeddable":true,"href":"https:\/\/lospoliticosveracruz.com\/index.php?rest_route=%2Fwp%2Fv2%2Fcomments&post=145302"}],"version-history":[{"count":1,"href":"https:\/\/lospoliticosveracruz.com\/index.php?rest_route=\/wp\/v2\/posts\/145302\/revisions"}],"predecessor-version":[{"id":145303,"href":"https:\/\/lospoliticosveracruz.com\/index.php?rest_route=\/wp\/v2\/posts\/145302\/revisions\/145303"}],"wp:featuredmedia":[{"embeddable":true,"href":"https:\/\/lospoliticosveracruz.com\/index.php?rest_route=\/wp\/v2\/media\/141383"}],"wp:attachment":[{"href":"https:\/\/lospoliticosveracruz.com\/index.php?rest_route=%2Fwp%2Fv2%2Fmedia&parent=145302"}],"wp:term":[{"taxonomy":"category","embeddable":true,"href":"https:\/\/lospoliticosveracruz.com\/index.php?rest_route=%2Fwp%2Fv2%2Fcategories&post=145302"},{"taxonomy":"post_tag","embeddable":true,"href":"https:\/\/lospoliticosveracruz.com\/index.php?rest_route=%2Fwp%2Fv2%2Ftags&post=145302"}],"curies":[{"name":"wp","href":"https:\/\/api.w.org\/{rel}","templated":true}]}}