{"id":14543,"date":"2015-01-19T22:51:14","date_gmt":"2015-01-20T04:51:14","guid":{"rendered":"http:\/\/www.lospoliticosveracruz.com.mx\/?p=14543"},"modified":"2015-01-19T22:53:33","modified_gmt":"2015-01-20T04:53:33","slug":"pepe-yunes-para-gobernador","status":"publish","type":"post","link":"https:\/\/lospoliticosveracruz.com\/?p=14543","title":{"rendered":"Pepe Yunes para Gobernador"},"content":{"rendered":"<p><a href=\"http:\/\/www.lospoliticosveracruz.com.mx\/wp-content\/uploads\/2014\/10\/Pepe-Yunes3.jpg\"><img loading=\"lazy\" decoding=\"async\" class=\"alignnone size-medium wp-image-12938\" src=\"http:\/\/www.lospoliticosveracruz.com.mx\/wp-content\/uploads\/2014\/10\/Pepe-Yunes3-300x300.jpg\" alt=\"Pepe Yunes\" width=\"300\" height=\"300\" \/><\/a><br \/>\n<strong>Salvador Mu\u00f1oz<\/strong><\/p>\n<p><em>Los Pol\u00edticos<\/em><\/p>\n<p>&nbsp;<\/p>\n<p>Ahora que se conforma la alianza entre Pepe y H\u00e9ctor Yunes, la apuesta es la siguiente: \u00bfQui\u00e9n para la Mini y qui\u00e9n para la Grande?<br \/>\nMuchos podr\u00edan decir que falta tiempo, que apenas se est\u00e1 conformando esta unidad, que hay que darle su lugar al Gobernador Javier Duarte, pero como Pepe y H\u00e9ctor ya iniciaron desde hace dos a\u00f1os su carrera por la gubernatura y es evidente que hablar de respeto para el mandatario estatal es lo que menos han hecho, \u00a1pues a darle, que es mole de olla!<br \/>\nLuego entonces, viene la primera interrogante: \u00bfCu\u00e1les ser\u00e1n los criterios a aplicar para decidir, en esa alianza por ocho a\u00f1os y m\u00e1s, qui\u00e9n va por la minigubernatura?<br \/>\nSi aplicamos el criterio de estatura, \u00a1por supuesto que el candidato ser\u00eda Pepe Yunes! Claro, en aras de que no salga Tonatiuh Pola, Ra\u00fal Zarrabal y hasta Jacob Zayas pretendiendo disputar tal candidatura.<br \/>\nSi aplicamos experiencia administrativa, igual entonces la mini ser\u00eda para Yunes Zorrilla, recuerden que es licenciado en Administraci\u00f3n de Empresas y realmente la de dos a\u00f1os implicar\u00eda m\u00e1s oficio de escritorio que otra cosa.<br \/>\nSi aplicamos estructura, es evidente que la que tiene Pepe Yunes, nom\u00e1s le alcanza para dos a\u00f1os, no m\u00e1s.<br \/>\nY es que, en aras de ser justos, desde que se inici\u00f3 esta revuelta que ha puesto a dos senadores del PRI en contra del Gobierno estatal, el \u00fanico que ha alzado la voz, que se ha puesto con Sans\u00f3n a las patadas, que declara fuerte y recio, ha sido H\u00e9ctor Yunes Landa, porque Pepe sigue tibio.<br \/>\nTan es as\u00ed, que hace cuatro a\u00f1os o un poquito m\u00e1s, cuando se hablaba de la disputa por la Gubernatura, Pepe Yunes se hizo a un lado, discreto, sin aspavientos, sin hacer ruido, mientras H\u00e9ctor se enfrentaba, se confrontaba, se pon\u00eda los guantes por luchar lo que a su juicio, le correspond\u00eda\u2026 como lo ha hecho hasta ahora.<br \/>\nPor eso, no extra\u00f1a que entre los mismos priistas ya est\u00e9n promoviendo a Pepe Yunes para la gubernatura de dos a\u00f1os porque a su juicio, si hay alguien que se merezca la de seis (iba a poner un albur, pero capaz que se encabrona y est\u00e1 convaleciente), sin duda es H\u00e9ctor Yunes Landa.<br \/>\nII<br \/>\n\u00a1Aguas, Ely!<br \/>\n\u201cTato\u201d. Pon\u00eda su mano en el vientre de su madre y dec\u00eda \u201cTato\u201d. Nadie sabe por qu\u00e9 pero as\u00ed empez\u00f3 a llamarlo antes y despu\u00e9s de nacer. Se llama Carla. Joven inquieta, que gusta del caf\u00e9, de andar en bici, de platicar con buenos amigos, de ver a su hermano que es su adoraci\u00f3n\u2026 cuando su trabajo as\u00ed se lo permite.<br \/>\nLabora en la C\u00e1mara Alta. Es la mano derecha de la Senadora Diva Hadamira Gastelum Bajo. Se sabe el trabajo legislativo al derecho y al rev\u00e9s. Conocedora de las cuestiones de la Equidad de G\u00e9nero; y algo m\u00e1s importante: xalape\u00f1a al cien por ciento.<br \/>\nLa noticia, el rumor, la sola menci\u00f3n, inquieta a quienes apuestan por la candidatura de Elizabeth Morales. Y es que Carla no s\u00f3lo es una cara bonita. Es una mujer sensible, inteligente y sobre todo, sabe que el servicio p\u00fablico no es la entrega de d\u00e1divas\u2026 el PRD ya destroz\u00f3 al PRI en la pasada elecci\u00f3n. El Sol Azteca bien podr\u00eda tener en una joven xalape\u00f1a la opci\u00f3n de repetirle la dosis al tricolor en el nombre de Carla Vega Yunes.<br \/>\nIII<br \/>\nPisa callos Buganza<br \/>\nSi hubiera sido un desfile del primero de mayo, se entender\u00eda\u2026 si hubiera sido la noche del Grito de Independencia, se entender\u00eda\u2026 si hubiera sido un mitin de alg\u00fan candidato, se entender\u00eda\u2026 pero cuando no hay nada en especial en el d\u00eda y ve uno ve c\u00f3mo llegan camiones y de ellos descienden personas quienes son armadas abajo con pancartas, surge la pregunta: \u00bfPues de qu\u00e9 se trata?<br \/>\nLa duda se aclara cuando estos hombres y mujeres son formados y a un grito, empiezan a desplazarse hacia la avenida Avila Camacho\u2026 es el principio del caos pues llegando al centro, bloquean la calle de Enr\u00edquez.<br \/>\nArman su relajo, la gente llega tarde a su trabajo, caos total porque los se\u00f1ores de la Asociaci\u00f3n Lealtad y Compromiso de Campesinos y Colonos del Estado demandan cumplimiento de acuerdos, de demandas&#8230; tras generar el caos, se retiran hacia el mismo punto, cerca de Avila Camacho, y parten.<br \/>\nEntonces, surge una pregunta m\u00e1s: \u00bfDe d\u00f3nde habr\u00e1n salido los camiones que movieron a los Integrantes de la Asociaci\u00f3n Lealtad y Compromiso de Campesinos y Colonos del Estado? \u00bfQu\u00e9 pol\u00edtico tiene rutas, camiones, servicio p\u00fablico para mover a su gente? Si lo adivina podr\u00e1 entender entonces porqu\u00e9 de las manifestaciones\u2026 Es evidente que Buganza ha de haber pisado un callo.<\/p>\n<p>smcainito@gmail.com<\/p>\n","protected":false},"excerpt":{"rendered":"<p>Salvador Mu\u00f1oz Los Pol\u00edticos &nbsp; Ahora que se conforma la alianza entre Pepe y H\u00e9ctor Yunes, la apuesta es la siguiente: \u00bfQui\u00e9n para la Mini y qui\u00e9n para la Grande? Muchos podr\u00edan decir que falta tiempo, que apenas se est\u00e1 conformando esta unidad, que hay que darle su lugar al Gobernador Javier Duarte, pero como [&hellip;]<\/p>\n","protected":false},"author":2,"featured_media":0,"comment_status":"open","ping_status":"open","sticky":false,"template":"","format":"standard","meta":{"tdm_status":"","tdm_grid_status":"","footnotes":""},"categories":[70],"tags":[1482,133,348,1314,246,249],"class_list":{"0":"post-14543","1":"post","2":"type-post","3":"status-publish","4":"format-standard","6":"category-de-opinion","7":"tag-carla-vega-yunes","8":"tag-elizabeth-morales","9":"tag-hector-yunes-landa","10":"tag-minigubernatura","11":"tag-pepe-yunes-zorrilla","12":"tag-tato-vega-yunes"},"yoast_head":"<!-- This site is optimized with the Yoast SEO plugin v27.4 - https:\/\/yoast.com\/product\/yoast-seo-wordpress\/ -->\n<title>Pepe Yunes para Gobernador - Los pol\u00edticos Veracruz<\/title>\n<meta name=\"robots\" content=\"index, follow, max-snippet:-1, max-image-preview:large, max-video-preview:-1\" \/>\n<link rel=\"canonical\" href=\"https:\/\/lospoliticosveracruz.com\/?p=14543\" \/>\n<meta property=\"og:locale\" content=\"es_ES\" \/>\n<meta property=\"og:type\" content=\"article\" \/>\n<meta property=\"og:title\" content=\"Pepe Yunes para Gobernador - Los pol\u00edticos Veracruz\" \/>\n<meta property=\"og:description\" content=\"Salvador Mu\u00f1oz Los Pol\u00edticos &nbsp; Ahora que se conforma la alianza entre Pepe y H\u00e9ctor Yunes, la apuesta es la siguiente: \u00bfQui\u00e9n para la Mini y qui\u00e9n para la Grande? Muchos podr\u00edan decir que falta tiempo, que apenas se est\u00e1 conformando esta unidad, que hay que darle su lugar al Gobernador Javier Duarte, pero como [&hellip;]\" \/>\n<meta property=\"og:url\" content=\"https:\/\/lospoliticosveracruz.com\/?p=14543\" \/>\n<meta property=\"og:site_name\" content=\"Los pol\u00edticos Veracruz\" \/>\n<meta property=\"article:publisher\" content=\"https:\/\/www.facebook.com\/people\/Notimemes-de-los-Polticos\/61565672886568\/\" \/>\n<meta property=\"article:published_time\" content=\"2015-01-20T04:51:14+00:00\" \/>\n<meta property=\"article:modified_time\" content=\"2015-01-20T04:53:33+00:00\" \/>\n<meta property=\"og:image\" content=\"http:\/\/www.lospoliticosveracruz.com.mx\/wp-content\/uploads\/2014\/10\/Pepe-Yunes3-300x300.jpg\" \/>\n<meta name=\"author\" content=\"Lo viste en Los Pol\u00edticos\" \/>\n<meta name=\"twitter:card\" content=\"summary_large_image\" \/>\n<meta name=\"twitter:creator\" content=\"@LosPoliticosVer\" \/>\n<meta name=\"twitter:site\" content=\"@LosPoliticosVer\" \/>\n<meta name=\"twitter:label1\" content=\"Escrito por\" \/>\n\t<meta name=\"twitter:data1\" content=\"Lo viste en Los Pol\u00edticos\" \/>\n\t<meta name=\"twitter:label2\" content=\"Tiempo de lectura\" \/>\n\t<meta name=\"twitter:data2\" content=\"4 minutos\" \/>\n<script type=\"application\/ld+json\" class=\"yoast-schema-graph\">{\"@context\":\"https:\\\/\\\/schema.org\",\"@graph\":[{\"@type\":\"Article\",\"@id\":\"https:\\\/\\\/lospoliticosveracruz.com\\\/?p=14543#article\",\"isPartOf\":{\"@id\":\"https:\\\/\\\/lospoliticosveracruz.com\\\/?p=14543\"},\"author\":{\"name\":\"Lo viste en Los Pol\u00edticos\",\"@id\":\"https:\\\/\\\/lospoliticosveracruz.com\\\/#\\\/schema\\\/person\\\/b8702bb0e538456e6efd07080bf2a4a2\"},\"headline\":\"Pepe Yunes para Gobernador\",\"datePublished\":\"2015-01-20T04:51:14+00:00\",\"dateModified\":\"2015-01-20T04:53:33+00:00\",\"mainEntityOfPage\":{\"@id\":\"https:\\\/\\\/lospoliticosveracruz.com\\\/?p=14543\"},\"wordCount\":855,\"commentCount\":0,\"publisher\":{\"@id\":\"https:\\\/\\\/lospoliticosveracruz.com\\\/#organization\"},\"image\":{\"@id\":\"https:\\\/\\\/lospoliticosveracruz.com\\\/?p=14543#primaryimage\"},\"thumbnailUrl\":\"http:\\\/\\\/www.lospoliticosveracruz.com.mx\\\/wp-content\\\/uploads\\\/2014\\\/10\\\/Pepe-Yunes3-300x300.jpg\",\"keywords\":[\"Carla Vega Yunes\",\"Elizabeth Morales\",\"H\u00e9ctor Yunes Landa\",\"minigubernatura\",\"Pepe Yunes Zorrilla\",\"Tato Vega Yunes\"],\"articleSection\":[\"De Opini\u00f3n\"],\"inLanguage\":\"es\",\"potentialAction\":[{\"@type\":\"CommentAction\",\"name\":\"Comment\",\"target\":[\"https:\\\/\\\/lospoliticosveracruz.com\\\/?p=14543#respond\"]}]},{\"@type\":\"WebPage\",\"@id\":\"https:\\\/\\\/lospoliticosveracruz.com\\\/?p=14543\",\"url\":\"https:\\\/\\\/lospoliticosveracruz.com\\\/?p=14543\",\"name\":\"Pepe Yunes para Gobernador - Los pol\u00edticos Veracruz\",\"isPartOf\":{\"@id\":\"https:\\\/\\\/lospoliticosveracruz.com\\\/#website\"},\"primaryImageOfPage\":{\"@id\":\"https:\\\/\\\/lospoliticosveracruz.com\\\/?p=14543#primaryimage\"},\"image\":{\"@id\":\"https:\\\/\\\/lospoliticosveracruz.com\\\/?p=14543#primaryimage\"},\"thumbnailUrl\":\"http:\\\/\\\/www.lospoliticosveracruz.com.mx\\\/wp-content\\\/uploads\\\/2014\\\/10\\\/Pepe-Yunes3-300x300.jpg\",\"datePublished\":\"2015-01-20T04:51:14+00:00\",\"dateModified\":\"2015-01-20T04:53:33+00:00\",\"breadcrumb\":{\"@id\":\"https:\\\/\\\/lospoliticosveracruz.com\\\/?p=14543#breadcrumb\"},\"inLanguage\":\"es\",\"potentialAction\":[{\"@type\":\"ReadAction\",\"target\":[\"https:\\\/\\\/lospoliticosveracruz.com\\\/?p=14543\"]}]},{\"@type\":\"ImageObject\",\"inLanguage\":\"es\",\"@id\":\"https:\\\/\\\/lospoliticosveracruz.com\\\/?p=14543#primaryimage\",\"url\":\"http:\\\/\\\/www.lospoliticosveracruz.com.mx\\\/wp-content\\\/uploads\\\/2014\\\/10\\\/Pepe-Yunes3-300x300.jpg\",\"contentUrl\":\"http:\\\/\\\/www.lospoliticosveracruz.com.mx\\\/wp-content\\\/uploads\\\/2014\\\/10\\\/Pepe-Yunes3-300x300.jpg\"},{\"@type\":\"BreadcrumbList\",\"@id\":\"https:\\\/\\\/lospoliticosveracruz.com\\\/?p=14543#breadcrumb\",\"itemListElement\":[{\"@type\":\"ListItem\",\"position\":1,\"name\":\"Portada\",\"item\":\"https:\\\/\\\/lospoliticosveracruz.com\\\/\"},{\"@type\":\"ListItem\",\"position\":2,\"name\":\"Pepe Yunes para Gobernador\"}]},{\"@type\":\"WebSite\",\"@id\":\"https:\\\/\\\/lospoliticosveracruz.com\\\/#website\",\"url\":\"https:\\\/\\\/lospoliticosveracruz.com\\\/\",\"name\":\"Los pol\u00edticos Veracruz\",\"description\":\"\",\"publisher\":{\"@id\":\"https:\\\/\\\/lospoliticosveracruz.com\\\/#organization\"},\"potentialAction\":[{\"@type\":\"SearchAction\",\"target\":{\"@type\":\"EntryPoint\",\"urlTemplate\":\"https:\\\/\\\/lospoliticosveracruz.com\\\/?s={search_term_string}\"},\"query-input\":{\"@type\":\"PropertyValueSpecification\",\"valueRequired\":true,\"valueName\":\"search_term_string\"}}],\"inLanguage\":\"es\"},{\"@type\":\"Organization\",\"@id\":\"https:\\\/\\\/lospoliticosveracruz.com\\\/#organization\",\"name\":\"Los pol\u00edticos Veracruz\",\"url\":\"https:\\\/\\\/lospoliticosveracruz.com\\\/\",\"logo\":{\"@type\":\"ImageObject\",\"inLanguage\":\"es\",\"@id\":\"https:\\\/\\\/lospoliticosveracruz.com\\\/#\\\/schema\\\/logo\\\/image\\\/\",\"url\":\"https:\\\/\\\/lospoliticosveracruz.com\\\/wp-content\\\/uploads\\\/2025\\\/12\\\/Logo-Nuevo-LOS-POLITICOS-1.jpg\",\"contentUrl\":\"https:\\\/\\\/lospoliticosveracruz.com\\\/wp-content\\\/uploads\\\/2025\\\/12\\\/Logo-Nuevo-LOS-POLITICOS-1.jpg\",\"width\":260,\"height\":70,\"caption\":\"Los pol\u00edticos Veracruz\"},\"image\":{\"@id\":\"https:\\\/\\\/lospoliticosveracruz.com\\\/#\\\/schema\\\/logo\\\/image\\\/\"},\"sameAs\":[\"https:\\\/\\\/www.facebook.com\\\/people\\\/Notimemes-de-los-Polticos\\\/61565672886568\\\/\",\"https:\\\/\\\/x.com\\\/LosPoliticosVer\"]},{\"@type\":\"Person\",\"@id\":\"https:\\\/\\\/lospoliticosveracruz.com\\\/#\\\/schema\\\/person\\\/b8702bb0e538456e6efd07080bf2a4a2\",\"name\":\"Lo viste en Los Pol\u00edticos\",\"image\":{\"@type\":\"ImageObject\",\"inLanguage\":\"es\",\"@id\":\"https:\\\/\\\/secure.gravatar.com\\\/avatar\\\/3a8de04a2656d44082be478bd6c086daa447c4651605818287b9532d3d0bd435?s=96&d=mm&r=g\",\"url\":\"https:\\\/\\\/secure.gravatar.com\\\/avatar\\\/3a8de04a2656d44082be478bd6c086daa447c4651605818287b9532d3d0bd435?s=96&d=mm&r=g\",\"contentUrl\":\"https:\\\/\\\/secure.gravatar.com\\\/avatar\\\/3a8de04a2656d44082be478bd6c086daa447c4651605818287b9532d3d0bd435?s=96&d=mm&r=g\",\"caption\":\"Lo viste en Los Pol\u00edticos\"},\"url\":\"https:\\\/\\\/lospoliticosveracruz.com\\\/?author=2\"}]}<\/script>\n<!-- \/ Yoast SEO plugin. -->","yoast_head_json":{"title":"Pepe Yunes para Gobernador - Los pol\u00edticos Veracruz","robots":{"index":"index","follow":"follow","max-snippet":"max-snippet:-1","max-image-preview":"max-image-preview:large","max-video-preview":"max-video-preview:-1"},"canonical":"https:\/\/lospoliticosveracruz.com\/?p=14543","og_locale":"es_ES","og_type":"article","og_title":"Pepe Yunes para Gobernador - Los pol\u00edticos Veracruz","og_description":"Salvador Mu\u00f1oz Los Pol\u00edticos &nbsp; Ahora que se conforma la alianza entre Pepe y H\u00e9ctor Yunes, la apuesta es la siguiente: \u00bfQui\u00e9n para la Mini y qui\u00e9n para la Grande? Muchos podr\u00edan decir que falta tiempo, que apenas se est\u00e1 conformando esta unidad, que hay que darle su lugar al Gobernador Javier Duarte, pero como [&hellip;]","og_url":"https:\/\/lospoliticosveracruz.com\/?p=14543","og_site_name":"Los pol\u00edticos Veracruz","article_publisher":"https:\/\/www.facebook.com\/people\/Notimemes-de-los-Polticos\/61565672886568\/","article_published_time":"2015-01-20T04:51:14+00:00","article_modified_time":"2015-01-20T04:53:33+00:00","og_image":[{"url":"http:\/\/www.lospoliticosveracruz.com.mx\/wp-content\/uploads\/2014\/10\/Pepe-Yunes3-300x300.jpg","type":"","width":"","height":""}],"author":"Lo viste en Los Pol\u00edticos","twitter_card":"summary_large_image","twitter_creator":"@LosPoliticosVer","twitter_site":"@LosPoliticosVer","twitter_misc":{"Escrito por":"Lo viste en Los Pol\u00edticos","Tiempo de lectura":"4 minutos"},"schema":{"@context":"https:\/\/schema.org","@graph":[{"@type":"Article","@id":"https:\/\/lospoliticosveracruz.com\/?p=14543#article","isPartOf":{"@id":"https:\/\/lospoliticosveracruz.com\/?p=14543"},"author":{"name":"Lo viste en Los Pol\u00edticos","@id":"https:\/\/lospoliticosveracruz.com\/#\/schema\/person\/b8702bb0e538456e6efd07080bf2a4a2"},"headline":"Pepe Yunes para Gobernador","datePublished":"2015-01-20T04:51:14+00:00","dateModified":"2015-01-20T04:53:33+00:00","mainEntityOfPage":{"@id":"https:\/\/lospoliticosveracruz.com\/?p=14543"},"wordCount":855,"commentCount":0,"publisher":{"@id":"https:\/\/lospoliticosveracruz.com\/#organization"},"image":{"@id":"https:\/\/lospoliticosveracruz.com\/?p=14543#primaryimage"},"thumbnailUrl":"http:\/\/www.lospoliticosveracruz.com.mx\/wp-content\/uploads\/2014\/10\/Pepe-Yunes3-300x300.jpg","keywords":["Carla Vega Yunes","Elizabeth Morales","H\u00e9ctor Yunes Landa","minigubernatura","Pepe Yunes Zorrilla","Tato Vega Yunes"],"articleSection":["De Opini\u00f3n"],"inLanguage":"es","potentialAction":[{"@type":"CommentAction","name":"Comment","target":["https:\/\/lospoliticosveracruz.com\/?p=14543#respond"]}]},{"@type":"WebPage","@id":"https:\/\/lospoliticosveracruz.com\/?p=14543","url":"https:\/\/lospoliticosveracruz.com\/?p=14543","name":"Pepe Yunes para Gobernador - Los pol\u00edticos Veracruz","isPartOf":{"@id":"https:\/\/lospoliticosveracruz.com\/#website"},"primaryImageOfPage":{"@id":"https:\/\/lospoliticosveracruz.com\/?p=14543#primaryimage"},"image":{"@id":"https:\/\/lospoliticosveracruz.com\/?p=14543#primaryimage"},"thumbnailUrl":"http:\/\/www.lospoliticosveracruz.com.mx\/wp-content\/uploads\/2014\/10\/Pepe-Yunes3-300x300.jpg","datePublished":"2015-01-20T04:51:14+00:00","dateModified":"2015-01-20T04:53:33+00:00","breadcrumb":{"@id":"https:\/\/lospoliticosveracruz.com\/?p=14543#breadcrumb"},"inLanguage":"es","potentialAction":[{"@type":"ReadAction","target":["https:\/\/lospoliticosveracruz.com\/?p=14543"]}]},{"@type":"ImageObject","inLanguage":"es","@id":"https:\/\/lospoliticosveracruz.com\/?p=14543#primaryimage","url":"http:\/\/www.lospoliticosveracruz.com.mx\/wp-content\/uploads\/2014\/10\/Pepe-Yunes3-300x300.jpg","contentUrl":"http:\/\/www.lospoliticosveracruz.com.mx\/wp-content\/uploads\/2014\/10\/Pepe-Yunes3-300x300.jpg"},{"@type":"BreadcrumbList","@id":"https:\/\/lospoliticosveracruz.com\/?p=14543#breadcrumb","itemListElement":[{"@type":"ListItem","position":1,"name":"Portada","item":"https:\/\/lospoliticosveracruz.com\/"},{"@type":"ListItem","position":2,"name":"Pepe Yunes para Gobernador"}]},{"@type":"WebSite","@id":"https:\/\/lospoliticosveracruz.com\/#website","url":"https:\/\/lospoliticosveracruz.com\/","name":"Los pol\u00edticos Veracruz","description":"","publisher":{"@id":"https:\/\/lospoliticosveracruz.com\/#organization"},"potentialAction":[{"@type":"SearchAction","target":{"@type":"EntryPoint","urlTemplate":"https:\/\/lospoliticosveracruz.com\/?s={search_term_string}"},"query-input":{"@type":"PropertyValueSpecification","valueRequired":true,"valueName":"search_term_string"}}],"inLanguage":"es"},{"@type":"Organization","@id":"https:\/\/lospoliticosveracruz.com\/#organization","name":"Los pol\u00edticos Veracruz","url":"https:\/\/lospoliticosveracruz.com\/","logo":{"@type":"ImageObject","inLanguage":"es","@id":"https:\/\/lospoliticosveracruz.com\/#\/schema\/logo\/image\/","url":"https:\/\/lospoliticosveracruz.com\/wp-content\/uploads\/2025\/12\/Logo-Nuevo-LOS-POLITICOS-1.jpg","contentUrl":"https:\/\/lospoliticosveracruz.com\/wp-content\/uploads\/2025\/12\/Logo-Nuevo-LOS-POLITICOS-1.jpg","width":260,"height":70,"caption":"Los pol\u00edticos Veracruz"},"image":{"@id":"https:\/\/lospoliticosveracruz.com\/#\/schema\/logo\/image\/"},"sameAs":["https:\/\/www.facebook.com\/people\/Notimemes-de-los-Polticos\/61565672886568\/","https:\/\/x.com\/LosPoliticosVer"]},{"@type":"Person","@id":"https:\/\/lospoliticosveracruz.com\/#\/schema\/person\/b8702bb0e538456e6efd07080bf2a4a2","name":"Lo viste en Los Pol\u00edticos","image":{"@type":"ImageObject","inLanguage":"es","@id":"https:\/\/secure.gravatar.com\/avatar\/3a8de04a2656d44082be478bd6c086daa447c4651605818287b9532d3d0bd435?s=96&d=mm&r=g","url":"https:\/\/secure.gravatar.com\/avatar\/3a8de04a2656d44082be478bd6c086daa447c4651605818287b9532d3d0bd435?s=96&d=mm&r=g","contentUrl":"https:\/\/secure.gravatar.com\/avatar\/3a8de04a2656d44082be478bd6c086daa447c4651605818287b9532d3d0bd435?s=96&d=mm&r=g","caption":"Lo viste en Los Pol\u00edticos"},"url":"https:\/\/lospoliticosveracruz.com\/?author=2"}]}},"_links":{"self":[{"href":"https:\/\/lospoliticosveracruz.com\/index.php?rest_route=\/wp\/v2\/posts\/14543","targetHints":{"allow":["GET"]}}],"collection":[{"href":"https:\/\/lospoliticosveracruz.com\/index.php?rest_route=\/wp\/v2\/posts"}],"about":[{"href":"https:\/\/lospoliticosveracruz.com\/index.php?rest_route=\/wp\/v2\/types\/post"}],"author":[{"embeddable":true,"href":"https:\/\/lospoliticosveracruz.com\/index.php?rest_route=\/wp\/v2\/users\/2"}],"replies":[{"embeddable":true,"href":"https:\/\/lospoliticosveracruz.com\/index.php?rest_route=%2Fwp%2Fv2%2Fcomments&post=14543"}],"version-history":[{"count":2,"href":"https:\/\/lospoliticosveracruz.com\/index.php?rest_route=\/wp\/v2\/posts\/14543\/revisions"}],"predecessor-version":[{"id":14546,"href":"https:\/\/lospoliticosveracruz.com\/index.php?rest_route=\/wp\/v2\/posts\/14543\/revisions\/14546"}],"wp:attachment":[{"href":"https:\/\/lospoliticosveracruz.com\/index.php?rest_route=%2Fwp%2Fv2%2Fmedia&parent=14543"}],"wp:term":[{"taxonomy":"category","embeddable":true,"href":"https:\/\/lospoliticosveracruz.com\/index.php?rest_route=%2Fwp%2Fv2%2Fcategories&post=14543"},{"taxonomy":"post_tag","embeddable":true,"href":"https:\/\/lospoliticosveracruz.com\/index.php?rest_route=%2Fwp%2Fv2%2Ftags&post=14543"}],"curies":[{"name":"wp","href":"https:\/\/api.w.org\/{rel}","templated":true}]}}