{"id":14551,"date":"2015-01-20T22:18:57","date_gmt":"2015-01-21T04:18:57","guid":{"rendered":"http:\/\/www.lospoliticosveracruz.com.mx\/?p=14551"},"modified":"2015-01-20T22:20:39","modified_gmt":"2015-01-21T04:20:39","slug":"oswaldo-perez-perez-a-cuidar-a-sus-nietos","status":"publish","type":"post","link":"https:\/\/lospoliticosveracruz.com\/?p=14551","title":{"rendered":"Oswaldo P\u00e9rez P\u00e9rez, a cuidar a sus nietos"},"content":{"rendered":"<p align=\"CENTER\"><a href=\"http:\/\/www.lospoliticosveracruz.com.mx\/wp-content\/uploads\/2015\/01\/Oswaldo-P\u00e9rez-P\u00e9rez.jpg\"><img loading=\"lazy\" decoding=\"async\" class=\"alignnone size-medium wp-image-14554 alignleft\" src=\"http:\/\/www.lospoliticosveracruz.com.mx\/wp-content\/uploads\/2015\/01\/Oswaldo-P\u00e9rez-P\u00e9rez-300x188.jpg\" alt=\"Oswaldo P\u00e9rez P\u00e9rez\" width=\"300\" height=\"188\" \/><\/a><\/p>\n<p style=\"text-align: left;\" align=\"CENTER\">\n<p style=\"text-align: left;\" align=\"CENTER\">\n<p style=\"text-align: left;\" align=\"CENTER\">\n<p style=\"text-align: left;\" align=\"CENTER\">\n<p style=\"text-align: left;\" align=\"CENTER\">\n<p style=\"text-align: left;\" align=\"CENTER\">\n<p style=\"text-align: left;\" align=\"CENTER\">\n<p style=\"text-align: left;\" align=\"CENTER\"><strong>Armando Ortiz<\/strong><\/p>\n<p style=\"text-align: left;\" align=\"CENTER\"><em>El Hijo Pr\u00f3digo<\/em><\/p>\n<p style=\"text-align: left;\" align=\"JUSTIFY\"><span style=\"color: #000000;\"><span style=\"font-family: Arial, serif;\"><span style=\"font-size: medium;\">Por fin, despu\u00e9s de 8 meses de estar en un cargo de manera indebida, Oswaldo P\u00e9rez P\u00e9rez sali\u00f3 de la direcci\u00f3n de Telebachillerato. \u00bfPor qu\u00e9 decimos que indebidamente ostentaba ese cargo? S\u00f3lo bastar\u00eda que la Contralor\u00eda se asomara por casualidad a la Ley de Responsabilidades de los Servidores P\u00fablicos de Veracruz para que se dieran cuenta que una persona que ha actuado de manera fraudulenta no puede participar de un gobierno que se digne de ser honrado.<\/span><\/span><\/span><\/p>\n<p style=\"text-align: left;\" align=\"JUSTIFY\"><span style=\"color: #000000;\"><span style=\"font-family: Arial, serif;\"><span style=\"font-size: medium;\">Tanto \u00c1lvaro Capetillo, como Oswaldo P\u00e9rez P\u00e9rez, para substraerse al pago de sus obligaciones, siendo funcionarios p\u00fablicos del IVEA, en flagrante conducta delictiva, cambiaron dinero de una cuenta a nombre de esa instituci\u00f3n.<\/span><\/span><\/span><\/p>\n<p style=\"text-align: left;\" align=\"JUSTIFY\"><span style=\"color: #000000;\"><span style=\"font-family: Arial, serif;\"><span style=\"font-size: medium;\">Esa cuenta se encontraba embargada a favor de un trabajador, quien hab\u00eda ganado un juicio a la instituci\u00f3n por despido injustificado. Este trabajador, con la intenci\u00f3n de asegurar un laudo a favor, logr\u00f3 por ley que se embargara esa cuenta del IVEA.<\/span><\/span><\/span><\/p>\n<p style=\"text-align: left;\" align=\"JUSTIFY\"><span style=\"color: #000000;\"><span style=\"font-family: Arial, serif;\"><span style=\"font-size: medium;\">En un art\u00edculo anterior anotamos pertinentemente la acusaci\u00f3n: \u201cSe sabe que los acusados, Osvaldo P\u00e9rez P\u00e9rez y \u00c1lvaro C\u00e1ndido Capetillo, se valieron de la complicidad del encargado de la cuenta embargada en el banco HSBC; el empleado bancario se prest\u00f3 para que el dinero de la cuenta del IVEA se trasladara a otra cuenta a disposici\u00f3n de los acusados. Cabe se\u00f1alar que en la misma orden que la jueza concediera, se solicita tambi\u00e9n la aprehensi\u00f3n de este empleado bancario\u201d.<\/span><\/span><\/span><\/p>\n<p style=\"text-align: left;\" align=\"JUSTIFY\"><span style=\"color: #000000;\"><span style=\"font-family: Arial, serif;\"><span style=\"font-size: medium;\">A ese delito se le llama \u201cinsolvencia fraudulenta\u201d. Por causa de ese delito Humberto V\u00e1zquez Medina, Agente tercero del Ministerio P\u00fablico Especializado en Delitos Cometidos por Servidores P\u00fablicos, solicit\u00f3 a la jueza de Pacho Viejo, mediante el acta de investigaci\u00f3n FESP\/560\/08\/III\/I, una orden de aprehensi\u00f3n para Osvaldo P\u00e9rez P\u00e9rez, pero tambi\u00e9n para \u00c1lvaro C\u00e1ndido Capetillo por el delito de \u201cinsolvencia fraudulenta\u201d.<\/span><\/span><\/span><\/p>\n<p style=\"text-align: left;\" align=\"JUSTIFY\"><span style=\"color: #000000;\"><span style=\"font-family: Arial, serif;\"><span style=\"font-size: medium;\">Oswaldo P\u00e9rez P\u00e9rez pis\u00f3 la c\u00e1rcel, pero a \u00c1lvaro Capetillo le dieron el pitazo y huy\u00f3. Una noche estuvo P\u00e9rez P\u00e9rez en la c\u00e1rcel. La hija tuvo que hablar con Fidel Herrera y este con \u00c9rick Lagos para que se hiciera lo que se tuviese que hacer y el se\u00f1or, al que Fidel le tiene gran afecto, sali\u00f3 de la c\u00e1rcel; pero no s\u00f3lo eso, regres\u00f3 el lunes siguiente como director del Telebachillerato, convirti\u00e9ndose en una gran p\u00fastula de impunidad para el gobierno de Javier Duarte.<\/span><\/span><\/span><\/p>\n<p style=\"text-align: left;\" align=\"JUSTIFY\"><span style=\"color: #000000;\"><span style=\"font-family: Arial, serif;\"><span style=\"font-size: medium;\">Con la salida de P\u00e9rez P\u00e9rez Flavino R\u00edos Alvarado, secretario de Educaci\u00f3n de Veracruz le ha hecho un gran favor a Javier Duarte, pues el exconvicto P\u00e9rez P\u00e9rez presum\u00eda de la influencia que gozaba y nunca le baj\u00f3 a su soberbia y al uso indebido de los recursos de la direcci\u00f3n de Telebachillerato.<\/span><\/span><\/span><\/p>\n<p style=\"text-align: left;\" align=\"JUSTIFY\"><span style=\"color: #000000;\"><span style=\"font-family: Arial, serif;\"><span style=\"font-size: medium;\">Sin embargo, gente bien informada nos ha dicho que el se\u00f1or P\u00e9rez P\u00e9rez considera esta salida como un momento de transici\u00f3n, pues est\u00e1 planeando que la hija vuelva a suplicar a Fidel para \u00e9l regresar con bombo y platillo al Instituto Veracruzano de Educaci\u00f3n para los Adultos en sustituci\u00f3n de Socorro Sandoval. Pero no se cree que eso pueda suceder, pues Socorro Sandoval, cuenta con todo el apoyo del secretario de Educaci\u00f3n P\u00fablica, Emilio Chuayffet. Por eso ella puede decir como la canci\u00f3n de Chayito Vald\u00e9s: \u201cSon habladas las que andan diciendo, nadie puede ocupar mi lugar\u201d.<\/span><\/span><\/span><\/p>\n<p style=\"text-align: left;\" align=\"JUSTIFY\"><span style=\"color: #000000;\"><span style=\"font-family: Arial, serif;\"><span style=\"font-size: medium;\">Oswaldo P\u00e9rez P\u00e9rez lo que deber\u00eda hacer es dejar de manchar el gobierno de Javier Duarte, porque donde quiera que lo pongan, como un anti rey Midas, todo lo que toque lo convertir\u00e1 en mierda. Lo mejor es que se retir\u00e9 y se vaya a cuidar a sus nietos, con ello pagar\u00eda un poco los grandes favores que su benefactor le ha otorgado.<\/span><\/span><\/span><\/p>\n<p style=\"text-align: left;\" align=\"JUSTIFY\"><span style=\"color: #000000;\"><span style=\"font-family: Arial, serif;\"><span style=\"font-size: medium;\"><b>Postdata 1: \u00bfY \u00c1lvaro Capetillo?<\/b><\/span><\/span><\/span><\/p>\n<p style=\"text-align: left;\" align=\"JUSTIFY\"><a name=\"_GoBack\"><\/a> <span style=\"color: #000000;\"><span style=\"font-family: Arial, serif;\"><span style=\"font-size: medium;\">\u00bfA poco el pr\u00f3fugo de la justicia, \u00c1lvaro Capetillo seguir\u00e1 como delegado de la SEV en el puerto de Veracruz? Que le pregunten a Socorro Sandoval c\u00f3mo dej\u00f3 el IVEA. \u00bfLo seguir\u00e1 protegiendo el defenestrado Salvador Manzur?<\/span><\/span><\/span><\/p>\n<p style=\"text-align: left;\" align=\"JUSTIFY\"><span style=\"color: #000000;\"><span style=\"font-family: Arial, serif;\"><span style=\"font-size: medium;\">Armando Ortiz <a href=\"mailto:aortiz52@hotmail.com\">aortiz52@hotmail.com<\/a><\/span><\/span><\/span><\/p>\n","protected":false},"excerpt":{"rendered":"<p>Armando Ortiz El Hijo Pr\u00f3digo Por fin, despu\u00e9s de 8 meses de estar en un cargo de manera indebida, Oswaldo P\u00e9rez P\u00e9rez sali\u00f3 de la direcci\u00f3n de Telebachillerato. \u00bfPor qu\u00e9 decimos que indebidamente ostentaba ese cargo? S\u00f3lo bastar\u00eda que la Contralor\u00eda se asomara por casualidad a la Ley de Responsabilidades de los Servidores P\u00fablicos de [&hellip;]<\/p>\n","protected":false},"author":2,"featured_media":0,"comment_status":"open","ping_status":"open","sticky":false,"template":"","format":"standard","meta":{"tdm_status":"","tdm_grid_status":"","footnotes":""},"categories":[70],"tags":[1485,343,1486,162,1484],"class_list":{"0":"post-14551","1":"post","2":"type-post","3":"status-publish","4":"format-standard","6":"category-de-opinion","7":"tag-direccion-de-telebachillerato","8":"tag-flavino-rios-alvarado","9":"tag-instituto-veracruzano-de-educacion-para-los-adultos","10":"tag-javier-duarte","11":"tag-oswaldo-perez-perez"},"yoast_head":"<!-- This site is optimized with the Yoast SEO plugin v27.4 - https:\/\/yoast.com\/product\/yoast-seo-wordpress\/ -->\n<title>Oswaldo P\u00e9rez P\u00e9rez, a cuidar a sus nietos - Los pol\u00edticos Veracruz<\/title>\n<meta name=\"robots\" content=\"index, follow, max-snippet:-1, max-image-preview:large, max-video-preview:-1\" \/>\n<link rel=\"canonical\" href=\"https:\/\/lospoliticosveracruz.com\/?p=14551\" \/>\n<meta property=\"og:locale\" content=\"es_ES\" \/>\n<meta property=\"og:type\" content=\"article\" \/>\n<meta property=\"og:title\" content=\"Oswaldo P\u00e9rez P\u00e9rez, a cuidar a sus nietos - Los pol\u00edticos Veracruz\" \/>\n<meta property=\"og:description\" content=\"Armando Ortiz El Hijo Pr\u00f3digo Por fin, despu\u00e9s de 8 meses de estar en un cargo de manera indebida, Oswaldo P\u00e9rez P\u00e9rez sali\u00f3 de la direcci\u00f3n de Telebachillerato. \u00bfPor qu\u00e9 decimos que indebidamente ostentaba ese cargo? S\u00f3lo bastar\u00eda que la Contralor\u00eda se asomara por casualidad a la Ley de Responsabilidades de los Servidores P\u00fablicos de [&hellip;]\" \/>\n<meta property=\"og:url\" content=\"https:\/\/lospoliticosveracruz.com\/?p=14551\" \/>\n<meta property=\"og:site_name\" content=\"Los pol\u00edticos Veracruz\" \/>\n<meta property=\"article:publisher\" content=\"https:\/\/www.facebook.com\/people\/Notimemes-de-los-Polticos\/61565672886568\/\" \/>\n<meta property=\"article:published_time\" content=\"2015-01-21T04:18:57+00:00\" \/>\n<meta property=\"article:modified_time\" content=\"2015-01-21T04:20:39+00:00\" \/>\n<meta property=\"og:image\" content=\"https:\/\/lospoliticosveracruz.com\/wp-content\/uploads\/2016\/07\/Logo-Dor.jpg\" \/>\n\t<meta property=\"og:image:width\" content=\"200\" \/>\n\t<meta property=\"og:image:height\" content=\"200\" \/>\n\t<meta property=\"og:image:type\" content=\"image\/jpeg\" \/>\n<meta name=\"author\" content=\"Lo viste en Los Pol\u00edticos\" \/>\n<meta name=\"twitter:card\" content=\"summary_large_image\" \/>\n<meta name=\"twitter:creator\" content=\"@LosPoliticosVer\" \/>\n<meta name=\"twitter:site\" content=\"@LosPoliticosVer\" \/>\n<meta name=\"twitter:label1\" content=\"Escrito por\" \/>\n\t<meta name=\"twitter:data1\" content=\"Lo viste en Los Pol\u00edticos\" \/>\n\t<meta name=\"twitter:label2\" content=\"Tiempo de lectura\" \/>\n\t<meta name=\"twitter:data2\" content=\"4 minutos\" \/>\n<script type=\"application\/ld+json\" class=\"yoast-schema-graph\">{\"@context\":\"https:\\\/\\\/schema.org\",\"@graph\":[{\"@type\":\"Article\",\"@id\":\"https:\\\/\\\/lospoliticosveracruz.com\\\/?p=14551#article\",\"isPartOf\":{\"@id\":\"https:\\\/\\\/lospoliticosveracruz.com\\\/?p=14551\"},\"author\":{\"name\":\"Lo viste en Los Pol\u00edticos\",\"@id\":\"https:\\\/\\\/lospoliticosveracruz.com\\\/#\\\/schema\\\/person\\\/b8702bb0e538456e6efd07080bf2a4a2\"},\"headline\":\"Oswaldo P\u00e9rez P\u00e9rez, a cuidar a sus nietos\",\"datePublished\":\"2015-01-21T04:18:57+00:00\",\"dateModified\":\"2015-01-21T04:20:39+00:00\",\"mainEntityOfPage\":{\"@id\":\"https:\\\/\\\/lospoliticosveracruz.com\\\/?p=14551\"},\"wordCount\":722,\"commentCount\":0,\"publisher\":{\"@id\":\"https:\\\/\\\/lospoliticosveracruz.com\\\/#organization\"},\"keywords\":[\"direcci\u00f3n de Telebachillerato\",\"Flavino R\u00edos Alvarado\",\"Instituto Veracruzano de Educaci\u00f3n para los Adultos\",\"Javier Duarte\",\"Oswaldo P\u00e9rez P\u00e9rez\"],\"articleSection\":[\"De Opini\u00f3n\"],\"inLanguage\":\"es\",\"potentialAction\":[{\"@type\":\"CommentAction\",\"name\":\"Comment\",\"target\":[\"https:\\\/\\\/lospoliticosveracruz.com\\\/?p=14551#respond\"]}]},{\"@type\":\"WebPage\",\"@id\":\"https:\\\/\\\/lospoliticosveracruz.com\\\/?p=14551\",\"url\":\"https:\\\/\\\/lospoliticosveracruz.com\\\/?p=14551\",\"name\":\"Oswaldo P\u00e9rez P\u00e9rez, a cuidar a sus nietos - Los pol\u00edticos Veracruz\",\"isPartOf\":{\"@id\":\"https:\\\/\\\/lospoliticosveracruz.com\\\/#website\"},\"datePublished\":\"2015-01-21T04:18:57+00:00\",\"dateModified\":\"2015-01-21T04:20:39+00:00\",\"breadcrumb\":{\"@id\":\"https:\\\/\\\/lospoliticosveracruz.com\\\/?p=14551#breadcrumb\"},\"inLanguage\":\"es\",\"potentialAction\":[{\"@type\":\"ReadAction\",\"target\":[\"https:\\\/\\\/lospoliticosveracruz.com\\\/?p=14551\"]}]},{\"@type\":\"BreadcrumbList\",\"@id\":\"https:\\\/\\\/lospoliticosveracruz.com\\\/?p=14551#breadcrumb\",\"itemListElement\":[{\"@type\":\"ListItem\",\"position\":1,\"name\":\"Portada\",\"item\":\"https:\\\/\\\/lospoliticosveracruz.com\\\/\"},{\"@type\":\"ListItem\",\"position\":2,\"name\":\"Oswaldo P\u00e9rez P\u00e9rez, a cuidar a sus nietos\"}]},{\"@type\":\"WebSite\",\"@id\":\"https:\\\/\\\/lospoliticosveracruz.com\\\/#website\",\"url\":\"https:\\\/\\\/lospoliticosveracruz.com\\\/\",\"name\":\"Los pol\u00edticos Veracruz\",\"description\":\"\",\"publisher\":{\"@id\":\"https:\\\/\\\/lospoliticosveracruz.com\\\/#organization\"},\"potentialAction\":[{\"@type\":\"SearchAction\",\"target\":{\"@type\":\"EntryPoint\",\"urlTemplate\":\"https:\\\/\\\/lospoliticosveracruz.com\\\/?s={search_term_string}\"},\"query-input\":{\"@type\":\"PropertyValueSpecification\",\"valueRequired\":true,\"valueName\":\"search_term_string\"}}],\"inLanguage\":\"es\"},{\"@type\":\"Organization\",\"@id\":\"https:\\\/\\\/lospoliticosveracruz.com\\\/#organization\",\"name\":\"Los pol\u00edticos Veracruz\",\"url\":\"https:\\\/\\\/lospoliticosveracruz.com\\\/\",\"logo\":{\"@type\":\"ImageObject\",\"inLanguage\":\"es\",\"@id\":\"https:\\\/\\\/lospoliticosveracruz.com\\\/#\\\/schema\\\/logo\\\/image\\\/\",\"url\":\"https:\\\/\\\/lospoliticosveracruz.com\\\/wp-content\\\/uploads\\\/2025\\\/12\\\/Logo-Nuevo-LOS-POLITICOS-1.jpg\",\"contentUrl\":\"https:\\\/\\\/lospoliticosveracruz.com\\\/wp-content\\\/uploads\\\/2025\\\/12\\\/Logo-Nuevo-LOS-POLITICOS-1.jpg\",\"width\":260,\"height\":70,\"caption\":\"Los pol\u00edticos Veracruz\"},\"image\":{\"@id\":\"https:\\\/\\\/lospoliticosveracruz.com\\\/#\\\/schema\\\/logo\\\/image\\\/\"},\"sameAs\":[\"https:\\\/\\\/www.facebook.com\\\/people\\\/Notimemes-de-los-Polticos\\\/61565672886568\\\/\",\"https:\\\/\\\/x.com\\\/LosPoliticosVer\"]},{\"@type\":\"Person\",\"@id\":\"https:\\\/\\\/lospoliticosveracruz.com\\\/#\\\/schema\\\/person\\\/b8702bb0e538456e6efd07080bf2a4a2\",\"name\":\"Lo viste en Los Pol\u00edticos\",\"image\":{\"@type\":\"ImageObject\",\"inLanguage\":\"es\",\"@id\":\"https:\\\/\\\/secure.gravatar.com\\\/avatar\\\/3a8de04a2656d44082be478bd6c086daa447c4651605818287b9532d3d0bd435?s=96&d=mm&r=g\",\"url\":\"https:\\\/\\\/secure.gravatar.com\\\/avatar\\\/3a8de04a2656d44082be478bd6c086daa447c4651605818287b9532d3d0bd435?s=96&d=mm&r=g\",\"contentUrl\":\"https:\\\/\\\/secure.gravatar.com\\\/avatar\\\/3a8de04a2656d44082be478bd6c086daa447c4651605818287b9532d3d0bd435?s=96&d=mm&r=g\",\"caption\":\"Lo viste en Los Pol\u00edticos\"},\"url\":\"https:\\\/\\\/lospoliticosveracruz.com\\\/?author=2\"}]}<\/script>\n<!-- \/ Yoast SEO plugin. -->","yoast_head_json":{"title":"Oswaldo P\u00e9rez P\u00e9rez, a cuidar a sus nietos - Los pol\u00edticos Veracruz","robots":{"index":"index","follow":"follow","max-snippet":"max-snippet:-1","max-image-preview":"max-image-preview:large","max-video-preview":"max-video-preview:-1"},"canonical":"https:\/\/lospoliticosveracruz.com\/?p=14551","og_locale":"es_ES","og_type":"article","og_title":"Oswaldo P\u00e9rez P\u00e9rez, a cuidar a sus nietos - Los pol\u00edticos Veracruz","og_description":"Armando Ortiz El Hijo Pr\u00f3digo Por fin, despu\u00e9s de 8 meses de estar en un cargo de manera indebida, Oswaldo P\u00e9rez P\u00e9rez sali\u00f3 de la direcci\u00f3n de Telebachillerato. \u00bfPor qu\u00e9 decimos que indebidamente ostentaba ese cargo? S\u00f3lo bastar\u00eda que la Contralor\u00eda se asomara por casualidad a la Ley de Responsabilidades de los Servidores P\u00fablicos de [&hellip;]","og_url":"https:\/\/lospoliticosveracruz.com\/?p=14551","og_site_name":"Los pol\u00edticos Veracruz","article_publisher":"https:\/\/www.facebook.com\/people\/Notimemes-de-los-Polticos\/61565672886568\/","article_published_time":"2015-01-21T04:18:57+00:00","article_modified_time":"2015-01-21T04:20:39+00:00","og_image":[{"width":200,"height":200,"url":"https:\/\/lospoliticosveracruz.com\/wp-content\/uploads\/2016\/07\/Logo-Dor.jpg","type":"image\/jpeg"}],"author":"Lo viste en Los Pol\u00edticos","twitter_card":"summary_large_image","twitter_creator":"@LosPoliticosVer","twitter_site":"@LosPoliticosVer","twitter_misc":{"Escrito por":"Lo viste en Los Pol\u00edticos","Tiempo de lectura":"4 minutos"},"schema":{"@context":"https:\/\/schema.org","@graph":[{"@type":"Article","@id":"https:\/\/lospoliticosveracruz.com\/?p=14551#article","isPartOf":{"@id":"https:\/\/lospoliticosveracruz.com\/?p=14551"},"author":{"name":"Lo viste en Los Pol\u00edticos","@id":"https:\/\/lospoliticosveracruz.com\/#\/schema\/person\/b8702bb0e538456e6efd07080bf2a4a2"},"headline":"Oswaldo P\u00e9rez P\u00e9rez, a cuidar a sus nietos","datePublished":"2015-01-21T04:18:57+00:00","dateModified":"2015-01-21T04:20:39+00:00","mainEntityOfPage":{"@id":"https:\/\/lospoliticosveracruz.com\/?p=14551"},"wordCount":722,"commentCount":0,"publisher":{"@id":"https:\/\/lospoliticosveracruz.com\/#organization"},"keywords":["direcci\u00f3n de Telebachillerato","Flavino R\u00edos Alvarado","Instituto Veracruzano de Educaci\u00f3n para los Adultos","Javier Duarte","Oswaldo P\u00e9rez P\u00e9rez"],"articleSection":["De Opini\u00f3n"],"inLanguage":"es","potentialAction":[{"@type":"CommentAction","name":"Comment","target":["https:\/\/lospoliticosveracruz.com\/?p=14551#respond"]}]},{"@type":"WebPage","@id":"https:\/\/lospoliticosveracruz.com\/?p=14551","url":"https:\/\/lospoliticosveracruz.com\/?p=14551","name":"Oswaldo P\u00e9rez P\u00e9rez, a cuidar a sus nietos - Los pol\u00edticos Veracruz","isPartOf":{"@id":"https:\/\/lospoliticosveracruz.com\/#website"},"datePublished":"2015-01-21T04:18:57+00:00","dateModified":"2015-01-21T04:20:39+00:00","breadcrumb":{"@id":"https:\/\/lospoliticosveracruz.com\/?p=14551#breadcrumb"},"inLanguage":"es","potentialAction":[{"@type":"ReadAction","target":["https:\/\/lospoliticosveracruz.com\/?p=14551"]}]},{"@type":"BreadcrumbList","@id":"https:\/\/lospoliticosveracruz.com\/?p=14551#breadcrumb","itemListElement":[{"@type":"ListItem","position":1,"name":"Portada","item":"https:\/\/lospoliticosveracruz.com\/"},{"@type":"ListItem","position":2,"name":"Oswaldo P\u00e9rez P\u00e9rez, a cuidar a sus nietos"}]},{"@type":"WebSite","@id":"https:\/\/lospoliticosveracruz.com\/#website","url":"https:\/\/lospoliticosveracruz.com\/","name":"Los pol\u00edticos Veracruz","description":"","publisher":{"@id":"https:\/\/lospoliticosveracruz.com\/#organization"},"potentialAction":[{"@type":"SearchAction","target":{"@type":"EntryPoint","urlTemplate":"https:\/\/lospoliticosveracruz.com\/?s={search_term_string}"},"query-input":{"@type":"PropertyValueSpecification","valueRequired":true,"valueName":"search_term_string"}}],"inLanguage":"es"},{"@type":"Organization","@id":"https:\/\/lospoliticosveracruz.com\/#organization","name":"Los pol\u00edticos Veracruz","url":"https:\/\/lospoliticosveracruz.com\/","logo":{"@type":"ImageObject","inLanguage":"es","@id":"https:\/\/lospoliticosveracruz.com\/#\/schema\/logo\/image\/","url":"https:\/\/lospoliticosveracruz.com\/wp-content\/uploads\/2025\/12\/Logo-Nuevo-LOS-POLITICOS-1.jpg","contentUrl":"https:\/\/lospoliticosveracruz.com\/wp-content\/uploads\/2025\/12\/Logo-Nuevo-LOS-POLITICOS-1.jpg","width":260,"height":70,"caption":"Los pol\u00edticos Veracruz"},"image":{"@id":"https:\/\/lospoliticosveracruz.com\/#\/schema\/logo\/image\/"},"sameAs":["https:\/\/www.facebook.com\/people\/Notimemes-de-los-Polticos\/61565672886568\/","https:\/\/x.com\/LosPoliticosVer"]},{"@type":"Person","@id":"https:\/\/lospoliticosveracruz.com\/#\/schema\/person\/b8702bb0e538456e6efd07080bf2a4a2","name":"Lo viste en Los Pol\u00edticos","image":{"@type":"ImageObject","inLanguage":"es","@id":"https:\/\/secure.gravatar.com\/avatar\/3a8de04a2656d44082be478bd6c086daa447c4651605818287b9532d3d0bd435?s=96&d=mm&r=g","url":"https:\/\/secure.gravatar.com\/avatar\/3a8de04a2656d44082be478bd6c086daa447c4651605818287b9532d3d0bd435?s=96&d=mm&r=g","contentUrl":"https:\/\/secure.gravatar.com\/avatar\/3a8de04a2656d44082be478bd6c086daa447c4651605818287b9532d3d0bd435?s=96&d=mm&r=g","caption":"Lo viste en Los Pol\u00edticos"},"url":"https:\/\/lospoliticosveracruz.com\/?author=2"}]}},"_links":{"self":[{"href":"https:\/\/lospoliticosveracruz.com\/index.php?rest_route=\/wp\/v2\/posts\/14551","targetHints":{"allow":["GET"]}}],"collection":[{"href":"https:\/\/lospoliticosveracruz.com\/index.php?rest_route=\/wp\/v2\/posts"}],"about":[{"href":"https:\/\/lospoliticosveracruz.com\/index.php?rest_route=\/wp\/v2\/types\/post"}],"author":[{"embeddable":true,"href":"https:\/\/lospoliticosveracruz.com\/index.php?rest_route=\/wp\/v2\/users\/2"}],"replies":[{"embeddable":true,"href":"https:\/\/lospoliticosveracruz.com\/index.php?rest_route=%2Fwp%2Fv2%2Fcomments&post=14551"}],"version-history":[{"count":3,"href":"https:\/\/lospoliticosveracruz.com\/index.php?rest_route=\/wp\/v2\/posts\/14551\/revisions"}],"predecessor-version":[{"id":14557,"href":"https:\/\/lospoliticosveracruz.com\/index.php?rest_route=\/wp\/v2\/posts\/14551\/revisions\/14557"}],"wp:attachment":[{"href":"https:\/\/lospoliticosveracruz.com\/index.php?rest_route=%2Fwp%2Fv2%2Fmedia&parent=14551"}],"wp:term":[{"taxonomy":"category","embeddable":true,"href":"https:\/\/lospoliticosveracruz.com\/index.php?rest_route=%2Fwp%2Fv2%2Fcategories&post=14551"},{"taxonomy":"post_tag","embeddable":true,"href":"https:\/\/lospoliticosveracruz.com\/index.php?rest_route=%2Fwp%2Fv2%2Ftags&post=14551"}],"curies":[{"name":"wp","href":"https:\/\/api.w.org\/{rel}","templated":true}]}}