{"id":145518,"date":"2025-05-24T12:19:17","date_gmt":"2025-05-24T17:19:17","guid":{"rendered":"https:\/\/lospoliticosveracruz.com.mx\/?p=145518"},"modified":"2025-05-24T12:19:33","modified_gmt":"2025-05-24T17:19:33","slug":"seguridad-con-tecnologia-y-corazon","status":"publish","type":"post","link":"https:\/\/lospoliticosveracruz.com\/?p=145518","title":{"rendered":"SEGURIDAD CON TECNOLOG\u00cdA Y CORAZ\u00d3N!"},"content":{"rendered":"\n<p>[S\u00edguenos ahora tambi\u00e9n en WhatsApp.\u00a0<a href=\"https:\/\/whatsapp.com\/channel\/0029Va8zRWlEKyZIP3Z1dF0e\"><strong><em>Da clic aqu\u00ed<\/em><\/strong><\/a>]\u00a0<\/p>\n\n\n\n<p>Ivonne Trujillo, candidata a la presidencia municipal de Altotonga por Movimiento Ciudadano, ha presentado su plan integral para fortalecer la seguridad en el municipio, destacando la importancia de dignificar el trabajo de los polic\u00edas y de implementar tecnolog\u00eda de vanguardia.<\/p>\n\n\n\n<p>La candidata del partido naranja enfatiz\u00f3 que su administraci\u00f3n duplicar\u00e1 el personal de seguridad, incorporando tanto hombres como mujeres polic\u00edas, y garantizando que todos los elementos cuenten con ex\u00e1menes de control y confianza, capacitaciones constantes y mejores condiciones laborales. \u00abEs fundamental tener una estrategia de seguridad con perspectiva de g\u00e9nero, donde las mujeres est\u00e9n siempre resguardadas\u00bb, afirm\u00f3.<\/p>\n\n\n\n<p>La candidata ciudadana propone sectorizar la presencia policial, distribuyendo estrat\u00e9gicamente a los elementos en todo el municipio, especialmente en las localidades m\u00e1s alejadas de la cabecera. Adem\u00e1s, se comprometi\u00f3 a equipar a Altotonga con tecnolog\u00eda de punta, como c\u00e1maras de vigilancia en puntos clave como entradas y salidas del municipio, la zona centro y \u00e1reas de alta concentraci\u00f3n poblacional, incluyendo las maquiladoras.<\/p>\n\n\n\n<p>Tambi\u00e9n anunci\u00f3 la creaci\u00f3n de un C2 (Centro de Control y Comando) desde donde se dar\u00e1 seguimiento a todas las operaciones de seguridad. Asimismo, se establecer\u00e1 una coordinaci\u00f3n permanente entre la polic\u00eda municipal, la polic\u00eda estatal y la Guardia Nacional.<\/p>\n\n\n\n<p>\u00abPara lograr un Altotonga seguro, es esencial el di\u00e1logo constante con todos los sectores de la sociedad\u00bb, se\u00f1al\u00f3 Ivonne Trujillo. \u00abNos reuniremos con representantes de las maquiladoras, el sector transportista y otros actores clave para escuchar sus necesidades y trabajar juntos en soluciones efectivas\u00bb.<\/p>\n\n\n\n<p>Con \u00abla fuerza del coraz\u00f3n\u00bb y un enfoque integral, Ivonne Trujillo se compromete a transformar Altotonga en un municipio donde ni\u00f1as, ni\u00f1os, adolescentes, mujeres y hombres se sientan tranquilos y seguros.<\/p>\n","protected":false},"excerpt":{"rendered":"<p>[S\u00edguenos ahora tambi\u00e9n en WhatsApp.\u00a0Da clic aqu\u00ed]\u00a0 Ivonne Trujillo, candidata a la presidencia municipal de Altotonga por Movimiento Ciudadano, ha presentado su plan integral para fortalecer la seguridad en el municipio, destacando la importancia de dignificar el trabajo de los polic\u00edas y de implementar tecnolog\u00eda de vanguardia. La candidata del partido naranja enfatiz\u00f3 que su [&hellip;]<\/p>\n","protected":false},"author":2,"featured_media":145519,"comment_status":"closed","ping_status":"closed","sticky":false,"template":"","format":"standard","meta":{"tdm_status":"","tdm_grid_status":"","footnotes":""},"categories":[73],"tags":[2119,13134,2327],"class_list":{"0":"post-145518","1":"post","2":"type-post","3":"status-publish","4":"format-standard","5":"has-post-thumbnail","7":"category-de-boleto","8":"tag-altotonga","9":"tag-ivonne-trujillo","10":"tag-movimiento-ciudadano"},"yoast_head":"<!-- This site is optimized with the Yoast SEO plugin v27.4 - https:\/\/yoast.com\/product\/yoast-seo-wordpress\/ -->\n<title>SEGURIDAD CON TECNOLOG\u00cdA Y CORAZ\u00d3N! - Los pol\u00edticos Veracruz<\/title>\n<meta name=\"robots\" content=\"index, follow, max-snippet:-1, max-image-preview:large, max-video-preview:-1\" \/>\n<link rel=\"canonical\" href=\"https:\/\/lospoliticosveracruz.com\/?p=145518\" \/>\n<meta property=\"og:locale\" content=\"es_ES\" \/>\n<meta property=\"og:type\" content=\"article\" \/>\n<meta property=\"og:title\" content=\"SEGURIDAD CON TECNOLOG\u00cdA Y CORAZ\u00d3N! - Los pol\u00edticos Veracruz\" \/>\n<meta property=\"og:description\" content=\"[S\u00edguenos ahora tambi\u00e9n en WhatsApp.\u00a0Da clic aqu\u00ed]\u00a0 Ivonne Trujillo, candidata a la presidencia municipal de Altotonga por Movimiento Ciudadano, ha presentado su plan integral para fortalecer la seguridad en el municipio, destacando la importancia de dignificar el trabajo de los polic\u00edas y de implementar tecnolog\u00eda de vanguardia. La candidata del partido naranja enfatiz\u00f3 que su [&hellip;]\" \/>\n<meta property=\"og:url\" content=\"https:\/\/lospoliticosveracruz.com\/?p=145518\" \/>\n<meta property=\"og:site_name\" content=\"Los pol\u00edticos Veracruz\" \/>\n<meta property=\"article:publisher\" content=\"https:\/\/www.facebook.com\/people\/Notimemes-de-los-Polticos\/61565672886568\/\" \/>\n<meta property=\"article:published_time\" content=\"2025-05-24T17:19:17+00:00\" \/>\n<meta property=\"article:modified_time\" content=\"2025-05-24T17:19:33+00:00\" \/>\n<meta property=\"og:image\" content=\"https:\/\/lospoliticosveracruz.com\/wp-content\/uploads\/2025\/05\/7bfc8e42-035e-4cd4-aa4c-c28b759a3a75.jpeg\" \/>\n\t<meta property=\"og:image:width\" content=\"1600\" \/>\n\t<meta property=\"og:image:height\" content=\"1200\" \/>\n\t<meta property=\"og:image:type\" content=\"image\/jpeg\" \/>\n<meta name=\"author\" content=\"Lo viste en Los Pol\u00edticos\" \/>\n<meta name=\"twitter:card\" content=\"summary_large_image\" \/>\n<meta name=\"twitter:creator\" content=\"@LosPoliticosVer\" \/>\n<meta name=\"twitter:site\" content=\"@LosPoliticosVer\" \/>\n<meta name=\"twitter:label1\" content=\"Escrito por\" \/>\n\t<meta name=\"twitter:data1\" content=\"Lo viste en Los Pol\u00edticos\" \/>\n\t<meta name=\"twitter:label2\" content=\"Tiempo de lectura\" \/>\n\t<meta name=\"twitter:data2\" content=\"2 minutos\" \/>\n<script type=\"application\/ld+json\" class=\"yoast-schema-graph\">{\"@context\":\"https:\\\/\\\/schema.org\",\"@graph\":[{\"@type\":\"Article\",\"@id\":\"https:\\\/\\\/lospoliticosveracruz.com\\\/?p=145518#article\",\"isPartOf\":{\"@id\":\"https:\\\/\\\/lospoliticosveracruz.com\\\/?p=145518\"},\"author\":{\"name\":\"Lo viste en Los Pol\u00edticos\",\"@id\":\"https:\\\/\\\/lospoliticosveracruz.com\\\/#\\\/schema\\\/person\\\/b8702bb0e538456e6efd07080bf2a4a2\"},\"headline\":\"SEGURIDAD CON TECNOLOG\u00cdA Y CORAZ\u00d3N!\",\"datePublished\":\"2025-05-24T17:19:17+00:00\",\"dateModified\":\"2025-05-24T17:19:33+00:00\",\"mainEntityOfPage\":{\"@id\":\"https:\\\/\\\/lospoliticosveracruz.com\\\/?p=145518\"},\"wordCount\":314,\"publisher\":{\"@id\":\"https:\\\/\\\/lospoliticosveracruz.com\\\/#organization\"},\"image\":{\"@id\":\"https:\\\/\\\/lospoliticosveracruz.com\\\/?p=145518#primaryimage\"},\"thumbnailUrl\":\"https:\\\/\\\/lospoliticosveracruz.com\\\/wp-content\\\/uploads\\\/2025\\\/05\\\/7bfc8e42-035e-4cd4-aa4c-c28b759a3a75.jpeg\",\"keywords\":[\"Altotonga\",\"Ivonne Trujillo\",\"Movimiento Ciudadano\"],\"articleSection\":[\"De Boleto\"],\"inLanguage\":\"es\"},{\"@type\":\"WebPage\",\"@id\":\"https:\\\/\\\/lospoliticosveracruz.com\\\/?p=145518\",\"url\":\"https:\\\/\\\/lospoliticosveracruz.com\\\/?p=145518\",\"name\":\"SEGURIDAD CON TECNOLOG\u00cdA Y CORAZ\u00d3N! - Los pol\u00edticos Veracruz\",\"isPartOf\":{\"@id\":\"https:\\\/\\\/lospoliticosveracruz.com\\\/#website\"},\"primaryImageOfPage\":{\"@id\":\"https:\\\/\\\/lospoliticosveracruz.com\\\/?p=145518#primaryimage\"},\"image\":{\"@id\":\"https:\\\/\\\/lospoliticosveracruz.com\\\/?p=145518#primaryimage\"},\"thumbnailUrl\":\"https:\\\/\\\/lospoliticosveracruz.com\\\/wp-content\\\/uploads\\\/2025\\\/05\\\/7bfc8e42-035e-4cd4-aa4c-c28b759a3a75.jpeg\",\"datePublished\":\"2025-05-24T17:19:17+00:00\",\"dateModified\":\"2025-05-24T17:19:33+00:00\",\"breadcrumb\":{\"@id\":\"https:\\\/\\\/lospoliticosveracruz.com\\\/?p=145518#breadcrumb\"},\"inLanguage\":\"es\",\"potentialAction\":[{\"@type\":\"ReadAction\",\"target\":[\"https:\\\/\\\/lospoliticosveracruz.com\\\/?p=145518\"]}]},{\"@type\":\"ImageObject\",\"inLanguage\":\"es\",\"@id\":\"https:\\\/\\\/lospoliticosveracruz.com\\\/?p=145518#primaryimage\",\"url\":\"https:\\\/\\\/lospoliticosveracruz.com\\\/wp-content\\\/uploads\\\/2025\\\/05\\\/7bfc8e42-035e-4cd4-aa4c-c28b759a3a75.jpeg\",\"contentUrl\":\"https:\\\/\\\/lospoliticosveracruz.com\\\/wp-content\\\/uploads\\\/2025\\\/05\\\/7bfc8e42-035e-4cd4-aa4c-c28b759a3a75.jpeg\",\"width\":1600,\"height\":1200},{\"@type\":\"BreadcrumbList\",\"@id\":\"https:\\\/\\\/lospoliticosveracruz.com\\\/?p=145518#breadcrumb\",\"itemListElement\":[{\"@type\":\"ListItem\",\"position\":1,\"name\":\"Portada\",\"item\":\"https:\\\/\\\/lospoliticosveracruz.com\\\/\"},{\"@type\":\"ListItem\",\"position\":2,\"name\":\"SEGURIDAD CON TECNOLOG\u00cdA Y CORAZ\u00d3N!\"}]},{\"@type\":\"WebSite\",\"@id\":\"https:\\\/\\\/lospoliticosveracruz.com\\\/#website\",\"url\":\"https:\\\/\\\/lospoliticosveracruz.com\\\/\",\"name\":\"Los pol\u00edticos Veracruz\",\"description\":\"\",\"publisher\":{\"@id\":\"https:\\\/\\\/lospoliticosveracruz.com\\\/#organization\"},\"potentialAction\":[{\"@type\":\"SearchAction\",\"target\":{\"@type\":\"EntryPoint\",\"urlTemplate\":\"https:\\\/\\\/lospoliticosveracruz.com\\\/?s={search_term_string}\"},\"query-input\":{\"@type\":\"PropertyValueSpecification\",\"valueRequired\":true,\"valueName\":\"search_term_string\"}}],\"inLanguage\":\"es\"},{\"@type\":\"Organization\",\"@id\":\"https:\\\/\\\/lospoliticosveracruz.com\\\/#organization\",\"name\":\"Los pol\u00edticos Veracruz\",\"url\":\"https:\\\/\\\/lospoliticosveracruz.com\\\/\",\"logo\":{\"@type\":\"ImageObject\",\"inLanguage\":\"es\",\"@id\":\"https:\\\/\\\/lospoliticosveracruz.com\\\/#\\\/schema\\\/logo\\\/image\\\/\",\"url\":\"https:\\\/\\\/lospoliticosveracruz.com\\\/wp-content\\\/uploads\\\/2025\\\/12\\\/Logo-Nuevo-LOS-POLITICOS-1.jpg\",\"contentUrl\":\"https:\\\/\\\/lospoliticosveracruz.com\\\/wp-content\\\/uploads\\\/2025\\\/12\\\/Logo-Nuevo-LOS-POLITICOS-1.jpg\",\"width\":260,\"height\":70,\"caption\":\"Los pol\u00edticos Veracruz\"},\"image\":{\"@id\":\"https:\\\/\\\/lospoliticosveracruz.com\\\/#\\\/schema\\\/logo\\\/image\\\/\"},\"sameAs\":[\"https:\\\/\\\/www.facebook.com\\\/people\\\/Notimemes-de-los-Polticos\\\/61565672886568\\\/\",\"https:\\\/\\\/x.com\\\/LosPoliticosVer\"]},{\"@type\":\"Person\",\"@id\":\"https:\\\/\\\/lospoliticosveracruz.com\\\/#\\\/schema\\\/person\\\/b8702bb0e538456e6efd07080bf2a4a2\",\"name\":\"Lo viste en Los Pol\u00edticos\",\"image\":{\"@type\":\"ImageObject\",\"inLanguage\":\"es\",\"@id\":\"https:\\\/\\\/secure.gravatar.com\\\/avatar\\\/3a8de04a2656d44082be478bd6c086daa447c4651605818287b9532d3d0bd435?s=96&d=mm&r=g\",\"url\":\"https:\\\/\\\/secure.gravatar.com\\\/avatar\\\/3a8de04a2656d44082be478bd6c086daa447c4651605818287b9532d3d0bd435?s=96&d=mm&r=g\",\"contentUrl\":\"https:\\\/\\\/secure.gravatar.com\\\/avatar\\\/3a8de04a2656d44082be478bd6c086daa447c4651605818287b9532d3d0bd435?s=96&d=mm&r=g\",\"caption\":\"Lo viste en Los Pol\u00edticos\"},\"url\":\"https:\\\/\\\/lospoliticosveracruz.com\\\/?author=2\"}]}<\/script>\n<!-- \/ Yoast SEO plugin. -->","yoast_head_json":{"title":"SEGURIDAD CON TECNOLOG\u00cdA Y CORAZ\u00d3N! - Los pol\u00edticos Veracruz","robots":{"index":"index","follow":"follow","max-snippet":"max-snippet:-1","max-image-preview":"max-image-preview:large","max-video-preview":"max-video-preview:-1"},"canonical":"https:\/\/lospoliticosveracruz.com\/?p=145518","og_locale":"es_ES","og_type":"article","og_title":"SEGURIDAD CON TECNOLOG\u00cdA Y CORAZ\u00d3N! - Los pol\u00edticos Veracruz","og_description":"[S\u00edguenos ahora tambi\u00e9n en WhatsApp.\u00a0Da clic aqu\u00ed]\u00a0 Ivonne Trujillo, candidata a la presidencia municipal de Altotonga por Movimiento Ciudadano, ha presentado su plan integral para fortalecer la seguridad en el municipio, destacando la importancia de dignificar el trabajo de los polic\u00edas y de implementar tecnolog\u00eda de vanguardia. La candidata del partido naranja enfatiz\u00f3 que su [&hellip;]","og_url":"https:\/\/lospoliticosveracruz.com\/?p=145518","og_site_name":"Los pol\u00edticos Veracruz","article_publisher":"https:\/\/www.facebook.com\/people\/Notimemes-de-los-Polticos\/61565672886568\/","article_published_time":"2025-05-24T17:19:17+00:00","article_modified_time":"2025-05-24T17:19:33+00:00","og_image":[{"width":1600,"height":1200,"url":"https:\/\/lospoliticosveracruz.com\/wp-content\/uploads\/2025\/05\/7bfc8e42-035e-4cd4-aa4c-c28b759a3a75.jpeg","type":"image\/jpeg"}],"author":"Lo viste en Los Pol\u00edticos","twitter_card":"summary_large_image","twitter_creator":"@LosPoliticosVer","twitter_site":"@LosPoliticosVer","twitter_misc":{"Escrito por":"Lo viste en Los Pol\u00edticos","Tiempo de lectura":"2 minutos"},"schema":{"@context":"https:\/\/schema.org","@graph":[{"@type":"Article","@id":"https:\/\/lospoliticosveracruz.com\/?p=145518#article","isPartOf":{"@id":"https:\/\/lospoliticosveracruz.com\/?p=145518"},"author":{"name":"Lo viste en Los Pol\u00edticos","@id":"https:\/\/lospoliticosveracruz.com\/#\/schema\/person\/b8702bb0e538456e6efd07080bf2a4a2"},"headline":"SEGURIDAD CON TECNOLOG\u00cdA Y CORAZ\u00d3N!","datePublished":"2025-05-24T17:19:17+00:00","dateModified":"2025-05-24T17:19:33+00:00","mainEntityOfPage":{"@id":"https:\/\/lospoliticosveracruz.com\/?p=145518"},"wordCount":314,"publisher":{"@id":"https:\/\/lospoliticosveracruz.com\/#organization"},"image":{"@id":"https:\/\/lospoliticosveracruz.com\/?p=145518#primaryimage"},"thumbnailUrl":"https:\/\/lospoliticosveracruz.com\/wp-content\/uploads\/2025\/05\/7bfc8e42-035e-4cd4-aa4c-c28b759a3a75.jpeg","keywords":["Altotonga","Ivonne Trujillo","Movimiento Ciudadano"],"articleSection":["De Boleto"],"inLanguage":"es"},{"@type":"WebPage","@id":"https:\/\/lospoliticosveracruz.com\/?p=145518","url":"https:\/\/lospoliticosveracruz.com\/?p=145518","name":"SEGURIDAD CON TECNOLOG\u00cdA Y CORAZ\u00d3N! - Los pol\u00edticos Veracruz","isPartOf":{"@id":"https:\/\/lospoliticosveracruz.com\/#website"},"primaryImageOfPage":{"@id":"https:\/\/lospoliticosveracruz.com\/?p=145518#primaryimage"},"image":{"@id":"https:\/\/lospoliticosveracruz.com\/?p=145518#primaryimage"},"thumbnailUrl":"https:\/\/lospoliticosveracruz.com\/wp-content\/uploads\/2025\/05\/7bfc8e42-035e-4cd4-aa4c-c28b759a3a75.jpeg","datePublished":"2025-05-24T17:19:17+00:00","dateModified":"2025-05-24T17:19:33+00:00","breadcrumb":{"@id":"https:\/\/lospoliticosveracruz.com\/?p=145518#breadcrumb"},"inLanguage":"es","potentialAction":[{"@type":"ReadAction","target":["https:\/\/lospoliticosveracruz.com\/?p=145518"]}]},{"@type":"ImageObject","inLanguage":"es","@id":"https:\/\/lospoliticosveracruz.com\/?p=145518#primaryimage","url":"https:\/\/lospoliticosveracruz.com\/wp-content\/uploads\/2025\/05\/7bfc8e42-035e-4cd4-aa4c-c28b759a3a75.jpeg","contentUrl":"https:\/\/lospoliticosveracruz.com\/wp-content\/uploads\/2025\/05\/7bfc8e42-035e-4cd4-aa4c-c28b759a3a75.jpeg","width":1600,"height":1200},{"@type":"BreadcrumbList","@id":"https:\/\/lospoliticosveracruz.com\/?p=145518#breadcrumb","itemListElement":[{"@type":"ListItem","position":1,"name":"Portada","item":"https:\/\/lospoliticosveracruz.com\/"},{"@type":"ListItem","position":2,"name":"SEGURIDAD CON TECNOLOG\u00cdA Y CORAZ\u00d3N!"}]},{"@type":"WebSite","@id":"https:\/\/lospoliticosveracruz.com\/#website","url":"https:\/\/lospoliticosveracruz.com\/","name":"Los pol\u00edticos Veracruz","description":"","publisher":{"@id":"https:\/\/lospoliticosveracruz.com\/#organization"},"potentialAction":[{"@type":"SearchAction","target":{"@type":"EntryPoint","urlTemplate":"https:\/\/lospoliticosveracruz.com\/?s={search_term_string}"},"query-input":{"@type":"PropertyValueSpecification","valueRequired":true,"valueName":"search_term_string"}}],"inLanguage":"es"},{"@type":"Organization","@id":"https:\/\/lospoliticosveracruz.com\/#organization","name":"Los pol\u00edticos Veracruz","url":"https:\/\/lospoliticosveracruz.com\/","logo":{"@type":"ImageObject","inLanguage":"es","@id":"https:\/\/lospoliticosveracruz.com\/#\/schema\/logo\/image\/","url":"https:\/\/lospoliticosveracruz.com\/wp-content\/uploads\/2025\/12\/Logo-Nuevo-LOS-POLITICOS-1.jpg","contentUrl":"https:\/\/lospoliticosveracruz.com\/wp-content\/uploads\/2025\/12\/Logo-Nuevo-LOS-POLITICOS-1.jpg","width":260,"height":70,"caption":"Los pol\u00edticos Veracruz"},"image":{"@id":"https:\/\/lospoliticosveracruz.com\/#\/schema\/logo\/image\/"},"sameAs":["https:\/\/www.facebook.com\/people\/Notimemes-de-los-Polticos\/61565672886568\/","https:\/\/x.com\/LosPoliticosVer"]},{"@type":"Person","@id":"https:\/\/lospoliticosveracruz.com\/#\/schema\/person\/b8702bb0e538456e6efd07080bf2a4a2","name":"Lo viste en Los Pol\u00edticos","image":{"@type":"ImageObject","inLanguage":"es","@id":"https:\/\/secure.gravatar.com\/avatar\/3a8de04a2656d44082be478bd6c086daa447c4651605818287b9532d3d0bd435?s=96&d=mm&r=g","url":"https:\/\/secure.gravatar.com\/avatar\/3a8de04a2656d44082be478bd6c086daa447c4651605818287b9532d3d0bd435?s=96&d=mm&r=g","contentUrl":"https:\/\/secure.gravatar.com\/avatar\/3a8de04a2656d44082be478bd6c086daa447c4651605818287b9532d3d0bd435?s=96&d=mm&r=g","caption":"Lo viste en Los Pol\u00edticos"},"url":"https:\/\/lospoliticosveracruz.com\/?author=2"}]}},"_links":{"self":[{"href":"https:\/\/lospoliticosveracruz.com\/index.php?rest_route=\/wp\/v2\/posts\/145518","targetHints":{"allow":["GET"]}}],"collection":[{"href":"https:\/\/lospoliticosveracruz.com\/index.php?rest_route=\/wp\/v2\/posts"}],"about":[{"href":"https:\/\/lospoliticosveracruz.com\/index.php?rest_route=\/wp\/v2\/types\/post"}],"author":[{"embeddable":true,"href":"https:\/\/lospoliticosveracruz.com\/index.php?rest_route=\/wp\/v2\/users\/2"}],"replies":[{"embeddable":true,"href":"https:\/\/lospoliticosveracruz.com\/index.php?rest_route=%2Fwp%2Fv2%2Fcomments&post=145518"}],"version-history":[{"count":1,"href":"https:\/\/lospoliticosveracruz.com\/index.php?rest_route=\/wp\/v2\/posts\/145518\/revisions"}],"predecessor-version":[{"id":145520,"href":"https:\/\/lospoliticosveracruz.com\/index.php?rest_route=\/wp\/v2\/posts\/145518\/revisions\/145520"}],"wp:featuredmedia":[{"embeddable":true,"href":"https:\/\/lospoliticosveracruz.com\/index.php?rest_route=\/wp\/v2\/media\/145519"}],"wp:attachment":[{"href":"https:\/\/lospoliticosveracruz.com\/index.php?rest_route=%2Fwp%2Fv2%2Fmedia&parent=145518"}],"wp:term":[{"taxonomy":"category","embeddable":true,"href":"https:\/\/lospoliticosveracruz.com\/index.php?rest_route=%2Fwp%2Fv2%2Fcategories&post=145518"},{"taxonomy":"post_tag","embeddable":true,"href":"https:\/\/lospoliticosveracruz.com\/index.php?rest_route=%2Fwp%2Fv2%2Ftags&post=145518"}],"curies":[{"name":"wp","href":"https:\/\/api.w.org\/{rel}","templated":true}]}}