{"id":145545,"date":"2025-05-25T05:16:46","date_gmt":"2025-05-25T10:16:46","guid":{"rendered":"https:\/\/lospoliticosveracruz.com.mx\/?p=145545"},"modified":"2025-05-25T05:16:59","modified_gmt":"2025-05-25T10:16:59","slug":"el-error-de-claudia-tello","status":"publish","type":"post","link":"https:\/\/lospoliticosveracruz.com\/?p=145545","title":{"rendered":"EL ERROR DE CLAUDIA TELLO"},"content":{"rendered":"\n<p><br>[S\u00edguenos ahora tambi\u00e9n en WhatsApp.\u00a0<a href=\"https:\/\/whatsapp.com\/channel\/0029Va8zRWlEKyZIP3Z1dF0e\"><strong><em>Da clic aqu\u00ed<\/em><\/strong><\/a>]\u00a0<br><strong>Ricardo Chua<\/strong><\/p>\n\n\n\n<p><em>Sale y Vale<\/em><\/p>\n\n\n\n<p>Vaya situaci\u00f3n en la que est\u00e1 inmersa la secretar\u00eda de Educaci\u00f3n en Veracruz, Claudia Tello, y tiene al gobierno federal encima de su cargo p\u00fablico por un \u00aberror de c\u00e1lculo\u00bb que ella no midi\u00f3 y se fue de \u00abbruces\u00bb al meterse con qui\u00e9n no deb\u00eda.. Ya que resulta que la senadora con licencia, el pasado 15 de mayo, en la celebraci\u00f3n del D\u00eda del Maestro, llevado a cabo en el \u00abWorld Trade Center\u00bb de Boca del R\u00edo.. Despu\u00e9s de una soberana rechifla por parte de los maestros ah\u00ed presentes, porque no les entregaron sus medallas al m\u00e9rito.. A ella se le ocurri\u00f3 culpar del asunto al secretario de Educaci\u00f3n P\u00fablica, Mario Delgado Carrillo.. CRASO ERROR..<\/p>\n\n\n\n<p>Ah\u00ed en ese evento delante de la gobernadora Roc\u00edo Nahle y de los cientos de maestros ah\u00ed presentes.. Tello se\u00f1al\u00f3 que las medallas no llegaron al WTC, no por culpa del gobierno del Estado, sino porque Mario Delgado no las mand\u00f3 a tiempo.. Obvio que esa declaraci\u00f3n y los chismes de los abucheos llegaron a la CDMX.. Por esa situaci\u00f3n, es que en la SEP, cuenta \u00abGarganta Profunda\u00bb, que andan muy molestos con la titular de la SEV en Veracruz, porque sin \u00abdeberla, ni temerla\u00bb se expuso la figura de Delgado Carrillo y eso no gust\u00f3 en nada en el gobierno federal.. Sobre todo que la figura del titular de la SEP fue tambi\u00e9n abucheada..<\/p>\n\n\n\n<p>Por eso, en CDMX dentro de la SEP se\u00f1alan, que si bien es cierto, en este momento, Mario Delgado anda m\u00e1s ocupado por resolver los conflictos y las manifestaciones que tiene la CNTE en la capital del pa\u00eds.. Pero que pasando estos temas y las elecciones locales en Veracruz.. Este mismo personaje pedir\u00e1 cuentas al Gobierno de Veracruz, por el actuar de la titular de la SEV.. Ya que todo ese asunto de las medallas al m\u00e9rito de los maestros, que faltaron en su celebraci\u00f3n en Veracruz, fue un ERROR de la Secretar\u00eda de Educaci\u00f3n en el Estado, no de la SEP.. Y ese tipo de afrentas en la 4T tambi\u00e9n se \u00abcobran\u00bb.. Bien dicen que: \u00abEn esta vida, no es indio el que no se venga\u00bb..<\/p>\n\n\n\n<p>PEROTE PARA EL PRI.. Menciona \u00abGarganta Profunda\u00bb que pese a la \u00abOperaci\u00f3n de Estado\u00bb que est\u00e1n llevando a cabo en el municipio de Perote.. Para que esta alcald\u00eda quede en manos de MORENA y de su candidato Jorge Bonilla Merino, pues, no les est\u00e1 resultando, pese a los personajes que han llegado a \u00abayudar\u00bb al aspirante \u00abMoreno\u00bb.. Que no est\u00e1 caminando con ning\u00fan actor pol\u00edtico de la regi\u00f3n en su campa\u00f1a, que le dio estructura y fuerza a MORENA.. Bonilla camina s\u00f3lo y ese fue su GRAN ERROR.. En Perote, no lo ven como suyo y con operadores que tampoco son de ah\u00ed.. Est\u00e1 provocando que todos se vayan con el candidato del PRI, Vinicio Ascencio Fern\u00e1ndez.. QUI\u00c9N LO DIR\u00cdA..<\/p>\n\n\n\n<p>Hasta hace unas semanas.. Todo apuntaba que Perote caer\u00eda a manos de MORENA.. Ya que el principal activo pol\u00edtico del PRI, que es Jos\u00e9 Francisco Yunes Zorrilla, se hab\u00eda replegado del municipio para irse a operar a Xalapa con su equipo a la campa\u00f1a de Silvio Lagos Galindo.. Pero los errores de exclusi\u00f3n en la campa\u00f1a de los Morenos con sus actores pol\u00edticos locales, que la operaci\u00f3n est\u00e9 manejada por extra\u00f1os y que los que llegan a \u00abayudar\u00bb s\u00f3lo le llevan m\u00e1s \u00abcompromisos\u00bb a Bonilla, lo que provocar\u00e1 que quede supeditado a \u00abpagar\u00bb todos esos \u00abfavores\u00bb pol\u00edticos, si gana la alcald\u00eda.. Es lo que ha provocado la ca\u00edda de este partido..<\/p>\n\n\n\n<p>Los mismos sondeos de MORENA ahora se\u00f1alan, que el candidato del PRI, Vinicio Ascencio lleva 4 puntos de ventaja a Jorge Bonilla.. Lo cual deja la elecci\u00f3n en EMPATE T\u00c9CNICO pero con la diferencia que Ascencio conoce bien el municipio y sus operadores tambi\u00e9n.. Y los operadores de Bonilla son \u00abfuere\u00f1os\u00bb y los que son de ah\u00ed, est\u00e1n excluidos.. As\u00ed no se puede.. El senador Manuel Huerta, el operador de MORENA en el distrito en 2024, fue \u00abechado\u00bb del municipio por los operadores de Jorge Bonilla.. Y sin Huerta no tienen la operaci\u00f3n pol\u00edtica debida, esto beneficia al \u00ab\u00b4T\u00edo Vini\u00bb.. Y OJO al priista lo est\u00e1n apoyando poderosos amigos de Pepe Yunes.. Perote ser\u00e1 de nuevo tricolor.. AMEN..<\/p>\n\n\n\n<p>XALAPA NADA PARA NADIE.. A pesar de que la 4T est\u00e1 se\u00f1alando en publicaciones de sus redes sociales y medios de comunicaci\u00f3n que la candidata de MORENA, Daniela Griego lleva alrededor de 20 puntos de ventaja sobre sus m\u00e1s cercanos competidores.. \u00abGarganta Profunda\u00bb averigu\u00f3 que al interior de ese partido y los operadores del gobierno del Estado, se\u00f1alan que esos n\u00fameros no cuadran con lo que se est\u00e1 viendo en la calle y la respuesta social a la contienda de la aspirante morenista en Xalapa.. Ya que mencionan que si bien le va a Griego s\u00f3lo est\u00e1 a 2 o 3 puntos de ventaja sobre Silvio Lagos, del PRI y uno o dos puntos m\u00e1s sobre Rom\u00e1n Moreno de Movimiento Ciudadano..<\/p>\n\n\n\n<p>No hay m\u00e1s, entre ellos 3 est\u00e1n el pr\u00f3ximo alcalde de Xalapa.. Pero que MORENA no trae los n\u00fameros que presume.. La elecci\u00f3n en la capital por la presidencia municipal en este momento est\u00e1 en EMPATE T\u00c9CNICO.. Quedando descartadas Maribel Ram\u00edrez, por el PAN y Yolanda Hern\u00e1ndez por el PT.. Todo este panorama electoral que se viene presentando desde abril a la fecha.. Tiene m\u00e1s que preocupado a Palacio de Gobierno.. De que con Silvio o Rom\u00e1n se le pueda presentar en la capital un caso como el de Rafael Hern\u00e1ndez Villalpando, en 1997.. Reynaldo Escobar, en el 2000.. Hip\u00f3lito Rodr\u00edguez, en 2017.. El voto de Xalapa es y ha sido \u00abantisistema\u00bb.. Votan de manera inteligente..<\/p>\n\n\n\n<p>De por s\u00ed en MORENA saben bien.. Que todo el voto del magisterio en Xalapa lo traen en contra.. Lo mismo con el voto de la burocracia, que no est\u00e1 muy contenta con este gobierno estatal.. Si a eso se le suma, que su principal activo pol\u00edtico que es Ricardo Ahued, es secretario de Gobierno, pues, el voto de los morenos m\u00e1s se pierde.. Sobre todo porque pareciera que Ahued trae una \u00abmaldici\u00f3n\u00bb en Xalapa.. Si \u00e9l no va de candidato, no ganan.. No transfiere sus votos, ni su capital pol\u00edtico.. Vean como Roc\u00edo Nahle en 2024 perdi\u00f3 la elecci\u00f3n en la capital.. Y si a eso le suman el crecimiento de Silvio Lagos y Rom\u00e1n Moreno, la cosa se le pone m\u00e1s dif\u00edcil..<\/p>\n\n\n\n<p>El caso del crecimiento de Silvio Lagos en las \u00faltimas semanas, es m\u00e1s que evidente.. Si bien es cierto el PRI est\u00e1 desahuciado como partido , la gente va por el candidato, misma situaci\u00f3n que le pas\u00f3 a Pepe Yunes en 2024.. Creci\u00f3 y la estructura de Pepe que gan\u00f3 el a\u00f1o pasado Xalapa est\u00e1 trabajando con Lagos Galindo, eso le da el \u00abplus\u00bb al priista, que tiene la elecci\u00f3n en EMPATE T\u00c9CNICO.. Y \u00abcaballo que alcanza gana\u00bb.. Mientras Rom\u00e1n Moreno est\u00e1 quit\u00e1ndole votos a MORENA y al PVEM.. Con la tendencia de crecimiento electoral que tiene MC en esta elecci\u00f3n.. Tambi\u00e9n le puede dar una sorpresa a Daniela Griego.. Por lo pronto, la moneda est\u00e1 en el aire.. Y ahora nadie puede decir que Xalapa es suyo.. El voto es impredecible.. EL QUE ENTENDI\u00d3, LO ENTENDI\u00d3..<\/p>\n","protected":false},"excerpt":{"rendered":"<p>[S\u00edguenos ahora tambi\u00e9n en WhatsApp.\u00a0Da clic aqu\u00ed]\u00a0Ricardo Chua Sale y Vale Vaya situaci\u00f3n en la que est\u00e1 inmersa la secretar\u00eda de Educaci\u00f3n en Veracruz, Claudia Tello, y tiene al gobierno federal encima de su cargo p\u00fablico por un \u00aberror de c\u00e1lculo\u00bb que ella no midi\u00f3 y se fue de \u00abbruces\u00bb al meterse con qui\u00e9n no [&hellip;]<\/p>\n","protected":false},"author":2,"featured_media":141434,"comment_status":"closed","ping_status":"closed","sticky":false,"template":"","format":"standard","meta":{"tdm_status":"","tdm_grid_status":"","footnotes":""},"categories":[70],"tags":[19961,5622,12596,20170,1026,148,432,195,96],"class_list":{"0":"post-145545","1":"post","2":"type-post","3":"status-publish","4":"format-standard","5":"has-post-thumbnail","7":"category-de-opinion","8":"tag-claudia-tello","9":"tag-daniela-griego","10":"tag-mario-delgado","11":"tag-mario-delgado-carrillo","12":"tag-morena","13":"tag-perote","14":"tag-silvio-lagos-galindo","15":"tag-veracruz","16":"tag-xalapa"},"yoast_head":"<!-- This site is optimized with the Yoast SEO plugin v27.4 - https:\/\/yoast.com\/product\/yoast-seo-wordpress\/ -->\n<title>EL ERROR DE CLAUDIA TELLO - Los pol\u00edticos Veracruz<\/title>\n<meta name=\"robots\" content=\"index, follow, max-snippet:-1, max-image-preview:large, max-video-preview:-1\" \/>\n<link rel=\"canonical\" href=\"https:\/\/lospoliticosveracruz.com\/?p=145545\" \/>\n<meta property=\"og:locale\" content=\"es_ES\" \/>\n<meta property=\"og:type\" content=\"article\" \/>\n<meta property=\"og:title\" content=\"EL ERROR DE CLAUDIA TELLO - Los pol\u00edticos Veracruz\" \/>\n<meta property=\"og:description\" content=\"[S\u00edguenos ahora tambi\u00e9n en WhatsApp.\u00a0Da clic aqu\u00ed]\u00a0Ricardo Chua Sale y Vale Vaya situaci\u00f3n en la que est\u00e1 inmersa la secretar\u00eda de Educaci\u00f3n en Veracruz, Claudia Tello, y tiene al gobierno federal encima de su cargo p\u00fablico por un \u00aberror de c\u00e1lculo\u00bb que ella no midi\u00f3 y se fue de \u00abbruces\u00bb al meterse con qui\u00e9n no [&hellip;]\" \/>\n<meta property=\"og:url\" content=\"https:\/\/lospoliticosveracruz.com\/?p=145545\" \/>\n<meta property=\"og:site_name\" content=\"Los pol\u00edticos Veracruz\" \/>\n<meta property=\"article:publisher\" content=\"https:\/\/www.facebook.com\/people\/Notimemes-de-los-Polticos\/61565672886568\/\" \/>\n<meta property=\"article:published_time\" content=\"2025-05-25T10:16:46+00:00\" \/>\n<meta property=\"article:modified_time\" content=\"2025-05-25T10:16:59+00:00\" \/>\n<meta property=\"og:image\" content=\"https:\/\/lospoliticosveracruz.com\/wp-content\/uploads\/2025\/04\/Chua-e1761364658706.jpg\" \/>\n\t<meta property=\"og:image:width\" content=\"600\" \/>\n\t<meta property=\"og:image:height\" content=\"320\" \/>\n\t<meta property=\"og:image:type\" content=\"image\/jpeg\" \/>\n<meta name=\"author\" content=\"Lo viste en Los Pol\u00edticos\" \/>\n<meta name=\"twitter:card\" content=\"summary_large_image\" \/>\n<meta name=\"twitter:creator\" content=\"@LosPoliticosVer\" \/>\n<meta name=\"twitter:site\" content=\"@LosPoliticosVer\" \/>\n<meta name=\"twitter:label1\" content=\"Escrito por\" \/>\n\t<meta name=\"twitter:data1\" content=\"Lo viste en Los Pol\u00edticos\" \/>\n\t<meta name=\"twitter:label2\" content=\"Tiempo de lectura\" \/>\n\t<meta name=\"twitter:data2\" content=\"7 minutos\" \/>\n<script type=\"application\/ld+json\" class=\"yoast-schema-graph\">{\"@context\":\"https:\\\/\\\/schema.org\",\"@graph\":[{\"@type\":\"Article\",\"@id\":\"https:\\\/\\\/lospoliticosveracruz.com\\\/?p=145545#article\",\"isPartOf\":{\"@id\":\"https:\\\/\\\/lospoliticosveracruz.com\\\/?p=145545\"},\"author\":{\"name\":\"Lo viste en Los Pol\u00edticos\",\"@id\":\"https:\\\/\\\/lospoliticosveracruz.com\\\/#\\\/schema\\\/person\\\/b8702bb0e538456e6efd07080bf2a4a2\"},\"headline\":\"EL ERROR DE CLAUDIA TELLO\",\"datePublished\":\"2025-05-25T10:16:46+00:00\",\"dateModified\":\"2025-05-25T10:16:59+00:00\",\"mainEntityOfPage\":{\"@id\":\"https:\\\/\\\/lospoliticosveracruz.com\\\/?p=145545\"},\"wordCount\":1312,\"publisher\":{\"@id\":\"https:\\\/\\\/lospoliticosveracruz.com\\\/#organization\"},\"image\":{\"@id\":\"https:\\\/\\\/lospoliticosveracruz.com\\\/?p=145545#primaryimage\"},\"thumbnailUrl\":\"https:\\\/\\\/lospoliticosveracruz.com\\\/wp-content\\\/uploads\\\/2025\\\/04\\\/Chua-e1761364658706.jpg\",\"keywords\":[\"Claudia Tello\",\"Daniela Griego\",\"Mario Delgado\",\"Mario Delgado Carrillo\",\"Morena\",\"Perote\",\"Silvio Lagos Galindo\",\"Veracruz\",\"Xalapa\"],\"articleSection\":[\"De Opini\u00f3n\"],\"inLanguage\":\"es\"},{\"@type\":\"WebPage\",\"@id\":\"https:\\\/\\\/lospoliticosveracruz.com\\\/?p=145545\",\"url\":\"https:\\\/\\\/lospoliticosveracruz.com\\\/?p=145545\",\"name\":\"EL ERROR DE CLAUDIA TELLO - Los pol\u00edticos Veracruz\",\"isPartOf\":{\"@id\":\"https:\\\/\\\/lospoliticosveracruz.com\\\/#website\"},\"primaryImageOfPage\":{\"@id\":\"https:\\\/\\\/lospoliticosveracruz.com\\\/?p=145545#primaryimage\"},\"image\":{\"@id\":\"https:\\\/\\\/lospoliticosveracruz.com\\\/?p=145545#primaryimage\"},\"thumbnailUrl\":\"https:\\\/\\\/lospoliticosveracruz.com\\\/wp-content\\\/uploads\\\/2025\\\/04\\\/Chua-e1761364658706.jpg\",\"datePublished\":\"2025-05-25T10:16:46+00:00\",\"dateModified\":\"2025-05-25T10:16:59+00:00\",\"breadcrumb\":{\"@id\":\"https:\\\/\\\/lospoliticosveracruz.com\\\/?p=145545#breadcrumb\"},\"inLanguage\":\"es\",\"potentialAction\":[{\"@type\":\"ReadAction\",\"target\":[\"https:\\\/\\\/lospoliticosveracruz.com\\\/?p=145545\"]}]},{\"@type\":\"ImageObject\",\"inLanguage\":\"es\",\"@id\":\"https:\\\/\\\/lospoliticosveracruz.com\\\/?p=145545#primaryimage\",\"url\":\"https:\\\/\\\/lospoliticosveracruz.com\\\/wp-content\\\/uploads\\\/2025\\\/04\\\/Chua-e1761364658706.jpg\",\"contentUrl\":\"https:\\\/\\\/lospoliticosveracruz.com\\\/wp-content\\\/uploads\\\/2025\\\/04\\\/Chua-e1761364658706.jpg\",\"width\":600,\"height\":320},{\"@type\":\"BreadcrumbList\",\"@id\":\"https:\\\/\\\/lospoliticosveracruz.com\\\/?p=145545#breadcrumb\",\"itemListElement\":[{\"@type\":\"ListItem\",\"position\":1,\"name\":\"Portada\",\"item\":\"https:\\\/\\\/lospoliticosveracruz.com\\\/\"},{\"@type\":\"ListItem\",\"position\":2,\"name\":\"EL ERROR DE CLAUDIA TELLO\"}]},{\"@type\":\"WebSite\",\"@id\":\"https:\\\/\\\/lospoliticosveracruz.com\\\/#website\",\"url\":\"https:\\\/\\\/lospoliticosveracruz.com\\\/\",\"name\":\"Los pol\u00edticos Veracruz\",\"description\":\"\",\"publisher\":{\"@id\":\"https:\\\/\\\/lospoliticosveracruz.com\\\/#organization\"},\"potentialAction\":[{\"@type\":\"SearchAction\",\"target\":{\"@type\":\"EntryPoint\",\"urlTemplate\":\"https:\\\/\\\/lospoliticosveracruz.com\\\/?s={search_term_string}\"},\"query-input\":{\"@type\":\"PropertyValueSpecification\",\"valueRequired\":true,\"valueName\":\"search_term_string\"}}],\"inLanguage\":\"es\"},{\"@type\":\"Organization\",\"@id\":\"https:\\\/\\\/lospoliticosveracruz.com\\\/#organization\",\"name\":\"Los pol\u00edticos Veracruz\",\"url\":\"https:\\\/\\\/lospoliticosveracruz.com\\\/\",\"logo\":{\"@type\":\"ImageObject\",\"inLanguage\":\"es\",\"@id\":\"https:\\\/\\\/lospoliticosveracruz.com\\\/#\\\/schema\\\/logo\\\/image\\\/\",\"url\":\"https:\\\/\\\/lospoliticosveracruz.com\\\/wp-content\\\/uploads\\\/2025\\\/12\\\/Logo-Nuevo-LOS-POLITICOS-1.jpg\",\"contentUrl\":\"https:\\\/\\\/lospoliticosveracruz.com\\\/wp-content\\\/uploads\\\/2025\\\/12\\\/Logo-Nuevo-LOS-POLITICOS-1.jpg\",\"width\":260,\"height\":70,\"caption\":\"Los pol\u00edticos Veracruz\"},\"image\":{\"@id\":\"https:\\\/\\\/lospoliticosveracruz.com\\\/#\\\/schema\\\/logo\\\/image\\\/\"},\"sameAs\":[\"https:\\\/\\\/www.facebook.com\\\/people\\\/Notimemes-de-los-Polticos\\\/61565672886568\\\/\",\"https:\\\/\\\/x.com\\\/LosPoliticosVer\"]},{\"@type\":\"Person\",\"@id\":\"https:\\\/\\\/lospoliticosveracruz.com\\\/#\\\/schema\\\/person\\\/b8702bb0e538456e6efd07080bf2a4a2\",\"name\":\"Lo viste en Los Pol\u00edticos\",\"image\":{\"@type\":\"ImageObject\",\"inLanguage\":\"es\",\"@id\":\"https:\\\/\\\/secure.gravatar.com\\\/avatar\\\/3a8de04a2656d44082be478bd6c086daa447c4651605818287b9532d3d0bd435?s=96&d=mm&r=g\",\"url\":\"https:\\\/\\\/secure.gravatar.com\\\/avatar\\\/3a8de04a2656d44082be478bd6c086daa447c4651605818287b9532d3d0bd435?s=96&d=mm&r=g\",\"contentUrl\":\"https:\\\/\\\/secure.gravatar.com\\\/avatar\\\/3a8de04a2656d44082be478bd6c086daa447c4651605818287b9532d3d0bd435?s=96&d=mm&r=g\",\"caption\":\"Lo viste en Los Pol\u00edticos\"},\"url\":\"https:\\\/\\\/lospoliticosveracruz.com\\\/?author=2\"}]}<\/script>\n<!-- \/ Yoast SEO plugin. -->","yoast_head_json":{"title":"EL ERROR DE CLAUDIA TELLO - Los pol\u00edticos Veracruz","robots":{"index":"index","follow":"follow","max-snippet":"max-snippet:-1","max-image-preview":"max-image-preview:large","max-video-preview":"max-video-preview:-1"},"canonical":"https:\/\/lospoliticosveracruz.com\/?p=145545","og_locale":"es_ES","og_type":"article","og_title":"EL ERROR DE CLAUDIA TELLO - Los pol\u00edticos Veracruz","og_description":"[S\u00edguenos ahora tambi\u00e9n en WhatsApp.\u00a0Da clic aqu\u00ed]\u00a0Ricardo Chua Sale y Vale Vaya situaci\u00f3n en la que est\u00e1 inmersa la secretar\u00eda de Educaci\u00f3n en Veracruz, Claudia Tello, y tiene al gobierno federal encima de su cargo p\u00fablico por un \u00aberror de c\u00e1lculo\u00bb que ella no midi\u00f3 y se fue de \u00abbruces\u00bb al meterse con qui\u00e9n no [&hellip;]","og_url":"https:\/\/lospoliticosveracruz.com\/?p=145545","og_site_name":"Los pol\u00edticos Veracruz","article_publisher":"https:\/\/www.facebook.com\/people\/Notimemes-de-los-Polticos\/61565672886568\/","article_published_time":"2025-05-25T10:16:46+00:00","article_modified_time":"2025-05-25T10:16:59+00:00","og_image":[{"width":600,"height":320,"url":"https:\/\/lospoliticosveracruz.com\/wp-content\/uploads\/2025\/04\/Chua-e1761364658706.jpg","type":"image\/jpeg"}],"author":"Lo viste en Los Pol\u00edticos","twitter_card":"summary_large_image","twitter_creator":"@LosPoliticosVer","twitter_site":"@LosPoliticosVer","twitter_misc":{"Escrito por":"Lo viste en Los Pol\u00edticos","Tiempo de lectura":"7 minutos"},"schema":{"@context":"https:\/\/schema.org","@graph":[{"@type":"Article","@id":"https:\/\/lospoliticosveracruz.com\/?p=145545#article","isPartOf":{"@id":"https:\/\/lospoliticosveracruz.com\/?p=145545"},"author":{"name":"Lo viste en Los Pol\u00edticos","@id":"https:\/\/lospoliticosveracruz.com\/#\/schema\/person\/b8702bb0e538456e6efd07080bf2a4a2"},"headline":"EL ERROR DE CLAUDIA TELLO","datePublished":"2025-05-25T10:16:46+00:00","dateModified":"2025-05-25T10:16:59+00:00","mainEntityOfPage":{"@id":"https:\/\/lospoliticosveracruz.com\/?p=145545"},"wordCount":1312,"publisher":{"@id":"https:\/\/lospoliticosveracruz.com\/#organization"},"image":{"@id":"https:\/\/lospoliticosveracruz.com\/?p=145545#primaryimage"},"thumbnailUrl":"https:\/\/lospoliticosveracruz.com\/wp-content\/uploads\/2025\/04\/Chua-e1761364658706.jpg","keywords":["Claudia Tello","Daniela Griego","Mario Delgado","Mario Delgado Carrillo","Morena","Perote","Silvio Lagos Galindo","Veracruz","Xalapa"],"articleSection":["De Opini\u00f3n"],"inLanguage":"es"},{"@type":"WebPage","@id":"https:\/\/lospoliticosveracruz.com\/?p=145545","url":"https:\/\/lospoliticosveracruz.com\/?p=145545","name":"EL ERROR DE CLAUDIA TELLO - Los pol\u00edticos Veracruz","isPartOf":{"@id":"https:\/\/lospoliticosveracruz.com\/#website"},"primaryImageOfPage":{"@id":"https:\/\/lospoliticosveracruz.com\/?p=145545#primaryimage"},"image":{"@id":"https:\/\/lospoliticosveracruz.com\/?p=145545#primaryimage"},"thumbnailUrl":"https:\/\/lospoliticosveracruz.com\/wp-content\/uploads\/2025\/04\/Chua-e1761364658706.jpg","datePublished":"2025-05-25T10:16:46+00:00","dateModified":"2025-05-25T10:16:59+00:00","breadcrumb":{"@id":"https:\/\/lospoliticosveracruz.com\/?p=145545#breadcrumb"},"inLanguage":"es","potentialAction":[{"@type":"ReadAction","target":["https:\/\/lospoliticosveracruz.com\/?p=145545"]}]},{"@type":"ImageObject","inLanguage":"es","@id":"https:\/\/lospoliticosveracruz.com\/?p=145545#primaryimage","url":"https:\/\/lospoliticosveracruz.com\/wp-content\/uploads\/2025\/04\/Chua-e1761364658706.jpg","contentUrl":"https:\/\/lospoliticosveracruz.com\/wp-content\/uploads\/2025\/04\/Chua-e1761364658706.jpg","width":600,"height":320},{"@type":"BreadcrumbList","@id":"https:\/\/lospoliticosveracruz.com\/?p=145545#breadcrumb","itemListElement":[{"@type":"ListItem","position":1,"name":"Portada","item":"https:\/\/lospoliticosveracruz.com\/"},{"@type":"ListItem","position":2,"name":"EL ERROR DE CLAUDIA TELLO"}]},{"@type":"WebSite","@id":"https:\/\/lospoliticosveracruz.com\/#website","url":"https:\/\/lospoliticosveracruz.com\/","name":"Los pol\u00edticos Veracruz","description":"","publisher":{"@id":"https:\/\/lospoliticosveracruz.com\/#organization"},"potentialAction":[{"@type":"SearchAction","target":{"@type":"EntryPoint","urlTemplate":"https:\/\/lospoliticosveracruz.com\/?s={search_term_string}"},"query-input":{"@type":"PropertyValueSpecification","valueRequired":true,"valueName":"search_term_string"}}],"inLanguage":"es"},{"@type":"Organization","@id":"https:\/\/lospoliticosveracruz.com\/#organization","name":"Los pol\u00edticos Veracruz","url":"https:\/\/lospoliticosveracruz.com\/","logo":{"@type":"ImageObject","inLanguage":"es","@id":"https:\/\/lospoliticosveracruz.com\/#\/schema\/logo\/image\/","url":"https:\/\/lospoliticosveracruz.com\/wp-content\/uploads\/2025\/12\/Logo-Nuevo-LOS-POLITICOS-1.jpg","contentUrl":"https:\/\/lospoliticosveracruz.com\/wp-content\/uploads\/2025\/12\/Logo-Nuevo-LOS-POLITICOS-1.jpg","width":260,"height":70,"caption":"Los pol\u00edticos Veracruz"},"image":{"@id":"https:\/\/lospoliticosveracruz.com\/#\/schema\/logo\/image\/"},"sameAs":["https:\/\/www.facebook.com\/people\/Notimemes-de-los-Polticos\/61565672886568\/","https:\/\/x.com\/LosPoliticosVer"]},{"@type":"Person","@id":"https:\/\/lospoliticosveracruz.com\/#\/schema\/person\/b8702bb0e538456e6efd07080bf2a4a2","name":"Lo viste en Los Pol\u00edticos","image":{"@type":"ImageObject","inLanguage":"es","@id":"https:\/\/secure.gravatar.com\/avatar\/3a8de04a2656d44082be478bd6c086daa447c4651605818287b9532d3d0bd435?s=96&d=mm&r=g","url":"https:\/\/secure.gravatar.com\/avatar\/3a8de04a2656d44082be478bd6c086daa447c4651605818287b9532d3d0bd435?s=96&d=mm&r=g","contentUrl":"https:\/\/secure.gravatar.com\/avatar\/3a8de04a2656d44082be478bd6c086daa447c4651605818287b9532d3d0bd435?s=96&d=mm&r=g","caption":"Lo viste en Los Pol\u00edticos"},"url":"https:\/\/lospoliticosveracruz.com\/?author=2"}]}},"_links":{"self":[{"href":"https:\/\/lospoliticosveracruz.com\/index.php?rest_route=\/wp\/v2\/posts\/145545","targetHints":{"allow":["GET"]}}],"collection":[{"href":"https:\/\/lospoliticosveracruz.com\/index.php?rest_route=\/wp\/v2\/posts"}],"about":[{"href":"https:\/\/lospoliticosveracruz.com\/index.php?rest_route=\/wp\/v2\/types\/post"}],"author":[{"embeddable":true,"href":"https:\/\/lospoliticosveracruz.com\/index.php?rest_route=\/wp\/v2\/users\/2"}],"replies":[{"embeddable":true,"href":"https:\/\/lospoliticosveracruz.com\/index.php?rest_route=%2Fwp%2Fv2%2Fcomments&post=145545"}],"version-history":[{"count":1,"href":"https:\/\/lospoliticosveracruz.com\/index.php?rest_route=\/wp\/v2\/posts\/145545\/revisions"}],"predecessor-version":[{"id":145546,"href":"https:\/\/lospoliticosveracruz.com\/index.php?rest_route=\/wp\/v2\/posts\/145545\/revisions\/145546"}],"wp:featuredmedia":[{"embeddable":true,"href":"https:\/\/lospoliticosveracruz.com\/index.php?rest_route=\/wp\/v2\/media\/141434"}],"wp:attachment":[{"href":"https:\/\/lospoliticosveracruz.com\/index.php?rest_route=%2Fwp%2Fv2%2Fmedia&parent=145545"}],"wp:term":[{"taxonomy":"category","embeddable":true,"href":"https:\/\/lospoliticosveracruz.com\/index.php?rest_route=%2Fwp%2Fv2%2Fcategories&post=145545"},{"taxonomy":"post_tag","embeddable":true,"href":"https:\/\/lospoliticosveracruz.com\/index.php?rest_route=%2Fwp%2Fv2%2Ftags&post=145545"}],"curies":[{"name":"wp","href":"https:\/\/api.w.org\/{rel}","templated":true}]}}