{"id":145547,"date":"2025-05-25T09:15:23","date_gmt":"2025-05-25T14:15:23","guid":{"rendered":"https:\/\/lospoliticosveracruz.com.mx\/?p=145547"},"modified":"2025-05-25T09:15:36","modified_gmt":"2025-05-25T14:15:36","slug":"el-calor-y-la-locura","status":"publish","type":"post","link":"https:\/\/lospoliticosveracruz.com\/?p=145547","title":{"rendered":"EL CALOR Y LA LOCURA"},"content":{"rendered":"\n<p>[S\u00edguenos ahora tambi\u00e9n en WhatsApp.&nbsp;<a href=\"https:\/\/whatsapp.com\/channel\/0029Va8zRWlEKyZIP3Z1dF0e\"><strong><em>Da clic aqu\u00ed<\/em><\/strong><\/a>]&nbsp;<\/p>\n\n\n\n<p><strong>Miguel Valera<\/strong><strong><\/strong><\/p>\n\n\n\n<p><em>Relatos dominicales<\/em><\/p>\n\n\n\n<p>\u201cEl calor te vuelve loco\u201d, me dijo un hombre&nbsp;con muletas,&nbsp;quien&nbsp;esperaba a mi lado&nbsp;para realizar&nbsp;un tr\u00e1mite&nbsp;de&nbsp;atenci\u00f3n m\u00e9dica en la cl\u00ednica 14 del IMSS en la avenida Cuauht\u00e9moc, en el norte del puerto de Veracruz.&nbsp;Su frase directa, seca, contundente, proyect\u00f3 la locura que se viv\u00eda en el nosocomio donde m\u00e9dicos y enfermeras corr\u00edan para atender a una mujer que se hab\u00eda lanzado del segundo piso.<\/p>\n\n\n\n<p>\u201cEs el calor\u201d, insisti\u00f3 el hombre, sin saber nada m\u00e1s del diagn\u00f3stico sobre la salud de esta mujer. \u201cY seg\u00fan estar\u00edamos mejor que Dinamarca\u201d,&nbsp;volvi\u00f3 a soltar, para referirse a las promesas de un presidente que, una vez m\u00e1s, vendi\u00f3 espejitos por piedras preciosas.&nbsp;Al ver su inter\u00e9s de conversaci\u00f3n me acerqu\u00e9 un poco y vi que tra\u00eda una pr\u00f3tesis en la pierna derecha.<\/p>\n\n\n\n<p>\u00bfY usted c\u00f3mo est\u00e1?, le pregunt\u00e9, para hacer conversaci\u00f3n. \u201c\u00a1De la chingada!\u201d, me contest\u00f3. \u201c\u00bfC\u00f3mo crees que pueda estar?\u201d, reiter\u00f3. Pens\u00e9 en retraerme. El calor, las horas de espera, el gru\u00f1ir de mis tripas por el hambre, me invitaban&nbsp;tambi\u00e9n&nbsp;a salir corriendo&nbsp;para tirarme al menos, en el interior de mi veh\u00edculo con aire acondicionado.<\/p>\n\n\n\n<p>Al ver mi rostro, el hombre sonri\u00f3&nbsp;y me dijo: \u201cmi mujer me enga\u00f1\u00f3; ya sospechaba&nbsp;algo,&nbsp;pero un d\u00eda me di cuenta que ten\u00eda tres&nbsp;amantes&nbsp;y entonces me cay\u00f3 el az\u00facar, la diabetes y me cortaron la pierna\u201d. Me lo dijo tan r\u00e1pido que pens\u00e9 que bromeaba. \u201cNo, no, no es broma; es la&nbsp;<em>puritita<\/em>&nbsp;verdad. As\u00ed pas\u00f3 y pues ni modo ahora aqu\u00ed ando, batallando con la pr\u00f3tesis que cada vez me queda m\u00e1s grande\u201d, indic\u00f3, al mostrarme c\u00f3mo volaba sobre el piso.<\/p>\n\n\n\n<p>Me lo&nbsp;cont\u00f3&nbsp;tan convencido que me hizo reafirmar el mito de que un susto causa diabetes. \u00bfQui\u00e9n soy yo para refutarlo, si cargamos tantos mitos y creencias sobre nuestras espaldas, pens\u00e9? \u201cS\u00ed, a\u00f1adi\u00f3 el hombre. Desde entonces empez\u00f3 un Calvario para m\u00ed. Me tuve que pensionar, pero el dinero no me alcanza y a\u00fan necesito ayudar a mis hijos. \u00bfY la mujer? Ella sigue como si nada, se va a la hora que quiere, sale con hombres y yo&nbsp;no puedo irme de la casa porque no tengo a donde ir\u201d.<\/p>\n\n\n\n<p>\u201cUn m\u00e9dico que me atendi\u00f3 aqu\u00ed me dijo que sufro de ansiedad, depresi\u00f3n y estr\u00e9s cr\u00f3nico; \u2018estr\u00e9s postraum\u00e1tico\u2019 es la palabra que utiliz\u00f3. Yo no s\u00e9 qu\u00e9 signifique todo eso; lo \u00fanico que s\u00e9 es que ando de la chingada\u201d, refrend\u00f3 sonriente, a pesar de la historia. \u201cS\u00ed, le contest\u00e9, es algo dif\u00edcil, pero veo que lo toma con humor y tranquilidad\u201d. \u201cPues qu\u00e9 me queda, mano, sigui\u00f3 el hombre. Tengo que seguir para adelante y dejar todo esto en el pasado\u201d, contest\u00f3.<\/p>\n\n\n\n<p>La bulla y el alboroto en el hospital por la mujer que se lanz\u00f3 del segundo piso ya hab\u00eda pasado.&nbsp;Nadie sab\u00eda si hab\u00eda sobrevivido. El hombre aquel, cuyo nombre no me atrev\u00eda a preguntarle, se despidi\u00f3, con un consejo inusual, que&nbsp;seguramente&nbsp;ley\u00f3 en alg\u00fan lugar o uno de sus terapeutas le dijo: \u201cHay que tomarse las cosas con calma\u201d.<\/p>\n\n\n\n<p>\u201cS\u00ed, refrend\u00f3. Esa es la mejor estrategia para manejar el estr\u00e9s y la ansiedad. Todo eso implica reducir la presi\u00f3n sobre uno mismo, enfocarse en el presente y evitar la preocupaci\u00f3n excesiva por el futuro o el pasado.&nbsp;Lo que fue ya fue y lo que va a ser no sabemos, as\u00ed que mejor estar tranquilos. Usted est\u00e1 joven as\u00ed que cu\u00eddese\u201d, concluy\u00f3.&nbsp;<\/p>\n\n\n\n<p>Le agradec\u00ed lo de \u201cjoven\u201d y levant\u00e9 mi mano, para despedirme. No pod\u00eda extenderla\u00a0porque el hombre aquel apenas pod\u00eda con las muletas\u00a0pegadas a sus sobacos , sudados como los tacos de\u00a0Tilapan\u00a0all\u00e1 por San Andr\u00e9s Tuxtla.<\/p>\n","protected":false},"excerpt":{"rendered":"<p>[S\u00edguenos ahora tambi\u00e9n en WhatsApp.&nbsp;Da clic aqu\u00ed]&nbsp; Miguel Valera Relatos dominicales \u201cEl calor te vuelve loco\u201d, me dijo un hombre&nbsp;con muletas,&nbsp;quien&nbsp;esperaba a mi lado&nbsp;para realizar&nbsp;un tr\u00e1mite&nbsp;de&nbsp;atenci\u00f3n m\u00e9dica en la cl\u00ednica 14 del IMSS en la avenida Cuauht\u00e9moc, en el norte del puerto de Veracruz.&nbsp;Su frase directa, seca, contundente, proyect\u00f3 la locura que se viv\u00eda en [&hellip;]<\/p>\n","protected":false},"author":2,"featured_media":145548,"comment_status":"closed","ping_status":"closed","sticky":false,"template":"","format":"standard","meta":{"tdm_status":"","tdm_grid_status":"","footnotes":""},"categories":[75],"tags":[5225,43943,1208,8778,195],"class_list":{"0":"post-145547","1":"post","2":"type-post","3":"status-publish","4":"format-standard","5":"has-post-thumbnail","7":"category-cine-libros-y-mas","8":"tag-calor","9":"tag-clinica-14","10":"tag-imss","11":"tag-locura","12":"tag-veracruz"},"yoast_head":"<!-- This site is optimized with the Yoast SEO plugin v27.4 - https:\/\/yoast.com\/product\/yoast-seo-wordpress\/ -->\n<title>EL CALOR Y LA LOCURA - Los pol\u00edticos Veracruz<\/title>\n<meta name=\"robots\" content=\"index, follow, max-snippet:-1, max-image-preview:large, max-video-preview:-1\" \/>\n<link rel=\"canonical\" href=\"https:\/\/lospoliticosveracruz.com\/?p=145547\" \/>\n<meta property=\"og:locale\" content=\"es_ES\" \/>\n<meta property=\"og:type\" content=\"article\" \/>\n<meta property=\"og:title\" content=\"EL CALOR Y LA LOCURA - Los pol\u00edticos Veracruz\" \/>\n<meta property=\"og:description\" content=\"[S\u00edguenos ahora tambi\u00e9n en WhatsApp.&nbsp;Da clic aqu\u00ed]&nbsp; Miguel Valera Relatos dominicales \u201cEl calor te vuelve loco\u201d, me dijo un hombre&nbsp;con muletas,&nbsp;quien&nbsp;esperaba a mi lado&nbsp;para realizar&nbsp;un tr\u00e1mite&nbsp;de&nbsp;atenci\u00f3n m\u00e9dica en la cl\u00ednica 14 del IMSS en la avenida Cuauht\u00e9moc, en el norte del puerto de Veracruz.&nbsp;Su frase directa, seca, contundente, proyect\u00f3 la locura que se viv\u00eda en [&hellip;]\" \/>\n<meta property=\"og:url\" content=\"https:\/\/lospoliticosveracruz.com\/?p=145547\" \/>\n<meta property=\"og:site_name\" content=\"Los pol\u00edticos Veracruz\" \/>\n<meta property=\"article:publisher\" content=\"https:\/\/www.facebook.com\/people\/Notimemes-de-los-Polticos\/61565672886568\/\" \/>\n<meta property=\"article:published_time\" content=\"2025-05-25T14:15:23+00:00\" \/>\n<meta property=\"article:modified_time\" content=\"2025-05-25T14:15:36+00:00\" \/>\n<meta property=\"og:image\" content=\"https:\/\/lospoliticosveracruz.com\/wp-content\/uploads\/2025\/05\/3e6534b4-e4cd-40a1-a4cf-3468bddf2ec0.jpeg\" \/>\n\t<meta property=\"og:image:width\" content=\"828\" \/>\n\t<meta property=\"og:image:height\" content=\"505\" \/>\n\t<meta property=\"og:image:type\" content=\"image\/jpeg\" \/>\n<meta name=\"author\" content=\"Lo viste en Los Pol\u00edticos\" \/>\n<meta name=\"twitter:card\" content=\"summary_large_image\" \/>\n<meta name=\"twitter:creator\" content=\"@LosPoliticosVer\" \/>\n<meta name=\"twitter:site\" content=\"@LosPoliticosVer\" \/>\n<meta name=\"twitter:label1\" content=\"Escrito por\" \/>\n\t<meta name=\"twitter:data1\" content=\"Lo viste en Los Pol\u00edticos\" \/>\n\t<meta name=\"twitter:label2\" content=\"Tiempo de lectura\" \/>\n\t<meta name=\"twitter:data2\" content=\"4 minutos\" \/>\n<script type=\"application\/ld+json\" class=\"yoast-schema-graph\">{\"@context\":\"https:\\\/\\\/schema.org\",\"@graph\":[{\"@type\":\"Article\",\"@id\":\"https:\\\/\\\/lospoliticosveracruz.com\\\/?p=145547#article\",\"isPartOf\":{\"@id\":\"https:\\\/\\\/lospoliticosveracruz.com\\\/?p=145547\"},\"author\":{\"name\":\"Lo viste en Los Pol\u00edticos\",\"@id\":\"https:\\\/\\\/lospoliticosveracruz.com\\\/#\\\/schema\\\/person\\\/b8702bb0e538456e6efd07080bf2a4a2\"},\"headline\":\"EL CALOR Y LA LOCURA\",\"datePublished\":\"2025-05-25T14:15:23+00:00\",\"dateModified\":\"2025-05-25T14:15:36+00:00\",\"mainEntityOfPage\":{\"@id\":\"https:\\\/\\\/lospoliticosveracruz.com\\\/?p=145547\"},\"wordCount\":715,\"publisher\":{\"@id\":\"https:\\\/\\\/lospoliticosveracruz.com\\\/#organization\"},\"image\":{\"@id\":\"https:\\\/\\\/lospoliticosveracruz.com\\\/?p=145547#primaryimage\"},\"thumbnailUrl\":\"https:\\\/\\\/lospoliticosveracruz.com\\\/wp-content\\\/uploads\\\/2025\\\/05\\\/3e6534b4-e4cd-40a1-a4cf-3468bddf2ec0.jpeg\",\"keywords\":[\"calor\",\"Cl\u00ednica 14\",\"IMSS\",\"Locura\",\"Veracruz\"],\"articleSection\":[\"Cine, Libros y m\u00e1s\"],\"inLanguage\":\"es\"},{\"@type\":\"WebPage\",\"@id\":\"https:\\\/\\\/lospoliticosveracruz.com\\\/?p=145547\",\"url\":\"https:\\\/\\\/lospoliticosveracruz.com\\\/?p=145547\",\"name\":\"EL CALOR Y LA LOCURA - Los pol\u00edticos Veracruz\",\"isPartOf\":{\"@id\":\"https:\\\/\\\/lospoliticosveracruz.com\\\/#website\"},\"primaryImageOfPage\":{\"@id\":\"https:\\\/\\\/lospoliticosveracruz.com\\\/?p=145547#primaryimage\"},\"image\":{\"@id\":\"https:\\\/\\\/lospoliticosveracruz.com\\\/?p=145547#primaryimage\"},\"thumbnailUrl\":\"https:\\\/\\\/lospoliticosveracruz.com\\\/wp-content\\\/uploads\\\/2025\\\/05\\\/3e6534b4-e4cd-40a1-a4cf-3468bddf2ec0.jpeg\",\"datePublished\":\"2025-05-25T14:15:23+00:00\",\"dateModified\":\"2025-05-25T14:15:36+00:00\",\"breadcrumb\":{\"@id\":\"https:\\\/\\\/lospoliticosveracruz.com\\\/?p=145547#breadcrumb\"},\"inLanguage\":\"es\",\"potentialAction\":[{\"@type\":\"ReadAction\",\"target\":[\"https:\\\/\\\/lospoliticosveracruz.com\\\/?p=145547\"]}]},{\"@type\":\"ImageObject\",\"inLanguage\":\"es\",\"@id\":\"https:\\\/\\\/lospoliticosveracruz.com\\\/?p=145547#primaryimage\",\"url\":\"https:\\\/\\\/lospoliticosveracruz.com\\\/wp-content\\\/uploads\\\/2025\\\/05\\\/3e6534b4-e4cd-40a1-a4cf-3468bddf2ec0.jpeg\",\"contentUrl\":\"https:\\\/\\\/lospoliticosveracruz.com\\\/wp-content\\\/uploads\\\/2025\\\/05\\\/3e6534b4-e4cd-40a1-a4cf-3468bddf2ec0.jpeg\",\"width\":828,\"height\":505},{\"@type\":\"BreadcrumbList\",\"@id\":\"https:\\\/\\\/lospoliticosveracruz.com\\\/?p=145547#breadcrumb\",\"itemListElement\":[{\"@type\":\"ListItem\",\"position\":1,\"name\":\"Portada\",\"item\":\"https:\\\/\\\/lospoliticosveracruz.com\\\/\"},{\"@type\":\"ListItem\",\"position\":2,\"name\":\"EL CALOR Y LA LOCURA\"}]},{\"@type\":\"WebSite\",\"@id\":\"https:\\\/\\\/lospoliticosveracruz.com\\\/#website\",\"url\":\"https:\\\/\\\/lospoliticosveracruz.com\\\/\",\"name\":\"Los pol\u00edticos Veracruz\",\"description\":\"\",\"publisher\":{\"@id\":\"https:\\\/\\\/lospoliticosveracruz.com\\\/#organization\"},\"potentialAction\":[{\"@type\":\"SearchAction\",\"target\":{\"@type\":\"EntryPoint\",\"urlTemplate\":\"https:\\\/\\\/lospoliticosveracruz.com\\\/?s={search_term_string}\"},\"query-input\":{\"@type\":\"PropertyValueSpecification\",\"valueRequired\":true,\"valueName\":\"search_term_string\"}}],\"inLanguage\":\"es\"},{\"@type\":\"Organization\",\"@id\":\"https:\\\/\\\/lospoliticosveracruz.com\\\/#organization\",\"name\":\"Los pol\u00edticos Veracruz\",\"url\":\"https:\\\/\\\/lospoliticosveracruz.com\\\/\",\"logo\":{\"@type\":\"ImageObject\",\"inLanguage\":\"es\",\"@id\":\"https:\\\/\\\/lospoliticosveracruz.com\\\/#\\\/schema\\\/logo\\\/image\\\/\",\"url\":\"https:\\\/\\\/lospoliticosveracruz.com\\\/wp-content\\\/uploads\\\/2025\\\/12\\\/Logo-Nuevo-LOS-POLITICOS-1.jpg\",\"contentUrl\":\"https:\\\/\\\/lospoliticosveracruz.com\\\/wp-content\\\/uploads\\\/2025\\\/12\\\/Logo-Nuevo-LOS-POLITICOS-1.jpg\",\"width\":260,\"height\":70,\"caption\":\"Los pol\u00edticos Veracruz\"},\"image\":{\"@id\":\"https:\\\/\\\/lospoliticosveracruz.com\\\/#\\\/schema\\\/logo\\\/image\\\/\"},\"sameAs\":[\"https:\\\/\\\/www.facebook.com\\\/people\\\/Notimemes-de-los-Polticos\\\/61565672886568\\\/\",\"https:\\\/\\\/x.com\\\/LosPoliticosVer\"]},{\"@type\":\"Person\",\"@id\":\"https:\\\/\\\/lospoliticosveracruz.com\\\/#\\\/schema\\\/person\\\/b8702bb0e538456e6efd07080bf2a4a2\",\"name\":\"Lo viste en Los Pol\u00edticos\",\"image\":{\"@type\":\"ImageObject\",\"inLanguage\":\"es\",\"@id\":\"https:\\\/\\\/secure.gravatar.com\\\/avatar\\\/3a8de04a2656d44082be478bd6c086daa447c4651605818287b9532d3d0bd435?s=96&d=mm&r=g\",\"url\":\"https:\\\/\\\/secure.gravatar.com\\\/avatar\\\/3a8de04a2656d44082be478bd6c086daa447c4651605818287b9532d3d0bd435?s=96&d=mm&r=g\",\"contentUrl\":\"https:\\\/\\\/secure.gravatar.com\\\/avatar\\\/3a8de04a2656d44082be478bd6c086daa447c4651605818287b9532d3d0bd435?s=96&d=mm&r=g\",\"caption\":\"Lo viste en Los Pol\u00edticos\"},\"url\":\"https:\\\/\\\/lospoliticosveracruz.com\\\/?author=2\"}]}<\/script>\n<!-- \/ Yoast SEO plugin. -->","yoast_head_json":{"title":"EL CALOR Y LA LOCURA - Los pol\u00edticos Veracruz","robots":{"index":"index","follow":"follow","max-snippet":"max-snippet:-1","max-image-preview":"max-image-preview:large","max-video-preview":"max-video-preview:-1"},"canonical":"https:\/\/lospoliticosveracruz.com\/?p=145547","og_locale":"es_ES","og_type":"article","og_title":"EL CALOR Y LA LOCURA - Los pol\u00edticos Veracruz","og_description":"[S\u00edguenos ahora tambi\u00e9n en WhatsApp.&nbsp;Da clic aqu\u00ed]&nbsp; Miguel Valera Relatos dominicales \u201cEl calor te vuelve loco\u201d, me dijo un hombre&nbsp;con muletas,&nbsp;quien&nbsp;esperaba a mi lado&nbsp;para realizar&nbsp;un tr\u00e1mite&nbsp;de&nbsp;atenci\u00f3n m\u00e9dica en la cl\u00ednica 14 del IMSS en la avenida Cuauht\u00e9moc, en el norte del puerto de Veracruz.&nbsp;Su frase directa, seca, contundente, proyect\u00f3 la locura que se viv\u00eda en [&hellip;]","og_url":"https:\/\/lospoliticosveracruz.com\/?p=145547","og_site_name":"Los pol\u00edticos Veracruz","article_publisher":"https:\/\/www.facebook.com\/people\/Notimemes-de-los-Polticos\/61565672886568\/","article_published_time":"2025-05-25T14:15:23+00:00","article_modified_time":"2025-05-25T14:15:36+00:00","og_image":[{"width":828,"height":505,"url":"https:\/\/lospoliticosveracruz.com\/wp-content\/uploads\/2025\/05\/3e6534b4-e4cd-40a1-a4cf-3468bddf2ec0.jpeg","type":"image\/jpeg"}],"author":"Lo viste en Los Pol\u00edticos","twitter_card":"summary_large_image","twitter_creator":"@LosPoliticosVer","twitter_site":"@LosPoliticosVer","twitter_misc":{"Escrito por":"Lo viste en Los Pol\u00edticos","Tiempo de lectura":"4 minutos"},"schema":{"@context":"https:\/\/schema.org","@graph":[{"@type":"Article","@id":"https:\/\/lospoliticosveracruz.com\/?p=145547#article","isPartOf":{"@id":"https:\/\/lospoliticosveracruz.com\/?p=145547"},"author":{"name":"Lo viste en Los Pol\u00edticos","@id":"https:\/\/lospoliticosveracruz.com\/#\/schema\/person\/b8702bb0e538456e6efd07080bf2a4a2"},"headline":"EL CALOR Y LA LOCURA","datePublished":"2025-05-25T14:15:23+00:00","dateModified":"2025-05-25T14:15:36+00:00","mainEntityOfPage":{"@id":"https:\/\/lospoliticosveracruz.com\/?p=145547"},"wordCount":715,"publisher":{"@id":"https:\/\/lospoliticosveracruz.com\/#organization"},"image":{"@id":"https:\/\/lospoliticosveracruz.com\/?p=145547#primaryimage"},"thumbnailUrl":"https:\/\/lospoliticosveracruz.com\/wp-content\/uploads\/2025\/05\/3e6534b4-e4cd-40a1-a4cf-3468bddf2ec0.jpeg","keywords":["calor","Cl\u00ednica 14","IMSS","Locura","Veracruz"],"articleSection":["Cine, Libros y m\u00e1s"],"inLanguage":"es"},{"@type":"WebPage","@id":"https:\/\/lospoliticosveracruz.com\/?p=145547","url":"https:\/\/lospoliticosveracruz.com\/?p=145547","name":"EL CALOR Y LA LOCURA - Los pol\u00edticos Veracruz","isPartOf":{"@id":"https:\/\/lospoliticosveracruz.com\/#website"},"primaryImageOfPage":{"@id":"https:\/\/lospoliticosveracruz.com\/?p=145547#primaryimage"},"image":{"@id":"https:\/\/lospoliticosveracruz.com\/?p=145547#primaryimage"},"thumbnailUrl":"https:\/\/lospoliticosveracruz.com\/wp-content\/uploads\/2025\/05\/3e6534b4-e4cd-40a1-a4cf-3468bddf2ec0.jpeg","datePublished":"2025-05-25T14:15:23+00:00","dateModified":"2025-05-25T14:15:36+00:00","breadcrumb":{"@id":"https:\/\/lospoliticosveracruz.com\/?p=145547#breadcrumb"},"inLanguage":"es","potentialAction":[{"@type":"ReadAction","target":["https:\/\/lospoliticosveracruz.com\/?p=145547"]}]},{"@type":"ImageObject","inLanguage":"es","@id":"https:\/\/lospoliticosveracruz.com\/?p=145547#primaryimage","url":"https:\/\/lospoliticosveracruz.com\/wp-content\/uploads\/2025\/05\/3e6534b4-e4cd-40a1-a4cf-3468bddf2ec0.jpeg","contentUrl":"https:\/\/lospoliticosveracruz.com\/wp-content\/uploads\/2025\/05\/3e6534b4-e4cd-40a1-a4cf-3468bddf2ec0.jpeg","width":828,"height":505},{"@type":"BreadcrumbList","@id":"https:\/\/lospoliticosveracruz.com\/?p=145547#breadcrumb","itemListElement":[{"@type":"ListItem","position":1,"name":"Portada","item":"https:\/\/lospoliticosveracruz.com\/"},{"@type":"ListItem","position":2,"name":"EL CALOR Y LA LOCURA"}]},{"@type":"WebSite","@id":"https:\/\/lospoliticosveracruz.com\/#website","url":"https:\/\/lospoliticosveracruz.com\/","name":"Los pol\u00edticos Veracruz","description":"","publisher":{"@id":"https:\/\/lospoliticosveracruz.com\/#organization"},"potentialAction":[{"@type":"SearchAction","target":{"@type":"EntryPoint","urlTemplate":"https:\/\/lospoliticosveracruz.com\/?s={search_term_string}"},"query-input":{"@type":"PropertyValueSpecification","valueRequired":true,"valueName":"search_term_string"}}],"inLanguage":"es"},{"@type":"Organization","@id":"https:\/\/lospoliticosveracruz.com\/#organization","name":"Los pol\u00edticos Veracruz","url":"https:\/\/lospoliticosveracruz.com\/","logo":{"@type":"ImageObject","inLanguage":"es","@id":"https:\/\/lospoliticosveracruz.com\/#\/schema\/logo\/image\/","url":"https:\/\/lospoliticosveracruz.com\/wp-content\/uploads\/2025\/12\/Logo-Nuevo-LOS-POLITICOS-1.jpg","contentUrl":"https:\/\/lospoliticosveracruz.com\/wp-content\/uploads\/2025\/12\/Logo-Nuevo-LOS-POLITICOS-1.jpg","width":260,"height":70,"caption":"Los pol\u00edticos Veracruz"},"image":{"@id":"https:\/\/lospoliticosveracruz.com\/#\/schema\/logo\/image\/"},"sameAs":["https:\/\/www.facebook.com\/people\/Notimemes-de-los-Polticos\/61565672886568\/","https:\/\/x.com\/LosPoliticosVer"]},{"@type":"Person","@id":"https:\/\/lospoliticosveracruz.com\/#\/schema\/person\/b8702bb0e538456e6efd07080bf2a4a2","name":"Lo viste en Los Pol\u00edticos","image":{"@type":"ImageObject","inLanguage":"es","@id":"https:\/\/secure.gravatar.com\/avatar\/3a8de04a2656d44082be478bd6c086daa447c4651605818287b9532d3d0bd435?s=96&d=mm&r=g","url":"https:\/\/secure.gravatar.com\/avatar\/3a8de04a2656d44082be478bd6c086daa447c4651605818287b9532d3d0bd435?s=96&d=mm&r=g","contentUrl":"https:\/\/secure.gravatar.com\/avatar\/3a8de04a2656d44082be478bd6c086daa447c4651605818287b9532d3d0bd435?s=96&d=mm&r=g","caption":"Lo viste en Los Pol\u00edticos"},"url":"https:\/\/lospoliticosveracruz.com\/?author=2"}]}},"_links":{"self":[{"href":"https:\/\/lospoliticosveracruz.com\/index.php?rest_route=\/wp\/v2\/posts\/145547","targetHints":{"allow":["GET"]}}],"collection":[{"href":"https:\/\/lospoliticosveracruz.com\/index.php?rest_route=\/wp\/v2\/posts"}],"about":[{"href":"https:\/\/lospoliticosveracruz.com\/index.php?rest_route=\/wp\/v2\/types\/post"}],"author":[{"embeddable":true,"href":"https:\/\/lospoliticosveracruz.com\/index.php?rest_route=\/wp\/v2\/users\/2"}],"replies":[{"embeddable":true,"href":"https:\/\/lospoliticosveracruz.com\/index.php?rest_route=%2Fwp%2Fv2%2Fcomments&post=145547"}],"version-history":[{"count":1,"href":"https:\/\/lospoliticosveracruz.com\/index.php?rest_route=\/wp\/v2\/posts\/145547\/revisions"}],"predecessor-version":[{"id":145549,"href":"https:\/\/lospoliticosveracruz.com\/index.php?rest_route=\/wp\/v2\/posts\/145547\/revisions\/145549"}],"wp:featuredmedia":[{"embeddable":true,"href":"https:\/\/lospoliticosveracruz.com\/index.php?rest_route=\/wp\/v2\/media\/145548"}],"wp:attachment":[{"href":"https:\/\/lospoliticosveracruz.com\/index.php?rest_route=%2Fwp%2Fv2%2Fmedia&parent=145547"}],"wp:term":[{"taxonomy":"category","embeddable":true,"href":"https:\/\/lospoliticosveracruz.com\/index.php?rest_route=%2Fwp%2Fv2%2Fcategories&post=145547"},{"taxonomy":"post_tag","embeddable":true,"href":"https:\/\/lospoliticosveracruz.com\/index.php?rest_route=%2Fwp%2Fv2%2Ftags&post=145547"}],"curies":[{"name":"wp","href":"https:\/\/api.w.org\/{rel}","templated":true}]}}