{"id":145642,"date":"2025-05-26T11:32:03","date_gmt":"2025-05-26T16:32:03","guid":{"rendered":"https:\/\/lospoliticosveracruz.com.mx\/?p=145642"},"modified":"2025-05-26T11:32:25","modified_gmt":"2025-05-26T16:32:25","slug":"pozos-no-entiende","status":"publish","type":"post","link":"https:\/\/lospoliticosveracruz.com\/?p=145642","title":{"rendered":"POZOS NO ENTIENDE\u2026"},"content":{"rendered":"\n<p><a><\/a><a href=\"https:\/\/whatsapp.com\/channel\/0029Va8zRWlEKyZIP3Z1dF0e\"><strong>\u2002\u2002<\/strong><strong>\u00da<\/strong><strong>NETE A NUESTRO CANAL<\/strong><strong><\/strong><\/a><\/p>\n\n\n\n<p>\u00a1<a href=\"https:\/\/whatsapp.com\/channel\/0029Va8zRWlEKyZIP3Z1dF0e\"><strong>LOS POL\u00cd<\/strong><strong>TICOS VERACRUZ<\/strong><\/a> ya est\u00e1 en WhatsApp!<\/p>\n\n\n\n<p><strong>Oved Contreras<br><\/strong><em>Secas Mecas<\/em><\/p>\n\n\n\n<p>El domingo 18 de mayo, poco despu\u00e9s de las 17:00 horas circul\u00f3 la versi\u00f3n de la salida de Claudia Tello Espinosa de la Secretar\u00eda de Educaci\u00f3n de Veracruz. Su relevo, seg\u00fan la especie informativa filtrada desde el mismo Palacio de Gobierno, ser\u00eda el subsecretario de gobierno, Jos\u00e9 Manuel Pozos Castro. El \u201crumor\u201d dejaba en claro que, a la Secretar\u00eda de Seguridad P\u00fablica, cargo al que ya muchos hab\u00edan colocado al hombre nacido en Plan de Las Hayas, municipio de Juchique de Ferrer, llegar\u00eda el subsecretario de Operaciones de la SSP, el Capit\u00e1n Gustavo Ricardo Romero Cuevas, para pelar al Secretario Alfonso Reyes Garc\u00e9s.<\/p>\n\n\n\n<p>El lunes 19 de mayo, a primera hora, la mandam\u00e1s veracruzana desminti\u00f3 la versi\u00f3n que sali\u00f3 de las mismas oficinas en donde se supone que ella manda. \u201cTienen una gobernadora que trabaja todos los d\u00edas, las 24 horas, que doy cara. Tengo un gabinete de primera, me ayudan much\u00edsimo. Todos los funcionarios me ayudan much\u00edsimo. No va a haber ning\u00fan cambio, ning\u00fan cambio. Hay estos rumores, quitan, ponen, a menos que alguno de los funcionarios, cualquier cosa, un asunto personal, no me pueda ayudar, est\u00e1 bien, pero nosotros estamos trabajando, no especulando\u201d, expres\u00f3 contundente en una entrevista ma\u00f1anera.<\/p>\n\n\n\n<p>As\u00ed, el proyecto, que ahora se ha ido ventilando, promovido por el subsecretario Jos\u00e9 Manuel Pozos Castro y la subsecretaria de Educaci\u00f3n B\u00e1sica Maritza Ram\u00edrez Aguilar, se le vino abajo. No se sabe si do\u00f1a Ch\u00edo rega\u00f1\u00f3 a Pozos Castro, pero dicen los que saben que el se\u00f1or se escondi\u00f3, que no se apareci\u00f3 en palacio ni ese d\u00eda ni los dos siguientes, report\u00e1ndose enfermo.<\/p>\n\n\n\n<p>Igual se fue a jugar al Casino, donde es cliente asiduo, dada la ludopat\u00eda que le caracteriza. No sabemos, pero el hombre anda tan caliente y tan molesto de ser el mandadero de don Ricardo Ahued que ahora organiz\u00f3 una mega marcha con los ex aliados de Zenyazen Roberto Escobar P\u00e9rez, para generar casos en la capital veracruzana e intentar tirar nuevamente a Claudia Tello Espinosa.<\/p>\n\n\n\n<p>Sus aliados son los integrantes de La Federaci\u00f3n Uni\u00f3n de Sindicatos Magisteriales del Estado de Veracruz (LFUSMEV), una agrupaci\u00f3n con apenas unos 3 mil agremiados, que nada tienen que ver con los 130 mil trabajadores de la SEV. Por sus nombres son Avith Moctezuma Uscanga, Secretario General del GNTE; Tonatiuh Paredes Rangel (SIRMA), Daneskiu Dom\u00ednguez Mel\u00e9ndez (SIVETSE), Octavio Rivera Flores (LMV), Jos\u00e9 Ignacio Ortiz Reyes (ASTEV), Gustavo Abel Cadena Carrasco, (SMMV), V\u00edctor Hugo Su\u00e1rez \u00c1vila (SATEBAEV) y Jos\u00e9 Luis Moreno Landa (INSISTE), todos ellos lind\u00edsimas personas con antecedentes cuestionables y sobre todo fueron operadores financieros del ex secretario de Educaci\u00f3n, quien se los hered\u00f3, por lo que se sabe, al subsecretario Jos\u00e9 Manuel Pozos Castro.<\/p>\n\n\n\n<p>Pues a ver qu\u00e9 hace la t\u00eda Ch\u00edo con estas grillas internas y esta obsesi\u00f3n del hombre de Juchique de Ferrer, quien se encuentra inc\u00f3modo por la posici\u00f3n que tiene, a\u00f1ora la silla del gobierno municipal de Tuxpan, sus viajes de placer a Tampico y las atenciones de los grupos de poder f\u00e1ctico en la regi\u00f3n. Ya no cabe en la silla de Subsecretario y ya no soporta, dicen, a su jefe inmediato, el Secretario de Gobierno, Ricardo Ahued Bardahuil.<\/p>\n\n\n\n<p>SIGUE TENSO EL AMBIENTE\u2026ayer por la noche se soltaron los rumores sobre hechos de violencia vinculados al proceso electoral\u2026primero que por la tarde fue sacado de sus oficinas el presidente del OPLE en Sayula de Alem\u00e1n, Efr\u00e9n Basilio Tadeo, y llevado por la fuerza en un taxi presuntamente a entrevistarse con l\u00edderes de la delincuencia, que operan para la alcaldesa Lorena S\u00e1nchez Vargas y Eduardo S\u00e1nchez Vargas.<\/p>\n\n\n\n<p>Que el operativo tiene que ver con personajes que operan para la candidata de Morena a la alcald\u00eda de Sayula, Mirna Adriana Rufino. Despu\u00e9s de que estuvo perdido un buen rato, lo regresaron sano y salvo, solo p\u00e1lido y con crisis nerviosa. Se desconoce que le habr\u00e1n dicho los maleantes, pero hay tensi\u00f3n en la cabecera de Sayula ante un intenso operativo para resguardar al funcionario del OPLE que ya est\u00e1 de regreso.<\/p>\n\n\n\n<p>Igual trascendi\u00f3 que hubo disparos de arma de fuego contra un veh\u00edculo, que seg\u00fan trasciende iba la esposa del ex alcalde de Actopan, Esteban Alfonseca Salazar, quien fuera asesinado junto con el ex regidor Edmundo Mart\u00ednez P\u00e9rez, el pasado 13 de mayo al regresar de un mitin del candidato de Morena a la presidencia municipal. Al parecer, las personas que viajaban en el veh\u00edculo salieron ilesos, solo con crisis nerviosa.<\/p>\n\n\n\n<p>Circula en redes un video donde Jos\u00e9 Mart\u00ednez, candidato a Regidor Primero por Morena en Perote, aparece detonando un arma de fuego en un entorno informal. Jos\u00e9 Mart\u00ednez forma parte de la planilla de Jorge Valente Bonilla\u2026las autoridades no han informado si se investigar\u00e1 el caso.<\/p>\n\n\n\n<p>DOS RAYAS M\u00c1S AL TIGRE\u2026Si la gobernadora Roc\u00edo Nahle necesita m\u00e1s elementos para sacudirse a la fiscal Ver\u00f3nica Hern\u00e1ndez, la Comisi\u00f3n Nacional de Derechos Humanos se la pone en bandeja de plata\u2026emiti\u00f3 dos recomendaciones m\u00e1s a la fiscal\u00eda veracruzana relacionadas con omisiones en casos de desapariciones en la entidad\u2026el organismo aut\u00f3nomo refiere que se requerir\u00e1 a la titular de la Fiscal\u00eda de Veracruz, para que funde, motive y haga p\u00fablica su respuesta. Tambi\u00e9n se solicitar\u00e1 a la actual Legislatura del Congreso del Estado su comparecencia y que se remita a la Comisi\u00f3n las constancias de cumplimiento.<\/p>\n\n\n\n<p>La recomendaci\u00f3n 74\/2025 fue emitida posteriormente a que la Fiscal\u00eda de Veracruz rechaz\u00f3 un pronunciamiento de la Comisi\u00f3n Estatal de Derechos Humanos (CEDH) sobre la investigaci\u00f3n de una desaparici\u00f3n ocurrida en julio de 2018\u2026la CNDH determin\u00f3 que la negativa de la FGEV vulnera el sistema no jurisdiccional de protecci\u00f3n a los derechos humanos.<\/p>\n\n\n\n<p>El organismo estatal emiti\u00f3 la Recomendaci\u00f3n 071\/2023 el 6 de octubre de ese a\u00f1o al concluir que la Fiscal\u00eda omiti\u00f3 diligencias clave y no actu\u00f3 con la debida diligencia. \u201cFue una omisi\u00f3n que constituy\u00f3 una victimizaci\u00f3n secundaria en perjuicio de RVI, VI1 y VI2\u201d, pero la FGE respondi\u00f3 el 9 de noviembre que no compart\u00eda los fundamentos de la recomendaci\u00f3n. El recurso de impugnaci\u00f3n fue presentado el 11 de diciembre. La CNDH resolvi\u00f3 que la negativa carec\u00eda de sustento al no aportar pruebas que desvirt\u00faan los se\u00f1alamientos.<\/p>\n\n\n\n<p>El ombudsman nacional indic\u00f3 que la fiscal\u00eda veracruzana continu\u00f3 limitando sus acciones de b\u00fasqueda simplemente con la emisi\u00f3n tard\u00eda, desordenada e irregular de oficios. En su resoluci\u00f3n, la reiter\u00f3 que \u201ctodas las autoridades, sin excepci\u00f3n, deben promover, respetar, proteger y garantizar los derechos humanos\u201d. Tambi\u00e9n se\u00f1al\u00f3 que la negativa impide una reparaci\u00f3n integral\u2026ahora habr\u00e1 que esperar si es verdad que al pasar la elecci\u00f3n remover\u00e1n a la fiscal de su cargo o continuar\u00e1 su protecci\u00f3n.<\/p>\n\n\n\n<p>&#8212;<br>Oved Contreras<br>@ovedcontreras<\/p>\n","protected":false},"excerpt":{"rendered":"<p>\u2002\u2002\u00daNETE A NUESTRO CANAL \u00a1LOS POL\u00cdTICOS VERACRUZ ya est\u00e1 en WhatsApp! Oved ContrerasSecas Mecas El domingo 18 de mayo, poco despu\u00e9s de las 17:00 horas circul\u00f3 la versi\u00f3n de la salida de Claudia Tello Espinosa de la Secretar\u00eda de Educaci\u00f3n de Veracruz. Su relevo, seg\u00fan la especie informativa filtrada desde el mismo Palacio de Gobierno, [&hellip;]<\/p>\n","protected":false},"author":2,"featured_media":141426,"comment_status":"closed","ping_status":"closed","sticky":false,"template":"","format":"standard","meta":{"tdm_status":"","tdm_grid_status":"","footnotes":""},"categories":[70],"tags":[39715],"class_list":{"0":"post-145642","1":"post","2":"type-post","3":"status-publish","4":"format-standard","5":"has-post-thumbnail","7":"category-de-opinion","8":"tag-oved-contreras"},"yoast_head":"<!-- This site is optimized with the Yoast SEO plugin v27.4 - https:\/\/yoast.com\/product\/yoast-seo-wordpress\/ -->\n<title>POZOS NO ENTIENDE\u2026 - Los pol\u00edticos Veracruz<\/title>\n<meta name=\"robots\" content=\"index, follow, max-snippet:-1, max-image-preview:large, max-video-preview:-1\" \/>\n<link rel=\"canonical\" href=\"https:\/\/lospoliticosveracruz.com\/?p=145642\" \/>\n<meta property=\"og:locale\" content=\"es_ES\" \/>\n<meta property=\"og:type\" content=\"article\" \/>\n<meta property=\"og:title\" content=\"POZOS NO ENTIENDE\u2026 - Los pol\u00edticos Veracruz\" \/>\n<meta property=\"og:description\" content=\"\u2002\u2002\u00daNETE A NUESTRO CANAL \u00a1LOS POL\u00cdTICOS VERACRUZ ya est\u00e1 en WhatsApp! Oved ContrerasSecas Mecas El domingo 18 de mayo, poco despu\u00e9s de las 17:00 horas circul\u00f3 la versi\u00f3n de la salida de Claudia Tello Espinosa de la Secretar\u00eda de Educaci\u00f3n de Veracruz. Su relevo, seg\u00fan la especie informativa filtrada desde el mismo Palacio de Gobierno, [&hellip;]\" \/>\n<meta property=\"og:url\" content=\"https:\/\/lospoliticosveracruz.com\/?p=145642\" \/>\n<meta property=\"og:site_name\" content=\"Los pol\u00edticos Veracruz\" \/>\n<meta property=\"article:publisher\" content=\"https:\/\/www.facebook.com\/people\/Notimemes-de-los-Polticos\/61565672886568\/\" \/>\n<meta property=\"article:published_time\" content=\"2025-05-26T16:32:03+00:00\" \/>\n<meta property=\"article:modified_time\" content=\"2025-05-26T16:32:25+00:00\" \/>\n<meta property=\"og:image\" content=\"https:\/\/lospoliticosveracruz.com\/wp-content\/uploads\/2025\/04\/Oved-Contreras-e1768066319253.jpg\" \/>\n\t<meta property=\"og:image:width\" content=\"600\" \/>\n\t<meta property=\"og:image:height\" content=\"320\" \/>\n\t<meta property=\"og:image:type\" content=\"image\/jpeg\" \/>\n<meta name=\"author\" content=\"Lo viste en Los Pol\u00edticos\" \/>\n<meta name=\"twitter:card\" content=\"summary_large_image\" \/>\n<meta name=\"twitter:creator\" content=\"@LosPoliticosVer\" \/>\n<meta name=\"twitter:site\" content=\"@LosPoliticosVer\" \/>\n<meta name=\"twitter:label1\" content=\"Escrito por\" \/>\n\t<meta name=\"twitter:data1\" content=\"Lo viste en Los Pol\u00edticos\" \/>\n\t<meta name=\"twitter:label2\" content=\"Tiempo de lectura\" \/>\n\t<meta name=\"twitter:data2\" content=\"6 minutos\" \/>\n<script type=\"application\/ld+json\" class=\"yoast-schema-graph\">{\"@context\":\"https:\\\/\\\/schema.org\",\"@graph\":[{\"@type\":\"Article\",\"@id\":\"https:\\\/\\\/lospoliticosveracruz.com\\\/?p=145642#article\",\"isPartOf\":{\"@id\":\"https:\\\/\\\/lospoliticosveracruz.com\\\/?p=145642\"},\"author\":{\"name\":\"Lo viste en Los Pol\u00edticos\",\"@id\":\"https:\\\/\\\/lospoliticosveracruz.com\\\/#\\\/schema\\\/person\\\/b8702bb0e538456e6efd07080bf2a4a2\"},\"headline\":\"POZOS NO ENTIENDE\u2026\",\"datePublished\":\"2025-05-26T16:32:03+00:00\",\"dateModified\":\"2025-05-26T16:32:25+00:00\",\"mainEntityOfPage\":{\"@id\":\"https:\\\/\\\/lospoliticosveracruz.com\\\/?p=145642\"},\"wordCount\":1217,\"publisher\":{\"@id\":\"https:\\\/\\\/lospoliticosveracruz.com\\\/#organization\"},\"image\":{\"@id\":\"https:\\\/\\\/lospoliticosveracruz.com\\\/?p=145642#primaryimage\"},\"thumbnailUrl\":\"https:\\\/\\\/lospoliticosveracruz.com\\\/wp-content\\\/uploads\\\/2025\\\/04\\\/Oved-Contreras-e1768066319253.jpg\",\"keywords\":[\"Oved Contreras\"],\"articleSection\":[\"De Opini\u00f3n\"],\"inLanguage\":\"es\"},{\"@type\":\"WebPage\",\"@id\":\"https:\\\/\\\/lospoliticosveracruz.com\\\/?p=145642\",\"url\":\"https:\\\/\\\/lospoliticosveracruz.com\\\/?p=145642\",\"name\":\"POZOS NO ENTIENDE\u2026 - Los pol\u00edticos Veracruz\",\"isPartOf\":{\"@id\":\"https:\\\/\\\/lospoliticosveracruz.com\\\/#website\"},\"primaryImageOfPage\":{\"@id\":\"https:\\\/\\\/lospoliticosveracruz.com\\\/?p=145642#primaryimage\"},\"image\":{\"@id\":\"https:\\\/\\\/lospoliticosveracruz.com\\\/?p=145642#primaryimage\"},\"thumbnailUrl\":\"https:\\\/\\\/lospoliticosveracruz.com\\\/wp-content\\\/uploads\\\/2025\\\/04\\\/Oved-Contreras-e1768066319253.jpg\",\"datePublished\":\"2025-05-26T16:32:03+00:00\",\"dateModified\":\"2025-05-26T16:32:25+00:00\",\"breadcrumb\":{\"@id\":\"https:\\\/\\\/lospoliticosveracruz.com\\\/?p=145642#breadcrumb\"},\"inLanguage\":\"es\",\"potentialAction\":[{\"@type\":\"ReadAction\",\"target\":[\"https:\\\/\\\/lospoliticosveracruz.com\\\/?p=145642\"]}]},{\"@type\":\"ImageObject\",\"inLanguage\":\"es\",\"@id\":\"https:\\\/\\\/lospoliticosveracruz.com\\\/?p=145642#primaryimage\",\"url\":\"https:\\\/\\\/lospoliticosveracruz.com\\\/wp-content\\\/uploads\\\/2025\\\/04\\\/Oved-Contreras-e1768066319253.jpg\",\"contentUrl\":\"https:\\\/\\\/lospoliticosveracruz.com\\\/wp-content\\\/uploads\\\/2025\\\/04\\\/Oved-Contreras-e1768066319253.jpg\",\"width\":600,\"height\":320},{\"@type\":\"BreadcrumbList\",\"@id\":\"https:\\\/\\\/lospoliticosveracruz.com\\\/?p=145642#breadcrumb\",\"itemListElement\":[{\"@type\":\"ListItem\",\"position\":1,\"name\":\"Portada\",\"item\":\"https:\\\/\\\/lospoliticosveracruz.com\\\/\"},{\"@type\":\"ListItem\",\"position\":2,\"name\":\"POZOS NO ENTIENDE\u2026\"}]},{\"@type\":\"WebSite\",\"@id\":\"https:\\\/\\\/lospoliticosveracruz.com\\\/#website\",\"url\":\"https:\\\/\\\/lospoliticosveracruz.com\\\/\",\"name\":\"Los pol\u00edticos Veracruz\",\"description\":\"\",\"publisher\":{\"@id\":\"https:\\\/\\\/lospoliticosveracruz.com\\\/#organization\"},\"potentialAction\":[{\"@type\":\"SearchAction\",\"target\":{\"@type\":\"EntryPoint\",\"urlTemplate\":\"https:\\\/\\\/lospoliticosveracruz.com\\\/?s={search_term_string}\"},\"query-input\":{\"@type\":\"PropertyValueSpecification\",\"valueRequired\":true,\"valueName\":\"search_term_string\"}}],\"inLanguage\":\"es\"},{\"@type\":\"Organization\",\"@id\":\"https:\\\/\\\/lospoliticosveracruz.com\\\/#organization\",\"name\":\"Los pol\u00edticos Veracruz\",\"url\":\"https:\\\/\\\/lospoliticosveracruz.com\\\/\",\"logo\":{\"@type\":\"ImageObject\",\"inLanguage\":\"es\",\"@id\":\"https:\\\/\\\/lospoliticosveracruz.com\\\/#\\\/schema\\\/logo\\\/image\\\/\",\"url\":\"https:\\\/\\\/lospoliticosveracruz.com\\\/wp-content\\\/uploads\\\/2025\\\/12\\\/Logo-Nuevo-LOS-POLITICOS-1.jpg\",\"contentUrl\":\"https:\\\/\\\/lospoliticosveracruz.com\\\/wp-content\\\/uploads\\\/2025\\\/12\\\/Logo-Nuevo-LOS-POLITICOS-1.jpg\",\"width\":260,\"height\":70,\"caption\":\"Los pol\u00edticos Veracruz\"},\"image\":{\"@id\":\"https:\\\/\\\/lospoliticosveracruz.com\\\/#\\\/schema\\\/logo\\\/image\\\/\"},\"sameAs\":[\"https:\\\/\\\/www.facebook.com\\\/people\\\/Notimemes-de-los-Polticos\\\/61565672886568\\\/\",\"https:\\\/\\\/x.com\\\/LosPoliticosVer\"]},{\"@type\":\"Person\",\"@id\":\"https:\\\/\\\/lospoliticosveracruz.com\\\/#\\\/schema\\\/person\\\/b8702bb0e538456e6efd07080bf2a4a2\",\"name\":\"Lo viste en Los Pol\u00edticos\",\"image\":{\"@type\":\"ImageObject\",\"inLanguage\":\"es\",\"@id\":\"https:\\\/\\\/secure.gravatar.com\\\/avatar\\\/3a8de04a2656d44082be478bd6c086daa447c4651605818287b9532d3d0bd435?s=96&d=mm&r=g\",\"url\":\"https:\\\/\\\/secure.gravatar.com\\\/avatar\\\/3a8de04a2656d44082be478bd6c086daa447c4651605818287b9532d3d0bd435?s=96&d=mm&r=g\",\"contentUrl\":\"https:\\\/\\\/secure.gravatar.com\\\/avatar\\\/3a8de04a2656d44082be478bd6c086daa447c4651605818287b9532d3d0bd435?s=96&d=mm&r=g\",\"caption\":\"Lo viste en Los Pol\u00edticos\"},\"url\":\"https:\\\/\\\/lospoliticosveracruz.com\\\/?author=2\"}]}<\/script>\n<!-- \/ Yoast SEO plugin. -->","yoast_head_json":{"title":"POZOS NO ENTIENDE\u2026 - Los pol\u00edticos Veracruz","robots":{"index":"index","follow":"follow","max-snippet":"max-snippet:-1","max-image-preview":"max-image-preview:large","max-video-preview":"max-video-preview:-1"},"canonical":"https:\/\/lospoliticosveracruz.com\/?p=145642","og_locale":"es_ES","og_type":"article","og_title":"POZOS NO ENTIENDE\u2026 - Los pol\u00edticos Veracruz","og_description":"\u2002\u2002\u00daNETE A NUESTRO CANAL \u00a1LOS POL\u00cdTICOS VERACRUZ ya est\u00e1 en WhatsApp! Oved ContrerasSecas Mecas El domingo 18 de mayo, poco despu\u00e9s de las 17:00 horas circul\u00f3 la versi\u00f3n de la salida de Claudia Tello Espinosa de la Secretar\u00eda de Educaci\u00f3n de Veracruz. Su relevo, seg\u00fan la especie informativa filtrada desde el mismo Palacio de Gobierno, [&hellip;]","og_url":"https:\/\/lospoliticosveracruz.com\/?p=145642","og_site_name":"Los pol\u00edticos Veracruz","article_publisher":"https:\/\/www.facebook.com\/people\/Notimemes-de-los-Polticos\/61565672886568\/","article_published_time":"2025-05-26T16:32:03+00:00","article_modified_time":"2025-05-26T16:32:25+00:00","og_image":[{"width":600,"height":320,"url":"https:\/\/lospoliticosveracruz.com\/wp-content\/uploads\/2025\/04\/Oved-Contreras-e1768066319253.jpg","type":"image\/jpeg"}],"author":"Lo viste en Los Pol\u00edticos","twitter_card":"summary_large_image","twitter_creator":"@LosPoliticosVer","twitter_site":"@LosPoliticosVer","twitter_misc":{"Escrito por":"Lo viste en Los Pol\u00edticos","Tiempo de lectura":"6 minutos"},"schema":{"@context":"https:\/\/schema.org","@graph":[{"@type":"Article","@id":"https:\/\/lospoliticosveracruz.com\/?p=145642#article","isPartOf":{"@id":"https:\/\/lospoliticosveracruz.com\/?p=145642"},"author":{"name":"Lo viste en Los Pol\u00edticos","@id":"https:\/\/lospoliticosveracruz.com\/#\/schema\/person\/b8702bb0e538456e6efd07080bf2a4a2"},"headline":"POZOS NO ENTIENDE\u2026","datePublished":"2025-05-26T16:32:03+00:00","dateModified":"2025-05-26T16:32:25+00:00","mainEntityOfPage":{"@id":"https:\/\/lospoliticosveracruz.com\/?p=145642"},"wordCount":1217,"publisher":{"@id":"https:\/\/lospoliticosveracruz.com\/#organization"},"image":{"@id":"https:\/\/lospoliticosveracruz.com\/?p=145642#primaryimage"},"thumbnailUrl":"https:\/\/lospoliticosveracruz.com\/wp-content\/uploads\/2025\/04\/Oved-Contreras-e1768066319253.jpg","keywords":["Oved Contreras"],"articleSection":["De Opini\u00f3n"],"inLanguage":"es"},{"@type":"WebPage","@id":"https:\/\/lospoliticosveracruz.com\/?p=145642","url":"https:\/\/lospoliticosveracruz.com\/?p=145642","name":"POZOS NO ENTIENDE\u2026 - Los pol\u00edticos Veracruz","isPartOf":{"@id":"https:\/\/lospoliticosveracruz.com\/#website"},"primaryImageOfPage":{"@id":"https:\/\/lospoliticosveracruz.com\/?p=145642#primaryimage"},"image":{"@id":"https:\/\/lospoliticosveracruz.com\/?p=145642#primaryimage"},"thumbnailUrl":"https:\/\/lospoliticosveracruz.com\/wp-content\/uploads\/2025\/04\/Oved-Contreras-e1768066319253.jpg","datePublished":"2025-05-26T16:32:03+00:00","dateModified":"2025-05-26T16:32:25+00:00","breadcrumb":{"@id":"https:\/\/lospoliticosveracruz.com\/?p=145642#breadcrumb"},"inLanguage":"es","potentialAction":[{"@type":"ReadAction","target":["https:\/\/lospoliticosveracruz.com\/?p=145642"]}]},{"@type":"ImageObject","inLanguage":"es","@id":"https:\/\/lospoliticosveracruz.com\/?p=145642#primaryimage","url":"https:\/\/lospoliticosveracruz.com\/wp-content\/uploads\/2025\/04\/Oved-Contreras-e1768066319253.jpg","contentUrl":"https:\/\/lospoliticosveracruz.com\/wp-content\/uploads\/2025\/04\/Oved-Contreras-e1768066319253.jpg","width":600,"height":320},{"@type":"BreadcrumbList","@id":"https:\/\/lospoliticosveracruz.com\/?p=145642#breadcrumb","itemListElement":[{"@type":"ListItem","position":1,"name":"Portada","item":"https:\/\/lospoliticosveracruz.com\/"},{"@type":"ListItem","position":2,"name":"POZOS NO ENTIENDE\u2026"}]},{"@type":"WebSite","@id":"https:\/\/lospoliticosveracruz.com\/#website","url":"https:\/\/lospoliticosveracruz.com\/","name":"Los pol\u00edticos Veracruz","description":"","publisher":{"@id":"https:\/\/lospoliticosveracruz.com\/#organization"},"potentialAction":[{"@type":"SearchAction","target":{"@type":"EntryPoint","urlTemplate":"https:\/\/lospoliticosveracruz.com\/?s={search_term_string}"},"query-input":{"@type":"PropertyValueSpecification","valueRequired":true,"valueName":"search_term_string"}}],"inLanguage":"es"},{"@type":"Organization","@id":"https:\/\/lospoliticosveracruz.com\/#organization","name":"Los pol\u00edticos Veracruz","url":"https:\/\/lospoliticosveracruz.com\/","logo":{"@type":"ImageObject","inLanguage":"es","@id":"https:\/\/lospoliticosveracruz.com\/#\/schema\/logo\/image\/","url":"https:\/\/lospoliticosveracruz.com\/wp-content\/uploads\/2025\/12\/Logo-Nuevo-LOS-POLITICOS-1.jpg","contentUrl":"https:\/\/lospoliticosveracruz.com\/wp-content\/uploads\/2025\/12\/Logo-Nuevo-LOS-POLITICOS-1.jpg","width":260,"height":70,"caption":"Los pol\u00edticos Veracruz"},"image":{"@id":"https:\/\/lospoliticosveracruz.com\/#\/schema\/logo\/image\/"},"sameAs":["https:\/\/www.facebook.com\/people\/Notimemes-de-los-Polticos\/61565672886568\/","https:\/\/x.com\/LosPoliticosVer"]},{"@type":"Person","@id":"https:\/\/lospoliticosveracruz.com\/#\/schema\/person\/b8702bb0e538456e6efd07080bf2a4a2","name":"Lo viste en Los Pol\u00edticos","image":{"@type":"ImageObject","inLanguage":"es","@id":"https:\/\/secure.gravatar.com\/avatar\/3a8de04a2656d44082be478bd6c086daa447c4651605818287b9532d3d0bd435?s=96&d=mm&r=g","url":"https:\/\/secure.gravatar.com\/avatar\/3a8de04a2656d44082be478bd6c086daa447c4651605818287b9532d3d0bd435?s=96&d=mm&r=g","contentUrl":"https:\/\/secure.gravatar.com\/avatar\/3a8de04a2656d44082be478bd6c086daa447c4651605818287b9532d3d0bd435?s=96&d=mm&r=g","caption":"Lo viste en Los Pol\u00edticos"},"url":"https:\/\/lospoliticosveracruz.com\/?author=2"}]}},"_links":{"self":[{"href":"https:\/\/lospoliticosveracruz.com\/index.php?rest_route=\/wp\/v2\/posts\/145642","targetHints":{"allow":["GET"]}}],"collection":[{"href":"https:\/\/lospoliticosveracruz.com\/index.php?rest_route=\/wp\/v2\/posts"}],"about":[{"href":"https:\/\/lospoliticosveracruz.com\/index.php?rest_route=\/wp\/v2\/types\/post"}],"author":[{"embeddable":true,"href":"https:\/\/lospoliticosveracruz.com\/index.php?rest_route=\/wp\/v2\/users\/2"}],"replies":[{"embeddable":true,"href":"https:\/\/lospoliticosveracruz.com\/index.php?rest_route=%2Fwp%2Fv2%2Fcomments&post=145642"}],"version-history":[{"count":2,"href":"https:\/\/lospoliticosveracruz.com\/index.php?rest_route=\/wp\/v2\/posts\/145642\/revisions"}],"predecessor-version":[{"id":145644,"href":"https:\/\/lospoliticosveracruz.com\/index.php?rest_route=\/wp\/v2\/posts\/145642\/revisions\/145644"}],"wp:featuredmedia":[{"embeddable":true,"href":"https:\/\/lospoliticosveracruz.com\/index.php?rest_route=\/wp\/v2\/media\/141426"}],"wp:attachment":[{"href":"https:\/\/lospoliticosveracruz.com\/index.php?rest_route=%2Fwp%2Fv2%2Fmedia&parent=145642"}],"wp:term":[{"taxonomy":"category","embeddable":true,"href":"https:\/\/lospoliticosveracruz.com\/index.php?rest_route=%2Fwp%2Fv2%2Fcategories&post=145642"},{"taxonomy":"post_tag","embeddable":true,"href":"https:\/\/lospoliticosveracruz.com\/index.php?rest_route=%2Fwp%2Fv2%2Ftags&post=145642"}],"curies":[{"name":"wp","href":"https:\/\/api.w.org\/{rel}","templated":true}]}}