{"id":14568,"date":"2015-01-21T22:04:28","date_gmt":"2015-01-22T04:04:28","guid":{"rendered":"http:\/\/www.lospoliticosveracruz.com.mx\/?p=14568"},"modified":"2015-01-21T22:04:28","modified_gmt":"2015-01-22T04:04:28","slug":"xalapa-tiende-puentes","status":"publish","type":"post","link":"https:\/\/lospoliticosveracruz.com\/?p=14568","title":{"rendered":"Xalapa tiende puentes"},"content":{"rendered":"<p><a href=\"http:\/\/www.lospoliticosveracruz.com.mx\/wp-content\/uploads\/2015\/01\/Am\u00e9rico-Z\u00fa\u00f1iga.jpg\"><img loading=\"lazy\" decoding=\"async\" class=\"alignnone size-medium wp-image-14569\" src=\"http:\/\/www.lospoliticosveracruz.com.mx\/wp-content\/uploads\/2015\/01\/Am\u00e9rico-Z\u00fa\u00f1iga-300x200.jpg\" alt=\"Am\u00e9rico Z\u00fa\u00f1iga\" width=\"300\" height=\"200\" \/><\/a><\/p>\n<p><strong>Rodrigo Montoya Rivera<\/strong><\/p>\n<p><em>Ideas<\/em><br \/>\nUna de las cualidades que ha demostrado el Presidente Municipal de Xalapa, es sin lugar a dudas la de tender puentes con diversos entes pol\u00edticos en beneficio del municipio que encabeza. Z\u00fa\u00f1iga Mart\u00ednez quien lleva al frente del gobierno capitalino un a\u00f1o y casi un mes, ha tenido interlocuci\u00f3n con funcionarios p\u00fablicos municipales estatales y federales. De estos \u00faltimos adem\u00e1s de los delegados que son los representantes de las dependencias a nivel nacional en las entidades, tambi\u00e9n ha logrado importantes acuerdos con hombres y mujeres del primer orden de poder en este pa\u00eds.<br \/>\nY es que al inicio de la administraci\u00f3n su destacada labor en Xalapa le abri\u00f3 la puerta para ser nombrado Vicecoordinador de Municipios Metropolitanos al interior de la FENAMM y Coordinador Estatal de la CONAM en Veracruz. Derivado de estos nombramientos y el trabajo emprendido en Xalapa ha tenido la oportunidad de concretar reuniones y llevar proyectos al escritorio de personajes como Jorge Carlos Ram\u00edrez Mar\u00edn titular de SEDATU o los subsecretarios Alejandro Nieto, Roberto Campa y Fernando Aportela por nombrar algunos; por cierto este \u00faltimo veracruzano y gran aliado de los xalape\u00f1os y su gobierno.<br \/>\nHablando en particular de este \u00faltimo, Fernando Aportela Rodr\u00edguez Subsecretario de Hacienda, ha sido pieza clave para que la capital veracruzana reciba el apoyo de Luis Videgaray en proyectos tan relevantes como los contenidos en el Plan de Acci\u00f3n del Banco Interamericano de Desarrollo, el cual fue realizado dentro de la Iniciativa de Ciudades Emergentes y Sostenibles (ICES).<br \/>\nEl BID sin lugar a dudas ha privilegiado a Xalapa. En sus diferentes visitas a este municipio se han logrado diagnosticar las grandes problem\u00e1ticas que existen en la ciudad pero tambi\u00e9n se han encontrado rutas correctas para dar marcha a las soluciones que permitan que el desarrollo urbano se lleve a cabo con orden y \u00e9xito.<br \/>\nApenas este martes 22 de enero se llev\u00f3 a cabo una importante reuni\u00f3n en las oficinas de la Direcci\u00f3n de BANOBRAS en la ciudad de M\u00e9xico. Ah\u00ed el mun\u00edcipe Am\u00e9rico Z\u00fa\u00f1iga acompa\u00f1ado de Rogelio \u00c1lvarez Regidor Primero y el Delegado de BANOBRAS en la entidad Salvador Manzur D\u00edaz, tuvo la oportunidad de comentar ante directivos de las diferentes dependencias involucradas, sus experiencias como gobernante, en una ciudad tan compleja como Xalapa. As\u00ed mismo, se llev\u00f3 a cabo la presentaci\u00f3n de un documento de 341 p\u00e1ginas el cual contiene entre otras cosas, temas relevantes y de gran calado como lo son la iniciativa de ciudades emergentes y sostenibles, el desaf\u00edo del cambio clim\u00e1tico en M\u00e9xico y Xalapa, el diagn\u00f3stico para Xalapa a partir de sus indicadores, el estudio base de mitigaci\u00f3n, vulnerabilidad y crecimiento urbano, las prioridades a llevarse a cabo, etc\u00e9tera.<\/p>\n<p>En la reuni\u00f3n a la que asistieron Directores estrat\u00e9gicos de dependencias como SCT, SEMARNAT, CONAGUA, Hacienda y BANOBRAS Am\u00e9rico Z\u00fa\u00f1iga expres\u00f3 su agradecimiento para los miembros del BID quienes han puesto gran empe\u00f1o en que las iniciativas propuestas puedan ir caminando.<br \/>\nSin lugar a dudas en el oficio de ser pol\u00edtico es necesario saber tender puentes que permitan llevar a sus representados mayores beneficios y por ende una mejor calidad de vida. El Presidente de Xalapa lo entiende y ha tejido fino para allegar a su ciudad importantes proyectos como los del BID en los cuales hay muchos involucrados que tambi\u00e9n muestran sus cualidades profesionales y pol\u00edticas.<br \/>\nL\u00e9eme en: www.rodrigomontoya.com.mx<br \/>\nTwitter: @RodrigoMontoyaR<br \/>\nComentarios: rodrigomontoya91@gmail.com<\/p>\n","protected":false},"excerpt":{"rendered":"<p>Rodrigo Montoya Rivera Ideas Una de las cualidades que ha demostrado el Presidente Municipal de Xalapa, es sin lugar a dudas la de tender puentes con diversos entes pol\u00edticos en beneficio del municipio que encabeza. Z\u00fa\u00f1iga Mart\u00ednez quien lleva al frente del gobierno capitalino un a\u00f1o y casi un mes, ha tenido interlocuci\u00f3n con funcionarios [&hellip;]<\/p>\n","protected":false},"author":2,"featured_media":0,"comment_status":"open","ping_status":"open","sticky":false,"template":"","format":"standard","meta":{"tdm_status":"","tdm_grid_status":"","footnotes":""},"categories":[70],"tags":[539,1504,1501,424,1503,1505],"class_list":{"0":"post-14568","1":"post","2":"type-post","3":"status-publish","4":"format-standard","6":"category-de-opinion","7":"tag-americo-zuniga-martinez","8":"tag-fernando-aportela","9":"tag-jorge-carlos-ramirez-marin","10":"tag-luis-videgaray","11":"tag-roberto-campa","12":"tag-salvador-manzur-diaz"},"yoast_head":"<!-- This site is optimized with the Yoast SEO plugin v27.4 - https:\/\/yoast.com\/product\/yoast-seo-wordpress\/ -->\n<title>Xalapa tiende puentes - Los pol\u00edticos Veracruz<\/title>\n<meta name=\"robots\" content=\"index, follow, max-snippet:-1, max-image-preview:large, max-video-preview:-1\" \/>\n<link rel=\"canonical\" href=\"https:\/\/lospoliticosveracruz.com\/?p=14568\" \/>\n<meta property=\"og:locale\" content=\"es_ES\" \/>\n<meta property=\"og:type\" content=\"article\" \/>\n<meta property=\"og:title\" content=\"Xalapa tiende puentes - Los pol\u00edticos Veracruz\" \/>\n<meta property=\"og:description\" content=\"Rodrigo Montoya Rivera Ideas Una de las cualidades que ha demostrado el Presidente Municipal de Xalapa, es sin lugar a dudas la de tender puentes con diversos entes pol\u00edticos en beneficio del municipio que encabeza. Z\u00fa\u00f1iga Mart\u00ednez quien lleva al frente del gobierno capitalino un a\u00f1o y casi un mes, ha tenido interlocuci\u00f3n con funcionarios [&hellip;]\" \/>\n<meta property=\"og:url\" content=\"https:\/\/lospoliticosveracruz.com\/?p=14568\" \/>\n<meta property=\"og:site_name\" content=\"Los pol\u00edticos Veracruz\" \/>\n<meta property=\"article:publisher\" content=\"https:\/\/www.facebook.com\/people\/Notimemes-de-los-Polticos\/61565672886568\/\" \/>\n<meta property=\"article:published_time\" content=\"2015-01-22T04:04:28+00:00\" \/>\n<meta property=\"og:image\" content=\"https:\/\/lospoliticosveracruz.com\/wp-content\/uploads\/2016\/07\/Logo-Dor.jpg\" \/>\n\t<meta property=\"og:image:width\" content=\"200\" \/>\n\t<meta property=\"og:image:height\" content=\"200\" \/>\n\t<meta property=\"og:image:type\" content=\"image\/jpeg\" \/>\n<meta name=\"author\" content=\"Lo viste en Los Pol\u00edticos\" \/>\n<meta name=\"twitter:card\" content=\"summary_large_image\" \/>\n<meta name=\"twitter:creator\" content=\"@LosPoliticosVer\" \/>\n<meta name=\"twitter:site\" content=\"@LosPoliticosVer\" \/>\n<meta name=\"twitter:label1\" content=\"Escrito por\" \/>\n\t<meta name=\"twitter:data1\" content=\"Lo viste en Los Pol\u00edticos\" \/>\n\t<meta name=\"twitter:label2\" content=\"Tiempo de lectura\" \/>\n\t<meta name=\"twitter:data2\" content=\"3 minutos\" \/>\n<script type=\"application\/ld+json\" class=\"yoast-schema-graph\">{\"@context\":\"https:\\\/\\\/schema.org\",\"@graph\":[{\"@type\":\"Article\",\"@id\":\"https:\\\/\\\/lospoliticosveracruz.com\\\/?p=14568#article\",\"isPartOf\":{\"@id\":\"https:\\\/\\\/lospoliticosveracruz.com\\\/?p=14568\"},\"author\":{\"name\":\"Lo viste en Los Pol\u00edticos\",\"@id\":\"https:\\\/\\\/lospoliticosveracruz.com\\\/#\\\/schema\\\/person\\\/b8702bb0e538456e6efd07080bf2a4a2\"},\"headline\":\"Xalapa tiende puentes\",\"datePublished\":\"2015-01-22T04:04:28+00:00\",\"mainEntityOfPage\":{\"@id\":\"https:\\\/\\\/lospoliticosveracruz.com\\\/?p=14568\"},\"wordCount\":610,\"commentCount\":0,\"publisher\":{\"@id\":\"https:\\\/\\\/lospoliticosveracruz.com\\\/#organization\"},\"keywords\":[\"Am\u00e9rico Z\u00fa\u00f1iga Mart\u00ednez\",\"Fernando Aportela\",\"Jorge Carlos Ram\u00edrez Mar\u00edn\",\"Luis Videgaray\",\"Roberto Campa\",\"Salvador Manzur D\u00edaz\"],\"articleSection\":[\"De Opini\u00f3n\"],\"inLanguage\":\"es\",\"potentialAction\":[{\"@type\":\"CommentAction\",\"name\":\"Comment\",\"target\":[\"https:\\\/\\\/lospoliticosveracruz.com\\\/?p=14568#respond\"]}]},{\"@type\":\"WebPage\",\"@id\":\"https:\\\/\\\/lospoliticosveracruz.com\\\/?p=14568\",\"url\":\"https:\\\/\\\/lospoliticosveracruz.com\\\/?p=14568\",\"name\":\"Xalapa tiende puentes - Los pol\u00edticos Veracruz\",\"isPartOf\":{\"@id\":\"https:\\\/\\\/lospoliticosveracruz.com\\\/#website\"},\"datePublished\":\"2015-01-22T04:04:28+00:00\",\"breadcrumb\":{\"@id\":\"https:\\\/\\\/lospoliticosveracruz.com\\\/?p=14568#breadcrumb\"},\"inLanguage\":\"es\",\"potentialAction\":[{\"@type\":\"ReadAction\",\"target\":[\"https:\\\/\\\/lospoliticosveracruz.com\\\/?p=14568\"]}]},{\"@type\":\"BreadcrumbList\",\"@id\":\"https:\\\/\\\/lospoliticosveracruz.com\\\/?p=14568#breadcrumb\",\"itemListElement\":[{\"@type\":\"ListItem\",\"position\":1,\"name\":\"Portada\",\"item\":\"https:\\\/\\\/lospoliticosveracruz.com\\\/\"},{\"@type\":\"ListItem\",\"position\":2,\"name\":\"Xalapa tiende puentes\"}]},{\"@type\":\"WebSite\",\"@id\":\"https:\\\/\\\/lospoliticosveracruz.com\\\/#website\",\"url\":\"https:\\\/\\\/lospoliticosveracruz.com\\\/\",\"name\":\"Los pol\u00edticos Veracruz\",\"description\":\"\",\"publisher\":{\"@id\":\"https:\\\/\\\/lospoliticosveracruz.com\\\/#organization\"},\"potentialAction\":[{\"@type\":\"SearchAction\",\"target\":{\"@type\":\"EntryPoint\",\"urlTemplate\":\"https:\\\/\\\/lospoliticosveracruz.com\\\/?s={search_term_string}\"},\"query-input\":{\"@type\":\"PropertyValueSpecification\",\"valueRequired\":true,\"valueName\":\"search_term_string\"}}],\"inLanguage\":\"es\"},{\"@type\":\"Organization\",\"@id\":\"https:\\\/\\\/lospoliticosveracruz.com\\\/#organization\",\"name\":\"Los pol\u00edticos Veracruz\",\"url\":\"https:\\\/\\\/lospoliticosveracruz.com\\\/\",\"logo\":{\"@type\":\"ImageObject\",\"inLanguage\":\"es\",\"@id\":\"https:\\\/\\\/lospoliticosveracruz.com\\\/#\\\/schema\\\/logo\\\/image\\\/\",\"url\":\"https:\\\/\\\/lospoliticosveracruz.com\\\/wp-content\\\/uploads\\\/2025\\\/12\\\/Logo-Nuevo-LOS-POLITICOS-1.jpg\",\"contentUrl\":\"https:\\\/\\\/lospoliticosveracruz.com\\\/wp-content\\\/uploads\\\/2025\\\/12\\\/Logo-Nuevo-LOS-POLITICOS-1.jpg\",\"width\":260,\"height\":70,\"caption\":\"Los pol\u00edticos Veracruz\"},\"image\":{\"@id\":\"https:\\\/\\\/lospoliticosveracruz.com\\\/#\\\/schema\\\/logo\\\/image\\\/\"},\"sameAs\":[\"https:\\\/\\\/www.facebook.com\\\/people\\\/Notimemes-de-los-Polticos\\\/61565672886568\\\/\",\"https:\\\/\\\/x.com\\\/LosPoliticosVer\"]},{\"@type\":\"Person\",\"@id\":\"https:\\\/\\\/lospoliticosveracruz.com\\\/#\\\/schema\\\/person\\\/b8702bb0e538456e6efd07080bf2a4a2\",\"name\":\"Lo viste en Los Pol\u00edticos\",\"image\":{\"@type\":\"ImageObject\",\"inLanguage\":\"es\",\"@id\":\"https:\\\/\\\/secure.gravatar.com\\\/avatar\\\/3a8de04a2656d44082be478bd6c086daa447c4651605818287b9532d3d0bd435?s=96&d=mm&r=g\",\"url\":\"https:\\\/\\\/secure.gravatar.com\\\/avatar\\\/3a8de04a2656d44082be478bd6c086daa447c4651605818287b9532d3d0bd435?s=96&d=mm&r=g\",\"contentUrl\":\"https:\\\/\\\/secure.gravatar.com\\\/avatar\\\/3a8de04a2656d44082be478bd6c086daa447c4651605818287b9532d3d0bd435?s=96&d=mm&r=g\",\"caption\":\"Lo viste en Los Pol\u00edticos\"},\"url\":\"https:\\\/\\\/lospoliticosveracruz.com\\\/?author=2\"}]}<\/script>\n<!-- \/ Yoast SEO plugin. -->","yoast_head_json":{"title":"Xalapa tiende puentes - Los pol\u00edticos Veracruz","robots":{"index":"index","follow":"follow","max-snippet":"max-snippet:-1","max-image-preview":"max-image-preview:large","max-video-preview":"max-video-preview:-1"},"canonical":"https:\/\/lospoliticosveracruz.com\/?p=14568","og_locale":"es_ES","og_type":"article","og_title":"Xalapa tiende puentes - Los pol\u00edticos Veracruz","og_description":"Rodrigo Montoya Rivera Ideas Una de las cualidades que ha demostrado el Presidente Municipal de Xalapa, es sin lugar a dudas la de tender puentes con diversos entes pol\u00edticos en beneficio del municipio que encabeza. Z\u00fa\u00f1iga Mart\u00ednez quien lleva al frente del gobierno capitalino un a\u00f1o y casi un mes, ha tenido interlocuci\u00f3n con funcionarios [&hellip;]","og_url":"https:\/\/lospoliticosveracruz.com\/?p=14568","og_site_name":"Los pol\u00edticos Veracruz","article_publisher":"https:\/\/www.facebook.com\/people\/Notimemes-de-los-Polticos\/61565672886568\/","article_published_time":"2015-01-22T04:04:28+00:00","og_image":[{"width":200,"height":200,"url":"https:\/\/lospoliticosveracruz.com\/wp-content\/uploads\/2016\/07\/Logo-Dor.jpg","type":"image\/jpeg"}],"author":"Lo viste en Los Pol\u00edticos","twitter_card":"summary_large_image","twitter_creator":"@LosPoliticosVer","twitter_site":"@LosPoliticosVer","twitter_misc":{"Escrito por":"Lo viste en Los Pol\u00edticos","Tiempo de lectura":"3 minutos"},"schema":{"@context":"https:\/\/schema.org","@graph":[{"@type":"Article","@id":"https:\/\/lospoliticosveracruz.com\/?p=14568#article","isPartOf":{"@id":"https:\/\/lospoliticosveracruz.com\/?p=14568"},"author":{"name":"Lo viste en Los Pol\u00edticos","@id":"https:\/\/lospoliticosveracruz.com\/#\/schema\/person\/b8702bb0e538456e6efd07080bf2a4a2"},"headline":"Xalapa tiende puentes","datePublished":"2015-01-22T04:04:28+00:00","mainEntityOfPage":{"@id":"https:\/\/lospoliticosveracruz.com\/?p=14568"},"wordCount":610,"commentCount":0,"publisher":{"@id":"https:\/\/lospoliticosveracruz.com\/#organization"},"keywords":["Am\u00e9rico Z\u00fa\u00f1iga Mart\u00ednez","Fernando Aportela","Jorge Carlos Ram\u00edrez Mar\u00edn","Luis Videgaray","Roberto Campa","Salvador Manzur D\u00edaz"],"articleSection":["De Opini\u00f3n"],"inLanguage":"es","potentialAction":[{"@type":"CommentAction","name":"Comment","target":["https:\/\/lospoliticosveracruz.com\/?p=14568#respond"]}]},{"@type":"WebPage","@id":"https:\/\/lospoliticosveracruz.com\/?p=14568","url":"https:\/\/lospoliticosveracruz.com\/?p=14568","name":"Xalapa tiende puentes - Los pol\u00edticos Veracruz","isPartOf":{"@id":"https:\/\/lospoliticosveracruz.com\/#website"},"datePublished":"2015-01-22T04:04:28+00:00","breadcrumb":{"@id":"https:\/\/lospoliticosveracruz.com\/?p=14568#breadcrumb"},"inLanguage":"es","potentialAction":[{"@type":"ReadAction","target":["https:\/\/lospoliticosveracruz.com\/?p=14568"]}]},{"@type":"BreadcrumbList","@id":"https:\/\/lospoliticosveracruz.com\/?p=14568#breadcrumb","itemListElement":[{"@type":"ListItem","position":1,"name":"Portada","item":"https:\/\/lospoliticosveracruz.com\/"},{"@type":"ListItem","position":2,"name":"Xalapa tiende puentes"}]},{"@type":"WebSite","@id":"https:\/\/lospoliticosveracruz.com\/#website","url":"https:\/\/lospoliticosveracruz.com\/","name":"Los pol\u00edticos Veracruz","description":"","publisher":{"@id":"https:\/\/lospoliticosveracruz.com\/#organization"},"potentialAction":[{"@type":"SearchAction","target":{"@type":"EntryPoint","urlTemplate":"https:\/\/lospoliticosveracruz.com\/?s={search_term_string}"},"query-input":{"@type":"PropertyValueSpecification","valueRequired":true,"valueName":"search_term_string"}}],"inLanguage":"es"},{"@type":"Organization","@id":"https:\/\/lospoliticosveracruz.com\/#organization","name":"Los pol\u00edticos Veracruz","url":"https:\/\/lospoliticosveracruz.com\/","logo":{"@type":"ImageObject","inLanguage":"es","@id":"https:\/\/lospoliticosveracruz.com\/#\/schema\/logo\/image\/","url":"https:\/\/lospoliticosveracruz.com\/wp-content\/uploads\/2025\/12\/Logo-Nuevo-LOS-POLITICOS-1.jpg","contentUrl":"https:\/\/lospoliticosveracruz.com\/wp-content\/uploads\/2025\/12\/Logo-Nuevo-LOS-POLITICOS-1.jpg","width":260,"height":70,"caption":"Los pol\u00edticos Veracruz"},"image":{"@id":"https:\/\/lospoliticosveracruz.com\/#\/schema\/logo\/image\/"},"sameAs":["https:\/\/www.facebook.com\/people\/Notimemes-de-los-Polticos\/61565672886568\/","https:\/\/x.com\/LosPoliticosVer"]},{"@type":"Person","@id":"https:\/\/lospoliticosveracruz.com\/#\/schema\/person\/b8702bb0e538456e6efd07080bf2a4a2","name":"Lo viste en Los Pol\u00edticos","image":{"@type":"ImageObject","inLanguage":"es","@id":"https:\/\/secure.gravatar.com\/avatar\/3a8de04a2656d44082be478bd6c086daa447c4651605818287b9532d3d0bd435?s=96&d=mm&r=g","url":"https:\/\/secure.gravatar.com\/avatar\/3a8de04a2656d44082be478bd6c086daa447c4651605818287b9532d3d0bd435?s=96&d=mm&r=g","contentUrl":"https:\/\/secure.gravatar.com\/avatar\/3a8de04a2656d44082be478bd6c086daa447c4651605818287b9532d3d0bd435?s=96&d=mm&r=g","caption":"Lo viste en Los Pol\u00edticos"},"url":"https:\/\/lospoliticosveracruz.com\/?author=2"}]}},"_links":{"self":[{"href":"https:\/\/lospoliticosveracruz.com\/index.php?rest_route=\/wp\/v2\/posts\/14568","targetHints":{"allow":["GET"]}}],"collection":[{"href":"https:\/\/lospoliticosveracruz.com\/index.php?rest_route=\/wp\/v2\/posts"}],"about":[{"href":"https:\/\/lospoliticosveracruz.com\/index.php?rest_route=\/wp\/v2\/types\/post"}],"author":[{"embeddable":true,"href":"https:\/\/lospoliticosveracruz.com\/index.php?rest_route=\/wp\/v2\/users\/2"}],"replies":[{"embeddable":true,"href":"https:\/\/lospoliticosveracruz.com\/index.php?rest_route=%2Fwp%2Fv2%2Fcomments&post=14568"}],"version-history":[{"count":1,"href":"https:\/\/lospoliticosveracruz.com\/index.php?rest_route=\/wp\/v2\/posts\/14568\/revisions"}],"predecessor-version":[{"id":14570,"href":"https:\/\/lospoliticosveracruz.com\/index.php?rest_route=\/wp\/v2\/posts\/14568\/revisions\/14570"}],"wp:attachment":[{"href":"https:\/\/lospoliticosveracruz.com\/index.php?rest_route=%2Fwp%2Fv2%2Fmedia&parent=14568"}],"wp:term":[{"taxonomy":"category","embeddable":true,"href":"https:\/\/lospoliticosveracruz.com\/index.php?rest_route=%2Fwp%2Fv2%2Fcategories&post=14568"},{"taxonomy":"post_tag","embeddable":true,"href":"https:\/\/lospoliticosveracruz.com\/index.php?rest_route=%2Fwp%2Fv2%2Ftags&post=14568"}],"curies":[{"name":"wp","href":"https:\/\/api.w.org\/{rel}","templated":true}]}}