{"id":145714,"date":"2025-05-27T00:23:03","date_gmt":"2025-05-27T05:23:03","guid":{"rendered":"https:\/\/lospoliticosveracruz.com.mx\/?p=145714"},"modified":"2025-05-27T00:23:25","modified_gmt":"2025-05-27T05:23:25","slug":"mc-vs-morena-el-pleito-pactado","status":"publish","type":"post","link":"https:\/\/lospoliticosveracruz.com\/?p=145714","title":{"rendered":"MC VS MORENA, \u00bfEL PLEITO PACTADO?"},"content":{"rendered":"\n<p>[S\u00edguenos ahora tambi\u00e9n en WhatsApp.\u00a0<a href=\"https:\/\/whatsapp.com\/channel\/0029Va8zRWlEKyZIP3Z1dF0e\"><strong><em>Da clic aqu\u00ed<\/em><\/strong><\/a>]\u00a0<br><strong>Ricardo Chua<\/strong><\/p>\n\n\n\n<p><em>Sale y Vale<\/em><\/p>\n\n\n\n<p>Despu\u00e9s de que durante y antes de las campa\u00f1as a las alcald\u00edas en Veracruz, se especul\u00f3 presuntamente un \u00abACUERDO\u00bb pol\u00edtico entre el gobierno del Estado, MORENA y Movimiento Ciudadano para quedarse con todo el poder municipal del Estado.. Dividiendo y desbaratando a la oposici\u00f3n (PRI-PAN) para tener el poder en los ayuntamientos donde estos partidos gobernaban y con fuerza.. Ahora resulta que los dos dirigentes estatales de ambos partidos: Esteban Ram\u00edrez Zepeta (Morena) y Luis Carbonell (Movimiento Ciudadano), se atacan y se acusan de postular candidatos con nexos con el crimen organizado y de ser presuntos homicidas.. VALGAME DIOS..<\/p>\n\n\n\n<p>Ayer ambos l\u00edderes se dijeron una serie de bravatas en los medios de comunicaci\u00f3n, haci\u00e9ndose ese tipo de acusaciones.. Cuando horas antes en el municipio de Jilotepec, quemaron la casa de campa\u00f1a y veh\u00edculo del candidato de MORENA, Francisco Clemente.. Y la dirigencia estatal de ese partido, se\u00f1al\u00f3 que el candidato de MC a la alcald\u00eda de ese lugar, Roberto Marcelo, de ser el autor de ese ataque.. A lo que el candidato \u00abnaranja\u00bb se deslinda del hecho.. Pero eso no se qued\u00f3 as\u00ed, Luis Carbonell, l\u00edder de MC estatal, sostuvo que el l\u00edder morenista tiene miedo de MC y por eso ataca con esos infundios y lo acus\u00f3 de vender las candidaturas a los candidatos de MORENA a las alcald\u00edas..<\/p>\n\n\n\n<p>En fin, dimes y diretes.. Pero nada en concreto.. Ya que si MORENA ten\u00eda sospecha que MC ten\u00eda candidatos a delincuentes.. La pregunta que queda es: \u00bfPor qu\u00e9 no se actu\u00f3 en su momento?.. MORENA tiene en sus manos al Gobierno del Estado y la Fiscal\u00eda de Veracruz.. A poco no les informaron de esos \u00abdeslices\u00bb de los \u00abnaranjas\u00bb y nadie dijo nada.. Ni los candidatos morenos, ni su dirigencia en su momento.. Mientras que MC mantuvo una \u00abOPOSICI\u00d3N C\u00d3MODA\u00bb ante el gobierno de Roc\u00edo Nahle.. Se centraron en atacar a Cuitl\u00e1huac Garc\u00eda y a Los Yunes de la 4T.. Pero no le hicieron ning\u00fan se\u00f1alamiento a Nahle en sus 6 meses que lleva de gobierno.. Por eso, este pleito entre Zepeta y Carbonell est\u00e1 \u00abbajo sospecha\u00bb..<\/p>\n\n\n\n<p>Ya que se pasaron muchas semanas los de MC \u00abalimentando\u00bb una narrativa en contra de Los Yunes y Cuitl\u00e1huac, hasta acusaron a Zepeta de ser \u00abempleado\u00bb del ex gobernador.. C\u00f3mo para ahora darse de \u00abara\u00f1azos\u00bb cuando la campa\u00f1a va a acabar.. Sobre todo despu\u00e9s de que MC, ni con el \u00abp\u00e9talo de una rosa\u00bb, quisieron tener una POSTURA CR\u00cdTICA en contra de la inseguridad del Estado, cuando hab\u00edan atentado contra una de sus candidatas, la de Rodriguez Clara: Xochilt Trees y ah\u00ed asesinaron a balazos a la periodista, Avisack Douglas, colaboradora medi\u00e1tica de la ex funcionaria estatal y ahora candidata a la alcald\u00eda.. Por ello, estos ataques parecen una \u00abcortina de humo\u00bb..<\/p>\n\n\n\n<p>\u00abGarganta Profunda\u00bb siempre dice: \u00abPiensa mal y acertar\u00e1s\u00bb.. Y sostuvo: \u00abNo parece raro que MC y MORENA se peleen a 5 d\u00edas que son estos comicios, no se te hace raro que apenas el lunes la propia Roc\u00edo (Nahle) dijo que todo estaba bajo control para las elecciones y ahora vengan que hay narcocandidatos y que se vendieron las candidaturas a las alcald\u00edas. Preg\u00fantate por qu\u00e9 hasta ahora. Si toda esa informaci\u00f3n la debe tener Ricardo (Ahued), que como secretario de Gobierno, le debe informar eso a la gobernadora. Ah\u00ed Zepeta deja en mal hasta la Fiscal, Ver\u00f3nica (Hern\u00e1ndez), hab\u00eda candidatos con carpetas de investigaci\u00f3n y el OPLE y el Gobierno del Estado, los dej\u00f3 pasar, y el -filtro- del que hablo Nahle, en d\u00f3nde est\u00e1\u00bb..<\/p>\n\n\n\n<p>Prosigui\u00f3 con su relato \u00abGarganta Profunda\u00bb: \u00abQu\u00e9 no viste lo que pas\u00f3 ayer en Veracruz, olv\u00eddate de los temas de violencia e inseguridad, fue algo pol\u00edtico que MORENA, ni el Gobierno del Estado, lo ten\u00edan calculado.. Que es la -rebeli\u00f3n- de una gran parte de los -Verdes- y una posible alianza con el PAN.. Una alianza del equipo de Miguel \u00c1ngel Yunes y Javier Herrera Borunda.. Una alianza PVEM-PAN.. Despu\u00e9s de c\u00f3mo los trataron en Veracruz desde el gobierno de Cuitl\u00e1huac Garc\u00eda y de como los han desde\u00f1ado en esta administraci\u00f3n.. Qu\u00e9 esperaban.. Acaso flores.. Tal como dices t\u00fa.. Mira lo que les hizo MORENA con Alvarado y Tuxpan, fue demasiada -rudeza innecesaria-\u00ab..<\/p>\n\n\n\n<p>Agreg\u00f3: \u00abRecuerdas lo que dijeron del autor de esa frase, que fue Fidel Herrera Beltr\u00e1n, que le vino a se\u00f1alar la propia Luisa Alcalde en Orizaba, con esa tonter\u00eda del -tufo-. T\u00fa crees que no le doli\u00f3 a Javier (Herrera Borunda), hablaban de su pap\u00e1, al que le debe todo lo que es y que apenas tendr\u00eda unos d\u00edas de haber fallecido. Javier call\u00f3 por prudencia a lo mejor, por su partido y quiz\u00e1s porque Manuel (Velasco) le dijo calma, todo a su tiempo. Y a lo mejor para ellos, el tiempo lleg\u00f3. Empezaron con Tuxpan con (Alberto) -El Cisne- Silva, despu\u00e9s con Alvarado con Beto Cobos y Lizzete Alvarez. Pero lo que m\u00e1s debi\u00f3 haber dolido a MORENA y Palacio de Gobierno es el -quiebre- del -Verde- en Boca del R\u00edo a favor de Marijose Gamboa y el PAN\u00bb..<\/p>\n\n\n\n<p>Asever\u00f3 \u00abGarganta Profunda\u00bb sobre el tema: \u00abEse -quiebre- que ya catapulta a Maryjose Gamboa como la ganadora de la elecci\u00f3n en Boca del R\u00edo para el PAN. Puede ser el primer paso de esa alianza PVEM-PAN para el 2027. Los -verdes- puede no ir con MORENA para la elecci\u00f3n de diputados locales. Y eso pondr\u00eda en peligro la \u00faltima mitad del gobierno de Nahle, si MORENA no mantiene el control del Congreso Local. Hay que recordar que los -adversarios- del Estado son muy poderosos en CDMX y est\u00e1n en todos lados en el CEN de MORENA, c\u00e1mara de diputados federales, Senado y gobierno federal. Pueden empezar hacer ver su suerte a la gobernadora y lo de Maryjose ayer pudo ser el inicio\u00bb.<\/p>\n\n\n\n<p>Ahora sentenci\u00f3: \u00abEl PAN ya se dio cuenta que con Movimiento Ciudadano no cuenta. A Dante Delgado le encanta -dividir- a la oposici\u00f3n, ese es su juego y ya se lo descubrieron. Que juegue solo y su alianza con MORENA hasta donde le d\u00e9. Aqu\u00ed el equipo de Yunes que se qued\u00f3 en el PAN puede hacer de las suyas e ir con el PVEM por -debajo del agua-, todos saben de la amistad que hay entre Jorge Romero, Manuel Velasco y Javier Herrera. De Miguel Angel Yunes y el -Guero- Velasco. Esto se opera en CDMX, no en Xalapa, el -quiebre- se ven\u00eda gestando desde que le negaron a -El Cisne- la coalici\u00f3n en Tuxpan y a Lizzete en Alvarado, ya es un hasta aqu\u00ed, lo de Boca del R\u00edo ya fue lo obvio\u00bb.<\/p>\n\n\n\n<p>\u00abGarganta Profunda\u00bb reflexion\u00f3: \u00abPodr\u00e1 decir Javier y Edgar Herrera, que fue un acto de deslealtad para el -Verde- y que no aprueban la salida de quienes se fueron con Maryjose Gamboa. Que ellos est\u00e1n con Bertha Ahued. Pero por dentro rien. -La venganza es un plato que se come fr\u00edo-. Se dieron cuenta que con MORENA es intratable una coalici\u00f3n. Y ven el 2027 con otros -aires-. Eso preocup\u00f3 a MORENA y la -cortina de humo- fue el pleito con MC, despu\u00e9s de lo que pas\u00f3 en Jilotepec. No se atacan y los \u00abnaranjas\u00bb agreden a los adversarios del Gobierno del Estado y ahora salen con que se pelean. Yo no me creo ese cuento, ellos est\u00e1n pactados, juegan un juego perverso pero todos se dieron cuenta\u00bb, termin\u00f3.. CUESTI\u00d3N DE ENFOQUES..<\/p>\n","protected":false},"excerpt":{"rendered":"<p>[S\u00edguenos ahora tambi\u00e9n en WhatsApp.\u00a0Da clic aqu\u00ed]\u00a0Ricardo Chua Sale y Vale Despu\u00e9s de que durante y antes de las campa\u00f1as a las alcald\u00edas en Veracruz, se especul\u00f3 presuntamente un \u00abACUERDO\u00bb pol\u00edtico entre el gobierno del Estado, MORENA y Movimiento Ciudadano para quedarse con todo el poder municipal del Estado.. Dividiendo y desbaratando a la oposici\u00f3n [&hellip;]<\/p>\n","protected":false},"author":2,"featured_media":141434,"comment_status":"closed","ping_status":"closed","sticky":false,"template":"","format":"standard","meta":{"tdm_status":"","tdm_grid_status":"","footnotes":""},"categories":[70],"tags":[1563,17053,26406,1026,2327,3578,195],"class_list":{"0":"post-145714","1":"post","2":"type-post","3":"status-publish","4":"format-standard","5":"has-post-thumbnail","7":"category-de-opinion","8":"tag-cuitlahuac-garcia-jimenez","9":"tag-esteban-ramirez-zepeta","10":"tag-luis-carbonell","11":"tag-morena","12":"tag-movimiento-ciudadano","13":"tag-rocio-nahle","14":"tag-veracruz"},"yoast_head":"<!-- This site is optimized with the Yoast SEO plugin v27.4 - https:\/\/yoast.com\/product\/yoast-seo-wordpress\/ -->\n<title>MC VS MORENA, \u00bfEL PLEITO PACTADO? - Los pol\u00edticos Veracruz<\/title>\n<meta name=\"robots\" content=\"index, follow, max-snippet:-1, max-image-preview:large, max-video-preview:-1\" \/>\n<link rel=\"canonical\" href=\"https:\/\/lospoliticosveracruz.com\/?p=145714\" \/>\n<meta property=\"og:locale\" content=\"es_ES\" \/>\n<meta property=\"og:type\" content=\"article\" \/>\n<meta property=\"og:title\" content=\"MC VS MORENA, \u00bfEL PLEITO PACTADO? - Los pol\u00edticos Veracruz\" \/>\n<meta property=\"og:description\" content=\"[S\u00edguenos ahora tambi\u00e9n en WhatsApp.\u00a0Da clic aqu\u00ed]\u00a0Ricardo Chua Sale y Vale Despu\u00e9s de que durante y antes de las campa\u00f1as a las alcald\u00edas en Veracruz, se especul\u00f3 presuntamente un \u00abACUERDO\u00bb pol\u00edtico entre el gobierno del Estado, MORENA y Movimiento Ciudadano para quedarse con todo el poder municipal del Estado.. Dividiendo y desbaratando a la oposici\u00f3n [&hellip;]\" \/>\n<meta property=\"og:url\" content=\"https:\/\/lospoliticosveracruz.com\/?p=145714\" \/>\n<meta property=\"og:site_name\" content=\"Los pol\u00edticos Veracruz\" \/>\n<meta property=\"article:publisher\" content=\"https:\/\/www.facebook.com\/people\/Notimemes-de-los-Polticos\/61565672886568\/\" \/>\n<meta property=\"article:published_time\" content=\"2025-05-27T05:23:03+00:00\" \/>\n<meta property=\"article:modified_time\" content=\"2025-05-27T05:23:25+00:00\" \/>\n<meta property=\"og:image\" content=\"https:\/\/lospoliticosveracruz.com\/wp-content\/uploads\/2025\/04\/Chua-e1761364658706.jpg\" \/>\n\t<meta property=\"og:image:width\" content=\"600\" \/>\n\t<meta property=\"og:image:height\" content=\"320\" \/>\n\t<meta property=\"og:image:type\" content=\"image\/jpeg\" \/>\n<meta name=\"author\" content=\"Lo viste en Los Pol\u00edticos\" \/>\n<meta name=\"twitter:card\" content=\"summary_large_image\" \/>\n<meta name=\"twitter:creator\" content=\"@LosPoliticosVer\" \/>\n<meta name=\"twitter:site\" content=\"@LosPoliticosVer\" \/>\n<meta name=\"twitter:label1\" content=\"Escrito por\" \/>\n\t<meta name=\"twitter:data1\" content=\"Lo viste en Los Pol\u00edticos\" \/>\n\t<meta name=\"twitter:label2\" content=\"Tiempo de lectura\" \/>\n\t<meta name=\"twitter:data2\" content=\"7 minutos\" \/>\n<script type=\"application\/ld+json\" class=\"yoast-schema-graph\">{\"@context\":\"https:\\\/\\\/schema.org\",\"@graph\":[{\"@type\":\"Article\",\"@id\":\"https:\\\/\\\/lospoliticosveracruz.com\\\/?p=145714#article\",\"isPartOf\":{\"@id\":\"https:\\\/\\\/lospoliticosveracruz.com\\\/?p=145714\"},\"author\":{\"name\":\"Lo viste en Los Pol\u00edticos\",\"@id\":\"https:\\\/\\\/lospoliticosveracruz.com\\\/#\\\/schema\\\/person\\\/b8702bb0e538456e6efd07080bf2a4a2\"},\"headline\":\"MC VS MORENA, \u00bfEL PLEITO PACTADO?\",\"datePublished\":\"2025-05-27T05:23:03+00:00\",\"dateModified\":\"2025-05-27T05:23:25+00:00\",\"mainEntityOfPage\":{\"@id\":\"https:\\\/\\\/lospoliticosveracruz.com\\\/?p=145714\"},\"wordCount\":1325,\"publisher\":{\"@id\":\"https:\\\/\\\/lospoliticosveracruz.com\\\/#organization\"},\"image\":{\"@id\":\"https:\\\/\\\/lospoliticosveracruz.com\\\/?p=145714#primaryimage\"},\"thumbnailUrl\":\"https:\\\/\\\/lospoliticosveracruz.com\\\/wp-content\\\/uploads\\\/2025\\\/04\\\/Chua-e1761364658706.jpg\",\"keywords\":[\"Cuitl\u00e1huac Garc\u00eda Jim\u00e9nez\",\"Esteban Ram\u00edrez Zepeta\",\"Luis Carbonell\",\"Morena\",\"Movimiento Ciudadano\",\"Roc\u00edo Nahle\",\"Veracruz\"],\"articleSection\":[\"De Opini\u00f3n\"],\"inLanguage\":\"es\"},{\"@type\":\"WebPage\",\"@id\":\"https:\\\/\\\/lospoliticosveracruz.com\\\/?p=145714\",\"url\":\"https:\\\/\\\/lospoliticosveracruz.com\\\/?p=145714\",\"name\":\"MC VS MORENA, \u00bfEL PLEITO PACTADO? - Los pol\u00edticos Veracruz\",\"isPartOf\":{\"@id\":\"https:\\\/\\\/lospoliticosveracruz.com\\\/#website\"},\"primaryImageOfPage\":{\"@id\":\"https:\\\/\\\/lospoliticosveracruz.com\\\/?p=145714#primaryimage\"},\"image\":{\"@id\":\"https:\\\/\\\/lospoliticosveracruz.com\\\/?p=145714#primaryimage\"},\"thumbnailUrl\":\"https:\\\/\\\/lospoliticosveracruz.com\\\/wp-content\\\/uploads\\\/2025\\\/04\\\/Chua-e1761364658706.jpg\",\"datePublished\":\"2025-05-27T05:23:03+00:00\",\"dateModified\":\"2025-05-27T05:23:25+00:00\",\"breadcrumb\":{\"@id\":\"https:\\\/\\\/lospoliticosveracruz.com\\\/?p=145714#breadcrumb\"},\"inLanguage\":\"es\",\"potentialAction\":[{\"@type\":\"ReadAction\",\"target\":[\"https:\\\/\\\/lospoliticosveracruz.com\\\/?p=145714\"]}]},{\"@type\":\"ImageObject\",\"inLanguage\":\"es\",\"@id\":\"https:\\\/\\\/lospoliticosveracruz.com\\\/?p=145714#primaryimage\",\"url\":\"https:\\\/\\\/lospoliticosveracruz.com\\\/wp-content\\\/uploads\\\/2025\\\/04\\\/Chua-e1761364658706.jpg\",\"contentUrl\":\"https:\\\/\\\/lospoliticosveracruz.com\\\/wp-content\\\/uploads\\\/2025\\\/04\\\/Chua-e1761364658706.jpg\",\"width\":600,\"height\":320},{\"@type\":\"BreadcrumbList\",\"@id\":\"https:\\\/\\\/lospoliticosveracruz.com\\\/?p=145714#breadcrumb\",\"itemListElement\":[{\"@type\":\"ListItem\",\"position\":1,\"name\":\"Portada\",\"item\":\"https:\\\/\\\/lospoliticosveracruz.com\\\/\"},{\"@type\":\"ListItem\",\"position\":2,\"name\":\"MC VS MORENA, \u00bfEL PLEITO PACTADO?\"}]},{\"@type\":\"WebSite\",\"@id\":\"https:\\\/\\\/lospoliticosveracruz.com\\\/#website\",\"url\":\"https:\\\/\\\/lospoliticosveracruz.com\\\/\",\"name\":\"Los pol\u00edticos Veracruz\",\"description\":\"\",\"publisher\":{\"@id\":\"https:\\\/\\\/lospoliticosveracruz.com\\\/#organization\"},\"potentialAction\":[{\"@type\":\"SearchAction\",\"target\":{\"@type\":\"EntryPoint\",\"urlTemplate\":\"https:\\\/\\\/lospoliticosveracruz.com\\\/?s={search_term_string}\"},\"query-input\":{\"@type\":\"PropertyValueSpecification\",\"valueRequired\":true,\"valueName\":\"search_term_string\"}}],\"inLanguage\":\"es\"},{\"@type\":\"Organization\",\"@id\":\"https:\\\/\\\/lospoliticosveracruz.com\\\/#organization\",\"name\":\"Los pol\u00edticos Veracruz\",\"url\":\"https:\\\/\\\/lospoliticosveracruz.com\\\/\",\"logo\":{\"@type\":\"ImageObject\",\"inLanguage\":\"es\",\"@id\":\"https:\\\/\\\/lospoliticosveracruz.com\\\/#\\\/schema\\\/logo\\\/image\\\/\",\"url\":\"https:\\\/\\\/lospoliticosveracruz.com\\\/wp-content\\\/uploads\\\/2025\\\/12\\\/Logo-Nuevo-LOS-POLITICOS-1.jpg\",\"contentUrl\":\"https:\\\/\\\/lospoliticosveracruz.com\\\/wp-content\\\/uploads\\\/2025\\\/12\\\/Logo-Nuevo-LOS-POLITICOS-1.jpg\",\"width\":260,\"height\":70,\"caption\":\"Los pol\u00edticos Veracruz\"},\"image\":{\"@id\":\"https:\\\/\\\/lospoliticosveracruz.com\\\/#\\\/schema\\\/logo\\\/image\\\/\"},\"sameAs\":[\"https:\\\/\\\/www.facebook.com\\\/people\\\/Notimemes-de-los-Polticos\\\/61565672886568\\\/\",\"https:\\\/\\\/x.com\\\/LosPoliticosVer\"]},{\"@type\":\"Person\",\"@id\":\"https:\\\/\\\/lospoliticosveracruz.com\\\/#\\\/schema\\\/person\\\/b8702bb0e538456e6efd07080bf2a4a2\",\"name\":\"Lo viste en Los Pol\u00edticos\",\"image\":{\"@type\":\"ImageObject\",\"inLanguage\":\"es\",\"@id\":\"https:\\\/\\\/secure.gravatar.com\\\/avatar\\\/3a8de04a2656d44082be478bd6c086daa447c4651605818287b9532d3d0bd435?s=96&d=mm&r=g\",\"url\":\"https:\\\/\\\/secure.gravatar.com\\\/avatar\\\/3a8de04a2656d44082be478bd6c086daa447c4651605818287b9532d3d0bd435?s=96&d=mm&r=g\",\"contentUrl\":\"https:\\\/\\\/secure.gravatar.com\\\/avatar\\\/3a8de04a2656d44082be478bd6c086daa447c4651605818287b9532d3d0bd435?s=96&d=mm&r=g\",\"caption\":\"Lo viste en Los Pol\u00edticos\"},\"url\":\"https:\\\/\\\/lospoliticosveracruz.com\\\/?author=2\"}]}<\/script>\n<!-- \/ Yoast SEO plugin. -->","yoast_head_json":{"title":"MC VS MORENA, \u00bfEL PLEITO PACTADO? - Los pol\u00edticos Veracruz","robots":{"index":"index","follow":"follow","max-snippet":"max-snippet:-1","max-image-preview":"max-image-preview:large","max-video-preview":"max-video-preview:-1"},"canonical":"https:\/\/lospoliticosveracruz.com\/?p=145714","og_locale":"es_ES","og_type":"article","og_title":"MC VS MORENA, \u00bfEL PLEITO PACTADO? - Los pol\u00edticos Veracruz","og_description":"[S\u00edguenos ahora tambi\u00e9n en WhatsApp.\u00a0Da clic aqu\u00ed]\u00a0Ricardo Chua Sale y Vale Despu\u00e9s de que durante y antes de las campa\u00f1as a las alcald\u00edas en Veracruz, se especul\u00f3 presuntamente un \u00abACUERDO\u00bb pol\u00edtico entre el gobierno del Estado, MORENA y Movimiento Ciudadano para quedarse con todo el poder municipal del Estado.. Dividiendo y desbaratando a la oposici\u00f3n [&hellip;]","og_url":"https:\/\/lospoliticosveracruz.com\/?p=145714","og_site_name":"Los pol\u00edticos Veracruz","article_publisher":"https:\/\/www.facebook.com\/people\/Notimemes-de-los-Polticos\/61565672886568\/","article_published_time":"2025-05-27T05:23:03+00:00","article_modified_time":"2025-05-27T05:23:25+00:00","og_image":[{"width":600,"height":320,"url":"https:\/\/lospoliticosveracruz.com\/wp-content\/uploads\/2025\/04\/Chua-e1761364658706.jpg","type":"image\/jpeg"}],"author":"Lo viste en Los Pol\u00edticos","twitter_card":"summary_large_image","twitter_creator":"@LosPoliticosVer","twitter_site":"@LosPoliticosVer","twitter_misc":{"Escrito por":"Lo viste en Los Pol\u00edticos","Tiempo de lectura":"7 minutos"},"schema":{"@context":"https:\/\/schema.org","@graph":[{"@type":"Article","@id":"https:\/\/lospoliticosveracruz.com\/?p=145714#article","isPartOf":{"@id":"https:\/\/lospoliticosveracruz.com\/?p=145714"},"author":{"name":"Lo viste en Los Pol\u00edticos","@id":"https:\/\/lospoliticosveracruz.com\/#\/schema\/person\/b8702bb0e538456e6efd07080bf2a4a2"},"headline":"MC VS MORENA, \u00bfEL PLEITO PACTADO?","datePublished":"2025-05-27T05:23:03+00:00","dateModified":"2025-05-27T05:23:25+00:00","mainEntityOfPage":{"@id":"https:\/\/lospoliticosveracruz.com\/?p=145714"},"wordCount":1325,"publisher":{"@id":"https:\/\/lospoliticosveracruz.com\/#organization"},"image":{"@id":"https:\/\/lospoliticosveracruz.com\/?p=145714#primaryimage"},"thumbnailUrl":"https:\/\/lospoliticosveracruz.com\/wp-content\/uploads\/2025\/04\/Chua-e1761364658706.jpg","keywords":["Cuitl\u00e1huac Garc\u00eda Jim\u00e9nez","Esteban Ram\u00edrez Zepeta","Luis Carbonell","Morena","Movimiento Ciudadano","Roc\u00edo Nahle","Veracruz"],"articleSection":["De Opini\u00f3n"],"inLanguage":"es"},{"@type":"WebPage","@id":"https:\/\/lospoliticosveracruz.com\/?p=145714","url":"https:\/\/lospoliticosveracruz.com\/?p=145714","name":"MC VS MORENA, \u00bfEL PLEITO PACTADO? - Los pol\u00edticos Veracruz","isPartOf":{"@id":"https:\/\/lospoliticosveracruz.com\/#website"},"primaryImageOfPage":{"@id":"https:\/\/lospoliticosveracruz.com\/?p=145714#primaryimage"},"image":{"@id":"https:\/\/lospoliticosveracruz.com\/?p=145714#primaryimage"},"thumbnailUrl":"https:\/\/lospoliticosveracruz.com\/wp-content\/uploads\/2025\/04\/Chua-e1761364658706.jpg","datePublished":"2025-05-27T05:23:03+00:00","dateModified":"2025-05-27T05:23:25+00:00","breadcrumb":{"@id":"https:\/\/lospoliticosveracruz.com\/?p=145714#breadcrumb"},"inLanguage":"es","potentialAction":[{"@type":"ReadAction","target":["https:\/\/lospoliticosveracruz.com\/?p=145714"]}]},{"@type":"ImageObject","inLanguage":"es","@id":"https:\/\/lospoliticosveracruz.com\/?p=145714#primaryimage","url":"https:\/\/lospoliticosveracruz.com\/wp-content\/uploads\/2025\/04\/Chua-e1761364658706.jpg","contentUrl":"https:\/\/lospoliticosveracruz.com\/wp-content\/uploads\/2025\/04\/Chua-e1761364658706.jpg","width":600,"height":320},{"@type":"BreadcrumbList","@id":"https:\/\/lospoliticosveracruz.com\/?p=145714#breadcrumb","itemListElement":[{"@type":"ListItem","position":1,"name":"Portada","item":"https:\/\/lospoliticosveracruz.com\/"},{"@type":"ListItem","position":2,"name":"MC VS MORENA, \u00bfEL PLEITO PACTADO?"}]},{"@type":"WebSite","@id":"https:\/\/lospoliticosveracruz.com\/#website","url":"https:\/\/lospoliticosveracruz.com\/","name":"Los pol\u00edticos Veracruz","description":"","publisher":{"@id":"https:\/\/lospoliticosveracruz.com\/#organization"},"potentialAction":[{"@type":"SearchAction","target":{"@type":"EntryPoint","urlTemplate":"https:\/\/lospoliticosveracruz.com\/?s={search_term_string}"},"query-input":{"@type":"PropertyValueSpecification","valueRequired":true,"valueName":"search_term_string"}}],"inLanguage":"es"},{"@type":"Organization","@id":"https:\/\/lospoliticosveracruz.com\/#organization","name":"Los pol\u00edticos Veracruz","url":"https:\/\/lospoliticosveracruz.com\/","logo":{"@type":"ImageObject","inLanguage":"es","@id":"https:\/\/lospoliticosveracruz.com\/#\/schema\/logo\/image\/","url":"https:\/\/lospoliticosveracruz.com\/wp-content\/uploads\/2025\/12\/Logo-Nuevo-LOS-POLITICOS-1.jpg","contentUrl":"https:\/\/lospoliticosveracruz.com\/wp-content\/uploads\/2025\/12\/Logo-Nuevo-LOS-POLITICOS-1.jpg","width":260,"height":70,"caption":"Los pol\u00edticos Veracruz"},"image":{"@id":"https:\/\/lospoliticosveracruz.com\/#\/schema\/logo\/image\/"},"sameAs":["https:\/\/www.facebook.com\/people\/Notimemes-de-los-Polticos\/61565672886568\/","https:\/\/x.com\/LosPoliticosVer"]},{"@type":"Person","@id":"https:\/\/lospoliticosveracruz.com\/#\/schema\/person\/b8702bb0e538456e6efd07080bf2a4a2","name":"Lo viste en Los Pol\u00edticos","image":{"@type":"ImageObject","inLanguage":"es","@id":"https:\/\/secure.gravatar.com\/avatar\/3a8de04a2656d44082be478bd6c086daa447c4651605818287b9532d3d0bd435?s=96&d=mm&r=g","url":"https:\/\/secure.gravatar.com\/avatar\/3a8de04a2656d44082be478bd6c086daa447c4651605818287b9532d3d0bd435?s=96&d=mm&r=g","contentUrl":"https:\/\/secure.gravatar.com\/avatar\/3a8de04a2656d44082be478bd6c086daa447c4651605818287b9532d3d0bd435?s=96&d=mm&r=g","caption":"Lo viste en Los Pol\u00edticos"},"url":"https:\/\/lospoliticosveracruz.com\/?author=2"}]}},"_links":{"self":[{"href":"https:\/\/lospoliticosveracruz.com\/index.php?rest_route=\/wp\/v2\/posts\/145714","targetHints":{"allow":["GET"]}}],"collection":[{"href":"https:\/\/lospoliticosveracruz.com\/index.php?rest_route=\/wp\/v2\/posts"}],"about":[{"href":"https:\/\/lospoliticosveracruz.com\/index.php?rest_route=\/wp\/v2\/types\/post"}],"author":[{"embeddable":true,"href":"https:\/\/lospoliticosveracruz.com\/index.php?rest_route=\/wp\/v2\/users\/2"}],"replies":[{"embeddable":true,"href":"https:\/\/lospoliticosveracruz.com\/index.php?rest_route=%2Fwp%2Fv2%2Fcomments&post=145714"}],"version-history":[{"count":1,"href":"https:\/\/lospoliticosveracruz.com\/index.php?rest_route=\/wp\/v2\/posts\/145714\/revisions"}],"predecessor-version":[{"id":145715,"href":"https:\/\/lospoliticosveracruz.com\/index.php?rest_route=\/wp\/v2\/posts\/145714\/revisions\/145715"}],"wp:featuredmedia":[{"embeddable":true,"href":"https:\/\/lospoliticosveracruz.com\/index.php?rest_route=\/wp\/v2\/media\/141434"}],"wp:attachment":[{"href":"https:\/\/lospoliticosveracruz.com\/index.php?rest_route=%2Fwp%2Fv2%2Fmedia&parent=145714"}],"wp:term":[{"taxonomy":"category","embeddable":true,"href":"https:\/\/lospoliticosveracruz.com\/index.php?rest_route=%2Fwp%2Fv2%2Fcategories&post=145714"},{"taxonomy":"post_tag","embeddable":true,"href":"https:\/\/lospoliticosveracruz.com\/index.php?rest_route=%2Fwp%2Fv2%2Ftags&post=145714"}],"curies":[{"name":"wp","href":"https:\/\/api.w.org\/{rel}","templated":true}]}}