{"id":145823,"date":"2025-05-28T06:45:31","date_gmt":"2025-05-28T11:45:31","guid":{"rendered":"https:\/\/lospoliticosveracruz.com.mx\/?p=145823"},"modified":"2025-05-28T06:45:38","modified_gmt":"2025-05-28T11:45:38","slug":"faustino-arango","status":"publish","type":"post","link":"https:\/\/lospoliticosveracruz.com\/?p=145823","title":{"rendered":"FAUSTINO ARANGO"},"content":{"rendered":"\n<p>[S\u00edguenos ahora tambi\u00e9n en WhatsApp.\u00a0<a href=\"https:\/\/whatsapp.com\/channel\/0029Va8zRWlEKyZIP3Z1dF0e\"><strong><em>Da clic aqu\u00ed<\/em><\/strong><\/a>]\u00a0<br><strong>Sergio Gonz\u00e1lez Levet<\/strong><\/p>\n\n\n\n<p>Platico con Jos\u00e9 Faustino Arango Esc\u00e1mez, un joven magistrado que a\u00f1ade una vasta experiencia en los juzgados y participa en la elecci\u00f3n judicial para continuar como Magistrado del Segundo Tribunal Colegiado en Materia Civil del S\u00e9ptimo Circuito, con sede en Xalapa.<br>Obvio, la primera pregunta tiene que ser sobre los motivos que lo orillaron a participar en la elecci\u00f3n:<br>\u201cDecid\u00ed participar en la elecci\u00f3n judicial porque toda mi vida la he dedicado a la judicatura. Llevo la mitad de mi vida biol\u00f3gica en los tribunales. Me cost\u00f3 mucho ir ascendiendo desde abajo hasta ser magistrado federal, con diversos ex\u00e1menes y concursos de oposici\u00f3n.<br>\u201cAhora, para el m\u00e9todo de selecci\u00f3n, que ahora es otro, pues hay que intentar permanecer bajo esa din\u00e1mica. Yo como abogado no me veo en otra \u00e1rea que no sea la judicatura. Tengo ya mucha experiencia como juzgador y creo que tengo mucho que aportar a la judicatura federal y a la ciudadan\u00eda en general con el servicio p\u00fablico de impartici\u00f3n de justicia\u201d.<br>Una duda que tenemos muchos es si cualquiera podr\u00e1 ser juzgador, aunque no tenga el conocimiento necesario\u2026<br>\u201cHacer una sentencia puede ser no tan complejo\u201d, me contesta, pero solamente \u201csi se tiene la preparaci\u00f3n, la experiencia, la capacitaci\u00f3n t\u00e9cnica y jur\u00eddica para hacerlo.<br>\u201cSin embargo, aun teni\u00e9ndola hay casos mucho m\u00e1s relevantes o complejos en su resoluci\u00f3n, en el discernimiento de los temas jur\u00eddicos, de los derechos humanos en conflicto. Hay muchos temas en el Derecho que el quehacer jurisdiccional dilucida, y en esa medida pues s\u00ed puede ser complejo si no se tiene la preparaci\u00f3n y realmente los estudios necesarios para elaborar sentencias que puedan resolver de la mejor manera los casos concretos\u201d.<br>A sus 47 a\u00f1os de edad, don Faustino es maestro y doctor en Derecho, y completa un cuarto de siglo de servicio profesional en los juzgados. Yo no me quiero quedar con la duda y le pregunto si realmente cree que la gente va a votar por \u00e9l. No tiene que pensar mucho su respuesta y me responde con decisi\u00f3n:<br>\u201cLa ciudadan\u00eda se ha informado de la elecci\u00f3n judicial, ha investigado los perfiles de cada uno de los que estamos en funciones, como es mi caso en la magistratura federal, ya en funciones de muchos a\u00f1os con una carrera judicial s\u00f3lida como la que tengo ya 16 a\u00f1os de juzgador y 24 a\u00f1os de servicio. Bajo ese escenario, la gente que acude a las p\u00e1ginas del INE donde est\u00e1 mi trayectoria puede ver que tengo un expediente limpio en el servicio p\u00fablico, jam\u00e1s con irregularidades ni ninguna responsabilidad administrativa. Los que me conocen en la zona del Estado de Veracruz cuando fui juez federal durante siete a\u00f1os y ahora magistrado federal tambi\u00e9n adscrito al estado saben qui\u00e9n soy bajo ese escenario. Mi curr\u00edculum y mi trayectoria, mi expediente limpio, mi forma de juzgar, mi productividad en los asuntos en los juzgados que he tenido a cargo, y el tipo y calidad de sentencias que he emitido pues ser\u00edan suficientes para que consideraran darme el voto\u201d.<br>Comparto con este joven y experimentado juzgador la preocupaci\u00f3n de muchos ciudadanos por el enorme rezago que hay en los juzgados de M\u00e9xico. Su respuesta no puede ser menos que informada:<br>\u201cEn las cortes del mundo en general hay rezagos porque es dif\u00edcil solventar los asuntos. No es posible que se saquen en bloque o en masa o en producci\u00f3n masiva, sino que cada uno requiere un estudio, una reflexi\u00f3n, un an\u00e1lisis jur\u00eddico muy s\u00f3lido, y mucho m\u00e1s tiempo que la recepci\u00f3n de demandas de justicia.<br>\u201cNo obstante, la corte mexicana es de las que menos rezagos tiene en el mundo. Ahora, hablando de juzgados y tribunales federales, yo dir\u00eda que el rezago ha sido tambi\u00e9n derivado de falta de creaci\u00f3n de nuevos \u00f3rganos jurisdiccionales. Hay en M\u00e9xico 10 o12 \u00f3rganos o juzgados o tribunales por cada cien mil habitantes, cuando en otros pa\u00edses, incluso de Latinoam\u00e9rica, hay entre 17 y 21 juzgadores por cada cien mil habitantes.<br>\u201cA\u00f1ada usted que la pandemia no ayud\u00f3, el paro laboral tampoco ayud\u00f3. Y no se va a solucionar por cambiar los perfiles o cambiar os jueces o magistrados con el sistema de elecci\u00f3n ciudadana. M\u00e1s bien lo que se requiere son funcionarios comprometidos. Cuando fui juzgador por siete a\u00f1os, y ahora como magistrado federal nunca he tenido rezagos. S\u00ed se puede lograr, pero hay que dedicarle m\u00e1s horas de las que trabajamos normalmente. Hay tribunales que por m\u00e1s asuntos que quieran sacar, reciben doble o triple de asuntos a la semana, y entonces no es posible sacarlos. Hace falta crear m\u00e1s \u00f3rganos, \u00e9se ser\u00eda un tema relevante\u201d.<br>Culmino la interesante charla con la pregunta de qu\u00e9 har\u00e1 cuando sea elegido y regrese a su puesto.<br>\u201cNo necesitar\u00eda hacer nada porque ya estoy en el cargo, ya estoy en funciones de magistrado federal. Acced\u00ed desde abajo, empec\u00e9 costurando expedientes hasta llegar a los ex\u00e1menes de oposici\u00f3n para actuario, secretario, estudi\u00e9 cuenta, juez federal y magistrado federal. Hice muchas cosas en mi trayectoria para llegar a ser juzgador federal.<br>\u201cEn cuanto a la permanencia, pues s\u00ed se necesitar\u00eda lograr que la ciudadan\u00eda investigue y se informe, vea mi solidez, mi trayectoria, mi expediente limpio, para que entonces podamos permanecer un tiempo m\u00e1s, dado que mi edad de 47 a\u00f1os pues no me permite una jubilaci\u00f3n decorosa, y creo que todav\u00eda puedo estar en la judicatura varios a\u00f1os m\u00e1s\u201d.<br>Y para que este experimentado juzgador pueda seguir aportando, hay que ir a votar por Faustino Arango, en la boleta lila y con el n\u00famero 15.<\/p>\n","protected":false},"excerpt":{"rendered":"<p>[S\u00edguenos ahora tambi\u00e9n en WhatsApp.\u00a0Da clic aqu\u00ed]\u00a0Sergio Gonz\u00e1lez Levet Platico con Jos\u00e9 Faustino Arango Esc\u00e1mez, un joven magistrado que a\u00f1ade una vasta experiencia en los juzgados y participa en la elecci\u00f3n judicial para continuar como Magistrado del Segundo Tribunal Colegiado en Materia Civil del S\u00e9ptimo Circuito, con sede en Xalapa.Obvio, la primera pregunta tiene que [&hellip;]<\/p>\n","protected":false},"author":2,"featured_media":145824,"comment_status":"closed","ping_status":"closed","sticky":false,"template":"","format":"standard","meta":{"tdm_status":"","tdm_grid_status":"","footnotes":""},"categories":[6446],"tags":[],"class_list":{"0":"post-145823","1":"post","2":"type-post","3":"status-publish","4":"format-standard","5":"has-post-thumbnail","7":"category-la-nota"},"yoast_head":"<!-- This site is optimized with the Yoast SEO plugin v27.4 - https:\/\/yoast.com\/product\/yoast-seo-wordpress\/ -->\n<title>FAUSTINO ARANGO - Los pol\u00edticos Veracruz<\/title>\n<meta name=\"robots\" content=\"index, follow, max-snippet:-1, max-image-preview:large, max-video-preview:-1\" \/>\n<link rel=\"canonical\" href=\"https:\/\/lospoliticosveracruz.com\/?p=145823\" \/>\n<meta property=\"og:locale\" content=\"es_ES\" \/>\n<meta property=\"og:type\" content=\"article\" \/>\n<meta property=\"og:title\" content=\"FAUSTINO ARANGO - Los pol\u00edticos Veracruz\" \/>\n<meta property=\"og:description\" content=\"[S\u00edguenos ahora tambi\u00e9n en WhatsApp.\u00a0Da clic aqu\u00ed]\u00a0Sergio Gonz\u00e1lez Levet Platico con Jos\u00e9 Faustino Arango Esc\u00e1mez, un joven magistrado que a\u00f1ade una vasta experiencia en los juzgados y participa en la elecci\u00f3n judicial para continuar como Magistrado del Segundo Tribunal Colegiado en Materia Civil del S\u00e9ptimo Circuito, con sede en Xalapa.Obvio, la primera pregunta tiene que [&hellip;]\" \/>\n<meta property=\"og:url\" content=\"https:\/\/lospoliticosveracruz.com\/?p=145823\" \/>\n<meta property=\"og:site_name\" content=\"Los pol\u00edticos Veracruz\" \/>\n<meta property=\"article:publisher\" content=\"https:\/\/www.facebook.com\/people\/Notimemes-de-los-Polticos\/61565672886568\/\" \/>\n<meta property=\"article:published_time\" content=\"2025-05-28T11:45:31+00:00\" \/>\n<meta property=\"article:modified_time\" content=\"2025-05-28T11:45:38+00:00\" \/>\n<meta property=\"og:image\" content=\"https:\/\/lospoliticosveracruz.com\/wp-content\/uploads\/2025\/05\/82ab33ad-5800-48e7-a012-9f175ffee299.jpeg\" \/>\n\t<meta property=\"og:image:width\" content=\"415\" \/>\n\t<meta property=\"og:image:height\" content=\"251\" \/>\n\t<meta property=\"og:image:type\" content=\"image\/jpeg\" \/>\n<meta name=\"author\" content=\"Lo viste en Los Pol\u00edticos\" \/>\n<meta name=\"twitter:card\" content=\"summary_large_image\" \/>\n<meta name=\"twitter:creator\" content=\"@LosPoliticosVer\" \/>\n<meta name=\"twitter:site\" content=\"@LosPoliticosVer\" \/>\n<meta name=\"twitter:label1\" content=\"Escrito por\" \/>\n\t<meta name=\"twitter:data1\" content=\"Lo viste en Los Pol\u00edticos\" \/>\n\t<meta name=\"twitter:label2\" content=\"Tiempo de lectura\" \/>\n\t<meta name=\"twitter:data2\" content=\"5 minutos\" \/>\n<script type=\"application\/ld+json\" class=\"yoast-schema-graph\">{\"@context\":\"https:\\\/\\\/schema.org\",\"@graph\":[{\"@type\":\"Article\",\"@id\":\"https:\\\/\\\/lospoliticosveracruz.com\\\/?p=145823#article\",\"isPartOf\":{\"@id\":\"https:\\\/\\\/lospoliticosveracruz.com\\\/?p=145823\"},\"author\":{\"name\":\"Lo viste en Los Pol\u00edticos\",\"@id\":\"https:\\\/\\\/lospoliticosveracruz.com\\\/#\\\/schema\\\/person\\\/b8702bb0e538456e6efd07080bf2a4a2\"},\"headline\":\"FAUSTINO ARANGO\",\"datePublished\":\"2025-05-28T11:45:31+00:00\",\"dateModified\":\"2025-05-28T11:45:38+00:00\",\"mainEntityOfPage\":{\"@id\":\"https:\\\/\\\/lospoliticosveracruz.com\\\/?p=145823\"},\"wordCount\":1009,\"publisher\":{\"@id\":\"https:\\\/\\\/lospoliticosveracruz.com\\\/#organization\"},\"image\":{\"@id\":\"https:\\\/\\\/lospoliticosveracruz.com\\\/?p=145823#primaryimage\"},\"thumbnailUrl\":\"https:\\\/\\\/lospoliticosveracruz.com\\\/wp-content\\\/uploads\\\/2025\\\/05\\\/82ab33ad-5800-48e7-a012-9f175ffee299.jpeg\",\"articleSection\":[\"La Nota\"],\"inLanguage\":\"es\"},{\"@type\":\"WebPage\",\"@id\":\"https:\\\/\\\/lospoliticosveracruz.com\\\/?p=145823\",\"url\":\"https:\\\/\\\/lospoliticosveracruz.com\\\/?p=145823\",\"name\":\"FAUSTINO ARANGO - Los pol\u00edticos Veracruz\",\"isPartOf\":{\"@id\":\"https:\\\/\\\/lospoliticosveracruz.com\\\/#website\"},\"primaryImageOfPage\":{\"@id\":\"https:\\\/\\\/lospoliticosveracruz.com\\\/?p=145823#primaryimage\"},\"image\":{\"@id\":\"https:\\\/\\\/lospoliticosveracruz.com\\\/?p=145823#primaryimage\"},\"thumbnailUrl\":\"https:\\\/\\\/lospoliticosveracruz.com\\\/wp-content\\\/uploads\\\/2025\\\/05\\\/82ab33ad-5800-48e7-a012-9f175ffee299.jpeg\",\"datePublished\":\"2025-05-28T11:45:31+00:00\",\"dateModified\":\"2025-05-28T11:45:38+00:00\",\"breadcrumb\":{\"@id\":\"https:\\\/\\\/lospoliticosveracruz.com\\\/?p=145823#breadcrumb\"},\"inLanguage\":\"es\",\"potentialAction\":[{\"@type\":\"ReadAction\",\"target\":[\"https:\\\/\\\/lospoliticosveracruz.com\\\/?p=145823\"]}]},{\"@type\":\"ImageObject\",\"inLanguage\":\"es\",\"@id\":\"https:\\\/\\\/lospoliticosveracruz.com\\\/?p=145823#primaryimage\",\"url\":\"https:\\\/\\\/lospoliticosveracruz.com\\\/wp-content\\\/uploads\\\/2025\\\/05\\\/82ab33ad-5800-48e7-a012-9f175ffee299.jpeg\",\"contentUrl\":\"https:\\\/\\\/lospoliticosveracruz.com\\\/wp-content\\\/uploads\\\/2025\\\/05\\\/82ab33ad-5800-48e7-a012-9f175ffee299.jpeg\",\"width\":415,\"height\":251},{\"@type\":\"BreadcrumbList\",\"@id\":\"https:\\\/\\\/lospoliticosveracruz.com\\\/?p=145823#breadcrumb\",\"itemListElement\":[{\"@type\":\"ListItem\",\"position\":1,\"name\":\"Portada\",\"item\":\"https:\\\/\\\/lospoliticosveracruz.com\\\/\"},{\"@type\":\"ListItem\",\"position\":2,\"name\":\"FAUSTINO ARANGO\"}]},{\"@type\":\"WebSite\",\"@id\":\"https:\\\/\\\/lospoliticosveracruz.com\\\/#website\",\"url\":\"https:\\\/\\\/lospoliticosveracruz.com\\\/\",\"name\":\"Los pol\u00edticos Veracruz\",\"description\":\"\",\"publisher\":{\"@id\":\"https:\\\/\\\/lospoliticosveracruz.com\\\/#organization\"},\"potentialAction\":[{\"@type\":\"SearchAction\",\"target\":{\"@type\":\"EntryPoint\",\"urlTemplate\":\"https:\\\/\\\/lospoliticosveracruz.com\\\/?s={search_term_string}\"},\"query-input\":{\"@type\":\"PropertyValueSpecification\",\"valueRequired\":true,\"valueName\":\"search_term_string\"}}],\"inLanguage\":\"es\"},{\"@type\":\"Organization\",\"@id\":\"https:\\\/\\\/lospoliticosveracruz.com\\\/#organization\",\"name\":\"Los pol\u00edticos Veracruz\",\"url\":\"https:\\\/\\\/lospoliticosveracruz.com\\\/\",\"logo\":{\"@type\":\"ImageObject\",\"inLanguage\":\"es\",\"@id\":\"https:\\\/\\\/lospoliticosveracruz.com\\\/#\\\/schema\\\/logo\\\/image\\\/\",\"url\":\"https:\\\/\\\/lospoliticosveracruz.com\\\/wp-content\\\/uploads\\\/2025\\\/12\\\/Logo-Nuevo-LOS-POLITICOS-1.jpg\",\"contentUrl\":\"https:\\\/\\\/lospoliticosveracruz.com\\\/wp-content\\\/uploads\\\/2025\\\/12\\\/Logo-Nuevo-LOS-POLITICOS-1.jpg\",\"width\":260,\"height\":70,\"caption\":\"Los pol\u00edticos Veracruz\"},\"image\":{\"@id\":\"https:\\\/\\\/lospoliticosveracruz.com\\\/#\\\/schema\\\/logo\\\/image\\\/\"},\"sameAs\":[\"https:\\\/\\\/www.facebook.com\\\/people\\\/Notimemes-de-los-Polticos\\\/61565672886568\\\/\",\"https:\\\/\\\/x.com\\\/LosPoliticosVer\"]},{\"@type\":\"Person\",\"@id\":\"https:\\\/\\\/lospoliticosveracruz.com\\\/#\\\/schema\\\/person\\\/b8702bb0e538456e6efd07080bf2a4a2\",\"name\":\"Lo viste en Los Pol\u00edticos\",\"image\":{\"@type\":\"ImageObject\",\"inLanguage\":\"es\",\"@id\":\"https:\\\/\\\/secure.gravatar.com\\\/avatar\\\/3a8de04a2656d44082be478bd6c086daa447c4651605818287b9532d3d0bd435?s=96&d=mm&r=g\",\"url\":\"https:\\\/\\\/secure.gravatar.com\\\/avatar\\\/3a8de04a2656d44082be478bd6c086daa447c4651605818287b9532d3d0bd435?s=96&d=mm&r=g\",\"contentUrl\":\"https:\\\/\\\/secure.gravatar.com\\\/avatar\\\/3a8de04a2656d44082be478bd6c086daa447c4651605818287b9532d3d0bd435?s=96&d=mm&r=g\",\"caption\":\"Lo viste en Los Pol\u00edticos\"},\"url\":\"https:\\\/\\\/lospoliticosveracruz.com\\\/?author=2\"}]}<\/script>\n<!-- \/ Yoast SEO plugin. -->","yoast_head_json":{"title":"FAUSTINO ARANGO - Los pol\u00edticos Veracruz","robots":{"index":"index","follow":"follow","max-snippet":"max-snippet:-1","max-image-preview":"max-image-preview:large","max-video-preview":"max-video-preview:-1"},"canonical":"https:\/\/lospoliticosveracruz.com\/?p=145823","og_locale":"es_ES","og_type":"article","og_title":"FAUSTINO ARANGO - Los pol\u00edticos Veracruz","og_description":"[S\u00edguenos ahora tambi\u00e9n en WhatsApp.\u00a0Da clic aqu\u00ed]\u00a0Sergio Gonz\u00e1lez Levet Platico con Jos\u00e9 Faustino Arango Esc\u00e1mez, un joven magistrado que a\u00f1ade una vasta experiencia en los juzgados y participa en la elecci\u00f3n judicial para continuar como Magistrado del Segundo Tribunal Colegiado en Materia Civil del S\u00e9ptimo Circuito, con sede en Xalapa.Obvio, la primera pregunta tiene que [&hellip;]","og_url":"https:\/\/lospoliticosveracruz.com\/?p=145823","og_site_name":"Los pol\u00edticos Veracruz","article_publisher":"https:\/\/www.facebook.com\/people\/Notimemes-de-los-Polticos\/61565672886568\/","article_published_time":"2025-05-28T11:45:31+00:00","article_modified_time":"2025-05-28T11:45:38+00:00","og_image":[{"width":415,"height":251,"url":"https:\/\/lospoliticosveracruz.com\/wp-content\/uploads\/2025\/05\/82ab33ad-5800-48e7-a012-9f175ffee299.jpeg","type":"image\/jpeg"}],"author":"Lo viste en Los Pol\u00edticos","twitter_card":"summary_large_image","twitter_creator":"@LosPoliticosVer","twitter_site":"@LosPoliticosVer","twitter_misc":{"Escrito por":"Lo viste en Los Pol\u00edticos","Tiempo de lectura":"5 minutos"},"schema":{"@context":"https:\/\/schema.org","@graph":[{"@type":"Article","@id":"https:\/\/lospoliticosveracruz.com\/?p=145823#article","isPartOf":{"@id":"https:\/\/lospoliticosveracruz.com\/?p=145823"},"author":{"name":"Lo viste en Los Pol\u00edticos","@id":"https:\/\/lospoliticosveracruz.com\/#\/schema\/person\/b8702bb0e538456e6efd07080bf2a4a2"},"headline":"FAUSTINO ARANGO","datePublished":"2025-05-28T11:45:31+00:00","dateModified":"2025-05-28T11:45:38+00:00","mainEntityOfPage":{"@id":"https:\/\/lospoliticosveracruz.com\/?p=145823"},"wordCount":1009,"publisher":{"@id":"https:\/\/lospoliticosveracruz.com\/#organization"},"image":{"@id":"https:\/\/lospoliticosveracruz.com\/?p=145823#primaryimage"},"thumbnailUrl":"https:\/\/lospoliticosveracruz.com\/wp-content\/uploads\/2025\/05\/82ab33ad-5800-48e7-a012-9f175ffee299.jpeg","articleSection":["La Nota"],"inLanguage":"es"},{"@type":"WebPage","@id":"https:\/\/lospoliticosveracruz.com\/?p=145823","url":"https:\/\/lospoliticosveracruz.com\/?p=145823","name":"FAUSTINO ARANGO - Los pol\u00edticos Veracruz","isPartOf":{"@id":"https:\/\/lospoliticosveracruz.com\/#website"},"primaryImageOfPage":{"@id":"https:\/\/lospoliticosveracruz.com\/?p=145823#primaryimage"},"image":{"@id":"https:\/\/lospoliticosveracruz.com\/?p=145823#primaryimage"},"thumbnailUrl":"https:\/\/lospoliticosveracruz.com\/wp-content\/uploads\/2025\/05\/82ab33ad-5800-48e7-a012-9f175ffee299.jpeg","datePublished":"2025-05-28T11:45:31+00:00","dateModified":"2025-05-28T11:45:38+00:00","breadcrumb":{"@id":"https:\/\/lospoliticosveracruz.com\/?p=145823#breadcrumb"},"inLanguage":"es","potentialAction":[{"@type":"ReadAction","target":["https:\/\/lospoliticosveracruz.com\/?p=145823"]}]},{"@type":"ImageObject","inLanguage":"es","@id":"https:\/\/lospoliticosveracruz.com\/?p=145823#primaryimage","url":"https:\/\/lospoliticosveracruz.com\/wp-content\/uploads\/2025\/05\/82ab33ad-5800-48e7-a012-9f175ffee299.jpeg","contentUrl":"https:\/\/lospoliticosveracruz.com\/wp-content\/uploads\/2025\/05\/82ab33ad-5800-48e7-a012-9f175ffee299.jpeg","width":415,"height":251},{"@type":"BreadcrumbList","@id":"https:\/\/lospoliticosveracruz.com\/?p=145823#breadcrumb","itemListElement":[{"@type":"ListItem","position":1,"name":"Portada","item":"https:\/\/lospoliticosveracruz.com\/"},{"@type":"ListItem","position":2,"name":"FAUSTINO ARANGO"}]},{"@type":"WebSite","@id":"https:\/\/lospoliticosveracruz.com\/#website","url":"https:\/\/lospoliticosveracruz.com\/","name":"Los pol\u00edticos Veracruz","description":"","publisher":{"@id":"https:\/\/lospoliticosveracruz.com\/#organization"},"potentialAction":[{"@type":"SearchAction","target":{"@type":"EntryPoint","urlTemplate":"https:\/\/lospoliticosveracruz.com\/?s={search_term_string}"},"query-input":{"@type":"PropertyValueSpecification","valueRequired":true,"valueName":"search_term_string"}}],"inLanguage":"es"},{"@type":"Organization","@id":"https:\/\/lospoliticosveracruz.com\/#organization","name":"Los pol\u00edticos Veracruz","url":"https:\/\/lospoliticosveracruz.com\/","logo":{"@type":"ImageObject","inLanguage":"es","@id":"https:\/\/lospoliticosveracruz.com\/#\/schema\/logo\/image\/","url":"https:\/\/lospoliticosveracruz.com\/wp-content\/uploads\/2025\/12\/Logo-Nuevo-LOS-POLITICOS-1.jpg","contentUrl":"https:\/\/lospoliticosveracruz.com\/wp-content\/uploads\/2025\/12\/Logo-Nuevo-LOS-POLITICOS-1.jpg","width":260,"height":70,"caption":"Los pol\u00edticos Veracruz"},"image":{"@id":"https:\/\/lospoliticosveracruz.com\/#\/schema\/logo\/image\/"},"sameAs":["https:\/\/www.facebook.com\/people\/Notimemes-de-los-Polticos\/61565672886568\/","https:\/\/x.com\/LosPoliticosVer"]},{"@type":"Person","@id":"https:\/\/lospoliticosveracruz.com\/#\/schema\/person\/b8702bb0e538456e6efd07080bf2a4a2","name":"Lo viste en Los Pol\u00edticos","image":{"@type":"ImageObject","inLanguage":"es","@id":"https:\/\/secure.gravatar.com\/avatar\/3a8de04a2656d44082be478bd6c086daa447c4651605818287b9532d3d0bd435?s=96&d=mm&r=g","url":"https:\/\/secure.gravatar.com\/avatar\/3a8de04a2656d44082be478bd6c086daa447c4651605818287b9532d3d0bd435?s=96&d=mm&r=g","contentUrl":"https:\/\/secure.gravatar.com\/avatar\/3a8de04a2656d44082be478bd6c086daa447c4651605818287b9532d3d0bd435?s=96&d=mm&r=g","caption":"Lo viste en Los Pol\u00edticos"},"url":"https:\/\/lospoliticosveracruz.com\/?author=2"}]}},"_links":{"self":[{"href":"https:\/\/lospoliticosveracruz.com\/index.php?rest_route=\/wp\/v2\/posts\/145823","targetHints":{"allow":["GET"]}}],"collection":[{"href":"https:\/\/lospoliticosveracruz.com\/index.php?rest_route=\/wp\/v2\/posts"}],"about":[{"href":"https:\/\/lospoliticosveracruz.com\/index.php?rest_route=\/wp\/v2\/types\/post"}],"author":[{"embeddable":true,"href":"https:\/\/lospoliticosveracruz.com\/index.php?rest_route=\/wp\/v2\/users\/2"}],"replies":[{"embeddable":true,"href":"https:\/\/lospoliticosveracruz.com\/index.php?rest_route=%2Fwp%2Fv2%2Fcomments&post=145823"}],"version-history":[{"count":1,"href":"https:\/\/lospoliticosveracruz.com\/index.php?rest_route=\/wp\/v2\/posts\/145823\/revisions"}],"predecessor-version":[{"id":145825,"href":"https:\/\/lospoliticosveracruz.com\/index.php?rest_route=\/wp\/v2\/posts\/145823\/revisions\/145825"}],"wp:featuredmedia":[{"embeddable":true,"href":"https:\/\/lospoliticosveracruz.com\/index.php?rest_route=\/wp\/v2\/media\/145824"}],"wp:attachment":[{"href":"https:\/\/lospoliticosveracruz.com\/index.php?rest_route=%2Fwp%2Fv2%2Fmedia&parent=145823"}],"wp:term":[{"taxonomy":"category","embeddable":true,"href":"https:\/\/lospoliticosveracruz.com\/index.php?rest_route=%2Fwp%2Fv2%2Fcategories&post=145823"},{"taxonomy":"post_tag","embeddable":true,"href":"https:\/\/lospoliticosveracruz.com\/index.php?rest_route=%2Fwp%2Fv2%2Ftags&post=145823"}],"curies":[{"name":"wp","href":"https:\/\/api.w.org\/{rel}","templated":true}]}}