{"id":145879,"date":"2025-05-28T11:18:51","date_gmt":"2025-05-28T16:18:51","guid":{"rendered":"https:\/\/lospoliticosveracruz.com.mx\/?p=145879"},"modified":"2025-05-28T11:19:06","modified_gmt":"2025-05-28T16:19:06","slug":"terminan-las-campanas","status":"publish","type":"post","link":"https:\/\/lospoliticosveracruz.com\/?p=145879","title":{"rendered":"TERMINAN LAS CAMPA\u00d1AS"},"content":{"rendered":"\n\n\n<p><br><br><strong>Bernardo Guti\u00e9rrez Parra<\/strong><\/p>\n\n\n\n<p><em>Desde el Caf\u00e9<\/em><\/p>\n\n\n\n<p>Hoy terminan las campa\u00f1as, pero las intimidaciones, amenazas, la tensi\u00f3n que se respira en decenas de municipios y los pleitos entre partidos siguen, en un estado que de acuerdo con el informe Votar entre Balas de Data C\u00edvica, fue el tercero con mayor incidencia de violencia pol\u00edtico-criminal en el mes de abril. Si en Sinaloa se contabilizaron 25 hechos violentos y en Guerrero 19; en Veracruz se registraron 18.<\/p>\n\n\n\n<p>Y sigue la mata dando\u2026<\/p>\n\n\n\n<p>El mi\u00e9rcoles de la semana anterior, seguidores de Jes\u00fas Uribe Esquivel, candidato de MC a la alcald\u00eda de Las Choapas, detuvieron a un sujeto en motocicleta que portada dos armas, mientras Jes\u00fas realizaba una caminata por varias calles del municipio.<\/p>\n\n\n\n<p>El viernes fue amenazada de muerte la candidata de Morena a la alcald\u00eda de Tamiahua, Cindy Cruz Nolasco y las amenazas se extendieron a su equipo de campa\u00f1a y a familiares cercanos.<\/p>\n\n\n\n<p>Tambi\u00e9n en viernes pero en Tantoyuca, unos sujetos abrieron fuego contra un grupo de panistas que se dirig\u00edan a la comunidad El Terrero a una reuni\u00f3n proselitista. Uno de los panistas result\u00f3 herido.<\/p>\n\n\n\n<p>El s\u00e1bado por la tarde se suscit\u00f3 una trifulca en la comunidad de Sarabia municipio de Misantla, donde se vio involucrado el equipo de campa\u00f1a de la candidata del PT a la alcald\u00eda, Aracely P\u00e9rez Roa, y en la que result\u00f3 lesionado a golpes su esposo.<\/p>\n\n\n\n<p>Al menos 20 candidatos del PRI han sido amenazados en Veracruz, dijo este lunes en Xalapa el l\u00edder nacional de ese partido, Alejandro \u201cAlito\u201d Moreno.<\/p>\n\n\n\n<p>El candidato de Morena a la presidencia municipal de Jilotepec, Francisco Clemente, denunci\u00f3 el incendio de una camioneta utilizada en su campa\u00f1a ocurrido la madrugada del lunes. Su rival del MC, Jos\u00e9 Roberto Marcelo Cort\u00e9s (que ha sido se\u00f1alado de andar en malos pasos), se desmarc\u00f3 del hecho y denunci\u00f3 a su vez que ha recibido amenazas y hostigamiento en los \u00faltimos d\u00edas.<\/p>\n\n\n\n<p>Este incidente provoc\u00f3 que el l\u00edder de Morena, Esteban Ram\u00edrez Zepeta, acusara a Movimiento Ciudadano de postular candidatos relacionados con los malos. \u201cLo tengo que decir; Movimiento Ciudadano ha puesto candidatos que en su mayor\u00eda tienen incluso carpetas abiertas de investigaci\u00f3n o est\u00e1n involucrados con el crimen organizado y eso es muy lamentable\u2026\u201d, dijo.<\/p>\n\n\n\n<p>Pero no tuvo que esperar mucho por la respuesta.<\/p>\n\n\n\n<p>El l\u00edder estatal de MC, Luis Carbonell de la Hoz, lo acus\u00f3 de \u201cpresunto homicida\u201d y lo ret\u00f3 a que presente pruebas sobre los aspirantes del partido naranja que supuestamente tienen nexos con la delincuencia.<\/p>\n\n\n\n<p>\u201cEl que tiene que aclarar las carpetas que tiene abiertas por el homicidio que presuntamente cometi\u00f3 es Esteban\u2026 si le gusta hablar de carpetas de investigaci\u00f3n, que hable de las de su jefe Cuitl\u00e1huac Garc\u00eda por desv\u00edos millonarios en salud, o explique las denuncias en su contra por venta de candidaturas\u201d, revir\u00f3 el emecista.<\/p>\n\n\n\n<p>Ayer por la tarde en Tempoal, fue agredida la camioneta donde viajaba la candidata de Morena a la alcald\u00eda Lucero del \u00c1ngel. Aunque no hubo heridos o desgracias que lamentar, Lucero solicit\u00f3 el apoyo de las autoridades para evitar futuros ataques.<\/p>\n\n\n\n<p>\u00bfQu\u00e9 suceder\u00e1 hoy cuando m\u00e1s de mil candidatas y candidatos cierren sus campa\u00f1as? Dios quiera y nada. Pero en los municipios rurales del norte, centro y sur \u201cel ambiente est\u00e1 muy caldeado y no se descartan agresiones a candidatos o a sus seguidores, porque ah\u00ed manda la delincuencia. Se esperan agresiones en los cierres de campa\u00f1a y el d\u00eda de la votaci\u00f3n. Y que no te enga\u00f1en, quien te diga que las cosas est\u00e1n bien y que aqu\u00ed no pasa nada, es un mentiroso bien grande\u201d, me dijo alguien que de esto sabe.<\/p>\n\n\n\n<p>En el plano meramente electoral, en Xalapa no hay nada para nadie. De acuerdo con encuestas ser\u00edas el PT se ir\u00e1 al quinto lugar; el PAN caer\u00e1 al cuarto puesto; MC tendr\u00e1 una votaci\u00f3n hist\u00f3rica pero los n\u00fameros no le van a alcanzar m\u00e1s que para quedar en tercer lugar, mientras que Morena y el PRI llegan empatados.<\/p>\n\n\n\n<p>Tanto la candidata de Morena Daniela Griego, como el candidato del PRI Silvio Lagos, tienen seguridad en el triunfo. \u201cEs una sensaci\u00f3n de muchas cosas. Aunque se dice que caballo que alcanza gana y nosotros tenemos la seguridad al 100 por ciento de que vamos a ganar, tememos que la de Xalapa se convierta en una elecci\u00f3n de Estado\u201d, me dijeron en el campamento del tricolor.<\/p>\n\n\n\n<p>Pero si como se estima, este domingo sale a votar el 80 por ciento de los xalape\u00f1os inscritos en el padr\u00f3n electoral, esas ser\u00e1n buenas, excelentes noticias para la oposici\u00f3n.<\/p>\n\n\n\n<p>\u00bfTu vas a votar, lector? Sale, nos vemos en las casillas.<\/p>\n\n\n\n<p>bernardogup@hotmail.com<\/p>\n","protected":false},"excerpt":{"rendered":"<p>Bernardo Guti\u00e9rrez Parra Desde el Caf\u00e9 Hoy terminan las campa\u00f1as, pero las intimidaciones, amenazas, la tensi\u00f3n que se respira en decenas de municipios y los pleitos entre partidos siguen, en un estado que de acuerdo con el informe Votar entre Balas de Data C\u00edvica, fue el tercero con mayor incidencia de violencia pol\u00edtico-criminal en el [&hellip;]<\/p>\n","protected":false},"author":2,"featured_media":141479,"comment_status":"closed","ping_status":"closed","sticky":false,"template":"","format":"standard","meta":{"tdm_status":"","tdm_grid_status":"","footnotes":""},"categories":[70],"tags":[2837],"class_list":{"0":"post-145879","1":"post","2":"type-post","3":"status-publish","4":"format-standard","5":"has-post-thumbnail","7":"category-de-opinion","8":"tag-tamiahua"},"yoast_head":"<!-- This site is optimized with the Yoast SEO plugin v27.4 - https:\/\/yoast.com\/product\/yoast-seo-wordpress\/ -->\n<title>TERMINAN LAS CAMPA\u00d1AS - Los pol\u00edticos Veracruz<\/title>\n<meta name=\"robots\" content=\"index, follow, max-snippet:-1, max-image-preview:large, max-video-preview:-1\" \/>\n<link rel=\"canonical\" href=\"https:\/\/lospoliticosveracruz.com\/?p=145879\" \/>\n<meta property=\"og:locale\" content=\"es_ES\" \/>\n<meta property=\"og:type\" content=\"article\" \/>\n<meta property=\"og:title\" content=\"TERMINAN LAS CAMPA\u00d1AS - Los pol\u00edticos Veracruz\" \/>\n<meta property=\"og:description\" content=\"Bernardo Guti\u00e9rrez Parra Desde el Caf\u00e9 Hoy terminan las campa\u00f1as, pero las intimidaciones, amenazas, la tensi\u00f3n que se respira en decenas de municipios y los pleitos entre partidos siguen, en un estado que de acuerdo con el informe Votar entre Balas de Data C\u00edvica, fue el tercero con mayor incidencia de violencia pol\u00edtico-criminal en el [&hellip;]\" \/>\n<meta property=\"og:url\" content=\"https:\/\/lospoliticosveracruz.com\/?p=145879\" \/>\n<meta property=\"og:site_name\" content=\"Los pol\u00edticos Veracruz\" \/>\n<meta property=\"article:publisher\" content=\"https:\/\/www.facebook.com\/people\/Notimemes-de-los-Polticos\/61565672886568\/\" \/>\n<meta property=\"article:published_time\" content=\"2025-05-28T16:18:51+00:00\" \/>\n<meta property=\"article:modified_time\" content=\"2025-05-28T16:19:06+00:00\" \/>\n<meta property=\"og:image\" content=\"https:\/\/lospoliticosveracruz.com\/wp-content\/uploads\/2025\/04\/Bernardo-Gutierrez-Parra.jpg\" \/>\n\t<meta property=\"og:image:width\" content=\"1250\" \/>\n\t<meta property=\"og:image:height\" content=\"667\" \/>\n\t<meta property=\"og:image:type\" content=\"image\/jpeg\" \/>\n<meta name=\"author\" content=\"Lo viste en Los Pol\u00edticos\" \/>\n<meta name=\"twitter:card\" content=\"summary_large_image\" \/>\n<meta name=\"twitter:creator\" content=\"@LosPoliticosVer\" \/>\n<meta name=\"twitter:site\" content=\"@LosPoliticosVer\" \/>\n<meta name=\"twitter:label1\" content=\"Escrito por\" \/>\n\t<meta name=\"twitter:data1\" content=\"Lo viste en Los Pol\u00edticos\" \/>\n\t<meta name=\"twitter:label2\" content=\"Tiempo de lectura\" \/>\n\t<meta name=\"twitter:data2\" content=\"4 minutos\" \/>\n<script type=\"application\/ld+json\" class=\"yoast-schema-graph\">{\"@context\":\"https:\\\/\\\/schema.org\",\"@graph\":[{\"@type\":\"Article\",\"@id\":\"https:\\\/\\\/lospoliticosveracruz.com\\\/?p=145879#article\",\"isPartOf\":{\"@id\":\"https:\\\/\\\/lospoliticosveracruz.com\\\/?p=145879\"},\"author\":{\"name\":\"Lo viste en Los Pol\u00edticos\",\"@id\":\"https:\\\/\\\/lospoliticosveracruz.com\\\/#\\\/schema\\\/person\\\/b8702bb0e538456e6efd07080bf2a4a2\"},\"headline\":\"TERMINAN LAS CAMPA\u00d1AS\",\"datePublished\":\"2025-05-28T16:18:51+00:00\",\"dateModified\":\"2025-05-28T16:19:06+00:00\",\"mainEntityOfPage\":{\"@id\":\"https:\\\/\\\/lospoliticosveracruz.com\\\/?p=145879\"},\"wordCount\":823,\"publisher\":{\"@id\":\"https:\\\/\\\/lospoliticosveracruz.com\\\/#organization\"},\"image\":{\"@id\":\"https:\\\/\\\/lospoliticosveracruz.com\\\/?p=145879#primaryimage\"},\"thumbnailUrl\":\"https:\\\/\\\/lospoliticosveracruz.com\\\/wp-content\\\/uploads\\\/2025\\\/04\\\/Bernardo-Gutierrez-Parra.jpg\",\"keywords\":[\"Tamiahua\"],\"articleSection\":[\"De Opini\u00f3n\"],\"inLanguage\":\"es\"},{\"@type\":\"WebPage\",\"@id\":\"https:\\\/\\\/lospoliticosveracruz.com\\\/?p=145879\",\"url\":\"https:\\\/\\\/lospoliticosveracruz.com\\\/?p=145879\",\"name\":\"TERMINAN LAS CAMPA\u00d1AS - Los pol\u00edticos Veracruz\",\"isPartOf\":{\"@id\":\"https:\\\/\\\/lospoliticosveracruz.com\\\/#website\"},\"primaryImageOfPage\":{\"@id\":\"https:\\\/\\\/lospoliticosveracruz.com\\\/?p=145879#primaryimage\"},\"image\":{\"@id\":\"https:\\\/\\\/lospoliticosveracruz.com\\\/?p=145879#primaryimage\"},\"thumbnailUrl\":\"https:\\\/\\\/lospoliticosveracruz.com\\\/wp-content\\\/uploads\\\/2025\\\/04\\\/Bernardo-Gutierrez-Parra.jpg\",\"datePublished\":\"2025-05-28T16:18:51+00:00\",\"dateModified\":\"2025-05-28T16:19:06+00:00\",\"breadcrumb\":{\"@id\":\"https:\\\/\\\/lospoliticosveracruz.com\\\/?p=145879#breadcrumb\"},\"inLanguage\":\"es\",\"potentialAction\":[{\"@type\":\"ReadAction\",\"target\":[\"https:\\\/\\\/lospoliticosveracruz.com\\\/?p=145879\"]}]},{\"@type\":\"ImageObject\",\"inLanguage\":\"es\",\"@id\":\"https:\\\/\\\/lospoliticosveracruz.com\\\/?p=145879#primaryimage\",\"url\":\"https:\\\/\\\/lospoliticosveracruz.com\\\/wp-content\\\/uploads\\\/2025\\\/04\\\/Bernardo-Gutierrez-Parra.jpg\",\"contentUrl\":\"https:\\\/\\\/lospoliticosveracruz.com\\\/wp-content\\\/uploads\\\/2025\\\/04\\\/Bernardo-Gutierrez-Parra.jpg\",\"width\":1250,\"height\":667},{\"@type\":\"BreadcrumbList\",\"@id\":\"https:\\\/\\\/lospoliticosveracruz.com\\\/?p=145879#breadcrumb\",\"itemListElement\":[{\"@type\":\"ListItem\",\"position\":1,\"name\":\"Portada\",\"item\":\"https:\\\/\\\/lospoliticosveracruz.com\\\/\"},{\"@type\":\"ListItem\",\"position\":2,\"name\":\"TERMINAN LAS CAMPA\u00d1AS\"}]},{\"@type\":\"WebSite\",\"@id\":\"https:\\\/\\\/lospoliticosveracruz.com\\\/#website\",\"url\":\"https:\\\/\\\/lospoliticosveracruz.com\\\/\",\"name\":\"Los pol\u00edticos Veracruz\",\"description\":\"\",\"publisher\":{\"@id\":\"https:\\\/\\\/lospoliticosveracruz.com\\\/#organization\"},\"potentialAction\":[{\"@type\":\"SearchAction\",\"target\":{\"@type\":\"EntryPoint\",\"urlTemplate\":\"https:\\\/\\\/lospoliticosveracruz.com\\\/?s={search_term_string}\"},\"query-input\":{\"@type\":\"PropertyValueSpecification\",\"valueRequired\":true,\"valueName\":\"search_term_string\"}}],\"inLanguage\":\"es\"},{\"@type\":\"Organization\",\"@id\":\"https:\\\/\\\/lospoliticosveracruz.com\\\/#organization\",\"name\":\"Los pol\u00edticos Veracruz\",\"url\":\"https:\\\/\\\/lospoliticosveracruz.com\\\/\",\"logo\":{\"@type\":\"ImageObject\",\"inLanguage\":\"es\",\"@id\":\"https:\\\/\\\/lospoliticosveracruz.com\\\/#\\\/schema\\\/logo\\\/image\\\/\",\"url\":\"https:\\\/\\\/lospoliticosveracruz.com\\\/wp-content\\\/uploads\\\/2025\\\/12\\\/Logo-Nuevo-LOS-POLITICOS-1.jpg\",\"contentUrl\":\"https:\\\/\\\/lospoliticosveracruz.com\\\/wp-content\\\/uploads\\\/2025\\\/12\\\/Logo-Nuevo-LOS-POLITICOS-1.jpg\",\"width\":260,\"height\":70,\"caption\":\"Los pol\u00edticos Veracruz\"},\"image\":{\"@id\":\"https:\\\/\\\/lospoliticosveracruz.com\\\/#\\\/schema\\\/logo\\\/image\\\/\"},\"sameAs\":[\"https:\\\/\\\/www.facebook.com\\\/people\\\/Notimemes-de-los-Polticos\\\/61565672886568\\\/\",\"https:\\\/\\\/x.com\\\/LosPoliticosVer\"]},{\"@type\":\"Person\",\"@id\":\"https:\\\/\\\/lospoliticosveracruz.com\\\/#\\\/schema\\\/person\\\/b8702bb0e538456e6efd07080bf2a4a2\",\"name\":\"Lo viste en Los Pol\u00edticos\",\"image\":{\"@type\":\"ImageObject\",\"inLanguage\":\"es\",\"@id\":\"https:\\\/\\\/secure.gravatar.com\\\/avatar\\\/3a8de04a2656d44082be478bd6c086daa447c4651605818287b9532d3d0bd435?s=96&d=mm&r=g\",\"url\":\"https:\\\/\\\/secure.gravatar.com\\\/avatar\\\/3a8de04a2656d44082be478bd6c086daa447c4651605818287b9532d3d0bd435?s=96&d=mm&r=g\",\"contentUrl\":\"https:\\\/\\\/secure.gravatar.com\\\/avatar\\\/3a8de04a2656d44082be478bd6c086daa447c4651605818287b9532d3d0bd435?s=96&d=mm&r=g\",\"caption\":\"Lo viste en Los Pol\u00edticos\"},\"url\":\"https:\\\/\\\/lospoliticosveracruz.com\\\/?author=2\"}]}<\/script>\n<!-- \/ Yoast SEO plugin. -->","yoast_head_json":{"title":"TERMINAN LAS CAMPA\u00d1AS - Los pol\u00edticos Veracruz","robots":{"index":"index","follow":"follow","max-snippet":"max-snippet:-1","max-image-preview":"max-image-preview:large","max-video-preview":"max-video-preview:-1"},"canonical":"https:\/\/lospoliticosveracruz.com\/?p=145879","og_locale":"es_ES","og_type":"article","og_title":"TERMINAN LAS CAMPA\u00d1AS - Los pol\u00edticos Veracruz","og_description":"Bernardo Guti\u00e9rrez Parra Desde el Caf\u00e9 Hoy terminan las campa\u00f1as, pero las intimidaciones, amenazas, la tensi\u00f3n que se respira en decenas de municipios y los pleitos entre partidos siguen, en un estado que de acuerdo con el informe Votar entre Balas de Data C\u00edvica, fue el tercero con mayor incidencia de violencia pol\u00edtico-criminal en el [&hellip;]","og_url":"https:\/\/lospoliticosveracruz.com\/?p=145879","og_site_name":"Los pol\u00edticos Veracruz","article_publisher":"https:\/\/www.facebook.com\/people\/Notimemes-de-los-Polticos\/61565672886568\/","article_published_time":"2025-05-28T16:18:51+00:00","article_modified_time":"2025-05-28T16:19:06+00:00","og_image":[{"width":1250,"height":667,"url":"https:\/\/lospoliticosveracruz.com\/wp-content\/uploads\/2025\/04\/Bernardo-Gutierrez-Parra.jpg","type":"image\/jpeg"}],"author":"Lo viste en Los Pol\u00edticos","twitter_card":"summary_large_image","twitter_creator":"@LosPoliticosVer","twitter_site":"@LosPoliticosVer","twitter_misc":{"Escrito por":"Lo viste en Los Pol\u00edticos","Tiempo de lectura":"4 minutos"},"schema":{"@context":"https:\/\/schema.org","@graph":[{"@type":"Article","@id":"https:\/\/lospoliticosveracruz.com\/?p=145879#article","isPartOf":{"@id":"https:\/\/lospoliticosveracruz.com\/?p=145879"},"author":{"name":"Lo viste en Los Pol\u00edticos","@id":"https:\/\/lospoliticosveracruz.com\/#\/schema\/person\/b8702bb0e538456e6efd07080bf2a4a2"},"headline":"TERMINAN LAS CAMPA\u00d1AS","datePublished":"2025-05-28T16:18:51+00:00","dateModified":"2025-05-28T16:19:06+00:00","mainEntityOfPage":{"@id":"https:\/\/lospoliticosveracruz.com\/?p=145879"},"wordCount":823,"publisher":{"@id":"https:\/\/lospoliticosveracruz.com\/#organization"},"image":{"@id":"https:\/\/lospoliticosveracruz.com\/?p=145879#primaryimage"},"thumbnailUrl":"https:\/\/lospoliticosveracruz.com\/wp-content\/uploads\/2025\/04\/Bernardo-Gutierrez-Parra.jpg","keywords":["Tamiahua"],"articleSection":["De Opini\u00f3n"],"inLanguage":"es"},{"@type":"WebPage","@id":"https:\/\/lospoliticosveracruz.com\/?p=145879","url":"https:\/\/lospoliticosveracruz.com\/?p=145879","name":"TERMINAN LAS CAMPA\u00d1AS - Los pol\u00edticos Veracruz","isPartOf":{"@id":"https:\/\/lospoliticosveracruz.com\/#website"},"primaryImageOfPage":{"@id":"https:\/\/lospoliticosveracruz.com\/?p=145879#primaryimage"},"image":{"@id":"https:\/\/lospoliticosveracruz.com\/?p=145879#primaryimage"},"thumbnailUrl":"https:\/\/lospoliticosveracruz.com\/wp-content\/uploads\/2025\/04\/Bernardo-Gutierrez-Parra.jpg","datePublished":"2025-05-28T16:18:51+00:00","dateModified":"2025-05-28T16:19:06+00:00","breadcrumb":{"@id":"https:\/\/lospoliticosveracruz.com\/?p=145879#breadcrumb"},"inLanguage":"es","potentialAction":[{"@type":"ReadAction","target":["https:\/\/lospoliticosveracruz.com\/?p=145879"]}]},{"@type":"ImageObject","inLanguage":"es","@id":"https:\/\/lospoliticosveracruz.com\/?p=145879#primaryimage","url":"https:\/\/lospoliticosveracruz.com\/wp-content\/uploads\/2025\/04\/Bernardo-Gutierrez-Parra.jpg","contentUrl":"https:\/\/lospoliticosveracruz.com\/wp-content\/uploads\/2025\/04\/Bernardo-Gutierrez-Parra.jpg","width":1250,"height":667},{"@type":"BreadcrumbList","@id":"https:\/\/lospoliticosveracruz.com\/?p=145879#breadcrumb","itemListElement":[{"@type":"ListItem","position":1,"name":"Portada","item":"https:\/\/lospoliticosveracruz.com\/"},{"@type":"ListItem","position":2,"name":"TERMINAN LAS CAMPA\u00d1AS"}]},{"@type":"WebSite","@id":"https:\/\/lospoliticosveracruz.com\/#website","url":"https:\/\/lospoliticosveracruz.com\/","name":"Los pol\u00edticos Veracruz","description":"","publisher":{"@id":"https:\/\/lospoliticosveracruz.com\/#organization"},"potentialAction":[{"@type":"SearchAction","target":{"@type":"EntryPoint","urlTemplate":"https:\/\/lospoliticosveracruz.com\/?s={search_term_string}"},"query-input":{"@type":"PropertyValueSpecification","valueRequired":true,"valueName":"search_term_string"}}],"inLanguage":"es"},{"@type":"Organization","@id":"https:\/\/lospoliticosveracruz.com\/#organization","name":"Los pol\u00edticos Veracruz","url":"https:\/\/lospoliticosveracruz.com\/","logo":{"@type":"ImageObject","inLanguage":"es","@id":"https:\/\/lospoliticosveracruz.com\/#\/schema\/logo\/image\/","url":"https:\/\/lospoliticosveracruz.com\/wp-content\/uploads\/2025\/12\/Logo-Nuevo-LOS-POLITICOS-1.jpg","contentUrl":"https:\/\/lospoliticosveracruz.com\/wp-content\/uploads\/2025\/12\/Logo-Nuevo-LOS-POLITICOS-1.jpg","width":260,"height":70,"caption":"Los pol\u00edticos Veracruz"},"image":{"@id":"https:\/\/lospoliticosveracruz.com\/#\/schema\/logo\/image\/"},"sameAs":["https:\/\/www.facebook.com\/people\/Notimemes-de-los-Polticos\/61565672886568\/","https:\/\/x.com\/LosPoliticosVer"]},{"@type":"Person","@id":"https:\/\/lospoliticosveracruz.com\/#\/schema\/person\/b8702bb0e538456e6efd07080bf2a4a2","name":"Lo viste en Los Pol\u00edticos","image":{"@type":"ImageObject","inLanguage":"es","@id":"https:\/\/secure.gravatar.com\/avatar\/3a8de04a2656d44082be478bd6c086daa447c4651605818287b9532d3d0bd435?s=96&d=mm&r=g","url":"https:\/\/secure.gravatar.com\/avatar\/3a8de04a2656d44082be478bd6c086daa447c4651605818287b9532d3d0bd435?s=96&d=mm&r=g","contentUrl":"https:\/\/secure.gravatar.com\/avatar\/3a8de04a2656d44082be478bd6c086daa447c4651605818287b9532d3d0bd435?s=96&d=mm&r=g","caption":"Lo viste en Los Pol\u00edticos"},"url":"https:\/\/lospoliticosveracruz.com\/?author=2"}]}},"_links":{"self":[{"href":"https:\/\/lospoliticosveracruz.com\/index.php?rest_route=\/wp\/v2\/posts\/145879","targetHints":{"allow":["GET"]}}],"collection":[{"href":"https:\/\/lospoliticosveracruz.com\/index.php?rest_route=\/wp\/v2\/posts"}],"about":[{"href":"https:\/\/lospoliticosveracruz.com\/index.php?rest_route=\/wp\/v2\/types\/post"}],"author":[{"embeddable":true,"href":"https:\/\/lospoliticosveracruz.com\/index.php?rest_route=\/wp\/v2\/users\/2"}],"replies":[{"embeddable":true,"href":"https:\/\/lospoliticosveracruz.com\/index.php?rest_route=%2Fwp%2Fv2%2Fcomments&post=145879"}],"version-history":[{"count":2,"href":"https:\/\/lospoliticosveracruz.com\/index.php?rest_route=\/wp\/v2\/posts\/145879\/revisions"}],"predecessor-version":[{"id":145881,"href":"https:\/\/lospoliticosveracruz.com\/index.php?rest_route=\/wp\/v2\/posts\/145879\/revisions\/145881"}],"wp:featuredmedia":[{"embeddable":true,"href":"https:\/\/lospoliticosveracruz.com\/index.php?rest_route=\/wp\/v2\/media\/141479"}],"wp:attachment":[{"href":"https:\/\/lospoliticosveracruz.com\/index.php?rest_route=%2Fwp%2Fv2%2Fmedia&parent=145879"}],"wp:term":[{"taxonomy":"category","embeddable":true,"href":"https:\/\/lospoliticosveracruz.com\/index.php?rest_route=%2Fwp%2Fv2%2Fcategories&post=145879"},{"taxonomy":"post_tag","embeddable":true,"href":"https:\/\/lospoliticosveracruz.com\/index.php?rest_route=%2Fwp%2Fv2%2Ftags&post=145879"}],"curies":[{"name":"wp","href":"https:\/\/api.w.org\/{rel}","templated":true}]}}