{"id":14599,"date":"2015-01-25T18:20:38","date_gmt":"2015-01-26T00:20:38","guid":{"rendered":"http:\/\/www.lospoliticosveracruz.com.mx\/?p=14599"},"modified":"2015-01-25T18:20:38","modified_gmt":"2015-01-26T00:20:38","slug":"ariana-la-tirana-de-tlalnelhuayocan","status":"publish","type":"post","link":"https:\/\/lospoliticosveracruz.com\/?p=14599","title":{"rendered":"Ariana, la tirana de Tlalnelhuayocan"},"content":{"rendered":"<p><a href=\"http:\/\/www.lospoliticosveracruz.com.mx\/wp-content\/uploads\/2015\/01\/arianna-angeles-aguirre.jpg\"><img loading=\"lazy\" decoding=\"async\" class=\"alignnone size-full wp-image-14600\" src=\"http:\/\/www.lospoliticosveracruz.com.mx\/wp-content\/uploads\/2015\/01\/arianna-angeles-aguirre.jpg\" alt=\"arianna-angeles-aguirre\" width=\"297\" height=\"188\" \/><\/a><\/p>\n<p><strong>Armando Ortiz<\/strong><\/p>\n<p><em>El Hijo Pr\u00f3digo<\/em><\/p>\n<p>&nbsp;<\/p>\n<p>Justo hace un a\u00f1o, el 26 de enero de 2014, en el peri\u00f3dico Newsver y en otros portales informativos hicimos una denuncia en contra de Ariana \u00c1ngeles Aguirre, alcaldesa de San Andr\u00e9s Tlalnelhuayocan. En ese entonces la llamamos \u201clarva de tirana\u201d, pues la se\u00f1ora, pasando por alto las disposiciones de la Ley Org\u00e1nica del Municipio Libre, se constituy\u00f3 en Cabildo ella sola al pasar por alto al s\u00edndico y a los regidores. El texto publicado hace un a\u00f1o dec\u00eda lo siguiente: \u201cComo si de una obra de teatro bufo se tratara, la primera sesi\u00f3n de Cabildo del ayuntamiento de San Andr\u00e9s Tlalnehuayocan, municipio colindante con la capital Xalapa, muestra la grotesca consecuencia de permitir que una persona sin preparaci\u00f3n llegue a ser presidente municipal. Lo decimos por el video que circula en internet (http:\/\/www.youtube.com\/watch?v=2b3pEAPeWeE&amp;feature=share), video de 16 minutos que basta para mostrar las imbecilidades, los abusos de poder y la estulticia de una mujer joven, Ariana \u00c1ngeles Aguirre, que piensa que ella es el Cabildo, el Ayuntamiento, el Estado, la Ley\u201d.<br \/>\nPues bien, nadie le puso un alto a esta larva de tirana que por fin, en un a\u00f1o eclosion\u00f3 y ya es una tirana consumada. Decimos esto porque a finales de 2014 la se\u00f1ora decidi\u00f3 hermosear el centro hist\u00f3rico de San Andr\u00e9s Tlalnelhuayocan. Por supuesto su deseo no es brindar un espacio digno para esta poblaci\u00f3n, sino entregar la obra a uno de sus contratistas que la cobrar\u00e1 como si de la restauraci\u00f3n del Arco del triunfo en Francia se tratara.<br \/>\nEn sus delirios de tirana, Ariana \u00c1ngeles Aguirre ha pasado por encima de los derechos de los vecinos, particularmente del se\u00f1or Paulino D\u00edaz Alba, cuya propiedad colinda con el edificio del palacio municipal. Pues la alcaldesa se tom\u00f3 todo el frente de la propiedad del se\u00f1or Paulino D\u00edaz, quien vive en la calle Rafael Ram\u00edrez # 2, quien por supuesto reclam\u00f3 ese abuso de autoridad, a lo que la alcaldesa le solicit\u00f3 documentos de esa propiedad.<br \/>\nEl se\u00f1or Paulino D\u00edaz Alba, quien ha vivido en ese domicilio toda su vida, mostr\u00f3 un contrato privado de donaci\u00f3n, fechado en el 2003 y con la firma de un juez municipal; la donaci\u00f3n se la hizo su padre, Francisco D\u00edaz Garc\u00eda, quien construy\u00f3 la casa en el terreno colindante al palacio municipal. Cabe mencionar que dicho contrato tiene toda la validez que para el caso se requiere. Con ese contrato de donaci\u00f3n el se\u00f1or Paulino D\u00edaz ha estado pagando puntualmente el impuesto predial.<br \/>\nPues a la tirana alcaldesa ese documento no se le hizo v\u00e1lido y pas\u00e1ndose por el arco del triunfo las leyes y la firma del juez, sigui\u00f3 con su fara\u00f3nico proyecto de poner arcos para un z\u00f3calo que piensa construir frente a palacio, robando metros cuadrados de propiedad al se\u00f1or Paulino D\u00edaz, dej\u00e1ndolo sin entrada a su domicilio, agrediendo incluso el patrimonio que don Francisco D\u00edaz donara a su hijo.<br \/>\nAnte esta situaci\u00f3n Paulino D\u00edaz busc\u00f3 ante el Poder Judicial de la Federaci\u00f3n un amparo para detener la agresi\u00f3n en contra de su propiedad. Por supuesto el amparo le fue otorgado. El 31 de diciembre el Tribunal del Poder Judicial de la Federaci\u00f3n hizo caso del reclamo de Paulino D\u00edaz Alba. A la letra la queja del Juicio de amparo n\u00famero 1929\/2014 dice: \u201cLos actos reclamados por la parte quejosa consisten en \u2018el tratar de despojarme de una fracci\u00f3n de terreno de un bien inmueble de mi propiedad, as\u00ed como de realizar sobre dicha fracci\u00f3n de terreno una construcci\u00f3n, sin haber cumplido con las formalidades esenciales de procedimiento para ello\u2019\u201d.<br \/>\nAnte las pruebas presentadas, el Tribunal determin\u00f3 lo siguiente: \u201cse concede la suspensi\u00f3n provisional a la parte quejosa, Paulino D\u00edaz Alba, para el efecto de que las cosas permanezcan en el estado en que actualmente se encuentran y de no haber ocurrido, no se le despoje del inmueble que refiere o en su caso se ejecuta el acto que por esta v\u00eda se combate\u201d.<br \/>\nPor supuesto, la tirana alcaldesa, Ariana \u00c1ngeles Aguirre, tambi\u00e9n se pas\u00f3 por el arco del triunfo el amparo federal, sigui\u00f3 con la obra, sigui\u00f3 con la agresi\u00f3n al patrimonio de un particular, cuya \u00fanica desgracia es haber sido vecino de palacio municipal.<br \/>\nY uno se pregunta: \u00bfQui\u00e9n detiene a estos tiranos? \u00bfQu\u00e9 tipo de influencia tiene una alcaldesa de un municipio peque\u00f1o, donde los hombres se dedican al campo y las mujeres a la venta de tortillas? \u00bfQu\u00e9 autoridad puede detener a esta tirana que en un a\u00f1o ha cometido una gran cantidad de abusos y todav\u00eda le quedan tres a\u00f1os?<br \/>\nEl Congreso del Estado, cuyo comandante principal es Juan Callejas Arroyo, y quien deber\u00eda poner orden a estos abusos, est\u00e1 m\u00e1s preocupado por mantener sus cuentas cargadas de dinero. Callejas Arroyo est\u00e1 intranquilo por la debilidad de su hijo en la Secci\u00f3n 32 y por las metidas de pata por el caso Equipo Liderazgo Mexicano, que sigue robando a la Secretar\u00eda de Educaci\u00f3n de Veracruz el dinero de las cafeter\u00edas escolares, con la complicidad de los funcionarios de las escuelas secundarias.<\/p>\n<p>Postdata 1: Hablando de tiranos, Ranulfo Eleazar Hern\u00e1ndez, alcalde de Acajete<br \/>\nOtro presidente municipal que se ha convertido en un tirano es Ranulfo Eleazar Hern\u00e1ndez, alcalde de Acajete, Veracruz. Tenemos conocimiento que siendo ya 24 de enero de 2015 el alcalde todav\u00eda no ha pagado la quincena del d\u00eda 30 de diciembre de 2014, as\u00ed como los 15 d\u00edas de aguinaldo. En los d\u00edas de fiestas el alcalde oblig\u00f3 a los trabajadores del municipio a asistir a una posada en la que cobr\u00f3 50 pesos la entrada. Para el pago de sus quincenas los trabajadores tienen una tarjeta en la que se depositar\u00eda su sueldo. Sin embargo, el alcalde retira el dinero de esa cuenta y paga en efectivo, como si de una tienda de raya se tratara. Por supuesto no paga a tiempo y hace descuentos a su propio albedrio. En la denuncia que nos han hecho llegar se dice que el alcalde \u201crecorta salarios y dicen que se lo gasta en los mejores bares de la ciudad de Xalapa con sus amigos y hasta secretarias\u201d. Otra vez, \u00bfqui\u00e9n detendr\u00e1 a estos tiranos?<\/p>\n<p>Armando Ortiz aortiz52@hotmail.com<\/p>\n","protected":false},"excerpt":{"rendered":"<p>Armando Ortiz El Hijo Pr\u00f3digo &nbsp; Justo hace un a\u00f1o, el 26 de enero de 2014, en el peri\u00f3dico Newsver y en otros portales informativos hicimos una denuncia en contra de Ariana \u00c1ngeles Aguirre, alcaldesa de San Andr\u00e9s Tlalnelhuayocan. En ese entonces la llamamos \u201clarva de tirana\u201d, pues la se\u00f1ora, pasando por alto las disposiciones [&hellip;]<\/p>\n","protected":false},"author":2,"featured_media":0,"comment_status":"open","ping_status":"open","sticky":false,"template":"","format":"standard","meta":{"tdm_status":"","tdm_grid_status":"","footnotes":""},"categories":[70],"tags":[1524,1522],"class_list":{"0":"post-14599","1":"post","2":"type-post","3":"status-publish","4":"format-standard","6":"category-de-opinion","7":"tag-paulino-diaz","8":"tag-san-andres-tlalnelhuayocan"},"yoast_head":"<!-- This site is optimized with the Yoast SEO plugin v27.4 - https:\/\/yoast.com\/product\/yoast-seo-wordpress\/ -->\n<title>Ariana, la tirana de Tlalnelhuayocan - Los pol\u00edticos Veracruz<\/title>\n<meta name=\"robots\" content=\"index, follow, max-snippet:-1, max-image-preview:large, max-video-preview:-1\" \/>\n<link rel=\"canonical\" href=\"https:\/\/lospoliticosveracruz.com\/?p=14599\" \/>\n<meta property=\"og:locale\" content=\"es_ES\" \/>\n<meta property=\"og:type\" content=\"article\" \/>\n<meta property=\"og:title\" content=\"Ariana, la tirana de Tlalnelhuayocan - Los pol\u00edticos Veracruz\" \/>\n<meta property=\"og:description\" content=\"Armando Ortiz El Hijo Pr\u00f3digo &nbsp; Justo hace un a\u00f1o, el 26 de enero de 2014, en el peri\u00f3dico Newsver y en otros portales informativos hicimos una denuncia en contra de Ariana \u00c1ngeles Aguirre, alcaldesa de San Andr\u00e9s Tlalnelhuayocan. En ese entonces la llamamos \u201clarva de tirana\u201d, pues la se\u00f1ora, pasando por alto las disposiciones [&hellip;]\" \/>\n<meta property=\"og:url\" content=\"https:\/\/lospoliticosveracruz.com\/?p=14599\" \/>\n<meta property=\"og:site_name\" content=\"Los pol\u00edticos Veracruz\" \/>\n<meta property=\"article:publisher\" content=\"https:\/\/www.facebook.com\/people\/Notimemes-de-los-Polticos\/61565672886568\/\" \/>\n<meta property=\"article:published_time\" content=\"2015-01-26T00:20:38+00:00\" \/>\n<meta property=\"og:image\" content=\"http:\/\/www.lospoliticosveracruz.com.mx\/wp-content\/uploads\/2015\/01\/arianna-angeles-aguirre.jpg\" \/>\n<meta name=\"author\" content=\"Lo viste en Los Pol\u00edticos\" \/>\n<meta name=\"twitter:card\" content=\"summary_large_image\" \/>\n<meta name=\"twitter:creator\" content=\"@LosPoliticosVer\" \/>\n<meta name=\"twitter:site\" content=\"@LosPoliticosVer\" \/>\n<meta name=\"twitter:label1\" content=\"Escrito por\" \/>\n\t<meta name=\"twitter:data1\" content=\"Lo viste en Los Pol\u00edticos\" \/>\n\t<meta name=\"twitter:label2\" content=\"Tiempo de lectura\" \/>\n\t<meta name=\"twitter:data2\" content=\"6 minutos\" \/>\n<script type=\"application\/ld+json\" class=\"yoast-schema-graph\">{\"@context\":\"https:\\\/\\\/schema.org\",\"@graph\":[{\"@type\":\"Article\",\"@id\":\"https:\\\/\\\/lospoliticosveracruz.com\\\/?p=14599#article\",\"isPartOf\":{\"@id\":\"https:\\\/\\\/lospoliticosveracruz.com\\\/?p=14599\"},\"author\":{\"name\":\"Lo viste en Los Pol\u00edticos\",\"@id\":\"https:\\\/\\\/lospoliticosveracruz.com\\\/#\\\/schema\\\/person\\\/b8702bb0e538456e6efd07080bf2a4a2\"},\"headline\":\"Ariana, la tirana de Tlalnelhuayocan\",\"datePublished\":\"2015-01-26T00:20:38+00:00\",\"mainEntityOfPage\":{\"@id\":\"https:\\\/\\\/lospoliticosveracruz.com\\\/?p=14599\"},\"wordCount\":1105,\"commentCount\":0,\"publisher\":{\"@id\":\"https:\\\/\\\/lospoliticosveracruz.com\\\/#organization\"},\"image\":{\"@id\":\"https:\\\/\\\/lospoliticosveracruz.com\\\/?p=14599#primaryimage\"},\"thumbnailUrl\":\"http:\\\/\\\/www.lospoliticosveracruz.com.mx\\\/wp-content\\\/uploads\\\/2015\\\/01\\\/arianna-angeles-aguirre.jpg\",\"keywords\":[\"Paulino D\u00edaz\",\"San Andr\u00e9s Tlalnelhuayocan\"],\"articleSection\":[\"De Opini\u00f3n\"],\"inLanguage\":\"es\",\"potentialAction\":[{\"@type\":\"CommentAction\",\"name\":\"Comment\",\"target\":[\"https:\\\/\\\/lospoliticosveracruz.com\\\/?p=14599#respond\"]}]},{\"@type\":\"WebPage\",\"@id\":\"https:\\\/\\\/lospoliticosveracruz.com\\\/?p=14599\",\"url\":\"https:\\\/\\\/lospoliticosveracruz.com\\\/?p=14599\",\"name\":\"Ariana, la tirana de Tlalnelhuayocan - Los pol\u00edticos Veracruz\",\"isPartOf\":{\"@id\":\"https:\\\/\\\/lospoliticosveracruz.com\\\/#website\"},\"primaryImageOfPage\":{\"@id\":\"https:\\\/\\\/lospoliticosveracruz.com\\\/?p=14599#primaryimage\"},\"image\":{\"@id\":\"https:\\\/\\\/lospoliticosveracruz.com\\\/?p=14599#primaryimage\"},\"thumbnailUrl\":\"http:\\\/\\\/www.lospoliticosveracruz.com.mx\\\/wp-content\\\/uploads\\\/2015\\\/01\\\/arianna-angeles-aguirre.jpg\",\"datePublished\":\"2015-01-26T00:20:38+00:00\",\"breadcrumb\":{\"@id\":\"https:\\\/\\\/lospoliticosveracruz.com\\\/?p=14599#breadcrumb\"},\"inLanguage\":\"es\",\"potentialAction\":[{\"@type\":\"ReadAction\",\"target\":[\"https:\\\/\\\/lospoliticosveracruz.com\\\/?p=14599\"]}]},{\"@type\":\"ImageObject\",\"inLanguage\":\"es\",\"@id\":\"https:\\\/\\\/lospoliticosveracruz.com\\\/?p=14599#primaryimage\",\"url\":\"http:\\\/\\\/www.lospoliticosveracruz.com.mx\\\/wp-content\\\/uploads\\\/2015\\\/01\\\/arianna-angeles-aguirre.jpg\",\"contentUrl\":\"http:\\\/\\\/www.lospoliticosveracruz.com.mx\\\/wp-content\\\/uploads\\\/2015\\\/01\\\/arianna-angeles-aguirre.jpg\"},{\"@type\":\"BreadcrumbList\",\"@id\":\"https:\\\/\\\/lospoliticosveracruz.com\\\/?p=14599#breadcrumb\",\"itemListElement\":[{\"@type\":\"ListItem\",\"position\":1,\"name\":\"Portada\",\"item\":\"https:\\\/\\\/lospoliticosveracruz.com\\\/\"},{\"@type\":\"ListItem\",\"position\":2,\"name\":\"Ariana, la tirana de Tlalnelhuayocan\"}]},{\"@type\":\"WebSite\",\"@id\":\"https:\\\/\\\/lospoliticosveracruz.com\\\/#website\",\"url\":\"https:\\\/\\\/lospoliticosveracruz.com\\\/\",\"name\":\"Los pol\u00edticos Veracruz\",\"description\":\"\",\"publisher\":{\"@id\":\"https:\\\/\\\/lospoliticosveracruz.com\\\/#organization\"},\"potentialAction\":[{\"@type\":\"SearchAction\",\"target\":{\"@type\":\"EntryPoint\",\"urlTemplate\":\"https:\\\/\\\/lospoliticosveracruz.com\\\/?s={search_term_string}\"},\"query-input\":{\"@type\":\"PropertyValueSpecification\",\"valueRequired\":true,\"valueName\":\"search_term_string\"}}],\"inLanguage\":\"es\"},{\"@type\":\"Organization\",\"@id\":\"https:\\\/\\\/lospoliticosveracruz.com\\\/#organization\",\"name\":\"Los pol\u00edticos Veracruz\",\"url\":\"https:\\\/\\\/lospoliticosveracruz.com\\\/\",\"logo\":{\"@type\":\"ImageObject\",\"inLanguage\":\"es\",\"@id\":\"https:\\\/\\\/lospoliticosveracruz.com\\\/#\\\/schema\\\/logo\\\/image\\\/\",\"url\":\"https:\\\/\\\/lospoliticosveracruz.com\\\/wp-content\\\/uploads\\\/2025\\\/12\\\/Logo-Nuevo-LOS-POLITICOS-1.jpg\",\"contentUrl\":\"https:\\\/\\\/lospoliticosveracruz.com\\\/wp-content\\\/uploads\\\/2025\\\/12\\\/Logo-Nuevo-LOS-POLITICOS-1.jpg\",\"width\":260,\"height\":70,\"caption\":\"Los pol\u00edticos Veracruz\"},\"image\":{\"@id\":\"https:\\\/\\\/lospoliticosveracruz.com\\\/#\\\/schema\\\/logo\\\/image\\\/\"},\"sameAs\":[\"https:\\\/\\\/www.facebook.com\\\/people\\\/Notimemes-de-los-Polticos\\\/61565672886568\\\/\",\"https:\\\/\\\/x.com\\\/LosPoliticosVer\"]},{\"@type\":\"Person\",\"@id\":\"https:\\\/\\\/lospoliticosveracruz.com\\\/#\\\/schema\\\/person\\\/b8702bb0e538456e6efd07080bf2a4a2\",\"name\":\"Lo viste en Los Pol\u00edticos\",\"image\":{\"@type\":\"ImageObject\",\"inLanguage\":\"es\",\"@id\":\"https:\\\/\\\/secure.gravatar.com\\\/avatar\\\/3a8de04a2656d44082be478bd6c086daa447c4651605818287b9532d3d0bd435?s=96&d=mm&r=g\",\"url\":\"https:\\\/\\\/secure.gravatar.com\\\/avatar\\\/3a8de04a2656d44082be478bd6c086daa447c4651605818287b9532d3d0bd435?s=96&d=mm&r=g\",\"contentUrl\":\"https:\\\/\\\/secure.gravatar.com\\\/avatar\\\/3a8de04a2656d44082be478bd6c086daa447c4651605818287b9532d3d0bd435?s=96&d=mm&r=g\",\"caption\":\"Lo viste en Los Pol\u00edticos\"},\"url\":\"https:\\\/\\\/lospoliticosveracruz.com\\\/?author=2\"}]}<\/script>\n<!-- \/ Yoast SEO plugin. -->","yoast_head_json":{"title":"Ariana, la tirana de Tlalnelhuayocan - Los pol\u00edticos Veracruz","robots":{"index":"index","follow":"follow","max-snippet":"max-snippet:-1","max-image-preview":"max-image-preview:large","max-video-preview":"max-video-preview:-1"},"canonical":"https:\/\/lospoliticosveracruz.com\/?p=14599","og_locale":"es_ES","og_type":"article","og_title":"Ariana, la tirana de Tlalnelhuayocan - Los pol\u00edticos Veracruz","og_description":"Armando Ortiz El Hijo Pr\u00f3digo &nbsp; Justo hace un a\u00f1o, el 26 de enero de 2014, en el peri\u00f3dico Newsver y en otros portales informativos hicimos una denuncia en contra de Ariana \u00c1ngeles Aguirre, alcaldesa de San Andr\u00e9s Tlalnelhuayocan. En ese entonces la llamamos \u201clarva de tirana\u201d, pues la se\u00f1ora, pasando por alto las disposiciones [&hellip;]","og_url":"https:\/\/lospoliticosveracruz.com\/?p=14599","og_site_name":"Los pol\u00edticos Veracruz","article_publisher":"https:\/\/www.facebook.com\/people\/Notimemes-de-los-Polticos\/61565672886568\/","article_published_time":"2015-01-26T00:20:38+00:00","og_image":[{"url":"http:\/\/www.lospoliticosveracruz.com.mx\/wp-content\/uploads\/2015\/01\/arianna-angeles-aguirre.jpg","type":"","width":"","height":""}],"author":"Lo viste en Los Pol\u00edticos","twitter_card":"summary_large_image","twitter_creator":"@LosPoliticosVer","twitter_site":"@LosPoliticosVer","twitter_misc":{"Escrito por":"Lo viste en Los Pol\u00edticos","Tiempo de lectura":"6 minutos"},"schema":{"@context":"https:\/\/schema.org","@graph":[{"@type":"Article","@id":"https:\/\/lospoliticosveracruz.com\/?p=14599#article","isPartOf":{"@id":"https:\/\/lospoliticosveracruz.com\/?p=14599"},"author":{"name":"Lo viste en Los Pol\u00edticos","@id":"https:\/\/lospoliticosveracruz.com\/#\/schema\/person\/b8702bb0e538456e6efd07080bf2a4a2"},"headline":"Ariana, la tirana de Tlalnelhuayocan","datePublished":"2015-01-26T00:20:38+00:00","mainEntityOfPage":{"@id":"https:\/\/lospoliticosveracruz.com\/?p=14599"},"wordCount":1105,"commentCount":0,"publisher":{"@id":"https:\/\/lospoliticosveracruz.com\/#organization"},"image":{"@id":"https:\/\/lospoliticosveracruz.com\/?p=14599#primaryimage"},"thumbnailUrl":"http:\/\/www.lospoliticosveracruz.com.mx\/wp-content\/uploads\/2015\/01\/arianna-angeles-aguirre.jpg","keywords":["Paulino D\u00edaz","San Andr\u00e9s Tlalnelhuayocan"],"articleSection":["De Opini\u00f3n"],"inLanguage":"es","potentialAction":[{"@type":"CommentAction","name":"Comment","target":["https:\/\/lospoliticosveracruz.com\/?p=14599#respond"]}]},{"@type":"WebPage","@id":"https:\/\/lospoliticosveracruz.com\/?p=14599","url":"https:\/\/lospoliticosveracruz.com\/?p=14599","name":"Ariana, la tirana de Tlalnelhuayocan - Los pol\u00edticos Veracruz","isPartOf":{"@id":"https:\/\/lospoliticosveracruz.com\/#website"},"primaryImageOfPage":{"@id":"https:\/\/lospoliticosveracruz.com\/?p=14599#primaryimage"},"image":{"@id":"https:\/\/lospoliticosveracruz.com\/?p=14599#primaryimage"},"thumbnailUrl":"http:\/\/www.lospoliticosveracruz.com.mx\/wp-content\/uploads\/2015\/01\/arianna-angeles-aguirre.jpg","datePublished":"2015-01-26T00:20:38+00:00","breadcrumb":{"@id":"https:\/\/lospoliticosveracruz.com\/?p=14599#breadcrumb"},"inLanguage":"es","potentialAction":[{"@type":"ReadAction","target":["https:\/\/lospoliticosveracruz.com\/?p=14599"]}]},{"@type":"ImageObject","inLanguage":"es","@id":"https:\/\/lospoliticosveracruz.com\/?p=14599#primaryimage","url":"http:\/\/www.lospoliticosveracruz.com.mx\/wp-content\/uploads\/2015\/01\/arianna-angeles-aguirre.jpg","contentUrl":"http:\/\/www.lospoliticosveracruz.com.mx\/wp-content\/uploads\/2015\/01\/arianna-angeles-aguirre.jpg"},{"@type":"BreadcrumbList","@id":"https:\/\/lospoliticosveracruz.com\/?p=14599#breadcrumb","itemListElement":[{"@type":"ListItem","position":1,"name":"Portada","item":"https:\/\/lospoliticosveracruz.com\/"},{"@type":"ListItem","position":2,"name":"Ariana, la tirana de Tlalnelhuayocan"}]},{"@type":"WebSite","@id":"https:\/\/lospoliticosveracruz.com\/#website","url":"https:\/\/lospoliticosveracruz.com\/","name":"Los pol\u00edticos Veracruz","description":"","publisher":{"@id":"https:\/\/lospoliticosveracruz.com\/#organization"},"potentialAction":[{"@type":"SearchAction","target":{"@type":"EntryPoint","urlTemplate":"https:\/\/lospoliticosveracruz.com\/?s={search_term_string}"},"query-input":{"@type":"PropertyValueSpecification","valueRequired":true,"valueName":"search_term_string"}}],"inLanguage":"es"},{"@type":"Organization","@id":"https:\/\/lospoliticosveracruz.com\/#organization","name":"Los pol\u00edticos Veracruz","url":"https:\/\/lospoliticosveracruz.com\/","logo":{"@type":"ImageObject","inLanguage":"es","@id":"https:\/\/lospoliticosveracruz.com\/#\/schema\/logo\/image\/","url":"https:\/\/lospoliticosveracruz.com\/wp-content\/uploads\/2025\/12\/Logo-Nuevo-LOS-POLITICOS-1.jpg","contentUrl":"https:\/\/lospoliticosveracruz.com\/wp-content\/uploads\/2025\/12\/Logo-Nuevo-LOS-POLITICOS-1.jpg","width":260,"height":70,"caption":"Los pol\u00edticos Veracruz"},"image":{"@id":"https:\/\/lospoliticosveracruz.com\/#\/schema\/logo\/image\/"},"sameAs":["https:\/\/www.facebook.com\/people\/Notimemes-de-los-Polticos\/61565672886568\/","https:\/\/x.com\/LosPoliticosVer"]},{"@type":"Person","@id":"https:\/\/lospoliticosveracruz.com\/#\/schema\/person\/b8702bb0e538456e6efd07080bf2a4a2","name":"Lo viste en Los Pol\u00edticos","image":{"@type":"ImageObject","inLanguage":"es","@id":"https:\/\/secure.gravatar.com\/avatar\/3a8de04a2656d44082be478bd6c086daa447c4651605818287b9532d3d0bd435?s=96&d=mm&r=g","url":"https:\/\/secure.gravatar.com\/avatar\/3a8de04a2656d44082be478bd6c086daa447c4651605818287b9532d3d0bd435?s=96&d=mm&r=g","contentUrl":"https:\/\/secure.gravatar.com\/avatar\/3a8de04a2656d44082be478bd6c086daa447c4651605818287b9532d3d0bd435?s=96&d=mm&r=g","caption":"Lo viste en Los Pol\u00edticos"},"url":"https:\/\/lospoliticosveracruz.com\/?author=2"}]}},"_links":{"self":[{"href":"https:\/\/lospoliticosveracruz.com\/index.php?rest_route=\/wp\/v2\/posts\/14599","targetHints":{"allow":["GET"]}}],"collection":[{"href":"https:\/\/lospoliticosveracruz.com\/index.php?rest_route=\/wp\/v2\/posts"}],"about":[{"href":"https:\/\/lospoliticosveracruz.com\/index.php?rest_route=\/wp\/v2\/types\/post"}],"author":[{"embeddable":true,"href":"https:\/\/lospoliticosveracruz.com\/index.php?rest_route=\/wp\/v2\/users\/2"}],"replies":[{"embeddable":true,"href":"https:\/\/lospoliticosveracruz.com\/index.php?rest_route=%2Fwp%2Fv2%2Fcomments&post=14599"}],"version-history":[{"count":1,"href":"https:\/\/lospoliticosveracruz.com\/index.php?rest_route=\/wp\/v2\/posts\/14599\/revisions"}],"predecessor-version":[{"id":14601,"href":"https:\/\/lospoliticosveracruz.com\/index.php?rest_route=\/wp\/v2\/posts\/14599\/revisions\/14601"}],"wp:attachment":[{"href":"https:\/\/lospoliticosveracruz.com\/index.php?rest_route=%2Fwp%2Fv2%2Fmedia&parent=14599"}],"wp:term":[{"taxonomy":"category","embeddable":true,"href":"https:\/\/lospoliticosveracruz.com\/index.php?rest_route=%2Fwp%2Fv2%2Fcategories&post=14599"},{"taxonomy":"post_tag","embeddable":true,"href":"https:\/\/lospoliticosveracruz.com\/index.php?rest_route=%2Fwp%2Fv2%2Ftags&post=14599"}],"curies":[{"name":"wp","href":"https:\/\/api.w.org\/{rel}","templated":true}]}}