{"id":14605,"date":"2015-01-25T20:26:58","date_gmt":"2015-01-26T02:26:58","guid":{"rendered":"http:\/\/www.lospoliticosveracruz.com.mx\/?p=14605"},"modified":"2015-01-25T20:28:04","modified_gmt":"2015-01-26T02:28:04","slug":"caso-moises-pedira-fiscal-desafuero-a-alcalde-de-medellin","status":"publish","type":"post","link":"https:\/\/lospoliticosveracruz.com\/?p=14605","title":{"rendered":"Caso Mois\u00e9s: Pedir\u00e1 Fiscal desafuero para alcalde de Medell\u00edn"},"content":{"rendered":"<blockquote><p><a href=\"http:\/\/www.lospoliticosveracruz.com.mx\/wp-content\/uploads\/2015\/01\/Omar-Cruz-Reyes1.jpg\"><img loading=\"lazy\" decoding=\"async\" class=\"alignnone size-medium wp-image-14606\" src=\"http:\/\/www.lospoliticosveracruz.com.mx\/wp-content\/uploads\/2015\/01\/Omar-Cruz-Reyes1-300x201.jpg\" alt=\"Omar Cruz Reyes\" width=\"300\" height=\"201\" \/><\/a><\/p>\n<p>Detiene PGJ al asesino confeso de Mois\u00e9s S\u00e1nchez Cerezo<\/p><\/blockquote>\n<p>El titular de la Procuradur\u00eda General de Justicia del Estado (PGJ), Luis \u00c1ngel Bravo Contreras, inform\u00f3 que la madrugada de este s\u00e1bado fue localizado el cuerpo del ciudadano Jos\u00e9 Mois\u00e9s S\u00e1nchez Cerezo, quien fuera sustra\u00eddo el pasado 02 de enero por desconocidos que irrumpieron en su domicilio en la comunidad El Tejar, municipio de Medell\u00edn.<\/p>\n<p>Con motivo de estos hechos se abri\u00f3 la Investigaci\u00f3n Ministerial 01\/E\/2015, y despu\u00e9s de intensas indagatorias se ubic\u00f3 a Clemente No\u00e9 Rodr\u00edguez Mart\u00ednez, quien hab\u00eda sido integrante de la extinta Polic\u00eda Intermunicipal, quien confes\u00f3 en presencia de su abogado defensor y en pleno respeto de sus derechos, haber participado junto con otras cinco personas en estos hechos, y haber dado muerte a S\u00e1nchez Cerezo, el mismo d\u00eda 02 de enero, de forma inmediata a la privaci\u00f3n de su libertad.<\/p>\n<p>El Procurador inform\u00f3 que Rodr\u00edguez Mart\u00ednez era miembro de una banda dedicada a la venta de droga en ese municipio, y en su declaraci\u00f3n reconoci\u00f3 que la muerte de Mois\u00e9s S\u00e1nchez la realizaron por encargo directo de Mart\u00edn L\u00f3pez Meneses, subdirector de la Polic\u00eda Municipal de Medell\u00edn, as\u00ed como chofer y escolta personal del presidente municipal, Omar Cruz Reyes, quien permanece arraigado por disposici\u00f3n judicial para determinar la responsabilidad que le resulte en el homicidio doloso calificado de Mois\u00e9s S\u00e1nchez Cerezo.<\/p>\n<p>Los otros imputados fueron identificados por No\u00e9 Rodr\u00edguez Mart\u00ednez como \u201cEl Harry\u201d, \u201cEl Chelo\u201d, \u201cEl Piol\u00edn\u201d, \u201cEl Moi\u201d y \u201cEl Olmos\u201d, a quienes declar\u00f3 que conoce solamente por sus apodos, con excepci\u00f3n del \u00faltimo a quien refiere como Jos\u00e9 Luis Olmos, quien fuera tambi\u00e9n miembro de la desparecida Polic\u00eda Intermunicipal.<\/p>\n<p>Bravo Contreras se\u00f1al\u00f3 que dados los elementos probatorios, la PGJ solicitar\u00e1 a la LXIII Legislatura del Estado el juicio de procedencia en contra de Omar Cruz Reyes, Presidente Municipal de Medell\u00edn, en virtud de que goza de fuero constitucional.<\/p>\n<p>La investigaci\u00f3n contin\u00faa su curso hasta la detenci\u00f3n de todos los implicados en este caso. En su momento, la PGJ informar\u00e1 de los avances y resultados de la misma.<\/p>\n","protected":false},"excerpt":{"rendered":"<p>Detiene PGJ al asesino confeso de Mois\u00e9s S\u00e1nchez Cerezo El titular de la Procuradur\u00eda General de Justicia del Estado (PGJ), Luis \u00c1ngel Bravo Contreras, inform\u00f3 que la madrugada de este s\u00e1bado fue localizado el cuerpo del ciudadano Jos\u00e9 Mois\u00e9s S\u00e1nchez Cerezo, quien fuera sustra\u00eddo el pasado 02 de enero por desconocidos que irrumpieron en su [&hellip;]<\/p>\n","protected":false},"author":2,"featured_media":0,"comment_status":"open","ping_status":"open","sticky":false,"template":"","format":"standard","meta":{"tdm_status":"","tdm_grid_status":"","footnotes":""},"categories":[73],"tags":[1528,496,1389,1381,1388],"class_list":{"0":"post-14605","1":"post","2":"type-post","3":"status-publish","4":"format-standard","6":"category-de-boleto","7":"tag-clemente-noe-rodriguez-martinez","8":"tag-luis-angel-bravo-contreras","9":"tag-medellin","10":"tag-moises-sanchez-cerezo","11":"tag-omar-cruz-reyes"},"yoast_head":"<!-- This site is optimized with the Yoast SEO plugin v27.4 - https:\/\/yoast.com\/product\/yoast-seo-wordpress\/ -->\n<title>Caso Mois\u00e9s: Pedir\u00e1 Fiscal desafuero para alcalde de Medell\u00edn - Los pol\u00edticos Veracruz<\/title>\n<meta name=\"robots\" content=\"index, follow, max-snippet:-1, max-image-preview:large, max-video-preview:-1\" \/>\n<link rel=\"canonical\" href=\"https:\/\/lospoliticosveracruz.com\/?p=14605\" \/>\n<meta property=\"og:locale\" content=\"es_ES\" \/>\n<meta property=\"og:type\" content=\"article\" \/>\n<meta property=\"og:title\" content=\"Caso Mois\u00e9s: Pedir\u00e1 Fiscal desafuero para alcalde de Medell\u00edn - Los pol\u00edticos Veracruz\" \/>\n<meta property=\"og:description\" content=\"Detiene PGJ al asesino confeso de Mois\u00e9s S\u00e1nchez Cerezo El titular de la Procuradur\u00eda General de Justicia del Estado (PGJ), Luis \u00c1ngel Bravo Contreras, inform\u00f3 que la madrugada de este s\u00e1bado fue localizado el cuerpo del ciudadano Jos\u00e9 Mois\u00e9s S\u00e1nchez Cerezo, quien fuera sustra\u00eddo el pasado 02 de enero por desconocidos que irrumpieron en su [&hellip;]\" \/>\n<meta property=\"og:url\" content=\"https:\/\/lospoliticosveracruz.com\/?p=14605\" \/>\n<meta property=\"og:site_name\" content=\"Los pol\u00edticos Veracruz\" \/>\n<meta property=\"article:publisher\" content=\"https:\/\/www.facebook.com\/people\/Notimemes-de-los-Polticos\/61565672886568\/\" \/>\n<meta property=\"article:published_time\" content=\"2015-01-26T02:26:58+00:00\" \/>\n<meta property=\"article:modified_time\" content=\"2015-01-26T02:28:04+00:00\" \/>\n<meta property=\"og:image\" content=\"http:\/\/www.lospoliticosveracruz.com.mx\/wp-content\/uploads\/2015\/01\/Omar-Cruz-Reyes1-300x201.jpg\" \/>\n<meta name=\"author\" content=\"Lo viste en Los Pol\u00edticos\" \/>\n<meta name=\"twitter:card\" content=\"summary_large_image\" \/>\n<meta name=\"twitter:creator\" content=\"@LosPoliticosVer\" \/>\n<meta name=\"twitter:site\" content=\"@LosPoliticosVer\" \/>\n<meta name=\"twitter:label1\" content=\"Escrito por\" \/>\n\t<meta name=\"twitter:data1\" content=\"Lo viste en Los Pol\u00edticos\" \/>\n\t<meta name=\"twitter:label2\" content=\"Tiempo de lectura\" \/>\n\t<meta name=\"twitter:data2\" content=\"2 minutos\" \/>\n<script type=\"application\/ld+json\" class=\"yoast-schema-graph\">{\"@context\":\"https:\\\/\\\/schema.org\",\"@graph\":[{\"@type\":\"Article\",\"@id\":\"https:\\\/\\\/lospoliticosveracruz.com\\\/?p=14605#article\",\"isPartOf\":{\"@id\":\"https:\\\/\\\/lospoliticosveracruz.com\\\/?p=14605\"},\"author\":{\"name\":\"Lo viste en Los Pol\u00edticos\",\"@id\":\"https:\\\/\\\/lospoliticosveracruz.com\\\/#\\\/schema\\\/person\\\/b8702bb0e538456e6efd07080bf2a4a2\"},\"headline\":\"Caso Mois\u00e9s: Pedir\u00e1 Fiscal desafuero para alcalde de Medell\u00edn\",\"datePublished\":\"2015-01-26T02:26:58+00:00\",\"dateModified\":\"2015-01-26T02:28:04+00:00\",\"mainEntityOfPage\":{\"@id\":\"https:\\\/\\\/lospoliticosveracruz.com\\\/?p=14605\"},\"wordCount\":391,\"commentCount\":0,\"publisher\":{\"@id\":\"https:\\\/\\\/lospoliticosveracruz.com\\\/#organization\"},\"image\":{\"@id\":\"https:\\\/\\\/lospoliticosveracruz.com\\\/?p=14605#primaryimage\"},\"thumbnailUrl\":\"http:\\\/\\\/www.lospoliticosveracruz.com.mx\\\/wp-content\\\/uploads\\\/2015\\\/01\\\/Omar-Cruz-Reyes1-300x201.jpg\",\"keywords\":[\"Clemente No\u00e9 Rodr\u00edguez Mart\u00ednez\",\"Luis Angel Bravo Contreras\",\"Medell\u00edn\",\"Mois\u00e9s S\u00e1nchez Cerezo\",\"Omar Cruz Reyes\"],\"articleSection\":[\"De Boleto\"],\"inLanguage\":\"es\",\"potentialAction\":[{\"@type\":\"CommentAction\",\"name\":\"Comment\",\"target\":[\"https:\\\/\\\/lospoliticosveracruz.com\\\/?p=14605#respond\"]}]},{\"@type\":\"WebPage\",\"@id\":\"https:\\\/\\\/lospoliticosveracruz.com\\\/?p=14605\",\"url\":\"https:\\\/\\\/lospoliticosveracruz.com\\\/?p=14605\",\"name\":\"Caso Mois\u00e9s: Pedir\u00e1 Fiscal desafuero para alcalde de Medell\u00edn - Los pol\u00edticos Veracruz\",\"isPartOf\":{\"@id\":\"https:\\\/\\\/lospoliticosveracruz.com\\\/#website\"},\"primaryImageOfPage\":{\"@id\":\"https:\\\/\\\/lospoliticosveracruz.com\\\/?p=14605#primaryimage\"},\"image\":{\"@id\":\"https:\\\/\\\/lospoliticosveracruz.com\\\/?p=14605#primaryimage\"},\"thumbnailUrl\":\"http:\\\/\\\/www.lospoliticosveracruz.com.mx\\\/wp-content\\\/uploads\\\/2015\\\/01\\\/Omar-Cruz-Reyes1-300x201.jpg\",\"datePublished\":\"2015-01-26T02:26:58+00:00\",\"dateModified\":\"2015-01-26T02:28:04+00:00\",\"breadcrumb\":{\"@id\":\"https:\\\/\\\/lospoliticosveracruz.com\\\/?p=14605#breadcrumb\"},\"inLanguage\":\"es\",\"potentialAction\":[{\"@type\":\"ReadAction\",\"target\":[\"https:\\\/\\\/lospoliticosveracruz.com\\\/?p=14605\"]}]},{\"@type\":\"ImageObject\",\"inLanguage\":\"es\",\"@id\":\"https:\\\/\\\/lospoliticosveracruz.com\\\/?p=14605#primaryimage\",\"url\":\"http:\\\/\\\/www.lospoliticosveracruz.com.mx\\\/wp-content\\\/uploads\\\/2015\\\/01\\\/Omar-Cruz-Reyes1-300x201.jpg\",\"contentUrl\":\"http:\\\/\\\/www.lospoliticosveracruz.com.mx\\\/wp-content\\\/uploads\\\/2015\\\/01\\\/Omar-Cruz-Reyes1-300x201.jpg\"},{\"@type\":\"BreadcrumbList\",\"@id\":\"https:\\\/\\\/lospoliticosveracruz.com\\\/?p=14605#breadcrumb\",\"itemListElement\":[{\"@type\":\"ListItem\",\"position\":1,\"name\":\"Portada\",\"item\":\"https:\\\/\\\/lospoliticosveracruz.com\\\/\"},{\"@type\":\"ListItem\",\"position\":2,\"name\":\"Caso Mois\u00e9s: Pedir\u00e1 Fiscal desafuero para alcalde de Medell\u00edn\"}]},{\"@type\":\"WebSite\",\"@id\":\"https:\\\/\\\/lospoliticosveracruz.com\\\/#website\",\"url\":\"https:\\\/\\\/lospoliticosveracruz.com\\\/\",\"name\":\"Los pol\u00edticos Veracruz\",\"description\":\"\",\"publisher\":{\"@id\":\"https:\\\/\\\/lospoliticosveracruz.com\\\/#organization\"},\"potentialAction\":[{\"@type\":\"SearchAction\",\"target\":{\"@type\":\"EntryPoint\",\"urlTemplate\":\"https:\\\/\\\/lospoliticosveracruz.com\\\/?s={search_term_string}\"},\"query-input\":{\"@type\":\"PropertyValueSpecification\",\"valueRequired\":true,\"valueName\":\"search_term_string\"}}],\"inLanguage\":\"es\"},{\"@type\":\"Organization\",\"@id\":\"https:\\\/\\\/lospoliticosveracruz.com\\\/#organization\",\"name\":\"Los pol\u00edticos Veracruz\",\"url\":\"https:\\\/\\\/lospoliticosveracruz.com\\\/\",\"logo\":{\"@type\":\"ImageObject\",\"inLanguage\":\"es\",\"@id\":\"https:\\\/\\\/lospoliticosveracruz.com\\\/#\\\/schema\\\/logo\\\/image\\\/\",\"url\":\"https:\\\/\\\/lospoliticosveracruz.com\\\/wp-content\\\/uploads\\\/2025\\\/12\\\/Logo-Nuevo-LOS-POLITICOS-1.jpg\",\"contentUrl\":\"https:\\\/\\\/lospoliticosveracruz.com\\\/wp-content\\\/uploads\\\/2025\\\/12\\\/Logo-Nuevo-LOS-POLITICOS-1.jpg\",\"width\":260,\"height\":70,\"caption\":\"Los pol\u00edticos Veracruz\"},\"image\":{\"@id\":\"https:\\\/\\\/lospoliticosveracruz.com\\\/#\\\/schema\\\/logo\\\/image\\\/\"},\"sameAs\":[\"https:\\\/\\\/www.facebook.com\\\/people\\\/Notimemes-de-los-Polticos\\\/61565672886568\\\/\",\"https:\\\/\\\/x.com\\\/LosPoliticosVer\"]},{\"@type\":\"Person\",\"@id\":\"https:\\\/\\\/lospoliticosveracruz.com\\\/#\\\/schema\\\/person\\\/b8702bb0e538456e6efd07080bf2a4a2\",\"name\":\"Lo viste en Los Pol\u00edticos\",\"image\":{\"@type\":\"ImageObject\",\"inLanguage\":\"es\",\"@id\":\"https:\\\/\\\/secure.gravatar.com\\\/avatar\\\/3a8de04a2656d44082be478bd6c086daa447c4651605818287b9532d3d0bd435?s=96&d=mm&r=g\",\"url\":\"https:\\\/\\\/secure.gravatar.com\\\/avatar\\\/3a8de04a2656d44082be478bd6c086daa447c4651605818287b9532d3d0bd435?s=96&d=mm&r=g\",\"contentUrl\":\"https:\\\/\\\/secure.gravatar.com\\\/avatar\\\/3a8de04a2656d44082be478bd6c086daa447c4651605818287b9532d3d0bd435?s=96&d=mm&r=g\",\"caption\":\"Lo viste en Los Pol\u00edticos\"},\"url\":\"https:\\\/\\\/lospoliticosveracruz.com\\\/?author=2\"}]}<\/script>\n<!-- \/ Yoast SEO plugin. -->","yoast_head_json":{"title":"Caso Mois\u00e9s: Pedir\u00e1 Fiscal desafuero para alcalde de Medell\u00edn - Los pol\u00edticos Veracruz","robots":{"index":"index","follow":"follow","max-snippet":"max-snippet:-1","max-image-preview":"max-image-preview:large","max-video-preview":"max-video-preview:-1"},"canonical":"https:\/\/lospoliticosveracruz.com\/?p=14605","og_locale":"es_ES","og_type":"article","og_title":"Caso Mois\u00e9s: Pedir\u00e1 Fiscal desafuero para alcalde de Medell\u00edn - Los pol\u00edticos Veracruz","og_description":"Detiene PGJ al asesino confeso de Mois\u00e9s S\u00e1nchez Cerezo El titular de la Procuradur\u00eda General de Justicia del Estado (PGJ), Luis \u00c1ngel Bravo Contreras, inform\u00f3 que la madrugada de este s\u00e1bado fue localizado el cuerpo del ciudadano Jos\u00e9 Mois\u00e9s S\u00e1nchez Cerezo, quien fuera sustra\u00eddo el pasado 02 de enero por desconocidos que irrumpieron en su [&hellip;]","og_url":"https:\/\/lospoliticosveracruz.com\/?p=14605","og_site_name":"Los pol\u00edticos Veracruz","article_publisher":"https:\/\/www.facebook.com\/people\/Notimemes-de-los-Polticos\/61565672886568\/","article_published_time":"2015-01-26T02:26:58+00:00","article_modified_time":"2015-01-26T02:28:04+00:00","og_image":[{"url":"http:\/\/www.lospoliticosveracruz.com.mx\/wp-content\/uploads\/2015\/01\/Omar-Cruz-Reyes1-300x201.jpg","type":"","width":"","height":""}],"author":"Lo viste en Los Pol\u00edticos","twitter_card":"summary_large_image","twitter_creator":"@LosPoliticosVer","twitter_site":"@LosPoliticosVer","twitter_misc":{"Escrito por":"Lo viste en Los Pol\u00edticos","Tiempo de lectura":"2 minutos"},"schema":{"@context":"https:\/\/schema.org","@graph":[{"@type":"Article","@id":"https:\/\/lospoliticosveracruz.com\/?p=14605#article","isPartOf":{"@id":"https:\/\/lospoliticosveracruz.com\/?p=14605"},"author":{"name":"Lo viste en Los Pol\u00edticos","@id":"https:\/\/lospoliticosveracruz.com\/#\/schema\/person\/b8702bb0e538456e6efd07080bf2a4a2"},"headline":"Caso Mois\u00e9s: Pedir\u00e1 Fiscal desafuero para alcalde de Medell\u00edn","datePublished":"2015-01-26T02:26:58+00:00","dateModified":"2015-01-26T02:28:04+00:00","mainEntityOfPage":{"@id":"https:\/\/lospoliticosveracruz.com\/?p=14605"},"wordCount":391,"commentCount":0,"publisher":{"@id":"https:\/\/lospoliticosveracruz.com\/#organization"},"image":{"@id":"https:\/\/lospoliticosveracruz.com\/?p=14605#primaryimage"},"thumbnailUrl":"http:\/\/www.lospoliticosveracruz.com.mx\/wp-content\/uploads\/2015\/01\/Omar-Cruz-Reyes1-300x201.jpg","keywords":["Clemente No\u00e9 Rodr\u00edguez Mart\u00ednez","Luis Angel Bravo Contreras","Medell\u00edn","Mois\u00e9s S\u00e1nchez Cerezo","Omar Cruz Reyes"],"articleSection":["De Boleto"],"inLanguage":"es","potentialAction":[{"@type":"CommentAction","name":"Comment","target":["https:\/\/lospoliticosveracruz.com\/?p=14605#respond"]}]},{"@type":"WebPage","@id":"https:\/\/lospoliticosveracruz.com\/?p=14605","url":"https:\/\/lospoliticosveracruz.com\/?p=14605","name":"Caso Mois\u00e9s: Pedir\u00e1 Fiscal desafuero para alcalde de Medell\u00edn - Los pol\u00edticos Veracruz","isPartOf":{"@id":"https:\/\/lospoliticosveracruz.com\/#website"},"primaryImageOfPage":{"@id":"https:\/\/lospoliticosveracruz.com\/?p=14605#primaryimage"},"image":{"@id":"https:\/\/lospoliticosveracruz.com\/?p=14605#primaryimage"},"thumbnailUrl":"http:\/\/www.lospoliticosveracruz.com.mx\/wp-content\/uploads\/2015\/01\/Omar-Cruz-Reyes1-300x201.jpg","datePublished":"2015-01-26T02:26:58+00:00","dateModified":"2015-01-26T02:28:04+00:00","breadcrumb":{"@id":"https:\/\/lospoliticosveracruz.com\/?p=14605#breadcrumb"},"inLanguage":"es","potentialAction":[{"@type":"ReadAction","target":["https:\/\/lospoliticosveracruz.com\/?p=14605"]}]},{"@type":"ImageObject","inLanguage":"es","@id":"https:\/\/lospoliticosveracruz.com\/?p=14605#primaryimage","url":"http:\/\/www.lospoliticosveracruz.com.mx\/wp-content\/uploads\/2015\/01\/Omar-Cruz-Reyes1-300x201.jpg","contentUrl":"http:\/\/www.lospoliticosveracruz.com.mx\/wp-content\/uploads\/2015\/01\/Omar-Cruz-Reyes1-300x201.jpg"},{"@type":"BreadcrumbList","@id":"https:\/\/lospoliticosveracruz.com\/?p=14605#breadcrumb","itemListElement":[{"@type":"ListItem","position":1,"name":"Portada","item":"https:\/\/lospoliticosveracruz.com\/"},{"@type":"ListItem","position":2,"name":"Caso Mois\u00e9s: Pedir\u00e1 Fiscal desafuero para alcalde de Medell\u00edn"}]},{"@type":"WebSite","@id":"https:\/\/lospoliticosveracruz.com\/#website","url":"https:\/\/lospoliticosveracruz.com\/","name":"Los pol\u00edticos Veracruz","description":"","publisher":{"@id":"https:\/\/lospoliticosveracruz.com\/#organization"},"potentialAction":[{"@type":"SearchAction","target":{"@type":"EntryPoint","urlTemplate":"https:\/\/lospoliticosveracruz.com\/?s={search_term_string}"},"query-input":{"@type":"PropertyValueSpecification","valueRequired":true,"valueName":"search_term_string"}}],"inLanguage":"es"},{"@type":"Organization","@id":"https:\/\/lospoliticosveracruz.com\/#organization","name":"Los pol\u00edticos Veracruz","url":"https:\/\/lospoliticosveracruz.com\/","logo":{"@type":"ImageObject","inLanguage":"es","@id":"https:\/\/lospoliticosveracruz.com\/#\/schema\/logo\/image\/","url":"https:\/\/lospoliticosveracruz.com\/wp-content\/uploads\/2025\/12\/Logo-Nuevo-LOS-POLITICOS-1.jpg","contentUrl":"https:\/\/lospoliticosveracruz.com\/wp-content\/uploads\/2025\/12\/Logo-Nuevo-LOS-POLITICOS-1.jpg","width":260,"height":70,"caption":"Los pol\u00edticos Veracruz"},"image":{"@id":"https:\/\/lospoliticosveracruz.com\/#\/schema\/logo\/image\/"},"sameAs":["https:\/\/www.facebook.com\/people\/Notimemes-de-los-Polticos\/61565672886568\/","https:\/\/x.com\/LosPoliticosVer"]},{"@type":"Person","@id":"https:\/\/lospoliticosveracruz.com\/#\/schema\/person\/b8702bb0e538456e6efd07080bf2a4a2","name":"Lo viste en Los Pol\u00edticos","image":{"@type":"ImageObject","inLanguage":"es","@id":"https:\/\/secure.gravatar.com\/avatar\/3a8de04a2656d44082be478bd6c086daa447c4651605818287b9532d3d0bd435?s=96&d=mm&r=g","url":"https:\/\/secure.gravatar.com\/avatar\/3a8de04a2656d44082be478bd6c086daa447c4651605818287b9532d3d0bd435?s=96&d=mm&r=g","contentUrl":"https:\/\/secure.gravatar.com\/avatar\/3a8de04a2656d44082be478bd6c086daa447c4651605818287b9532d3d0bd435?s=96&d=mm&r=g","caption":"Lo viste en Los Pol\u00edticos"},"url":"https:\/\/lospoliticosveracruz.com\/?author=2"}]}},"_links":{"self":[{"href":"https:\/\/lospoliticosveracruz.com\/index.php?rest_route=\/wp\/v2\/posts\/14605","targetHints":{"allow":["GET"]}}],"collection":[{"href":"https:\/\/lospoliticosveracruz.com\/index.php?rest_route=\/wp\/v2\/posts"}],"about":[{"href":"https:\/\/lospoliticosveracruz.com\/index.php?rest_route=\/wp\/v2\/types\/post"}],"author":[{"embeddable":true,"href":"https:\/\/lospoliticosveracruz.com\/index.php?rest_route=\/wp\/v2\/users\/2"}],"replies":[{"embeddable":true,"href":"https:\/\/lospoliticosveracruz.com\/index.php?rest_route=%2Fwp%2Fv2%2Fcomments&post=14605"}],"version-history":[{"count":2,"href":"https:\/\/lospoliticosveracruz.com\/index.php?rest_route=\/wp\/v2\/posts\/14605\/revisions"}],"predecessor-version":[{"id":14609,"href":"https:\/\/lospoliticosveracruz.com\/index.php?rest_route=\/wp\/v2\/posts\/14605\/revisions\/14609"}],"wp:attachment":[{"href":"https:\/\/lospoliticosveracruz.com\/index.php?rest_route=%2Fwp%2Fv2%2Fmedia&parent=14605"}],"wp:term":[{"taxonomy":"category","embeddable":true,"href":"https:\/\/lospoliticosveracruz.com\/index.php?rest_route=%2Fwp%2Fv2%2Fcategories&post=14605"},{"taxonomy":"post_tag","embeddable":true,"href":"https:\/\/lospoliticosveracruz.com\/index.php?rest_route=%2Fwp%2Fv2%2Ftags&post=14605"}],"curies":[{"name":"wp","href":"https:\/\/api.w.org\/{rel}","templated":true}]}}