{"id":146229,"date":"2025-06-01T21:06:05","date_gmt":"2025-06-02T02:06:05","guid":{"rendered":"https:\/\/lospoliticosveracruz.com.mx\/?p=146229"},"modified":"2025-06-01T21:06:18","modified_gmt":"2025-06-02T02:06:18","slug":"elecciones-veracruzanas-2025","status":"publish","type":"post","link":"https:\/\/lospoliticosveracruz.com\/?p=146229","title":{"rendered":"ELECCIONES VERACRUZANAS 2025"},"content":{"rendered":"\n<p><strong>Carlos Miguel Acosta Bravo<\/strong><\/p>\n\n\n\n<p><em>&nbsp;Impronta<\/em><\/p>\n\n\n\n<p>Fue la elecci\u00f3n para elegir a los 212 alcaldes en Veracruz, este proceso fue caracterizado por un clima de violencia, escasa participaci\u00f3n en donde se registr\u00f3 la muerte de dos candidatos de Morena, as\u00ed como la renuncia de 405 candidatos a presidentes municipales, s\u00edndicos y regidores.<\/p>\n\n\n\n<p>De los hechos de violencia del proceso destacan las agresiones armadas a los candidatos de Xico, Chalma, Santiago Tuxtla, Cd. Mendoza, Acayucan, Coscomatepec, Lerdo de Tejada, Jilotepec, San Andr\u00e9s Tlalnehuayocan, Juan Rodr\u00edguez Clara, Veracruz, as\u00ed como&nbsp;&nbsp;a la coordinadora de MC en Veracruz.<\/p>\n\n\n\n<p>Seg\u00fan reportes del OPLE el PAN logr\u00f3 la presencia de representantes en 7 mil 723 casillas; el PRI en 6,584; el Partido del Trabajo 7699; Movimiento Ciudadano 7,297 y solo Morena logr\u00f3 acreditar 10 mil 421 representantes. Al igual que en 2024 al otrora partidazo le faltaron m\u00e1s de 1000 representantes.<\/p>\n\n\n\n<p>En la guerra de cifras Morena afirm\u00f3 que ganaron 150 alcald\u00edas: entre ellas Veracruz, Boca del R\u00edo, Coatzacoalcos, Poza Rica, Papantla, C\u00f3rdoba, Tuxpan , Xalapa y Minatitl\u00e1n. Cabe precisar que&nbsp;&nbsp;los resultados electorales que tendremos hoy son preliminares pues son b\u00e1sicamente del Programa de Resultados Preeliminares, tienen un car\u00e1cter informativo y ser\u00e1 el mi\u00e9rcoles 4 de junio que dar\u00e1n inicio los c\u00f3mputos en los Consejos Municipales y de ah\u00ed saldr\u00e1n los resultados finales de la elecci\u00f3n de ayuntamientos en Veracruz.<\/p>\n\n\n\n<p>Por su parte el l\u00edder nacional del PAN, Jorge Romero declar\u00f3 que ganaron 25 alcald\u00eda del estado entre las que destacan Veracruz y Boca del R\u00edo. Otro de los esc\u00e1ndalos que el OPLE habr\u00e1 que investigar es la grabaci\u00f3n en donde se menciona al l\u00edder Estaban Ram\u00edrez Zepeta en donde manifiesta haber entregado 10 millones de pesos a Renato Tronco para compra del voto en Las Choapas.<\/p>\n\n\n\n<p>En cuanto a la elecci\u00f3n para elegir integrantes del Poder Judicial en la que hay 881 puestos en juego y en la que participaron 3400 candidatos hay muchas cosas que cuestionar, empezando por la gran cantidad de boletas (10) y la dificultad para conocer, identificar y poder votar a los alrededor de 400&nbsp;&nbsp;postulantes para integrantes del poder judicial en Veracruz y en la federaci\u00f3n. Para quienes decidimos participar nos proporcionaron un lapiz bic color azul (f\u00e1cil de sustituir), los votos no ser\u00e1n contados en d\u00eda de hoy por nuestros vecinos, y ser\u00e1 hasta dentro de diez d\u00edas que tendremos la posibilidad de conocer los resultados. Los votos sobrantes no fueron inutilizados y fueron todos depositados en una sola urna, en fin muchas dudas y suspicacias, desorganizaci\u00f3n y confusi\u00f3n en esta primer elecci\u00f3n para la selecci\u00f3n de prospectos para integrar el poder judicial.<\/p>\n\n\n\n<p>El otro gran reto es la baja participaci\u00f3n del electorado, pues en el caso de la capital del estado los ciudadanos no salieron a votar y se not\u00f3 una escasa asistencia a las urnas, se estima que se registr\u00f3 una participaci\u00f3n m\u00e1xima del 25 por ciento.<\/p>\n\n\n\n<p>En contraste con la alta participaci\u00f3n de elecciones anteriores, as\u00ed como un clima de respeto tanto para los candidatos participantes, como el clima de paz para todos los ciudadanos para la cual fue necesaria la llegada y participaci\u00f3n de 3500 integrantes de la guardia nacional, as\u00ed como de una delegaci\u00f3n importante de la Fiscal\u00eda General de la Rep\u00fablica.<\/p>\n\n\n\n<p>Ahora solo falta esperar la conclusi\u00f3n del conteo oficial en cada uno de los Consejos municipales para que el OPLE pueda determinar los candidatos ganadores en los 212 municipios. Solo entonces conoceremos el balance final de esta importante elecci\u00f3n para presidentes e integrantes de los cabildos municipales.<\/p>\n\n\n\n<p>cacostabravo@yahoo.com.mx<\/p>\n\n\n\n<p>*Maestro en comunicaci\u00f3n por la UIA de la cual ha sido profesor de la licenciatura en comunicaci\u00f3n, as\u00ed como de la Universidad An\u00e1huac, camp\u00fas CDMX<\/p>\n","protected":false},"excerpt":{"rendered":"<p>Carlos Miguel Acosta Bravo &nbsp;Impronta Fue la elecci\u00f3n para elegir a los 212 alcaldes en Veracruz, este proceso fue caracterizado por un clima de violencia, escasa participaci\u00f3n en donde se registr\u00f3 la muerte de dos candidatos de Morena, as\u00ed como la renuncia de 405 candidatos a presidentes municipales, s\u00edndicos y regidores. De los hechos de [&hellip;]<\/p>\n","protected":false},"author":2,"featured_media":141377,"comment_status":"closed","ping_status":"closed","sticky":false,"template":"","format":"standard","meta":{"tdm_status":"","tdm_grid_status":"","footnotes":""},"categories":[70],"tags":[],"class_list":{"0":"post-146229","1":"post","2":"type-post","3":"status-publish","4":"format-standard","5":"has-post-thumbnail","7":"category-de-opinion"},"yoast_head":"<!-- This site is optimized with the Yoast SEO plugin v27.4 - https:\/\/yoast.com\/product\/yoast-seo-wordpress\/ -->\n<title>ELECCIONES VERACRUZANAS 2025 - Los pol\u00edticos Veracruz<\/title>\n<meta name=\"robots\" content=\"index, follow, max-snippet:-1, max-image-preview:large, max-video-preview:-1\" \/>\n<link rel=\"canonical\" href=\"https:\/\/lospoliticosveracruz.com\/?p=146229\" \/>\n<meta property=\"og:locale\" content=\"es_ES\" \/>\n<meta property=\"og:type\" content=\"article\" \/>\n<meta property=\"og:title\" content=\"ELECCIONES VERACRUZANAS 2025 - Los pol\u00edticos Veracruz\" \/>\n<meta property=\"og:description\" content=\"Carlos Miguel Acosta Bravo &nbsp;Impronta Fue la elecci\u00f3n para elegir a los 212 alcaldes en Veracruz, este proceso fue caracterizado por un clima de violencia, escasa participaci\u00f3n en donde se registr\u00f3 la muerte de dos candidatos de Morena, as\u00ed como la renuncia de 405 candidatos a presidentes municipales, s\u00edndicos y regidores. De los hechos de [&hellip;]\" \/>\n<meta property=\"og:url\" content=\"https:\/\/lospoliticosveracruz.com\/?p=146229\" \/>\n<meta property=\"og:site_name\" content=\"Los pol\u00edticos Veracruz\" \/>\n<meta property=\"article:publisher\" content=\"https:\/\/www.facebook.com\/people\/Notimemes-de-los-Polticos\/61565672886568\/\" \/>\n<meta property=\"article:published_time\" content=\"2025-06-02T02:06:05+00:00\" \/>\n<meta property=\"article:modified_time\" content=\"2025-06-02T02:06:18+00:00\" \/>\n<meta property=\"og:image\" content=\"https:\/\/lospoliticosveracruz.com\/wp-content\/uploads\/2025\/04\/Carlos-Miguel-Acosta-Bravo.jpg\" \/>\n\t<meta property=\"og:image:width\" content=\"1250\" \/>\n\t<meta property=\"og:image:height\" content=\"667\" \/>\n\t<meta property=\"og:image:type\" content=\"image\/jpeg\" \/>\n<meta name=\"author\" content=\"Lo viste en Los Pol\u00edticos\" \/>\n<meta name=\"twitter:card\" content=\"summary_large_image\" \/>\n<meta name=\"twitter:creator\" content=\"@LosPoliticosVer\" \/>\n<meta name=\"twitter:site\" content=\"@LosPoliticosVer\" \/>\n<meta name=\"twitter:label1\" content=\"Escrito por\" \/>\n\t<meta name=\"twitter:data1\" content=\"Lo viste en Los Pol\u00edticos\" \/>\n\t<meta name=\"twitter:label2\" content=\"Tiempo de lectura\" \/>\n\t<meta name=\"twitter:data2\" content=\"3 minutos\" \/>\n<script type=\"application\/ld+json\" class=\"yoast-schema-graph\">{\"@context\":\"https:\\\/\\\/schema.org\",\"@graph\":[{\"@type\":\"Article\",\"@id\":\"https:\\\/\\\/lospoliticosveracruz.com\\\/?p=146229#article\",\"isPartOf\":{\"@id\":\"https:\\\/\\\/lospoliticosveracruz.com\\\/?p=146229\"},\"author\":{\"name\":\"Lo viste en Los Pol\u00edticos\",\"@id\":\"https:\\\/\\\/lospoliticosveracruz.com\\\/#\\\/schema\\\/person\\\/b8702bb0e538456e6efd07080bf2a4a2\"},\"headline\":\"ELECCIONES VERACRUZANAS 2025\",\"datePublished\":\"2025-06-02T02:06:05+00:00\",\"dateModified\":\"2025-06-02T02:06:18+00:00\",\"mainEntityOfPage\":{\"@id\":\"https:\\\/\\\/lospoliticosveracruz.com\\\/?p=146229\"},\"wordCount\":650,\"publisher\":{\"@id\":\"https:\\\/\\\/lospoliticosveracruz.com\\\/#organization\"},\"image\":{\"@id\":\"https:\\\/\\\/lospoliticosveracruz.com\\\/?p=146229#primaryimage\"},\"thumbnailUrl\":\"https:\\\/\\\/lospoliticosveracruz.com\\\/wp-content\\\/uploads\\\/2025\\\/04\\\/Carlos-Miguel-Acosta-Bravo.jpg\",\"articleSection\":[\"De Opini\u00f3n\"],\"inLanguage\":\"es\"},{\"@type\":\"WebPage\",\"@id\":\"https:\\\/\\\/lospoliticosveracruz.com\\\/?p=146229\",\"url\":\"https:\\\/\\\/lospoliticosveracruz.com\\\/?p=146229\",\"name\":\"ELECCIONES VERACRUZANAS 2025 - Los pol\u00edticos Veracruz\",\"isPartOf\":{\"@id\":\"https:\\\/\\\/lospoliticosveracruz.com\\\/#website\"},\"primaryImageOfPage\":{\"@id\":\"https:\\\/\\\/lospoliticosveracruz.com\\\/?p=146229#primaryimage\"},\"image\":{\"@id\":\"https:\\\/\\\/lospoliticosveracruz.com\\\/?p=146229#primaryimage\"},\"thumbnailUrl\":\"https:\\\/\\\/lospoliticosveracruz.com\\\/wp-content\\\/uploads\\\/2025\\\/04\\\/Carlos-Miguel-Acosta-Bravo.jpg\",\"datePublished\":\"2025-06-02T02:06:05+00:00\",\"dateModified\":\"2025-06-02T02:06:18+00:00\",\"breadcrumb\":{\"@id\":\"https:\\\/\\\/lospoliticosveracruz.com\\\/?p=146229#breadcrumb\"},\"inLanguage\":\"es\",\"potentialAction\":[{\"@type\":\"ReadAction\",\"target\":[\"https:\\\/\\\/lospoliticosveracruz.com\\\/?p=146229\"]}]},{\"@type\":\"ImageObject\",\"inLanguage\":\"es\",\"@id\":\"https:\\\/\\\/lospoliticosveracruz.com\\\/?p=146229#primaryimage\",\"url\":\"https:\\\/\\\/lospoliticosveracruz.com\\\/wp-content\\\/uploads\\\/2025\\\/04\\\/Carlos-Miguel-Acosta-Bravo.jpg\",\"contentUrl\":\"https:\\\/\\\/lospoliticosveracruz.com\\\/wp-content\\\/uploads\\\/2025\\\/04\\\/Carlos-Miguel-Acosta-Bravo.jpg\",\"width\":1250,\"height\":667},{\"@type\":\"BreadcrumbList\",\"@id\":\"https:\\\/\\\/lospoliticosveracruz.com\\\/?p=146229#breadcrumb\",\"itemListElement\":[{\"@type\":\"ListItem\",\"position\":1,\"name\":\"Portada\",\"item\":\"https:\\\/\\\/lospoliticosveracruz.com\\\/\"},{\"@type\":\"ListItem\",\"position\":2,\"name\":\"ELECCIONES VERACRUZANAS 2025\"}]},{\"@type\":\"WebSite\",\"@id\":\"https:\\\/\\\/lospoliticosveracruz.com\\\/#website\",\"url\":\"https:\\\/\\\/lospoliticosveracruz.com\\\/\",\"name\":\"Los pol\u00edticos Veracruz\",\"description\":\"\",\"publisher\":{\"@id\":\"https:\\\/\\\/lospoliticosveracruz.com\\\/#organization\"},\"potentialAction\":[{\"@type\":\"SearchAction\",\"target\":{\"@type\":\"EntryPoint\",\"urlTemplate\":\"https:\\\/\\\/lospoliticosveracruz.com\\\/?s={search_term_string}\"},\"query-input\":{\"@type\":\"PropertyValueSpecification\",\"valueRequired\":true,\"valueName\":\"search_term_string\"}}],\"inLanguage\":\"es\"},{\"@type\":\"Organization\",\"@id\":\"https:\\\/\\\/lospoliticosveracruz.com\\\/#organization\",\"name\":\"Los pol\u00edticos Veracruz\",\"url\":\"https:\\\/\\\/lospoliticosveracruz.com\\\/\",\"logo\":{\"@type\":\"ImageObject\",\"inLanguage\":\"es\",\"@id\":\"https:\\\/\\\/lospoliticosveracruz.com\\\/#\\\/schema\\\/logo\\\/image\\\/\",\"url\":\"https:\\\/\\\/lospoliticosveracruz.com\\\/wp-content\\\/uploads\\\/2025\\\/12\\\/Logo-Nuevo-LOS-POLITICOS-1.jpg\",\"contentUrl\":\"https:\\\/\\\/lospoliticosveracruz.com\\\/wp-content\\\/uploads\\\/2025\\\/12\\\/Logo-Nuevo-LOS-POLITICOS-1.jpg\",\"width\":260,\"height\":70,\"caption\":\"Los pol\u00edticos Veracruz\"},\"image\":{\"@id\":\"https:\\\/\\\/lospoliticosveracruz.com\\\/#\\\/schema\\\/logo\\\/image\\\/\"},\"sameAs\":[\"https:\\\/\\\/www.facebook.com\\\/people\\\/Notimemes-de-los-Polticos\\\/61565672886568\\\/\",\"https:\\\/\\\/x.com\\\/LosPoliticosVer\"]},{\"@type\":\"Person\",\"@id\":\"https:\\\/\\\/lospoliticosveracruz.com\\\/#\\\/schema\\\/person\\\/b8702bb0e538456e6efd07080bf2a4a2\",\"name\":\"Lo viste en Los Pol\u00edticos\",\"image\":{\"@type\":\"ImageObject\",\"inLanguage\":\"es\",\"@id\":\"https:\\\/\\\/secure.gravatar.com\\\/avatar\\\/3a8de04a2656d44082be478bd6c086daa447c4651605818287b9532d3d0bd435?s=96&d=mm&r=g\",\"url\":\"https:\\\/\\\/secure.gravatar.com\\\/avatar\\\/3a8de04a2656d44082be478bd6c086daa447c4651605818287b9532d3d0bd435?s=96&d=mm&r=g\",\"contentUrl\":\"https:\\\/\\\/secure.gravatar.com\\\/avatar\\\/3a8de04a2656d44082be478bd6c086daa447c4651605818287b9532d3d0bd435?s=96&d=mm&r=g\",\"caption\":\"Lo viste en Los Pol\u00edticos\"},\"url\":\"https:\\\/\\\/lospoliticosveracruz.com\\\/?author=2\"}]}<\/script>\n<!-- \/ Yoast SEO plugin. -->","yoast_head_json":{"title":"ELECCIONES VERACRUZANAS 2025 - Los pol\u00edticos Veracruz","robots":{"index":"index","follow":"follow","max-snippet":"max-snippet:-1","max-image-preview":"max-image-preview:large","max-video-preview":"max-video-preview:-1"},"canonical":"https:\/\/lospoliticosveracruz.com\/?p=146229","og_locale":"es_ES","og_type":"article","og_title":"ELECCIONES VERACRUZANAS 2025 - Los pol\u00edticos Veracruz","og_description":"Carlos Miguel Acosta Bravo &nbsp;Impronta Fue la elecci\u00f3n para elegir a los 212 alcaldes en Veracruz, este proceso fue caracterizado por un clima de violencia, escasa participaci\u00f3n en donde se registr\u00f3 la muerte de dos candidatos de Morena, as\u00ed como la renuncia de 405 candidatos a presidentes municipales, s\u00edndicos y regidores. De los hechos de [&hellip;]","og_url":"https:\/\/lospoliticosveracruz.com\/?p=146229","og_site_name":"Los pol\u00edticos Veracruz","article_publisher":"https:\/\/www.facebook.com\/people\/Notimemes-de-los-Polticos\/61565672886568\/","article_published_time":"2025-06-02T02:06:05+00:00","article_modified_time":"2025-06-02T02:06:18+00:00","og_image":[{"width":1250,"height":667,"url":"https:\/\/lospoliticosveracruz.com\/wp-content\/uploads\/2025\/04\/Carlos-Miguel-Acosta-Bravo.jpg","type":"image\/jpeg"}],"author":"Lo viste en Los Pol\u00edticos","twitter_card":"summary_large_image","twitter_creator":"@LosPoliticosVer","twitter_site":"@LosPoliticosVer","twitter_misc":{"Escrito por":"Lo viste en Los Pol\u00edticos","Tiempo de lectura":"3 minutos"},"schema":{"@context":"https:\/\/schema.org","@graph":[{"@type":"Article","@id":"https:\/\/lospoliticosveracruz.com\/?p=146229#article","isPartOf":{"@id":"https:\/\/lospoliticosveracruz.com\/?p=146229"},"author":{"name":"Lo viste en Los Pol\u00edticos","@id":"https:\/\/lospoliticosveracruz.com\/#\/schema\/person\/b8702bb0e538456e6efd07080bf2a4a2"},"headline":"ELECCIONES VERACRUZANAS 2025","datePublished":"2025-06-02T02:06:05+00:00","dateModified":"2025-06-02T02:06:18+00:00","mainEntityOfPage":{"@id":"https:\/\/lospoliticosveracruz.com\/?p=146229"},"wordCount":650,"publisher":{"@id":"https:\/\/lospoliticosveracruz.com\/#organization"},"image":{"@id":"https:\/\/lospoliticosveracruz.com\/?p=146229#primaryimage"},"thumbnailUrl":"https:\/\/lospoliticosveracruz.com\/wp-content\/uploads\/2025\/04\/Carlos-Miguel-Acosta-Bravo.jpg","articleSection":["De Opini\u00f3n"],"inLanguage":"es"},{"@type":"WebPage","@id":"https:\/\/lospoliticosveracruz.com\/?p=146229","url":"https:\/\/lospoliticosveracruz.com\/?p=146229","name":"ELECCIONES VERACRUZANAS 2025 - Los pol\u00edticos Veracruz","isPartOf":{"@id":"https:\/\/lospoliticosveracruz.com\/#website"},"primaryImageOfPage":{"@id":"https:\/\/lospoliticosveracruz.com\/?p=146229#primaryimage"},"image":{"@id":"https:\/\/lospoliticosveracruz.com\/?p=146229#primaryimage"},"thumbnailUrl":"https:\/\/lospoliticosveracruz.com\/wp-content\/uploads\/2025\/04\/Carlos-Miguel-Acosta-Bravo.jpg","datePublished":"2025-06-02T02:06:05+00:00","dateModified":"2025-06-02T02:06:18+00:00","breadcrumb":{"@id":"https:\/\/lospoliticosveracruz.com\/?p=146229#breadcrumb"},"inLanguage":"es","potentialAction":[{"@type":"ReadAction","target":["https:\/\/lospoliticosveracruz.com\/?p=146229"]}]},{"@type":"ImageObject","inLanguage":"es","@id":"https:\/\/lospoliticosveracruz.com\/?p=146229#primaryimage","url":"https:\/\/lospoliticosveracruz.com\/wp-content\/uploads\/2025\/04\/Carlos-Miguel-Acosta-Bravo.jpg","contentUrl":"https:\/\/lospoliticosveracruz.com\/wp-content\/uploads\/2025\/04\/Carlos-Miguel-Acosta-Bravo.jpg","width":1250,"height":667},{"@type":"BreadcrumbList","@id":"https:\/\/lospoliticosveracruz.com\/?p=146229#breadcrumb","itemListElement":[{"@type":"ListItem","position":1,"name":"Portada","item":"https:\/\/lospoliticosveracruz.com\/"},{"@type":"ListItem","position":2,"name":"ELECCIONES VERACRUZANAS 2025"}]},{"@type":"WebSite","@id":"https:\/\/lospoliticosveracruz.com\/#website","url":"https:\/\/lospoliticosveracruz.com\/","name":"Los pol\u00edticos Veracruz","description":"","publisher":{"@id":"https:\/\/lospoliticosveracruz.com\/#organization"},"potentialAction":[{"@type":"SearchAction","target":{"@type":"EntryPoint","urlTemplate":"https:\/\/lospoliticosveracruz.com\/?s={search_term_string}"},"query-input":{"@type":"PropertyValueSpecification","valueRequired":true,"valueName":"search_term_string"}}],"inLanguage":"es"},{"@type":"Organization","@id":"https:\/\/lospoliticosveracruz.com\/#organization","name":"Los pol\u00edticos Veracruz","url":"https:\/\/lospoliticosveracruz.com\/","logo":{"@type":"ImageObject","inLanguage":"es","@id":"https:\/\/lospoliticosveracruz.com\/#\/schema\/logo\/image\/","url":"https:\/\/lospoliticosveracruz.com\/wp-content\/uploads\/2025\/12\/Logo-Nuevo-LOS-POLITICOS-1.jpg","contentUrl":"https:\/\/lospoliticosveracruz.com\/wp-content\/uploads\/2025\/12\/Logo-Nuevo-LOS-POLITICOS-1.jpg","width":260,"height":70,"caption":"Los pol\u00edticos Veracruz"},"image":{"@id":"https:\/\/lospoliticosveracruz.com\/#\/schema\/logo\/image\/"},"sameAs":["https:\/\/www.facebook.com\/people\/Notimemes-de-los-Polticos\/61565672886568\/","https:\/\/x.com\/LosPoliticosVer"]},{"@type":"Person","@id":"https:\/\/lospoliticosveracruz.com\/#\/schema\/person\/b8702bb0e538456e6efd07080bf2a4a2","name":"Lo viste en Los Pol\u00edticos","image":{"@type":"ImageObject","inLanguage":"es","@id":"https:\/\/secure.gravatar.com\/avatar\/3a8de04a2656d44082be478bd6c086daa447c4651605818287b9532d3d0bd435?s=96&d=mm&r=g","url":"https:\/\/secure.gravatar.com\/avatar\/3a8de04a2656d44082be478bd6c086daa447c4651605818287b9532d3d0bd435?s=96&d=mm&r=g","contentUrl":"https:\/\/secure.gravatar.com\/avatar\/3a8de04a2656d44082be478bd6c086daa447c4651605818287b9532d3d0bd435?s=96&d=mm&r=g","caption":"Lo viste en Los Pol\u00edticos"},"url":"https:\/\/lospoliticosveracruz.com\/?author=2"}]}},"_links":{"self":[{"href":"https:\/\/lospoliticosveracruz.com\/index.php?rest_route=\/wp\/v2\/posts\/146229","targetHints":{"allow":["GET"]}}],"collection":[{"href":"https:\/\/lospoliticosveracruz.com\/index.php?rest_route=\/wp\/v2\/posts"}],"about":[{"href":"https:\/\/lospoliticosveracruz.com\/index.php?rest_route=\/wp\/v2\/types\/post"}],"author":[{"embeddable":true,"href":"https:\/\/lospoliticosveracruz.com\/index.php?rest_route=\/wp\/v2\/users\/2"}],"replies":[{"embeddable":true,"href":"https:\/\/lospoliticosveracruz.com\/index.php?rest_route=%2Fwp%2Fv2%2Fcomments&post=146229"}],"version-history":[{"count":2,"href":"https:\/\/lospoliticosveracruz.com\/index.php?rest_route=\/wp\/v2\/posts\/146229\/revisions"}],"predecessor-version":[{"id":146231,"href":"https:\/\/lospoliticosveracruz.com\/index.php?rest_route=\/wp\/v2\/posts\/146229\/revisions\/146231"}],"wp:featuredmedia":[{"embeddable":true,"href":"https:\/\/lospoliticosveracruz.com\/index.php?rest_route=\/wp\/v2\/media\/141377"}],"wp:attachment":[{"href":"https:\/\/lospoliticosveracruz.com\/index.php?rest_route=%2Fwp%2Fv2%2Fmedia&parent=146229"}],"wp:term":[{"taxonomy":"category","embeddable":true,"href":"https:\/\/lospoliticosveracruz.com\/index.php?rest_route=%2Fwp%2Fv2%2Fcategories&post=146229"},{"taxonomy":"post_tag","embeddable":true,"href":"https:\/\/lospoliticosveracruz.com\/index.php?rest_route=%2Fwp%2Fv2%2Ftags&post=146229"}],"curies":[{"name":"wp","href":"https:\/\/api.w.org\/{rel}","templated":true}]}}