{"id":146317,"date":"2025-06-03T00:21:12","date_gmt":"2025-06-03T05:21:12","guid":{"rendered":"https:\/\/lospoliticosveracruz.com.mx\/?p=146317"},"modified":"2025-06-03T00:21:44","modified_gmt":"2025-06-03T05:21:44","slug":"eleccion-2025-en-veracruz-3","status":"publish","type":"post","link":"https:\/\/lospoliticosveracruz.com\/?p=146317","title":{"rendered":"ELECCI\u00d3N 2025 EN VERACRUZ"},"content":{"rendered":"\n\n\n<p><strong>Jos\u00e9 Luis Ortega Vidal<\/strong><br><em>Claroscuros<\/em><\/p>\n\n\n\n<p>(1)<br>El pasado martes 22 de abril publiqu\u00e9 CLAROSCUROS bajo el subt\u00edtulo:<\/p>\n\n\n\n<p>Elecci\u00f3n 2025 en Veracruz: la importancia de los vaticinios a partir de n\u00fameros<\/p>\n\n\n\n<p>En el argumento (1) de aquel texto, se lee:<\/p>\n\n\n\n<p>\u201cExisten encuestas seg\u00fan las cuales MORENA se alzar\u00eda con el triunfo -sin problemas- en los municipios de Coatzacoalcos, con Pedro Miguel Rosaldo; Minatitl\u00e1n, con Guillermo Reyes Espronceda; Veracruz, con Rosa Mar\u00eda Hern\u00e1ndez Espejo; Xalapa, con Daniela Guadalupe Griego Ceballos y Poza Rica, con Adanely Rodr\u00edguez Rodr\u00edguez.<br>A su vez, el PRI -se da por hecho hasta entre morenistas- se quedar\u00eda con la plaza de Cosoleacaque v\u00eda su candidato Cirilo V\u00e1zquez Parissi\u2026<br>Un priismo optimista a\u00f1ade para su causa la hermosa Pluviosilla, esto es Orizaba, municipio clave -por donde se le observe y analice- en la zona de las altas monta\u00f1as veracruzanas. Ah\u00ed el abanderado tricolor es Hugo Chah\u00edn Kuri.<br>El PAN obtendr\u00eda el triunfo en Boca del R\u00edo con Mar\u00eda Jos\u00e9 Gamboa Torales, militante azul.\u201d<\/p>\n\n\n\n<p>En torno al vaticinio, los resultados de la elecci\u00f3n del domingo coinciden con los triunfos de MORENA en Coatzacoalcos, Minatitl\u00e1n, Xalapa y Veracruz\u2026<br>Tambi\u00e9n hay coincidencia con el \u00e9xito del PRI en Cosoleacaque y Orizaba; mientras que el resultado en Boca del R\u00edo a\u00fan no se define y ah\u00ed a lucha electoral entre el PAN y MORENA podr\u00eda terminar en tribunales\u2026<br>Fall\u00f3 un vaticinio: el de Poza Rica del Hidalgo, donde el triunfador es el candidato de Movimiento Ciudadano, Emilio Olvera Andrade, con una diferencia superior a los 2 mil 400 votos por arriba de los obtenidos por Adanely Rodr\u00edguez Rodr\u00edguez, de MORENA.<\/p>\n\n\n\n<p>(2)<br>En el argumento (2) del CLAROSCUROS de marras, anot\u00e9:<\/p>\n\n\n\n<p>\u201cDe acuerdo al INEGI, al 2020 el estado de Veracruz contaba con 8 millones 062 mil 579 habitantes.<br>De ratificarse los vaticinios de las encuestas, MORENA acceder\u00eda a gobernar:<\/p>\n\n\n\n<ul class=\"wp-block-list\">\n<li>310 mil 700 habitantes de Coatzacoalcos<\/li>\n\n\n\n<li>144 mil 776 ciudadanos de Minatitl\u00e1n<\/li>\n\n\n\n<li>607 mil 209 vecinos de Veracruz<\/li>\n\n\n\n<li>488 mil 530 xalape\u00f1os<\/li>\n\n\n\n<li>189 mil 457 pozarricenses<\/li>\n<\/ul>\n\n\n\n<p>Suma: 1 mill\u00f3n 740 mil 672 veracruzanos; quienes quedar\u00edan en la l\u00ednea de mando oficial morenista de los tres niveles de gobierno: desde el municipal y el estatal hasta el federal.<br>Ello, nom\u00e1s con los triunfos que se consideran seguros en cinco de los catorce municipios con mayor poblaci\u00f3n de Veracruz; a los que se sumar\u00edan docenas de victorias guindas m\u00e1s.<br>Hablamos de alrededor del 22 % de la poblaci\u00f3n de nuestra entidad, de acuerdo a un acercamiento basado en encuestas difundidas por partidos y otras de orden privado a las que este columnista tuvo acceso.<br>Otros municipios con poblaciones que rebasan los 100 mil habitantes y donde MORENA ganar\u00eda, son:<\/p>\n\n\n\n<ul class=\"wp-block-list\">\n<li>San Andr\u00e9s Tuxtla con 162 mil 430 personas<\/li>\n\n\n\n<li>Papantla con 159 mil 910<\/li>\n<\/ul>\n\n\n\n<p>De sumarlos, MORENA rebasar\u00eda los dos millones de ciudadanos -poco m\u00e1s del 25 % de la poblaci\u00f3n total de Veracruz- bajo sus alforjas de gobierno, triunfando apenas en siete ayuntamientos.\u201d<br>Una vez m\u00e1s, los resultados del domingo enmiendan la plana al columnista:<br>El candidato de MORENA en San Andr\u00e9s Tuxtla, Rafael Fararoni Maga\u00f1a, s\u00ed obtuvo el triunfo; pero en el caso de Papantla el triunfador es Mariano Romero Gonz\u00e1lez, de Movimiento Ciudadano, de acuerdo al PREP del OPLE veracruzano.<br>Plasmado en n\u00fameros, CLAROSCUROS del 22 de abril ubic\u00f3 un 25 % de la poblaci\u00f3n veracruzana que ser\u00eda gobernada por MORENA conforme a los vaticinios \u2013basados en diversas encuestas p\u00fablicas- sobre los comicios del primero de junio.<br>Este porcentaje se refiri\u00f3 a una lista de municipios muy espec\u00edfica y ya compartida l\u00edneas atr\u00e1s.<br>Al perder MORENA los municipios de Poza Rica y Papantla, ser\u00e1 Movimiento Ciudadano el partido que gobierne las poblaciones de 189 mil 457 pozarricenses y 159 mil 910 papantecos; todos ubicados en la zona centro norte de la entidad.<\/p>\n\n\n\n<p>(3)<br>Ahora bien, el 22 de abril, en el argumento (3) de CLAROSCUROS se lee:<\/p>\n\n\n\n<p>\u201cMORENA enfrentar\u00eda problemas para ganar -aunque quiz\u00e1 gane- en C\u00f3rdoba y Tuxpan.<br>C\u00f3rdoba cuenta con 204 072 habitantes; lo que le convierte en el cuarto municipio m\u00e1s poblado de Veracruz; condici\u00f3n en la cual rebas\u00f3 a Poza Rica y s\u00f3lo se ubica debajo de Veracruz, Xalapa y Coatzacoalcos.<br>En Tuxpan viven 161 mil 830 ciudadanos; por lo tanto, es el s\u00e9ptimo municipio con mayor densidad poblacional, despu\u00e9s de Poza Rica y San Andr\u00e9s Tuxtla, al tiempo de rebasar a Minatitl\u00e1n y Boca del R\u00edo que ocupan los puestos nueve y diez en la lista de los catorce m\u00e1s poblados.\u201d<\/p>\n\n\n\n<p>He aqu\u00ed que MORENA obtuvo sendos triunfos en C\u00f3rdoba y Tuxpan de Rodr\u00edguez Cano, lo que en t\u00e9rminos pr\u00e1cticos representa un relevo \u2013m\u00e1s-menos- de los habitantes de Poza Rica y Papantla que finalmente gobernar\u00e1 Movimiento Ciudadano.<br>Hasta aqu\u00ed un acercamiento a un escenario donde la demograf\u00eda general se vincula a la poblaci\u00f3n espec\u00edfica gobernada por una fuerza institucional de uno o m\u00e1s partidos pol\u00edticos.<br>El dato es importante porque nos remite a escenarios de poder clave en el presente y futuro mediato de la compleja realidad veracruzana.<br>Me explico: MORENA es el partido de la gobernadora Roc\u00edo Nahle Garc\u00eda y de la presidenta Claudia Sheinbaum y para ambas figuras resulta esencial consolidar lo que ellas y su partido han dado en llamar el segundo piso de la 4T o Cuarta Transformaci\u00f3n.<br>Dicha consolidaci\u00f3n pasa por una mayor\u00eda en el Congreso de la Uni\u00f3n, as\u00ed como en gubernaturas, congresos locales y municipios; lo cual mantienen hasta el momento\u2026<br>Veracruz representa la cuarta reserva electoral del pa\u00eds, s\u00f3lo despu\u00e9s del Estado de M\u00e9xico, la ciudad de M\u00e9xico y Jalisco.<br>De acuerdo al comparativo de triunfos previstos en el CLAROSCUROS del 22 de abril y los resultados de la elecci\u00f3n del domingo primero de junio -municipio por municipio- MORENA obtuvo una de sus metas previstas: es suyo el mayor n\u00famero de Ayuntamientos con m\u00e1s de 600 mil (Veracruz), 400 mil (Xalapa), 300 mil (Coatzacoalcos), y 200 mil (C\u00f3rdoba) habitantes en la entidad.<br>En tanto que, de los municipios con m\u00e1s de 150 mil habitantes, MORENA se queda con San Andr\u00e9s Tuxtla y Tuxpan de Rodr\u00edguez Cano; mientras pierde Poza Rica y Papantla.<br>Luego, tenemos los municipios con m\u00e1s de 100 mil habitantes y en este caso el PRI se ha quedado con Cosoleacaque y Orizaba, mientras el PAN disputa f\u00e9rreamente Boca del R\u00edo.<\/p>\n\n\n\n<p>(4)<br>\u00bfCu\u00e1les fueron las otras metas de MORENA durante los comicios del primero de junio?<br>Una de ellas: ganar la mayor cantidad de municipios posible, incluyendo muy grandes, grandes, medianos, chicos y muy chicos.<br>En una narrativa sobre n\u00famero de municipios ganados, sin importar la cantidad de habitantes, se cuentan el de Landero y Coss \u2013con 1 mil 593 habitantes- y Veracruz -con 607 mil 209 habitantes-.<br>Le informo: en el municipio de Landero y Coss, el m\u00e1s peque\u00f1o de la entidad veracruzana, gan\u00f3 el PRI con su candidato Pedro Dom\u00ednguez Garc\u00eda que obtuvo 580 votos.<br>Y ya en el conteo total de municipios a favor o en contra: MORENA gan\u00f3, por s\u00ed solo, apenas 11 en once municipios \u2013ya dijimos que se incluyen lo m\u00e1s cuatro m\u00e1s grandes y dos de los medianos-; mientras que su aliado el PVEM obtuvo 13 triunfos y la alianza Sigamos Haciendo Historia MORENA (PVEM) se alz\u00f3 con 60 municipios para su causa.<br>As\u00ed las cosas MORENA y PVEM gobernar\u00e1n en 84 municipios de Veracruz, mientras la oposici\u00f3n ser\u00e1 gobierno en m\u00e1s de 120 municipios; esto, tomando en cuenta que hay resultados a\u00fan en duda\u2026<\/p>\n\n\n\n<p>(5)<br>En concreto, el domingo primero de junio MORENA y la 4T sufrieron un significativo descalabro electoral al sonoro ritmo de la bamba\u2026<\/p>\n\n\n\n<p><br>CONTINUAR\u00c1<\/p>\n","protected":false},"excerpt":{"rendered":"<p>Jos\u00e9 Luis Ortega VidalClaroscuros (1)El pasado martes 22 de abril publiqu\u00e9 CLAROSCUROS bajo el subt\u00edtulo: Elecci\u00f3n 2025 en Veracruz: la importancia de los vaticinios a partir de n\u00fameros En el argumento (1) de aquel texto, se lee: \u201cExisten encuestas seg\u00fan las cuales MORENA se alzar\u00eda con el triunfo -sin problemas- en los municipios de Coatzacoalcos, [&hellip;]<\/p>\n","protected":false},"author":2,"featured_media":141392,"comment_status":"closed","ping_status":"closed","sticky":false,"template":"","format":"standard","meta":{"tdm_status":"","tdm_grid_status":"","footnotes":""},"categories":[70],"tags":[1026,3578,195,96],"class_list":{"0":"post-146317","1":"post","2":"type-post","3":"status-publish","4":"format-standard","5":"has-post-thumbnail","7":"category-de-opinion","8":"tag-morena","9":"tag-rocio-nahle","10":"tag-veracruz","11":"tag-xalapa"},"yoast_head":"<!-- This site is optimized with the Yoast SEO plugin v27.4 - https:\/\/yoast.com\/product\/yoast-seo-wordpress\/ -->\n<title>ELECCI\u00d3N 2025 EN VERACRUZ - Los pol\u00edticos Veracruz<\/title>\n<meta name=\"robots\" content=\"index, follow, max-snippet:-1, max-image-preview:large, max-video-preview:-1\" \/>\n<link rel=\"canonical\" href=\"https:\/\/lospoliticosveracruz.com\/?p=146317\" \/>\n<meta property=\"og:locale\" content=\"es_ES\" \/>\n<meta property=\"og:type\" content=\"article\" \/>\n<meta property=\"og:title\" content=\"ELECCI\u00d3N 2025 EN VERACRUZ - Los pol\u00edticos Veracruz\" \/>\n<meta property=\"og:description\" content=\"Jos\u00e9 Luis Ortega VidalClaroscuros (1)El pasado martes 22 de abril publiqu\u00e9 CLAROSCUROS bajo el subt\u00edtulo: Elecci\u00f3n 2025 en Veracruz: la importancia de los vaticinios a partir de n\u00fameros En el argumento (1) de aquel texto, se lee: \u201cExisten encuestas seg\u00fan las cuales MORENA se alzar\u00eda con el triunfo -sin problemas- en los municipios de Coatzacoalcos, [&hellip;]\" \/>\n<meta property=\"og:url\" content=\"https:\/\/lospoliticosveracruz.com\/?p=146317\" \/>\n<meta property=\"og:site_name\" content=\"Los pol\u00edticos Veracruz\" \/>\n<meta property=\"article:publisher\" content=\"https:\/\/www.facebook.com\/people\/Notimemes-de-los-Polticos\/61565672886568\/\" \/>\n<meta property=\"article:published_time\" content=\"2025-06-03T05:21:12+00:00\" \/>\n<meta property=\"article:modified_time\" content=\"2025-06-03T05:21:44+00:00\" \/>\n<meta property=\"og:image\" content=\"https:\/\/lospoliticosveracruz.com\/wp-content\/uploads\/2025\/04\/Jose-Luis-Ortega-Vidal.jpg\" \/>\n\t<meta property=\"og:image:width\" content=\"1250\" \/>\n\t<meta property=\"og:image:height\" content=\"667\" \/>\n\t<meta property=\"og:image:type\" content=\"image\/jpeg\" \/>\n<meta name=\"author\" content=\"Lo viste en Los Pol\u00edticos\" \/>\n<meta name=\"twitter:card\" content=\"summary_large_image\" \/>\n<meta name=\"twitter:creator\" content=\"@LosPoliticosVer\" \/>\n<meta name=\"twitter:site\" content=\"@LosPoliticosVer\" \/>\n<meta name=\"twitter:label1\" content=\"Escrito por\" \/>\n\t<meta name=\"twitter:data1\" content=\"Lo viste en Los Pol\u00edticos\" \/>\n\t<meta name=\"twitter:label2\" content=\"Tiempo de lectura\" \/>\n\t<meta name=\"twitter:data2\" content=\"6 minutos\" \/>\n<script type=\"application\/ld+json\" class=\"yoast-schema-graph\">{\"@context\":\"https:\\\/\\\/schema.org\",\"@graph\":[{\"@type\":\"Article\",\"@id\":\"https:\\\/\\\/lospoliticosveracruz.com\\\/?p=146317#article\",\"isPartOf\":{\"@id\":\"https:\\\/\\\/lospoliticosveracruz.com\\\/?p=146317\"},\"author\":{\"name\":\"Lo viste en Los Pol\u00edticos\",\"@id\":\"https:\\\/\\\/lospoliticosveracruz.com\\\/#\\\/schema\\\/person\\\/b8702bb0e538456e6efd07080bf2a4a2\"},\"headline\":\"ELECCI\u00d3N 2025 EN VERACRUZ\",\"datePublished\":\"2025-06-03T05:21:12+00:00\",\"dateModified\":\"2025-06-03T05:21:44+00:00\",\"mainEntityOfPage\":{\"@id\":\"https:\\\/\\\/lospoliticosveracruz.com\\\/?p=146317\"},\"wordCount\":1302,\"publisher\":{\"@id\":\"https:\\\/\\\/lospoliticosveracruz.com\\\/#organization\"},\"image\":{\"@id\":\"https:\\\/\\\/lospoliticosveracruz.com\\\/?p=146317#primaryimage\"},\"thumbnailUrl\":\"https:\\\/\\\/lospoliticosveracruz.com\\\/wp-content\\\/uploads\\\/2025\\\/04\\\/Jose-Luis-Ortega-Vidal.jpg\",\"keywords\":[\"Morena\",\"Roc\u00edo Nahle\",\"Veracruz\",\"Xalapa\"],\"articleSection\":[\"De Opini\u00f3n\"],\"inLanguage\":\"es\"},{\"@type\":\"WebPage\",\"@id\":\"https:\\\/\\\/lospoliticosveracruz.com\\\/?p=146317\",\"url\":\"https:\\\/\\\/lospoliticosveracruz.com\\\/?p=146317\",\"name\":\"ELECCI\u00d3N 2025 EN VERACRUZ - Los pol\u00edticos Veracruz\",\"isPartOf\":{\"@id\":\"https:\\\/\\\/lospoliticosveracruz.com\\\/#website\"},\"primaryImageOfPage\":{\"@id\":\"https:\\\/\\\/lospoliticosveracruz.com\\\/?p=146317#primaryimage\"},\"image\":{\"@id\":\"https:\\\/\\\/lospoliticosveracruz.com\\\/?p=146317#primaryimage\"},\"thumbnailUrl\":\"https:\\\/\\\/lospoliticosveracruz.com\\\/wp-content\\\/uploads\\\/2025\\\/04\\\/Jose-Luis-Ortega-Vidal.jpg\",\"datePublished\":\"2025-06-03T05:21:12+00:00\",\"dateModified\":\"2025-06-03T05:21:44+00:00\",\"breadcrumb\":{\"@id\":\"https:\\\/\\\/lospoliticosveracruz.com\\\/?p=146317#breadcrumb\"},\"inLanguage\":\"es\",\"potentialAction\":[{\"@type\":\"ReadAction\",\"target\":[\"https:\\\/\\\/lospoliticosveracruz.com\\\/?p=146317\"]}]},{\"@type\":\"ImageObject\",\"inLanguage\":\"es\",\"@id\":\"https:\\\/\\\/lospoliticosveracruz.com\\\/?p=146317#primaryimage\",\"url\":\"https:\\\/\\\/lospoliticosveracruz.com\\\/wp-content\\\/uploads\\\/2025\\\/04\\\/Jose-Luis-Ortega-Vidal.jpg\",\"contentUrl\":\"https:\\\/\\\/lospoliticosveracruz.com\\\/wp-content\\\/uploads\\\/2025\\\/04\\\/Jose-Luis-Ortega-Vidal.jpg\",\"width\":1250,\"height\":667},{\"@type\":\"BreadcrumbList\",\"@id\":\"https:\\\/\\\/lospoliticosveracruz.com\\\/?p=146317#breadcrumb\",\"itemListElement\":[{\"@type\":\"ListItem\",\"position\":1,\"name\":\"Portada\",\"item\":\"https:\\\/\\\/lospoliticosveracruz.com\\\/\"},{\"@type\":\"ListItem\",\"position\":2,\"name\":\"ELECCI\u00d3N 2025 EN VERACRUZ\"}]},{\"@type\":\"WebSite\",\"@id\":\"https:\\\/\\\/lospoliticosveracruz.com\\\/#website\",\"url\":\"https:\\\/\\\/lospoliticosveracruz.com\\\/\",\"name\":\"Los pol\u00edticos Veracruz\",\"description\":\"\",\"publisher\":{\"@id\":\"https:\\\/\\\/lospoliticosveracruz.com\\\/#organization\"},\"potentialAction\":[{\"@type\":\"SearchAction\",\"target\":{\"@type\":\"EntryPoint\",\"urlTemplate\":\"https:\\\/\\\/lospoliticosveracruz.com\\\/?s={search_term_string}\"},\"query-input\":{\"@type\":\"PropertyValueSpecification\",\"valueRequired\":true,\"valueName\":\"search_term_string\"}}],\"inLanguage\":\"es\"},{\"@type\":\"Organization\",\"@id\":\"https:\\\/\\\/lospoliticosveracruz.com\\\/#organization\",\"name\":\"Los pol\u00edticos Veracruz\",\"url\":\"https:\\\/\\\/lospoliticosveracruz.com\\\/\",\"logo\":{\"@type\":\"ImageObject\",\"inLanguage\":\"es\",\"@id\":\"https:\\\/\\\/lospoliticosveracruz.com\\\/#\\\/schema\\\/logo\\\/image\\\/\",\"url\":\"https:\\\/\\\/lospoliticosveracruz.com\\\/wp-content\\\/uploads\\\/2025\\\/12\\\/Logo-Nuevo-LOS-POLITICOS-1.jpg\",\"contentUrl\":\"https:\\\/\\\/lospoliticosveracruz.com\\\/wp-content\\\/uploads\\\/2025\\\/12\\\/Logo-Nuevo-LOS-POLITICOS-1.jpg\",\"width\":260,\"height\":70,\"caption\":\"Los pol\u00edticos Veracruz\"},\"image\":{\"@id\":\"https:\\\/\\\/lospoliticosveracruz.com\\\/#\\\/schema\\\/logo\\\/image\\\/\"},\"sameAs\":[\"https:\\\/\\\/www.facebook.com\\\/people\\\/Notimemes-de-los-Polticos\\\/61565672886568\\\/\",\"https:\\\/\\\/x.com\\\/LosPoliticosVer\"]},{\"@type\":\"Person\",\"@id\":\"https:\\\/\\\/lospoliticosveracruz.com\\\/#\\\/schema\\\/person\\\/b8702bb0e538456e6efd07080bf2a4a2\",\"name\":\"Lo viste en Los Pol\u00edticos\",\"image\":{\"@type\":\"ImageObject\",\"inLanguage\":\"es\",\"@id\":\"https:\\\/\\\/secure.gravatar.com\\\/avatar\\\/3a8de04a2656d44082be478bd6c086daa447c4651605818287b9532d3d0bd435?s=96&d=mm&r=g\",\"url\":\"https:\\\/\\\/secure.gravatar.com\\\/avatar\\\/3a8de04a2656d44082be478bd6c086daa447c4651605818287b9532d3d0bd435?s=96&d=mm&r=g\",\"contentUrl\":\"https:\\\/\\\/secure.gravatar.com\\\/avatar\\\/3a8de04a2656d44082be478bd6c086daa447c4651605818287b9532d3d0bd435?s=96&d=mm&r=g\",\"caption\":\"Lo viste en Los Pol\u00edticos\"},\"url\":\"https:\\\/\\\/lospoliticosveracruz.com\\\/?author=2\"}]}<\/script>\n<!-- \/ Yoast SEO plugin. -->","yoast_head_json":{"title":"ELECCI\u00d3N 2025 EN VERACRUZ - Los pol\u00edticos Veracruz","robots":{"index":"index","follow":"follow","max-snippet":"max-snippet:-1","max-image-preview":"max-image-preview:large","max-video-preview":"max-video-preview:-1"},"canonical":"https:\/\/lospoliticosveracruz.com\/?p=146317","og_locale":"es_ES","og_type":"article","og_title":"ELECCI\u00d3N 2025 EN VERACRUZ - Los pol\u00edticos Veracruz","og_description":"Jos\u00e9 Luis Ortega VidalClaroscuros (1)El pasado martes 22 de abril publiqu\u00e9 CLAROSCUROS bajo el subt\u00edtulo: Elecci\u00f3n 2025 en Veracruz: la importancia de los vaticinios a partir de n\u00fameros En el argumento (1) de aquel texto, se lee: \u201cExisten encuestas seg\u00fan las cuales MORENA se alzar\u00eda con el triunfo -sin problemas- en los municipios de Coatzacoalcos, [&hellip;]","og_url":"https:\/\/lospoliticosveracruz.com\/?p=146317","og_site_name":"Los pol\u00edticos Veracruz","article_publisher":"https:\/\/www.facebook.com\/people\/Notimemes-de-los-Polticos\/61565672886568\/","article_published_time":"2025-06-03T05:21:12+00:00","article_modified_time":"2025-06-03T05:21:44+00:00","og_image":[{"width":1250,"height":667,"url":"https:\/\/lospoliticosveracruz.com\/wp-content\/uploads\/2025\/04\/Jose-Luis-Ortega-Vidal.jpg","type":"image\/jpeg"}],"author":"Lo viste en Los Pol\u00edticos","twitter_card":"summary_large_image","twitter_creator":"@LosPoliticosVer","twitter_site":"@LosPoliticosVer","twitter_misc":{"Escrito por":"Lo viste en Los Pol\u00edticos","Tiempo de lectura":"6 minutos"},"schema":{"@context":"https:\/\/schema.org","@graph":[{"@type":"Article","@id":"https:\/\/lospoliticosveracruz.com\/?p=146317#article","isPartOf":{"@id":"https:\/\/lospoliticosveracruz.com\/?p=146317"},"author":{"name":"Lo viste en Los Pol\u00edticos","@id":"https:\/\/lospoliticosveracruz.com\/#\/schema\/person\/b8702bb0e538456e6efd07080bf2a4a2"},"headline":"ELECCI\u00d3N 2025 EN VERACRUZ","datePublished":"2025-06-03T05:21:12+00:00","dateModified":"2025-06-03T05:21:44+00:00","mainEntityOfPage":{"@id":"https:\/\/lospoliticosveracruz.com\/?p=146317"},"wordCount":1302,"publisher":{"@id":"https:\/\/lospoliticosveracruz.com\/#organization"},"image":{"@id":"https:\/\/lospoliticosveracruz.com\/?p=146317#primaryimage"},"thumbnailUrl":"https:\/\/lospoliticosveracruz.com\/wp-content\/uploads\/2025\/04\/Jose-Luis-Ortega-Vidal.jpg","keywords":["Morena","Roc\u00edo Nahle","Veracruz","Xalapa"],"articleSection":["De Opini\u00f3n"],"inLanguage":"es"},{"@type":"WebPage","@id":"https:\/\/lospoliticosveracruz.com\/?p=146317","url":"https:\/\/lospoliticosveracruz.com\/?p=146317","name":"ELECCI\u00d3N 2025 EN VERACRUZ - Los pol\u00edticos Veracruz","isPartOf":{"@id":"https:\/\/lospoliticosveracruz.com\/#website"},"primaryImageOfPage":{"@id":"https:\/\/lospoliticosveracruz.com\/?p=146317#primaryimage"},"image":{"@id":"https:\/\/lospoliticosveracruz.com\/?p=146317#primaryimage"},"thumbnailUrl":"https:\/\/lospoliticosveracruz.com\/wp-content\/uploads\/2025\/04\/Jose-Luis-Ortega-Vidal.jpg","datePublished":"2025-06-03T05:21:12+00:00","dateModified":"2025-06-03T05:21:44+00:00","breadcrumb":{"@id":"https:\/\/lospoliticosveracruz.com\/?p=146317#breadcrumb"},"inLanguage":"es","potentialAction":[{"@type":"ReadAction","target":["https:\/\/lospoliticosveracruz.com\/?p=146317"]}]},{"@type":"ImageObject","inLanguage":"es","@id":"https:\/\/lospoliticosveracruz.com\/?p=146317#primaryimage","url":"https:\/\/lospoliticosveracruz.com\/wp-content\/uploads\/2025\/04\/Jose-Luis-Ortega-Vidal.jpg","contentUrl":"https:\/\/lospoliticosveracruz.com\/wp-content\/uploads\/2025\/04\/Jose-Luis-Ortega-Vidal.jpg","width":1250,"height":667},{"@type":"BreadcrumbList","@id":"https:\/\/lospoliticosveracruz.com\/?p=146317#breadcrumb","itemListElement":[{"@type":"ListItem","position":1,"name":"Portada","item":"https:\/\/lospoliticosveracruz.com\/"},{"@type":"ListItem","position":2,"name":"ELECCI\u00d3N 2025 EN VERACRUZ"}]},{"@type":"WebSite","@id":"https:\/\/lospoliticosveracruz.com\/#website","url":"https:\/\/lospoliticosveracruz.com\/","name":"Los pol\u00edticos Veracruz","description":"","publisher":{"@id":"https:\/\/lospoliticosveracruz.com\/#organization"},"potentialAction":[{"@type":"SearchAction","target":{"@type":"EntryPoint","urlTemplate":"https:\/\/lospoliticosveracruz.com\/?s={search_term_string}"},"query-input":{"@type":"PropertyValueSpecification","valueRequired":true,"valueName":"search_term_string"}}],"inLanguage":"es"},{"@type":"Organization","@id":"https:\/\/lospoliticosveracruz.com\/#organization","name":"Los pol\u00edticos Veracruz","url":"https:\/\/lospoliticosveracruz.com\/","logo":{"@type":"ImageObject","inLanguage":"es","@id":"https:\/\/lospoliticosveracruz.com\/#\/schema\/logo\/image\/","url":"https:\/\/lospoliticosveracruz.com\/wp-content\/uploads\/2025\/12\/Logo-Nuevo-LOS-POLITICOS-1.jpg","contentUrl":"https:\/\/lospoliticosveracruz.com\/wp-content\/uploads\/2025\/12\/Logo-Nuevo-LOS-POLITICOS-1.jpg","width":260,"height":70,"caption":"Los pol\u00edticos Veracruz"},"image":{"@id":"https:\/\/lospoliticosveracruz.com\/#\/schema\/logo\/image\/"},"sameAs":["https:\/\/www.facebook.com\/people\/Notimemes-de-los-Polticos\/61565672886568\/","https:\/\/x.com\/LosPoliticosVer"]},{"@type":"Person","@id":"https:\/\/lospoliticosveracruz.com\/#\/schema\/person\/b8702bb0e538456e6efd07080bf2a4a2","name":"Lo viste en Los Pol\u00edticos","image":{"@type":"ImageObject","inLanguage":"es","@id":"https:\/\/secure.gravatar.com\/avatar\/3a8de04a2656d44082be478bd6c086daa447c4651605818287b9532d3d0bd435?s=96&d=mm&r=g","url":"https:\/\/secure.gravatar.com\/avatar\/3a8de04a2656d44082be478bd6c086daa447c4651605818287b9532d3d0bd435?s=96&d=mm&r=g","contentUrl":"https:\/\/secure.gravatar.com\/avatar\/3a8de04a2656d44082be478bd6c086daa447c4651605818287b9532d3d0bd435?s=96&d=mm&r=g","caption":"Lo viste en Los Pol\u00edticos"},"url":"https:\/\/lospoliticosveracruz.com\/?author=2"}]}},"_links":{"self":[{"href":"https:\/\/lospoliticosveracruz.com\/index.php?rest_route=\/wp\/v2\/posts\/146317","targetHints":{"allow":["GET"]}}],"collection":[{"href":"https:\/\/lospoliticosveracruz.com\/index.php?rest_route=\/wp\/v2\/posts"}],"about":[{"href":"https:\/\/lospoliticosveracruz.com\/index.php?rest_route=\/wp\/v2\/types\/post"}],"author":[{"embeddable":true,"href":"https:\/\/lospoliticosveracruz.com\/index.php?rest_route=\/wp\/v2\/users\/2"}],"replies":[{"embeddable":true,"href":"https:\/\/lospoliticosveracruz.com\/index.php?rest_route=%2Fwp%2Fv2%2Fcomments&post=146317"}],"version-history":[{"count":1,"href":"https:\/\/lospoliticosveracruz.com\/index.php?rest_route=\/wp\/v2\/posts\/146317\/revisions"}],"predecessor-version":[{"id":146319,"href":"https:\/\/lospoliticosveracruz.com\/index.php?rest_route=\/wp\/v2\/posts\/146317\/revisions\/146319"}],"wp:featuredmedia":[{"embeddable":true,"href":"https:\/\/lospoliticosveracruz.com\/index.php?rest_route=\/wp\/v2\/media\/141392"}],"wp:attachment":[{"href":"https:\/\/lospoliticosveracruz.com\/index.php?rest_route=%2Fwp%2Fv2%2Fmedia&parent=146317"}],"wp:term":[{"taxonomy":"category","embeddable":true,"href":"https:\/\/lospoliticosveracruz.com\/index.php?rest_route=%2Fwp%2Fv2%2Fcategories&post=146317"},{"taxonomy":"post_tag","embeddable":true,"href":"https:\/\/lospoliticosveracruz.com\/index.php?rest_route=%2Fwp%2Fv2%2Ftags&post=146317"}],"curies":[{"name":"wp","href":"https:\/\/api.w.org\/{rel}","templated":true}]}}