{"id":146318,"date":"2025-06-03T00:22:53","date_gmt":"2025-06-03T05:22:53","guid":{"rendered":"https:\/\/lospoliticosveracruz.com.mx\/?p=146318"},"modified":"2025-06-03T00:23:16","modified_gmt":"2025-06-03T05:23:16","slug":"xalapa-2025-y-el-efecto-americo","status":"publish","type":"post","link":"https:\/\/lospoliticosveracruz.com\/?p=146318","title":{"rendered":"XALAPA 2025 Y EL EFECTO AM\u00c9RICO"},"content":{"rendered":"\n\n\n<p><strong>Bernardo Guti\u00e9rrez Parra<\/strong><\/p>\n\n\n\n<p><em>Desde el Caf\u00e9<\/em><br>Xalapa vot\u00f3 este domingo, pero el eco que reson\u00f3 no fue el de una victoria contundente, sino el de una ausencia: la de la unidad y sobre todo, la de un liderazgo con peso, como el que marc\u00f3 la contienda federal del a\u00f1o pasado.<\/p>\n\n\n\n<p>Los n\u00fameros no mienten. En la elecci\u00f3n municipal de 2025, todos los partidos sumados \u2014Morena, PRI, PAN, Movimiento Ciudadano, Verde y PT\u2014 apenas alcanzaron la misma cantidad de votos que logr\u00f3, en solitario, el candidato de la oposici\u00f3n en 2024 durante la elecci\u00f3n federal. Entonces, con la fuerza de una alianza (PRI-PAN-PRD) y una estructura s\u00f3lida, super\u00f3 los 110 mil sufragios y qued\u00f3 a un paso del triunfo tras una elecci\u00f3n se\u00f1alada por irregularidades y acusaciones de manipulaci\u00f3n por parte del oficialismo.<\/p>\n\n\n\n<p>Un a\u00f1o despu\u00e9s, con esos mismos partidos divididos y sin una figura con arrastre al frente, el panorama cambi\u00f3 radicalmente.<\/p>\n\n\n\n<p>Morena, el partido en el poder, retuvo la alcald\u00eda con su candidata Daniela Griego, pero lo hizo con apenas el 12% del padr\u00f3n xalape\u00f1o. Un resultado pobre para quien presum\u00eda hegemon\u00eda en la capital veracruzana. Comparado con el ejercicio anterior, donde necesitaban el doble para enfrentar a la oposici\u00f3n aliada; el desgaste es evidente.<\/p>\n\n\n\n<p>En el PRI, la soberbia sigue siendo la divisa. Horas despu\u00e9s de que se cerraron las casillas, el dirigente estatal de ese partido Adolfo Ram\u00edrez Arana, dijo en conferencia de prensa que pese a las condiciones adversas, los primeros resultados colocaban al tricolor con ventaja en el 80 por ciento de los municipios. Y 23 alcald\u00edas ganadas est\u00e1n a a\u00f1os luz de ser el 80 por ciento de 212 municipios.<\/p>\n\n\n\n<p>El PAN tampoco se salv\u00f3. Con una candidata sin perfil ni campa\u00f1a visible, apostaron todo a su independencia, convencidos de que con su marca bastaba. No fue as\u00ed. Se desplomaron hasta convertirse en la cuarta fuerza, una posici\u00f3n irrelevante para un partido que alguna vez aspir\u00f3 a gobernar la ciudad.<\/p>\n\n\n\n<p>Movimiento Ciudadano, aunque sin obtener la victoria, capitaliz\u00f3 el caos opositor y avanz\u00f3 de forma importante. Su candidato Rom\u00e1n Moreno y el contexto favorable, lo colocaron como segunda fuerza, en una combinaci\u00f3n del m\u00e9rito del contexto y de la propuesta.<\/p>\n\n\n\n<p>Y es que lo que falt\u00f3 este a\u00f1o fue exactamente lo que sobr\u00f3 en 2024: direcci\u00f3n, estrategia y un liderazgo capaz de articular a todos. La f\u00f3rmula de la alianza encabezada por una figura fuerte no solo fue competitiva, fue arrolladora. Los datos lo demuestran: la ciudadan\u00eda respondi\u00f3 cuando hubo proyecto. Este 2025, en cambio, cada partido march\u00f3 por su cuenta, y el resultado fue el previsible colapso.<\/p>\n\n\n\n<p>Hoy Xalapa no vot\u00f3 contra nadie. Vot\u00f3 por ausencia. Y la gran lecci\u00f3n es clara: cuando hubo unidad, hubo fuerza. Cuando hubo rumbo, hubo respuesta. Hoy, lo que m\u00e1s se necesit\u00f3 fue justo lo que no estuvo: liderazgo y alianza.<\/p>\n\n\n\n<p>bernardogup@hotmail.com<\/p>\n","protected":false},"excerpt":{"rendered":"<p>Bernardo Guti\u00e9rrez Parra Desde el Caf\u00e9Xalapa vot\u00f3 este domingo, pero el eco que reson\u00f3 no fue el de una victoria contundente, sino el de una ausencia: la de la unidad y sobre todo, la de un liderazgo con peso, como el que marc\u00f3 la contienda federal del a\u00f1o pasado. Los n\u00fameros no mienten. En la [&hellip;]<\/p>\n","protected":false},"author":2,"featured_media":141479,"comment_status":"closed","ping_status":"closed","sticky":false,"template":"","format":"standard","meta":{"tdm_status":"","tdm_grid_status":"","footnotes":""},"categories":[70],"tags":[1026,251,96],"class_list":{"0":"post-146318","1":"post","2":"type-post","3":"status-publish","4":"format-standard","5":"has-post-thumbnail","7":"category-de-opinion","8":"tag-morena","9":"tag-pri","10":"tag-xalapa"},"yoast_head":"<!-- This site is optimized with the Yoast SEO plugin v27.4 - https:\/\/yoast.com\/product\/yoast-seo-wordpress\/ -->\n<title>XALAPA 2025 Y EL EFECTO AM\u00c9RICO - Los pol\u00edticos Veracruz<\/title>\n<meta name=\"robots\" content=\"index, follow, max-snippet:-1, max-image-preview:large, max-video-preview:-1\" \/>\n<link rel=\"canonical\" href=\"https:\/\/lospoliticosveracruz.com\/?p=146318\" \/>\n<meta property=\"og:locale\" content=\"es_ES\" \/>\n<meta property=\"og:type\" content=\"article\" \/>\n<meta property=\"og:title\" content=\"XALAPA 2025 Y EL EFECTO AM\u00c9RICO - Los pol\u00edticos Veracruz\" \/>\n<meta property=\"og:description\" content=\"Bernardo Guti\u00e9rrez Parra Desde el Caf\u00e9Xalapa vot\u00f3 este domingo, pero el eco que reson\u00f3 no fue el de una victoria contundente, sino el de una ausencia: la de la unidad y sobre todo, la de un liderazgo con peso, como el que marc\u00f3 la contienda federal del a\u00f1o pasado. Los n\u00fameros no mienten. En la [&hellip;]\" \/>\n<meta property=\"og:url\" content=\"https:\/\/lospoliticosveracruz.com\/?p=146318\" \/>\n<meta property=\"og:site_name\" content=\"Los pol\u00edticos Veracruz\" \/>\n<meta property=\"article:publisher\" content=\"https:\/\/www.facebook.com\/people\/Notimemes-de-los-Polticos\/61565672886568\/\" \/>\n<meta property=\"article:published_time\" content=\"2025-06-03T05:22:53+00:00\" \/>\n<meta property=\"article:modified_time\" content=\"2025-06-03T05:23:16+00:00\" \/>\n<meta property=\"og:image\" content=\"https:\/\/lospoliticosveracruz.com\/wp-content\/uploads\/2025\/04\/Bernardo-Gutierrez-Parra.jpg\" \/>\n\t<meta property=\"og:image:width\" content=\"1250\" \/>\n\t<meta property=\"og:image:height\" content=\"667\" \/>\n\t<meta property=\"og:image:type\" content=\"image\/jpeg\" \/>\n<meta name=\"author\" content=\"Lo viste en Los Pol\u00edticos\" \/>\n<meta name=\"twitter:card\" content=\"summary_large_image\" \/>\n<meta name=\"twitter:creator\" content=\"@LosPoliticosVer\" \/>\n<meta name=\"twitter:site\" content=\"@LosPoliticosVer\" \/>\n<meta name=\"twitter:label1\" content=\"Escrito por\" \/>\n\t<meta name=\"twitter:data1\" content=\"Lo viste en Los Pol\u00edticos\" \/>\n\t<meta name=\"twitter:label2\" content=\"Tiempo de lectura\" \/>\n\t<meta name=\"twitter:data2\" content=\"3 minutos\" \/>\n<script type=\"application\/ld+json\" class=\"yoast-schema-graph\">{\"@context\":\"https:\\\/\\\/schema.org\",\"@graph\":[{\"@type\":\"Article\",\"@id\":\"https:\\\/\\\/lospoliticosveracruz.com\\\/?p=146318#article\",\"isPartOf\":{\"@id\":\"https:\\\/\\\/lospoliticosveracruz.com\\\/?p=146318\"},\"author\":{\"name\":\"Lo viste en Los Pol\u00edticos\",\"@id\":\"https:\\\/\\\/lospoliticosveracruz.com\\\/#\\\/schema\\\/person\\\/b8702bb0e538456e6efd07080bf2a4a2\"},\"headline\":\"XALAPA 2025 Y EL EFECTO AM\u00c9RICO\",\"datePublished\":\"2025-06-03T05:22:53+00:00\",\"dateModified\":\"2025-06-03T05:23:16+00:00\",\"mainEntityOfPage\":{\"@id\":\"https:\\\/\\\/lospoliticosveracruz.com\\\/?p=146318\"},\"wordCount\":507,\"publisher\":{\"@id\":\"https:\\\/\\\/lospoliticosveracruz.com\\\/#organization\"},\"image\":{\"@id\":\"https:\\\/\\\/lospoliticosveracruz.com\\\/?p=146318#primaryimage\"},\"thumbnailUrl\":\"https:\\\/\\\/lospoliticosveracruz.com\\\/wp-content\\\/uploads\\\/2025\\\/04\\\/Bernardo-Gutierrez-Parra.jpg\",\"keywords\":[\"Morena\",\"PRI\",\"Xalapa\"],\"articleSection\":[\"De Opini\u00f3n\"],\"inLanguage\":\"es\"},{\"@type\":\"WebPage\",\"@id\":\"https:\\\/\\\/lospoliticosveracruz.com\\\/?p=146318\",\"url\":\"https:\\\/\\\/lospoliticosveracruz.com\\\/?p=146318\",\"name\":\"XALAPA 2025 Y EL EFECTO AM\u00c9RICO - Los pol\u00edticos Veracruz\",\"isPartOf\":{\"@id\":\"https:\\\/\\\/lospoliticosveracruz.com\\\/#website\"},\"primaryImageOfPage\":{\"@id\":\"https:\\\/\\\/lospoliticosveracruz.com\\\/?p=146318#primaryimage\"},\"image\":{\"@id\":\"https:\\\/\\\/lospoliticosveracruz.com\\\/?p=146318#primaryimage\"},\"thumbnailUrl\":\"https:\\\/\\\/lospoliticosveracruz.com\\\/wp-content\\\/uploads\\\/2025\\\/04\\\/Bernardo-Gutierrez-Parra.jpg\",\"datePublished\":\"2025-06-03T05:22:53+00:00\",\"dateModified\":\"2025-06-03T05:23:16+00:00\",\"breadcrumb\":{\"@id\":\"https:\\\/\\\/lospoliticosveracruz.com\\\/?p=146318#breadcrumb\"},\"inLanguage\":\"es\",\"potentialAction\":[{\"@type\":\"ReadAction\",\"target\":[\"https:\\\/\\\/lospoliticosveracruz.com\\\/?p=146318\"]}]},{\"@type\":\"ImageObject\",\"inLanguage\":\"es\",\"@id\":\"https:\\\/\\\/lospoliticosveracruz.com\\\/?p=146318#primaryimage\",\"url\":\"https:\\\/\\\/lospoliticosveracruz.com\\\/wp-content\\\/uploads\\\/2025\\\/04\\\/Bernardo-Gutierrez-Parra.jpg\",\"contentUrl\":\"https:\\\/\\\/lospoliticosveracruz.com\\\/wp-content\\\/uploads\\\/2025\\\/04\\\/Bernardo-Gutierrez-Parra.jpg\",\"width\":1250,\"height\":667},{\"@type\":\"BreadcrumbList\",\"@id\":\"https:\\\/\\\/lospoliticosveracruz.com\\\/?p=146318#breadcrumb\",\"itemListElement\":[{\"@type\":\"ListItem\",\"position\":1,\"name\":\"Portada\",\"item\":\"https:\\\/\\\/lospoliticosveracruz.com\\\/\"},{\"@type\":\"ListItem\",\"position\":2,\"name\":\"XALAPA 2025 Y EL EFECTO AM\u00c9RICO\"}]},{\"@type\":\"WebSite\",\"@id\":\"https:\\\/\\\/lospoliticosveracruz.com\\\/#website\",\"url\":\"https:\\\/\\\/lospoliticosveracruz.com\\\/\",\"name\":\"Los pol\u00edticos Veracruz\",\"description\":\"\",\"publisher\":{\"@id\":\"https:\\\/\\\/lospoliticosveracruz.com\\\/#organization\"},\"potentialAction\":[{\"@type\":\"SearchAction\",\"target\":{\"@type\":\"EntryPoint\",\"urlTemplate\":\"https:\\\/\\\/lospoliticosveracruz.com\\\/?s={search_term_string}\"},\"query-input\":{\"@type\":\"PropertyValueSpecification\",\"valueRequired\":true,\"valueName\":\"search_term_string\"}}],\"inLanguage\":\"es\"},{\"@type\":\"Organization\",\"@id\":\"https:\\\/\\\/lospoliticosveracruz.com\\\/#organization\",\"name\":\"Los pol\u00edticos Veracruz\",\"url\":\"https:\\\/\\\/lospoliticosveracruz.com\\\/\",\"logo\":{\"@type\":\"ImageObject\",\"inLanguage\":\"es\",\"@id\":\"https:\\\/\\\/lospoliticosveracruz.com\\\/#\\\/schema\\\/logo\\\/image\\\/\",\"url\":\"https:\\\/\\\/lospoliticosveracruz.com\\\/wp-content\\\/uploads\\\/2025\\\/12\\\/Logo-Nuevo-LOS-POLITICOS-1.jpg\",\"contentUrl\":\"https:\\\/\\\/lospoliticosveracruz.com\\\/wp-content\\\/uploads\\\/2025\\\/12\\\/Logo-Nuevo-LOS-POLITICOS-1.jpg\",\"width\":260,\"height\":70,\"caption\":\"Los pol\u00edticos Veracruz\"},\"image\":{\"@id\":\"https:\\\/\\\/lospoliticosveracruz.com\\\/#\\\/schema\\\/logo\\\/image\\\/\"},\"sameAs\":[\"https:\\\/\\\/www.facebook.com\\\/people\\\/Notimemes-de-los-Polticos\\\/61565672886568\\\/\",\"https:\\\/\\\/x.com\\\/LosPoliticosVer\"]},{\"@type\":\"Person\",\"@id\":\"https:\\\/\\\/lospoliticosveracruz.com\\\/#\\\/schema\\\/person\\\/b8702bb0e538456e6efd07080bf2a4a2\",\"name\":\"Lo viste en Los Pol\u00edticos\",\"image\":{\"@type\":\"ImageObject\",\"inLanguage\":\"es\",\"@id\":\"https:\\\/\\\/secure.gravatar.com\\\/avatar\\\/3a8de04a2656d44082be478bd6c086daa447c4651605818287b9532d3d0bd435?s=96&d=mm&r=g\",\"url\":\"https:\\\/\\\/secure.gravatar.com\\\/avatar\\\/3a8de04a2656d44082be478bd6c086daa447c4651605818287b9532d3d0bd435?s=96&d=mm&r=g\",\"contentUrl\":\"https:\\\/\\\/secure.gravatar.com\\\/avatar\\\/3a8de04a2656d44082be478bd6c086daa447c4651605818287b9532d3d0bd435?s=96&d=mm&r=g\",\"caption\":\"Lo viste en Los Pol\u00edticos\"},\"url\":\"https:\\\/\\\/lospoliticosveracruz.com\\\/?author=2\"}]}<\/script>\n<!-- \/ Yoast SEO plugin. -->","yoast_head_json":{"title":"XALAPA 2025 Y EL EFECTO AM\u00c9RICO - Los pol\u00edticos Veracruz","robots":{"index":"index","follow":"follow","max-snippet":"max-snippet:-1","max-image-preview":"max-image-preview:large","max-video-preview":"max-video-preview:-1"},"canonical":"https:\/\/lospoliticosveracruz.com\/?p=146318","og_locale":"es_ES","og_type":"article","og_title":"XALAPA 2025 Y EL EFECTO AM\u00c9RICO - Los pol\u00edticos Veracruz","og_description":"Bernardo Guti\u00e9rrez Parra Desde el Caf\u00e9Xalapa vot\u00f3 este domingo, pero el eco que reson\u00f3 no fue el de una victoria contundente, sino el de una ausencia: la de la unidad y sobre todo, la de un liderazgo con peso, como el que marc\u00f3 la contienda federal del a\u00f1o pasado. Los n\u00fameros no mienten. En la [&hellip;]","og_url":"https:\/\/lospoliticosveracruz.com\/?p=146318","og_site_name":"Los pol\u00edticos Veracruz","article_publisher":"https:\/\/www.facebook.com\/people\/Notimemes-de-los-Polticos\/61565672886568\/","article_published_time":"2025-06-03T05:22:53+00:00","article_modified_time":"2025-06-03T05:23:16+00:00","og_image":[{"width":1250,"height":667,"url":"https:\/\/lospoliticosveracruz.com\/wp-content\/uploads\/2025\/04\/Bernardo-Gutierrez-Parra.jpg","type":"image\/jpeg"}],"author":"Lo viste en Los Pol\u00edticos","twitter_card":"summary_large_image","twitter_creator":"@LosPoliticosVer","twitter_site":"@LosPoliticosVer","twitter_misc":{"Escrito por":"Lo viste en Los Pol\u00edticos","Tiempo de lectura":"3 minutos"},"schema":{"@context":"https:\/\/schema.org","@graph":[{"@type":"Article","@id":"https:\/\/lospoliticosveracruz.com\/?p=146318#article","isPartOf":{"@id":"https:\/\/lospoliticosveracruz.com\/?p=146318"},"author":{"name":"Lo viste en Los Pol\u00edticos","@id":"https:\/\/lospoliticosveracruz.com\/#\/schema\/person\/b8702bb0e538456e6efd07080bf2a4a2"},"headline":"XALAPA 2025 Y EL EFECTO AM\u00c9RICO","datePublished":"2025-06-03T05:22:53+00:00","dateModified":"2025-06-03T05:23:16+00:00","mainEntityOfPage":{"@id":"https:\/\/lospoliticosveracruz.com\/?p=146318"},"wordCount":507,"publisher":{"@id":"https:\/\/lospoliticosveracruz.com\/#organization"},"image":{"@id":"https:\/\/lospoliticosveracruz.com\/?p=146318#primaryimage"},"thumbnailUrl":"https:\/\/lospoliticosveracruz.com\/wp-content\/uploads\/2025\/04\/Bernardo-Gutierrez-Parra.jpg","keywords":["Morena","PRI","Xalapa"],"articleSection":["De Opini\u00f3n"],"inLanguage":"es"},{"@type":"WebPage","@id":"https:\/\/lospoliticosveracruz.com\/?p=146318","url":"https:\/\/lospoliticosveracruz.com\/?p=146318","name":"XALAPA 2025 Y EL EFECTO AM\u00c9RICO - Los pol\u00edticos Veracruz","isPartOf":{"@id":"https:\/\/lospoliticosveracruz.com\/#website"},"primaryImageOfPage":{"@id":"https:\/\/lospoliticosveracruz.com\/?p=146318#primaryimage"},"image":{"@id":"https:\/\/lospoliticosveracruz.com\/?p=146318#primaryimage"},"thumbnailUrl":"https:\/\/lospoliticosveracruz.com\/wp-content\/uploads\/2025\/04\/Bernardo-Gutierrez-Parra.jpg","datePublished":"2025-06-03T05:22:53+00:00","dateModified":"2025-06-03T05:23:16+00:00","breadcrumb":{"@id":"https:\/\/lospoliticosveracruz.com\/?p=146318#breadcrumb"},"inLanguage":"es","potentialAction":[{"@type":"ReadAction","target":["https:\/\/lospoliticosveracruz.com\/?p=146318"]}]},{"@type":"ImageObject","inLanguage":"es","@id":"https:\/\/lospoliticosveracruz.com\/?p=146318#primaryimage","url":"https:\/\/lospoliticosveracruz.com\/wp-content\/uploads\/2025\/04\/Bernardo-Gutierrez-Parra.jpg","contentUrl":"https:\/\/lospoliticosveracruz.com\/wp-content\/uploads\/2025\/04\/Bernardo-Gutierrez-Parra.jpg","width":1250,"height":667},{"@type":"BreadcrumbList","@id":"https:\/\/lospoliticosveracruz.com\/?p=146318#breadcrumb","itemListElement":[{"@type":"ListItem","position":1,"name":"Portada","item":"https:\/\/lospoliticosveracruz.com\/"},{"@type":"ListItem","position":2,"name":"XALAPA 2025 Y EL EFECTO AM\u00c9RICO"}]},{"@type":"WebSite","@id":"https:\/\/lospoliticosveracruz.com\/#website","url":"https:\/\/lospoliticosveracruz.com\/","name":"Los pol\u00edticos Veracruz","description":"","publisher":{"@id":"https:\/\/lospoliticosveracruz.com\/#organization"},"potentialAction":[{"@type":"SearchAction","target":{"@type":"EntryPoint","urlTemplate":"https:\/\/lospoliticosveracruz.com\/?s={search_term_string}"},"query-input":{"@type":"PropertyValueSpecification","valueRequired":true,"valueName":"search_term_string"}}],"inLanguage":"es"},{"@type":"Organization","@id":"https:\/\/lospoliticosveracruz.com\/#organization","name":"Los pol\u00edticos Veracruz","url":"https:\/\/lospoliticosveracruz.com\/","logo":{"@type":"ImageObject","inLanguage":"es","@id":"https:\/\/lospoliticosveracruz.com\/#\/schema\/logo\/image\/","url":"https:\/\/lospoliticosveracruz.com\/wp-content\/uploads\/2025\/12\/Logo-Nuevo-LOS-POLITICOS-1.jpg","contentUrl":"https:\/\/lospoliticosveracruz.com\/wp-content\/uploads\/2025\/12\/Logo-Nuevo-LOS-POLITICOS-1.jpg","width":260,"height":70,"caption":"Los pol\u00edticos Veracruz"},"image":{"@id":"https:\/\/lospoliticosveracruz.com\/#\/schema\/logo\/image\/"},"sameAs":["https:\/\/www.facebook.com\/people\/Notimemes-de-los-Polticos\/61565672886568\/","https:\/\/x.com\/LosPoliticosVer"]},{"@type":"Person","@id":"https:\/\/lospoliticosveracruz.com\/#\/schema\/person\/b8702bb0e538456e6efd07080bf2a4a2","name":"Lo viste en Los Pol\u00edticos","image":{"@type":"ImageObject","inLanguage":"es","@id":"https:\/\/secure.gravatar.com\/avatar\/3a8de04a2656d44082be478bd6c086daa447c4651605818287b9532d3d0bd435?s=96&d=mm&r=g","url":"https:\/\/secure.gravatar.com\/avatar\/3a8de04a2656d44082be478bd6c086daa447c4651605818287b9532d3d0bd435?s=96&d=mm&r=g","contentUrl":"https:\/\/secure.gravatar.com\/avatar\/3a8de04a2656d44082be478bd6c086daa447c4651605818287b9532d3d0bd435?s=96&d=mm&r=g","caption":"Lo viste en Los Pol\u00edticos"},"url":"https:\/\/lospoliticosveracruz.com\/?author=2"}]}},"_links":{"self":[{"href":"https:\/\/lospoliticosveracruz.com\/index.php?rest_route=\/wp\/v2\/posts\/146318","targetHints":{"allow":["GET"]}}],"collection":[{"href":"https:\/\/lospoliticosveracruz.com\/index.php?rest_route=\/wp\/v2\/posts"}],"about":[{"href":"https:\/\/lospoliticosveracruz.com\/index.php?rest_route=\/wp\/v2\/types\/post"}],"author":[{"embeddable":true,"href":"https:\/\/lospoliticosveracruz.com\/index.php?rest_route=\/wp\/v2\/users\/2"}],"replies":[{"embeddable":true,"href":"https:\/\/lospoliticosveracruz.com\/index.php?rest_route=%2Fwp%2Fv2%2Fcomments&post=146318"}],"version-history":[{"count":2,"href":"https:\/\/lospoliticosveracruz.com\/index.php?rest_route=\/wp\/v2\/posts\/146318\/revisions"}],"predecessor-version":[{"id":146321,"href":"https:\/\/lospoliticosveracruz.com\/index.php?rest_route=\/wp\/v2\/posts\/146318\/revisions\/146321"}],"wp:featuredmedia":[{"embeddable":true,"href":"https:\/\/lospoliticosveracruz.com\/index.php?rest_route=\/wp\/v2\/media\/141479"}],"wp:attachment":[{"href":"https:\/\/lospoliticosveracruz.com\/index.php?rest_route=%2Fwp%2Fv2%2Fmedia&parent=146318"}],"wp:term":[{"taxonomy":"category","embeddable":true,"href":"https:\/\/lospoliticosveracruz.com\/index.php?rest_route=%2Fwp%2Fv2%2Fcategories&post=146318"},{"taxonomy":"post_tag","embeddable":true,"href":"https:\/\/lospoliticosveracruz.com\/index.php?rest_route=%2Fwp%2Fv2%2Ftags&post=146318"}],"curies":[{"name":"wp","href":"https:\/\/api.w.org\/{rel}","templated":true}]}}