{"id":146323,"date":"2025-06-03T00:33:20","date_gmt":"2025-06-03T05:33:20","guid":{"rendered":"https:\/\/lospoliticosveracruz.com.mx\/?p=146323"},"modified":"2025-06-03T00:35:11","modified_gmt":"2025-06-03T05:35:11","slug":"caida-de-morena-la-derrota-de-nahle","status":"publish","type":"post","link":"https:\/\/lospoliticosveracruz.com\/?p=146323","title":{"rendered":"CA\u00cdDA DE MORENA, \u00bfLA DERROTA DE NAHLE?"},"content":{"rendered":"\n\n\n<p><strong>Ricardo Chua<\/strong><br><em>Sale y Vale<\/em><\/p>\n\n\n\n<p>.. Al paso de las horas despu\u00e9s de la elecci\u00f3n en Veracruz de la renovaci\u00f3n de las 212 alcald\u00edas en la entidad.. Se vienen aclarando los escenarios electorales de este proceso local.. Donde se van disipando las dudas de todo lo que sucedi\u00f3 el pasado domingo.. El d\u00eda que MORENA retrocedi\u00f3 electoralmente todo lo ganado del 2021 a la fecha.. Ya que lo sucedido ese d\u00eda, est\u00e1 dejando al descubierto, que la percepci\u00f3n ciudadana est\u00e1 calificando los resultados que obtuvo MORENA en su coalici\u00f3n con el PVEM como una derrota que se la est\u00e1n \u00abcomiendo\u00bb esos dos partidos.. AS\u00cd DE GRAVE..<\/p>\n\n\n\n<p>Esta percepci\u00f3n se denota en el \u00abc\u00edrculo rojo\u00bb del poder en Veracruz.. Y se debe por el decrecimiento electoral que tuvieron MORENA-PVEM en la elecci\u00f3n a alcald\u00edas.. Y el triunfo se lo est\u00e1 \u00abcomiendo\u00bb Movimiento Ciudadano.. Mientras que el Partido del Trabajo dio la sorpresa y el \u00abcampanazo\u00bb en este proceso.. Mientras que el PRI y PAN que se pensaban que eran partidos \u00abcad\u00e1veres\u00bb, simplemente \u00absobrevivieron\u00bb a toda esa jornada electoral, que se pensaba ser\u00eda su \u00abtumba\u00bb.. El sald\u00f3 es f\u00e1cil de saber, juntos la oposici\u00f3n (PAN, PRI, MC) logran tener 98 municipios en su poder.. MORENA-PVEM s\u00f3lo tiene 84 ayuntamientos.. MALOS N\u00daMEROS..<\/p>\n\n\n\n<p>Pero el PT con sus 28 ayuntamientos tiene la \u00absart\u00e9n por el mango\u00bb.. Los petistas ser\u00e1n en Veracruz, a partir de ahora, si es que no se someten al poder de Palacio de Gobierno, la DIFERENCIA entre ser oposici\u00f3n \u00abrebelde\u00bb aunque dentro de la 4T en la federaci\u00f3n o ser de \u00abcasa\u00bb y seguir los lineamientos del gobierno del Estado.. Ese es el \u00abjuego\u00bb del PT en este momento.. Lo grave en la lectura pol\u00edtica, ahora, es que MORENA, como partido pol\u00edtico en votaci\u00f3n directa tuvo menos votos que en 2021, solo 3.8 por ciento, lo dem\u00e1s que consigui\u00f3 fue por coalici\u00f3n con el PVEM.. Lo que deja otra lectura: LA MARCA NO CONT\u00d3 en esta elecci\u00f3n..<\/p>\n\n\n\n<p>As\u00ed que todo este proceso electoral, le deja una lecci\u00f3n a Roc\u00edo Nahle como gobernadora, la cual dijo que tambi\u00e9n de los \u00abtropiezos se aprende\u00bb.. Y es algo muy sencillo.. Ya que ella si le entiende m\u00e1s a la pol\u00edtica, que Cuitl\u00e1huac Garc\u00eda, que es de que todos aquellos funcionarios de su gobierno, que estuvieron \u00abencargados\u00bb de las zonas pol\u00edticas que se perdieron.. Y que no les dieron resultados, simplemente tendr\u00e1n que irse de su gabinete.. Para qu\u00e9 los tiene.. De qu\u00e9 los sirve, si lo que se les encarga no dan resultados.. Sobre todo que ten\u00edan con ellos, una \u00abmarca\u00bb y una votaci\u00f3n de 2 millones de votos del 2024.. En pocas palabras.. LE FALLARON..<\/p>\n\n\n\n<p>Adem\u00e1s la gobernadora como el principal activo pol\u00edtico de MORENA en Veracruz.. Ya se debi\u00f3 dar cuenta, que desde el partido, no hubo fuerza y menos control para cumplir acuerdos.. El ejemplo m\u00e1s claro: Polo Deschamps, en Alvarado, donde se ten\u00eda la instrucci\u00f3n en Palacio de Gobierno, de que ganara y no se logr\u00f3 en las urnas.. A ella la dejaron en mal porque hasta apoy\u00f3 con un video al ex candidato a gobernador por MC ahora de MORENA.. Pero lo m\u00e1s grave es que con este resultado de como quedaron las alcald\u00edas en el Estado.. \u2060No habr\u00e1 gobernabilidad, a partir del pr\u00f3ximo a\u00f1o porque m\u00e1s de la mitad de alcaldes ser\u00e1n de oposici\u00f3n y muchos de ellos, responden a bloques pol\u00edticos nacionales.. NO AFINES AL LOCAL..<\/p>\n\n\n\n<p>Pero tambi\u00e9n as\u00ed hay varios alcaldes de MORENA que ganaron, que son afines a grupos nacionales, no de Veracruz.. Y si nos vamos m\u00e1s a la \u00abyugular\u00bb de MORENA, es m\u00e1s el PRI le puso 3 a 1 la votaci\u00f3n a los \u00abMorenos\u00bb en votaci\u00f3n directa como partido (sin contar coalici\u00f3n).. Eso es lo GRAVE y que se tienen que dar cuenta.. Otro de esos ejemplos fue que Xalapa se gan\u00f3 para MORENA, con menos votaci\u00f3n de la que tuvo Am\u00e9rico Z\u00fa\u00f1iga, como candidato a diputado federal por el PRI, el a\u00f1o pasado en 2024.. Se puede resumir que MORENA gan\u00f3 con las minor\u00edas.. DE RISA E INCRE\u00cdBLE..<\/p>\n\n\n\n<p>Por ello, la \u00absacudida\u00bb tiene que venir no s\u00f3lo al gobierno del Estado sino al propio partido pol\u00edtico.. Ya que cuando esto sea oficial, que ser\u00e1 en d\u00edas venideros, despu\u00e9s de lo que pas\u00f3 en Veracruz.. Seguramente el comit\u00e9 nacional de MORENA tomar\u00e1 el control del partido por este resultado.. Manuel Huerta, Sergio Guti\u00e9rrez, Zenyazen Escobar, Eric Cisneros, Cuitl\u00e1huac Garc\u00eda y todos los dem\u00e1s grupos nacionales en MORENA, hasta Los Yunes si nos apuran, pedir\u00e1n su parte en Veracruz despu\u00e9s de este resultado.. Y Roc\u00edo Nahle a pesar de toda su fuerza, no podr\u00e1 impedir esa \u00abinvasi\u00f3n\u00bb.. \u00bfCon qu\u00e9 argumentos?..<\/p>\n\n\n\n<p>NOTA URGENTE.. Si Roc\u00edo Nahle quiere recomponer a MORENA en Veracruz.. Debe hacer cambios en el partido y gabinete estatal.. Sobre todo para poder tomar control pol\u00edtico y darle una nueva cara despu\u00e9s de esta debacle.. Los n\u00fameros NO MIENTEN.. Juntos el PRI, PAN y Movimiento Ciudadano obtuvieron Un Mill\u00f3n 310 mil 398 votos y la Coalici\u00f3n MORENA-PVEM s\u00f3lo lograron Un Mill\u00f3n 179 mil 670 votos.. De esa manera, la 4T pierde la elecci\u00f3n en el Estado, s\u00f3lo contando por n\u00famero de votos.. Por esa situaci\u00f3n, es que en los c\u00edrculos pol\u00edticos se\u00f1alan, que esa ca\u00edda de MORENA, es una derrota de Roc\u00edo Nahle.. AS\u00cd SON \u00abLAS CENAS DE NEGROS\u00bb..<\/p>\n\n\n\n<p>REFLEXI\u00d3N.. Muchos de los candidatos a alcaldes de MORENA-PVEM perdieron porque se confiaron.. Confiaron en la marca y no fue suficiente.. Se perdi\u00f3 porque hubo muchos \u00absimuladores\u00bb.. Perdieron porque el \u00abpueblo bueno y sabio\u00bb de Veracruz., votan por quien ellos quieren.. Se perdi\u00f3 porque muchos de esos \u00aboperadores\u00bb del gobierno y partido, no conocen Veracruz.. Se perdi\u00f3 por la \u00abborrachera\u00bb de poder y ahora tienen que vivir la \u00abcruda\u00bb.. En este espacio lo comentamos muchas veces.. Si por SOBERBIA el PRI y PAN perdieron en Veracruz.. Qui\u00e9n dice que con MORENA iba a ser diferente.. LOS JUGADORES CAMBIAN, EL JUEGO NO.. AMEN..<\/p>\n","protected":false},"excerpt":{"rendered":"<p>Ricardo ChuaSale y Vale .. Al paso de las horas despu\u00e9s de la elecci\u00f3n en Veracruz de la renovaci\u00f3n de las 212 alcald\u00edas en la entidad.. Se vienen aclarando los escenarios electorales de este proceso local.. Donde se van disipando las dudas de todo lo que sucedi\u00f3 el pasado domingo.. El d\u00eda que MORENA retrocedi\u00f3 [&hellip;]<\/p>\n","protected":false},"author":2,"featured_media":141434,"comment_status":"closed","ping_status":"closed","sticky":false,"template":"","format":"standard","meta":{"tdm_status":"","tdm_grid_status":"","footnotes":""},"categories":[70],"tags":[1026,2327,266,251,2289,3578,195],"class_list":{"0":"post-146323","1":"post","2":"type-post","3":"status-publish","4":"format-standard","5":"has-post-thumbnail","7":"category-de-opinion","8":"tag-morena","9":"tag-movimiento-ciudadano","10":"tag-pan","11":"tag-pri","12":"tag-pt","13":"tag-rocio-nahle","14":"tag-veracruz"},"yoast_head":"<!-- This site is optimized with the Yoast SEO plugin v27.4 - https:\/\/yoast.com\/product\/yoast-seo-wordpress\/ -->\n<title>CA\u00cdDA DE MORENA, \u00bfLA DERROTA DE NAHLE? - Los pol\u00edticos Veracruz<\/title>\n<meta name=\"robots\" content=\"index, follow, max-snippet:-1, max-image-preview:large, max-video-preview:-1\" \/>\n<link rel=\"canonical\" href=\"https:\/\/lospoliticosveracruz.com\/?p=146323\" \/>\n<meta property=\"og:locale\" content=\"es_ES\" \/>\n<meta property=\"og:type\" content=\"article\" \/>\n<meta property=\"og:title\" content=\"CA\u00cdDA DE MORENA, \u00bfLA DERROTA DE NAHLE? - Los pol\u00edticos Veracruz\" \/>\n<meta property=\"og:description\" content=\"Ricardo ChuaSale y Vale .. Al paso de las horas despu\u00e9s de la elecci\u00f3n en Veracruz de la renovaci\u00f3n de las 212 alcald\u00edas en la entidad.. Se vienen aclarando los escenarios electorales de este proceso local.. Donde se van disipando las dudas de todo lo que sucedi\u00f3 el pasado domingo.. El d\u00eda que MORENA retrocedi\u00f3 [&hellip;]\" \/>\n<meta property=\"og:url\" content=\"https:\/\/lospoliticosveracruz.com\/?p=146323\" \/>\n<meta property=\"og:site_name\" content=\"Los pol\u00edticos Veracruz\" \/>\n<meta property=\"article:publisher\" content=\"https:\/\/www.facebook.com\/people\/Notimemes-de-los-Polticos\/61565672886568\/\" \/>\n<meta property=\"article:published_time\" content=\"2025-06-03T05:33:20+00:00\" \/>\n<meta property=\"article:modified_time\" content=\"2025-06-03T05:35:11+00:00\" \/>\n<meta property=\"og:image\" content=\"https:\/\/lospoliticosveracruz.com\/wp-content\/uploads\/2025\/04\/Chua-e1761364658706.jpg\" \/>\n\t<meta property=\"og:image:width\" content=\"600\" \/>\n\t<meta property=\"og:image:height\" content=\"320\" \/>\n\t<meta property=\"og:image:type\" content=\"image\/jpeg\" \/>\n<meta name=\"author\" content=\"Lo viste en Los Pol\u00edticos\" \/>\n<meta name=\"twitter:card\" content=\"summary_large_image\" \/>\n<meta name=\"twitter:creator\" content=\"@LosPoliticosVer\" \/>\n<meta name=\"twitter:site\" content=\"@LosPoliticosVer\" \/>\n<meta name=\"twitter:label1\" content=\"Escrito por\" \/>\n\t<meta name=\"twitter:data1\" content=\"Lo viste en Los Pol\u00edticos\" \/>\n\t<meta name=\"twitter:label2\" content=\"Tiempo de lectura\" \/>\n\t<meta name=\"twitter:data2\" content=\"5 minutos\" \/>\n<script type=\"application\/ld+json\" class=\"yoast-schema-graph\">{\"@context\":\"https:\\\/\\\/schema.org\",\"@graph\":[{\"@type\":\"Article\",\"@id\":\"https:\\\/\\\/lospoliticosveracruz.com\\\/?p=146323#article\",\"isPartOf\":{\"@id\":\"https:\\\/\\\/lospoliticosveracruz.com\\\/?p=146323\"},\"author\":{\"name\":\"Lo viste en Los Pol\u00edticos\",\"@id\":\"https:\\\/\\\/lospoliticosveracruz.com\\\/#\\\/schema\\\/person\\\/b8702bb0e538456e6efd07080bf2a4a2\"},\"headline\":\"CA\u00cdDA DE MORENA, \u00bfLA DERROTA DE NAHLE?\",\"datePublished\":\"2025-06-03T05:33:20+00:00\",\"dateModified\":\"2025-06-03T05:35:11+00:00\",\"mainEntityOfPage\":{\"@id\":\"https:\\\/\\\/lospoliticosveracruz.com\\\/?p=146323\"},\"wordCount\":1076,\"publisher\":{\"@id\":\"https:\\\/\\\/lospoliticosveracruz.com\\\/#organization\"},\"image\":{\"@id\":\"https:\\\/\\\/lospoliticosveracruz.com\\\/?p=146323#primaryimage\"},\"thumbnailUrl\":\"https:\\\/\\\/lospoliticosveracruz.com\\\/wp-content\\\/uploads\\\/2025\\\/04\\\/Chua-e1761364658706.jpg\",\"keywords\":[\"Morena\",\"Movimiento Ciudadano\",\"PAN\",\"PRI\",\"PT\",\"Roc\u00edo Nahle\",\"Veracruz\"],\"articleSection\":[\"De Opini\u00f3n\"],\"inLanguage\":\"es\"},{\"@type\":\"WebPage\",\"@id\":\"https:\\\/\\\/lospoliticosveracruz.com\\\/?p=146323\",\"url\":\"https:\\\/\\\/lospoliticosveracruz.com\\\/?p=146323\",\"name\":\"CA\u00cdDA DE MORENA, \u00bfLA DERROTA DE NAHLE? - Los pol\u00edticos Veracruz\",\"isPartOf\":{\"@id\":\"https:\\\/\\\/lospoliticosveracruz.com\\\/#website\"},\"primaryImageOfPage\":{\"@id\":\"https:\\\/\\\/lospoliticosveracruz.com\\\/?p=146323#primaryimage\"},\"image\":{\"@id\":\"https:\\\/\\\/lospoliticosveracruz.com\\\/?p=146323#primaryimage\"},\"thumbnailUrl\":\"https:\\\/\\\/lospoliticosveracruz.com\\\/wp-content\\\/uploads\\\/2025\\\/04\\\/Chua-e1761364658706.jpg\",\"datePublished\":\"2025-06-03T05:33:20+00:00\",\"dateModified\":\"2025-06-03T05:35:11+00:00\",\"breadcrumb\":{\"@id\":\"https:\\\/\\\/lospoliticosveracruz.com\\\/?p=146323#breadcrumb\"},\"inLanguage\":\"es\",\"potentialAction\":[{\"@type\":\"ReadAction\",\"target\":[\"https:\\\/\\\/lospoliticosveracruz.com\\\/?p=146323\"]}]},{\"@type\":\"ImageObject\",\"inLanguage\":\"es\",\"@id\":\"https:\\\/\\\/lospoliticosveracruz.com\\\/?p=146323#primaryimage\",\"url\":\"https:\\\/\\\/lospoliticosveracruz.com\\\/wp-content\\\/uploads\\\/2025\\\/04\\\/Chua-e1761364658706.jpg\",\"contentUrl\":\"https:\\\/\\\/lospoliticosveracruz.com\\\/wp-content\\\/uploads\\\/2025\\\/04\\\/Chua-e1761364658706.jpg\",\"width\":600,\"height\":320},{\"@type\":\"BreadcrumbList\",\"@id\":\"https:\\\/\\\/lospoliticosveracruz.com\\\/?p=146323#breadcrumb\",\"itemListElement\":[{\"@type\":\"ListItem\",\"position\":1,\"name\":\"Portada\",\"item\":\"https:\\\/\\\/lospoliticosveracruz.com\\\/\"},{\"@type\":\"ListItem\",\"position\":2,\"name\":\"CA\u00cdDA DE MORENA, \u00bfLA DERROTA DE NAHLE?\"}]},{\"@type\":\"WebSite\",\"@id\":\"https:\\\/\\\/lospoliticosveracruz.com\\\/#website\",\"url\":\"https:\\\/\\\/lospoliticosveracruz.com\\\/\",\"name\":\"Los pol\u00edticos Veracruz\",\"description\":\"\",\"publisher\":{\"@id\":\"https:\\\/\\\/lospoliticosveracruz.com\\\/#organization\"},\"potentialAction\":[{\"@type\":\"SearchAction\",\"target\":{\"@type\":\"EntryPoint\",\"urlTemplate\":\"https:\\\/\\\/lospoliticosveracruz.com\\\/?s={search_term_string}\"},\"query-input\":{\"@type\":\"PropertyValueSpecification\",\"valueRequired\":true,\"valueName\":\"search_term_string\"}}],\"inLanguage\":\"es\"},{\"@type\":\"Organization\",\"@id\":\"https:\\\/\\\/lospoliticosveracruz.com\\\/#organization\",\"name\":\"Los pol\u00edticos Veracruz\",\"url\":\"https:\\\/\\\/lospoliticosveracruz.com\\\/\",\"logo\":{\"@type\":\"ImageObject\",\"inLanguage\":\"es\",\"@id\":\"https:\\\/\\\/lospoliticosveracruz.com\\\/#\\\/schema\\\/logo\\\/image\\\/\",\"url\":\"https:\\\/\\\/lospoliticosveracruz.com\\\/wp-content\\\/uploads\\\/2025\\\/12\\\/Logo-Nuevo-LOS-POLITICOS-1.jpg\",\"contentUrl\":\"https:\\\/\\\/lospoliticosveracruz.com\\\/wp-content\\\/uploads\\\/2025\\\/12\\\/Logo-Nuevo-LOS-POLITICOS-1.jpg\",\"width\":260,\"height\":70,\"caption\":\"Los pol\u00edticos Veracruz\"},\"image\":{\"@id\":\"https:\\\/\\\/lospoliticosveracruz.com\\\/#\\\/schema\\\/logo\\\/image\\\/\"},\"sameAs\":[\"https:\\\/\\\/www.facebook.com\\\/people\\\/Notimemes-de-los-Polticos\\\/61565672886568\\\/\",\"https:\\\/\\\/x.com\\\/LosPoliticosVer\"]},{\"@type\":\"Person\",\"@id\":\"https:\\\/\\\/lospoliticosveracruz.com\\\/#\\\/schema\\\/person\\\/b8702bb0e538456e6efd07080bf2a4a2\",\"name\":\"Lo viste en Los Pol\u00edticos\",\"image\":{\"@type\":\"ImageObject\",\"inLanguage\":\"es\",\"@id\":\"https:\\\/\\\/secure.gravatar.com\\\/avatar\\\/3a8de04a2656d44082be478bd6c086daa447c4651605818287b9532d3d0bd435?s=96&d=mm&r=g\",\"url\":\"https:\\\/\\\/secure.gravatar.com\\\/avatar\\\/3a8de04a2656d44082be478bd6c086daa447c4651605818287b9532d3d0bd435?s=96&d=mm&r=g\",\"contentUrl\":\"https:\\\/\\\/secure.gravatar.com\\\/avatar\\\/3a8de04a2656d44082be478bd6c086daa447c4651605818287b9532d3d0bd435?s=96&d=mm&r=g\",\"caption\":\"Lo viste en Los Pol\u00edticos\"},\"url\":\"https:\\\/\\\/lospoliticosveracruz.com\\\/?author=2\"}]}<\/script>\n<!-- \/ Yoast SEO plugin. -->","yoast_head_json":{"title":"CA\u00cdDA DE MORENA, \u00bfLA DERROTA DE NAHLE? - Los pol\u00edticos Veracruz","robots":{"index":"index","follow":"follow","max-snippet":"max-snippet:-1","max-image-preview":"max-image-preview:large","max-video-preview":"max-video-preview:-1"},"canonical":"https:\/\/lospoliticosveracruz.com\/?p=146323","og_locale":"es_ES","og_type":"article","og_title":"CA\u00cdDA DE MORENA, \u00bfLA DERROTA DE NAHLE? - Los pol\u00edticos Veracruz","og_description":"Ricardo ChuaSale y Vale .. Al paso de las horas despu\u00e9s de la elecci\u00f3n en Veracruz de la renovaci\u00f3n de las 212 alcald\u00edas en la entidad.. Se vienen aclarando los escenarios electorales de este proceso local.. Donde se van disipando las dudas de todo lo que sucedi\u00f3 el pasado domingo.. El d\u00eda que MORENA retrocedi\u00f3 [&hellip;]","og_url":"https:\/\/lospoliticosveracruz.com\/?p=146323","og_site_name":"Los pol\u00edticos Veracruz","article_publisher":"https:\/\/www.facebook.com\/people\/Notimemes-de-los-Polticos\/61565672886568\/","article_published_time":"2025-06-03T05:33:20+00:00","article_modified_time":"2025-06-03T05:35:11+00:00","og_image":[{"width":600,"height":320,"url":"https:\/\/lospoliticosveracruz.com\/wp-content\/uploads\/2025\/04\/Chua-e1761364658706.jpg","type":"image\/jpeg"}],"author":"Lo viste en Los Pol\u00edticos","twitter_card":"summary_large_image","twitter_creator":"@LosPoliticosVer","twitter_site":"@LosPoliticosVer","twitter_misc":{"Escrito por":"Lo viste en Los Pol\u00edticos","Tiempo de lectura":"5 minutos"},"schema":{"@context":"https:\/\/schema.org","@graph":[{"@type":"Article","@id":"https:\/\/lospoliticosveracruz.com\/?p=146323#article","isPartOf":{"@id":"https:\/\/lospoliticosveracruz.com\/?p=146323"},"author":{"name":"Lo viste en Los Pol\u00edticos","@id":"https:\/\/lospoliticosveracruz.com\/#\/schema\/person\/b8702bb0e538456e6efd07080bf2a4a2"},"headline":"CA\u00cdDA DE MORENA, \u00bfLA DERROTA DE NAHLE?","datePublished":"2025-06-03T05:33:20+00:00","dateModified":"2025-06-03T05:35:11+00:00","mainEntityOfPage":{"@id":"https:\/\/lospoliticosveracruz.com\/?p=146323"},"wordCount":1076,"publisher":{"@id":"https:\/\/lospoliticosveracruz.com\/#organization"},"image":{"@id":"https:\/\/lospoliticosveracruz.com\/?p=146323#primaryimage"},"thumbnailUrl":"https:\/\/lospoliticosveracruz.com\/wp-content\/uploads\/2025\/04\/Chua-e1761364658706.jpg","keywords":["Morena","Movimiento Ciudadano","PAN","PRI","PT","Roc\u00edo Nahle","Veracruz"],"articleSection":["De Opini\u00f3n"],"inLanguage":"es"},{"@type":"WebPage","@id":"https:\/\/lospoliticosveracruz.com\/?p=146323","url":"https:\/\/lospoliticosveracruz.com\/?p=146323","name":"CA\u00cdDA DE MORENA, \u00bfLA DERROTA DE NAHLE? - Los pol\u00edticos Veracruz","isPartOf":{"@id":"https:\/\/lospoliticosveracruz.com\/#website"},"primaryImageOfPage":{"@id":"https:\/\/lospoliticosveracruz.com\/?p=146323#primaryimage"},"image":{"@id":"https:\/\/lospoliticosveracruz.com\/?p=146323#primaryimage"},"thumbnailUrl":"https:\/\/lospoliticosveracruz.com\/wp-content\/uploads\/2025\/04\/Chua-e1761364658706.jpg","datePublished":"2025-06-03T05:33:20+00:00","dateModified":"2025-06-03T05:35:11+00:00","breadcrumb":{"@id":"https:\/\/lospoliticosveracruz.com\/?p=146323#breadcrumb"},"inLanguage":"es","potentialAction":[{"@type":"ReadAction","target":["https:\/\/lospoliticosveracruz.com\/?p=146323"]}]},{"@type":"ImageObject","inLanguage":"es","@id":"https:\/\/lospoliticosveracruz.com\/?p=146323#primaryimage","url":"https:\/\/lospoliticosveracruz.com\/wp-content\/uploads\/2025\/04\/Chua-e1761364658706.jpg","contentUrl":"https:\/\/lospoliticosveracruz.com\/wp-content\/uploads\/2025\/04\/Chua-e1761364658706.jpg","width":600,"height":320},{"@type":"BreadcrumbList","@id":"https:\/\/lospoliticosveracruz.com\/?p=146323#breadcrumb","itemListElement":[{"@type":"ListItem","position":1,"name":"Portada","item":"https:\/\/lospoliticosveracruz.com\/"},{"@type":"ListItem","position":2,"name":"CA\u00cdDA DE MORENA, \u00bfLA DERROTA DE NAHLE?"}]},{"@type":"WebSite","@id":"https:\/\/lospoliticosveracruz.com\/#website","url":"https:\/\/lospoliticosveracruz.com\/","name":"Los pol\u00edticos Veracruz","description":"","publisher":{"@id":"https:\/\/lospoliticosveracruz.com\/#organization"},"potentialAction":[{"@type":"SearchAction","target":{"@type":"EntryPoint","urlTemplate":"https:\/\/lospoliticosveracruz.com\/?s={search_term_string}"},"query-input":{"@type":"PropertyValueSpecification","valueRequired":true,"valueName":"search_term_string"}}],"inLanguage":"es"},{"@type":"Organization","@id":"https:\/\/lospoliticosveracruz.com\/#organization","name":"Los pol\u00edticos Veracruz","url":"https:\/\/lospoliticosveracruz.com\/","logo":{"@type":"ImageObject","inLanguage":"es","@id":"https:\/\/lospoliticosveracruz.com\/#\/schema\/logo\/image\/","url":"https:\/\/lospoliticosveracruz.com\/wp-content\/uploads\/2025\/12\/Logo-Nuevo-LOS-POLITICOS-1.jpg","contentUrl":"https:\/\/lospoliticosveracruz.com\/wp-content\/uploads\/2025\/12\/Logo-Nuevo-LOS-POLITICOS-1.jpg","width":260,"height":70,"caption":"Los pol\u00edticos Veracruz"},"image":{"@id":"https:\/\/lospoliticosveracruz.com\/#\/schema\/logo\/image\/"},"sameAs":["https:\/\/www.facebook.com\/people\/Notimemes-de-los-Polticos\/61565672886568\/","https:\/\/x.com\/LosPoliticosVer"]},{"@type":"Person","@id":"https:\/\/lospoliticosveracruz.com\/#\/schema\/person\/b8702bb0e538456e6efd07080bf2a4a2","name":"Lo viste en Los Pol\u00edticos","image":{"@type":"ImageObject","inLanguage":"es","@id":"https:\/\/secure.gravatar.com\/avatar\/3a8de04a2656d44082be478bd6c086daa447c4651605818287b9532d3d0bd435?s=96&d=mm&r=g","url":"https:\/\/secure.gravatar.com\/avatar\/3a8de04a2656d44082be478bd6c086daa447c4651605818287b9532d3d0bd435?s=96&d=mm&r=g","contentUrl":"https:\/\/secure.gravatar.com\/avatar\/3a8de04a2656d44082be478bd6c086daa447c4651605818287b9532d3d0bd435?s=96&d=mm&r=g","caption":"Lo viste en Los Pol\u00edticos"},"url":"https:\/\/lospoliticosveracruz.com\/?author=2"}]}},"_links":{"self":[{"href":"https:\/\/lospoliticosveracruz.com\/index.php?rest_route=\/wp\/v2\/posts\/146323","targetHints":{"allow":["GET"]}}],"collection":[{"href":"https:\/\/lospoliticosveracruz.com\/index.php?rest_route=\/wp\/v2\/posts"}],"about":[{"href":"https:\/\/lospoliticosveracruz.com\/index.php?rest_route=\/wp\/v2\/types\/post"}],"author":[{"embeddable":true,"href":"https:\/\/lospoliticosveracruz.com\/index.php?rest_route=\/wp\/v2\/users\/2"}],"replies":[{"embeddable":true,"href":"https:\/\/lospoliticosveracruz.com\/index.php?rest_route=%2Fwp%2Fv2%2Fcomments&post=146323"}],"version-history":[{"count":1,"href":"https:\/\/lospoliticosveracruz.com\/index.php?rest_route=\/wp\/v2\/posts\/146323\/revisions"}],"predecessor-version":[{"id":146325,"href":"https:\/\/lospoliticosveracruz.com\/index.php?rest_route=\/wp\/v2\/posts\/146323\/revisions\/146325"}],"wp:featuredmedia":[{"embeddable":true,"href":"https:\/\/lospoliticosveracruz.com\/index.php?rest_route=\/wp\/v2\/media\/141434"}],"wp:attachment":[{"href":"https:\/\/lospoliticosveracruz.com\/index.php?rest_route=%2Fwp%2Fv2%2Fmedia&parent=146323"}],"wp:term":[{"taxonomy":"category","embeddable":true,"href":"https:\/\/lospoliticosveracruz.com\/index.php?rest_route=%2Fwp%2Fv2%2Fcategories&post=146323"},{"taxonomy":"post_tag","embeddable":true,"href":"https:\/\/lospoliticosveracruz.com\/index.php?rest_route=%2Fwp%2Fv2%2Ftags&post=146323"}],"curies":[{"name":"wp","href":"https:\/\/api.w.org\/{rel}","templated":true}]}}