{"id":146328,"date":"2025-06-03T07:06:29","date_gmt":"2025-06-03T12:06:29","guid":{"rendered":"https:\/\/lospoliticosveracruz.com.mx\/?p=146328"},"modified":"2025-06-03T07:06:45","modified_gmt":"2025-06-03T12:06:45","slug":"las-razones-de-la-derrota","status":"publish","type":"post","link":"https:\/\/lospoliticosveracruz.com\/?p=146328","title":{"rendered":"LAS RAZONES DE LA DERROTA"},"content":{"rendered":"\n\n\n<div class=\"wp-block-group is-nowrap is-layout-flex wp-container-core-group-is-layout-ad2f72ca wp-block-group-is-layout-flex\">\n<p><br><strong>Fanny Y\u00e9pez<\/strong><br><em>La Columna<\/em><\/p>\n<\/div>\n\n\n\n<p>Voto de castigo, sufragio diferenciado, malos candidatos, falta de liderazgo, hartazgo social y ausencia de operaci\u00f3n pol\u00edtica, son algunos de los factores que contribuyeron para que el Movimiento de Regeneraci\u00f3n Nacional perdiera la gran mayor\u00eda de los municipios veracruzanos.<br>Con mucho esfuerzo Andr\u00e9s Manuel L\u00f3pez Obrador creo ese partido, con muchas luchas, con traiciones y desenga\u00f1os, pero finalmente lo hizo victorioso y como en las grandes herencias, que reciben quienes nunca sudaron, as\u00ed es como vemos que ese esfuerzo no fue valorado y que descuidaron los \u201cherederos\u201d, porque se la pusieron muy f\u00e1cil y se confiaron. Ahora recuperar el terreno no va a ser tan sencillo.<\/p>\n\n\n\n<p>En la actualidad Morena gobierna en 130 municipios, el PRI 22, PVEM 17, PAN 12, MC 10, PRD 8, PT 6, Todos por Veracruz 2, Fuerza por M\u00e9xico 2, Unidad Ciudadana 1 y Podemos 1. Esta radiograf\u00eda se des configuro y coloca a la 4t en un escenario adverso, que podr\u00eda provocar que el partido guinda pierda la mayor\u00eda en el congreso en las pr\u00f3ximas elecciones intermedias.<br>Con el 99.05% de actas escrutadas, Morena y el Partido Verde Ecologista gobernar\u00edan solamente el 39.81% de los municipios de Veracruz, mientras que el 60.19% ser\u00eda gobernado por partidos de oposici\u00f3n. Y en uno de los 212 municipios de Veracruz no se ha podido computar el resultado del Programa de Resultados Electorales Preliminares 2025.<br>En las filas de Morena urge una sacudida, una severa autocritica, que los responsables reconozcan sus errores que llevaron a esta estrepitosa derrota, que a partir del primero de enero del a\u00f1o pr\u00f3ximo ubica a Morena en una fr\u00e1gil situaci\u00f3n, rumbo al 2027 cuando se registraran en la entidad elecciones intermedias de diputados locales y federales.<br>No es un pron\u00f3stico negativo inventado, la l\u00f3gica as\u00ed lo presenta, porque los alcaldes ganadores de la oposici\u00f3n para quien cree usted que van a trabajar en las elecciones de 2027, pues sencillamente por sus compa\u00f1eros de partido. Y despu\u00e9s vendr\u00e1n las elecciones de 2030, vaya.<br>Cabe destacar que, en 60 municipios, Morena gobernar\u00e1 en coalici\u00f3n con el Partido Verde Ecologista, en 11 estar\u00e1 gobernando solo y en 13 m\u00e1s, gobernar\u00e1 el Partido Verde, aun cuando se apresur\u00f3 a manifestar que habr\u00eda obtenido el triunfo en 140 municipios, el PREP muestra otro resultado, un Veracruz multicolor y no guinda como ocurriera en la pasada elecci\u00f3n.<br>Con el 99.9 por ciento de las actas computadas, este es el porcentaje preliminar de la votaci\u00f3n obtenida por cada uno de los partidos durante las elecciones en Veracruz:<br>Morena y Partido Verde: 956 mil 859 votos, equivalente al 31.99 por ciento de los votos y gobernando 60 municipios.<br>Movimiento Ciudadano: 572 mil 995 votos, equivalente al 19.16 por ciento de los votos y gobernando 41 municipios.<br>PAN: 405 mil 306 votos, equivalente al 13.55 por ciento de los votos y gobernando 34 municipios.<br>PT: 374 mil 320 votos, equivalente al 12.51 por ciento de los votos y gobernando 28 municipios.<br>PRI: 332 mil 258 votos, equivalente al 11.11 por ciento de los votos y gobernando 23 municipios.<br>Morena: 113 mil 754 votos, equivalente al 3.80 por ciento de los votos y gobernando 11 municipios.<br>Partido Verde: 109 mil 415 votos, equivalente al 3.65 por ciento de los votos y gobernando 13 municipios.<br>Candidaturas Independientes: 25 mil 926 votos, equivalente al 0.8712 por ciento de los votos y gobernando un municipio.<br>Del total de 6 millones 118 mil 64 personas que se encontraban en la lista nominal, la participaci\u00f3n ciudadana fue del 49.91 por ciento.<br>Sin lugar a dudas, el que realizo un p\u00e9simo trabajo es el dirigente estatal de Morena, Esteban Ram\u00edrez Zepeta, quien se precipit\u00f3 al asegurar a la l\u00edder Nacional, Luisa Mar\u00eda Alcalde que su partido hab\u00eda triunfado en el estado de Veracruz, en 140 municipios, datos que horas m\u00e1s tarde el propio resultado del conteo de las actas de c\u00f3mputo y escrutinio desmentir\u00edan.<br>Ram\u00edrez Zepeta coloco a Luisa Mar\u00eda Alcalde en entredicho, porque no solo Morena no hab\u00eda triunfado en 140 municipios, sino que por el contrario hab\u00eda perdido el cincuenta por ciento de territorio gobernado en la actualidad.<br>Hoy miles de militantes de Morena se encuentran desencantados, decepcionados, contrariados y enojados con sus l\u00edderes, ese es un mal s\u00edntoma. Porque eso abre las coyunturas para que se geste un enfrentamiento y divisi\u00f3n, que no deben permitir los jefes de Zepeta.<br>Solamente hay que pensar que los otros no est\u00e1n dormidos y van a aplicarse hasta el fondo para conservar ese coto de poder y en las pr\u00f3ximas elecciones repetir el mismo procedimiento.<\/p>\n","protected":false},"excerpt":{"rendered":"<p>Fanny Y\u00e9pezLa Columna Voto de castigo, sufragio diferenciado, malos candidatos, falta de liderazgo, hartazgo social y ausencia de operaci\u00f3n pol\u00edtica, son algunos de los factores que contribuyeron para que el Movimiento de Regeneraci\u00f3n Nacional perdiera la gran mayor\u00eda de los municipios veracruzanos.Con mucho esfuerzo Andr\u00e9s Manuel L\u00f3pez Obrador creo ese partido, con muchas luchas, con [&hellip;]<\/p>\n","protected":false},"author":2,"featured_media":141383,"comment_status":"closed","ping_status":"closed","sticky":false,"template":"","format":"standard","meta":{"tdm_status":"","tdm_grid_status":"","footnotes":""},"categories":[70],"tags":[1026,3578,195],"class_list":{"0":"post-146328","1":"post","2":"type-post","3":"status-publish","4":"format-standard","5":"has-post-thumbnail","7":"category-de-opinion","8":"tag-morena","9":"tag-rocio-nahle","10":"tag-veracruz"},"yoast_head":"<!-- This site is optimized with the Yoast SEO plugin v27.4 - https:\/\/yoast.com\/product\/yoast-seo-wordpress\/ -->\n<title>LAS RAZONES DE LA DERROTA - Los pol\u00edticos Veracruz<\/title>\n<meta name=\"robots\" content=\"index, follow, max-snippet:-1, max-image-preview:large, max-video-preview:-1\" \/>\n<link rel=\"canonical\" href=\"https:\/\/lospoliticosveracruz.com\/?p=146328\" \/>\n<meta property=\"og:locale\" content=\"es_ES\" \/>\n<meta property=\"og:type\" content=\"article\" \/>\n<meta property=\"og:title\" content=\"LAS RAZONES DE LA DERROTA - Los pol\u00edticos Veracruz\" \/>\n<meta property=\"og:description\" content=\"Fanny Y\u00e9pezLa Columna Voto de castigo, sufragio diferenciado, malos candidatos, falta de liderazgo, hartazgo social y ausencia de operaci\u00f3n pol\u00edtica, son algunos de los factores que contribuyeron para que el Movimiento de Regeneraci\u00f3n Nacional perdiera la gran mayor\u00eda de los municipios veracruzanos.Con mucho esfuerzo Andr\u00e9s Manuel L\u00f3pez Obrador creo ese partido, con muchas luchas, con [&hellip;]\" \/>\n<meta property=\"og:url\" content=\"https:\/\/lospoliticosveracruz.com\/?p=146328\" \/>\n<meta property=\"og:site_name\" content=\"Los pol\u00edticos Veracruz\" \/>\n<meta property=\"article:publisher\" content=\"https:\/\/www.facebook.com\/people\/Notimemes-de-los-Polticos\/61565672886568\/\" \/>\n<meta property=\"article:published_time\" content=\"2025-06-03T12:06:29+00:00\" \/>\n<meta property=\"article:modified_time\" content=\"2025-06-03T12:06:45+00:00\" \/>\n<meta property=\"og:image\" content=\"https:\/\/lospoliticosveracruz.com\/wp-content\/uploads\/2025\/04\/Fanny-Yepez-Luna.jpg\" \/>\n\t<meta property=\"og:image:width\" content=\"1250\" \/>\n\t<meta property=\"og:image:height\" content=\"667\" \/>\n\t<meta property=\"og:image:type\" content=\"image\/jpeg\" \/>\n<meta name=\"author\" content=\"Lo viste en Los Pol\u00edticos\" \/>\n<meta name=\"twitter:card\" content=\"summary_large_image\" \/>\n<meta name=\"twitter:creator\" content=\"@LosPoliticosVer\" \/>\n<meta name=\"twitter:site\" content=\"@LosPoliticosVer\" \/>\n<meta name=\"twitter:label1\" content=\"Escrito por\" \/>\n\t<meta name=\"twitter:data1\" content=\"Lo viste en Los Pol\u00edticos\" \/>\n\t<meta name=\"twitter:label2\" content=\"Tiempo de lectura\" \/>\n\t<meta name=\"twitter:data2\" content=\"4 minutos\" \/>\n<script type=\"application\/ld+json\" class=\"yoast-schema-graph\">{\"@context\":\"https:\\\/\\\/schema.org\",\"@graph\":[{\"@type\":\"Article\",\"@id\":\"https:\\\/\\\/lospoliticosveracruz.com\\\/?p=146328#article\",\"isPartOf\":{\"@id\":\"https:\\\/\\\/lospoliticosveracruz.com\\\/?p=146328\"},\"author\":{\"name\":\"Lo viste en Los Pol\u00edticos\",\"@id\":\"https:\\\/\\\/lospoliticosveracruz.com\\\/#\\\/schema\\\/person\\\/b8702bb0e538456e6efd07080bf2a4a2\"},\"headline\":\"LAS RAZONES DE LA DERROTA\",\"datePublished\":\"2025-06-03T12:06:29+00:00\",\"dateModified\":\"2025-06-03T12:06:45+00:00\",\"mainEntityOfPage\":{\"@id\":\"https:\\\/\\\/lospoliticosveracruz.com\\\/?p=146328\"},\"wordCount\":753,\"publisher\":{\"@id\":\"https:\\\/\\\/lospoliticosveracruz.com\\\/#organization\"},\"image\":{\"@id\":\"https:\\\/\\\/lospoliticosveracruz.com\\\/?p=146328#primaryimage\"},\"thumbnailUrl\":\"https:\\\/\\\/lospoliticosveracruz.com\\\/wp-content\\\/uploads\\\/2025\\\/04\\\/Fanny-Yepez-Luna-e1768657334923.jpg\",\"keywords\":[\"Morena\",\"Roc\u00edo Nahle\",\"Veracruz\"],\"articleSection\":[\"De Opini\u00f3n\"],\"inLanguage\":\"es\"},{\"@type\":\"WebPage\",\"@id\":\"https:\\\/\\\/lospoliticosveracruz.com\\\/?p=146328\",\"url\":\"https:\\\/\\\/lospoliticosveracruz.com\\\/?p=146328\",\"name\":\"LAS RAZONES DE LA DERROTA - Los pol\u00edticos Veracruz\",\"isPartOf\":{\"@id\":\"https:\\\/\\\/lospoliticosveracruz.com\\\/#website\"},\"primaryImageOfPage\":{\"@id\":\"https:\\\/\\\/lospoliticosveracruz.com\\\/?p=146328#primaryimage\"},\"image\":{\"@id\":\"https:\\\/\\\/lospoliticosveracruz.com\\\/?p=146328#primaryimage\"},\"thumbnailUrl\":\"https:\\\/\\\/lospoliticosveracruz.com\\\/wp-content\\\/uploads\\\/2025\\\/04\\\/Fanny-Yepez-Luna-e1768657334923.jpg\",\"datePublished\":\"2025-06-03T12:06:29+00:00\",\"dateModified\":\"2025-06-03T12:06:45+00:00\",\"breadcrumb\":{\"@id\":\"https:\\\/\\\/lospoliticosveracruz.com\\\/?p=146328#breadcrumb\"},\"inLanguage\":\"es\",\"potentialAction\":[{\"@type\":\"ReadAction\",\"target\":[\"https:\\\/\\\/lospoliticosveracruz.com\\\/?p=146328\"]}]},{\"@type\":\"ImageObject\",\"inLanguage\":\"es\",\"@id\":\"https:\\\/\\\/lospoliticosveracruz.com\\\/?p=146328#primaryimage\",\"url\":\"https:\\\/\\\/lospoliticosveracruz.com\\\/wp-content\\\/uploads\\\/2025\\\/04\\\/Fanny-Yepez-Luna-e1768657334923.jpg\",\"contentUrl\":\"https:\\\/\\\/lospoliticosveracruz.com\\\/wp-content\\\/uploads\\\/2025\\\/04\\\/Fanny-Yepez-Luna-e1768657334923.jpg\",\"width\":600,\"height\":320},{\"@type\":\"BreadcrumbList\",\"@id\":\"https:\\\/\\\/lospoliticosveracruz.com\\\/?p=146328#breadcrumb\",\"itemListElement\":[{\"@type\":\"ListItem\",\"position\":1,\"name\":\"Portada\",\"item\":\"https:\\\/\\\/lospoliticosveracruz.com\\\/\"},{\"@type\":\"ListItem\",\"position\":2,\"name\":\"LAS RAZONES DE LA DERROTA\"}]},{\"@type\":\"WebSite\",\"@id\":\"https:\\\/\\\/lospoliticosveracruz.com\\\/#website\",\"url\":\"https:\\\/\\\/lospoliticosveracruz.com\\\/\",\"name\":\"Los pol\u00edticos Veracruz\",\"description\":\"\",\"publisher\":{\"@id\":\"https:\\\/\\\/lospoliticosveracruz.com\\\/#organization\"},\"potentialAction\":[{\"@type\":\"SearchAction\",\"target\":{\"@type\":\"EntryPoint\",\"urlTemplate\":\"https:\\\/\\\/lospoliticosveracruz.com\\\/?s={search_term_string}\"},\"query-input\":{\"@type\":\"PropertyValueSpecification\",\"valueRequired\":true,\"valueName\":\"search_term_string\"}}],\"inLanguage\":\"es\"},{\"@type\":\"Organization\",\"@id\":\"https:\\\/\\\/lospoliticosveracruz.com\\\/#organization\",\"name\":\"Los pol\u00edticos Veracruz\",\"url\":\"https:\\\/\\\/lospoliticosveracruz.com\\\/\",\"logo\":{\"@type\":\"ImageObject\",\"inLanguage\":\"es\",\"@id\":\"https:\\\/\\\/lospoliticosveracruz.com\\\/#\\\/schema\\\/logo\\\/image\\\/\",\"url\":\"https:\\\/\\\/lospoliticosveracruz.com\\\/wp-content\\\/uploads\\\/2025\\\/12\\\/Logo-Nuevo-LOS-POLITICOS-1.jpg\",\"contentUrl\":\"https:\\\/\\\/lospoliticosveracruz.com\\\/wp-content\\\/uploads\\\/2025\\\/12\\\/Logo-Nuevo-LOS-POLITICOS-1.jpg\",\"width\":260,\"height\":70,\"caption\":\"Los pol\u00edticos Veracruz\"},\"image\":{\"@id\":\"https:\\\/\\\/lospoliticosveracruz.com\\\/#\\\/schema\\\/logo\\\/image\\\/\"},\"sameAs\":[\"https:\\\/\\\/www.facebook.com\\\/people\\\/Notimemes-de-los-Polticos\\\/61565672886568\\\/\",\"https:\\\/\\\/x.com\\\/LosPoliticosVer\"]},{\"@type\":\"Person\",\"@id\":\"https:\\\/\\\/lospoliticosveracruz.com\\\/#\\\/schema\\\/person\\\/b8702bb0e538456e6efd07080bf2a4a2\",\"name\":\"Lo viste en Los Pol\u00edticos\",\"image\":{\"@type\":\"ImageObject\",\"inLanguage\":\"es\",\"@id\":\"https:\\\/\\\/secure.gravatar.com\\\/avatar\\\/3a8de04a2656d44082be478bd6c086daa447c4651605818287b9532d3d0bd435?s=96&d=mm&r=g\",\"url\":\"https:\\\/\\\/secure.gravatar.com\\\/avatar\\\/3a8de04a2656d44082be478bd6c086daa447c4651605818287b9532d3d0bd435?s=96&d=mm&r=g\",\"contentUrl\":\"https:\\\/\\\/secure.gravatar.com\\\/avatar\\\/3a8de04a2656d44082be478bd6c086daa447c4651605818287b9532d3d0bd435?s=96&d=mm&r=g\",\"caption\":\"Lo viste en Los Pol\u00edticos\"},\"url\":\"https:\\\/\\\/lospoliticosveracruz.com\\\/?author=2\"}]}<\/script>\n<!-- \/ Yoast SEO plugin. -->","yoast_head_json":{"title":"LAS RAZONES DE LA DERROTA - Los pol\u00edticos Veracruz","robots":{"index":"index","follow":"follow","max-snippet":"max-snippet:-1","max-image-preview":"max-image-preview:large","max-video-preview":"max-video-preview:-1"},"canonical":"https:\/\/lospoliticosveracruz.com\/?p=146328","og_locale":"es_ES","og_type":"article","og_title":"LAS RAZONES DE LA DERROTA - Los pol\u00edticos Veracruz","og_description":"Fanny Y\u00e9pezLa Columna Voto de castigo, sufragio diferenciado, malos candidatos, falta de liderazgo, hartazgo social y ausencia de operaci\u00f3n pol\u00edtica, son algunos de los factores que contribuyeron para que el Movimiento de Regeneraci\u00f3n Nacional perdiera la gran mayor\u00eda de los municipios veracruzanos.Con mucho esfuerzo Andr\u00e9s Manuel L\u00f3pez Obrador creo ese partido, con muchas luchas, con [&hellip;]","og_url":"https:\/\/lospoliticosveracruz.com\/?p=146328","og_site_name":"Los pol\u00edticos Veracruz","article_publisher":"https:\/\/www.facebook.com\/people\/Notimemes-de-los-Polticos\/61565672886568\/","article_published_time":"2025-06-03T12:06:29+00:00","article_modified_time":"2025-06-03T12:06:45+00:00","og_image":[{"width":1250,"height":667,"url":"https:\/\/lospoliticosveracruz.com\/wp-content\/uploads\/2025\/04\/Fanny-Yepez-Luna.jpg","type":"image\/jpeg"}],"author":"Lo viste en Los Pol\u00edticos","twitter_card":"summary_large_image","twitter_creator":"@LosPoliticosVer","twitter_site":"@LosPoliticosVer","twitter_misc":{"Escrito por":"Lo viste en Los Pol\u00edticos","Tiempo de lectura":"4 minutos"},"schema":{"@context":"https:\/\/schema.org","@graph":[{"@type":"Article","@id":"https:\/\/lospoliticosveracruz.com\/?p=146328#article","isPartOf":{"@id":"https:\/\/lospoliticosveracruz.com\/?p=146328"},"author":{"name":"Lo viste en Los Pol\u00edticos","@id":"https:\/\/lospoliticosveracruz.com\/#\/schema\/person\/b8702bb0e538456e6efd07080bf2a4a2"},"headline":"LAS RAZONES DE LA DERROTA","datePublished":"2025-06-03T12:06:29+00:00","dateModified":"2025-06-03T12:06:45+00:00","mainEntityOfPage":{"@id":"https:\/\/lospoliticosveracruz.com\/?p=146328"},"wordCount":753,"publisher":{"@id":"https:\/\/lospoliticosveracruz.com\/#organization"},"image":{"@id":"https:\/\/lospoliticosveracruz.com\/?p=146328#primaryimage"},"thumbnailUrl":"https:\/\/lospoliticosveracruz.com\/wp-content\/uploads\/2025\/04\/Fanny-Yepez-Luna-e1768657334923.jpg","keywords":["Morena","Roc\u00edo Nahle","Veracruz"],"articleSection":["De Opini\u00f3n"],"inLanguage":"es"},{"@type":"WebPage","@id":"https:\/\/lospoliticosveracruz.com\/?p=146328","url":"https:\/\/lospoliticosveracruz.com\/?p=146328","name":"LAS RAZONES DE LA DERROTA - Los pol\u00edticos Veracruz","isPartOf":{"@id":"https:\/\/lospoliticosveracruz.com\/#website"},"primaryImageOfPage":{"@id":"https:\/\/lospoliticosveracruz.com\/?p=146328#primaryimage"},"image":{"@id":"https:\/\/lospoliticosveracruz.com\/?p=146328#primaryimage"},"thumbnailUrl":"https:\/\/lospoliticosveracruz.com\/wp-content\/uploads\/2025\/04\/Fanny-Yepez-Luna-e1768657334923.jpg","datePublished":"2025-06-03T12:06:29+00:00","dateModified":"2025-06-03T12:06:45+00:00","breadcrumb":{"@id":"https:\/\/lospoliticosveracruz.com\/?p=146328#breadcrumb"},"inLanguage":"es","potentialAction":[{"@type":"ReadAction","target":["https:\/\/lospoliticosveracruz.com\/?p=146328"]}]},{"@type":"ImageObject","inLanguage":"es","@id":"https:\/\/lospoliticosveracruz.com\/?p=146328#primaryimage","url":"https:\/\/lospoliticosveracruz.com\/wp-content\/uploads\/2025\/04\/Fanny-Yepez-Luna-e1768657334923.jpg","contentUrl":"https:\/\/lospoliticosveracruz.com\/wp-content\/uploads\/2025\/04\/Fanny-Yepez-Luna-e1768657334923.jpg","width":600,"height":320},{"@type":"BreadcrumbList","@id":"https:\/\/lospoliticosveracruz.com\/?p=146328#breadcrumb","itemListElement":[{"@type":"ListItem","position":1,"name":"Portada","item":"https:\/\/lospoliticosveracruz.com\/"},{"@type":"ListItem","position":2,"name":"LAS RAZONES DE LA DERROTA"}]},{"@type":"WebSite","@id":"https:\/\/lospoliticosveracruz.com\/#website","url":"https:\/\/lospoliticosveracruz.com\/","name":"Los pol\u00edticos Veracruz","description":"","publisher":{"@id":"https:\/\/lospoliticosveracruz.com\/#organization"},"potentialAction":[{"@type":"SearchAction","target":{"@type":"EntryPoint","urlTemplate":"https:\/\/lospoliticosveracruz.com\/?s={search_term_string}"},"query-input":{"@type":"PropertyValueSpecification","valueRequired":true,"valueName":"search_term_string"}}],"inLanguage":"es"},{"@type":"Organization","@id":"https:\/\/lospoliticosveracruz.com\/#organization","name":"Los pol\u00edticos Veracruz","url":"https:\/\/lospoliticosveracruz.com\/","logo":{"@type":"ImageObject","inLanguage":"es","@id":"https:\/\/lospoliticosveracruz.com\/#\/schema\/logo\/image\/","url":"https:\/\/lospoliticosveracruz.com\/wp-content\/uploads\/2025\/12\/Logo-Nuevo-LOS-POLITICOS-1.jpg","contentUrl":"https:\/\/lospoliticosveracruz.com\/wp-content\/uploads\/2025\/12\/Logo-Nuevo-LOS-POLITICOS-1.jpg","width":260,"height":70,"caption":"Los pol\u00edticos Veracruz"},"image":{"@id":"https:\/\/lospoliticosveracruz.com\/#\/schema\/logo\/image\/"},"sameAs":["https:\/\/www.facebook.com\/people\/Notimemes-de-los-Polticos\/61565672886568\/","https:\/\/x.com\/LosPoliticosVer"]},{"@type":"Person","@id":"https:\/\/lospoliticosveracruz.com\/#\/schema\/person\/b8702bb0e538456e6efd07080bf2a4a2","name":"Lo viste en Los Pol\u00edticos","image":{"@type":"ImageObject","inLanguage":"es","@id":"https:\/\/secure.gravatar.com\/avatar\/3a8de04a2656d44082be478bd6c086daa447c4651605818287b9532d3d0bd435?s=96&d=mm&r=g","url":"https:\/\/secure.gravatar.com\/avatar\/3a8de04a2656d44082be478bd6c086daa447c4651605818287b9532d3d0bd435?s=96&d=mm&r=g","contentUrl":"https:\/\/secure.gravatar.com\/avatar\/3a8de04a2656d44082be478bd6c086daa447c4651605818287b9532d3d0bd435?s=96&d=mm&r=g","caption":"Lo viste en Los Pol\u00edticos"},"url":"https:\/\/lospoliticosveracruz.com\/?author=2"}]}},"_links":{"self":[{"href":"https:\/\/lospoliticosveracruz.com\/index.php?rest_route=\/wp\/v2\/posts\/146328","targetHints":{"allow":["GET"]}}],"collection":[{"href":"https:\/\/lospoliticosveracruz.com\/index.php?rest_route=\/wp\/v2\/posts"}],"about":[{"href":"https:\/\/lospoliticosveracruz.com\/index.php?rest_route=\/wp\/v2\/types\/post"}],"author":[{"embeddable":true,"href":"https:\/\/lospoliticosveracruz.com\/index.php?rest_route=\/wp\/v2\/users\/2"}],"replies":[{"embeddable":true,"href":"https:\/\/lospoliticosveracruz.com\/index.php?rest_route=%2Fwp%2Fv2%2Fcomments&post=146328"}],"version-history":[{"count":1,"href":"https:\/\/lospoliticosveracruz.com\/index.php?rest_route=\/wp\/v2\/posts\/146328\/revisions"}],"predecessor-version":[{"id":146329,"href":"https:\/\/lospoliticosveracruz.com\/index.php?rest_route=\/wp\/v2\/posts\/146328\/revisions\/146329"}],"wp:featuredmedia":[{"embeddable":true,"href":"https:\/\/lospoliticosveracruz.com\/index.php?rest_route=\/wp\/v2\/media\/141383"}],"wp:attachment":[{"href":"https:\/\/lospoliticosveracruz.com\/index.php?rest_route=%2Fwp%2Fv2%2Fmedia&parent=146328"}],"wp:term":[{"taxonomy":"category","embeddable":true,"href":"https:\/\/lospoliticosveracruz.com\/index.php?rest_route=%2Fwp%2Fv2%2Fcategories&post=146328"},{"taxonomy":"post_tag","embeddable":true,"href":"https:\/\/lospoliticosveracruz.com\/index.php?rest_route=%2Fwp%2Fv2%2Ftags&post=146328"}],"curies":[{"name":"wp","href":"https:\/\/api.w.org\/{rel}","templated":true}]}}