{"id":146371,"date":"2025-06-03T21:00:00","date_gmt":"2025-06-04T02:00:00","guid":{"rendered":"https:\/\/lospoliticosveracruz.com.mx\/?p=146371"},"modified":"2025-06-03T15:50:10","modified_gmt":"2025-06-03T20:50:10","slug":"comunicadoras","status":"publish","type":"post","link":"https:\/\/lospoliticosveracruz.com\/?p=146371","title":{"rendered":"COMUNICADORAS"},"content":{"rendered":"\n\n\n<p><strong>Guadalupe H. Mar<br><\/strong><em>Mira Pol\u00edtica<\/em><\/p>\n\n\n\n<p><strong>EGRESADAS FACICO \u2026<\/strong> A sus poco m\u00e1s de 80 a\u00f1os de fundaci\u00f3n y luego del proceso electoral del pasado domingo uno de junio, la Universidad Veracruzana (UV) sigue manteniendo \u201cla inspiraci\u00f3n de un marcado esp\u00edritu democr\u00e1tico\u201d tal y como lo plasm\u00f3 el entonces gobernador del estado de Veracruz, Jorge Cerd\u00e1n Lara, en el primer p\u00e1rrafo del decreto de septiembre de 1944, que sustent\u00f3 la creaci\u00f3n de nuestra m\u00e1xima casa de estudios en Veracruz.<br>Gracias a ese esp\u00edritu democr\u00e1tico la Universidad Veracruzana ha sido piedra de toque de la educaci\u00f3n superior en M\u00e9xico, con vertientes ideol\u00f3gicas tan distintas pero coincidentes en la grandeza de la entidad veracruzana, independientemente de las trincheras en que sus egresadas y egresados se encuentren circunstancialmente.<br>Como bot\u00f3n que sirva de muestra de lo anterior amables lectoras y lectores, a reserva de que lo confirme el \u00f3rgano electoral local, los municipios m\u00e1s importantes del estado de Veracruz, el de Veracruz puerto y el de Boca del R\u00edo, ser\u00e1n gobernados en unos meses m\u00e1s por dos destacadas egresadas de la Facultad de Ciencias y T\u00e9cnicas de la Comunicaci\u00f3n (Facico) de la Universidad Veracruzana, Rosa Hern\u00e1ndez Espejo y Mar\u00eda Josefina Gamboa Torales, respectivamente.<br>La primera, Rosa Hern\u00e1ndez Espejo, del Partido Movimiento de Regeneraci\u00f3n Nacional mejor conocido como Morena y la segunda, del Partido Acci\u00f3n Nacional (PAN), ambas comunicadoras, con el punto en com\u00fan de haber estudiado en la Universidad Veracruzana y en la Facultad de Comunicaci\u00f3n como se le conoce y llama.<br>Que ambas sean universitarias e hijas de la misma alma mater, da confianza de que la conurbaci\u00f3n que forman ambos municipios se engrandecer\u00e1, aunque cada una de ellas tenga sus filiaciones pol\u00edtico partidistas.<br>Hay confianza y por ende esperanza, en que ambas universitarias y comunicadoras, privilegiar\u00e1n la comunicaci\u00f3n para honrar la confianza de la ciudadan\u00eda que las llev\u00f3 a esos cargos de elecci\u00f3n popular.<br><strong>HABLANDO DE DEMOCRACIA \u2026 <\/strong>Tal y como lo hab\u00edan anunciado, los doctores y acad\u00e9micos Jorge Manzo Denes y Rafael Vela Mart\u00ednez, dieron ayer martes una rueda de prensa all\u00e1 en la ciudad de Xalapa, donde hicieron un llamado p\u00fablico a la Junta de Gobierno de la Universidad Veracruzana para que el proceso de renovaci\u00f3n de la rector\u00eda de la UV se conduzca con apego estricto a la normativa universitaria.<br>Este llamado p\u00fablico lo hicieron a menos de un mes para que venza el plazo legal que tiene la Junta de Gobierno de la Universidad Veracruzana para emitir la convocatoria de renovaci\u00f3n de la rector\u00eda.<br>Advirtieron que interpretar la ley a modo, a conveniencia, ser\u00eda una flagrante violaci\u00f3n a la Ley Org\u00e1nica de la Universidad Veracruzana.<br><strong>COLABORADORES \u2026 <\/strong>La improvisaci\u00f3n y falta de oficio, aunado a la soberbia de no querer aprender, evidenci\u00f3 a los colaboradores del gobierno estatal veracruzano que tuvieron la gran ideota de utilizar el nombre de la reina de la Salsa, Celia Cruz, para darle fuerza al pobre cartel del Salsafest 2025 que se celebrar\u00e1 en el municipio de Boca del R\u00edo, del viernes 13 al domingo 15 de junio.<br>\u201cEste a\u00f1o se rendir\u00e1 homenaje a la Guarachera de Cuba, Celia Cruz\u201d, era parte de los promocionales que difundieron profusamente para dar a conocer este magno evento.<br>Sin embargo, la fundaci\u00f3n denominada \u201cPatrimonio Celia Cruz\u201d, emiti\u00f3 desde su sede en Miami, Florida, que el homenaje que supuestamente se organiz\u00f3 para la Guarachera de Cuba como atractivo del Salsafest 2025, no estaba autorizado por los representantes legales de la artista ni ha sido coordinado con sus canales oficiales, por lo que se tuvieron que rehacer los promocionales a los que borraron lo relativo al homenaje a la cubana reina de la salsa.<br>Por ello la gobernadora del estado, la ingeniera qu\u00edmica Norma Roc\u00edo Nahle Garc\u00eda tuvo que sacar la cara por sus colaboradores y reconocer que hubo una omisi\u00f3n al no procurar en principio los permisos para manejar el nombre de Celia Cruz, asumiendo ella la responsabilidad de la pifia, cuando bien pudo haber dispuesto que el ocurrente, me est\u00e1s oyendo, fuera quien saliera a dar la explicaci\u00f3n.<br>Lo que se mantiene es eso de que \u201cAdem\u00e1s de los conciertos, el sals\u00f3dromo contar\u00e1 con actividades variadas y experiencias culturales pensadas para toda la familia, como parte de la estrategia del Gobierno del Estado para fortalecer la identidad musical de Veracruz, detonar la econom\u00eda regional e impulsar el turismo\u201d.<br>D\u00cdGALO SIN MIEDO \u2026 Al correo electr\u00f3nico guadalupehmar@gmail.com<\/p>\n","protected":false},"excerpt":{"rendered":"<p>Guadalupe H. MarMira Pol\u00edtica EGRESADAS FACICO \u2026 A sus poco m\u00e1s de 80 a\u00f1os de fundaci\u00f3n y luego del proceso electoral del pasado domingo uno de junio, la Universidad Veracruzana (UV) sigue manteniendo \u201cla inspiraci\u00f3n de un marcado esp\u00edritu democr\u00e1tico\u201d tal y como lo plasm\u00f3 el entonces gobernador del estado de Veracruz, Jorge Cerd\u00e1n Lara, [&hellip;]<\/p>\n","protected":false},"author":2,"featured_media":141398,"comment_status":"closed","ping_status":"closed","sticky":false,"template":"","format":"standard","meta":{"tdm_status":"","tdm_grid_status":"","footnotes":""},"categories":[70],"tags":[1606,219],"class_list":{"0":"post-146371","1":"post","2":"type-post","3":"status-publish","4":"format-standard","5":"has-post-thumbnail","7":"category-de-opinion","8":"tag-guadalupe-h-mar","9":"tag-universidad-veracruzana"},"yoast_head":"<!-- This site is optimized with the Yoast SEO plugin v27.4 - https:\/\/yoast.com\/product\/yoast-seo-wordpress\/ -->\n<title>COMUNICADORAS - Los pol\u00edticos Veracruz<\/title>\n<meta name=\"robots\" content=\"index, follow, max-snippet:-1, max-image-preview:large, max-video-preview:-1\" \/>\n<link rel=\"canonical\" href=\"https:\/\/lospoliticosveracruz.com\/?p=146371\" \/>\n<meta property=\"og:locale\" content=\"es_ES\" \/>\n<meta property=\"og:type\" content=\"article\" \/>\n<meta property=\"og:title\" content=\"COMUNICADORAS - Los pol\u00edticos Veracruz\" \/>\n<meta property=\"og:description\" content=\"Guadalupe H. MarMira Pol\u00edtica EGRESADAS FACICO \u2026 A sus poco m\u00e1s de 80 a\u00f1os de fundaci\u00f3n y luego del proceso electoral del pasado domingo uno de junio, la Universidad Veracruzana (UV) sigue manteniendo \u201cla inspiraci\u00f3n de un marcado esp\u00edritu democr\u00e1tico\u201d tal y como lo plasm\u00f3 el entonces gobernador del estado de Veracruz, Jorge Cerd\u00e1n Lara, [&hellip;]\" \/>\n<meta property=\"og:url\" content=\"https:\/\/lospoliticosveracruz.com\/?p=146371\" \/>\n<meta property=\"og:site_name\" content=\"Los pol\u00edticos Veracruz\" \/>\n<meta property=\"article:publisher\" content=\"https:\/\/www.facebook.com\/people\/Notimemes-de-los-Polticos\/61565672886568\/\" \/>\n<meta property=\"article:published_time\" content=\"2025-06-04T02:00:00+00:00\" \/>\n<meta property=\"og:image\" content=\"https:\/\/lospoliticosveracruz.com\/wp-content\/uploads\/2025\/04\/Lupita-H-Mar.jpg\" \/>\n\t<meta property=\"og:image:width\" content=\"1250\" \/>\n\t<meta property=\"og:image:height\" content=\"667\" \/>\n\t<meta property=\"og:image:type\" content=\"image\/jpeg\" \/>\n<meta name=\"author\" content=\"Lo viste en Los Pol\u00edticos\" \/>\n<meta name=\"twitter:card\" content=\"summary_large_image\" \/>\n<meta name=\"twitter:creator\" content=\"@LosPoliticosVer\" \/>\n<meta name=\"twitter:site\" content=\"@LosPoliticosVer\" \/>\n<meta name=\"twitter:label1\" content=\"Escrito por\" \/>\n\t<meta name=\"twitter:data1\" content=\"Lo viste en Los Pol\u00edticos\" \/>\n\t<meta name=\"twitter:label2\" content=\"Tiempo de lectura\" \/>\n\t<meta name=\"twitter:data2\" content=\"4 minutos\" \/>\n<script type=\"application\/ld+json\" class=\"yoast-schema-graph\">{\"@context\":\"https:\\\/\\\/schema.org\",\"@graph\":[{\"@type\":\"Article\",\"@id\":\"https:\\\/\\\/lospoliticosveracruz.com\\\/?p=146371#article\",\"isPartOf\":{\"@id\":\"https:\\\/\\\/lospoliticosveracruz.com\\\/?p=146371\"},\"author\":{\"name\":\"Lo viste en Los Pol\u00edticos\",\"@id\":\"https:\\\/\\\/lospoliticosveracruz.com\\\/#\\\/schema\\\/person\\\/b8702bb0e538456e6efd07080bf2a4a2\"},\"headline\":\"COMUNICADORAS\",\"datePublished\":\"2025-06-04T02:00:00+00:00\",\"mainEntityOfPage\":{\"@id\":\"https:\\\/\\\/lospoliticosveracruz.com\\\/?p=146371\"},\"wordCount\":786,\"publisher\":{\"@id\":\"https:\\\/\\\/lospoliticosveracruz.com\\\/#organization\"},\"image\":{\"@id\":\"https:\\\/\\\/lospoliticosveracruz.com\\\/?p=146371#primaryimage\"},\"thumbnailUrl\":\"https:\\\/\\\/lospoliticosveracruz.com\\\/wp-content\\\/uploads\\\/2025\\\/04\\\/Lupita-H-Mar.jpg\",\"keywords\":[\"Guadalupe H. Mar\",\"Universidad Veracruzana\"],\"articleSection\":[\"De Opini\u00f3n\"],\"inLanguage\":\"es\"},{\"@type\":\"WebPage\",\"@id\":\"https:\\\/\\\/lospoliticosveracruz.com\\\/?p=146371\",\"url\":\"https:\\\/\\\/lospoliticosveracruz.com\\\/?p=146371\",\"name\":\"COMUNICADORAS - Los pol\u00edticos Veracruz\",\"isPartOf\":{\"@id\":\"https:\\\/\\\/lospoliticosveracruz.com\\\/#website\"},\"primaryImageOfPage\":{\"@id\":\"https:\\\/\\\/lospoliticosveracruz.com\\\/?p=146371#primaryimage\"},\"image\":{\"@id\":\"https:\\\/\\\/lospoliticosveracruz.com\\\/?p=146371#primaryimage\"},\"thumbnailUrl\":\"https:\\\/\\\/lospoliticosveracruz.com\\\/wp-content\\\/uploads\\\/2025\\\/04\\\/Lupita-H-Mar.jpg\",\"datePublished\":\"2025-06-04T02:00:00+00:00\",\"breadcrumb\":{\"@id\":\"https:\\\/\\\/lospoliticosveracruz.com\\\/?p=146371#breadcrumb\"},\"inLanguage\":\"es\",\"potentialAction\":[{\"@type\":\"ReadAction\",\"target\":[\"https:\\\/\\\/lospoliticosveracruz.com\\\/?p=146371\"]}]},{\"@type\":\"ImageObject\",\"inLanguage\":\"es\",\"@id\":\"https:\\\/\\\/lospoliticosveracruz.com\\\/?p=146371#primaryimage\",\"url\":\"https:\\\/\\\/lospoliticosveracruz.com\\\/wp-content\\\/uploads\\\/2025\\\/04\\\/Lupita-H-Mar.jpg\",\"contentUrl\":\"https:\\\/\\\/lospoliticosveracruz.com\\\/wp-content\\\/uploads\\\/2025\\\/04\\\/Lupita-H-Mar.jpg\",\"width\":1250,\"height\":667},{\"@type\":\"BreadcrumbList\",\"@id\":\"https:\\\/\\\/lospoliticosveracruz.com\\\/?p=146371#breadcrumb\",\"itemListElement\":[{\"@type\":\"ListItem\",\"position\":1,\"name\":\"Portada\",\"item\":\"https:\\\/\\\/lospoliticosveracruz.com\\\/\"},{\"@type\":\"ListItem\",\"position\":2,\"name\":\"COMUNICADORAS\"}]},{\"@type\":\"WebSite\",\"@id\":\"https:\\\/\\\/lospoliticosveracruz.com\\\/#website\",\"url\":\"https:\\\/\\\/lospoliticosveracruz.com\\\/\",\"name\":\"Los pol\u00edticos Veracruz\",\"description\":\"\",\"publisher\":{\"@id\":\"https:\\\/\\\/lospoliticosveracruz.com\\\/#organization\"},\"potentialAction\":[{\"@type\":\"SearchAction\",\"target\":{\"@type\":\"EntryPoint\",\"urlTemplate\":\"https:\\\/\\\/lospoliticosveracruz.com\\\/?s={search_term_string}\"},\"query-input\":{\"@type\":\"PropertyValueSpecification\",\"valueRequired\":true,\"valueName\":\"search_term_string\"}}],\"inLanguage\":\"es\"},{\"@type\":\"Organization\",\"@id\":\"https:\\\/\\\/lospoliticosveracruz.com\\\/#organization\",\"name\":\"Los pol\u00edticos Veracruz\",\"url\":\"https:\\\/\\\/lospoliticosveracruz.com\\\/\",\"logo\":{\"@type\":\"ImageObject\",\"inLanguage\":\"es\",\"@id\":\"https:\\\/\\\/lospoliticosveracruz.com\\\/#\\\/schema\\\/logo\\\/image\\\/\",\"url\":\"https:\\\/\\\/lospoliticosveracruz.com\\\/wp-content\\\/uploads\\\/2025\\\/12\\\/Logo-Nuevo-LOS-POLITICOS-1.jpg\",\"contentUrl\":\"https:\\\/\\\/lospoliticosveracruz.com\\\/wp-content\\\/uploads\\\/2025\\\/12\\\/Logo-Nuevo-LOS-POLITICOS-1.jpg\",\"width\":260,\"height\":70,\"caption\":\"Los pol\u00edticos Veracruz\"},\"image\":{\"@id\":\"https:\\\/\\\/lospoliticosveracruz.com\\\/#\\\/schema\\\/logo\\\/image\\\/\"},\"sameAs\":[\"https:\\\/\\\/www.facebook.com\\\/people\\\/Notimemes-de-los-Polticos\\\/61565672886568\\\/\",\"https:\\\/\\\/x.com\\\/LosPoliticosVer\"]},{\"@type\":\"Person\",\"@id\":\"https:\\\/\\\/lospoliticosveracruz.com\\\/#\\\/schema\\\/person\\\/b8702bb0e538456e6efd07080bf2a4a2\",\"name\":\"Lo viste en Los Pol\u00edticos\",\"image\":{\"@type\":\"ImageObject\",\"inLanguage\":\"es\",\"@id\":\"https:\\\/\\\/secure.gravatar.com\\\/avatar\\\/3a8de04a2656d44082be478bd6c086daa447c4651605818287b9532d3d0bd435?s=96&d=mm&r=g\",\"url\":\"https:\\\/\\\/secure.gravatar.com\\\/avatar\\\/3a8de04a2656d44082be478bd6c086daa447c4651605818287b9532d3d0bd435?s=96&d=mm&r=g\",\"contentUrl\":\"https:\\\/\\\/secure.gravatar.com\\\/avatar\\\/3a8de04a2656d44082be478bd6c086daa447c4651605818287b9532d3d0bd435?s=96&d=mm&r=g\",\"caption\":\"Lo viste en Los Pol\u00edticos\"},\"url\":\"https:\\\/\\\/lospoliticosveracruz.com\\\/?author=2\"}]}<\/script>\n<!-- \/ Yoast SEO plugin. -->","yoast_head_json":{"title":"COMUNICADORAS - Los pol\u00edticos Veracruz","robots":{"index":"index","follow":"follow","max-snippet":"max-snippet:-1","max-image-preview":"max-image-preview:large","max-video-preview":"max-video-preview:-1"},"canonical":"https:\/\/lospoliticosveracruz.com\/?p=146371","og_locale":"es_ES","og_type":"article","og_title":"COMUNICADORAS - Los pol\u00edticos Veracruz","og_description":"Guadalupe H. MarMira Pol\u00edtica EGRESADAS FACICO \u2026 A sus poco m\u00e1s de 80 a\u00f1os de fundaci\u00f3n y luego del proceso electoral del pasado domingo uno de junio, la Universidad Veracruzana (UV) sigue manteniendo \u201cla inspiraci\u00f3n de un marcado esp\u00edritu democr\u00e1tico\u201d tal y como lo plasm\u00f3 el entonces gobernador del estado de Veracruz, Jorge Cerd\u00e1n Lara, [&hellip;]","og_url":"https:\/\/lospoliticosveracruz.com\/?p=146371","og_site_name":"Los pol\u00edticos Veracruz","article_publisher":"https:\/\/www.facebook.com\/people\/Notimemes-de-los-Polticos\/61565672886568\/","article_published_time":"2025-06-04T02:00:00+00:00","og_image":[{"width":1250,"height":667,"url":"https:\/\/lospoliticosveracruz.com\/wp-content\/uploads\/2025\/04\/Lupita-H-Mar.jpg","type":"image\/jpeg"}],"author":"Lo viste en Los Pol\u00edticos","twitter_card":"summary_large_image","twitter_creator":"@LosPoliticosVer","twitter_site":"@LosPoliticosVer","twitter_misc":{"Escrito por":"Lo viste en Los Pol\u00edticos","Tiempo de lectura":"4 minutos"},"schema":{"@context":"https:\/\/schema.org","@graph":[{"@type":"Article","@id":"https:\/\/lospoliticosveracruz.com\/?p=146371#article","isPartOf":{"@id":"https:\/\/lospoliticosveracruz.com\/?p=146371"},"author":{"name":"Lo viste en Los Pol\u00edticos","@id":"https:\/\/lospoliticosveracruz.com\/#\/schema\/person\/b8702bb0e538456e6efd07080bf2a4a2"},"headline":"COMUNICADORAS","datePublished":"2025-06-04T02:00:00+00:00","mainEntityOfPage":{"@id":"https:\/\/lospoliticosveracruz.com\/?p=146371"},"wordCount":786,"publisher":{"@id":"https:\/\/lospoliticosveracruz.com\/#organization"},"image":{"@id":"https:\/\/lospoliticosveracruz.com\/?p=146371#primaryimage"},"thumbnailUrl":"https:\/\/lospoliticosveracruz.com\/wp-content\/uploads\/2025\/04\/Lupita-H-Mar.jpg","keywords":["Guadalupe H. Mar","Universidad Veracruzana"],"articleSection":["De Opini\u00f3n"],"inLanguage":"es"},{"@type":"WebPage","@id":"https:\/\/lospoliticosveracruz.com\/?p=146371","url":"https:\/\/lospoliticosveracruz.com\/?p=146371","name":"COMUNICADORAS - Los pol\u00edticos Veracruz","isPartOf":{"@id":"https:\/\/lospoliticosveracruz.com\/#website"},"primaryImageOfPage":{"@id":"https:\/\/lospoliticosveracruz.com\/?p=146371#primaryimage"},"image":{"@id":"https:\/\/lospoliticosveracruz.com\/?p=146371#primaryimage"},"thumbnailUrl":"https:\/\/lospoliticosveracruz.com\/wp-content\/uploads\/2025\/04\/Lupita-H-Mar.jpg","datePublished":"2025-06-04T02:00:00+00:00","breadcrumb":{"@id":"https:\/\/lospoliticosveracruz.com\/?p=146371#breadcrumb"},"inLanguage":"es","potentialAction":[{"@type":"ReadAction","target":["https:\/\/lospoliticosveracruz.com\/?p=146371"]}]},{"@type":"ImageObject","inLanguage":"es","@id":"https:\/\/lospoliticosveracruz.com\/?p=146371#primaryimage","url":"https:\/\/lospoliticosveracruz.com\/wp-content\/uploads\/2025\/04\/Lupita-H-Mar.jpg","contentUrl":"https:\/\/lospoliticosveracruz.com\/wp-content\/uploads\/2025\/04\/Lupita-H-Mar.jpg","width":1250,"height":667},{"@type":"BreadcrumbList","@id":"https:\/\/lospoliticosveracruz.com\/?p=146371#breadcrumb","itemListElement":[{"@type":"ListItem","position":1,"name":"Portada","item":"https:\/\/lospoliticosveracruz.com\/"},{"@type":"ListItem","position":2,"name":"COMUNICADORAS"}]},{"@type":"WebSite","@id":"https:\/\/lospoliticosveracruz.com\/#website","url":"https:\/\/lospoliticosveracruz.com\/","name":"Los pol\u00edticos Veracruz","description":"","publisher":{"@id":"https:\/\/lospoliticosveracruz.com\/#organization"},"potentialAction":[{"@type":"SearchAction","target":{"@type":"EntryPoint","urlTemplate":"https:\/\/lospoliticosveracruz.com\/?s={search_term_string}"},"query-input":{"@type":"PropertyValueSpecification","valueRequired":true,"valueName":"search_term_string"}}],"inLanguage":"es"},{"@type":"Organization","@id":"https:\/\/lospoliticosveracruz.com\/#organization","name":"Los pol\u00edticos Veracruz","url":"https:\/\/lospoliticosveracruz.com\/","logo":{"@type":"ImageObject","inLanguage":"es","@id":"https:\/\/lospoliticosveracruz.com\/#\/schema\/logo\/image\/","url":"https:\/\/lospoliticosveracruz.com\/wp-content\/uploads\/2025\/12\/Logo-Nuevo-LOS-POLITICOS-1.jpg","contentUrl":"https:\/\/lospoliticosveracruz.com\/wp-content\/uploads\/2025\/12\/Logo-Nuevo-LOS-POLITICOS-1.jpg","width":260,"height":70,"caption":"Los pol\u00edticos Veracruz"},"image":{"@id":"https:\/\/lospoliticosveracruz.com\/#\/schema\/logo\/image\/"},"sameAs":["https:\/\/www.facebook.com\/people\/Notimemes-de-los-Polticos\/61565672886568\/","https:\/\/x.com\/LosPoliticosVer"]},{"@type":"Person","@id":"https:\/\/lospoliticosveracruz.com\/#\/schema\/person\/b8702bb0e538456e6efd07080bf2a4a2","name":"Lo viste en Los Pol\u00edticos","image":{"@type":"ImageObject","inLanguage":"es","@id":"https:\/\/secure.gravatar.com\/avatar\/3a8de04a2656d44082be478bd6c086daa447c4651605818287b9532d3d0bd435?s=96&d=mm&r=g","url":"https:\/\/secure.gravatar.com\/avatar\/3a8de04a2656d44082be478bd6c086daa447c4651605818287b9532d3d0bd435?s=96&d=mm&r=g","contentUrl":"https:\/\/secure.gravatar.com\/avatar\/3a8de04a2656d44082be478bd6c086daa447c4651605818287b9532d3d0bd435?s=96&d=mm&r=g","caption":"Lo viste en Los Pol\u00edticos"},"url":"https:\/\/lospoliticosveracruz.com\/?author=2"}]}},"_links":{"self":[{"href":"https:\/\/lospoliticosveracruz.com\/index.php?rest_route=\/wp\/v2\/posts\/146371","targetHints":{"allow":["GET"]}}],"collection":[{"href":"https:\/\/lospoliticosveracruz.com\/index.php?rest_route=\/wp\/v2\/posts"}],"about":[{"href":"https:\/\/lospoliticosveracruz.com\/index.php?rest_route=\/wp\/v2\/types\/post"}],"author":[{"embeddable":true,"href":"https:\/\/lospoliticosveracruz.com\/index.php?rest_route=\/wp\/v2\/users\/2"}],"replies":[{"embeddable":true,"href":"https:\/\/lospoliticosveracruz.com\/index.php?rest_route=%2Fwp%2Fv2%2Fcomments&post=146371"}],"version-history":[{"count":1,"href":"https:\/\/lospoliticosveracruz.com\/index.php?rest_route=\/wp\/v2\/posts\/146371\/revisions"}],"predecessor-version":[{"id":146372,"href":"https:\/\/lospoliticosveracruz.com\/index.php?rest_route=\/wp\/v2\/posts\/146371\/revisions\/146372"}],"wp:featuredmedia":[{"embeddable":true,"href":"https:\/\/lospoliticosveracruz.com\/index.php?rest_route=\/wp\/v2\/media\/141398"}],"wp:attachment":[{"href":"https:\/\/lospoliticosveracruz.com\/index.php?rest_route=%2Fwp%2Fv2%2Fmedia&parent=146371"}],"wp:term":[{"taxonomy":"category","embeddable":true,"href":"https:\/\/lospoliticosveracruz.com\/index.php?rest_route=%2Fwp%2Fv2%2Fcategories&post=146371"},{"taxonomy":"post_tag","embeddable":true,"href":"https:\/\/lospoliticosveracruz.com\/index.php?rest_route=%2Fwp%2Fv2%2Ftags&post=146371"}],"curies":[{"name":"wp","href":"https:\/\/api.w.org\/{rel}","templated":true}]}}