{"id":146385,"date":"2025-06-03T18:51:50","date_gmt":"2025-06-03T23:51:50","guid":{"rendered":"https:\/\/lospoliticosveracruz.com.mx\/?p=146385"},"modified":"2025-06-03T18:52:03","modified_gmt":"2025-06-03T23:52:03","slug":"con-violencia-morena-quiere-arrebatar-boca","status":"publish","type":"post","link":"https:\/\/lospoliticosveracruz.com\/?p=146385","title":{"rendered":"CON VIOLENCIA, MORENA QUIERE ARREBATAR BOCA!"},"content":{"rendered":"\n\n\n<p><br>El Comit\u00e9 Ejecutivo Nacional del Partido Acci\u00f3n Nacional denuncia y condena en\u00e9rgicamente los hechos ocurridos la madrugada del lunes en la sede del OPLE en el municipio de Boca del R\u00edo, Veracruz, donde un grupo de militantes y operadores de Morena intentaron ingresar ilegalmente a la bodega que resguarda los paquetes electorales.<\/p>\n\n\n\n<p>La irrupci\u00f3n, encabezada por Felipe Sosa, operador pol\u00edtico con antecedentes penales por delitos electorales y vinculado al exgobernador Javier Duarte, cont\u00f3 con la presencia de militantes de Morena e individuos que se ostentan como cercanos a Jos\u00e9 Luis Pe\u00f1a Pe\u00f1a, esposo de la gobernadora Roc\u00edo Nahle. Estos posibles v\u00ednculos refuerzan la sospecha de una operaci\u00f3n coordinada desde el m\u00e1s alto nivel del gobierno estatal.<\/p>\n\n\n\n<p>A\u00fan m\u00e1s grave es la presencia de elementos de la fiscal\u00eda del estado rondando la sede electoral sin ninguna justificaci\u00f3n legal, lo que indica un posible encubrimiento institucional para facilitar la manipulaci\u00f3n de los resultados.<\/p>\n\n\n\n<p>La ganadora de la contienda es Mar\u00eda Josefina Gamboa Torales. Ella obtuvo el respaldo claro de la ciudadan\u00eda, y vamos a defender su triunfo. Morena fue derrotado en la mayor\u00eda de los municipios que gobernaba en Veracruz, y hoy busca revertir su fracaso con violencia y presi\u00f3n.<\/p>\n\n\n\n<p><strong>Desde el PAN exigimos:<\/strong><\/p>\n\n\n\n<ul class=\"wp-block-list\">\n<li><strong><em>1.\u200bInvestigaci\u00f3n inmediata y castigo ejemplar para quienes intentaron ingresar a la sede electoral.<\/em><\/strong><\/li>\n\n\n\n<li><strong><em>2.\u200bProtecci\u00f3n imparcial de los paquetes electorales por parte de elementos de seguridad a nivel federal.<\/em><\/strong><\/li>\n\n\n\n<li><strong><em>3.\u200bExplicaciones p\u00fablicas del porqu\u00e9 agentes de la fiscal\u00eda se encontraban en la escena.<\/em><\/strong><\/li>\n\n\n\n<li><strong><em>4.\u200bAcci\u00f3n urgente del INE y del gobierno del estado de Veracruz para garantizar la integridad del proceso.<\/em><\/strong><\/li>\n<\/ul>\n\n\n\n<p>Anunciamos adem\u00e1s que hemos organizado guardias ciudadanas pac\u00edficas para proteger la sede electoral durante el conteo de votos y evitar cualquier intento de fraude.<\/p>\n\n\n\n<p>En Acci\u00f3n Nacional no vamos a permitir que operadores pol\u00edticos y mapaches ligados al viejo r\u00e9gimen, al actual de Morena y a la familia gobernante intenten robar una elecci\u00f3n ya resuelta por la ciudadan\u00eda.<\/p>\n\n\n\n<p>\u00a1Los votos se respetan y la democracia se defiende!<\/p>\n","protected":false},"excerpt":{"rendered":"<p>El Comit\u00e9 Ejecutivo Nacional del Partido Acci\u00f3n Nacional denuncia y condena en\u00e9rgicamente los hechos ocurridos la madrugada del lunes en la sede del OPLE en el municipio de Boca del R\u00edo, Veracruz, donde un grupo de militantes y operadores de Morena intentaron ingresar ilegalmente a la bodega que resguarda los paquetes electorales. La irrupci\u00f3n, encabezada [&hellip;]<\/p>\n","protected":false},"author":2,"featured_media":146386,"comment_status":"closed","ping_status":"closed","sticky":false,"template":"","format":"standard","meta":{"tdm_status":"","tdm_grid_status":"","footnotes":""},"categories":[73],"tags":[],"class_list":{"0":"post-146385","1":"post","2":"type-post","3":"status-publish","4":"format-standard","5":"has-post-thumbnail","7":"category-de-boleto"},"yoast_head":"<!-- This site is optimized with the Yoast SEO plugin v27.4 - https:\/\/yoast.com\/product\/yoast-seo-wordpress\/ -->\n<title>CON VIOLENCIA, MORENA QUIERE ARREBATAR BOCA! - Los pol\u00edticos Veracruz<\/title>\n<meta name=\"robots\" content=\"index, follow, max-snippet:-1, max-image-preview:large, max-video-preview:-1\" \/>\n<link rel=\"canonical\" href=\"https:\/\/lospoliticosveracruz.com\/?p=146385\" \/>\n<meta property=\"og:locale\" content=\"es_ES\" \/>\n<meta property=\"og:type\" content=\"article\" \/>\n<meta property=\"og:title\" content=\"CON VIOLENCIA, MORENA QUIERE ARREBATAR BOCA! - Los pol\u00edticos Veracruz\" \/>\n<meta property=\"og:description\" content=\"El Comit\u00e9 Ejecutivo Nacional del Partido Acci\u00f3n Nacional denuncia y condena en\u00e9rgicamente los hechos ocurridos la madrugada del lunes en la sede del OPLE en el municipio de Boca del R\u00edo, Veracruz, donde un grupo de militantes y operadores de Morena intentaron ingresar ilegalmente a la bodega que resguarda los paquetes electorales. La irrupci\u00f3n, encabezada [&hellip;]\" \/>\n<meta property=\"og:url\" content=\"https:\/\/lospoliticosveracruz.com\/?p=146385\" \/>\n<meta property=\"og:site_name\" content=\"Los pol\u00edticos Veracruz\" \/>\n<meta property=\"article:publisher\" content=\"https:\/\/www.facebook.com\/people\/Notimemes-de-los-Polticos\/61565672886568\/\" \/>\n<meta property=\"article:published_time\" content=\"2025-06-03T23:51:50+00:00\" \/>\n<meta property=\"article:modified_time\" content=\"2025-06-03T23:52:03+00:00\" \/>\n<meta property=\"og:image\" content=\"https:\/\/lospoliticosveracruz.com\/wp-content\/uploads\/2025\/06\/IMG_1850.png\" \/>\n\t<meta property=\"og:image:width\" content=\"600\" \/>\n\t<meta property=\"og:image:height\" content=\"320\" \/>\n\t<meta property=\"og:image:type\" content=\"image\/png\" \/>\n<meta name=\"author\" content=\"Lo viste en Los Pol\u00edticos\" \/>\n<meta name=\"twitter:card\" content=\"summary_large_image\" \/>\n<meta name=\"twitter:creator\" content=\"@LosPoliticosVer\" \/>\n<meta name=\"twitter:site\" content=\"@LosPoliticosVer\" \/>\n<meta name=\"twitter:label1\" content=\"Escrito por\" \/>\n\t<meta name=\"twitter:data1\" content=\"Lo viste en Los Pol\u00edticos\" \/>\n\t<meta name=\"twitter:label2\" content=\"Tiempo de lectura\" \/>\n\t<meta name=\"twitter:data2\" content=\"2 minutos\" \/>\n<script type=\"application\/ld+json\" class=\"yoast-schema-graph\">{\"@context\":\"https:\\\/\\\/schema.org\",\"@graph\":[{\"@type\":\"Article\",\"@id\":\"https:\\\/\\\/lospoliticosveracruz.com\\\/?p=146385#article\",\"isPartOf\":{\"@id\":\"https:\\\/\\\/lospoliticosveracruz.com\\\/?p=146385\"},\"author\":{\"name\":\"Lo viste en Los Pol\u00edticos\",\"@id\":\"https:\\\/\\\/lospoliticosveracruz.com\\\/#\\\/schema\\\/person\\\/b8702bb0e538456e6efd07080bf2a4a2\"},\"headline\":\"CON VIOLENCIA, MORENA QUIERE ARREBATAR BOCA!\",\"datePublished\":\"2025-06-03T23:51:50+00:00\",\"dateModified\":\"2025-06-03T23:52:03+00:00\",\"mainEntityOfPage\":{\"@id\":\"https:\\\/\\\/lospoliticosveracruz.com\\\/?p=146385\"},\"wordCount\":365,\"publisher\":{\"@id\":\"https:\\\/\\\/lospoliticosveracruz.com\\\/#organization\"},\"image\":{\"@id\":\"https:\\\/\\\/lospoliticosveracruz.com\\\/?p=146385#primaryimage\"},\"thumbnailUrl\":\"https:\\\/\\\/lospoliticosveracruz.com\\\/wp-content\\\/uploads\\\/2025\\\/06\\\/IMG_1850.png\",\"articleSection\":[\"De Boleto\"],\"inLanguage\":\"es\"},{\"@type\":\"WebPage\",\"@id\":\"https:\\\/\\\/lospoliticosveracruz.com\\\/?p=146385\",\"url\":\"https:\\\/\\\/lospoliticosveracruz.com\\\/?p=146385\",\"name\":\"CON VIOLENCIA, MORENA QUIERE ARREBATAR BOCA! - Los pol\u00edticos Veracruz\",\"isPartOf\":{\"@id\":\"https:\\\/\\\/lospoliticosveracruz.com\\\/#website\"},\"primaryImageOfPage\":{\"@id\":\"https:\\\/\\\/lospoliticosveracruz.com\\\/?p=146385#primaryimage\"},\"image\":{\"@id\":\"https:\\\/\\\/lospoliticosveracruz.com\\\/?p=146385#primaryimage\"},\"thumbnailUrl\":\"https:\\\/\\\/lospoliticosveracruz.com\\\/wp-content\\\/uploads\\\/2025\\\/06\\\/IMG_1850.png\",\"datePublished\":\"2025-06-03T23:51:50+00:00\",\"dateModified\":\"2025-06-03T23:52:03+00:00\",\"breadcrumb\":{\"@id\":\"https:\\\/\\\/lospoliticosveracruz.com\\\/?p=146385#breadcrumb\"},\"inLanguage\":\"es\",\"potentialAction\":[{\"@type\":\"ReadAction\",\"target\":[\"https:\\\/\\\/lospoliticosveracruz.com\\\/?p=146385\"]}]},{\"@type\":\"ImageObject\",\"inLanguage\":\"es\",\"@id\":\"https:\\\/\\\/lospoliticosveracruz.com\\\/?p=146385#primaryimage\",\"url\":\"https:\\\/\\\/lospoliticosveracruz.com\\\/wp-content\\\/uploads\\\/2025\\\/06\\\/IMG_1850.png\",\"contentUrl\":\"https:\\\/\\\/lospoliticosveracruz.com\\\/wp-content\\\/uploads\\\/2025\\\/06\\\/IMG_1850.png\",\"width\":600,\"height\":320},{\"@type\":\"BreadcrumbList\",\"@id\":\"https:\\\/\\\/lospoliticosveracruz.com\\\/?p=146385#breadcrumb\",\"itemListElement\":[{\"@type\":\"ListItem\",\"position\":1,\"name\":\"Portada\",\"item\":\"https:\\\/\\\/lospoliticosveracruz.com\\\/\"},{\"@type\":\"ListItem\",\"position\":2,\"name\":\"CON VIOLENCIA, MORENA QUIERE ARREBATAR BOCA!\"}]},{\"@type\":\"WebSite\",\"@id\":\"https:\\\/\\\/lospoliticosveracruz.com\\\/#website\",\"url\":\"https:\\\/\\\/lospoliticosveracruz.com\\\/\",\"name\":\"Los pol\u00edticos Veracruz\",\"description\":\"\",\"publisher\":{\"@id\":\"https:\\\/\\\/lospoliticosveracruz.com\\\/#organization\"},\"potentialAction\":[{\"@type\":\"SearchAction\",\"target\":{\"@type\":\"EntryPoint\",\"urlTemplate\":\"https:\\\/\\\/lospoliticosveracruz.com\\\/?s={search_term_string}\"},\"query-input\":{\"@type\":\"PropertyValueSpecification\",\"valueRequired\":true,\"valueName\":\"search_term_string\"}}],\"inLanguage\":\"es\"},{\"@type\":\"Organization\",\"@id\":\"https:\\\/\\\/lospoliticosveracruz.com\\\/#organization\",\"name\":\"Los pol\u00edticos Veracruz\",\"url\":\"https:\\\/\\\/lospoliticosveracruz.com\\\/\",\"logo\":{\"@type\":\"ImageObject\",\"inLanguage\":\"es\",\"@id\":\"https:\\\/\\\/lospoliticosveracruz.com\\\/#\\\/schema\\\/logo\\\/image\\\/\",\"url\":\"https:\\\/\\\/lospoliticosveracruz.com\\\/wp-content\\\/uploads\\\/2025\\\/12\\\/Logo-Nuevo-LOS-POLITICOS-1.jpg\",\"contentUrl\":\"https:\\\/\\\/lospoliticosveracruz.com\\\/wp-content\\\/uploads\\\/2025\\\/12\\\/Logo-Nuevo-LOS-POLITICOS-1.jpg\",\"width\":260,\"height\":70,\"caption\":\"Los pol\u00edticos Veracruz\"},\"image\":{\"@id\":\"https:\\\/\\\/lospoliticosveracruz.com\\\/#\\\/schema\\\/logo\\\/image\\\/\"},\"sameAs\":[\"https:\\\/\\\/www.facebook.com\\\/people\\\/Notimemes-de-los-Polticos\\\/61565672886568\\\/\",\"https:\\\/\\\/x.com\\\/LosPoliticosVer\"]},{\"@type\":\"Person\",\"@id\":\"https:\\\/\\\/lospoliticosveracruz.com\\\/#\\\/schema\\\/person\\\/b8702bb0e538456e6efd07080bf2a4a2\",\"name\":\"Lo viste en Los Pol\u00edticos\",\"image\":{\"@type\":\"ImageObject\",\"inLanguage\":\"es\",\"@id\":\"https:\\\/\\\/secure.gravatar.com\\\/avatar\\\/3a8de04a2656d44082be478bd6c086daa447c4651605818287b9532d3d0bd435?s=96&d=mm&r=g\",\"url\":\"https:\\\/\\\/secure.gravatar.com\\\/avatar\\\/3a8de04a2656d44082be478bd6c086daa447c4651605818287b9532d3d0bd435?s=96&d=mm&r=g\",\"contentUrl\":\"https:\\\/\\\/secure.gravatar.com\\\/avatar\\\/3a8de04a2656d44082be478bd6c086daa447c4651605818287b9532d3d0bd435?s=96&d=mm&r=g\",\"caption\":\"Lo viste en Los Pol\u00edticos\"},\"url\":\"https:\\\/\\\/lospoliticosveracruz.com\\\/?author=2\"}]}<\/script>\n<!-- \/ Yoast SEO plugin. -->","yoast_head_json":{"title":"CON VIOLENCIA, MORENA QUIERE ARREBATAR BOCA! - Los pol\u00edticos Veracruz","robots":{"index":"index","follow":"follow","max-snippet":"max-snippet:-1","max-image-preview":"max-image-preview:large","max-video-preview":"max-video-preview:-1"},"canonical":"https:\/\/lospoliticosveracruz.com\/?p=146385","og_locale":"es_ES","og_type":"article","og_title":"CON VIOLENCIA, MORENA QUIERE ARREBATAR BOCA! - Los pol\u00edticos Veracruz","og_description":"El Comit\u00e9 Ejecutivo Nacional del Partido Acci\u00f3n Nacional denuncia y condena en\u00e9rgicamente los hechos ocurridos la madrugada del lunes en la sede del OPLE en el municipio de Boca del R\u00edo, Veracruz, donde un grupo de militantes y operadores de Morena intentaron ingresar ilegalmente a la bodega que resguarda los paquetes electorales. La irrupci\u00f3n, encabezada [&hellip;]","og_url":"https:\/\/lospoliticosveracruz.com\/?p=146385","og_site_name":"Los pol\u00edticos Veracruz","article_publisher":"https:\/\/www.facebook.com\/people\/Notimemes-de-los-Polticos\/61565672886568\/","article_published_time":"2025-06-03T23:51:50+00:00","article_modified_time":"2025-06-03T23:52:03+00:00","og_image":[{"width":600,"height":320,"url":"https:\/\/lospoliticosveracruz.com\/wp-content\/uploads\/2025\/06\/IMG_1850.png","type":"image\/png"}],"author":"Lo viste en Los Pol\u00edticos","twitter_card":"summary_large_image","twitter_creator":"@LosPoliticosVer","twitter_site":"@LosPoliticosVer","twitter_misc":{"Escrito por":"Lo viste en Los Pol\u00edticos","Tiempo de lectura":"2 minutos"},"schema":{"@context":"https:\/\/schema.org","@graph":[{"@type":"Article","@id":"https:\/\/lospoliticosveracruz.com\/?p=146385#article","isPartOf":{"@id":"https:\/\/lospoliticosveracruz.com\/?p=146385"},"author":{"name":"Lo viste en Los Pol\u00edticos","@id":"https:\/\/lospoliticosveracruz.com\/#\/schema\/person\/b8702bb0e538456e6efd07080bf2a4a2"},"headline":"CON VIOLENCIA, MORENA QUIERE ARREBATAR BOCA!","datePublished":"2025-06-03T23:51:50+00:00","dateModified":"2025-06-03T23:52:03+00:00","mainEntityOfPage":{"@id":"https:\/\/lospoliticosveracruz.com\/?p=146385"},"wordCount":365,"publisher":{"@id":"https:\/\/lospoliticosveracruz.com\/#organization"},"image":{"@id":"https:\/\/lospoliticosveracruz.com\/?p=146385#primaryimage"},"thumbnailUrl":"https:\/\/lospoliticosveracruz.com\/wp-content\/uploads\/2025\/06\/IMG_1850.png","articleSection":["De Boleto"],"inLanguage":"es"},{"@type":"WebPage","@id":"https:\/\/lospoliticosveracruz.com\/?p=146385","url":"https:\/\/lospoliticosveracruz.com\/?p=146385","name":"CON VIOLENCIA, MORENA QUIERE ARREBATAR BOCA! - Los pol\u00edticos Veracruz","isPartOf":{"@id":"https:\/\/lospoliticosveracruz.com\/#website"},"primaryImageOfPage":{"@id":"https:\/\/lospoliticosveracruz.com\/?p=146385#primaryimage"},"image":{"@id":"https:\/\/lospoliticosveracruz.com\/?p=146385#primaryimage"},"thumbnailUrl":"https:\/\/lospoliticosveracruz.com\/wp-content\/uploads\/2025\/06\/IMG_1850.png","datePublished":"2025-06-03T23:51:50+00:00","dateModified":"2025-06-03T23:52:03+00:00","breadcrumb":{"@id":"https:\/\/lospoliticosveracruz.com\/?p=146385#breadcrumb"},"inLanguage":"es","potentialAction":[{"@type":"ReadAction","target":["https:\/\/lospoliticosveracruz.com\/?p=146385"]}]},{"@type":"ImageObject","inLanguage":"es","@id":"https:\/\/lospoliticosveracruz.com\/?p=146385#primaryimage","url":"https:\/\/lospoliticosveracruz.com\/wp-content\/uploads\/2025\/06\/IMG_1850.png","contentUrl":"https:\/\/lospoliticosveracruz.com\/wp-content\/uploads\/2025\/06\/IMG_1850.png","width":600,"height":320},{"@type":"BreadcrumbList","@id":"https:\/\/lospoliticosveracruz.com\/?p=146385#breadcrumb","itemListElement":[{"@type":"ListItem","position":1,"name":"Portada","item":"https:\/\/lospoliticosveracruz.com\/"},{"@type":"ListItem","position":2,"name":"CON VIOLENCIA, MORENA QUIERE ARREBATAR BOCA!"}]},{"@type":"WebSite","@id":"https:\/\/lospoliticosveracruz.com\/#website","url":"https:\/\/lospoliticosveracruz.com\/","name":"Los pol\u00edticos Veracruz","description":"","publisher":{"@id":"https:\/\/lospoliticosveracruz.com\/#organization"},"potentialAction":[{"@type":"SearchAction","target":{"@type":"EntryPoint","urlTemplate":"https:\/\/lospoliticosveracruz.com\/?s={search_term_string}"},"query-input":{"@type":"PropertyValueSpecification","valueRequired":true,"valueName":"search_term_string"}}],"inLanguage":"es"},{"@type":"Organization","@id":"https:\/\/lospoliticosveracruz.com\/#organization","name":"Los pol\u00edticos Veracruz","url":"https:\/\/lospoliticosveracruz.com\/","logo":{"@type":"ImageObject","inLanguage":"es","@id":"https:\/\/lospoliticosveracruz.com\/#\/schema\/logo\/image\/","url":"https:\/\/lospoliticosveracruz.com\/wp-content\/uploads\/2025\/12\/Logo-Nuevo-LOS-POLITICOS-1.jpg","contentUrl":"https:\/\/lospoliticosveracruz.com\/wp-content\/uploads\/2025\/12\/Logo-Nuevo-LOS-POLITICOS-1.jpg","width":260,"height":70,"caption":"Los pol\u00edticos Veracruz"},"image":{"@id":"https:\/\/lospoliticosveracruz.com\/#\/schema\/logo\/image\/"},"sameAs":["https:\/\/www.facebook.com\/people\/Notimemes-de-los-Polticos\/61565672886568\/","https:\/\/x.com\/LosPoliticosVer"]},{"@type":"Person","@id":"https:\/\/lospoliticosveracruz.com\/#\/schema\/person\/b8702bb0e538456e6efd07080bf2a4a2","name":"Lo viste en Los Pol\u00edticos","image":{"@type":"ImageObject","inLanguage":"es","@id":"https:\/\/secure.gravatar.com\/avatar\/3a8de04a2656d44082be478bd6c086daa447c4651605818287b9532d3d0bd435?s=96&d=mm&r=g","url":"https:\/\/secure.gravatar.com\/avatar\/3a8de04a2656d44082be478bd6c086daa447c4651605818287b9532d3d0bd435?s=96&d=mm&r=g","contentUrl":"https:\/\/secure.gravatar.com\/avatar\/3a8de04a2656d44082be478bd6c086daa447c4651605818287b9532d3d0bd435?s=96&d=mm&r=g","caption":"Lo viste en Los Pol\u00edticos"},"url":"https:\/\/lospoliticosveracruz.com\/?author=2"}]}},"_links":{"self":[{"href":"https:\/\/lospoliticosveracruz.com\/index.php?rest_route=\/wp\/v2\/posts\/146385","targetHints":{"allow":["GET"]}}],"collection":[{"href":"https:\/\/lospoliticosveracruz.com\/index.php?rest_route=\/wp\/v2\/posts"}],"about":[{"href":"https:\/\/lospoliticosveracruz.com\/index.php?rest_route=\/wp\/v2\/types\/post"}],"author":[{"embeddable":true,"href":"https:\/\/lospoliticosveracruz.com\/index.php?rest_route=\/wp\/v2\/users\/2"}],"replies":[{"embeddable":true,"href":"https:\/\/lospoliticosveracruz.com\/index.php?rest_route=%2Fwp%2Fv2%2Fcomments&post=146385"}],"version-history":[{"count":1,"href":"https:\/\/lospoliticosveracruz.com\/index.php?rest_route=\/wp\/v2\/posts\/146385\/revisions"}],"predecessor-version":[{"id":146387,"href":"https:\/\/lospoliticosveracruz.com\/index.php?rest_route=\/wp\/v2\/posts\/146385\/revisions\/146387"}],"wp:featuredmedia":[{"embeddable":true,"href":"https:\/\/lospoliticosveracruz.com\/index.php?rest_route=\/wp\/v2\/media\/146386"}],"wp:attachment":[{"href":"https:\/\/lospoliticosveracruz.com\/index.php?rest_route=%2Fwp%2Fv2%2Fmedia&parent=146385"}],"wp:term":[{"taxonomy":"category","embeddable":true,"href":"https:\/\/lospoliticosveracruz.com\/index.php?rest_route=%2Fwp%2Fv2%2Fcategories&post=146385"},{"taxonomy":"post_tag","embeddable":true,"href":"https:\/\/lospoliticosveracruz.com\/index.php?rest_route=%2Fwp%2Fv2%2Ftags&post=146385"}],"curies":[{"name":"wp","href":"https:\/\/api.w.org\/{rel}","templated":true}]}}