{"id":146409,"date":"2025-06-04T08:11:04","date_gmt":"2025-06-04T13:11:04","guid":{"rendered":"https:\/\/lospoliticosveracruz.com.mx\/?p=146409"},"modified":"2025-06-04T08:13:17","modified_gmt":"2025-06-04T13:13:17","slug":"la-soberbia-de-morena","status":"publish","type":"post","link":"https:\/\/lospoliticosveracruz.com\/?p=146409","title":{"rendered":"LA SOBERBIA DE MORENA"},"content":{"rendered":"\n<p><br><strong>Fanny Y\u00e9pez<\/strong><br><em>La Columna<\/em><\/p>\n\n\n\n<p>Sacando datos del ba\u00fal de los recuerdos, rememoramos que el Partido del Trabajo en el mes de abril de este a\u00f1o, ante la falta de acuerdos sobre la designaci\u00f3n de candidaturas comunes rompi\u00f3 la alianza con Morena, por la falta de di\u00e1logo y la soberbia de la dirigencia del partido guinda, seg\u00fan justificaron los l\u00edderes petistas.<\/p>\n\n\n\n<p>Para ser m\u00e1s precisos, el 25 de abril pasado, en conferencia de prensa, el coordinador del PT en la c\u00e1mara de diputados, Reginaldo Sandoval Flores, revel\u00f3 que la relaci\u00f3n de su partido con Morena en ese tiempo \u201cest\u00e1 un poco fr\u00eda, congelada; no hay di\u00e1logo, porque la c\u00fapula guinda prefiri\u00f3 ir en alianza con el Verde en Veracruz\u201d.<\/p>\n\n\n\n<p>Los l\u00edderes de Morena en el estado de Veracruz, no hicieron nada para recomponer la situaci\u00f3n con el PT, por el contrario, marcaron su l\u00ednea y se distanciaron de los petistas, pr\u00e1cticamente los ningunearon, no les vieron posibilidades de triunfo. Quien dir\u00eda que el tiempo y los resultados les dar\u00edan la raz\u00f3n a los l\u00edderes del PT, ganaron 28 presidencias municipales que ahora la alianza \u201cJuntos Haremos Historia\u201d los est\u00e1 sumando a su n\u00famero de triunfos. \u00c9poca de arrepentimientos.<\/p>\n\n\n\n<p>En ese tiempo el coordinador parlamentario petista lanzo una severa advertencia \u201ces a tiempo, porque puede haber un retroceso electoral y perder la mayor\u00eda calificada en 2027. Y Monreal tiene raz\u00f3n, el PT es indispensable para el movimiento: sin nuestros votos, Andr\u00e9s Manuel L\u00f3pez Obrador no habr\u00eda ganado la jefatura de Gobierno de la Ciudad de M\u00e9xico, en 2006\u201d, record\u00f3.<\/p>\n\n\n\n<p>Tal parece que el legislador petista predestin\u00f3 lo que ocurr\u00eda el 1 de junio, la noche triste para los militantes del partido guinda, y ante tal cat\u00e1strofe, Reginaldo Sandoval, se\u00f1al\u00f3 que la \u00absoberbia\u00bb de los morenistas los llev\u00f3 a esta situaci\u00f3n.<\/p>\n\n\n\n<p>Explic\u00f3 que lo anterior fue consecuencia de que solo Morena y el PVEM fueron en alianza para dicho proceso electoral, haciendo a un lado a los petistas. El l\u00edder del PT asegur\u00f3 que hubieran \u201carrasado\u201d si compet\u00edan juntos.<\/p>\n\n\n\n<p>\u201cEs m\u00e1s que obvio que fue un error y que su soberbia (de Morena), le llev\u00f3 a eso (perder municipios) y esperemos que ahora con humildad nos trate correctamente, con dignidad y respeto, porque, si hubi\u00e9ramos ido juntos, hubi\u00e9ramos barrido Veracruz, hubi\u00e9ramos ganado m\u00e1s de 150 municipios\u201d, dijo el diputado federal.<\/p>\n\n\n\n<p>En entrevista con Expansi\u00f3n Pol\u00edtica, coment\u00f3 que espera que los resultados de estos comicios sirvan de lecci\u00f3n para Morena y al PVEM, para resolver las alianzas en las elecciones intermedias de 2027, cuando est\u00e9n en juego las 16 gubernaturas y se renueve la C\u00e1mara de Diputados.<\/p>\n\n\n\n<p>\u201cQue nos sirva de lecci\u00f3n y le sirva de lecci\u00f3n a todos y Morena, PT, Partido Verde, para que todos veamos lo que ocurre y que el pueblo nos pone a cada quien en nuestro lugar\u2026 y tomar esto como una lecci\u00f3n para resolver la ruta de la intermedia en 2027 y ojal\u00e1 que nos ayude a que mejoremos nuestras alianzas y estrategias\u201d, mencion\u00f3.<\/p>\n\n\n\n<p>La declaraci\u00f3n se da luego de que Morena gan\u00f3 71 municipios, de los cuales 60 fueron en alianza con el Partido Verde y el resto de manera individual; sin embargo, en 2021 obtuvieron 87, de ellos 69 fue en uni\u00f3n con el Verde y el PT (16 municipios menos).<\/p>\n\n\n\n<p>Con la cola entre las patas, ante rotundas derrotas, 4 legisladores de Morena y 3 del PAN, MC y del PT retornaran a su curul del palacio legislativo, localizado en la calle del Encanto. No lograron convencer al electorado, el pueblo hablo, les dio el voto de castigo, que descaro, pero eso s\u00ed, no sueltan la dieta.<\/p>\n\n\n\n<p>Siguiendo con el recuento de da\u00f1os para todos los partidos, les comento que en las altas monta\u00f1as, el PRI gano 7 municipios: Orizaba, Rafael Delgado, Soledad Atzompa, Los Reyes, Tlaquilpa, Mixtla de Altamirano y Yanga; en tanto el PAN triunfo en 8 alcald\u00edas: Rio Blanco, Huatusco, Ixhuatl\u00e1n del Caf\u00e9, Alpatlahuac, Tomatl\u00e1n, Chocam\u00e1n, Atoyac y La Perla.<\/p>\n\n\n\n<p>El PT se llev\u00f3 7 victorias: Acultzingo, Ciudad Mendoza, Nogales, Mariano Escobedo, Tequila, Tlilapan e Ixhuatlancillo; El MC tambi\u00e9n obtuvo 7 triunfos, Zongolica, Atzacan, Maltrata, Calcahualco, Coscomatec, Fort\u00edn de las Flores y Maltrata. Y Morena solo gano 3 presidencias municipales, C\u00f3rdoba, Amatl\u00e1n e Ixtlaczoquitl\u00e1n .<\/p>\n\n\n\n<p>Esta serie de triunfos y derrotas revela que, los pueblos originarios de las altas monta\u00f1as les dieron la espalda a los candidatos del Movimiento de Regeneraci\u00f3n Nacional. Porque siguen siendo marginados y olvidados por el gobierno. Ahora los pobladores aplicaron el voto de castigo y el sufragio se los llevaron en su gran mayor\u00eda los candidatos de oposici\u00f3n. Dura lecci\u00f3n para los morenistas, ojal\u00e1 rectifiquen en el camino, porque con los tropiezos tambi\u00e9n se aprende.<\/p>\n","protected":false},"excerpt":{"rendered":"<p>Fanny Y\u00e9pezLa Columna Sacando datos del ba\u00fal de los recuerdos, rememoramos que el Partido del Trabajo en el mes de abril de este a\u00f1o, ante la falta de acuerdos sobre la designaci\u00f3n de candidaturas comunes rompi\u00f3 la alianza con Morena, por la falta de di\u00e1logo y la soberbia de la dirigencia del partido guinda, seg\u00fan [&hellip;]<\/p>\n","protected":false},"author":2,"featured_media":141383,"comment_status":"closed","ping_status":"closed","sticky":false,"template":"","format":"standard","meta":{"tdm_status":"","tdm_grid_status":"","footnotes":""},"categories":[70],"tags":[17053,1026,2289,19373,195],"class_list":{"0":"post-146409","1":"post","2":"type-post","3":"status-publish","4":"format-standard","5":"has-post-thumbnail","7":"category-de-opinion","8":"tag-esteban-ramirez-zepeta","9":"tag-morena","10":"tag-pt","11":"tag-reginaldo-sandoval","12":"tag-veracruz"},"yoast_head":"<!-- This site is optimized with the Yoast SEO plugin v27.4 - https:\/\/yoast.com\/product\/yoast-seo-wordpress\/ -->\n<title>LA SOBERBIA DE MORENA - Los pol\u00edticos Veracruz<\/title>\n<meta name=\"robots\" content=\"index, follow, max-snippet:-1, max-image-preview:large, max-video-preview:-1\" \/>\n<link rel=\"canonical\" href=\"https:\/\/lospoliticosveracruz.com\/?p=146409\" \/>\n<meta property=\"og:locale\" content=\"es_ES\" \/>\n<meta property=\"og:type\" content=\"article\" \/>\n<meta property=\"og:title\" content=\"LA SOBERBIA DE MORENA - Los pol\u00edticos Veracruz\" \/>\n<meta property=\"og:description\" content=\"Fanny Y\u00e9pezLa Columna Sacando datos del ba\u00fal de los recuerdos, rememoramos que el Partido del Trabajo en el mes de abril de este a\u00f1o, ante la falta de acuerdos sobre la designaci\u00f3n de candidaturas comunes rompi\u00f3 la alianza con Morena, por la falta de di\u00e1logo y la soberbia de la dirigencia del partido guinda, seg\u00fan [&hellip;]\" \/>\n<meta property=\"og:url\" content=\"https:\/\/lospoliticosveracruz.com\/?p=146409\" \/>\n<meta property=\"og:site_name\" content=\"Los pol\u00edticos Veracruz\" \/>\n<meta property=\"article:publisher\" content=\"https:\/\/www.facebook.com\/people\/Notimemes-de-los-Polticos\/61565672886568\/\" \/>\n<meta property=\"article:published_time\" content=\"2025-06-04T13:11:04+00:00\" \/>\n<meta property=\"article:modified_time\" content=\"2025-06-04T13:13:17+00:00\" \/>\n<meta property=\"og:image\" content=\"https:\/\/lospoliticosveracruz.com\/wp-content\/uploads\/2025\/04\/Fanny-Yepez-Luna-e1768657334923.jpg\" \/>\n\t<meta property=\"og:image:width\" content=\"600\" \/>\n\t<meta property=\"og:image:height\" content=\"320\" \/>\n\t<meta property=\"og:image:type\" content=\"image\/jpeg\" \/>\n<meta name=\"author\" content=\"Lo viste en Los Pol\u00edticos\" \/>\n<meta name=\"twitter:card\" content=\"summary_large_image\" \/>\n<meta name=\"twitter:creator\" content=\"@LosPoliticosVer\" \/>\n<meta name=\"twitter:site\" content=\"@LosPoliticosVer\" \/>\n<meta name=\"twitter:label1\" content=\"Escrito por\" \/>\n\t<meta name=\"twitter:data1\" content=\"Lo viste en Los Pol\u00edticos\" \/>\n\t<meta name=\"twitter:label2\" content=\"Tiempo de lectura\" \/>\n\t<meta name=\"twitter:data2\" content=\"4 minutos\" \/>\n<script type=\"application\/ld+json\" class=\"yoast-schema-graph\">{\"@context\":\"https:\\\/\\\/schema.org\",\"@graph\":[{\"@type\":\"Article\",\"@id\":\"https:\\\/\\\/lospoliticosveracruz.com\\\/?p=146409#article\",\"isPartOf\":{\"@id\":\"https:\\\/\\\/lospoliticosveracruz.com\\\/?p=146409\"},\"author\":{\"name\":\"Lo viste en Los Pol\u00edticos\",\"@id\":\"https:\\\/\\\/lospoliticosveracruz.com\\\/#\\\/schema\\\/person\\\/b8702bb0e538456e6efd07080bf2a4a2\"},\"headline\":\"LA SOBERBIA DE MORENA\",\"datePublished\":\"2025-06-04T13:11:04+00:00\",\"dateModified\":\"2025-06-04T13:13:17+00:00\",\"mainEntityOfPage\":{\"@id\":\"https:\\\/\\\/lospoliticosveracruz.com\\\/?p=146409\"},\"wordCount\":826,\"publisher\":{\"@id\":\"https:\\\/\\\/lospoliticosveracruz.com\\\/#organization\"},\"image\":{\"@id\":\"https:\\\/\\\/lospoliticosveracruz.com\\\/?p=146409#primaryimage\"},\"thumbnailUrl\":\"https:\\\/\\\/lospoliticosveracruz.com\\\/wp-content\\\/uploads\\\/2025\\\/04\\\/Fanny-Yepez-Luna-e1768657334923.jpg\",\"keywords\":[\"Esteban Ram\u00edrez Zepeta\",\"Morena\",\"PT\",\"Reginaldo Sandoval\",\"Veracruz\"],\"articleSection\":[\"De Opini\u00f3n\"],\"inLanguage\":\"es\"},{\"@type\":\"WebPage\",\"@id\":\"https:\\\/\\\/lospoliticosveracruz.com\\\/?p=146409\",\"url\":\"https:\\\/\\\/lospoliticosveracruz.com\\\/?p=146409\",\"name\":\"LA SOBERBIA DE MORENA - Los pol\u00edticos Veracruz\",\"isPartOf\":{\"@id\":\"https:\\\/\\\/lospoliticosveracruz.com\\\/#website\"},\"primaryImageOfPage\":{\"@id\":\"https:\\\/\\\/lospoliticosveracruz.com\\\/?p=146409#primaryimage\"},\"image\":{\"@id\":\"https:\\\/\\\/lospoliticosveracruz.com\\\/?p=146409#primaryimage\"},\"thumbnailUrl\":\"https:\\\/\\\/lospoliticosveracruz.com\\\/wp-content\\\/uploads\\\/2025\\\/04\\\/Fanny-Yepez-Luna-e1768657334923.jpg\",\"datePublished\":\"2025-06-04T13:11:04+00:00\",\"dateModified\":\"2025-06-04T13:13:17+00:00\",\"breadcrumb\":{\"@id\":\"https:\\\/\\\/lospoliticosveracruz.com\\\/?p=146409#breadcrumb\"},\"inLanguage\":\"es\",\"potentialAction\":[{\"@type\":\"ReadAction\",\"target\":[\"https:\\\/\\\/lospoliticosveracruz.com\\\/?p=146409\"]}]},{\"@type\":\"ImageObject\",\"inLanguage\":\"es\",\"@id\":\"https:\\\/\\\/lospoliticosveracruz.com\\\/?p=146409#primaryimage\",\"url\":\"https:\\\/\\\/lospoliticosveracruz.com\\\/wp-content\\\/uploads\\\/2025\\\/04\\\/Fanny-Yepez-Luna-e1768657334923.jpg\",\"contentUrl\":\"https:\\\/\\\/lospoliticosveracruz.com\\\/wp-content\\\/uploads\\\/2025\\\/04\\\/Fanny-Yepez-Luna-e1768657334923.jpg\",\"width\":600,\"height\":320},{\"@type\":\"BreadcrumbList\",\"@id\":\"https:\\\/\\\/lospoliticosveracruz.com\\\/?p=146409#breadcrumb\",\"itemListElement\":[{\"@type\":\"ListItem\",\"position\":1,\"name\":\"Portada\",\"item\":\"https:\\\/\\\/lospoliticosveracruz.com\\\/\"},{\"@type\":\"ListItem\",\"position\":2,\"name\":\"LA SOBERBIA DE MORENA\"}]},{\"@type\":\"WebSite\",\"@id\":\"https:\\\/\\\/lospoliticosveracruz.com\\\/#website\",\"url\":\"https:\\\/\\\/lospoliticosveracruz.com\\\/\",\"name\":\"Los pol\u00edticos Veracruz\",\"description\":\"\",\"publisher\":{\"@id\":\"https:\\\/\\\/lospoliticosveracruz.com\\\/#organization\"},\"potentialAction\":[{\"@type\":\"SearchAction\",\"target\":{\"@type\":\"EntryPoint\",\"urlTemplate\":\"https:\\\/\\\/lospoliticosveracruz.com\\\/?s={search_term_string}\"},\"query-input\":{\"@type\":\"PropertyValueSpecification\",\"valueRequired\":true,\"valueName\":\"search_term_string\"}}],\"inLanguage\":\"es\"},{\"@type\":\"Organization\",\"@id\":\"https:\\\/\\\/lospoliticosveracruz.com\\\/#organization\",\"name\":\"Los pol\u00edticos Veracruz\",\"url\":\"https:\\\/\\\/lospoliticosveracruz.com\\\/\",\"logo\":{\"@type\":\"ImageObject\",\"inLanguage\":\"es\",\"@id\":\"https:\\\/\\\/lospoliticosveracruz.com\\\/#\\\/schema\\\/logo\\\/image\\\/\",\"url\":\"https:\\\/\\\/lospoliticosveracruz.com\\\/wp-content\\\/uploads\\\/2025\\\/12\\\/Logo-Nuevo-LOS-POLITICOS-1.jpg\",\"contentUrl\":\"https:\\\/\\\/lospoliticosveracruz.com\\\/wp-content\\\/uploads\\\/2025\\\/12\\\/Logo-Nuevo-LOS-POLITICOS-1.jpg\",\"width\":260,\"height\":70,\"caption\":\"Los pol\u00edticos Veracruz\"},\"image\":{\"@id\":\"https:\\\/\\\/lospoliticosveracruz.com\\\/#\\\/schema\\\/logo\\\/image\\\/\"},\"sameAs\":[\"https:\\\/\\\/www.facebook.com\\\/people\\\/Notimemes-de-los-Polticos\\\/61565672886568\\\/\",\"https:\\\/\\\/x.com\\\/LosPoliticosVer\"]},{\"@type\":\"Person\",\"@id\":\"https:\\\/\\\/lospoliticosveracruz.com\\\/#\\\/schema\\\/person\\\/b8702bb0e538456e6efd07080bf2a4a2\",\"name\":\"Lo viste en Los Pol\u00edticos\",\"image\":{\"@type\":\"ImageObject\",\"inLanguage\":\"es\",\"@id\":\"https:\\\/\\\/secure.gravatar.com\\\/avatar\\\/3a8de04a2656d44082be478bd6c086daa447c4651605818287b9532d3d0bd435?s=96&d=mm&r=g\",\"url\":\"https:\\\/\\\/secure.gravatar.com\\\/avatar\\\/3a8de04a2656d44082be478bd6c086daa447c4651605818287b9532d3d0bd435?s=96&d=mm&r=g\",\"contentUrl\":\"https:\\\/\\\/secure.gravatar.com\\\/avatar\\\/3a8de04a2656d44082be478bd6c086daa447c4651605818287b9532d3d0bd435?s=96&d=mm&r=g\",\"caption\":\"Lo viste en Los Pol\u00edticos\"},\"url\":\"https:\\\/\\\/lospoliticosveracruz.com\\\/?author=2\"}]}<\/script>\n<!-- \/ Yoast SEO plugin. -->","yoast_head_json":{"title":"LA SOBERBIA DE MORENA - Los pol\u00edticos Veracruz","robots":{"index":"index","follow":"follow","max-snippet":"max-snippet:-1","max-image-preview":"max-image-preview:large","max-video-preview":"max-video-preview:-1"},"canonical":"https:\/\/lospoliticosveracruz.com\/?p=146409","og_locale":"es_ES","og_type":"article","og_title":"LA SOBERBIA DE MORENA - Los pol\u00edticos Veracruz","og_description":"Fanny Y\u00e9pezLa Columna Sacando datos del ba\u00fal de los recuerdos, rememoramos que el Partido del Trabajo en el mes de abril de este a\u00f1o, ante la falta de acuerdos sobre la designaci\u00f3n de candidaturas comunes rompi\u00f3 la alianza con Morena, por la falta de di\u00e1logo y la soberbia de la dirigencia del partido guinda, seg\u00fan [&hellip;]","og_url":"https:\/\/lospoliticosveracruz.com\/?p=146409","og_site_name":"Los pol\u00edticos Veracruz","article_publisher":"https:\/\/www.facebook.com\/people\/Notimemes-de-los-Polticos\/61565672886568\/","article_published_time":"2025-06-04T13:11:04+00:00","article_modified_time":"2025-06-04T13:13:17+00:00","og_image":[{"width":600,"height":320,"url":"https:\/\/lospoliticosveracruz.com\/wp-content\/uploads\/2025\/04\/Fanny-Yepez-Luna-e1768657334923.jpg","type":"image\/jpeg"}],"author":"Lo viste en Los Pol\u00edticos","twitter_card":"summary_large_image","twitter_creator":"@LosPoliticosVer","twitter_site":"@LosPoliticosVer","twitter_misc":{"Escrito por":"Lo viste en Los Pol\u00edticos","Tiempo de lectura":"4 minutos"},"schema":{"@context":"https:\/\/schema.org","@graph":[{"@type":"Article","@id":"https:\/\/lospoliticosveracruz.com\/?p=146409#article","isPartOf":{"@id":"https:\/\/lospoliticosveracruz.com\/?p=146409"},"author":{"name":"Lo viste en Los Pol\u00edticos","@id":"https:\/\/lospoliticosveracruz.com\/#\/schema\/person\/b8702bb0e538456e6efd07080bf2a4a2"},"headline":"LA SOBERBIA DE MORENA","datePublished":"2025-06-04T13:11:04+00:00","dateModified":"2025-06-04T13:13:17+00:00","mainEntityOfPage":{"@id":"https:\/\/lospoliticosveracruz.com\/?p=146409"},"wordCount":826,"publisher":{"@id":"https:\/\/lospoliticosveracruz.com\/#organization"},"image":{"@id":"https:\/\/lospoliticosveracruz.com\/?p=146409#primaryimage"},"thumbnailUrl":"https:\/\/lospoliticosveracruz.com\/wp-content\/uploads\/2025\/04\/Fanny-Yepez-Luna-e1768657334923.jpg","keywords":["Esteban Ram\u00edrez Zepeta","Morena","PT","Reginaldo Sandoval","Veracruz"],"articleSection":["De Opini\u00f3n"],"inLanguage":"es"},{"@type":"WebPage","@id":"https:\/\/lospoliticosveracruz.com\/?p=146409","url":"https:\/\/lospoliticosveracruz.com\/?p=146409","name":"LA SOBERBIA DE MORENA - Los pol\u00edticos Veracruz","isPartOf":{"@id":"https:\/\/lospoliticosveracruz.com\/#website"},"primaryImageOfPage":{"@id":"https:\/\/lospoliticosveracruz.com\/?p=146409#primaryimage"},"image":{"@id":"https:\/\/lospoliticosveracruz.com\/?p=146409#primaryimage"},"thumbnailUrl":"https:\/\/lospoliticosveracruz.com\/wp-content\/uploads\/2025\/04\/Fanny-Yepez-Luna-e1768657334923.jpg","datePublished":"2025-06-04T13:11:04+00:00","dateModified":"2025-06-04T13:13:17+00:00","breadcrumb":{"@id":"https:\/\/lospoliticosveracruz.com\/?p=146409#breadcrumb"},"inLanguage":"es","potentialAction":[{"@type":"ReadAction","target":["https:\/\/lospoliticosveracruz.com\/?p=146409"]}]},{"@type":"ImageObject","inLanguage":"es","@id":"https:\/\/lospoliticosveracruz.com\/?p=146409#primaryimage","url":"https:\/\/lospoliticosveracruz.com\/wp-content\/uploads\/2025\/04\/Fanny-Yepez-Luna-e1768657334923.jpg","contentUrl":"https:\/\/lospoliticosveracruz.com\/wp-content\/uploads\/2025\/04\/Fanny-Yepez-Luna-e1768657334923.jpg","width":600,"height":320},{"@type":"BreadcrumbList","@id":"https:\/\/lospoliticosveracruz.com\/?p=146409#breadcrumb","itemListElement":[{"@type":"ListItem","position":1,"name":"Portada","item":"https:\/\/lospoliticosveracruz.com\/"},{"@type":"ListItem","position":2,"name":"LA SOBERBIA DE MORENA"}]},{"@type":"WebSite","@id":"https:\/\/lospoliticosveracruz.com\/#website","url":"https:\/\/lospoliticosveracruz.com\/","name":"Los pol\u00edticos Veracruz","description":"","publisher":{"@id":"https:\/\/lospoliticosveracruz.com\/#organization"},"potentialAction":[{"@type":"SearchAction","target":{"@type":"EntryPoint","urlTemplate":"https:\/\/lospoliticosveracruz.com\/?s={search_term_string}"},"query-input":{"@type":"PropertyValueSpecification","valueRequired":true,"valueName":"search_term_string"}}],"inLanguage":"es"},{"@type":"Organization","@id":"https:\/\/lospoliticosveracruz.com\/#organization","name":"Los pol\u00edticos Veracruz","url":"https:\/\/lospoliticosveracruz.com\/","logo":{"@type":"ImageObject","inLanguage":"es","@id":"https:\/\/lospoliticosveracruz.com\/#\/schema\/logo\/image\/","url":"https:\/\/lospoliticosveracruz.com\/wp-content\/uploads\/2025\/12\/Logo-Nuevo-LOS-POLITICOS-1.jpg","contentUrl":"https:\/\/lospoliticosveracruz.com\/wp-content\/uploads\/2025\/12\/Logo-Nuevo-LOS-POLITICOS-1.jpg","width":260,"height":70,"caption":"Los pol\u00edticos Veracruz"},"image":{"@id":"https:\/\/lospoliticosveracruz.com\/#\/schema\/logo\/image\/"},"sameAs":["https:\/\/www.facebook.com\/people\/Notimemes-de-los-Polticos\/61565672886568\/","https:\/\/x.com\/LosPoliticosVer"]},{"@type":"Person","@id":"https:\/\/lospoliticosveracruz.com\/#\/schema\/person\/b8702bb0e538456e6efd07080bf2a4a2","name":"Lo viste en Los Pol\u00edticos","image":{"@type":"ImageObject","inLanguage":"es","@id":"https:\/\/secure.gravatar.com\/avatar\/3a8de04a2656d44082be478bd6c086daa447c4651605818287b9532d3d0bd435?s=96&d=mm&r=g","url":"https:\/\/secure.gravatar.com\/avatar\/3a8de04a2656d44082be478bd6c086daa447c4651605818287b9532d3d0bd435?s=96&d=mm&r=g","contentUrl":"https:\/\/secure.gravatar.com\/avatar\/3a8de04a2656d44082be478bd6c086daa447c4651605818287b9532d3d0bd435?s=96&d=mm&r=g","caption":"Lo viste en Los Pol\u00edticos"},"url":"https:\/\/lospoliticosveracruz.com\/?author=2"}]}},"_links":{"self":[{"href":"https:\/\/lospoliticosveracruz.com\/index.php?rest_route=\/wp\/v2\/posts\/146409","targetHints":{"allow":["GET"]}}],"collection":[{"href":"https:\/\/lospoliticosveracruz.com\/index.php?rest_route=\/wp\/v2\/posts"}],"about":[{"href":"https:\/\/lospoliticosveracruz.com\/index.php?rest_route=\/wp\/v2\/types\/post"}],"author":[{"embeddable":true,"href":"https:\/\/lospoliticosveracruz.com\/index.php?rest_route=\/wp\/v2\/users\/2"}],"replies":[{"embeddable":true,"href":"https:\/\/lospoliticosveracruz.com\/index.php?rest_route=%2Fwp%2Fv2%2Fcomments&post=146409"}],"version-history":[{"count":1,"href":"https:\/\/lospoliticosveracruz.com\/index.php?rest_route=\/wp\/v2\/posts\/146409\/revisions"}],"predecessor-version":[{"id":146410,"href":"https:\/\/lospoliticosveracruz.com\/index.php?rest_route=\/wp\/v2\/posts\/146409\/revisions\/146410"}],"wp:featuredmedia":[{"embeddable":true,"href":"https:\/\/lospoliticosveracruz.com\/index.php?rest_route=\/wp\/v2\/media\/141383"}],"wp:attachment":[{"href":"https:\/\/lospoliticosveracruz.com\/index.php?rest_route=%2Fwp%2Fv2%2Fmedia&parent=146409"}],"wp:term":[{"taxonomy":"category","embeddable":true,"href":"https:\/\/lospoliticosveracruz.com\/index.php?rest_route=%2Fwp%2Fv2%2Fcategories&post=146409"},{"taxonomy":"post_tag","embeddable":true,"href":"https:\/\/lospoliticosveracruz.com\/index.php?rest_route=%2Fwp%2Fv2%2Ftags&post=146409"}],"curies":[{"name":"wp","href":"https:\/\/api.w.org\/{rel}","templated":true}]}}