{"id":146604,"date":"2025-06-06T07:01:40","date_gmt":"2025-06-06T12:01:40","guid":{"rendered":"https:\/\/lospoliticosveracruz.com.mx\/?p=146604"},"modified":"2025-06-06T07:01:58","modified_gmt":"2025-06-06T12:01:58","slug":"la-nueva-justicia-mexicana","status":"publish","type":"post","link":"https:\/\/lospoliticosveracruz.com\/?p=146604","title":{"rendered":"LA NUEVA JUSTICIA MEXICANA"},"content":{"rendered":"\n\n\n<p><strong>Felipe de Jes\u00fas Fern\u00e1ndez Basilio<\/strong><\/p>\n\n\n\n<p><em>Desde a Janela<\/em><\/p>\n\n\n\n<p><\/p>\n\n\n\n<p>Se ha consumado la pauperizaci\u00f3n del derecho mexicano, s\u00ed ese derecho que tantas luces tuvo como la creaci\u00f3n del juicio de amparo o la de unas normas de derecho electoral&nbsp;como pocos pa\u00edses las han tenido, ahora ha descendido al de una rep\u00fablica bananera al estilo de las que existen a lo largo de la l\u00ednea ecuatorial de nuestro planeta o las de las teocracias islamistas.<\/p>\n\n\n\n<p>As\u00ed es, la farsa de la elecci\u00f3n judicial dej\u00f3 como resultado justamente lo que el r\u00e9gimen encabezado por L\u00f3pez Obrador (Sheinbaum es una pantalla) busc\u00f3: acabar con la aplicaci\u00f3n de la ciencia del derecho y en su lugar poner a cortesanos para cumplir incondicionalmente con todos sus caprichos.<\/p>\n\n\n\n<p>Con los datos que se tienen hasta ahora, porque la opacidad en las elecciones es grande, sabemos que la&nbsp;Suprema&nbsp;Corte quedar\u00e1 conformada por personajes con grandes curr\u00edculos como colaboradores de L\u00f3pez y ninguna experiencia en el \u00e1mbito judicial&nbsp;y menos en el derecho constitucional.<\/p>\n\n\n\n<p>Lo mismo suceder\u00e1 con el comisariado comunista, digo el Tribunal&nbsp;de Disciplina Judicial que contar\u00e1 con personajes de amplia trayectoria lacayuna como Bernardo B\u00e1tiz.<\/p>\n\n\n\n<p>Menci\u00f3n especial merece la persona que va a encabezar a la Corte y por ende al Poder Judicial durante los pr\u00f3ximos dos a\u00f1os, ya que su principal atributo ha sido el decir miles de veces \u201cs\u00ed, se\u00f1or\u201d al jefe supremo de la transformaci\u00f3n que no fue ni tampoco ser\u00e1.<\/p>\n\n\n\n<p>Obviamente y como se sabe que de ese pie cojea (su servilismo extremo al l\u00edder), han querido crear un falso debate alegando que su triunfo es una reivindicaci\u00f3n de los pueblos ind\u00edgenas al lograr que uno de ellos sea el presidente de la Corte.<\/p>\n\n\n\n<p>La verdad eso es totalmente irrelevante, ya que bien puede ser de origen africano, esquimal,&nbsp;chino, espa\u00f1ol, vikingo o le gusten y manden, as\u00ed como tampoco importar\u00eda que use huipil o hasta taparrabos y conchas en los tobillos, siempre y cuando domine las materias jur\u00eddicas con que va a sustentar sus resoluciones.<\/p>\n\n\n\n<p>No importa ni el origen ni las preferencias personales, lo que debe de importar es la experticia de quien va a ocupar tan relevante cargo, cosa que el sujeto en cuesti\u00f3n no tiene; lo mismo aplica para quien le va a suceder en el cargo, la auto&nbsp;llamada \u201cministra del pueblo\u201d, quien en los pocos meses que lleva en el cargo se ha cansado de demostrar que no ha trascendido m\u00e1s all\u00e1 de la calidad de arrabalera con la que alguna vez fue exhibida en un pleito de vecindad, y quien sigue despu\u00e9s ser\u00e1 la ministra que plagi\u00f3 todas y cada una de sus tesis.<\/p>\n\n\n\n<p>Ese el nivel de la corte que tendremos.<\/p>\n\n\n\n<p>\u00bfY abajo qu\u00e9 sucede?<\/p>\n\n\n\n<p>Pues algo a\u00fan peor, los cargos de jueces y magistrados fueron traficados al mejor postor.<\/p>\n\n\n\n<p>Si recuerdan los famosos acordeones que fueron repartidos, ah\u00ed se encuentra la respuesta, pues resulta que la revista&nbsp;<em>Proceso<\/em><em>&nbsp;<\/em>document\u00f3 ampliamente que hubo organizaciones como la liderada por Alfonso Ram\u00edrez Cuellar, otro insigne miembro de la transformaci\u00f3n que no fue ni tampoco ser\u00e1, se dedic\u00f3 a extorsionar a los que se postularon y quienes aceptaron sus servicios a cambio de una buena suma, quedaron incluidos en la gu\u00eda electoral y, desde luego, sus posibilidades de quedarse con el cargo crecieron exponencialmente.<\/p>\n\n\n\n<p>As\u00ed es, muchos de los futuros jueces y magistrados compraron su cargo y las estructuras del partido en poder se los vendieron.<\/p>\n\n\n\n<p>Ese es el Poder Judicial que vamos a tener y ahora lo que toca es ver la reacci\u00f3n de los abogados litigantes ante las nuevas condiciones y creo que de entrada van a haber dos posibilidades:<\/p>\n\n\n\n<p>La primera es fortalecer la corrupci\u00f3n existente y valerse del soborno o del amiguismo que es lo mismo para sacar adelante los asuntos que se les encomienden, es decir, la corrupci\u00f3n en juzgados y tribunales va a crecer a niveles nunca antes vistos.<\/p>\n\n\n\n<p>Mientras que la otra opci\u00f3n que veo que tambi\u00e9n va ser muy utilizada es que como se politizaron los tribunales, tambi\u00e9n los litigantes (sobre todo los que no le entren a la corrupci\u00f3n que tambi\u00e9n hay muchos) se van politizar y sus causas ser\u00e1n expuestas en v\u00edas y plazas p\u00fablicas, as\u00ed como en medios de comunicaci\u00f3n y redes sociales con la finalidad de presionar por medio de la opini\u00f3n p\u00fablica.<\/p>\n\n\n\n<p>Sin embargo, en ambos casos la justicia y el derecho van a perder, ya que ganar\u00e1 el m\u00e1s corrupto o el m\u00e1s medi\u00e1tico y no quien tenga la raz\u00f3n jur\u00eddica.<\/p>\n\n\n\n<p>Esa es la consecuencia de acabar con la profesionalizaci\u00f3n judicial; ya que, si el juzgador no exige derecho, porque no lo conoce, y en cambio exige dinero, compadrazgo o pol\u00edtica, eso es justamente lo que obtendr\u00e1.<\/p>\n\n\n\n<p>Vienen tiempos dif\u00edciles y espero que alcancen las pensiones y becas que el gobierno reparte para poder comprar la justicia que los mercaderes de L\u00f3pez Obrador van a impartir.<\/p>\n\n\n\n<p><a href=\"mailto:felfebas@gmail.com\">felfebas@gmail.com<\/a><\/p>\n\n\n\n<p>Twitter: @FelipeFBasilio<\/p>\n\n\n","protected":false},"excerpt":{"rendered":"<p>Felipe de Jes\u00fas Fern\u00e1ndez Basilio Desde a Janela Se ha consumado la pauperizaci\u00f3n del derecho mexicano, s\u00ed ese derecho que tantas luces tuvo como la creaci\u00f3n del juicio de amparo o la de unas normas de derecho electoral&nbsp;como pocos pa\u00edses las han tenido, ahora ha descendido al de una rep\u00fablica bananera al estilo de las [&hellip;]<\/p>\n","protected":false},"author":2,"featured_media":141384,"comment_status":"closed","ping_status":"closed","sticky":false,"template":"","format":"standard","meta":{"tdm_status":"","tdm_grid_status":"","footnotes":""},"categories":[70],"tags":[19476,10796,82,44063],"class_list":{"0":"post-146604","1":"post","2":"type-post","3":"status-publish","4":"format-standard","5":"has-post-thumbnail","7":"category-de-opinion","8":"tag-jueces","9":"tag-magistrados","10":"tag-poder-judicial","11":"tag-suprema-corte-de-jusiticia"},"yoast_head":"<!-- This site is optimized with the Yoast SEO plugin v27.4 - https:\/\/yoast.com\/product\/yoast-seo-wordpress\/ -->\n<title>LA NUEVA JUSTICIA MEXICANA - Los pol\u00edticos Veracruz<\/title>\n<meta name=\"robots\" content=\"index, follow, max-snippet:-1, max-image-preview:large, max-video-preview:-1\" \/>\n<link rel=\"canonical\" href=\"https:\/\/lospoliticosveracruz.com\/?p=146604\" \/>\n<meta property=\"og:locale\" content=\"es_ES\" \/>\n<meta property=\"og:type\" content=\"article\" \/>\n<meta property=\"og:title\" content=\"LA NUEVA JUSTICIA MEXICANA - Los pol\u00edticos Veracruz\" \/>\n<meta property=\"og:description\" content=\"Felipe de Jes\u00fas Fern\u00e1ndez Basilio Desde a Janela Se ha consumado la pauperizaci\u00f3n del derecho mexicano, s\u00ed ese derecho que tantas luces tuvo como la creaci\u00f3n del juicio de amparo o la de unas normas de derecho electoral&nbsp;como pocos pa\u00edses las han tenido, ahora ha descendido al de una rep\u00fablica bananera al estilo de las [&hellip;]\" \/>\n<meta property=\"og:url\" content=\"https:\/\/lospoliticosveracruz.com\/?p=146604\" \/>\n<meta property=\"og:site_name\" content=\"Los pol\u00edticos Veracruz\" \/>\n<meta property=\"article:publisher\" content=\"https:\/\/www.facebook.com\/people\/Notimemes-de-los-Polticos\/61565672886568\/\" \/>\n<meta property=\"article:published_time\" content=\"2025-06-06T12:01:40+00:00\" \/>\n<meta property=\"article:modified_time\" content=\"2025-06-06T12:01:58+00:00\" \/>\n<meta property=\"og:image\" content=\"https:\/\/lospoliticosveracruz.com\/wp-content\/uploads\/2025\/04\/Felipe-Fernandez-Basilio-e1767959429910.jpg\" \/>\n\t<meta property=\"og:image:width\" content=\"600\" \/>\n\t<meta property=\"og:image:height\" content=\"320\" \/>\n\t<meta property=\"og:image:type\" content=\"image\/jpeg\" \/>\n<meta name=\"author\" content=\"Lo viste en Los Pol\u00edticos\" \/>\n<meta name=\"twitter:card\" content=\"summary_large_image\" \/>\n<meta name=\"twitter:creator\" content=\"@LosPoliticosVer\" \/>\n<meta name=\"twitter:site\" content=\"@LosPoliticosVer\" \/>\n<meta name=\"twitter:label1\" content=\"Escrito por\" \/>\n\t<meta name=\"twitter:data1\" content=\"Lo viste en Los Pol\u00edticos\" \/>\n\t<meta name=\"twitter:label2\" content=\"Tiempo de lectura\" \/>\n\t<meta name=\"twitter:data2\" content=\"4 minutos\" \/>\n<script type=\"application\/ld+json\" class=\"yoast-schema-graph\">{\"@context\":\"https:\\\/\\\/schema.org\",\"@graph\":[{\"@type\":\"Article\",\"@id\":\"https:\\\/\\\/lospoliticosveracruz.com\\\/?p=146604#article\",\"isPartOf\":{\"@id\":\"https:\\\/\\\/lospoliticosveracruz.com\\\/?p=146604\"},\"author\":{\"name\":\"Lo viste en Los Pol\u00edticos\",\"@id\":\"https:\\\/\\\/lospoliticosveracruz.com\\\/#\\\/schema\\\/person\\\/b8702bb0e538456e6efd07080bf2a4a2\"},\"headline\":\"LA NUEVA JUSTICIA MEXICANA\",\"datePublished\":\"2025-06-06T12:01:40+00:00\",\"dateModified\":\"2025-06-06T12:01:58+00:00\",\"mainEntityOfPage\":{\"@id\":\"https:\\\/\\\/lospoliticosveracruz.com\\\/?p=146604\"},\"wordCount\":888,\"publisher\":{\"@id\":\"https:\\\/\\\/lospoliticosveracruz.com\\\/#organization\"},\"image\":{\"@id\":\"https:\\\/\\\/lospoliticosveracruz.com\\\/?p=146604#primaryimage\"},\"thumbnailUrl\":\"https:\\\/\\\/lospoliticosveracruz.com\\\/wp-content\\\/uploads\\\/2025\\\/04\\\/Felipe-Fernandez-Basilio-e1767959429910.jpg\",\"keywords\":[\"jueces\",\"Magistrados\",\"Poder Judicial\",\"suprema Corte De Jusiticia\"],\"articleSection\":[\"De Opini\u00f3n\"],\"inLanguage\":\"es\"},{\"@type\":\"WebPage\",\"@id\":\"https:\\\/\\\/lospoliticosveracruz.com\\\/?p=146604\",\"url\":\"https:\\\/\\\/lospoliticosveracruz.com\\\/?p=146604\",\"name\":\"LA NUEVA JUSTICIA MEXICANA - Los pol\u00edticos Veracruz\",\"isPartOf\":{\"@id\":\"https:\\\/\\\/lospoliticosveracruz.com\\\/#website\"},\"primaryImageOfPage\":{\"@id\":\"https:\\\/\\\/lospoliticosveracruz.com\\\/?p=146604#primaryimage\"},\"image\":{\"@id\":\"https:\\\/\\\/lospoliticosveracruz.com\\\/?p=146604#primaryimage\"},\"thumbnailUrl\":\"https:\\\/\\\/lospoliticosveracruz.com\\\/wp-content\\\/uploads\\\/2025\\\/04\\\/Felipe-Fernandez-Basilio-e1767959429910.jpg\",\"datePublished\":\"2025-06-06T12:01:40+00:00\",\"dateModified\":\"2025-06-06T12:01:58+00:00\",\"breadcrumb\":{\"@id\":\"https:\\\/\\\/lospoliticosveracruz.com\\\/?p=146604#breadcrumb\"},\"inLanguage\":\"es\",\"potentialAction\":[{\"@type\":\"ReadAction\",\"target\":[\"https:\\\/\\\/lospoliticosveracruz.com\\\/?p=146604\"]}]},{\"@type\":\"ImageObject\",\"inLanguage\":\"es\",\"@id\":\"https:\\\/\\\/lospoliticosveracruz.com\\\/?p=146604#primaryimage\",\"url\":\"https:\\\/\\\/lospoliticosveracruz.com\\\/wp-content\\\/uploads\\\/2025\\\/04\\\/Felipe-Fernandez-Basilio-e1767959429910.jpg\",\"contentUrl\":\"https:\\\/\\\/lospoliticosveracruz.com\\\/wp-content\\\/uploads\\\/2025\\\/04\\\/Felipe-Fernandez-Basilio-e1767959429910.jpg\",\"width\":600,\"height\":320},{\"@type\":\"BreadcrumbList\",\"@id\":\"https:\\\/\\\/lospoliticosveracruz.com\\\/?p=146604#breadcrumb\",\"itemListElement\":[{\"@type\":\"ListItem\",\"position\":1,\"name\":\"Portada\",\"item\":\"https:\\\/\\\/lospoliticosveracruz.com\\\/\"},{\"@type\":\"ListItem\",\"position\":2,\"name\":\"LA NUEVA JUSTICIA MEXICANA\"}]},{\"@type\":\"WebSite\",\"@id\":\"https:\\\/\\\/lospoliticosveracruz.com\\\/#website\",\"url\":\"https:\\\/\\\/lospoliticosveracruz.com\\\/\",\"name\":\"Los pol\u00edticos Veracruz\",\"description\":\"\",\"publisher\":{\"@id\":\"https:\\\/\\\/lospoliticosveracruz.com\\\/#organization\"},\"potentialAction\":[{\"@type\":\"SearchAction\",\"target\":{\"@type\":\"EntryPoint\",\"urlTemplate\":\"https:\\\/\\\/lospoliticosveracruz.com\\\/?s={search_term_string}\"},\"query-input\":{\"@type\":\"PropertyValueSpecification\",\"valueRequired\":true,\"valueName\":\"search_term_string\"}}],\"inLanguage\":\"es\"},{\"@type\":\"Organization\",\"@id\":\"https:\\\/\\\/lospoliticosveracruz.com\\\/#organization\",\"name\":\"Los pol\u00edticos Veracruz\",\"url\":\"https:\\\/\\\/lospoliticosveracruz.com\\\/\",\"logo\":{\"@type\":\"ImageObject\",\"inLanguage\":\"es\",\"@id\":\"https:\\\/\\\/lospoliticosveracruz.com\\\/#\\\/schema\\\/logo\\\/image\\\/\",\"url\":\"https:\\\/\\\/lospoliticosveracruz.com\\\/wp-content\\\/uploads\\\/2025\\\/12\\\/Logo-Nuevo-LOS-POLITICOS-1.jpg\",\"contentUrl\":\"https:\\\/\\\/lospoliticosveracruz.com\\\/wp-content\\\/uploads\\\/2025\\\/12\\\/Logo-Nuevo-LOS-POLITICOS-1.jpg\",\"width\":260,\"height\":70,\"caption\":\"Los pol\u00edticos Veracruz\"},\"image\":{\"@id\":\"https:\\\/\\\/lospoliticosveracruz.com\\\/#\\\/schema\\\/logo\\\/image\\\/\"},\"sameAs\":[\"https:\\\/\\\/www.facebook.com\\\/people\\\/Notimemes-de-los-Polticos\\\/61565672886568\\\/\",\"https:\\\/\\\/x.com\\\/LosPoliticosVer\"]},{\"@type\":\"Person\",\"@id\":\"https:\\\/\\\/lospoliticosveracruz.com\\\/#\\\/schema\\\/person\\\/b8702bb0e538456e6efd07080bf2a4a2\",\"name\":\"Lo viste en Los Pol\u00edticos\",\"image\":{\"@type\":\"ImageObject\",\"inLanguage\":\"es\",\"@id\":\"https:\\\/\\\/secure.gravatar.com\\\/avatar\\\/3a8de04a2656d44082be478bd6c086daa447c4651605818287b9532d3d0bd435?s=96&d=mm&r=g\",\"url\":\"https:\\\/\\\/secure.gravatar.com\\\/avatar\\\/3a8de04a2656d44082be478bd6c086daa447c4651605818287b9532d3d0bd435?s=96&d=mm&r=g\",\"contentUrl\":\"https:\\\/\\\/secure.gravatar.com\\\/avatar\\\/3a8de04a2656d44082be478bd6c086daa447c4651605818287b9532d3d0bd435?s=96&d=mm&r=g\",\"caption\":\"Lo viste en Los Pol\u00edticos\"},\"url\":\"https:\\\/\\\/lospoliticosveracruz.com\\\/?author=2\"}]}<\/script>\n<!-- \/ Yoast SEO plugin. -->","yoast_head_json":{"title":"LA NUEVA JUSTICIA MEXICANA - Los pol\u00edticos Veracruz","robots":{"index":"index","follow":"follow","max-snippet":"max-snippet:-1","max-image-preview":"max-image-preview:large","max-video-preview":"max-video-preview:-1"},"canonical":"https:\/\/lospoliticosveracruz.com\/?p=146604","og_locale":"es_ES","og_type":"article","og_title":"LA NUEVA JUSTICIA MEXICANA - Los pol\u00edticos Veracruz","og_description":"Felipe de Jes\u00fas Fern\u00e1ndez Basilio Desde a Janela Se ha consumado la pauperizaci\u00f3n del derecho mexicano, s\u00ed ese derecho que tantas luces tuvo como la creaci\u00f3n del juicio de amparo o la de unas normas de derecho electoral&nbsp;como pocos pa\u00edses las han tenido, ahora ha descendido al de una rep\u00fablica bananera al estilo de las [&hellip;]","og_url":"https:\/\/lospoliticosveracruz.com\/?p=146604","og_site_name":"Los pol\u00edticos Veracruz","article_publisher":"https:\/\/www.facebook.com\/people\/Notimemes-de-los-Polticos\/61565672886568\/","article_published_time":"2025-06-06T12:01:40+00:00","article_modified_time":"2025-06-06T12:01:58+00:00","og_image":[{"width":600,"height":320,"url":"https:\/\/lospoliticosveracruz.com\/wp-content\/uploads\/2025\/04\/Felipe-Fernandez-Basilio-e1767959429910.jpg","type":"image\/jpeg"}],"author":"Lo viste en Los Pol\u00edticos","twitter_card":"summary_large_image","twitter_creator":"@LosPoliticosVer","twitter_site":"@LosPoliticosVer","twitter_misc":{"Escrito por":"Lo viste en Los Pol\u00edticos","Tiempo de lectura":"4 minutos"},"schema":{"@context":"https:\/\/schema.org","@graph":[{"@type":"Article","@id":"https:\/\/lospoliticosveracruz.com\/?p=146604#article","isPartOf":{"@id":"https:\/\/lospoliticosveracruz.com\/?p=146604"},"author":{"name":"Lo viste en Los Pol\u00edticos","@id":"https:\/\/lospoliticosveracruz.com\/#\/schema\/person\/b8702bb0e538456e6efd07080bf2a4a2"},"headline":"LA NUEVA JUSTICIA MEXICANA","datePublished":"2025-06-06T12:01:40+00:00","dateModified":"2025-06-06T12:01:58+00:00","mainEntityOfPage":{"@id":"https:\/\/lospoliticosveracruz.com\/?p=146604"},"wordCount":888,"publisher":{"@id":"https:\/\/lospoliticosveracruz.com\/#organization"},"image":{"@id":"https:\/\/lospoliticosveracruz.com\/?p=146604#primaryimage"},"thumbnailUrl":"https:\/\/lospoliticosveracruz.com\/wp-content\/uploads\/2025\/04\/Felipe-Fernandez-Basilio-e1767959429910.jpg","keywords":["jueces","Magistrados","Poder Judicial","suprema Corte De Jusiticia"],"articleSection":["De Opini\u00f3n"],"inLanguage":"es"},{"@type":"WebPage","@id":"https:\/\/lospoliticosveracruz.com\/?p=146604","url":"https:\/\/lospoliticosveracruz.com\/?p=146604","name":"LA NUEVA JUSTICIA MEXICANA - Los pol\u00edticos Veracruz","isPartOf":{"@id":"https:\/\/lospoliticosveracruz.com\/#website"},"primaryImageOfPage":{"@id":"https:\/\/lospoliticosveracruz.com\/?p=146604#primaryimage"},"image":{"@id":"https:\/\/lospoliticosveracruz.com\/?p=146604#primaryimage"},"thumbnailUrl":"https:\/\/lospoliticosveracruz.com\/wp-content\/uploads\/2025\/04\/Felipe-Fernandez-Basilio-e1767959429910.jpg","datePublished":"2025-06-06T12:01:40+00:00","dateModified":"2025-06-06T12:01:58+00:00","breadcrumb":{"@id":"https:\/\/lospoliticosveracruz.com\/?p=146604#breadcrumb"},"inLanguage":"es","potentialAction":[{"@type":"ReadAction","target":["https:\/\/lospoliticosveracruz.com\/?p=146604"]}]},{"@type":"ImageObject","inLanguage":"es","@id":"https:\/\/lospoliticosveracruz.com\/?p=146604#primaryimage","url":"https:\/\/lospoliticosveracruz.com\/wp-content\/uploads\/2025\/04\/Felipe-Fernandez-Basilio-e1767959429910.jpg","contentUrl":"https:\/\/lospoliticosveracruz.com\/wp-content\/uploads\/2025\/04\/Felipe-Fernandez-Basilio-e1767959429910.jpg","width":600,"height":320},{"@type":"BreadcrumbList","@id":"https:\/\/lospoliticosveracruz.com\/?p=146604#breadcrumb","itemListElement":[{"@type":"ListItem","position":1,"name":"Portada","item":"https:\/\/lospoliticosveracruz.com\/"},{"@type":"ListItem","position":2,"name":"LA NUEVA JUSTICIA MEXICANA"}]},{"@type":"WebSite","@id":"https:\/\/lospoliticosveracruz.com\/#website","url":"https:\/\/lospoliticosveracruz.com\/","name":"Los pol\u00edticos Veracruz","description":"","publisher":{"@id":"https:\/\/lospoliticosveracruz.com\/#organization"},"potentialAction":[{"@type":"SearchAction","target":{"@type":"EntryPoint","urlTemplate":"https:\/\/lospoliticosveracruz.com\/?s={search_term_string}"},"query-input":{"@type":"PropertyValueSpecification","valueRequired":true,"valueName":"search_term_string"}}],"inLanguage":"es"},{"@type":"Organization","@id":"https:\/\/lospoliticosveracruz.com\/#organization","name":"Los pol\u00edticos Veracruz","url":"https:\/\/lospoliticosveracruz.com\/","logo":{"@type":"ImageObject","inLanguage":"es","@id":"https:\/\/lospoliticosveracruz.com\/#\/schema\/logo\/image\/","url":"https:\/\/lospoliticosveracruz.com\/wp-content\/uploads\/2025\/12\/Logo-Nuevo-LOS-POLITICOS-1.jpg","contentUrl":"https:\/\/lospoliticosveracruz.com\/wp-content\/uploads\/2025\/12\/Logo-Nuevo-LOS-POLITICOS-1.jpg","width":260,"height":70,"caption":"Los pol\u00edticos Veracruz"},"image":{"@id":"https:\/\/lospoliticosveracruz.com\/#\/schema\/logo\/image\/"},"sameAs":["https:\/\/www.facebook.com\/people\/Notimemes-de-los-Polticos\/61565672886568\/","https:\/\/x.com\/LosPoliticosVer"]},{"@type":"Person","@id":"https:\/\/lospoliticosveracruz.com\/#\/schema\/person\/b8702bb0e538456e6efd07080bf2a4a2","name":"Lo viste en Los Pol\u00edticos","image":{"@type":"ImageObject","inLanguage":"es","@id":"https:\/\/secure.gravatar.com\/avatar\/3a8de04a2656d44082be478bd6c086daa447c4651605818287b9532d3d0bd435?s=96&d=mm&r=g","url":"https:\/\/secure.gravatar.com\/avatar\/3a8de04a2656d44082be478bd6c086daa447c4651605818287b9532d3d0bd435?s=96&d=mm&r=g","contentUrl":"https:\/\/secure.gravatar.com\/avatar\/3a8de04a2656d44082be478bd6c086daa447c4651605818287b9532d3d0bd435?s=96&d=mm&r=g","caption":"Lo viste en Los Pol\u00edticos"},"url":"https:\/\/lospoliticosveracruz.com\/?author=2"}]}},"_links":{"self":[{"href":"https:\/\/lospoliticosveracruz.com\/index.php?rest_route=\/wp\/v2\/posts\/146604","targetHints":{"allow":["GET"]}}],"collection":[{"href":"https:\/\/lospoliticosveracruz.com\/index.php?rest_route=\/wp\/v2\/posts"}],"about":[{"href":"https:\/\/lospoliticosveracruz.com\/index.php?rest_route=\/wp\/v2\/types\/post"}],"author":[{"embeddable":true,"href":"https:\/\/lospoliticosveracruz.com\/index.php?rest_route=\/wp\/v2\/users\/2"}],"replies":[{"embeddable":true,"href":"https:\/\/lospoliticosveracruz.com\/index.php?rest_route=%2Fwp%2Fv2%2Fcomments&post=146604"}],"version-history":[{"count":1,"href":"https:\/\/lospoliticosveracruz.com\/index.php?rest_route=\/wp\/v2\/posts\/146604\/revisions"}],"predecessor-version":[{"id":146605,"href":"https:\/\/lospoliticosveracruz.com\/index.php?rest_route=\/wp\/v2\/posts\/146604\/revisions\/146605"}],"wp:featuredmedia":[{"embeddable":true,"href":"https:\/\/lospoliticosveracruz.com\/index.php?rest_route=\/wp\/v2\/media\/141384"}],"wp:attachment":[{"href":"https:\/\/lospoliticosveracruz.com\/index.php?rest_route=%2Fwp%2Fv2%2Fmedia&parent=146604"}],"wp:term":[{"taxonomy":"category","embeddable":true,"href":"https:\/\/lospoliticosveracruz.com\/index.php?rest_route=%2Fwp%2Fv2%2Fcategories&post=146604"},{"taxonomy":"post_tag","embeddable":true,"href":"https:\/\/lospoliticosveracruz.com\/index.php?rest_route=%2Fwp%2Fv2%2Ftags&post=146604"}],"curies":[{"name":"wp","href":"https:\/\/api.w.org\/{rel}","templated":true}]}}