{"id":146610,"date":"2025-06-06T07:21:09","date_gmt":"2025-06-06T12:21:09","guid":{"rendered":"https:\/\/lospoliticosveracruz.com.mx\/?p=146610"},"modified":"2025-06-06T07:21:21","modified_gmt":"2025-06-06T12:21:21","slug":"cuando-la-comunidad-habla-la-uv-tiembla","status":"publish","type":"post","link":"https:\/\/lospoliticosveracruz.com\/?p=146610","title":{"rendered":"CUANDO LA COMUNIDAD HABLA, LA UV TIEMBLA"},"content":{"rendered":"\n<p><strong>Omar Z\u00fa\u00f1iga<\/strong><\/p>\n\n\n\n<p><em>De Primera Mano<\/em><\/p>\n\n\n\n<p>Este viernes, 6 de junio, se llevar\u00e1 a cabo el Consejo Universitario General de la UV, que desde el domingo pasado, luego de la \u201csolicitud de pr\u00f3rroga\u201d que &nbsp;Martincillo&nbsp;hizo a la Junta de Gobierno, trascendi\u00f3 que en otra intentona, el rectorcito pretend\u00eda que el CUG avale la mentada&nbsp;e ilegal solicitud.<\/p>\n\n\n\n<p>Ya no har\u00e1 falta&nbsp;(pues adem\u00e1s no hace falta),&nbsp;dado que es la Junta de Gobierno quien debe publicar la convocatoria para elegir nuevo rector.<\/p>\n\n\n\n<p>De cualquier manera, en estos d\u00edas se han dado m\u00faltiples reacciones a la intentona de asalto que&nbsp;Martincillo&nbsp;busca concretar&nbsp;a Rector\u00eda.<\/p>\n\n\n\n<p>Adem\u00e1s de las expresiones p\u00fablicas de los aspirantes&nbsp;<strong>Jorge Manzo&nbsp;<\/strong><strong>Denes<\/strong>&nbsp;y&nbsp;<strong>Rafael Vela<\/strong>contra las pretensiones del rectorcito, quien ya es considerado el Victoriano Huerta de la vida universitaria, y de la carta de exintegrantes de la Junta de Gobierno exigiendo la publicaci\u00f3n inmediata de la convocatoria, tenemos un llamado a la resistencia civil.<\/p>\n\n\n\n<p>A trav\u00e9s de un manifiesto, la comunidad universitaria alza la voz:<\/p>\n\n\n\n<p>\u201cPorque no se negocia con la conciencia ni se firma la claudicaci\u00f3n del pensamiento cr\u00edtico.<\/p>\n\n\n\n<p>\u201cNosotros, acad\u00e9micas y acad\u00e9micos, estudiantes, personal administrativo, egresados y miembros de esta comunidad universitaria que a\u00fan cree en el valor de la verdad, la justicia y la educaci\u00f3n como servicio p\u00fablico, alzamos la voz y los principios ante la barbarie disfrazada de procedimiento.<\/p>\n\n\n\n<p>\u201cJam\u00e1s pensamos \u2014ni en los m\u00e1s oscuros pasajes de la historia institucional ni en nuestras noches m\u00e1s intensas de insomnio acad\u00e9mico\u2014 vivir para ver c\u00f3mo los valores universitarios eran mancillados con tan cruel descaro. Lo que hoy ocurre no es una an\u00e9cdota pol\u00edtica: es una herida abierta en el rostro de nuestra alma mater.<\/p>\n\n\n\n<p>\u201cDENUNCIAMOS:<\/p>\n\n\n\n<p>\u201cQue la Junta de Gobierno, otrora garante de la legalidad, ha sido convertida en reh\u00e9n de intereses oscuros y presiones indignas.<\/p>\n\n\n\n<p>\u201cQue Consejeros Universitarios est\u00e1n siendo convocados uno por uno no a deliberar, sino a obedecer, en un ejercicio de presi\u00f3n que raya en la extorsi\u00f3n moral.<\/p>\n\n\n\n<p>\u201cQue el poder universitario ha sido colonizado por quienes entienden la educaci\u00f3n como bot\u00edn y no como vocaci\u00f3n.<\/p>\n\n\n\n<p>\u201cQue se pretende perpetuar a un personaje carente de legitimidad, producto de acuerdos en lo oscuro, que jam\u00e1s ha sido electo por m\u00e9rito sino por conveniencia.<\/p>\n\n\n\n<p>\u201cNO NOS CALLAREMOS<\/p>\n\n\n\n<p>\u201cNo, no seremos parte de este silencio c\u00f3mplice.<\/p>\n\n\n\n<p>\u201cNo, no entregaremos nuestras aulas, nuestros cuerpos ni nuestras conciencias.<\/p>\n\n\n\n<p>\u201cNo, no dejaremos que la Universidad sea convertida en una caricatura de s\u00ed misma, gobernada por quienes desprecian el saber y celebran la sumisi\u00f3n(\u2026)\u201d.<\/p>\n\n\n\n<p>*****<\/p>\n\n\n\n<p>Adem\u00e1s de este posicionamiento, est\u00e1 la convocatoria para una marcha pac\u00edfica el pr\u00f3ximo lunes 9, a las 10:00 horas, que saldr\u00e1 de las diferentes facultades, para converger en la Junta de Gobierno.<\/p>\n\n\n\n<p>*****<\/p>\n\n\n\n<p>En otro hecho in\u00e9dito, la Junta de Gobierno, entregada totalmente a&nbsp;Martincillo, violando, adem\u00e1s de la Ley, tambi\u00e9n la autonom\u00eda universitaria, dio entrada a la multicitada solicitud y por si fuera poco, abri\u00f3 un \u201cmicrositio\u201d para hacer una especie de consulta a la comunidad universitaria, que termina la pr\u00f3xima semana,&nbsp;eb&nbsp;viernes 13, por si es usted, cara, caro lector, supersticioso.&nbsp;<\/p>\n\n\n\n<p>Parafraseando al \u00ednclito, los resultados ya los sabemos, falta completar la farsa del procedimiento.&nbsp;Uuuuufff<\/p>\n\n\n\n<p>*****<\/p>\n\n\n\n<p><strong>Gerardo Mart\u00edn Aguilar<\/strong>, el usurpador, en su infinita soberbia, ignorancia y hambre\u2026 de poder, nunca entendi\u00f3 la clase de patada que le dio al avispero, al faltarle al respeto de la manera en que lo hizo, a la Universidad Veracruzana.<\/p>\n\n\n\n<p>Cuando la comunidad habla, la UV tiembla; cuando la UV habla, el Estado tiembla.<\/p>\n\n\n\n<p>\u00a1Qu\u00e9 barbaridad!<\/p>\n\n\n\n<p>deprimera.mano2020@gmail.com<\/p>\n","protected":false},"excerpt":{"rendered":"<p>Omar Z\u00fa\u00f1iga De Primera Mano Este viernes, 6 de junio, se llevar\u00e1 a cabo el Consejo Universitario General de la UV, que desde el domingo pasado, luego de la \u201csolicitud de pr\u00f3rroga\u201d que &nbsp;Martincillo&nbsp;hizo a la Junta de Gobierno, trascendi\u00f3 que en otra intentona, el rectorcito pretend\u00eda que el CUG avale la mentada&nbsp;e ilegal solicitud. [&hellip;]<\/p>\n","protected":false},"author":2,"featured_media":141427,"comment_status":"closed","ping_status":"closed","sticky":false,"template":"","format":"standard","meta":{"tdm_status":"","tdm_grid_status":"","footnotes":""},"categories":[70],"tags":[8398,29146,172,195],"class_list":{"0":"post-146610","1":"post","2":"type-post","3":"status-publish","4":"format-standard","5":"has-post-thumbnail","7":"category-de-opinion","8":"tag-junta-de-gobierno","9":"tag-martin-aguilar-sanchez-2","10":"tag-uv","11":"tag-veracruz"},"yoast_head":"<!-- This site is optimized with the Yoast SEO plugin v27.4 - https:\/\/yoast.com\/product\/yoast-seo-wordpress\/ -->\n<title>CUANDO LA COMUNIDAD HABLA, LA UV TIEMBLA - Los pol\u00edticos Veracruz<\/title>\n<meta name=\"robots\" content=\"index, follow, max-snippet:-1, max-image-preview:large, max-video-preview:-1\" \/>\n<link rel=\"canonical\" href=\"https:\/\/lospoliticosveracruz.com\/?p=146610\" \/>\n<meta property=\"og:locale\" content=\"es_ES\" \/>\n<meta property=\"og:type\" content=\"article\" \/>\n<meta property=\"og:title\" content=\"CUANDO LA COMUNIDAD HABLA, LA UV TIEMBLA - Los pol\u00edticos Veracruz\" \/>\n<meta property=\"og:description\" content=\"Omar Z\u00fa\u00f1iga De Primera Mano Este viernes, 6 de junio, se llevar\u00e1 a cabo el Consejo Universitario General de la UV, que desde el domingo pasado, luego de la \u201csolicitud de pr\u00f3rroga\u201d que &nbsp;Martincillo&nbsp;hizo a la Junta de Gobierno, trascendi\u00f3 que en otra intentona, el rectorcito pretend\u00eda que el CUG avale la mentada&nbsp;e ilegal solicitud. [&hellip;]\" \/>\n<meta property=\"og:url\" content=\"https:\/\/lospoliticosveracruz.com\/?p=146610\" \/>\n<meta property=\"og:site_name\" content=\"Los pol\u00edticos Veracruz\" \/>\n<meta property=\"article:publisher\" content=\"https:\/\/www.facebook.com\/people\/Notimemes-de-los-Polticos\/61565672886568\/\" \/>\n<meta property=\"article:published_time\" content=\"2025-06-06T12:21:09+00:00\" \/>\n<meta property=\"article:modified_time\" content=\"2025-06-06T12:21:21+00:00\" \/>\n<meta property=\"og:image\" content=\"https:\/\/lospoliticosveracruz.com\/wp-content\/uploads\/2025\/04\/Omar-Zuniga.jpg\" \/>\n\t<meta property=\"og:image:width\" content=\"1250\" \/>\n\t<meta property=\"og:image:height\" content=\"667\" \/>\n\t<meta property=\"og:image:type\" content=\"image\/jpeg\" \/>\n<meta name=\"author\" content=\"Lo viste en Los Pol\u00edticos\" \/>\n<meta name=\"twitter:card\" content=\"summary_large_image\" \/>\n<meta name=\"twitter:creator\" content=\"@LosPoliticosVer\" \/>\n<meta name=\"twitter:site\" content=\"@LosPoliticosVer\" \/>\n<meta name=\"twitter:label1\" content=\"Escrito por\" \/>\n\t<meta name=\"twitter:data1\" content=\"Lo viste en Los Pol\u00edticos\" \/>\n\t<meta name=\"twitter:label2\" content=\"Tiempo de lectura\" \/>\n\t<meta name=\"twitter:data2\" content=\"3 minutos\" \/>\n<script type=\"application\/ld+json\" class=\"yoast-schema-graph\">{\"@context\":\"https:\\\/\\\/schema.org\",\"@graph\":[{\"@type\":\"Article\",\"@id\":\"https:\\\/\\\/lospoliticosveracruz.com\\\/?p=146610#article\",\"isPartOf\":{\"@id\":\"https:\\\/\\\/lospoliticosveracruz.com\\\/?p=146610\"},\"author\":{\"name\":\"Lo viste en Los Pol\u00edticos\",\"@id\":\"https:\\\/\\\/lospoliticosveracruz.com\\\/#\\\/schema\\\/person\\\/b8702bb0e538456e6efd07080bf2a4a2\"},\"headline\":\"CUANDO LA COMUNIDAD HABLA, LA UV TIEMBLA\",\"datePublished\":\"2025-06-06T12:21:09+00:00\",\"dateModified\":\"2025-06-06T12:21:21+00:00\",\"mainEntityOfPage\":{\"@id\":\"https:\\\/\\\/lospoliticosveracruz.com\\\/?p=146610\"},\"wordCount\":651,\"publisher\":{\"@id\":\"https:\\\/\\\/lospoliticosveracruz.com\\\/#organization\"},\"image\":{\"@id\":\"https:\\\/\\\/lospoliticosveracruz.com\\\/?p=146610#primaryimage\"},\"thumbnailUrl\":\"https:\\\/\\\/lospoliticosveracruz.com\\\/wp-content\\\/uploads\\\/2025\\\/04\\\/Omar-Zuniga.jpg\",\"keywords\":[\"Junta de Gobierno\",\"Mart\u00edn Aguilar S\u00e1nchez\",\"UV\",\"Veracruz\"],\"articleSection\":[\"De Opini\u00f3n\"],\"inLanguage\":\"es\"},{\"@type\":\"WebPage\",\"@id\":\"https:\\\/\\\/lospoliticosveracruz.com\\\/?p=146610\",\"url\":\"https:\\\/\\\/lospoliticosveracruz.com\\\/?p=146610\",\"name\":\"CUANDO LA COMUNIDAD HABLA, LA UV TIEMBLA - Los pol\u00edticos Veracruz\",\"isPartOf\":{\"@id\":\"https:\\\/\\\/lospoliticosveracruz.com\\\/#website\"},\"primaryImageOfPage\":{\"@id\":\"https:\\\/\\\/lospoliticosveracruz.com\\\/?p=146610#primaryimage\"},\"image\":{\"@id\":\"https:\\\/\\\/lospoliticosveracruz.com\\\/?p=146610#primaryimage\"},\"thumbnailUrl\":\"https:\\\/\\\/lospoliticosveracruz.com\\\/wp-content\\\/uploads\\\/2025\\\/04\\\/Omar-Zuniga.jpg\",\"datePublished\":\"2025-06-06T12:21:09+00:00\",\"dateModified\":\"2025-06-06T12:21:21+00:00\",\"breadcrumb\":{\"@id\":\"https:\\\/\\\/lospoliticosveracruz.com\\\/?p=146610#breadcrumb\"},\"inLanguage\":\"es\",\"potentialAction\":[{\"@type\":\"ReadAction\",\"target\":[\"https:\\\/\\\/lospoliticosveracruz.com\\\/?p=146610\"]}]},{\"@type\":\"ImageObject\",\"inLanguage\":\"es\",\"@id\":\"https:\\\/\\\/lospoliticosveracruz.com\\\/?p=146610#primaryimage\",\"url\":\"https:\\\/\\\/lospoliticosveracruz.com\\\/wp-content\\\/uploads\\\/2025\\\/04\\\/Omar-Zuniga.jpg\",\"contentUrl\":\"https:\\\/\\\/lospoliticosveracruz.com\\\/wp-content\\\/uploads\\\/2025\\\/04\\\/Omar-Zuniga.jpg\",\"width\":1250,\"height\":667},{\"@type\":\"BreadcrumbList\",\"@id\":\"https:\\\/\\\/lospoliticosveracruz.com\\\/?p=146610#breadcrumb\",\"itemListElement\":[{\"@type\":\"ListItem\",\"position\":1,\"name\":\"Portada\",\"item\":\"https:\\\/\\\/lospoliticosveracruz.com\\\/\"},{\"@type\":\"ListItem\",\"position\":2,\"name\":\"CUANDO LA COMUNIDAD HABLA, LA UV TIEMBLA\"}]},{\"@type\":\"WebSite\",\"@id\":\"https:\\\/\\\/lospoliticosveracruz.com\\\/#website\",\"url\":\"https:\\\/\\\/lospoliticosveracruz.com\\\/\",\"name\":\"Los pol\u00edticos Veracruz\",\"description\":\"\",\"publisher\":{\"@id\":\"https:\\\/\\\/lospoliticosveracruz.com\\\/#organization\"},\"potentialAction\":[{\"@type\":\"SearchAction\",\"target\":{\"@type\":\"EntryPoint\",\"urlTemplate\":\"https:\\\/\\\/lospoliticosveracruz.com\\\/?s={search_term_string}\"},\"query-input\":{\"@type\":\"PropertyValueSpecification\",\"valueRequired\":true,\"valueName\":\"search_term_string\"}}],\"inLanguage\":\"es\"},{\"@type\":\"Organization\",\"@id\":\"https:\\\/\\\/lospoliticosveracruz.com\\\/#organization\",\"name\":\"Los pol\u00edticos Veracruz\",\"url\":\"https:\\\/\\\/lospoliticosveracruz.com\\\/\",\"logo\":{\"@type\":\"ImageObject\",\"inLanguage\":\"es\",\"@id\":\"https:\\\/\\\/lospoliticosveracruz.com\\\/#\\\/schema\\\/logo\\\/image\\\/\",\"url\":\"https:\\\/\\\/lospoliticosveracruz.com\\\/wp-content\\\/uploads\\\/2025\\\/12\\\/Logo-Nuevo-LOS-POLITICOS-1.jpg\",\"contentUrl\":\"https:\\\/\\\/lospoliticosveracruz.com\\\/wp-content\\\/uploads\\\/2025\\\/12\\\/Logo-Nuevo-LOS-POLITICOS-1.jpg\",\"width\":260,\"height\":70,\"caption\":\"Los pol\u00edticos Veracruz\"},\"image\":{\"@id\":\"https:\\\/\\\/lospoliticosveracruz.com\\\/#\\\/schema\\\/logo\\\/image\\\/\"},\"sameAs\":[\"https:\\\/\\\/www.facebook.com\\\/people\\\/Notimemes-de-los-Polticos\\\/61565672886568\\\/\",\"https:\\\/\\\/x.com\\\/LosPoliticosVer\"]},{\"@type\":\"Person\",\"@id\":\"https:\\\/\\\/lospoliticosveracruz.com\\\/#\\\/schema\\\/person\\\/b8702bb0e538456e6efd07080bf2a4a2\",\"name\":\"Lo viste en Los Pol\u00edticos\",\"image\":{\"@type\":\"ImageObject\",\"inLanguage\":\"es\",\"@id\":\"https:\\\/\\\/secure.gravatar.com\\\/avatar\\\/3a8de04a2656d44082be478bd6c086daa447c4651605818287b9532d3d0bd435?s=96&d=mm&r=g\",\"url\":\"https:\\\/\\\/secure.gravatar.com\\\/avatar\\\/3a8de04a2656d44082be478bd6c086daa447c4651605818287b9532d3d0bd435?s=96&d=mm&r=g\",\"contentUrl\":\"https:\\\/\\\/secure.gravatar.com\\\/avatar\\\/3a8de04a2656d44082be478bd6c086daa447c4651605818287b9532d3d0bd435?s=96&d=mm&r=g\",\"caption\":\"Lo viste en Los Pol\u00edticos\"},\"url\":\"https:\\\/\\\/lospoliticosveracruz.com\\\/?author=2\"}]}<\/script>\n<!-- \/ Yoast SEO plugin. -->","yoast_head_json":{"title":"CUANDO LA COMUNIDAD HABLA, LA UV TIEMBLA - Los pol\u00edticos Veracruz","robots":{"index":"index","follow":"follow","max-snippet":"max-snippet:-1","max-image-preview":"max-image-preview:large","max-video-preview":"max-video-preview:-1"},"canonical":"https:\/\/lospoliticosveracruz.com\/?p=146610","og_locale":"es_ES","og_type":"article","og_title":"CUANDO LA COMUNIDAD HABLA, LA UV TIEMBLA - Los pol\u00edticos Veracruz","og_description":"Omar Z\u00fa\u00f1iga De Primera Mano Este viernes, 6 de junio, se llevar\u00e1 a cabo el Consejo Universitario General de la UV, que desde el domingo pasado, luego de la \u201csolicitud de pr\u00f3rroga\u201d que &nbsp;Martincillo&nbsp;hizo a la Junta de Gobierno, trascendi\u00f3 que en otra intentona, el rectorcito pretend\u00eda que el CUG avale la mentada&nbsp;e ilegal solicitud. [&hellip;]","og_url":"https:\/\/lospoliticosveracruz.com\/?p=146610","og_site_name":"Los pol\u00edticos Veracruz","article_publisher":"https:\/\/www.facebook.com\/people\/Notimemes-de-los-Polticos\/61565672886568\/","article_published_time":"2025-06-06T12:21:09+00:00","article_modified_time":"2025-06-06T12:21:21+00:00","og_image":[{"width":1250,"height":667,"url":"https:\/\/lospoliticosveracruz.com\/wp-content\/uploads\/2025\/04\/Omar-Zuniga.jpg","type":"image\/jpeg"}],"author":"Lo viste en Los Pol\u00edticos","twitter_card":"summary_large_image","twitter_creator":"@LosPoliticosVer","twitter_site":"@LosPoliticosVer","twitter_misc":{"Escrito por":"Lo viste en Los Pol\u00edticos","Tiempo de lectura":"3 minutos"},"schema":{"@context":"https:\/\/schema.org","@graph":[{"@type":"Article","@id":"https:\/\/lospoliticosveracruz.com\/?p=146610#article","isPartOf":{"@id":"https:\/\/lospoliticosveracruz.com\/?p=146610"},"author":{"name":"Lo viste en Los Pol\u00edticos","@id":"https:\/\/lospoliticosveracruz.com\/#\/schema\/person\/b8702bb0e538456e6efd07080bf2a4a2"},"headline":"CUANDO LA COMUNIDAD HABLA, LA UV TIEMBLA","datePublished":"2025-06-06T12:21:09+00:00","dateModified":"2025-06-06T12:21:21+00:00","mainEntityOfPage":{"@id":"https:\/\/lospoliticosveracruz.com\/?p=146610"},"wordCount":651,"publisher":{"@id":"https:\/\/lospoliticosveracruz.com\/#organization"},"image":{"@id":"https:\/\/lospoliticosveracruz.com\/?p=146610#primaryimage"},"thumbnailUrl":"https:\/\/lospoliticosveracruz.com\/wp-content\/uploads\/2025\/04\/Omar-Zuniga.jpg","keywords":["Junta de Gobierno","Mart\u00edn Aguilar S\u00e1nchez","UV","Veracruz"],"articleSection":["De Opini\u00f3n"],"inLanguage":"es"},{"@type":"WebPage","@id":"https:\/\/lospoliticosveracruz.com\/?p=146610","url":"https:\/\/lospoliticosveracruz.com\/?p=146610","name":"CUANDO LA COMUNIDAD HABLA, LA UV TIEMBLA - Los pol\u00edticos Veracruz","isPartOf":{"@id":"https:\/\/lospoliticosveracruz.com\/#website"},"primaryImageOfPage":{"@id":"https:\/\/lospoliticosveracruz.com\/?p=146610#primaryimage"},"image":{"@id":"https:\/\/lospoliticosveracruz.com\/?p=146610#primaryimage"},"thumbnailUrl":"https:\/\/lospoliticosveracruz.com\/wp-content\/uploads\/2025\/04\/Omar-Zuniga.jpg","datePublished":"2025-06-06T12:21:09+00:00","dateModified":"2025-06-06T12:21:21+00:00","breadcrumb":{"@id":"https:\/\/lospoliticosveracruz.com\/?p=146610#breadcrumb"},"inLanguage":"es","potentialAction":[{"@type":"ReadAction","target":["https:\/\/lospoliticosveracruz.com\/?p=146610"]}]},{"@type":"ImageObject","inLanguage":"es","@id":"https:\/\/lospoliticosveracruz.com\/?p=146610#primaryimage","url":"https:\/\/lospoliticosveracruz.com\/wp-content\/uploads\/2025\/04\/Omar-Zuniga.jpg","contentUrl":"https:\/\/lospoliticosveracruz.com\/wp-content\/uploads\/2025\/04\/Omar-Zuniga.jpg","width":1250,"height":667},{"@type":"BreadcrumbList","@id":"https:\/\/lospoliticosveracruz.com\/?p=146610#breadcrumb","itemListElement":[{"@type":"ListItem","position":1,"name":"Portada","item":"https:\/\/lospoliticosveracruz.com\/"},{"@type":"ListItem","position":2,"name":"CUANDO LA COMUNIDAD HABLA, LA UV TIEMBLA"}]},{"@type":"WebSite","@id":"https:\/\/lospoliticosveracruz.com\/#website","url":"https:\/\/lospoliticosveracruz.com\/","name":"Los pol\u00edticos Veracruz","description":"","publisher":{"@id":"https:\/\/lospoliticosveracruz.com\/#organization"},"potentialAction":[{"@type":"SearchAction","target":{"@type":"EntryPoint","urlTemplate":"https:\/\/lospoliticosveracruz.com\/?s={search_term_string}"},"query-input":{"@type":"PropertyValueSpecification","valueRequired":true,"valueName":"search_term_string"}}],"inLanguage":"es"},{"@type":"Organization","@id":"https:\/\/lospoliticosveracruz.com\/#organization","name":"Los pol\u00edticos Veracruz","url":"https:\/\/lospoliticosveracruz.com\/","logo":{"@type":"ImageObject","inLanguage":"es","@id":"https:\/\/lospoliticosveracruz.com\/#\/schema\/logo\/image\/","url":"https:\/\/lospoliticosveracruz.com\/wp-content\/uploads\/2025\/12\/Logo-Nuevo-LOS-POLITICOS-1.jpg","contentUrl":"https:\/\/lospoliticosveracruz.com\/wp-content\/uploads\/2025\/12\/Logo-Nuevo-LOS-POLITICOS-1.jpg","width":260,"height":70,"caption":"Los pol\u00edticos Veracruz"},"image":{"@id":"https:\/\/lospoliticosveracruz.com\/#\/schema\/logo\/image\/"},"sameAs":["https:\/\/www.facebook.com\/people\/Notimemes-de-los-Polticos\/61565672886568\/","https:\/\/x.com\/LosPoliticosVer"]},{"@type":"Person","@id":"https:\/\/lospoliticosveracruz.com\/#\/schema\/person\/b8702bb0e538456e6efd07080bf2a4a2","name":"Lo viste en Los Pol\u00edticos","image":{"@type":"ImageObject","inLanguage":"es","@id":"https:\/\/secure.gravatar.com\/avatar\/3a8de04a2656d44082be478bd6c086daa447c4651605818287b9532d3d0bd435?s=96&d=mm&r=g","url":"https:\/\/secure.gravatar.com\/avatar\/3a8de04a2656d44082be478bd6c086daa447c4651605818287b9532d3d0bd435?s=96&d=mm&r=g","contentUrl":"https:\/\/secure.gravatar.com\/avatar\/3a8de04a2656d44082be478bd6c086daa447c4651605818287b9532d3d0bd435?s=96&d=mm&r=g","caption":"Lo viste en Los Pol\u00edticos"},"url":"https:\/\/lospoliticosveracruz.com\/?author=2"}]}},"_links":{"self":[{"href":"https:\/\/lospoliticosveracruz.com\/index.php?rest_route=\/wp\/v2\/posts\/146610","targetHints":{"allow":["GET"]}}],"collection":[{"href":"https:\/\/lospoliticosveracruz.com\/index.php?rest_route=\/wp\/v2\/posts"}],"about":[{"href":"https:\/\/lospoliticosveracruz.com\/index.php?rest_route=\/wp\/v2\/types\/post"}],"author":[{"embeddable":true,"href":"https:\/\/lospoliticosveracruz.com\/index.php?rest_route=\/wp\/v2\/users\/2"}],"replies":[{"embeddable":true,"href":"https:\/\/lospoliticosveracruz.com\/index.php?rest_route=%2Fwp%2Fv2%2Fcomments&post=146610"}],"version-history":[{"count":2,"href":"https:\/\/lospoliticosveracruz.com\/index.php?rest_route=\/wp\/v2\/posts\/146610\/revisions"}],"predecessor-version":[{"id":146612,"href":"https:\/\/lospoliticosveracruz.com\/index.php?rest_route=\/wp\/v2\/posts\/146610\/revisions\/146612"}],"wp:featuredmedia":[{"embeddable":true,"href":"https:\/\/lospoliticosveracruz.com\/index.php?rest_route=\/wp\/v2\/media\/141427"}],"wp:attachment":[{"href":"https:\/\/lospoliticosveracruz.com\/index.php?rest_route=%2Fwp%2Fv2%2Fmedia&parent=146610"}],"wp:term":[{"taxonomy":"category","embeddable":true,"href":"https:\/\/lospoliticosveracruz.com\/index.php?rest_route=%2Fwp%2Fv2%2Fcategories&post=146610"},{"taxonomy":"post_tag","embeddable":true,"href":"https:\/\/lospoliticosveracruz.com\/index.php?rest_route=%2Fwp%2Fv2%2Ftags&post=146610"}],"curies":[{"name":"wp","href":"https:\/\/api.w.org\/{rel}","templated":true}]}}