{"id":146687,"date":"2025-06-08T10:34:57","date_gmt":"2025-06-08T15:34:57","guid":{"rendered":"https:\/\/lospoliticosveracruz.com.mx\/?p=146687"},"modified":"2025-06-08T10:35:09","modified_gmt":"2025-06-08T15:35:09","slug":"se-quieren-colgar-la-medalla","status":"publish","type":"post","link":"https:\/\/lospoliticosveracruz.com\/?p=146687","title":{"rendered":"SE QUIEREN COLGAR LA MEDALLA"},"content":{"rendered":"\n<p><strong>\u00a0<\/strong><br><\/p>\n\n\n\n\n\n<p><br><strong>Oved Contreras<\/strong><br><em>Secas Mecas<\/em><\/p>\n\n\n\n<p>Luego del hist\u00f3rico triunfo de Rosa Mar\u00eda Hern\u00e1ndez Espejo en las elecciones municipales del puerto de Veracruz, ahora resulta que hay quienes se pavonean y se quieren colgar la medalla, pero en su momento la bloquearon y no movieron un solo dedo en campa\u00f1a.<\/p>\n\n\n\n<p>Como qued\u00f3 evidenciado en un grupo de whatsapp de morenos encumbrados, que se difundi\u00f3 profusamente, donde Cuitl\u00e1huac Garc\u00eda quien fue el principal bloqueador ahora hace suyo el triunfo en el puerto de Veracruz\u2026dice que hay que cacarear que \u201cle ganamos\u201d a la derecha rancia que no avanz\u00f3.<\/p>\n\n\n\n<p>No se hagan bolas. El triunfo electoral es de Rosa Mar\u00eda porque ac\u00e1 los dizque operadores xalape\u00f1os si es que vinieron, solo fue para turistear pero no pueden presumir que operaron en favor de Rosa, est\u00e1 claro que no conocen el territorio&#8230;fue ella quien camin\u00f3 todo Veracruz como lo ha hecho en los \u00faltimos 20 a\u00f1os y all\u00ed est\u00e1n los resultados con una votaci\u00f3n hist\u00f3rica.<\/p>\n\n\n\n<p>En su momento la propia Teca Mu\u00f1oz, que ahora ser\u00e1 regidora, bloque\u00f3 a Rosa con la gobernadora Roc\u00edo Nahle y hasta la grillaba, eso muchos lo saben, pero Rosa aguant\u00f3 vara y sigui\u00f3 caminando\u2026su equipo jam\u00e1s la dej\u00f3 sola y es con ellos con quienes hoy debe celebrar la victoria. Por cierto, nos comentan que Adriana sigue en sus grillas y amenaza con que ser\u00e1 ella quien se encargue de palomear los convenios con los medkos y periodistas&nbsp;&nbsp;en la nueva administraci\u00f3n municipal, que va a vetar o a premiar seg\u00fan sea el caso. Eso si Rosa o Toche se lo permiten. Faltaba m\u00e1s.<\/p>\n\n\n\n<p>CAR\u00d3N DEFIENDE A SU COMPADRE&#8230;de que se perdi\u00f3 Poza Rica, Papantla y otros municipios del norte&#8230;el abejorro del Bienestar defiende con todo a su \u00abcompadre\u00bb Zepeta y tambi\u00e9n le pega su raspada a la dirigencia nacional de Morena, que vino a meter su cuchara con supuestas encuestas en los 212 municipios veracruzanos, y all\u00ed est\u00e1n los resultados.<\/p>\n\n\n\n<p>Nos enteramos a trav\u00e9s del Blog Expediente del Maestro de Maestros, Luis Vel\u00e1zquez, de la existencia de un grupo de WhatsApp denominado \u201cAmigos 4 extitulares\u201d, encabezado por Cuitl\u00e1huac Garc\u00eda Jim\u00e9nez, adem\u00e1s del actual delegado del Bienestar, Juan Javier G\u00f3mez Cazar\u00edn, Esteban Ram\u00edrez Zepeta, y el ex procurador ambiental, Sergio Rodr\u00edguez.<\/p>\n\n\n\n<p>Que hubo recriminaciones una vez que MORENA pas\u00f3 de tener 120 municipios gobernados a apenas 84 lo que indica que gobernar\u00e1n 36 municipios menos, con el salvoconducto de que ahora se triunf\u00f3 en bastiones panistas como el puerto de Veracruz y Tantoyuca.<\/p>\n\n\n\n<p>El chaparr\u00f3n del Bienestar recrimin\u00f3 que por las divisiones internas se perdi\u00f3 Poza Rica, Papantla y otros municipios del Totonacapan, y de la Huasteca veracruzana en el norte de la entidad\u2026y que en el caso de Poza Rica, no tuvo cara para pedirle apoyo a Lima (Jos\u00e9 Luis Lima Franco, exsecretario de Finanzas) a quien bajaron de la candidatura y fue exiliado por la gobernadora Roc\u00edo Nahle. \u201cCada quien recibe el resultado que merece, no pueden culpar a mi compadre Esteban, cuando la dirigencia nacional vino a meter la mano con sus dichosas (sic) encuestas en los 212 municipios\u201d, responde G\u00f3mez Cazar\u00edn ante las cr\u00edticas al dirigente de MORENA.<\/p>\n\n\n\n<p>El ex procurador ambiental, Sergio Rodr\u00edguez Cort\u00e9s, a quien por cierto no le toc\u00f3 nada, fue directo al se\u00f1alar del retroceso al propio Ram\u00edrez Zepeta, y al responsable pol\u00edtico electoral, Luis Arturo Mart\u00ednez, pol\u00edtico de todas las confianzas de la gobernadora Norma Roc\u00edo Nahle Garc\u00eda.<\/p>\n\n\n\n<p>\u00abEs de primaria entender que el enfermo debe aceptar que padece algo. No podemos defender o indefendible\u2026Pusieron candidatos sin consultar a nadie; sin resaltar una valoraci\u00f3n. Neg\u00e1ndole la posibilidad de estar en la boleta a quienes trabajaron, el evalu\u00f3 antes qu\u00e9 el pueblo, por eso los fracasos que tuvo por todos lados\u201d, refut\u00f3 Rodr\u00edguez Cortes.<\/p>\n\n\n\n<p>En el grupo de Whatsapp, Cuitl\u00e1huac Garc\u00eda sali\u00f3 en respaldo de Esteban Ram\u00edrez Zepeta: \u201cNo debemos atacarnos entre nosotros\u201d, y destac\u00f3 que independientemente de los resultados, se debe resaltar el triunfo en el puerto de Veracruz: \u201cYo resalto el triunfo en el puerto, eso es lo que debemos cantar todos. \u201cEstamos a punto de ganar Boca del R\u00edo (sic). La derecha rancia no avanz\u00f3. Esa es la perspectiva que se ve desde afuera y la tratan los medios nacionales de ocultar\u201d.<\/p>\n\n\n\n<p>En su momento, la t\u00eda Ch\u00edo minimiz\u00f3 la derrota, al resaltar el triunfo en el Puerto de Veracruz; incluso reproch\u00f3 que los reporteros no le mencionaran de sendos triunfos en Acayucan, aunque en una postura m\u00e1s m\u00e1s autocr\u00edtica, la gobernadora asegur\u00f3 que es momento de aprender de los \u201ctropezones\u201d y \u201cerrores\u201d.<\/p>\n\n\n\n<p>HACEN PRESI\u00d3N\u2026Fuentes vinculadas a Morena, que dicen ser respetuosas del marco legal, filtraron una foto en la que se observan a funcionarios y trabajadores de la delegaci\u00f3n del Bienestar presionando en las oficinas del OPLE ubicadas en la calle de Clavijero, en Xalapa, para presionar al \u00f3rgano electoral para que le otorgue el triunfo a los candidatos del Movimiento de Regeneraci\u00f3n Nacional.<\/p>\n\n\n\n<p>En su portal Versiones, Pepe Ortiz refiere que sus informantes le aseguran que esas manifestaciones fueron hechas en d\u00eda laborable y en horario de oficinas, lo que podr\u00eda constituir un delito electoral, pero en caso contrario, es decir que se hayan hecho fuera de horario laboral, todos los empleados de Bienestar firmaron una carta compromiso de no involucrarse en temas partidistas, como parte del blindaje electoral.<\/p>\n\n\n\n<p>Entre quienes estuvieron presentes en esas \u00abprotestas\u00bb fueron Jos\u00e9 Manuel Lim\u00f3n, responsable de pasar lista de asistencia a los empleados de Bienestar, Keyla Ruiz, responsable del programa La Cl\u00ednica es Nuestra, Katya Hern\u00e1ndez, enlace de La Cl\u00ednica es Nuestra, Jesh Pimentel, responsable estatal del programa J\u00f3venes Construyendo el Futuro. Jorge Rojas D\u00edaz, responsable estatal del programa Adulto Mayor, Alfredo, Contador, encargado de materiales, Iv\u00e1n Yobal, director de regi\u00f3n Xalapa, y Adali Fragoso, directora de Coatepec.<\/p>\n","protected":false},"excerpt":{"rendered":"<p>\u00a0 Oved ContrerasSecas Mecas Luego del hist\u00f3rico triunfo de Rosa Mar\u00eda Hern\u00e1ndez Espejo en las elecciones municipales del puerto de Veracruz, ahora resulta que hay quienes se pavonean y se quieren colgar la medalla, pero en su momento la bloquearon y no movieron un solo dedo en campa\u00f1a. Como qued\u00f3 evidenciado en un grupo de [&hellip;]<\/p>\n","protected":false},"author":2,"featured_media":141426,"comment_status":"closed","ping_status":"closed","sticky":false,"template":"","format":"standard","meta":{"tdm_status":"","tdm_grid_status":"","footnotes":""},"categories":[70],"tags":[11900],"class_list":{"0":"post-146687","1":"post","2":"type-post","3":"status-publish","4":"format-standard","5":"has-post-thumbnail","7":"category-de-opinion","8":"tag-rosa-maria-hernandez-espejo"},"yoast_head":"<!-- This site is optimized with the Yoast SEO plugin v27.4 - https:\/\/yoast.com\/product\/yoast-seo-wordpress\/ -->\n<title>SE QUIEREN COLGAR LA MEDALLA - Los pol\u00edticos Veracruz<\/title>\n<meta name=\"robots\" content=\"index, follow, max-snippet:-1, max-image-preview:large, max-video-preview:-1\" \/>\n<link rel=\"canonical\" href=\"https:\/\/lospoliticosveracruz.com\/?p=146687\" \/>\n<meta property=\"og:locale\" content=\"es_ES\" \/>\n<meta property=\"og:type\" content=\"article\" \/>\n<meta property=\"og:title\" content=\"SE QUIEREN COLGAR LA MEDALLA - Los pol\u00edticos Veracruz\" \/>\n<meta property=\"og:description\" content=\"\u00a0 Oved ContrerasSecas Mecas Luego del hist\u00f3rico triunfo de Rosa Mar\u00eda Hern\u00e1ndez Espejo en las elecciones municipales del puerto de Veracruz, ahora resulta que hay quienes se pavonean y se quieren colgar la medalla, pero en su momento la bloquearon y no movieron un solo dedo en campa\u00f1a. Como qued\u00f3 evidenciado en un grupo de [&hellip;]\" \/>\n<meta property=\"og:url\" content=\"https:\/\/lospoliticosveracruz.com\/?p=146687\" \/>\n<meta property=\"og:site_name\" content=\"Los pol\u00edticos Veracruz\" \/>\n<meta property=\"article:publisher\" content=\"https:\/\/www.facebook.com\/people\/Notimemes-de-los-Polticos\/61565672886568\/\" \/>\n<meta property=\"article:published_time\" content=\"2025-06-08T15:34:57+00:00\" \/>\n<meta property=\"article:modified_time\" content=\"2025-06-08T15:35:09+00:00\" \/>\n<meta property=\"og:image\" content=\"https:\/\/lospoliticosveracruz.com\/wp-content\/uploads\/2025\/04\/Oved-Contreras-e1768066319253.jpg\" \/>\n\t<meta property=\"og:image:width\" content=\"600\" \/>\n\t<meta property=\"og:image:height\" content=\"320\" \/>\n\t<meta property=\"og:image:type\" content=\"image\/jpeg\" \/>\n<meta name=\"author\" content=\"Lo viste en Los Pol\u00edticos\" \/>\n<meta name=\"twitter:card\" content=\"summary_large_image\" \/>\n<meta name=\"twitter:creator\" content=\"@LosPoliticosVer\" \/>\n<meta name=\"twitter:site\" content=\"@LosPoliticosVer\" \/>\n<meta name=\"twitter:label1\" content=\"Escrito por\" \/>\n\t<meta name=\"twitter:data1\" content=\"Lo viste en Los Pol\u00edticos\" \/>\n\t<meta name=\"twitter:label2\" content=\"Tiempo de lectura\" \/>\n\t<meta name=\"twitter:data2\" content=\"5 minutos\" \/>\n<script type=\"application\/ld+json\" class=\"yoast-schema-graph\">{\"@context\":\"https:\\\/\\\/schema.org\",\"@graph\":[{\"@type\":\"Article\",\"@id\":\"https:\\\/\\\/lospoliticosveracruz.com\\\/?p=146687#article\",\"isPartOf\":{\"@id\":\"https:\\\/\\\/lospoliticosveracruz.com\\\/?p=146687\"},\"author\":{\"name\":\"Lo viste en Los Pol\u00edticos\",\"@id\":\"https:\\\/\\\/lospoliticosveracruz.com\\\/#\\\/schema\\\/person\\\/b8702bb0e538456e6efd07080bf2a4a2\"},\"headline\":\"SE QUIEREN COLGAR LA MEDALLA\",\"datePublished\":\"2025-06-08T15:34:57+00:00\",\"dateModified\":\"2025-06-08T15:35:09+00:00\",\"mainEntityOfPage\":{\"@id\":\"https:\\\/\\\/lospoliticosveracruz.com\\\/?p=146687\"},\"wordCount\":1036,\"publisher\":{\"@id\":\"https:\\\/\\\/lospoliticosveracruz.com\\\/#organization\"},\"image\":{\"@id\":\"https:\\\/\\\/lospoliticosveracruz.com\\\/?p=146687#primaryimage\"},\"thumbnailUrl\":\"https:\\\/\\\/lospoliticosveracruz.com\\\/wp-content\\\/uploads\\\/2025\\\/04\\\/Oved-Contreras-e1768066319253.jpg\",\"keywords\":[\"Rosa Mar\u00eda Hern\u00e1ndez Espejo\"],\"articleSection\":[\"De Opini\u00f3n\"],\"inLanguage\":\"es\"},{\"@type\":\"WebPage\",\"@id\":\"https:\\\/\\\/lospoliticosveracruz.com\\\/?p=146687\",\"url\":\"https:\\\/\\\/lospoliticosveracruz.com\\\/?p=146687\",\"name\":\"SE QUIEREN COLGAR LA MEDALLA - Los pol\u00edticos Veracruz\",\"isPartOf\":{\"@id\":\"https:\\\/\\\/lospoliticosveracruz.com\\\/#website\"},\"primaryImageOfPage\":{\"@id\":\"https:\\\/\\\/lospoliticosveracruz.com\\\/?p=146687#primaryimage\"},\"image\":{\"@id\":\"https:\\\/\\\/lospoliticosveracruz.com\\\/?p=146687#primaryimage\"},\"thumbnailUrl\":\"https:\\\/\\\/lospoliticosveracruz.com\\\/wp-content\\\/uploads\\\/2025\\\/04\\\/Oved-Contreras-e1768066319253.jpg\",\"datePublished\":\"2025-06-08T15:34:57+00:00\",\"dateModified\":\"2025-06-08T15:35:09+00:00\",\"breadcrumb\":{\"@id\":\"https:\\\/\\\/lospoliticosveracruz.com\\\/?p=146687#breadcrumb\"},\"inLanguage\":\"es\",\"potentialAction\":[{\"@type\":\"ReadAction\",\"target\":[\"https:\\\/\\\/lospoliticosveracruz.com\\\/?p=146687\"]}]},{\"@type\":\"ImageObject\",\"inLanguage\":\"es\",\"@id\":\"https:\\\/\\\/lospoliticosveracruz.com\\\/?p=146687#primaryimage\",\"url\":\"https:\\\/\\\/lospoliticosveracruz.com\\\/wp-content\\\/uploads\\\/2025\\\/04\\\/Oved-Contreras-e1768066319253.jpg\",\"contentUrl\":\"https:\\\/\\\/lospoliticosveracruz.com\\\/wp-content\\\/uploads\\\/2025\\\/04\\\/Oved-Contreras-e1768066319253.jpg\",\"width\":600,\"height\":320},{\"@type\":\"BreadcrumbList\",\"@id\":\"https:\\\/\\\/lospoliticosveracruz.com\\\/?p=146687#breadcrumb\",\"itemListElement\":[{\"@type\":\"ListItem\",\"position\":1,\"name\":\"Portada\",\"item\":\"https:\\\/\\\/lospoliticosveracruz.com\\\/\"},{\"@type\":\"ListItem\",\"position\":2,\"name\":\"SE QUIEREN COLGAR LA MEDALLA\"}]},{\"@type\":\"WebSite\",\"@id\":\"https:\\\/\\\/lospoliticosveracruz.com\\\/#website\",\"url\":\"https:\\\/\\\/lospoliticosveracruz.com\\\/\",\"name\":\"Los pol\u00edticos Veracruz\",\"description\":\"\",\"publisher\":{\"@id\":\"https:\\\/\\\/lospoliticosveracruz.com\\\/#organization\"},\"potentialAction\":[{\"@type\":\"SearchAction\",\"target\":{\"@type\":\"EntryPoint\",\"urlTemplate\":\"https:\\\/\\\/lospoliticosveracruz.com\\\/?s={search_term_string}\"},\"query-input\":{\"@type\":\"PropertyValueSpecification\",\"valueRequired\":true,\"valueName\":\"search_term_string\"}}],\"inLanguage\":\"es\"},{\"@type\":\"Organization\",\"@id\":\"https:\\\/\\\/lospoliticosveracruz.com\\\/#organization\",\"name\":\"Los pol\u00edticos Veracruz\",\"url\":\"https:\\\/\\\/lospoliticosveracruz.com\\\/\",\"logo\":{\"@type\":\"ImageObject\",\"inLanguage\":\"es\",\"@id\":\"https:\\\/\\\/lospoliticosveracruz.com\\\/#\\\/schema\\\/logo\\\/image\\\/\",\"url\":\"https:\\\/\\\/lospoliticosveracruz.com\\\/wp-content\\\/uploads\\\/2025\\\/12\\\/Logo-Nuevo-LOS-POLITICOS-1.jpg\",\"contentUrl\":\"https:\\\/\\\/lospoliticosveracruz.com\\\/wp-content\\\/uploads\\\/2025\\\/12\\\/Logo-Nuevo-LOS-POLITICOS-1.jpg\",\"width\":260,\"height\":70,\"caption\":\"Los pol\u00edticos Veracruz\"},\"image\":{\"@id\":\"https:\\\/\\\/lospoliticosveracruz.com\\\/#\\\/schema\\\/logo\\\/image\\\/\"},\"sameAs\":[\"https:\\\/\\\/www.facebook.com\\\/people\\\/Notimemes-de-los-Polticos\\\/61565672886568\\\/\",\"https:\\\/\\\/x.com\\\/LosPoliticosVer\"]},{\"@type\":\"Person\",\"@id\":\"https:\\\/\\\/lospoliticosveracruz.com\\\/#\\\/schema\\\/person\\\/b8702bb0e538456e6efd07080bf2a4a2\",\"name\":\"Lo viste en Los Pol\u00edticos\",\"image\":{\"@type\":\"ImageObject\",\"inLanguage\":\"es\",\"@id\":\"https:\\\/\\\/secure.gravatar.com\\\/avatar\\\/3a8de04a2656d44082be478bd6c086daa447c4651605818287b9532d3d0bd435?s=96&d=mm&r=g\",\"url\":\"https:\\\/\\\/secure.gravatar.com\\\/avatar\\\/3a8de04a2656d44082be478bd6c086daa447c4651605818287b9532d3d0bd435?s=96&d=mm&r=g\",\"contentUrl\":\"https:\\\/\\\/secure.gravatar.com\\\/avatar\\\/3a8de04a2656d44082be478bd6c086daa447c4651605818287b9532d3d0bd435?s=96&d=mm&r=g\",\"caption\":\"Lo viste en Los Pol\u00edticos\"},\"url\":\"https:\\\/\\\/lospoliticosveracruz.com\\\/?author=2\"}]}<\/script>\n<!-- \/ Yoast SEO plugin. -->","yoast_head_json":{"title":"SE QUIEREN COLGAR LA MEDALLA - Los pol\u00edticos Veracruz","robots":{"index":"index","follow":"follow","max-snippet":"max-snippet:-1","max-image-preview":"max-image-preview:large","max-video-preview":"max-video-preview:-1"},"canonical":"https:\/\/lospoliticosveracruz.com\/?p=146687","og_locale":"es_ES","og_type":"article","og_title":"SE QUIEREN COLGAR LA MEDALLA - Los pol\u00edticos Veracruz","og_description":"\u00a0 Oved ContrerasSecas Mecas Luego del hist\u00f3rico triunfo de Rosa Mar\u00eda Hern\u00e1ndez Espejo en las elecciones municipales del puerto de Veracruz, ahora resulta que hay quienes se pavonean y se quieren colgar la medalla, pero en su momento la bloquearon y no movieron un solo dedo en campa\u00f1a. Como qued\u00f3 evidenciado en un grupo de [&hellip;]","og_url":"https:\/\/lospoliticosveracruz.com\/?p=146687","og_site_name":"Los pol\u00edticos Veracruz","article_publisher":"https:\/\/www.facebook.com\/people\/Notimemes-de-los-Polticos\/61565672886568\/","article_published_time":"2025-06-08T15:34:57+00:00","article_modified_time":"2025-06-08T15:35:09+00:00","og_image":[{"width":600,"height":320,"url":"https:\/\/lospoliticosveracruz.com\/wp-content\/uploads\/2025\/04\/Oved-Contreras-e1768066319253.jpg","type":"image\/jpeg"}],"author":"Lo viste en Los Pol\u00edticos","twitter_card":"summary_large_image","twitter_creator":"@LosPoliticosVer","twitter_site":"@LosPoliticosVer","twitter_misc":{"Escrito por":"Lo viste en Los Pol\u00edticos","Tiempo de lectura":"5 minutos"},"schema":{"@context":"https:\/\/schema.org","@graph":[{"@type":"Article","@id":"https:\/\/lospoliticosveracruz.com\/?p=146687#article","isPartOf":{"@id":"https:\/\/lospoliticosveracruz.com\/?p=146687"},"author":{"name":"Lo viste en Los Pol\u00edticos","@id":"https:\/\/lospoliticosveracruz.com\/#\/schema\/person\/b8702bb0e538456e6efd07080bf2a4a2"},"headline":"SE QUIEREN COLGAR LA MEDALLA","datePublished":"2025-06-08T15:34:57+00:00","dateModified":"2025-06-08T15:35:09+00:00","mainEntityOfPage":{"@id":"https:\/\/lospoliticosveracruz.com\/?p=146687"},"wordCount":1036,"publisher":{"@id":"https:\/\/lospoliticosveracruz.com\/#organization"},"image":{"@id":"https:\/\/lospoliticosveracruz.com\/?p=146687#primaryimage"},"thumbnailUrl":"https:\/\/lospoliticosveracruz.com\/wp-content\/uploads\/2025\/04\/Oved-Contreras-e1768066319253.jpg","keywords":["Rosa Mar\u00eda Hern\u00e1ndez Espejo"],"articleSection":["De Opini\u00f3n"],"inLanguage":"es"},{"@type":"WebPage","@id":"https:\/\/lospoliticosveracruz.com\/?p=146687","url":"https:\/\/lospoliticosveracruz.com\/?p=146687","name":"SE QUIEREN COLGAR LA MEDALLA - Los pol\u00edticos Veracruz","isPartOf":{"@id":"https:\/\/lospoliticosveracruz.com\/#website"},"primaryImageOfPage":{"@id":"https:\/\/lospoliticosveracruz.com\/?p=146687#primaryimage"},"image":{"@id":"https:\/\/lospoliticosveracruz.com\/?p=146687#primaryimage"},"thumbnailUrl":"https:\/\/lospoliticosveracruz.com\/wp-content\/uploads\/2025\/04\/Oved-Contreras-e1768066319253.jpg","datePublished":"2025-06-08T15:34:57+00:00","dateModified":"2025-06-08T15:35:09+00:00","breadcrumb":{"@id":"https:\/\/lospoliticosveracruz.com\/?p=146687#breadcrumb"},"inLanguage":"es","potentialAction":[{"@type":"ReadAction","target":["https:\/\/lospoliticosveracruz.com\/?p=146687"]}]},{"@type":"ImageObject","inLanguage":"es","@id":"https:\/\/lospoliticosveracruz.com\/?p=146687#primaryimage","url":"https:\/\/lospoliticosveracruz.com\/wp-content\/uploads\/2025\/04\/Oved-Contreras-e1768066319253.jpg","contentUrl":"https:\/\/lospoliticosveracruz.com\/wp-content\/uploads\/2025\/04\/Oved-Contreras-e1768066319253.jpg","width":600,"height":320},{"@type":"BreadcrumbList","@id":"https:\/\/lospoliticosveracruz.com\/?p=146687#breadcrumb","itemListElement":[{"@type":"ListItem","position":1,"name":"Portada","item":"https:\/\/lospoliticosveracruz.com\/"},{"@type":"ListItem","position":2,"name":"SE QUIEREN COLGAR LA MEDALLA"}]},{"@type":"WebSite","@id":"https:\/\/lospoliticosveracruz.com\/#website","url":"https:\/\/lospoliticosveracruz.com\/","name":"Los pol\u00edticos Veracruz","description":"","publisher":{"@id":"https:\/\/lospoliticosveracruz.com\/#organization"},"potentialAction":[{"@type":"SearchAction","target":{"@type":"EntryPoint","urlTemplate":"https:\/\/lospoliticosveracruz.com\/?s={search_term_string}"},"query-input":{"@type":"PropertyValueSpecification","valueRequired":true,"valueName":"search_term_string"}}],"inLanguage":"es"},{"@type":"Organization","@id":"https:\/\/lospoliticosveracruz.com\/#organization","name":"Los pol\u00edticos Veracruz","url":"https:\/\/lospoliticosveracruz.com\/","logo":{"@type":"ImageObject","inLanguage":"es","@id":"https:\/\/lospoliticosveracruz.com\/#\/schema\/logo\/image\/","url":"https:\/\/lospoliticosveracruz.com\/wp-content\/uploads\/2025\/12\/Logo-Nuevo-LOS-POLITICOS-1.jpg","contentUrl":"https:\/\/lospoliticosveracruz.com\/wp-content\/uploads\/2025\/12\/Logo-Nuevo-LOS-POLITICOS-1.jpg","width":260,"height":70,"caption":"Los pol\u00edticos Veracruz"},"image":{"@id":"https:\/\/lospoliticosveracruz.com\/#\/schema\/logo\/image\/"},"sameAs":["https:\/\/www.facebook.com\/people\/Notimemes-de-los-Polticos\/61565672886568\/","https:\/\/x.com\/LosPoliticosVer"]},{"@type":"Person","@id":"https:\/\/lospoliticosveracruz.com\/#\/schema\/person\/b8702bb0e538456e6efd07080bf2a4a2","name":"Lo viste en Los Pol\u00edticos","image":{"@type":"ImageObject","inLanguage":"es","@id":"https:\/\/secure.gravatar.com\/avatar\/3a8de04a2656d44082be478bd6c086daa447c4651605818287b9532d3d0bd435?s=96&d=mm&r=g","url":"https:\/\/secure.gravatar.com\/avatar\/3a8de04a2656d44082be478bd6c086daa447c4651605818287b9532d3d0bd435?s=96&d=mm&r=g","contentUrl":"https:\/\/secure.gravatar.com\/avatar\/3a8de04a2656d44082be478bd6c086daa447c4651605818287b9532d3d0bd435?s=96&d=mm&r=g","caption":"Lo viste en Los Pol\u00edticos"},"url":"https:\/\/lospoliticosveracruz.com\/?author=2"}]}},"_links":{"self":[{"href":"https:\/\/lospoliticosveracruz.com\/index.php?rest_route=\/wp\/v2\/posts\/146687","targetHints":{"allow":["GET"]}}],"collection":[{"href":"https:\/\/lospoliticosveracruz.com\/index.php?rest_route=\/wp\/v2\/posts"}],"about":[{"href":"https:\/\/lospoliticosveracruz.com\/index.php?rest_route=\/wp\/v2\/types\/post"}],"author":[{"embeddable":true,"href":"https:\/\/lospoliticosveracruz.com\/index.php?rest_route=\/wp\/v2\/users\/2"}],"replies":[{"embeddable":true,"href":"https:\/\/lospoliticosveracruz.com\/index.php?rest_route=%2Fwp%2Fv2%2Fcomments&post=146687"}],"version-history":[{"count":1,"href":"https:\/\/lospoliticosveracruz.com\/index.php?rest_route=\/wp\/v2\/posts\/146687\/revisions"}],"predecessor-version":[{"id":146688,"href":"https:\/\/lospoliticosveracruz.com\/index.php?rest_route=\/wp\/v2\/posts\/146687\/revisions\/146688"}],"wp:featuredmedia":[{"embeddable":true,"href":"https:\/\/lospoliticosveracruz.com\/index.php?rest_route=\/wp\/v2\/media\/141426"}],"wp:attachment":[{"href":"https:\/\/lospoliticosveracruz.com\/index.php?rest_route=%2Fwp%2Fv2%2Fmedia&parent=146687"}],"wp:term":[{"taxonomy":"category","embeddable":true,"href":"https:\/\/lospoliticosveracruz.com\/index.php?rest_route=%2Fwp%2Fv2%2Fcategories&post=146687"},{"taxonomy":"post_tag","embeddable":true,"href":"https:\/\/lospoliticosveracruz.com\/index.php?rest_route=%2Fwp%2Fv2%2Ftags&post=146687"}],"curies":[{"name":"wp","href":"https:\/\/api.w.org\/{rel}","templated":true}]}}