{"id":146723,"date":"2025-06-09T08:11:24","date_gmt":"2025-06-09T13:11:24","guid":{"rendered":"https:\/\/lospoliticosveracruz.com.mx\/?p=146723"},"modified":"2025-06-09T08:11:42","modified_gmt":"2025-06-09T13:11:42","slug":"fesapauv-y-martincillo","status":"publish","type":"post","link":"https:\/\/lospoliticosveracruz.com\/?p=146723","title":{"rendered":"FESAPAUV Y MARTINCILLO"},"content":{"rendered":"\n\n\n<p><br><strong>Omar Z\u00fa\u00f1iga<\/strong><\/p>\n\n\n\n<p><em>De Primera Mano<\/em><\/p>\n\n\n\n<p>El viernes pasado, luego&nbsp;de que le reventaron el Consejo Universitario General al rectorcito&nbsp;<strong>Martincillo<\/strong>, su primer descalabro en abierto en su pretendido intento de asalto a Rector\u00eda, circul\u00f3 informaci\u00f3n sobre la intrusi\u00f3n de FESAPAUV en este entramado.<\/p>\n\n\n\n<p>\u201c(\u2026)&nbsp;seg\u00fan informes confiables,&nbsp;toda la semana que transcurri\u00f3 se le vio ingresar a la oficina de la rector\u00eda al eterno l\u00edder Sindical del FESAPAUV,&nbsp;<strong>Enrique Levet Gorozpe<\/strong><strong>,<\/strong>&nbsp;quien pas\u00f3&nbsp;largas horas con&nbsp;<strong>Mart\u00edn<\/strong>&nbsp;(<strong>Aguilar<\/strong>, rector de la UV)&nbsp;y miembros de su equipo,&nbsp;como su asesor&nbsp;<strong>Leopoldo&nbsp;<\/strong><strong>Alafita<\/strong>&nbsp;y&nbsp;su secretaria particular&nbsp;<strong>Suri G\u00e9nesis S\u00e1nchez<\/strong>, ambos gente muy cercana&nbsp;(al rectorcito)\u201d.<\/p>\n\n\n\n<p>\u201cEn esta encerrona&nbsp;habr\u00edan&nbsp;recibido&nbsp;instrucciones de c\u00f3mo se llevar\u00eda a cabo el&nbsp;Golpe de&nbsp;Estado&nbsp;(sic)&nbsp;a la autonom\u00eda universitaria, as\u00ed como se tom\u00f3 el recuento de la gente que supuestamente tienen controlada dentro del Consejo Universitario General y en la Honorable Junta de Gobierno\u201d.<\/p>\n\n\n\n<p>\u201c(\u2026)&nbsp;se observa el manejo y manipule que tiene Enrique Levet Gorozpe en la Instituci\u00f3n,&nbsp;desde que le vendi\u00f3 los espejitos a&nbsp;<strong>Mart\u00edn<\/strong>&nbsp;(Aguilar)&nbsp;a cambio de seguir con su ambici\u00f3n al frente de la Universidad Veracruzana\u201d.<\/p>\n\n\n\n<p>\u201cPor otra parte, haciendo lo propio el Vicerrector de la regi\u00f3n Veracruz-Boca del R\u00edo,&nbsp;<strong>Jorge Genaro Vicente Mart\u00ednez<\/strong>, siguiendo la misma inercia ha dedicado sus d\u00edas a calmar a los trabajadores de su regi\u00f3n y a advertirles que dejen de publicar y expresar descontento por la reelecci\u00f3n directa de Mart\u00edn\u201d.<\/p>\n\n\n\n<p>\u201cEste personaje lleg\u00f3 hace algunos meses al cargo,gracias al compadrazgo que tiene su progenitor y quien tambi\u00e9n es acad\u00e9mico de la Facultad de Ciencias Qu\u00edmicas de Orizaba,&nbsp;con el l\u00edder de FESAPAUV,&nbsp;<strong>Jobo Lara&nbsp;<\/strong><strong>Faticati<\/strong>, quien tambi\u00e9n goza de los beneficios de un rector arrodillado a los pies del Sindicato\u201d.<\/p>\n\n\n\n<p>Pues bien, estas versiones tienen mucha verdad.<\/p>\n\n\n\n<p>Conozco De Primera Mano, que el sindicato acad\u00e9mico o FESAPAUV, est\u00e1 presionando a los catedr\u00e1ticos de las facultades a trav\u00e9s de sus directores o de los delegados sindicales, para que se inscriban en el proceso de auscultaci\u00f3n que lanz\u00f3 la Junta de Gobierno a toda la comunidad Universitaria, para&nbsp;supuestamente tener m\u00e1s elementos y poder contestar la pretensi\u00f3n de&nbsp;Martincillo&nbsp;de prorrogar su rectorado sin pasar por el filtro del proceso de elecci\u00f3n, y que la Junta ni siquiera publique la convocatoria de renovaci\u00f3n como corresponde, al ser un a\u00f1o de elecci\u00f3n rectoral.<\/p>\n\n\n\n<p>Reiteramos que el rectorcito no puede participar, por tener el impedimento legal de la edad, no hay m\u00e1s.<\/p>\n\n\n\n<p>En estas llamadas que realizan a los profesores,&nbsp;se les indica muy gentilmente,&nbsp;el sentido de su participaci\u00f3n en la \u201cconsulta\u201d, es decir, hablar maravillas de&nbsp;Martincillo&nbsp;y manifestarse en favor de la propuesta&nbsp;de pr\u00f3rroga, una negativa es quedarse sin chamba, sobre todo para los que est\u00e1n \u201cpor horas\u201d.<\/p>\n\n\n\n<p>Porque adem\u00e1s, s\u00ed hay manera de saber qui\u00e9n lo hizo a favor o en contra, pues al momento de registrarse en el micrositio y generar el c\u00f3digo QR para hacer la cita persona a persona, piden todos&nbsp;los datos del solicitante.&nbsp;<\/p>\n\n\n\n<p>Adem\u00e1s de todo, tambi\u00e9n est\u00e1n contactando a los alumnos, a trav\u00e9s de los l\u00edderes de generaci\u00f3n, para que hagan lo propio en el proceso de consulta, y tambi\u00e9n para pedirles muy comedidamente, que se abstengan de asistir a las marchas en favor de la autonom\u00eda universitaria , como la que&nbsp;tendr\u00e1&nbsp;lugar hoy, que prev\u00e9n los organizadores sea multitudinaria.<\/p>\n\n\n\n<p>En resumen, s\u00ed hay injerencia de FESAPAUV y la presi\u00f3n para mantener a&nbsp;Martincillo&nbsp;es fuerte, pero m\u00e1s fuerte a\u00fan es la comunidad universitaria.<\/p>\n\n\n\n<p>*****<\/p>\n\n\n\n<p>Para documentar el optimismo, como dijimos en entrega anterior, Morena nunca pierde y cuando pierde arrebata.<\/p>\n\n\n\n<p>Papantla y Poza Rica son dos&nbsp;de los&nbsp;municipios&nbsp;m\u00e1s importantes del norte del estado y que en el PREP, se los gan\u00f3 Movimiento Ciudadano a Morena.<\/p>\n\n\n\n<p>En el recuento,&nbsp;Poza Rica se mantuvo naranja a pesar de la anulaci\u00f3n de votos que les metieron.<\/p>\n\n\n\n<p>Hasta la noche de este domingo 8 de junio, Morena contin\u00faa con la intentona de ganar en la mesa lo que perdi\u00f3 en las urnas, a\u00fan con el ej\u00e9rcito de empleados de la delegaci\u00f3n del Bienestar, comandados por&nbsp;<strong>Juan Javier G\u00f3mez&nbsp;<\/strong><strong>Cazar\u00edn<\/strong>, delegado de esa&nbsp;Secretar\u00eda en Veracruz, quien mand\u00f3 cruzar boletas a lo descarado, en un intento de anular la elecci\u00f3n que habr\u00eda ganado el candidato naranja&nbsp;<strong>Mariano Romero<\/strong>.<\/p>\n\n\n\n<p>La diferencia continuaba en favor de Romero, a pesar tambi\u00e9n de los votos anulados, por casi 400 votos.<\/p>\n\n\n\n<p>Lo que sabemos es que la elecci\u00f3n se ganar\u00e1 hasta que se contabilice el \u00faltimo paquete y puede ocurrir durante la madrugada o la ma\u00f1ana de este lunes, y&nbsp;aunque la diferencia puede variar, la tendencia es que se mantenga el resultado del PREP y Morena se quede con otro municipio perdido, pues quien haya sido el operador naranja, lo hizo a la perfecci\u00f3n.<\/p>\n\n\n\n<p>\u00a1Qu\u00e9 barbaridad!<\/p>\n\n\n\n<p>deprimera.mano2020@gmail.com<\/p>\n","protected":false},"excerpt":{"rendered":"<p>Omar Z\u00fa\u00f1iga De Primera Mano El viernes pasado, luego&nbsp;de que le reventaron el Consejo Universitario General al rectorcito&nbsp;Martincillo, su primer descalabro en abierto en su pretendido intento de asalto a Rector\u00eda, circul\u00f3 informaci\u00f3n sobre la intrusi\u00f3n de FESAPAUV en este entramado. \u201c(\u2026)&nbsp;seg\u00fan informes confiables,&nbsp;toda la semana que transcurri\u00f3 se le vio ingresar a la oficina [&hellip;]<\/p>\n","protected":false},"author":2,"featured_media":141427,"comment_status":"closed","ping_status":"closed","sticky":false,"template":"","format":"standard","meta":{"tdm_status":"","tdm_grid_status":"","footnotes":""},"categories":[70],"tags":[1278,782,1026,8167,195],"class_list":{"0":"post-146723","1":"post","2":"type-post","3":"status-publish","4":"format-standard","5":"has-post-thumbnail","7":"category-de-opinion","8":"tag-enrique-levet-gorozpe","9":"tag-fesapauv","10":"tag-morena","11":"tag-rectoria","12":"tag-veracruz"},"yoast_head":"<!-- This site is optimized with the Yoast SEO plugin v27.4 - https:\/\/yoast.com\/product\/yoast-seo-wordpress\/ -->\n<title>FESAPAUV Y MARTINCILLO - Los pol\u00edticos Veracruz<\/title>\n<meta name=\"robots\" content=\"index, follow, max-snippet:-1, max-image-preview:large, max-video-preview:-1\" \/>\n<link rel=\"canonical\" href=\"https:\/\/lospoliticosveracruz.com\/?p=146723\" \/>\n<meta property=\"og:locale\" content=\"es_ES\" \/>\n<meta property=\"og:type\" content=\"article\" \/>\n<meta property=\"og:title\" content=\"FESAPAUV Y MARTINCILLO - Los pol\u00edticos Veracruz\" \/>\n<meta property=\"og:description\" content=\"Omar Z\u00fa\u00f1iga De Primera Mano El viernes pasado, luego&nbsp;de que le reventaron el Consejo Universitario General al rectorcito&nbsp;Martincillo, su primer descalabro en abierto en su pretendido intento de asalto a Rector\u00eda, circul\u00f3 informaci\u00f3n sobre la intrusi\u00f3n de FESAPAUV en este entramado. \u201c(\u2026)&nbsp;seg\u00fan informes confiables,&nbsp;toda la semana que transcurri\u00f3 se le vio ingresar a la oficina [&hellip;]\" \/>\n<meta property=\"og:url\" content=\"https:\/\/lospoliticosveracruz.com\/?p=146723\" \/>\n<meta property=\"og:site_name\" content=\"Los pol\u00edticos Veracruz\" \/>\n<meta property=\"article:publisher\" content=\"https:\/\/www.facebook.com\/people\/Notimemes-de-los-Polticos\/61565672886568\/\" \/>\n<meta property=\"article:published_time\" content=\"2025-06-09T13:11:24+00:00\" \/>\n<meta property=\"article:modified_time\" content=\"2025-06-09T13:11:42+00:00\" \/>\n<meta property=\"og:image\" content=\"https:\/\/lospoliticosveracruz.com\/wp-content\/uploads\/2025\/04\/Omar-Zuniga.jpg\" \/>\n\t<meta property=\"og:image:width\" content=\"1250\" \/>\n\t<meta property=\"og:image:height\" content=\"667\" \/>\n\t<meta property=\"og:image:type\" content=\"image\/jpeg\" \/>\n<meta name=\"author\" content=\"Lo viste en Los Pol\u00edticos\" \/>\n<meta name=\"twitter:card\" content=\"summary_large_image\" \/>\n<meta name=\"twitter:creator\" content=\"@LosPoliticosVer\" \/>\n<meta name=\"twitter:site\" content=\"@LosPoliticosVer\" \/>\n<meta name=\"twitter:label1\" content=\"Escrito por\" \/>\n\t<meta name=\"twitter:data1\" content=\"Lo viste en Los Pol\u00edticos\" \/>\n\t<meta name=\"twitter:label2\" content=\"Tiempo de lectura\" \/>\n\t<meta name=\"twitter:data2\" content=\"5 minutos\" \/>\n<script type=\"application\/ld+json\" class=\"yoast-schema-graph\">{\"@context\":\"https:\\\/\\\/schema.org\",\"@graph\":[{\"@type\":\"Article\",\"@id\":\"https:\\\/\\\/lospoliticosveracruz.com\\\/?p=146723#article\",\"isPartOf\":{\"@id\":\"https:\\\/\\\/lospoliticosveracruz.com\\\/?p=146723\"},\"author\":{\"name\":\"Lo viste en Los Pol\u00edticos\",\"@id\":\"https:\\\/\\\/lospoliticosveracruz.com\\\/#\\\/schema\\\/person\\\/b8702bb0e538456e6efd07080bf2a4a2\"},\"headline\":\"FESAPAUV Y MARTINCILLO\",\"datePublished\":\"2025-06-09T13:11:24+00:00\",\"dateModified\":\"2025-06-09T13:11:42+00:00\",\"mainEntityOfPage\":{\"@id\":\"https:\\\/\\\/lospoliticosveracruz.com\\\/?p=146723\"},\"wordCount\":927,\"publisher\":{\"@id\":\"https:\\\/\\\/lospoliticosveracruz.com\\\/#organization\"},\"image\":{\"@id\":\"https:\\\/\\\/lospoliticosveracruz.com\\\/?p=146723#primaryimage\"},\"thumbnailUrl\":\"https:\\\/\\\/lospoliticosveracruz.com\\\/wp-content\\\/uploads\\\/2025\\\/04\\\/Omar-Zuniga.jpg\",\"keywords\":[\"Enrique Levet Gorozpe\",\"FESAPAUV\",\"Morena\",\"Rector\u00eda\",\"Veracruz\"],\"articleSection\":[\"De Opini\u00f3n\"],\"inLanguage\":\"es\"},{\"@type\":\"WebPage\",\"@id\":\"https:\\\/\\\/lospoliticosveracruz.com\\\/?p=146723\",\"url\":\"https:\\\/\\\/lospoliticosveracruz.com\\\/?p=146723\",\"name\":\"FESAPAUV Y MARTINCILLO - Los pol\u00edticos Veracruz\",\"isPartOf\":{\"@id\":\"https:\\\/\\\/lospoliticosveracruz.com\\\/#website\"},\"primaryImageOfPage\":{\"@id\":\"https:\\\/\\\/lospoliticosveracruz.com\\\/?p=146723#primaryimage\"},\"image\":{\"@id\":\"https:\\\/\\\/lospoliticosveracruz.com\\\/?p=146723#primaryimage\"},\"thumbnailUrl\":\"https:\\\/\\\/lospoliticosveracruz.com\\\/wp-content\\\/uploads\\\/2025\\\/04\\\/Omar-Zuniga.jpg\",\"datePublished\":\"2025-06-09T13:11:24+00:00\",\"dateModified\":\"2025-06-09T13:11:42+00:00\",\"breadcrumb\":{\"@id\":\"https:\\\/\\\/lospoliticosveracruz.com\\\/?p=146723#breadcrumb\"},\"inLanguage\":\"es\",\"potentialAction\":[{\"@type\":\"ReadAction\",\"target\":[\"https:\\\/\\\/lospoliticosveracruz.com\\\/?p=146723\"]}]},{\"@type\":\"ImageObject\",\"inLanguage\":\"es\",\"@id\":\"https:\\\/\\\/lospoliticosveracruz.com\\\/?p=146723#primaryimage\",\"url\":\"https:\\\/\\\/lospoliticosveracruz.com\\\/wp-content\\\/uploads\\\/2025\\\/04\\\/Omar-Zuniga.jpg\",\"contentUrl\":\"https:\\\/\\\/lospoliticosveracruz.com\\\/wp-content\\\/uploads\\\/2025\\\/04\\\/Omar-Zuniga.jpg\",\"width\":1250,\"height\":667},{\"@type\":\"BreadcrumbList\",\"@id\":\"https:\\\/\\\/lospoliticosveracruz.com\\\/?p=146723#breadcrumb\",\"itemListElement\":[{\"@type\":\"ListItem\",\"position\":1,\"name\":\"Portada\",\"item\":\"https:\\\/\\\/lospoliticosveracruz.com\\\/\"},{\"@type\":\"ListItem\",\"position\":2,\"name\":\"FESAPAUV Y MARTINCILLO\"}]},{\"@type\":\"WebSite\",\"@id\":\"https:\\\/\\\/lospoliticosveracruz.com\\\/#website\",\"url\":\"https:\\\/\\\/lospoliticosveracruz.com\\\/\",\"name\":\"Los pol\u00edticos Veracruz\",\"description\":\"\",\"publisher\":{\"@id\":\"https:\\\/\\\/lospoliticosveracruz.com\\\/#organization\"},\"potentialAction\":[{\"@type\":\"SearchAction\",\"target\":{\"@type\":\"EntryPoint\",\"urlTemplate\":\"https:\\\/\\\/lospoliticosveracruz.com\\\/?s={search_term_string}\"},\"query-input\":{\"@type\":\"PropertyValueSpecification\",\"valueRequired\":true,\"valueName\":\"search_term_string\"}}],\"inLanguage\":\"es\"},{\"@type\":\"Organization\",\"@id\":\"https:\\\/\\\/lospoliticosveracruz.com\\\/#organization\",\"name\":\"Los pol\u00edticos Veracruz\",\"url\":\"https:\\\/\\\/lospoliticosveracruz.com\\\/\",\"logo\":{\"@type\":\"ImageObject\",\"inLanguage\":\"es\",\"@id\":\"https:\\\/\\\/lospoliticosveracruz.com\\\/#\\\/schema\\\/logo\\\/image\\\/\",\"url\":\"https:\\\/\\\/lospoliticosveracruz.com\\\/wp-content\\\/uploads\\\/2025\\\/12\\\/Logo-Nuevo-LOS-POLITICOS-1.jpg\",\"contentUrl\":\"https:\\\/\\\/lospoliticosveracruz.com\\\/wp-content\\\/uploads\\\/2025\\\/12\\\/Logo-Nuevo-LOS-POLITICOS-1.jpg\",\"width\":260,\"height\":70,\"caption\":\"Los pol\u00edticos Veracruz\"},\"image\":{\"@id\":\"https:\\\/\\\/lospoliticosveracruz.com\\\/#\\\/schema\\\/logo\\\/image\\\/\"},\"sameAs\":[\"https:\\\/\\\/www.facebook.com\\\/people\\\/Notimemes-de-los-Polticos\\\/61565672886568\\\/\",\"https:\\\/\\\/x.com\\\/LosPoliticosVer\"]},{\"@type\":\"Person\",\"@id\":\"https:\\\/\\\/lospoliticosveracruz.com\\\/#\\\/schema\\\/person\\\/b8702bb0e538456e6efd07080bf2a4a2\",\"name\":\"Lo viste en Los Pol\u00edticos\",\"image\":{\"@type\":\"ImageObject\",\"inLanguage\":\"es\",\"@id\":\"https:\\\/\\\/secure.gravatar.com\\\/avatar\\\/3a8de04a2656d44082be478bd6c086daa447c4651605818287b9532d3d0bd435?s=96&d=mm&r=g\",\"url\":\"https:\\\/\\\/secure.gravatar.com\\\/avatar\\\/3a8de04a2656d44082be478bd6c086daa447c4651605818287b9532d3d0bd435?s=96&d=mm&r=g\",\"contentUrl\":\"https:\\\/\\\/secure.gravatar.com\\\/avatar\\\/3a8de04a2656d44082be478bd6c086daa447c4651605818287b9532d3d0bd435?s=96&d=mm&r=g\",\"caption\":\"Lo viste en Los Pol\u00edticos\"},\"url\":\"https:\\\/\\\/lospoliticosveracruz.com\\\/?author=2\"}]}<\/script>\n<!-- \/ Yoast SEO plugin. -->","yoast_head_json":{"title":"FESAPAUV Y MARTINCILLO - Los pol\u00edticos Veracruz","robots":{"index":"index","follow":"follow","max-snippet":"max-snippet:-1","max-image-preview":"max-image-preview:large","max-video-preview":"max-video-preview:-1"},"canonical":"https:\/\/lospoliticosveracruz.com\/?p=146723","og_locale":"es_ES","og_type":"article","og_title":"FESAPAUV Y MARTINCILLO - Los pol\u00edticos Veracruz","og_description":"Omar Z\u00fa\u00f1iga De Primera Mano El viernes pasado, luego&nbsp;de que le reventaron el Consejo Universitario General al rectorcito&nbsp;Martincillo, su primer descalabro en abierto en su pretendido intento de asalto a Rector\u00eda, circul\u00f3 informaci\u00f3n sobre la intrusi\u00f3n de FESAPAUV en este entramado. \u201c(\u2026)&nbsp;seg\u00fan informes confiables,&nbsp;toda la semana que transcurri\u00f3 se le vio ingresar a la oficina [&hellip;]","og_url":"https:\/\/lospoliticosveracruz.com\/?p=146723","og_site_name":"Los pol\u00edticos Veracruz","article_publisher":"https:\/\/www.facebook.com\/people\/Notimemes-de-los-Polticos\/61565672886568\/","article_published_time":"2025-06-09T13:11:24+00:00","article_modified_time":"2025-06-09T13:11:42+00:00","og_image":[{"width":1250,"height":667,"url":"https:\/\/lospoliticosveracruz.com\/wp-content\/uploads\/2025\/04\/Omar-Zuniga.jpg","type":"image\/jpeg"}],"author":"Lo viste en Los Pol\u00edticos","twitter_card":"summary_large_image","twitter_creator":"@LosPoliticosVer","twitter_site":"@LosPoliticosVer","twitter_misc":{"Escrito por":"Lo viste en Los Pol\u00edticos","Tiempo de lectura":"5 minutos"},"schema":{"@context":"https:\/\/schema.org","@graph":[{"@type":"Article","@id":"https:\/\/lospoliticosveracruz.com\/?p=146723#article","isPartOf":{"@id":"https:\/\/lospoliticosveracruz.com\/?p=146723"},"author":{"name":"Lo viste en Los Pol\u00edticos","@id":"https:\/\/lospoliticosveracruz.com\/#\/schema\/person\/b8702bb0e538456e6efd07080bf2a4a2"},"headline":"FESAPAUV Y MARTINCILLO","datePublished":"2025-06-09T13:11:24+00:00","dateModified":"2025-06-09T13:11:42+00:00","mainEntityOfPage":{"@id":"https:\/\/lospoliticosveracruz.com\/?p=146723"},"wordCount":927,"publisher":{"@id":"https:\/\/lospoliticosveracruz.com\/#organization"},"image":{"@id":"https:\/\/lospoliticosveracruz.com\/?p=146723#primaryimage"},"thumbnailUrl":"https:\/\/lospoliticosveracruz.com\/wp-content\/uploads\/2025\/04\/Omar-Zuniga.jpg","keywords":["Enrique Levet Gorozpe","FESAPAUV","Morena","Rector\u00eda","Veracruz"],"articleSection":["De Opini\u00f3n"],"inLanguage":"es"},{"@type":"WebPage","@id":"https:\/\/lospoliticosveracruz.com\/?p=146723","url":"https:\/\/lospoliticosveracruz.com\/?p=146723","name":"FESAPAUV Y MARTINCILLO - Los pol\u00edticos Veracruz","isPartOf":{"@id":"https:\/\/lospoliticosveracruz.com\/#website"},"primaryImageOfPage":{"@id":"https:\/\/lospoliticosveracruz.com\/?p=146723#primaryimage"},"image":{"@id":"https:\/\/lospoliticosveracruz.com\/?p=146723#primaryimage"},"thumbnailUrl":"https:\/\/lospoliticosveracruz.com\/wp-content\/uploads\/2025\/04\/Omar-Zuniga.jpg","datePublished":"2025-06-09T13:11:24+00:00","dateModified":"2025-06-09T13:11:42+00:00","breadcrumb":{"@id":"https:\/\/lospoliticosveracruz.com\/?p=146723#breadcrumb"},"inLanguage":"es","potentialAction":[{"@type":"ReadAction","target":["https:\/\/lospoliticosveracruz.com\/?p=146723"]}]},{"@type":"ImageObject","inLanguage":"es","@id":"https:\/\/lospoliticosveracruz.com\/?p=146723#primaryimage","url":"https:\/\/lospoliticosveracruz.com\/wp-content\/uploads\/2025\/04\/Omar-Zuniga.jpg","contentUrl":"https:\/\/lospoliticosveracruz.com\/wp-content\/uploads\/2025\/04\/Omar-Zuniga.jpg","width":1250,"height":667},{"@type":"BreadcrumbList","@id":"https:\/\/lospoliticosveracruz.com\/?p=146723#breadcrumb","itemListElement":[{"@type":"ListItem","position":1,"name":"Portada","item":"https:\/\/lospoliticosveracruz.com\/"},{"@type":"ListItem","position":2,"name":"FESAPAUV Y MARTINCILLO"}]},{"@type":"WebSite","@id":"https:\/\/lospoliticosveracruz.com\/#website","url":"https:\/\/lospoliticosveracruz.com\/","name":"Los pol\u00edticos Veracruz","description":"","publisher":{"@id":"https:\/\/lospoliticosveracruz.com\/#organization"},"potentialAction":[{"@type":"SearchAction","target":{"@type":"EntryPoint","urlTemplate":"https:\/\/lospoliticosveracruz.com\/?s={search_term_string}"},"query-input":{"@type":"PropertyValueSpecification","valueRequired":true,"valueName":"search_term_string"}}],"inLanguage":"es"},{"@type":"Organization","@id":"https:\/\/lospoliticosveracruz.com\/#organization","name":"Los pol\u00edticos Veracruz","url":"https:\/\/lospoliticosveracruz.com\/","logo":{"@type":"ImageObject","inLanguage":"es","@id":"https:\/\/lospoliticosveracruz.com\/#\/schema\/logo\/image\/","url":"https:\/\/lospoliticosveracruz.com\/wp-content\/uploads\/2025\/12\/Logo-Nuevo-LOS-POLITICOS-1.jpg","contentUrl":"https:\/\/lospoliticosveracruz.com\/wp-content\/uploads\/2025\/12\/Logo-Nuevo-LOS-POLITICOS-1.jpg","width":260,"height":70,"caption":"Los pol\u00edticos Veracruz"},"image":{"@id":"https:\/\/lospoliticosveracruz.com\/#\/schema\/logo\/image\/"},"sameAs":["https:\/\/www.facebook.com\/people\/Notimemes-de-los-Polticos\/61565672886568\/","https:\/\/x.com\/LosPoliticosVer"]},{"@type":"Person","@id":"https:\/\/lospoliticosveracruz.com\/#\/schema\/person\/b8702bb0e538456e6efd07080bf2a4a2","name":"Lo viste en Los Pol\u00edticos","image":{"@type":"ImageObject","inLanguage":"es","@id":"https:\/\/secure.gravatar.com\/avatar\/3a8de04a2656d44082be478bd6c086daa447c4651605818287b9532d3d0bd435?s=96&d=mm&r=g","url":"https:\/\/secure.gravatar.com\/avatar\/3a8de04a2656d44082be478bd6c086daa447c4651605818287b9532d3d0bd435?s=96&d=mm&r=g","contentUrl":"https:\/\/secure.gravatar.com\/avatar\/3a8de04a2656d44082be478bd6c086daa447c4651605818287b9532d3d0bd435?s=96&d=mm&r=g","caption":"Lo viste en Los Pol\u00edticos"},"url":"https:\/\/lospoliticosveracruz.com\/?author=2"}]}},"_links":{"self":[{"href":"https:\/\/lospoliticosveracruz.com\/index.php?rest_route=\/wp\/v2\/posts\/146723","targetHints":{"allow":["GET"]}}],"collection":[{"href":"https:\/\/lospoliticosveracruz.com\/index.php?rest_route=\/wp\/v2\/posts"}],"about":[{"href":"https:\/\/lospoliticosveracruz.com\/index.php?rest_route=\/wp\/v2\/types\/post"}],"author":[{"embeddable":true,"href":"https:\/\/lospoliticosveracruz.com\/index.php?rest_route=\/wp\/v2\/users\/2"}],"replies":[{"embeddable":true,"href":"https:\/\/lospoliticosveracruz.com\/index.php?rest_route=%2Fwp%2Fv2%2Fcomments&post=146723"}],"version-history":[{"count":2,"href":"https:\/\/lospoliticosveracruz.com\/index.php?rest_route=\/wp\/v2\/posts\/146723\/revisions"}],"predecessor-version":[{"id":146725,"href":"https:\/\/lospoliticosveracruz.com\/index.php?rest_route=\/wp\/v2\/posts\/146723\/revisions\/146725"}],"wp:featuredmedia":[{"embeddable":true,"href":"https:\/\/lospoliticosveracruz.com\/index.php?rest_route=\/wp\/v2\/media\/141427"}],"wp:attachment":[{"href":"https:\/\/lospoliticosveracruz.com\/index.php?rest_route=%2Fwp%2Fv2%2Fmedia&parent=146723"}],"wp:term":[{"taxonomy":"category","embeddable":true,"href":"https:\/\/lospoliticosveracruz.com\/index.php?rest_route=%2Fwp%2Fv2%2Fcategories&post=146723"},{"taxonomy":"post_tag","embeddable":true,"href":"https:\/\/lospoliticosveracruz.com\/index.php?rest_route=%2Fwp%2Fv2%2Ftags&post=146723"}],"curies":[{"name":"wp","href":"https:\/\/api.w.org\/{rel}","templated":true}]}}