{"id":146730,"date":"2025-06-09T09:58:48","date_gmt":"2025-06-09T14:58:48","guid":{"rendered":"https:\/\/lospoliticosveracruz.com.mx\/?p=146730"},"modified":"2025-06-09T09:59:11","modified_gmt":"2025-06-09T14:59:11","slug":"la-importancia-de-llamarse-andi","status":"publish","type":"post","link":"https:\/\/lospoliticosveracruz.com\/?p=146730","title":{"rendered":"LA IMPORTANCIA DE LLAMARSE ANDI"},"content":{"rendered":"\n\n\n<p><\/p>\n\n\n\n<p><strong>Sergio Gonz\u00e1lez Levet<\/strong><\/p>\n\n\n\n<p><em>Sin tacto<\/em><\/p>\n\n\n\n<p>Como si los mexicanos tuvi\u00e9ramos tiempo para estarlo perdiendo, el segundo hijo en orden de aparici\u00f3n de Andr\u00e9s Manuel L\u00f3pez Obrador sali\u00f3 a pedir en un bonito programa que tiene la profunda pensadora Luisa Mar\u00eda Alcalde -la misma que en sus tiempos libres hace que trabaja como dirigent-a nacional de Morena- que no le llamen Andi, como lo conocen generalmente desde que era un ni\u00f1o y como se hab\u00edan referido a \u00e9l siempre los allegados a AMLO y los militantes m\u00e1s furibundos de la Cuarta Transformaci\u00f3n.<\/p>\n\n\n\n<p>&nbsp;&nbsp;&nbsp;&nbsp; Primero pondr\u00e9 las palabras de Andi en el episodio 11 de La Moreniza, un podcast que tiene la se\u00f1ora Alcalde, que han causado tanto revuelo por su\u2026 por su\u2026 \u00bfimpericia?, \u00bfatolondramiento?, \u00bfsuperficialidad?<\/p>\n\n\n\n<p>&nbsp;&nbsp;&nbsp;&nbsp; Ah\u00ed va el junior:<\/p>\n\n\n\n<p>\u00a0\u00a0\u00a0\u00a0 \u201cPues aprovecho tambi\u00e9n estar aqu\u00ed para decirles: yo me llamo Andrej Manuel L\u00f3pez Beltr\u00e1n, y mi m\u00e1s grande orgullo es llamarme como el mejor presidente que ha tenido este pa\u00eds. El llamarme Andi, \u00bfno?, es demeritar eso, quitarme ese legado, quitarme ese nombre. Lo mismo hicieron en Durango, en Durango nunca quisieron mencionar en ning\u00fan medio de comunicaci\u00f3n local, Moreira\u2026 nunca me mencionaron por mi nombre. \u00bfPor qu\u00e9? Porque les da miedo y saben lo que vale el nombre y saben lo que vale el legado de Andr\u00e9s Manuel L\u00f3pez Obrador. Entonces, yo me llamo Andr\u00e9s Manuel L\u00f3pez Beltr\u00e1n y ojal\u00e1 dejen de llamarme, \u00bfno?, con diminutivos y nombres que no son mi nombre. Andr\u00e9s Manuel L\u00f3pez Beltr\u00e1n, no Andr\u00e9s L\u00f3pez Beltr\u00e1n, Andi L\u00f3pez Beltr\u00e1n (<strong><a href=\"https:\/\/x.com\/LuisaAlcalde\/status\/1930775387295944985?ref_src=twsrc%5Egoogle%7Ctwcamp%5Eserp%7Ctwgr%5Etweet\"><em>https:\/\/x.com\/LuisaAlcalde\/status\/1930775387295944985?ref_src=twsrc%5Egoogle%7Ctwcamp%5Eserp%7Ctwgr%5Etweet<\/em><\/a><\/strong>).<\/p>\n\n\n\n<p>Primero hay que decir que el v\u00e1stago pejista se equivoca una vez m\u00e1s con el uso de los t\u00e9rminos. Dice que \u201cAndi\u201d es un diminutivo, cuando no es exclusivamente as\u00ed. El diminutivo propiamente dicho de Andr\u00e9s es \u201cAndresito\u201d, y la verdad es que dif\u00edcilmente cabr\u00eda ponerle un diminutivo a un personaje tan diminuto como el Secretario de Organizaci\u00f3n de Morena. El famoso \u201cAndi\u201d es un hipocor\u00edstico, y la RAE lo define as\u00ed:<\/p>\n\n\n\n<p>&nbsp;&nbsp;&nbsp;&nbsp; \u201cDel gr. \u1f51\u03c0\u03bf\u03ba\u03bf\u03c1\u03b9\u03c3\u03c4\u03b9\u03ba\u03cc\u03c2 hypokoristik\u00f3s &#8216;acariciador&#8217;.<\/p>\n\n\n\n<p>&nbsp;&nbsp;&nbsp;&nbsp; \u201cadj. Gram. Dicho de un nombre: Que, en forma diminutiva, abreviada o infantil, se usa como designaci\u00f3n cari\u00f1osa, familiar o eufem\u00edstica; p. ej., Pepe, Charo.\u201d<\/p>\n\n\n\n<p>&nbsp;&nbsp;&nbsp;&nbsp; Por lo general, se espera de cada persona que se haga un nombre en su vida como fruto de su trabajo y su honorabilidad. Quienes heredan un nombre ya hecho, pues tienen la responsabilidad de honrarlo y darle a\u00fan m\u00e1s brillo.<\/p>\n\n\n\n<p>&nbsp;&nbsp;&nbsp;&nbsp; \u00bfAndi se merece llevar el nombre de su padre? Ser\u00eda bueno que los mexicanos conoci\u00e9ramos qu\u00e9 es lo que ha hecho este muchacho como para que le den el don. Revela mucho el hecho de que es conocido en la fama p\u00fablica por su hipocor\u00edstico, seguramente porque le ha quedado grande el nombre de su progenitor.<\/p>\n\n\n\n<p>&nbsp;&nbsp;&nbsp;&nbsp; Ah, escribo \u201cAndi\u201d, con \u201ci\u201d al final, como recomienda la RAE que se ponga, porque en castellano no existen nombres que terminen con \u201cy\u201d.<\/p>\n\n\n\n<p>sglevet@gmail.com<\/p>\n\n\n\n<p><\/p>\n","protected":false},"excerpt":{"rendered":"<p>Sergio Gonz\u00e1lez Levet Sin tacto Como si los mexicanos tuvi\u00e9ramos tiempo para estarlo perdiendo, el segundo hijo en orden de aparici\u00f3n de Andr\u00e9s Manuel L\u00f3pez Obrador sali\u00f3 a pedir en un bonito programa que tiene la profunda pensadora Luisa Mar\u00eda Alcalde -la misma que en sus tiempos libres hace que trabaja como dirigent-a nacional de [&hellip;]<\/p>\n","protected":false},"author":2,"featured_media":141432,"comment_status":"closed","ping_status":"closed","sticky":false,"template":"","format":"standard","meta":{"tdm_status":"","tdm_grid_status":"","footnotes":""},"categories":[70],"tags":[618,12744,17604,1026],"class_list":{"0":"post-146730","1":"post","2":"type-post","3":"status-publish","4":"format-standard","5":"has-post-thumbnail","7":"category-de-opinion","8":"tag-andres-manuel-lopez-obrador","9":"tag-cuarta-transformacion","10":"tag-luisa-maria-alcalde","11":"tag-morena"},"yoast_head":"<!-- This site is optimized with the Yoast SEO plugin v27.4 - https:\/\/yoast.com\/product\/yoast-seo-wordpress\/ -->\n<title>LA IMPORTANCIA DE LLAMARSE ANDI - Los pol\u00edticos Veracruz<\/title>\n<meta name=\"robots\" content=\"index, follow, max-snippet:-1, max-image-preview:large, max-video-preview:-1\" \/>\n<link rel=\"canonical\" href=\"https:\/\/lospoliticosveracruz.com\/?p=146730\" \/>\n<meta property=\"og:locale\" content=\"es_ES\" \/>\n<meta property=\"og:type\" content=\"article\" \/>\n<meta property=\"og:title\" content=\"LA IMPORTANCIA DE LLAMARSE ANDI - Los pol\u00edticos Veracruz\" \/>\n<meta property=\"og:description\" content=\"Sergio Gonz\u00e1lez Levet Sin tacto Como si los mexicanos tuvi\u00e9ramos tiempo para estarlo perdiendo, el segundo hijo en orden de aparici\u00f3n de Andr\u00e9s Manuel L\u00f3pez Obrador sali\u00f3 a pedir en un bonito programa que tiene la profunda pensadora Luisa Mar\u00eda Alcalde -la misma que en sus tiempos libres hace que trabaja como dirigent-a nacional de [&hellip;]\" \/>\n<meta property=\"og:url\" content=\"https:\/\/lospoliticosveracruz.com\/?p=146730\" \/>\n<meta property=\"og:site_name\" content=\"Los pol\u00edticos Veracruz\" \/>\n<meta property=\"article:publisher\" content=\"https:\/\/www.facebook.com\/people\/Notimemes-de-los-Polticos\/61565672886568\/\" \/>\n<meta property=\"article:published_time\" content=\"2025-06-09T14:58:48+00:00\" \/>\n<meta property=\"article:modified_time\" content=\"2025-06-09T14:59:11+00:00\" \/>\n<meta property=\"og:image\" content=\"https:\/\/lospoliticosveracruz.com\/wp-content\/uploads\/2025\/04\/Levet.jpg\" \/>\n\t<meta property=\"og:image:width\" content=\"1250\" \/>\n\t<meta property=\"og:image:height\" content=\"667\" \/>\n\t<meta property=\"og:image:type\" content=\"image\/jpeg\" \/>\n<meta name=\"author\" content=\"Lo viste en Los Pol\u00edticos\" \/>\n<meta name=\"twitter:card\" content=\"summary_large_image\" \/>\n<meta name=\"twitter:creator\" content=\"@LosPoliticosVer\" \/>\n<meta name=\"twitter:site\" content=\"@LosPoliticosVer\" \/>\n<meta name=\"twitter:label1\" content=\"Escrito por\" \/>\n\t<meta name=\"twitter:data1\" content=\"Lo viste en Los Pol\u00edticos\" \/>\n\t<meta name=\"twitter:label2\" content=\"Tiempo de lectura\" \/>\n\t<meta name=\"twitter:data2\" content=\"3 minutos\" \/>\n<script type=\"application\/ld+json\" class=\"yoast-schema-graph\">{\"@context\":\"https:\\\/\\\/schema.org\",\"@graph\":[{\"@type\":\"Article\",\"@id\":\"https:\\\/\\\/lospoliticosveracruz.com\\\/?p=146730#article\",\"isPartOf\":{\"@id\":\"https:\\\/\\\/lospoliticosveracruz.com\\\/?p=146730\"},\"author\":{\"name\":\"Lo viste en Los Pol\u00edticos\",\"@id\":\"https:\\\/\\\/lospoliticosveracruz.com\\\/#\\\/schema\\\/person\\\/b8702bb0e538456e6efd07080bf2a4a2\"},\"headline\":\"LA IMPORTANCIA DE LLAMARSE ANDI\",\"datePublished\":\"2025-06-09T14:58:48+00:00\",\"dateModified\":\"2025-06-09T14:59:11+00:00\",\"mainEntityOfPage\":{\"@id\":\"https:\\\/\\\/lospoliticosveracruz.com\\\/?p=146730\"},\"wordCount\":571,\"publisher\":{\"@id\":\"https:\\\/\\\/lospoliticosveracruz.com\\\/#organization\"},\"image\":{\"@id\":\"https:\\\/\\\/lospoliticosveracruz.com\\\/?p=146730#primaryimage\"},\"thumbnailUrl\":\"https:\\\/\\\/lospoliticosveracruz.com\\\/wp-content\\\/uploads\\\/2025\\\/04\\\/Levet-e1773931000156.jpg\",\"keywords\":[\"Andr\u00e9s Manuel L\u00f3pez Obrador\",\"Cuarta Transformaci\u00f3n\",\"Luisa Mar\u00eda Alcalde\",\"Morena\"],\"articleSection\":[\"De Opini\u00f3n\"],\"inLanguage\":\"es\"},{\"@type\":\"WebPage\",\"@id\":\"https:\\\/\\\/lospoliticosveracruz.com\\\/?p=146730\",\"url\":\"https:\\\/\\\/lospoliticosveracruz.com\\\/?p=146730\",\"name\":\"LA IMPORTANCIA DE LLAMARSE ANDI - Los pol\u00edticos Veracruz\",\"isPartOf\":{\"@id\":\"https:\\\/\\\/lospoliticosveracruz.com\\\/#website\"},\"primaryImageOfPage\":{\"@id\":\"https:\\\/\\\/lospoliticosveracruz.com\\\/?p=146730#primaryimage\"},\"image\":{\"@id\":\"https:\\\/\\\/lospoliticosveracruz.com\\\/?p=146730#primaryimage\"},\"thumbnailUrl\":\"https:\\\/\\\/lospoliticosveracruz.com\\\/wp-content\\\/uploads\\\/2025\\\/04\\\/Levet-e1773931000156.jpg\",\"datePublished\":\"2025-06-09T14:58:48+00:00\",\"dateModified\":\"2025-06-09T14:59:11+00:00\",\"breadcrumb\":{\"@id\":\"https:\\\/\\\/lospoliticosveracruz.com\\\/?p=146730#breadcrumb\"},\"inLanguage\":\"es\",\"potentialAction\":[{\"@type\":\"ReadAction\",\"target\":[\"https:\\\/\\\/lospoliticosveracruz.com\\\/?p=146730\"]}]},{\"@type\":\"ImageObject\",\"inLanguage\":\"es\",\"@id\":\"https:\\\/\\\/lospoliticosveracruz.com\\\/?p=146730#primaryimage\",\"url\":\"https:\\\/\\\/lospoliticosveracruz.com\\\/wp-content\\\/uploads\\\/2025\\\/04\\\/Levet-e1773931000156.jpg\",\"contentUrl\":\"https:\\\/\\\/lospoliticosveracruz.com\\\/wp-content\\\/uploads\\\/2025\\\/04\\\/Levet-e1773931000156.jpg\",\"width\":600,\"height\":320},{\"@type\":\"BreadcrumbList\",\"@id\":\"https:\\\/\\\/lospoliticosveracruz.com\\\/?p=146730#breadcrumb\",\"itemListElement\":[{\"@type\":\"ListItem\",\"position\":1,\"name\":\"Portada\",\"item\":\"https:\\\/\\\/lospoliticosveracruz.com\\\/\"},{\"@type\":\"ListItem\",\"position\":2,\"name\":\"LA IMPORTANCIA DE LLAMARSE ANDI\"}]},{\"@type\":\"WebSite\",\"@id\":\"https:\\\/\\\/lospoliticosveracruz.com\\\/#website\",\"url\":\"https:\\\/\\\/lospoliticosveracruz.com\\\/\",\"name\":\"Los pol\u00edticos Veracruz\",\"description\":\"\",\"publisher\":{\"@id\":\"https:\\\/\\\/lospoliticosveracruz.com\\\/#organization\"},\"potentialAction\":[{\"@type\":\"SearchAction\",\"target\":{\"@type\":\"EntryPoint\",\"urlTemplate\":\"https:\\\/\\\/lospoliticosveracruz.com\\\/?s={search_term_string}\"},\"query-input\":{\"@type\":\"PropertyValueSpecification\",\"valueRequired\":true,\"valueName\":\"search_term_string\"}}],\"inLanguage\":\"es\"},{\"@type\":\"Organization\",\"@id\":\"https:\\\/\\\/lospoliticosveracruz.com\\\/#organization\",\"name\":\"Los pol\u00edticos Veracruz\",\"url\":\"https:\\\/\\\/lospoliticosveracruz.com\\\/\",\"logo\":{\"@type\":\"ImageObject\",\"inLanguage\":\"es\",\"@id\":\"https:\\\/\\\/lospoliticosveracruz.com\\\/#\\\/schema\\\/logo\\\/image\\\/\",\"url\":\"https:\\\/\\\/lospoliticosveracruz.com\\\/wp-content\\\/uploads\\\/2025\\\/12\\\/Logo-Nuevo-LOS-POLITICOS-1.jpg\",\"contentUrl\":\"https:\\\/\\\/lospoliticosveracruz.com\\\/wp-content\\\/uploads\\\/2025\\\/12\\\/Logo-Nuevo-LOS-POLITICOS-1.jpg\",\"width\":260,\"height\":70,\"caption\":\"Los pol\u00edticos Veracruz\"},\"image\":{\"@id\":\"https:\\\/\\\/lospoliticosveracruz.com\\\/#\\\/schema\\\/logo\\\/image\\\/\"},\"sameAs\":[\"https:\\\/\\\/www.facebook.com\\\/people\\\/Notimemes-de-los-Polticos\\\/61565672886568\\\/\",\"https:\\\/\\\/x.com\\\/LosPoliticosVer\"]},{\"@type\":\"Person\",\"@id\":\"https:\\\/\\\/lospoliticosveracruz.com\\\/#\\\/schema\\\/person\\\/b8702bb0e538456e6efd07080bf2a4a2\",\"name\":\"Lo viste en Los Pol\u00edticos\",\"image\":{\"@type\":\"ImageObject\",\"inLanguage\":\"es\",\"@id\":\"https:\\\/\\\/secure.gravatar.com\\\/avatar\\\/3a8de04a2656d44082be478bd6c086daa447c4651605818287b9532d3d0bd435?s=96&d=mm&r=g\",\"url\":\"https:\\\/\\\/secure.gravatar.com\\\/avatar\\\/3a8de04a2656d44082be478bd6c086daa447c4651605818287b9532d3d0bd435?s=96&d=mm&r=g\",\"contentUrl\":\"https:\\\/\\\/secure.gravatar.com\\\/avatar\\\/3a8de04a2656d44082be478bd6c086daa447c4651605818287b9532d3d0bd435?s=96&d=mm&r=g\",\"caption\":\"Lo viste en Los Pol\u00edticos\"},\"url\":\"https:\\\/\\\/lospoliticosveracruz.com\\\/?author=2\"}]}<\/script>\n<!-- \/ Yoast SEO plugin. -->","yoast_head_json":{"title":"LA IMPORTANCIA DE LLAMARSE ANDI - Los pol\u00edticos Veracruz","robots":{"index":"index","follow":"follow","max-snippet":"max-snippet:-1","max-image-preview":"max-image-preview:large","max-video-preview":"max-video-preview:-1"},"canonical":"https:\/\/lospoliticosveracruz.com\/?p=146730","og_locale":"es_ES","og_type":"article","og_title":"LA IMPORTANCIA DE LLAMARSE ANDI - Los pol\u00edticos Veracruz","og_description":"Sergio Gonz\u00e1lez Levet Sin tacto Como si los mexicanos tuvi\u00e9ramos tiempo para estarlo perdiendo, el segundo hijo en orden de aparici\u00f3n de Andr\u00e9s Manuel L\u00f3pez Obrador sali\u00f3 a pedir en un bonito programa que tiene la profunda pensadora Luisa Mar\u00eda Alcalde -la misma que en sus tiempos libres hace que trabaja como dirigent-a nacional de [&hellip;]","og_url":"https:\/\/lospoliticosveracruz.com\/?p=146730","og_site_name":"Los pol\u00edticos Veracruz","article_publisher":"https:\/\/www.facebook.com\/people\/Notimemes-de-los-Polticos\/61565672886568\/","article_published_time":"2025-06-09T14:58:48+00:00","article_modified_time":"2025-06-09T14:59:11+00:00","og_image":[{"width":1250,"height":667,"url":"https:\/\/lospoliticosveracruz.com\/wp-content\/uploads\/2025\/04\/Levet.jpg","type":"image\/jpeg"}],"author":"Lo viste en Los Pol\u00edticos","twitter_card":"summary_large_image","twitter_creator":"@LosPoliticosVer","twitter_site":"@LosPoliticosVer","twitter_misc":{"Escrito por":"Lo viste en Los Pol\u00edticos","Tiempo de lectura":"3 minutos"},"schema":{"@context":"https:\/\/schema.org","@graph":[{"@type":"Article","@id":"https:\/\/lospoliticosveracruz.com\/?p=146730#article","isPartOf":{"@id":"https:\/\/lospoliticosveracruz.com\/?p=146730"},"author":{"name":"Lo viste en Los Pol\u00edticos","@id":"https:\/\/lospoliticosveracruz.com\/#\/schema\/person\/b8702bb0e538456e6efd07080bf2a4a2"},"headline":"LA IMPORTANCIA DE LLAMARSE ANDI","datePublished":"2025-06-09T14:58:48+00:00","dateModified":"2025-06-09T14:59:11+00:00","mainEntityOfPage":{"@id":"https:\/\/lospoliticosveracruz.com\/?p=146730"},"wordCount":571,"publisher":{"@id":"https:\/\/lospoliticosveracruz.com\/#organization"},"image":{"@id":"https:\/\/lospoliticosveracruz.com\/?p=146730#primaryimage"},"thumbnailUrl":"https:\/\/lospoliticosveracruz.com\/wp-content\/uploads\/2025\/04\/Levet-e1773931000156.jpg","keywords":["Andr\u00e9s Manuel L\u00f3pez Obrador","Cuarta Transformaci\u00f3n","Luisa Mar\u00eda Alcalde","Morena"],"articleSection":["De Opini\u00f3n"],"inLanguage":"es"},{"@type":"WebPage","@id":"https:\/\/lospoliticosveracruz.com\/?p=146730","url":"https:\/\/lospoliticosveracruz.com\/?p=146730","name":"LA IMPORTANCIA DE LLAMARSE ANDI - Los pol\u00edticos Veracruz","isPartOf":{"@id":"https:\/\/lospoliticosveracruz.com\/#website"},"primaryImageOfPage":{"@id":"https:\/\/lospoliticosveracruz.com\/?p=146730#primaryimage"},"image":{"@id":"https:\/\/lospoliticosveracruz.com\/?p=146730#primaryimage"},"thumbnailUrl":"https:\/\/lospoliticosveracruz.com\/wp-content\/uploads\/2025\/04\/Levet-e1773931000156.jpg","datePublished":"2025-06-09T14:58:48+00:00","dateModified":"2025-06-09T14:59:11+00:00","breadcrumb":{"@id":"https:\/\/lospoliticosveracruz.com\/?p=146730#breadcrumb"},"inLanguage":"es","potentialAction":[{"@type":"ReadAction","target":["https:\/\/lospoliticosveracruz.com\/?p=146730"]}]},{"@type":"ImageObject","inLanguage":"es","@id":"https:\/\/lospoliticosveracruz.com\/?p=146730#primaryimage","url":"https:\/\/lospoliticosveracruz.com\/wp-content\/uploads\/2025\/04\/Levet-e1773931000156.jpg","contentUrl":"https:\/\/lospoliticosveracruz.com\/wp-content\/uploads\/2025\/04\/Levet-e1773931000156.jpg","width":600,"height":320},{"@type":"BreadcrumbList","@id":"https:\/\/lospoliticosveracruz.com\/?p=146730#breadcrumb","itemListElement":[{"@type":"ListItem","position":1,"name":"Portada","item":"https:\/\/lospoliticosveracruz.com\/"},{"@type":"ListItem","position":2,"name":"LA IMPORTANCIA DE LLAMARSE ANDI"}]},{"@type":"WebSite","@id":"https:\/\/lospoliticosveracruz.com\/#website","url":"https:\/\/lospoliticosveracruz.com\/","name":"Los pol\u00edticos Veracruz","description":"","publisher":{"@id":"https:\/\/lospoliticosveracruz.com\/#organization"},"potentialAction":[{"@type":"SearchAction","target":{"@type":"EntryPoint","urlTemplate":"https:\/\/lospoliticosveracruz.com\/?s={search_term_string}"},"query-input":{"@type":"PropertyValueSpecification","valueRequired":true,"valueName":"search_term_string"}}],"inLanguage":"es"},{"@type":"Organization","@id":"https:\/\/lospoliticosveracruz.com\/#organization","name":"Los pol\u00edticos Veracruz","url":"https:\/\/lospoliticosveracruz.com\/","logo":{"@type":"ImageObject","inLanguage":"es","@id":"https:\/\/lospoliticosveracruz.com\/#\/schema\/logo\/image\/","url":"https:\/\/lospoliticosveracruz.com\/wp-content\/uploads\/2025\/12\/Logo-Nuevo-LOS-POLITICOS-1.jpg","contentUrl":"https:\/\/lospoliticosveracruz.com\/wp-content\/uploads\/2025\/12\/Logo-Nuevo-LOS-POLITICOS-1.jpg","width":260,"height":70,"caption":"Los pol\u00edticos Veracruz"},"image":{"@id":"https:\/\/lospoliticosveracruz.com\/#\/schema\/logo\/image\/"},"sameAs":["https:\/\/www.facebook.com\/people\/Notimemes-de-los-Polticos\/61565672886568\/","https:\/\/x.com\/LosPoliticosVer"]},{"@type":"Person","@id":"https:\/\/lospoliticosveracruz.com\/#\/schema\/person\/b8702bb0e538456e6efd07080bf2a4a2","name":"Lo viste en Los Pol\u00edticos","image":{"@type":"ImageObject","inLanguage":"es","@id":"https:\/\/secure.gravatar.com\/avatar\/3a8de04a2656d44082be478bd6c086daa447c4651605818287b9532d3d0bd435?s=96&d=mm&r=g","url":"https:\/\/secure.gravatar.com\/avatar\/3a8de04a2656d44082be478bd6c086daa447c4651605818287b9532d3d0bd435?s=96&d=mm&r=g","contentUrl":"https:\/\/secure.gravatar.com\/avatar\/3a8de04a2656d44082be478bd6c086daa447c4651605818287b9532d3d0bd435?s=96&d=mm&r=g","caption":"Lo viste en Los Pol\u00edticos"},"url":"https:\/\/lospoliticosveracruz.com\/?author=2"}]}},"_links":{"self":[{"href":"https:\/\/lospoliticosveracruz.com\/index.php?rest_route=\/wp\/v2\/posts\/146730","targetHints":{"allow":["GET"]}}],"collection":[{"href":"https:\/\/lospoliticosveracruz.com\/index.php?rest_route=\/wp\/v2\/posts"}],"about":[{"href":"https:\/\/lospoliticosveracruz.com\/index.php?rest_route=\/wp\/v2\/types\/post"}],"author":[{"embeddable":true,"href":"https:\/\/lospoliticosveracruz.com\/index.php?rest_route=\/wp\/v2\/users\/2"}],"replies":[{"embeddable":true,"href":"https:\/\/lospoliticosveracruz.com\/index.php?rest_route=%2Fwp%2Fv2%2Fcomments&post=146730"}],"version-history":[{"count":2,"href":"https:\/\/lospoliticosveracruz.com\/index.php?rest_route=\/wp\/v2\/posts\/146730\/revisions"}],"predecessor-version":[{"id":146732,"href":"https:\/\/lospoliticosveracruz.com\/index.php?rest_route=\/wp\/v2\/posts\/146730\/revisions\/146732"}],"wp:featuredmedia":[{"embeddable":true,"href":"https:\/\/lospoliticosveracruz.com\/index.php?rest_route=\/wp\/v2\/media\/141432"}],"wp:attachment":[{"href":"https:\/\/lospoliticosveracruz.com\/index.php?rest_route=%2Fwp%2Fv2%2Fmedia&parent=146730"}],"wp:term":[{"taxonomy":"category","embeddable":true,"href":"https:\/\/lospoliticosveracruz.com\/index.php?rest_route=%2Fwp%2Fv2%2Fcategories&post=146730"},{"taxonomy":"post_tag","embeddable":true,"href":"https:\/\/lospoliticosveracruz.com\/index.php?rest_route=%2Fwp%2Fv2%2Ftags&post=146730"}],"curies":[{"name":"wp","href":"https:\/\/api.w.org\/{rel}","templated":true}]}}