{"id":146733,"date":"2025-06-09T11:16:53","date_gmt":"2025-06-09T16:16:53","guid":{"rendered":"https:\/\/lospoliticosveracruz.com.mx\/?p=146733"},"modified":"2025-06-09T11:17:01","modified_gmt":"2025-06-09T16:17:01","slug":"puro-blof-y-marrandas","status":"publish","type":"post","link":"https:\/\/lospoliticosveracruz.com\/?p=146733","title":{"rendered":"PURO BLOF Y MARRANDAS"},"content":{"rendered":"\n\n\n<p><\/p>\n\n\n\n<p><strong>Bernardo Guti\u00e9rrez Parra<\/strong><\/p>\n\n\n\n<p><em>Desde el Caf\u00e9<br><\/em><\/p>\n\n\n\n<p>Si algo mostraron las elecciones municipales en Veracruz es que Morena y los morenos son puro blof; que sin Andr\u00e9s Manuel no son nada y que sus operadores pol\u00edticos valen para puras verg\u00fcenzas. Puro blof porque en solitario ganaron apenas 11 de 212 alcald\u00edas, una ridiculez para un partido que piensa gobernar m\u00ednimo y seg\u00fan sus corifeos, por 30 a\u00f1os seguidos.<\/p>\n\n\n\n<p>Sin el pap\u00e1 de Andy, Morena corre el riesgo de descarrilarse porque carece de un gu\u00eda o de un operador con liderazgo. Y ya que hablo de operador, \u00bfde qui\u00e9n ser\u00eda la idea de enviar a Juan Javier G\u00f3mez Cazar\u00edn a operar en Poza Rica? \u201cEl enlace de lujo entre la presidenta Sheinbaum y la gobernadora Nahle\u201d (al menos as\u00ed lo vendieron), result\u00f3 un rotundo y fenomenal fracaso.<\/p>\n\n\n\n<p>Pero como de lo que se trataba era de dar resultados, a alguien se le ocurri\u00f3 arrebatarle a Movimiento Ciudadano sus triunfos en Poza Rica y Papantla. Y al menos parcialmente les fall\u00f3 el intento.<\/p>\n\n\n\n<p>En el caso de Poza Rica, el lunes 2 de junio a las 5 de la ma\u00f1ana y con el 99% de las actas computadas, el PREP anunci\u00f3 que Emilio Olvera Andrade candidato a esa alcald\u00eda por MC, hab\u00eda obtenido 16 mil 552 votos por 14 mil 076 de Adanely Rodr\u00edguez de la coalici\u00f3n Morena-PVEM. Y el campanazo fue de antolog\u00eda.<\/p>\n\n\n\n<p>Pero horas despu\u00e9s sucedieron cosas raras.<\/p>\n\n\n\n<p>Una de las m\u00e1s pedestres fue que al conque de que no exist\u00edan garant\u00edas, el OPLE municipal par\u00f3 el conteo y envi\u00f3 toda la paqueter\u00eda a Xalapa\u2026 en la madrugada y nom\u00e1s con la bendici\u00f3n de Dios.<\/p>\n\n\n\n<p>En Xalapa los votos fueron recontados, no en la oficina central del OPLE, sino en una bodega y\u2026 \u00a1oh my God!, result\u00f3 que los escrutadores \u201cencontraron\u201d m\u00e1s de mil votos nulos que antes de ser anulados favorec\u00edan a Emilio Olvera. \u201cLlegaron paquetes con bolsas abiertas, sin candados y sin cadena de custodia. \u00bfC\u00f3mo se explican que de la nada aparezcan m\u00e1s de 1,300 votos nulos cuando las actas reflejaban nuestra victoria? \u00bfY as\u00ed pretenden avalar esos resultados?\u201d se preguntaron en MC.<\/p>\n\n\n\n<p>La dirigencia naranja se movi\u00f3 r\u00e1pido y este domingo cit\u00f3 a una conferencia de prensa donde, con pruebas en la mano, mostraron el rosario de trampas descaradas de las que se estaba valiendo el partido en el poder para tirarle a MC dos elecciones bien ganadas.<\/p>\n\n\n\n<p>\u201cMorena est\u00e1 peor que el PRI de los setentas\u201d asegur\u00f3 el l\u00edder emecista Luis Carbonell de la Hoz mientras en una pantalla se mostraba la manera en que las boletas a favor de Emilio Olvera, eran tachadas con otra cruz para que en autom\u00e1tico quedaran anuladas. Un cochinero.<\/p>\n\n\n\n<p>Luis Carbonell dijo que acudir\u00edan a todas las instancias para defender su triunfo y a mi pregunta sobre si confiaban en el Tribunal Electoral de Veracruz y el Tribunal Federal Electoral, ambos a las \u00f3rdenes de Morena contest\u00f3. \u201cAgotaremos todas las instancias, iremos a donde tengamos que ir, pero defenderemos nuestros triunfos en Poza Rica y Papantla porque ganamos de manera leg\u00edtima\u201d.<\/p>\n\n\n\n<p>Carbonell de la Hoz fue m\u00e1s all\u00e1 al asegurar que tanto en Poza Rica como en Papantla, el fraude se estaba cocinando desde el consejo general del OPLE con la complicidad de los consejos municipales. \u201cMe da pena este OPLE\u201d, dijo.<\/p>\n\n\n\n<p>M\u00e1s cauto, el candidato emecista Emilio Olvera, dijo que defender\u00edan la voluntad de los pozarricenses y envi\u00f3 un mensaje a Roc\u00edo Nahle: \u201cGobernadora es su responsabilidad hacer valer la democracia en Veracruz; exigimos que intervenga con toda la fuerza del Estado para que se respete la voluntad del pueblo de Poza Rica; no se puede permitir que los que no ganaron en las urnas lo quieran torcer desde una mesa\u201d.<\/p>\n\n\n\n<p>Despu\u00e9s de la conferencia, todos los periodistas asistentes daban por hecho que el cochinero se consumar\u00eda y Morena se quedar\u00eda con Poza Rica. Pero algo pas\u00f3.<\/p>\n\n\n\n<p>Seguramente alguien del partido guinda se sincer\u00f3 y dijo: \u201cNos estamos viendo de a tiro muy pedestres, perversos, c\u00ednicos y muy obvios. Ya todo el mundo sabe de nuestra marranada porque fuimos incapaces de ocultarla; nadie va a creer que hay tantos votos nulos; hay videos donde nuestra gente est\u00e1 metiendo mano a las boletas para que las nulifiquen. En efecto, nos estamos viendo peor que el PRI\u201d.<\/p>\n\n\n\n<p>Y \u00f3rale\u2026<\/p>\n\n\n\n<p>Este domingo por la tarde el OPLE le dio el triunfo a Emilio Olvera con 15 mil 384 sufragios, es decir, le rasuraron 1, 168 votos en relaci\u00f3n a los 16 mil 552 que report\u00f3 el PREP el lunes en la madrugada.<\/p>\n\n\n\n<p>Por su parte, la candidata de Morena-PVEM Adanely Rodr\u00edguez, se qued\u00f3 con 14 mil 884 votos, 808 m\u00e1s que los 14 mil 076 que hab\u00eda reportado el OPLE la v\u00edspera.<\/p>\n\n\n\n<p>\u00bfY color\u00edn colorado? Qui\u00e9n sabe. A\u00fan falta por destrabarse la elecci\u00f3n en Papantla donde el candidato de Movimiento Ciudadano, Mariano Romero obtuvo 26 mil 707 votos, por 26 mil 306 que fueron para Gonzalo Flores de Morena-PVEM.<\/p>\n\n\n\n<p>Pero para donde se haga, Morena qued\u00f3 muy mal parado porque a pesar de contar con la ayuda del aparado del Estado, su operador pol\u00edtico fue incapaz de obtener un triunfo que lo hubiera posicionado como un fuerte aspirante a suceder a la gobernadora Roc\u00edo Nahle. Y adem\u00e1s, porque se mostr\u00f3 como lo que es, un partido d\u00e9bil que no sabe caminar si no va de la mano de su fundador y gu\u00eda.<\/p>\n\n\n\n<p>En contrapunto, Movimiento Ciudadano se afianza como la segunda fuerza pol\u00edtica en Veracruz, con el plus de que para las pr\u00f3ximas elecciones, el chiquitaje har\u00e1 hasta lo imposible por ir en coalici\u00f3n con ellos.<\/p>\n\n\n\n<p>bernardogup@hotmail.com<\/p>\n","protected":false},"excerpt":{"rendered":"<p>Bernardo Guti\u00e9rrez Parra Desde el Caf\u00e9 Si algo mostraron las elecciones municipales en Veracruz es que Morena y los morenos son puro blof; que sin Andr\u00e9s Manuel no son nada y que sus operadores pol\u00edticos valen para puras verg\u00fcenzas. Puro blof porque en solitario ganaron apenas 11 de 212 alcald\u00edas, una ridiculez para un partido [&hellip;]<\/p>\n","protected":false},"author":2,"featured_media":141479,"comment_status":"closed","ping_status":"closed","sticky":false,"template":"","format":"standard","meta":{"tdm_status":"","tdm_grid_status":"","footnotes":""},"categories":[70],"tags":[44079],"class_list":{"0":"post-146733","1":"post","2":"type-post","3":"status-publish","4":"format-standard","5":"has-post-thumbnail","7":"category-de-opinion","8":"tag-elecciones-municipales-en-veracruz"},"yoast_head":"<!-- This site is optimized with the Yoast SEO plugin v27.4 - https:\/\/yoast.com\/product\/yoast-seo-wordpress\/ -->\n<title>PURO BLOF Y MARRANDAS - Los pol\u00edticos Veracruz<\/title>\n<meta name=\"robots\" content=\"index, follow, max-snippet:-1, max-image-preview:large, max-video-preview:-1\" \/>\n<link rel=\"canonical\" href=\"https:\/\/lospoliticosveracruz.com\/?p=146733\" \/>\n<meta property=\"og:locale\" content=\"es_ES\" \/>\n<meta property=\"og:type\" content=\"article\" \/>\n<meta property=\"og:title\" content=\"PURO BLOF Y MARRANDAS - Los pol\u00edticos Veracruz\" \/>\n<meta property=\"og:description\" content=\"Bernardo Guti\u00e9rrez Parra Desde el Caf\u00e9 Si algo mostraron las elecciones municipales en Veracruz es que Morena y los morenos son puro blof; que sin Andr\u00e9s Manuel no son nada y que sus operadores pol\u00edticos valen para puras verg\u00fcenzas. Puro blof porque en solitario ganaron apenas 11 de 212 alcald\u00edas, una ridiculez para un partido [&hellip;]\" \/>\n<meta property=\"og:url\" content=\"https:\/\/lospoliticosveracruz.com\/?p=146733\" \/>\n<meta property=\"og:site_name\" content=\"Los pol\u00edticos Veracruz\" \/>\n<meta property=\"article:publisher\" content=\"https:\/\/www.facebook.com\/people\/Notimemes-de-los-Polticos\/61565672886568\/\" \/>\n<meta property=\"article:published_time\" content=\"2025-06-09T16:16:53+00:00\" \/>\n<meta property=\"article:modified_time\" content=\"2025-06-09T16:17:01+00:00\" \/>\n<meta property=\"og:image\" content=\"https:\/\/lospoliticosveracruz.com\/wp-content\/uploads\/2025\/04\/Bernardo-Gutierrez-Parra.jpg\" \/>\n\t<meta property=\"og:image:width\" content=\"1250\" \/>\n\t<meta property=\"og:image:height\" content=\"667\" \/>\n\t<meta property=\"og:image:type\" content=\"image\/jpeg\" \/>\n<meta name=\"author\" content=\"Lo viste en Los Pol\u00edticos\" \/>\n<meta name=\"twitter:card\" content=\"summary_large_image\" \/>\n<meta name=\"twitter:creator\" content=\"@LosPoliticosVer\" \/>\n<meta name=\"twitter:site\" content=\"@LosPoliticosVer\" \/>\n<meta name=\"twitter:label1\" content=\"Escrito por\" \/>\n\t<meta name=\"twitter:data1\" content=\"Lo viste en Los Pol\u00edticos\" \/>\n\t<meta name=\"twitter:label2\" content=\"Tiempo de lectura\" \/>\n\t<meta name=\"twitter:data2\" content=\"5 minutos\" \/>\n<script type=\"application\/ld+json\" class=\"yoast-schema-graph\">{\"@context\":\"https:\\\/\\\/schema.org\",\"@graph\":[{\"@type\":\"Article\",\"@id\":\"https:\\\/\\\/lospoliticosveracruz.com\\\/?p=146733#article\",\"isPartOf\":{\"@id\":\"https:\\\/\\\/lospoliticosveracruz.com\\\/?p=146733\"},\"author\":{\"name\":\"Lo viste en Los Pol\u00edticos\",\"@id\":\"https:\\\/\\\/lospoliticosveracruz.com\\\/#\\\/schema\\\/person\\\/b8702bb0e538456e6efd07080bf2a4a2\"},\"headline\":\"PURO BLOF Y MARRANDAS\",\"datePublished\":\"2025-06-09T16:16:53+00:00\",\"dateModified\":\"2025-06-09T16:17:01+00:00\",\"mainEntityOfPage\":{\"@id\":\"https:\\\/\\\/lospoliticosveracruz.com\\\/?p=146733\"},\"wordCount\":975,\"publisher\":{\"@id\":\"https:\\\/\\\/lospoliticosveracruz.com\\\/#organization\"},\"image\":{\"@id\":\"https:\\\/\\\/lospoliticosveracruz.com\\\/?p=146733#primaryimage\"},\"thumbnailUrl\":\"https:\\\/\\\/lospoliticosveracruz.com\\\/wp-content\\\/uploads\\\/2025\\\/04\\\/Bernardo-Gutierrez-Parra.jpg\",\"keywords\":[\"elecciones municipales en Veracruz\"],\"articleSection\":[\"De Opini\u00f3n\"],\"inLanguage\":\"es\"},{\"@type\":\"WebPage\",\"@id\":\"https:\\\/\\\/lospoliticosveracruz.com\\\/?p=146733\",\"url\":\"https:\\\/\\\/lospoliticosveracruz.com\\\/?p=146733\",\"name\":\"PURO BLOF Y MARRANDAS - Los pol\u00edticos Veracruz\",\"isPartOf\":{\"@id\":\"https:\\\/\\\/lospoliticosveracruz.com\\\/#website\"},\"primaryImageOfPage\":{\"@id\":\"https:\\\/\\\/lospoliticosveracruz.com\\\/?p=146733#primaryimage\"},\"image\":{\"@id\":\"https:\\\/\\\/lospoliticosveracruz.com\\\/?p=146733#primaryimage\"},\"thumbnailUrl\":\"https:\\\/\\\/lospoliticosveracruz.com\\\/wp-content\\\/uploads\\\/2025\\\/04\\\/Bernardo-Gutierrez-Parra.jpg\",\"datePublished\":\"2025-06-09T16:16:53+00:00\",\"dateModified\":\"2025-06-09T16:17:01+00:00\",\"breadcrumb\":{\"@id\":\"https:\\\/\\\/lospoliticosveracruz.com\\\/?p=146733#breadcrumb\"},\"inLanguage\":\"es\",\"potentialAction\":[{\"@type\":\"ReadAction\",\"target\":[\"https:\\\/\\\/lospoliticosveracruz.com\\\/?p=146733\"]}]},{\"@type\":\"ImageObject\",\"inLanguage\":\"es\",\"@id\":\"https:\\\/\\\/lospoliticosveracruz.com\\\/?p=146733#primaryimage\",\"url\":\"https:\\\/\\\/lospoliticosveracruz.com\\\/wp-content\\\/uploads\\\/2025\\\/04\\\/Bernardo-Gutierrez-Parra.jpg\",\"contentUrl\":\"https:\\\/\\\/lospoliticosveracruz.com\\\/wp-content\\\/uploads\\\/2025\\\/04\\\/Bernardo-Gutierrez-Parra.jpg\",\"width\":1250,\"height\":667},{\"@type\":\"BreadcrumbList\",\"@id\":\"https:\\\/\\\/lospoliticosveracruz.com\\\/?p=146733#breadcrumb\",\"itemListElement\":[{\"@type\":\"ListItem\",\"position\":1,\"name\":\"Portada\",\"item\":\"https:\\\/\\\/lospoliticosveracruz.com\\\/\"},{\"@type\":\"ListItem\",\"position\":2,\"name\":\"PURO BLOF Y MARRANDAS\"}]},{\"@type\":\"WebSite\",\"@id\":\"https:\\\/\\\/lospoliticosveracruz.com\\\/#website\",\"url\":\"https:\\\/\\\/lospoliticosveracruz.com\\\/\",\"name\":\"Los pol\u00edticos Veracruz\",\"description\":\"\",\"publisher\":{\"@id\":\"https:\\\/\\\/lospoliticosveracruz.com\\\/#organization\"},\"potentialAction\":[{\"@type\":\"SearchAction\",\"target\":{\"@type\":\"EntryPoint\",\"urlTemplate\":\"https:\\\/\\\/lospoliticosveracruz.com\\\/?s={search_term_string}\"},\"query-input\":{\"@type\":\"PropertyValueSpecification\",\"valueRequired\":true,\"valueName\":\"search_term_string\"}}],\"inLanguage\":\"es\"},{\"@type\":\"Organization\",\"@id\":\"https:\\\/\\\/lospoliticosveracruz.com\\\/#organization\",\"name\":\"Los pol\u00edticos Veracruz\",\"url\":\"https:\\\/\\\/lospoliticosveracruz.com\\\/\",\"logo\":{\"@type\":\"ImageObject\",\"inLanguage\":\"es\",\"@id\":\"https:\\\/\\\/lospoliticosveracruz.com\\\/#\\\/schema\\\/logo\\\/image\\\/\",\"url\":\"https:\\\/\\\/lospoliticosveracruz.com\\\/wp-content\\\/uploads\\\/2025\\\/12\\\/Logo-Nuevo-LOS-POLITICOS-1.jpg\",\"contentUrl\":\"https:\\\/\\\/lospoliticosveracruz.com\\\/wp-content\\\/uploads\\\/2025\\\/12\\\/Logo-Nuevo-LOS-POLITICOS-1.jpg\",\"width\":260,\"height\":70,\"caption\":\"Los pol\u00edticos Veracruz\"},\"image\":{\"@id\":\"https:\\\/\\\/lospoliticosveracruz.com\\\/#\\\/schema\\\/logo\\\/image\\\/\"},\"sameAs\":[\"https:\\\/\\\/www.facebook.com\\\/people\\\/Notimemes-de-los-Polticos\\\/61565672886568\\\/\",\"https:\\\/\\\/x.com\\\/LosPoliticosVer\"]},{\"@type\":\"Person\",\"@id\":\"https:\\\/\\\/lospoliticosveracruz.com\\\/#\\\/schema\\\/person\\\/b8702bb0e538456e6efd07080bf2a4a2\",\"name\":\"Lo viste en Los Pol\u00edticos\",\"image\":{\"@type\":\"ImageObject\",\"inLanguage\":\"es\",\"@id\":\"https:\\\/\\\/secure.gravatar.com\\\/avatar\\\/3a8de04a2656d44082be478bd6c086daa447c4651605818287b9532d3d0bd435?s=96&d=mm&r=g\",\"url\":\"https:\\\/\\\/secure.gravatar.com\\\/avatar\\\/3a8de04a2656d44082be478bd6c086daa447c4651605818287b9532d3d0bd435?s=96&d=mm&r=g\",\"contentUrl\":\"https:\\\/\\\/secure.gravatar.com\\\/avatar\\\/3a8de04a2656d44082be478bd6c086daa447c4651605818287b9532d3d0bd435?s=96&d=mm&r=g\",\"caption\":\"Lo viste en Los Pol\u00edticos\"},\"url\":\"https:\\\/\\\/lospoliticosveracruz.com\\\/?author=2\"}]}<\/script>\n<!-- \/ Yoast SEO plugin. -->","yoast_head_json":{"title":"PURO BLOF Y MARRANDAS - Los pol\u00edticos Veracruz","robots":{"index":"index","follow":"follow","max-snippet":"max-snippet:-1","max-image-preview":"max-image-preview:large","max-video-preview":"max-video-preview:-1"},"canonical":"https:\/\/lospoliticosveracruz.com\/?p=146733","og_locale":"es_ES","og_type":"article","og_title":"PURO BLOF Y MARRANDAS - Los pol\u00edticos Veracruz","og_description":"Bernardo Guti\u00e9rrez Parra Desde el Caf\u00e9 Si algo mostraron las elecciones municipales en Veracruz es que Morena y los morenos son puro blof; que sin Andr\u00e9s Manuel no son nada y que sus operadores pol\u00edticos valen para puras verg\u00fcenzas. Puro blof porque en solitario ganaron apenas 11 de 212 alcald\u00edas, una ridiculez para un partido [&hellip;]","og_url":"https:\/\/lospoliticosveracruz.com\/?p=146733","og_site_name":"Los pol\u00edticos Veracruz","article_publisher":"https:\/\/www.facebook.com\/people\/Notimemes-de-los-Polticos\/61565672886568\/","article_published_time":"2025-06-09T16:16:53+00:00","article_modified_time":"2025-06-09T16:17:01+00:00","og_image":[{"width":1250,"height":667,"url":"https:\/\/lospoliticosveracruz.com\/wp-content\/uploads\/2025\/04\/Bernardo-Gutierrez-Parra.jpg","type":"image\/jpeg"}],"author":"Lo viste en Los Pol\u00edticos","twitter_card":"summary_large_image","twitter_creator":"@LosPoliticosVer","twitter_site":"@LosPoliticosVer","twitter_misc":{"Escrito por":"Lo viste en Los Pol\u00edticos","Tiempo de lectura":"5 minutos"},"schema":{"@context":"https:\/\/schema.org","@graph":[{"@type":"Article","@id":"https:\/\/lospoliticosveracruz.com\/?p=146733#article","isPartOf":{"@id":"https:\/\/lospoliticosveracruz.com\/?p=146733"},"author":{"name":"Lo viste en Los Pol\u00edticos","@id":"https:\/\/lospoliticosveracruz.com\/#\/schema\/person\/b8702bb0e538456e6efd07080bf2a4a2"},"headline":"PURO BLOF Y MARRANDAS","datePublished":"2025-06-09T16:16:53+00:00","dateModified":"2025-06-09T16:17:01+00:00","mainEntityOfPage":{"@id":"https:\/\/lospoliticosveracruz.com\/?p=146733"},"wordCount":975,"publisher":{"@id":"https:\/\/lospoliticosveracruz.com\/#organization"},"image":{"@id":"https:\/\/lospoliticosveracruz.com\/?p=146733#primaryimage"},"thumbnailUrl":"https:\/\/lospoliticosveracruz.com\/wp-content\/uploads\/2025\/04\/Bernardo-Gutierrez-Parra.jpg","keywords":["elecciones municipales en Veracruz"],"articleSection":["De Opini\u00f3n"],"inLanguage":"es"},{"@type":"WebPage","@id":"https:\/\/lospoliticosveracruz.com\/?p=146733","url":"https:\/\/lospoliticosveracruz.com\/?p=146733","name":"PURO BLOF Y MARRANDAS - Los pol\u00edticos Veracruz","isPartOf":{"@id":"https:\/\/lospoliticosveracruz.com\/#website"},"primaryImageOfPage":{"@id":"https:\/\/lospoliticosveracruz.com\/?p=146733#primaryimage"},"image":{"@id":"https:\/\/lospoliticosveracruz.com\/?p=146733#primaryimage"},"thumbnailUrl":"https:\/\/lospoliticosveracruz.com\/wp-content\/uploads\/2025\/04\/Bernardo-Gutierrez-Parra.jpg","datePublished":"2025-06-09T16:16:53+00:00","dateModified":"2025-06-09T16:17:01+00:00","breadcrumb":{"@id":"https:\/\/lospoliticosveracruz.com\/?p=146733#breadcrumb"},"inLanguage":"es","potentialAction":[{"@type":"ReadAction","target":["https:\/\/lospoliticosveracruz.com\/?p=146733"]}]},{"@type":"ImageObject","inLanguage":"es","@id":"https:\/\/lospoliticosveracruz.com\/?p=146733#primaryimage","url":"https:\/\/lospoliticosveracruz.com\/wp-content\/uploads\/2025\/04\/Bernardo-Gutierrez-Parra.jpg","contentUrl":"https:\/\/lospoliticosveracruz.com\/wp-content\/uploads\/2025\/04\/Bernardo-Gutierrez-Parra.jpg","width":1250,"height":667},{"@type":"BreadcrumbList","@id":"https:\/\/lospoliticosveracruz.com\/?p=146733#breadcrumb","itemListElement":[{"@type":"ListItem","position":1,"name":"Portada","item":"https:\/\/lospoliticosveracruz.com\/"},{"@type":"ListItem","position":2,"name":"PURO BLOF Y MARRANDAS"}]},{"@type":"WebSite","@id":"https:\/\/lospoliticosveracruz.com\/#website","url":"https:\/\/lospoliticosveracruz.com\/","name":"Los pol\u00edticos Veracruz","description":"","publisher":{"@id":"https:\/\/lospoliticosveracruz.com\/#organization"},"potentialAction":[{"@type":"SearchAction","target":{"@type":"EntryPoint","urlTemplate":"https:\/\/lospoliticosveracruz.com\/?s={search_term_string}"},"query-input":{"@type":"PropertyValueSpecification","valueRequired":true,"valueName":"search_term_string"}}],"inLanguage":"es"},{"@type":"Organization","@id":"https:\/\/lospoliticosveracruz.com\/#organization","name":"Los pol\u00edticos Veracruz","url":"https:\/\/lospoliticosveracruz.com\/","logo":{"@type":"ImageObject","inLanguage":"es","@id":"https:\/\/lospoliticosveracruz.com\/#\/schema\/logo\/image\/","url":"https:\/\/lospoliticosveracruz.com\/wp-content\/uploads\/2025\/12\/Logo-Nuevo-LOS-POLITICOS-1.jpg","contentUrl":"https:\/\/lospoliticosveracruz.com\/wp-content\/uploads\/2025\/12\/Logo-Nuevo-LOS-POLITICOS-1.jpg","width":260,"height":70,"caption":"Los pol\u00edticos Veracruz"},"image":{"@id":"https:\/\/lospoliticosveracruz.com\/#\/schema\/logo\/image\/"},"sameAs":["https:\/\/www.facebook.com\/people\/Notimemes-de-los-Polticos\/61565672886568\/","https:\/\/x.com\/LosPoliticosVer"]},{"@type":"Person","@id":"https:\/\/lospoliticosveracruz.com\/#\/schema\/person\/b8702bb0e538456e6efd07080bf2a4a2","name":"Lo viste en Los Pol\u00edticos","image":{"@type":"ImageObject","inLanguage":"es","@id":"https:\/\/secure.gravatar.com\/avatar\/3a8de04a2656d44082be478bd6c086daa447c4651605818287b9532d3d0bd435?s=96&d=mm&r=g","url":"https:\/\/secure.gravatar.com\/avatar\/3a8de04a2656d44082be478bd6c086daa447c4651605818287b9532d3d0bd435?s=96&d=mm&r=g","contentUrl":"https:\/\/secure.gravatar.com\/avatar\/3a8de04a2656d44082be478bd6c086daa447c4651605818287b9532d3d0bd435?s=96&d=mm&r=g","caption":"Lo viste en Los Pol\u00edticos"},"url":"https:\/\/lospoliticosveracruz.com\/?author=2"}]}},"_links":{"self":[{"href":"https:\/\/lospoliticosveracruz.com\/index.php?rest_route=\/wp\/v2\/posts\/146733","targetHints":{"allow":["GET"]}}],"collection":[{"href":"https:\/\/lospoliticosveracruz.com\/index.php?rest_route=\/wp\/v2\/posts"}],"about":[{"href":"https:\/\/lospoliticosveracruz.com\/index.php?rest_route=\/wp\/v2\/types\/post"}],"author":[{"embeddable":true,"href":"https:\/\/lospoliticosveracruz.com\/index.php?rest_route=\/wp\/v2\/users\/2"}],"replies":[{"embeddable":true,"href":"https:\/\/lospoliticosveracruz.com\/index.php?rest_route=%2Fwp%2Fv2%2Fcomments&post=146733"}],"version-history":[{"count":1,"href":"https:\/\/lospoliticosveracruz.com\/index.php?rest_route=\/wp\/v2\/posts\/146733\/revisions"}],"predecessor-version":[{"id":146734,"href":"https:\/\/lospoliticosveracruz.com\/index.php?rest_route=\/wp\/v2\/posts\/146733\/revisions\/146734"}],"wp:featuredmedia":[{"embeddable":true,"href":"https:\/\/lospoliticosveracruz.com\/index.php?rest_route=\/wp\/v2\/media\/141479"}],"wp:attachment":[{"href":"https:\/\/lospoliticosveracruz.com\/index.php?rest_route=%2Fwp%2Fv2%2Fmedia&parent=146733"}],"wp:term":[{"taxonomy":"category","embeddable":true,"href":"https:\/\/lospoliticosveracruz.com\/index.php?rest_route=%2Fwp%2Fv2%2Fcategories&post=146733"},{"taxonomy":"post_tag","embeddable":true,"href":"https:\/\/lospoliticosveracruz.com\/index.php?rest_route=%2Fwp%2Fv2%2Ftags&post=146733"}],"curies":[{"name":"wp","href":"https:\/\/api.w.org\/{rel}","templated":true}]}}