{"id":146735,"date":"2025-06-09T11:21:41","date_gmt":"2025-06-09T16:21:41","guid":{"rendered":"https:\/\/lospoliticosveracruz.com.mx\/?p=146735"},"modified":"2025-06-09T11:21:49","modified_gmt":"2025-06-09T16:21:49","slug":"fallaron-los-operadores","status":"publish","type":"post","link":"https:\/\/lospoliticosveracruz.com\/?p=146735","title":{"rendered":"FALLARON LOS OPERADORES"},"content":{"rendered":"\n\n\n<p><\/p>\n\n\n\n<p><strong>Oved Contreras<br><\/strong><em>Secas Mecas<\/em><\/p>\n\n\n\n<p>No le salieron las cosas a la gobernadora Roc\u00edo Nahle: sus operadores no pudieron revertir la elecci\u00f3n municipal de Poza Rica que tras el recuento, se qued\u00f3 en manos de Movimiento Ciudadano y por el mismo camino va Papantla, que tambi\u00e9n era objetivo prioritario en las elecciones municipales.<\/p>\n\n\n\n<p>Desde una oficina penthouse en Boca del R\u00edo, donde dicen que la t\u00eda Ch\u00edo opera m\u00e1s que en Casa Veracruz, se monitorea el fin de semana completo sobre los resultados electorales y el nuevo mapa pol\u00edtico del estado y all\u00ed est\u00e1n todos los duartistas reciclados, operando con manual viejo\u2026se les olvida que hoy hay ojos por todos lados, c\u00e1maras, redes, sistemas de informaci\u00f3n que exhiben cada intentona por voltear la voluntad ciudadana.<\/p>\n\n\n\n<p>La operaci\u00f3n lleva la marca de R\u00edo Grande y la mano del hermano Arturo, un operador en la sombra. El fraude se cocina desde adentro, con priistas que operan a favor de Morena pero ni con los viejos manuales pudieron contra el voto popular.<\/p>\n\n\n\n<p>Tras un largo y tenso c\u00f3mputo municipal, Emilio Olvera se consolida como el ganador de la contienda en Poza Rica. Este domingo concluy\u00f3 la sesi\u00f3n del c\u00f3mputo de la elecci\u00f3n de Poza Rica que le dio el triunfo al candidato del Movimiento Ciudadano (MC), con 15 mil 384 votos, aunque mil 168 sufragios menos de los 16 mil 552 que report\u00f3 el PREP-<\/p>\n\n\n\n<p>Pese a la implementaci\u00f3n de una operaci\u00f3n para anular votos a favor de Movimiento Ciudadano, atribuida a representantes de Morena, y frente a una evidente parcialidad del \u00f3rgano electoral local, el resultado favoreci\u00f3 a Olvera. Movimiento Ciudadano denunci\u00f3 patrones sistem\u00e1ticos en la anulaci\u00f3n de boletas y empaques abiertos en los paquetes electorales, lo que encendi\u00f3 las alarmas durante el proceso de revisi\u00f3n.<\/p>\n\n\n\n<p>Los operadores morenistas pusieron en marcha la \u00abOperaci\u00f3n Doble Tacha\u00bb, una estrategia de manipulaci\u00f3n para anularle votos de su partido con un patr\u00f3n sospechosamente repetido: marcar tambi\u00e9n al Partido Verde lo que autom\u00e1ticamente las convierte en inv\u00e1lidas. Tambi\u00e9n se reportaron paquetes electorales entregados en bolsas abiertas, sin los sellos de seguridad, abriendo la puerta a la sospecha de manipulaci\u00f3n directa del material electoral.<\/p>\n\n\n\n<p>No fue suficiente. Aunque perdi\u00f3 votos en el recuento efectuado, Emilio Olvera de Movimiento Ciudadano gan\u00f3 la alcald\u00eda de Poza Rica por un margen de 500 votos sobre la morenista contra la morenista Adanely Rodr\u00edguez quien log\u00f3 recuperar 808 votos en el recuento pero no le alcanz\u00f3 para darle la vuelta al resultado.<\/p>\n\n\n\n<p>F<strong>RAUDE GROTESCO\u2026<\/strong>La tensi\u00f3n electoral en el municipio de Poza Rica escal\u00f3 a nivel nacional, luego de que Jorge \u00c1lvarez M\u00e1ynez, coordinador nacional de Movimiento Ciudadano, denunci\u00f3 p\u00fablicamente que durante el c\u00f3mputo oficial de votos en el Consejo General del OPLE, paquetes electorales fueron violentados y boletas alteradas, con la intenci\u00f3n de revertir el triunfo de su candidato, Emilio Olvera.<\/p>\n\n\n\n<p>A trav\u00e9s de redes sociales, M\u00e1ynez se\u00f1al\u00f3 directamente a Morena como responsable de un intento de fraude electoral: \u201cEn Poza Rica, Morena es gobierno federal, estatal y municipal. Tienen todos los recursos y todos los programas\u201d, escribi\u00f3\u2026 el PREP cerr\u00f3 con una ventaja de 5 puntos para Movimiento Ciudadano, pero al iniciar el recuento oficial, \u201creventaron los c\u00f3mputos\u201d, acus\u00f3 el dirigente.<\/p>\n\n\n\n<p>Despu\u00e9s de reventar el conteo en Poza Rica, y con los paquetes abiertos, acus\u00f3 que s\u00fabitamente aparecen decenas de votos nulos que est\u00e1n marcados por Movimiento Ciudadano y otros partidos\u2026Lo que est\u00e1 haciendo Morena en Veracruz tiene un nombre: FRAUDE y traici\u00f3n a la democracia, denunci\u00f3 \u00c1lvarez Maynez en sus redes sociales.<\/p>\n\n\n\n<p>Los representantes de Morena ante el OPLE se ofendieron que el dirigente emecista exhibiera en videos lo que estaban haciendo en el recuento de votos, pero no dijeron nada del descarado intento de fraude que pretendieron realizar para revertir la elecci\u00f3n. Ahora dicen que se van a tribunales\u2026lo que no ganaron en las urnas, ahora dicen que lo van a ganar en la mesa.<\/p>\n\n\n\n<p><strong>ACOSO LABORAL EN UV\u2026<\/strong>se difunde en redes sociales una carta donde se denuncia que existe acoso laboral en la Direcci\u00f3n de Comunicaci\u00f3n de la UV, a cargo de la titular Norma Trujillo\u2026acusan que en dicho departamento siempre ha existido el pretexto de no existir recursos para mejorar las condiciones laborales y mucho menos las salariales del personal que ah\u00ed labora, pero durante esta administraci\u00f3n ha sido m\u00e1s evidente que una cosa es \u201cno haber\u201d y otra es \u201cno querer\u201d.<\/p>\n\n\n\n<p>Refieren que la flamante directora Norma Trujillo hace tres meses contrat\u00f3 a un par de elementos que lleva consigo a todas las giras del \u201crectorcito\u201d, como le llaman todos en la universidad y no por cari\u00f1o, sino por su diminutiva o nula capacidad, siendo esto una falta de respeto para el personal del Departamento de Prensa, pues existen empleados para desempe\u00f1ar estas actividades, con mucho oficio y talento y esto es una muestra de que algo esconden y por ello, hasta les ha prohibido tener comunicaci\u00f3n con las dem\u00e1s personas del departamento, incluso les acondicion\u00f3 un lugar en donde antes estaba su asistente a quien por cierto despidi\u00f3 hace dos a\u00f1os sin motivos sustanciosos.<\/p>\n\n\n\n<p>Tocando el tema de los despidos, tambi\u00e9n se la quiso hacer a un fot\u00f3grafo del Departamento, a quien no le quer\u00eda renovar su contrato, hasta que tuvo que intervenir un abogado, no sin antes perjudicar su bolsillo con una quincena que no le pagaron. \u00bfSer\u00e1 que acaso ya ten\u00edan destinado ese lugar para el novio de la Directora de Medios de Comunicaci\u00f3n, Susana Castillo Lagos, un fot\u00f3grafo que estaba desempleado? El mentado fot\u00f3grafo corrido es el hijo del ex auditor del Orfis, Lorenzo Antonio Portilla. Al chamaco lo meti\u00f3 el pap\u00e1 all\u00ed porque le gusta la foto y a do\u00f1a Normis se le hizo f\u00e1cil llegar a correrlo para meter a sus amigos.<\/p>\n\n\n\n<p>Para variar, al personal eventual cada vez que les toca renovar contrato se las hace cansada y a algunos hasta se les ha llegado a mencionar que no se olviden de su condici\u00f3n de personal eventual, que a decir de ella no tienen derecho a nada, esto mismo la jefa de prensa Claudia Peralta se lo mencion\u00f3 a una persona, s\u00f3lo porque solicit\u00f3 pago de horas extras por trabajar fuera de su horario, ya que las flamantes jefas creen que son due\u00f1as del tiempo de todo el personal y pueden disponer a la hora que se les antoje. \u00a1Vaya que le ha aprendido muy bien a esa se\u00f1ora! La se\u00f1ora Norma Trujillo tampoco puede cambiar el horario de las personas a su antojo, ha querido que el personal asista a trabajar fuera de su horario y sin querer pagarles horas extras, con el argumento de que ellos no tienen ese derecho y que tiene que hacer m\u00e9ritos para conservar su trabajo.<\/p>\n","protected":false},"excerpt":{"rendered":"<p>Oved ContrerasSecas Mecas No le salieron las cosas a la gobernadora Roc\u00edo Nahle: sus operadores no pudieron revertir la elecci\u00f3n municipal de Poza Rica que tras el recuento, se qued\u00f3 en manos de Movimiento Ciudadano y por el mismo camino va Papantla, que tambi\u00e9n era objetivo prioritario en las elecciones municipales. Desde una oficina penthouse [&hellip;]<\/p>\n","protected":false},"author":2,"featured_media":141426,"comment_status":"closed","ping_status":"closed","sticky":false,"template":"","format":"standard","meta":{"tdm_status":"","tdm_grid_status":"","footnotes":""},"categories":[70],"tags":[43364,2327,1267,3578],"class_list":{"0":"post-146735","1":"post","2":"type-post","3":"status-publish","4":"format-standard","5":"has-post-thumbnail","7":"category-de-opinion","8":"tag-emilio-olvera","9":"tag-movimiento-ciudadano","10":"tag-poza-rica","11":"tag-rocio-nahle"},"yoast_head":"<!-- This site is optimized with the Yoast SEO plugin v27.4 - https:\/\/yoast.com\/product\/yoast-seo-wordpress\/ -->\n<title>FALLARON LOS OPERADORES - Los pol\u00edticos Veracruz<\/title>\n<meta name=\"robots\" content=\"index, follow, max-snippet:-1, max-image-preview:large, max-video-preview:-1\" \/>\n<link rel=\"canonical\" href=\"https:\/\/lospoliticosveracruz.com\/?p=146735\" \/>\n<meta property=\"og:locale\" content=\"es_ES\" \/>\n<meta property=\"og:type\" content=\"article\" \/>\n<meta property=\"og:title\" content=\"FALLARON LOS OPERADORES - Los pol\u00edticos Veracruz\" \/>\n<meta property=\"og:description\" content=\"Oved ContrerasSecas Mecas No le salieron las cosas a la gobernadora Roc\u00edo Nahle: sus operadores no pudieron revertir la elecci\u00f3n municipal de Poza Rica que tras el recuento, se qued\u00f3 en manos de Movimiento Ciudadano y por el mismo camino va Papantla, que tambi\u00e9n era objetivo prioritario en las elecciones municipales. Desde una oficina penthouse [&hellip;]\" \/>\n<meta property=\"og:url\" content=\"https:\/\/lospoliticosveracruz.com\/?p=146735\" \/>\n<meta property=\"og:site_name\" content=\"Los pol\u00edticos Veracruz\" \/>\n<meta property=\"article:publisher\" content=\"https:\/\/www.facebook.com\/people\/Notimemes-de-los-Polticos\/61565672886568\/\" \/>\n<meta property=\"article:published_time\" content=\"2025-06-09T16:21:41+00:00\" \/>\n<meta property=\"article:modified_time\" content=\"2025-06-09T16:21:49+00:00\" \/>\n<meta property=\"og:image\" content=\"https:\/\/lospoliticosveracruz.com\/wp-content\/uploads\/2025\/04\/Oved-Contreras-e1768066319253.jpg\" \/>\n\t<meta property=\"og:image:width\" content=\"600\" \/>\n\t<meta property=\"og:image:height\" content=\"320\" \/>\n\t<meta property=\"og:image:type\" content=\"image\/jpeg\" \/>\n<meta name=\"author\" content=\"Lo viste en Los Pol\u00edticos\" \/>\n<meta name=\"twitter:card\" content=\"summary_large_image\" \/>\n<meta name=\"twitter:creator\" content=\"@LosPoliticosVer\" \/>\n<meta name=\"twitter:site\" content=\"@LosPoliticosVer\" \/>\n<meta name=\"twitter:label1\" content=\"Escrito por\" \/>\n\t<meta name=\"twitter:data1\" content=\"Lo viste en Los Pol\u00edticos\" \/>\n\t<meta name=\"twitter:label2\" content=\"Tiempo de lectura\" \/>\n\t<meta name=\"twitter:data2\" content=\"6 minutos\" \/>\n<script type=\"application\/ld+json\" class=\"yoast-schema-graph\">{\"@context\":\"https:\\\/\\\/schema.org\",\"@graph\":[{\"@type\":\"Article\",\"@id\":\"https:\\\/\\\/lospoliticosveracruz.com\\\/?p=146735#article\",\"isPartOf\":{\"@id\":\"https:\\\/\\\/lospoliticosveracruz.com\\\/?p=146735\"},\"author\":{\"name\":\"Lo viste en Los Pol\u00edticos\",\"@id\":\"https:\\\/\\\/lospoliticosveracruz.com\\\/#\\\/schema\\\/person\\\/b8702bb0e538456e6efd07080bf2a4a2\"},\"headline\":\"FALLARON LOS OPERADORES\",\"datePublished\":\"2025-06-09T16:21:41+00:00\",\"dateModified\":\"2025-06-09T16:21:49+00:00\",\"mainEntityOfPage\":{\"@id\":\"https:\\\/\\\/lospoliticosveracruz.com\\\/?p=146735\"},\"wordCount\":1183,\"publisher\":{\"@id\":\"https:\\\/\\\/lospoliticosveracruz.com\\\/#organization\"},\"image\":{\"@id\":\"https:\\\/\\\/lospoliticosveracruz.com\\\/?p=146735#primaryimage\"},\"thumbnailUrl\":\"https:\\\/\\\/lospoliticosveracruz.com\\\/wp-content\\\/uploads\\\/2025\\\/04\\\/Oved-Contreras-e1768066319253.jpg\",\"keywords\":[\"Emilio Olvera\",\"Movimiento Ciudadano\",\"Poza Rica\",\"Roc\u00edo Nahle\"],\"articleSection\":[\"De Opini\u00f3n\"],\"inLanguage\":\"es\"},{\"@type\":\"WebPage\",\"@id\":\"https:\\\/\\\/lospoliticosveracruz.com\\\/?p=146735\",\"url\":\"https:\\\/\\\/lospoliticosveracruz.com\\\/?p=146735\",\"name\":\"FALLARON LOS OPERADORES - Los pol\u00edticos Veracruz\",\"isPartOf\":{\"@id\":\"https:\\\/\\\/lospoliticosveracruz.com\\\/#website\"},\"primaryImageOfPage\":{\"@id\":\"https:\\\/\\\/lospoliticosveracruz.com\\\/?p=146735#primaryimage\"},\"image\":{\"@id\":\"https:\\\/\\\/lospoliticosveracruz.com\\\/?p=146735#primaryimage\"},\"thumbnailUrl\":\"https:\\\/\\\/lospoliticosveracruz.com\\\/wp-content\\\/uploads\\\/2025\\\/04\\\/Oved-Contreras-e1768066319253.jpg\",\"datePublished\":\"2025-06-09T16:21:41+00:00\",\"dateModified\":\"2025-06-09T16:21:49+00:00\",\"breadcrumb\":{\"@id\":\"https:\\\/\\\/lospoliticosveracruz.com\\\/?p=146735#breadcrumb\"},\"inLanguage\":\"es\",\"potentialAction\":[{\"@type\":\"ReadAction\",\"target\":[\"https:\\\/\\\/lospoliticosveracruz.com\\\/?p=146735\"]}]},{\"@type\":\"ImageObject\",\"inLanguage\":\"es\",\"@id\":\"https:\\\/\\\/lospoliticosveracruz.com\\\/?p=146735#primaryimage\",\"url\":\"https:\\\/\\\/lospoliticosveracruz.com\\\/wp-content\\\/uploads\\\/2025\\\/04\\\/Oved-Contreras-e1768066319253.jpg\",\"contentUrl\":\"https:\\\/\\\/lospoliticosveracruz.com\\\/wp-content\\\/uploads\\\/2025\\\/04\\\/Oved-Contreras-e1768066319253.jpg\",\"width\":600,\"height\":320},{\"@type\":\"BreadcrumbList\",\"@id\":\"https:\\\/\\\/lospoliticosveracruz.com\\\/?p=146735#breadcrumb\",\"itemListElement\":[{\"@type\":\"ListItem\",\"position\":1,\"name\":\"Portada\",\"item\":\"https:\\\/\\\/lospoliticosveracruz.com\\\/\"},{\"@type\":\"ListItem\",\"position\":2,\"name\":\"FALLARON LOS OPERADORES\"}]},{\"@type\":\"WebSite\",\"@id\":\"https:\\\/\\\/lospoliticosveracruz.com\\\/#website\",\"url\":\"https:\\\/\\\/lospoliticosveracruz.com\\\/\",\"name\":\"Los pol\u00edticos Veracruz\",\"description\":\"\",\"publisher\":{\"@id\":\"https:\\\/\\\/lospoliticosveracruz.com\\\/#organization\"},\"potentialAction\":[{\"@type\":\"SearchAction\",\"target\":{\"@type\":\"EntryPoint\",\"urlTemplate\":\"https:\\\/\\\/lospoliticosveracruz.com\\\/?s={search_term_string}\"},\"query-input\":{\"@type\":\"PropertyValueSpecification\",\"valueRequired\":true,\"valueName\":\"search_term_string\"}}],\"inLanguage\":\"es\"},{\"@type\":\"Organization\",\"@id\":\"https:\\\/\\\/lospoliticosveracruz.com\\\/#organization\",\"name\":\"Los pol\u00edticos Veracruz\",\"url\":\"https:\\\/\\\/lospoliticosveracruz.com\\\/\",\"logo\":{\"@type\":\"ImageObject\",\"inLanguage\":\"es\",\"@id\":\"https:\\\/\\\/lospoliticosveracruz.com\\\/#\\\/schema\\\/logo\\\/image\\\/\",\"url\":\"https:\\\/\\\/lospoliticosveracruz.com\\\/wp-content\\\/uploads\\\/2025\\\/12\\\/Logo-Nuevo-LOS-POLITICOS-1.jpg\",\"contentUrl\":\"https:\\\/\\\/lospoliticosveracruz.com\\\/wp-content\\\/uploads\\\/2025\\\/12\\\/Logo-Nuevo-LOS-POLITICOS-1.jpg\",\"width\":260,\"height\":70,\"caption\":\"Los pol\u00edticos Veracruz\"},\"image\":{\"@id\":\"https:\\\/\\\/lospoliticosveracruz.com\\\/#\\\/schema\\\/logo\\\/image\\\/\"},\"sameAs\":[\"https:\\\/\\\/www.facebook.com\\\/people\\\/Notimemes-de-los-Polticos\\\/61565672886568\\\/\",\"https:\\\/\\\/x.com\\\/LosPoliticosVer\"]},{\"@type\":\"Person\",\"@id\":\"https:\\\/\\\/lospoliticosveracruz.com\\\/#\\\/schema\\\/person\\\/b8702bb0e538456e6efd07080bf2a4a2\",\"name\":\"Lo viste en Los Pol\u00edticos\",\"image\":{\"@type\":\"ImageObject\",\"inLanguage\":\"es\",\"@id\":\"https:\\\/\\\/secure.gravatar.com\\\/avatar\\\/3a8de04a2656d44082be478bd6c086daa447c4651605818287b9532d3d0bd435?s=96&d=mm&r=g\",\"url\":\"https:\\\/\\\/secure.gravatar.com\\\/avatar\\\/3a8de04a2656d44082be478bd6c086daa447c4651605818287b9532d3d0bd435?s=96&d=mm&r=g\",\"contentUrl\":\"https:\\\/\\\/secure.gravatar.com\\\/avatar\\\/3a8de04a2656d44082be478bd6c086daa447c4651605818287b9532d3d0bd435?s=96&d=mm&r=g\",\"caption\":\"Lo viste en Los Pol\u00edticos\"},\"url\":\"https:\\\/\\\/lospoliticosveracruz.com\\\/?author=2\"}]}<\/script>\n<!-- \/ Yoast SEO plugin. -->","yoast_head_json":{"title":"FALLARON LOS OPERADORES - Los pol\u00edticos Veracruz","robots":{"index":"index","follow":"follow","max-snippet":"max-snippet:-1","max-image-preview":"max-image-preview:large","max-video-preview":"max-video-preview:-1"},"canonical":"https:\/\/lospoliticosveracruz.com\/?p=146735","og_locale":"es_ES","og_type":"article","og_title":"FALLARON LOS OPERADORES - Los pol\u00edticos Veracruz","og_description":"Oved ContrerasSecas Mecas No le salieron las cosas a la gobernadora Roc\u00edo Nahle: sus operadores no pudieron revertir la elecci\u00f3n municipal de Poza Rica que tras el recuento, se qued\u00f3 en manos de Movimiento Ciudadano y por el mismo camino va Papantla, que tambi\u00e9n era objetivo prioritario en las elecciones municipales. Desde una oficina penthouse [&hellip;]","og_url":"https:\/\/lospoliticosveracruz.com\/?p=146735","og_site_name":"Los pol\u00edticos Veracruz","article_publisher":"https:\/\/www.facebook.com\/people\/Notimemes-de-los-Polticos\/61565672886568\/","article_published_time":"2025-06-09T16:21:41+00:00","article_modified_time":"2025-06-09T16:21:49+00:00","og_image":[{"width":600,"height":320,"url":"https:\/\/lospoliticosveracruz.com\/wp-content\/uploads\/2025\/04\/Oved-Contreras-e1768066319253.jpg","type":"image\/jpeg"}],"author":"Lo viste en Los Pol\u00edticos","twitter_card":"summary_large_image","twitter_creator":"@LosPoliticosVer","twitter_site":"@LosPoliticosVer","twitter_misc":{"Escrito por":"Lo viste en Los Pol\u00edticos","Tiempo de lectura":"6 minutos"},"schema":{"@context":"https:\/\/schema.org","@graph":[{"@type":"Article","@id":"https:\/\/lospoliticosveracruz.com\/?p=146735#article","isPartOf":{"@id":"https:\/\/lospoliticosveracruz.com\/?p=146735"},"author":{"name":"Lo viste en Los Pol\u00edticos","@id":"https:\/\/lospoliticosveracruz.com\/#\/schema\/person\/b8702bb0e538456e6efd07080bf2a4a2"},"headline":"FALLARON LOS OPERADORES","datePublished":"2025-06-09T16:21:41+00:00","dateModified":"2025-06-09T16:21:49+00:00","mainEntityOfPage":{"@id":"https:\/\/lospoliticosveracruz.com\/?p=146735"},"wordCount":1183,"publisher":{"@id":"https:\/\/lospoliticosveracruz.com\/#organization"},"image":{"@id":"https:\/\/lospoliticosveracruz.com\/?p=146735#primaryimage"},"thumbnailUrl":"https:\/\/lospoliticosveracruz.com\/wp-content\/uploads\/2025\/04\/Oved-Contreras-e1768066319253.jpg","keywords":["Emilio Olvera","Movimiento Ciudadano","Poza Rica","Roc\u00edo Nahle"],"articleSection":["De Opini\u00f3n"],"inLanguage":"es"},{"@type":"WebPage","@id":"https:\/\/lospoliticosveracruz.com\/?p=146735","url":"https:\/\/lospoliticosveracruz.com\/?p=146735","name":"FALLARON LOS OPERADORES - Los pol\u00edticos Veracruz","isPartOf":{"@id":"https:\/\/lospoliticosveracruz.com\/#website"},"primaryImageOfPage":{"@id":"https:\/\/lospoliticosveracruz.com\/?p=146735#primaryimage"},"image":{"@id":"https:\/\/lospoliticosveracruz.com\/?p=146735#primaryimage"},"thumbnailUrl":"https:\/\/lospoliticosveracruz.com\/wp-content\/uploads\/2025\/04\/Oved-Contreras-e1768066319253.jpg","datePublished":"2025-06-09T16:21:41+00:00","dateModified":"2025-06-09T16:21:49+00:00","breadcrumb":{"@id":"https:\/\/lospoliticosveracruz.com\/?p=146735#breadcrumb"},"inLanguage":"es","potentialAction":[{"@type":"ReadAction","target":["https:\/\/lospoliticosveracruz.com\/?p=146735"]}]},{"@type":"ImageObject","inLanguage":"es","@id":"https:\/\/lospoliticosveracruz.com\/?p=146735#primaryimage","url":"https:\/\/lospoliticosveracruz.com\/wp-content\/uploads\/2025\/04\/Oved-Contreras-e1768066319253.jpg","contentUrl":"https:\/\/lospoliticosveracruz.com\/wp-content\/uploads\/2025\/04\/Oved-Contreras-e1768066319253.jpg","width":600,"height":320},{"@type":"BreadcrumbList","@id":"https:\/\/lospoliticosveracruz.com\/?p=146735#breadcrumb","itemListElement":[{"@type":"ListItem","position":1,"name":"Portada","item":"https:\/\/lospoliticosveracruz.com\/"},{"@type":"ListItem","position":2,"name":"FALLARON LOS OPERADORES"}]},{"@type":"WebSite","@id":"https:\/\/lospoliticosveracruz.com\/#website","url":"https:\/\/lospoliticosveracruz.com\/","name":"Los pol\u00edticos Veracruz","description":"","publisher":{"@id":"https:\/\/lospoliticosveracruz.com\/#organization"},"potentialAction":[{"@type":"SearchAction","target":{"@type":"EntryPoint","urlTemplate":"https:\/\/lospoliticosveracruz.com\/?s={search_term_string}"},"query-input":{"@type":"PropertyValueSpecification","valueRequired":true,"valueName":"search_term_string"}}],"inLanguage":"es"},{"@type":"Organization","@id":"https:\/\/lospoliticosveracruz.com\/#organization","name":"Los pol\u00edticos Veracruz","url":"https:\/\/lospoliticosveracruz.com\/","logo":{"@type":"ImageObject","inLanguage":"es","@id":"https:\/\/lospoliticosveracruz.com\/#\/schema\/logo\/image\/","url":"https:\/\/lospoliticosveracruz.com\/wp-content\/uploads\/2025\/12\/Logo-Nuevo-LOS-POLITICOS-1.jpg","contentUrl":"https:\/\/lospoliticosveracruz.com\/wp-content\/uploads\/2025\/12\/Logo-Nuevo-LOS-POLITICOS-1.jpg","width":260,"height":70,"caption":"Los pol\u00edticos Veracruz"},"image":{"@id":"https:\/\/lospoliticosveracruz.com\/#\/schema\/logo\/image\/"},"sameAs":["https:\/\/www.facebook.com\/people\/Notimemes-de-los-Polticos\/61565672886568\/","https:\/\/x.com\/LosPoliticosVer"]},{"@type":"Person","@id":"https:\/\/lospoliticosveracruz.com\/#\/schema\/person\/b8702bb0e538456e6efd07080bf2a4a2","name":"Lo viste en Los Pol\u00edticos","image":{"@type":"ImageObject","inLanguage":"es","@id":"https:\/\/secure.gravatar.com\/avatar\/3a8de04a2656d44082be478bd6c086daa447c4651605818287b9532d3d0bd435?s=96&d=mm&r=g","url":"https:\/\/secure.gravatar.com\/avatar\/3a8de04a2656d44082be478bd6c086daa447c4651605818287b9532d3d0bd435?s=96&d=mm&r=g","contentUrl":"https:\/\/secure.gravatar.com\/avatar\/3a8de04a2656d44082be478bd6c086daa447c4651605818287b9532d3d0bd435?s=96&d=mm&r=g","caption":"Lo viste en Los Pol\u00edticos"},"url":"https:\/\/lospoliticosveracruz.com\/?author=2"}]}},"_links":{"self":[{"href":"https:\/\/lospoliticosveracruz.com\/index.php?rest_route=\/wp\/v2\/posts\/146735","targetHints":{"allow":["GET"]}}],"collection":[{"href":"https:\/\/lospoliticosveracruz.com\/index.php?rest_route=\/wp\/v2\/posts"}],"about":[{"href":"https:\/\/lospoliticosveracruz.com\/index.php?rest_route=\/wp\/v2\/types\/post"}],"author":[{"embeddable":true,"href":"https:\/\/lospoliticosveracruz.com\/index.php?rest_route=\/wp\/v2\/users\/2"}],"replies":[{"embeddable":true,"href":"https:\/\/lospoliticosveracruz.com\/index.php?rest_route=%2Fwp%2Fv2%2Fcomments&post=146735"}],"version-history":[{"count":2,"href":"https:\/\/lospoliticosveracruz.com\/index.php?rest_route=\/wp\/v2\/posts\/146735\/revisions"}],"predecessor-version":[{"id":146737,"href":"https:\/\/lospoliticosveracruz.com\/index.php?rest_route=\/wp\/v2\/posts\/146735\/revisions\/146737"}],"wp:featuredmedia":[{"embeddable":true,"href":"https:\/\/lospoliticosveracruz.com\/index.php?rest_route=\/wp\/v2\/media\/141426"}],"wp:attachment":[{"href":"https:\/\/lospoliticosveracruz.com\/index.php?rest_route=%2Fwp%2Fv2%2Fmedia&parent=146735"}],"wp:term":[{"taxonomy":"category","embeddable":true,"href":"https:\/\/lospoliticosveracruz.com\/index.php?rest_route=%2Fwp%2Fv2%2Fcategories&post=146735"},{"taxonomy":"post_tag","embeddable":true,"href":"https:\/\/lospoliticosveracruz.com\/index.php?rest_route=%2Fwp%2Fv2%2Ftags&post=146735"}],"curies":[{"name":"wp","href":"https:\/\/api.w.org\/{rel}","templated":true}]}}