{"id":146738,"date":"2025-06-09T11:28:19","date_gmt":"2025-06-09T16:28:19","guid":{"rendered":"https:\/\/lospoliticosveracruz.com.mx\/?p=146738"},"modified":"2025-06-09T11:28:25","modified_gmt":"2025-06-09T16:28:25","slug":"gracias-por-tanta-generosidad","status":"publish","type":"post","link":"https:\/\/lospoliticosveracruz.com\/?p=146738","title":{"rendered":"GRACIAS POR TANTA GENEROSIDAD!"},"content":{"rendered":"\n\n\n<p>La Unidad M\u00e9dica de Alta Especialidad (UMAE) Hospital de Especialidades (HE) No. 14, del Centro M\u00e9dico Nacional (CMN) \u201cAdolfo Ruiz Cortines\u201d, del Instituto Mexicano del Seguro Social (IMSS) en Veracruz Norte, particip\u00f3 en apoyo en una procuraci\u00f3n multiorg\u00e1nica realizada en el Hospital General de Zona (HGZ) No. 46, en Villahermosa, Tabasco.<\/p>\n\n\n\n<p>\u201cGracias a la generosidad de una familia donante, se obtuvieron dos ri\u00f1ones, los cuales beneficiar\u00e1n a pacientes en lista de espera para trasplante renal de esta unidad m\u00e9dica. Adem\u00e1s, los pulmones y el h\u00edgado fueron destinados a centros de trasplante en la Ciudad de M\u00e9xico y en el norte del pa\u00eds\u201d, inform\u00f3 el doctor Pedro Iv\u00e1n Moreno Ley, jefe de Trasplantes de la UMAE HE No. 14.<\/p>\n\n\n\n<p>La cirug\u00eda de procuraci\u00f3n se realiz\u00f3 en el Hospital General de Zona No. 46, en Villahermosa, Tabasco, iniciando a las 9:30 horas y concluyendo a las 14:00 horas, posteriormente, con el apoyo de la Coordinaci\u00f3n de Donaci\u00f3n y Trasplante de \u00d3rganos, Tejidos y C\u00e9lulas del IMSS, se llev\u00f3 a cabo el traslado del material org\u00e1nico a los diversos hospitales en los que se realizar\u00edan los trasplantes.<\/p>\n\n\n\n<p>\u201cEsta donaci\u00f3n representa una esperanza de vida para varios pacientes. Se realizaron las pruebas de compatibilidad necesarias y en breve se efectuaron los trasplantes\u201d, destac\u00f3 el especialista.<\/p>\n\n\n\n<p>El IMSS en Veracruz Norte agradece profundamente a las familias que, en momentos dif\u00edciles, deciden donar \u00f3rganos, brindando as\u00ed una nueva oportunidad de vida a personas que lo necesitan.<\/p>\n\n\n\n<p>Para ser donador voluntario de \u00f3rganos y tejidos, cualquier persona interesada puede consultar la p\u00e1gina del Centro Nacional de Trasplantes: <a href=\"https:\/\/www.gob.mx\/cenatra\">https:\/\/www.gob.mx\/cenatra<\/a> o visitar la p\u00e1gina del IMSS en la liga: <a href=\"http:\/\/www.imss.gob.mx\/salud-en-linea\/donacion-organos\">http:\/\/www.imss.gob.mx\/salud-en-linea\/donacion-organos<\/a>.<\/p>\n","protected":false},"excerpt":{"rendered":"<p>La Unidad M\u00e9dica de Alta Especialidad (UMAE) Hospital de Especialidades (HE) No. 14, del Centro M\u00e9dico Nacional (CMN) \u201cAdolfo Ruiz Cortines\u201d, del Instituto Mexicano del Seguro Social (IMSS) en Veracruz Norte, particip\u00f3 en apoyo en una procuraci\u00f3n multiorg\u00e1nica realizada en el Hospital General de Zona (HGZ) No. 46, en Villahermosa, Tabasco. \u201cGracias a la generosidad [&hellip;]<\/p>\n","protected":false},"author":2,"featured_media":146739,"comment_status":"closed","ping_status":"closed","sticky":false,"template":"","format":"standard","meta":{"tdm_status":"","tdm_grid_status":"","footnotes":""},"categories":[73],"tags":[44080,1208,19221],"class_list":{"0":"post-146738","1":"post","2":"type-post","3":"status-publish","4":"format-standard","5":"has-post-thumbnail","7":"category-de-boleto","8":"tag-hospital-de-especialidades","9":"tag-imss","10":"tag-unidad-medica-de-alta-especialidad"},"yoast_head":"<!-- This site is optimized with the Yoast SEO plugin v27.4 - https:\/\/yoast.com\/product\/yoast-seo-wordpress\/ -->\n<title>GRACIAS POR TANTA GENEROSIDAD! - Los pol\u00edticos Veracruz<\/title>\n<meta name=\"robots\" content=\"index, follow, max-snippet:-1, max-image-preview:large, max-video-preview:-1\" \/>\n<link rel=\"canonical\" href=\"https:\/\/lospoliticosveracruz.com\/?p=146738\" \/>\n<meta property=\"og:locale\" content=\"es_ES\" \/>\n<meta property=\"og:type\" content=\"article\" \/>\n<meta property=\"og:title\" content=\"GRACIAS POR TANTA GENEROSIDAD! - Los pol\u00edticos Veracruz\" \/>\n<meta property=\"og:description\" content=\"La Unidad M\u00e9dica de Alta Especialidad (UMAE) Hospital de Especialidades (HE) No. 14, del Centro M\u00e9dico Nacional (CMN) \u201cAdolfo Ruiz Cortines\u201d, del Instituto Mexicano del Seguro Social (IMSS) en Veracruz Norte, particip\u00f3 en apoyo en una procuraci\u00f3n multiorg\u00e1nica realizada en el Hospital General de Zona (HGZ) No. 46, en Villahermosa, Tabasco. \u201cGracias a la generosidad [&hellip;]\" \/>\n<meta property=\"og:url\" content=\"https:\/\/lospoliticosveracruz.com\/?p=146738\" \/>\n<meta property=\"og:site_name\" content=\"Los pol\u00edticos Veracruz\" \/>\n<meta property=\"article:publisher\" content=\"https:\/\/www.facebook.com\/people\/Notimemes-de-los-Polticos\/61565672886568\/\" \/>\n<meta property=\"article:published_time\" content=\"2025-06-09T16:28:19+00:00\" \/>\n<meta property=\"article:modified_time\" content=\"2025-06-09T16:28:25+00:00\" \/>\n<meta property=\"og:image\" content=\"https:\/\/lospoliticosveracruz.com\/wp-content\/uploads\/2025\/06\/WhatsApp-Image-2025-06-09-at-10.26.08.jpeg\" \/>\n\t<meta property=\"og:image:width\" content=\"600\" \/>\n\t<meta property=\"og:image:height\" content=\"320\" \/>\n\t<meta property=\"og:image:type\" content=\"image\/jpeg\" \/>\n<meta name=\"author\" content=\"Lo viste en Los Pol\u00edticos\" \/>\n<meta name=\"twitter:card\" content=\"summary_large_image\" \/>\n<meta name=\"twitter:creator\" content=\"@LosPoliticosVer\" \/>\n<meta name=\"twitter:site\" content=\"@LosPoliticosVer\" \/>\n<meta name=\"twitter:label1\" content=\"Escrito por\" \/>\n\t<meta name=\"twitter:data1\" content=\"Lo viste en Los Pol\u00edticos\" \/>\n\t<meta name=\"twitter:label2\" content=\"Tiempo de lectura\" \/>\n\t<meta name=\"twitter:data2\" content=\"1 minuto\" \/>\n<script type=\"application\/ld+json\" class=\"yoast-schema-graph\">{\"@context\":\"https:\\\/\\\/schema.org\",\"@graph\":[{\"@type\":\"Article\",\"@id\":\"https:\\\/\\\/lospoliticosveracruz.com\\\/?p=146738#article\",\"isPartOf\":{\"@id\":\"https:\\\/\\\/lospoliticosveracruz.com\\\/?p=146738\"},\"author\":{\"name\":\"Lo viste en Los Pol\u00edticos\",\"@id\":\"https:\\\/\\\/lospoliticosveracruz.com\\\/#\\\/schema\\\/person\\\/b8702bb0e538456e6efd07080bf2a4a2\"},\"headline\":\"GRACIAS POR TANTA GENEROSIDAD!\",\"datePublished\":\"2025-06-09T16:28:19+00:00\",\"dateModified\":\"2025-06-09T16:28:25+00:00\",\"mainEntityOfPage\":{\"@id\":\"https:\\\/\\\/lospoliticosveracruz.com\\\/?p=146738\"},\"wordCount\":302,\"publisher\":{\"@id\":\"https:\\\/\\\/lospoliticosveracruz.com\\\/#organization\"},\"image\":{\"@id\":\"https:\\\/\\\/lospoliticosveracruz.com\\\/?p=146738#primaryimage\"},\"thumbnailUrl\":\"https:\\\/\\\/lospoliticosveracruz.com\\\/wp-content\\\/uploads\\\/2025\\\/06\\\/WhatsApp-Image-2025-06-09-at-10.26.08.jpeg\",\"keywords\":[\"Hospital de Especialidades\",\"IMSS\",\"Unidad M\u00e9dica de Alta Especialidad\"],\"articleSection\":[\"De Boleto\"],\"inLanguage\":\"es\"},{\"@type\":\"WebPage\",\"@id\":\"https:\\\/\\\/lospoliticosveracruz.com\\\/?p=146738\",\"url\":\"https:\\\/\\\/lospoliticosveracruz.com\\\/?p=146738\",\"name\":\"GRACIAS POR TANTA GENEROSIDAD! - Los pol\u00edticos Veracruz\",\"isPartOf\":{\"@id\":\"https:\\\/\\\/lospoliticosveracruz.com\\\/#website\"},\"primaryImageOfPage\":{\"@id\":\"https:\\\/\\\/lospoliticosveracruz.com\\\/?p=146738#primaryimage\"},\"image\":{\"@id\":\"https:\\\/\\\/lospoliticosveracruz.com\\\/?p=146738#primaryimage\"},\"thumbnailUrl\":\"https:\\\/\\\/lospoliticosveracruz.com\\\/wp-content\\\/uploads\\\/2025\\\/06\\\/WhatsApp-Image-2025-06-09-at-10.26.08.jpeg\",\"datePublished\":\"2025-06-09T16:28:19+00:00\",\"dateModified\":\"2025-06-09T16:28:25+00:00\",\"breadcrumb\":{\"@id\":\"https:\\\/\\\/lospoliticosveracruz.com\\\/?p=146738#breadcrumb\"},\"inLanguage\":\"es\",\"potentialAction\":[{\"@type\":\"ReadAction\",\"target\":[\"https:\\\/\\\/lospoliticosveracruz.com\\\/?p=146738\"]}]},{\"@type\":\"ImageObject\",\"inLanguage\":\"es\",\"@id\":\"https:\\\/\\\/lospoliticosveracruz.com\\\/?p=146738#primaryimage\",\"url\":\"https:\\\/\\\/lospoliticosveracruz.com\\\/wp-content\\\/uploads\\\/2025\\\/06\\\/WhatsApp-Image-2025-06-09-at-10.26.08.jpeg\",\"contentUrl\":\"https:\\\/\\\/lospoliticosveracruz.com\\\/wp-content\\\/uploads\\\/2025\\\/06\\\/WhatsApp-Image-2025-06-09-at-10.26.08.jpeg\",\"width\":600,\"height\":320},{\"@type\":\"BreadcrumbList\",\"@id\":\"https:\\\/\\\/lospoliticosveracruz.com\\\/?p=146738#breadcrumb\",\"itemListElement\":[{\"@type\":\"ListItem\",\"position\":1,\"name\":\"Portada\",\"item\":\"https:\\\/\\\/lospoliticosveracruz.com\\\/\"},{\"@type\":\"ListItem\",\"position\":2,\"name\":\"GRACIAS POR TANTA GENEROSIDAD!\"}]},{\"@type\":\"WebSite\",\"@id\":\"https:\\\/\\\/lospoliticosveracruz.com\\\/#website\",\"url\":\"https:\\\/\\\/lospoliticosveracruz.com\\\/\",\"name\":\"Los pol\u00edticos Veracruz\",\"description\":\"\",\"publisher\":{\"@id\":\"https:\\\/\\\/lospoliticosveracruz.com\\\/#organization\"},\"potentialAction\":[{\"@type\":\"SearchAction\",\"target\":{\"@type\":\"EntryPoint\",\"urlTemplate\":\"https:\\\/\\\/lospoliticosveracruz.com\\\/?s={search_term_string}\"},\"query-input\":{\"@type\":\"PropertyValueSpecification\",\"valueRequired\":true,\"valueName\":\"search_term_string\"}}],\"inLanguage\":\"es\"},{\"@type\":\"Organization\",\"@id\":\"https:\\\/\\\/lospoliticosveracruz.com\\\/#organization\",\"name\":\"Los pol\u00edticos Veracruz\",\"url\":\"https:\\\/\\\/lospoliticosveracruz.com\\\/\",\"logo\":{\"@type\":\"ImageObject\",\"inLanguage\":\"es\",\"@id\":\"https:\\\/\\\/lospoliticosveracruz.com\\\/#\\\/schema\\\/logo\\\/image\\\/\",\"url\":\"https:\\\/\\\/lospoliticosveracruz.com\\\/wp-content\\\/uploads\\\/2025\\\/12\\\/Logo-Nuevo-LOS-POLITICOS-1.jpg\",\"contentUrl\":\"https:\\\/\\\/lospoliticosveracruz.com\\\/wp-content\\\/uploads\\\/2025\\\/12\\\/Logo-Nuevo-LOS-POLITICOS-1.jpg\",\"width\":260,\"height\":70,\"caption\":\"Los pol\u00edticos Veracruz\"},\"image\":{\"@id\":\"https:\\\/\\\/lospoliticosveracruz.com\\\/#\\\/schema\\\/logo\\\/image\\\/\"},\"sameAs\":[\"https:\\\/\\\/www.facebook.com\\\/people\\\/Notimemes-de-los-Polticos\\\/61565672886568\\\/\",\"https:\\\/\\\/x.com\\\/LosPoliticosVer\"]},{\"@type\":\"Person\",\"@id\":\"https:\\\/\\\/lospoliticosveracruz.com\\\/#\\\/schema\\\/person\\\/b8702bb0e538456e6efd07080bf2a4a2\",\"name\":\"Lo viste en Los Pol\u00edticos\",\"image\":{\"@type\":\"ImageObject\",\"inLanguage\":\"es\",\"@id\":\"https:\\\/\\\/secure.gravatar.com\\\/avatar\\\/3a8de04a2656d44082be478bd6c086daa447c4651605818287b9532d3d0bd435?s=96&d=mm&r=g\",\"url\":\"https:\\\/\\\/secure.gravatar.com\\\/avatar\\\/3a8de04a2656d44082be478bd6c086daa447c4651605818287b9532d3d0bd435?s=96&d=mm&r=g\",\"contentUrl\":\"https:\\\/\\\/secure.gravatar.com\\\/avatar\\\/3a8de04a2656d44082be478bd6c086daa447c4651605818287b9532d3d0bd435?s=96&d=mm&r=g\",\"caption\":\"Lo viste en Los Pol\u00edticos\"},\"url\":\"https:\\\/\\\/lospoliticosveracruz.com\\\/?author=2\"}]}<\/script>\n<!-- \/ Yoast SEO plugin. -->","yoast_head_json":{"title":"GRACIAS POR TANTA GENEROSIDAD! - Los pol\u00edticos Veracruz","robots":{"index":"index","follow":"follow","max-snippet":"max-snippet:-1","max-image-preview":"max-image-preview:large","max-video-preview":"max-video-preview:-1"},"canonical":"https:\/\/lospoliticosveracruz.com\/?p=146738","og_locale":"es_ES","og_type":"article","og_title":"GRACIAS POR TANTA GENEROSIDAD! - Los pol\u00edticos Veracruz","og_description":"La Unidad M\u00e9dica de Alta Especialidad (UMAE) Hospital de Especialidades (HE) No. 14, del Centro M\u00e9dico Nacional (CMN) \u201cAdolfo Ruiz Cortines\u201d, del Instituto Mexicano del Seguro Social (IMSS) en Veracruz Norte, particip\u00f3 en apoyo en una procuraci\u00f3n multiorg\u00e1nica realizada en el Hospital General de Zona (HGZ) No. 46, en Villahermosa, Tabasco. \u201cGracias a la generosidad [&hellip;]","og_url":"https:\/\/lospoliticosveracruz.com\/?p=146738","og_site_name":"Los pol\u00edticos Veracruz","article_publisher":"https:\/\/www.facebook.com\/people\/Notimemes-de-los-Polticos\/61565672886568\/","article_published_time":"2025-06-09T16:28:19+00:00","article_modified_time":"2025-06-09T16:28:25+00:00","og_image":[{"width":600,"height":320,"url":"https:\/\/lospoliticosveracruz.com\/wp-content\/uploads\/2025\/06\/WhatsApp-Image-2025-06-09-at-10.26.08.jpeg","type":"image\/jpeg"}],"author":"Lo viste en Los Pol\u00edticos","twitter_card":"summary_large_image","twitter_creator":"@LosPoliticosVer","twitter_site":"@LosPoliticosVer","twitter_misc":{"Escrito por":"Lo viste en Los Pol\u00edticos","Tiempo de lectura":"1 minuto"},"schema":{"@context":"https:\/\/schema.org","@graph":[{"@type":"Article","@id":"https:\/\/lospoliticosveracruz.com\/?p=146738#article","isPartOf":{"@id":"https:\/\/lospoliticosveracruz.com\/?p=146738"},"author":{"name":"Lo viste en Los Pol\u00edticos","@id":"https:\/\/lospoliticosveracruz.com\/#\/schema\/person\/b8702bb0e538456e6efd07080bf2a4a2"},"headline":"GRACIAS POR TANTA GENEROSIDAD!","datePublished":"2025-06-09T16:28:19+00:00","dateModified":"2025-06-09T16:28:25+00:00","mainEntityOfPage":{"@id":"https:\/\/lospoliticosveracruz.com\/?p=146738"},"wordCount":302,"publisher":{"@id":"https:\/\/lospoliticosveracruz.com\/#organization"},"image":{"@id":"https:\/\/lospoliticosveracruz.com\/?p=146738#primaryimage"},"thumbnailUrl":"https:\/\/lospoliticosveracruz.com\/wp-content\/uploads\/2025\/06\/WhatsApp-Image-2025-06-09-at-10.26.08.jpeg","keywords":["Hospital de Especialidades","IMSS","Unidad M\u00e9dica de Alta Especialidad"],"articleSection":["De Boleto"],"inLanguage":"es"},{"@type":"WebPage","@id":"https:\/\/lospoliticosveracruz.com\/?p=146738","url":"https:\/\/lospoliticosveracruz.com\/?p=146738","name":"GRACIAS POR TANTA GENEROSIDAD! - Los pol\u00edticos Veracruz","isPartOf":{"@id":"https:\/\/lospoliticosveracruz.com\/#website"},"primaryImageOfPage":{"@id":"https:\/\/lospoliticosveracruz.com\/?p=146738#primaryimage"},"image":{"@id":"https:\/\/lospoliticosveracruz.com\/?p=146738#primaryimage"},"thumbnailUrl":"https:\/\/lospoliticosveracruz.com\/wp-content\/uploads\/2025\/06\/WhatsApp-Image-2025-06-09-at-10.26.08.jpeg","datePublished":"2025-06-09T16:28:19+00:00","dateModified":"2025-06-09T16:28:25+00:00","breadcrumb":{"@id":"https:\/\/lospoliticosveracruz.com\/?p=146738#breadcrumb"},"inLanguage":"es","potentialAction":[{"@type":"ReadAction","target":["https:\/\/lospoliticosveracruz.com\/?p=146738"]}]},{"@type":"ImageObject","inLanguage":"es","@id":"https:\/\/lospoliticosveracruz.com\/?p=146738#primaryimage","url":"https:\/\/lospoliticosveracruz.com\/wp-content\/uploads\/2025\/06\/WhatsApp-Image-2025-06-09-at-10.26.08.jpeg","contentUrl":"https:\/\/lospoliticosveracruz.com\/wp-content\/uploads\/2025\/06\/WhatsApp-Image-2025-06-09-at-10.26.08.jpeg","width":600,"height":320},{"@type":"BreadcrumbList","@id":"https:\/\/lospoliticosveracruz.com\/?p=146738#breadcrumb","itemListElement":[{"@type":"ListItem","position":1,"name":"Portada","item":"https:\/\/lospoliticosveracruz.com\/"},{"@type":"ListItem","position":2,"name":"GRACIAS POR TANTA GENEROSIDAD!"}]},{"@type":"WebSite","@id":"https:\/\/lospoliticosveracruz.com\/#website","url":"https:\/\/lospoliticosveracruz.com\/","name":"Los pol\u00edticos Veracruz","description":"","publisher":{"@id":"https:\/\/lospoliticosveracruz.com\/#organization"},"potentialAction":[{"@type":"SearchAction","target":{"@type":"EntryPoint","urlTemplate":"https:\/\/lospoliticosveracruz.com\/?s={search_term_string}"},"query-input":{"@type":"PropertyValueSpecification","valueRequired":true,"valueName":"search_term_string"}}],"inLanguage":"es"},{"@type":"Organization","@id":"https:\/\/lospoliticosveracruz.com\/#organization","name":"Los pol\u00edticos Veracruz","url":"https:\/\/lospoliticosveracruz.com\/","logo":{"@type":"ImageObject","inLanguage":"es","@id":"https:\/\/lospoliticosveracruz.com\/#\/schema\/logo\/image\/","url":"https:\/\/lospoliticosveracruz.com\/wp-content\/uploads\/2025\/12\/Logo-Nuevo-LOS-POLITICOS-1.jpg","contentUrl":"https:\/\/lospoliticosveracruz.com\/wp-content\/uploads\/2025\/12\/Logo-Nuevo-LOS-POLITICOS-1.jpg","width":260,"height":70,"caption":"Los pol\u00edticos Veracruz"},"image":{"@id":"https:\/\/lospoliticosveracruz.com\/#\/schema\/logo\/image\/"},"sameAs":["https:\/\/www.facebook.com\/people\/Notimemes-de-los-Polticos\/61565672886568\/","https:\/\/x.com\/LosPoliticosVer"]},{"@type":"Person","@id":"https:\/\/lospoliticosveracruz.com\/#\/schema\/person\/b8702bb0e538456e6efd07080bf2a4a2","name":"Lo viste en Los Pol\u00edticos","image":{"@type":"ImageObject","inLanguage":"es","@id":"https:\/\/secure.gravatar.com\/avatar\/3a8de04a2656d44082be478bd6c086daa447c4651605818287b9532d3d0bd435?s=96&d=mm&r=g","url":"https:\/\/secure.gravatar.com\/avatar\/3a8de04a2656d44082be478bd6c086daa447c4651605818287b9532d3d0bd435?s=96&d=mm&r=g","contentUrl":"https:\/\/secure.gravatar.com\/avatar\/3a8de04a2656d44082be478bd6c086daa447c4651605818287b9532d3d0bd435?s=96&d=mm&r=g","caption":"Lo viste en Los Pol\u00edticos"},"url":"https:\/\/lospoliticosveracruz.com\/?author=2"}]}},"_links":{"self":[{"href":"https:\/\/lospoliticosveracruz.com\/index.php?rest_route=\/wp\/v2\/posts\/146738","targetHints":{"allow":["GET"]}}],"collection":[{"href":"https:\/\/lospoliticosveracruz.com\/index.php?rest_route=\/wp\/v2\/posts"}],"about":[{"href":"https:\/\/lospoliticosveracruz.com\/index.php?rest_route=\/wp\/v2\/types\/post"}],"author":[{"embeddable":true,"href":"https:\/\/lospoliticosveracruz.com\/index.php?rest_route=\/wp\/v2\/users\/2"}],"replies":[{"embeddable":true,"href":"https:\/\/lospoliticosveracruz.com\/index.php?rest_route=%2Fwp%2Fv2%2Fcomments&post=146738"}],"version-history":[{"count":1,"href":"https:\/\/lospoliticosveracruz.com\/index.php?rest_route=\/wp\/v2\/posts\/146738\/revisions"}],"predecessor-version":[{"id":146740,"href":"https:\/\/lospoliticosveracruz.com\/index.php?rest_route=\/wp\/v2\/posts\/146738\/revisions\/146740"}],"wp:featuredmedia":[{"embeddable":true,"href":"https:\/\/lospoliticosveracruz.com\/index.php?rest_route=\/wp\/v2\/media\/146739"}],"wp:attachment":[{"href":"https:\/\/lospoliticosveracruz.com\/index.php?rest_route=%2Fwp%2Fv2%2Fmedia&parent=146738"}],"wp:term":[{"taxonomy":"category","embeddable":true,"href":"https:\/\/lospoliticosveracruz.com\/index.php?rest_route=%2Fwp%2Fv2%2Fcategories&post=146738"},{"taxonomy":"post_tag","embeddable":true,"href":"https:\/\/lospoliticosveracruz.com\/index.php?rest_route=%2Fwp%2Fv2%2Ftags&post=146738"}],"curies":[{"name":"wp","href":"https:\/\/api.w.org\/{rel}","templated":true}]}}