{"id":146793,"date":"2025-06-10T07:13:18","date_gmt":"2025-06-10T12:13:18","guid":{"rendered":"https:\/\/lospoliticosveracruz.com.mx\/?p=146793"},"modified":"2025-06-10T07:13:30","modified_gmt":"2025-06-10T12:13:30","slug":"magistrado-balin","status":"publish","type":"post","link":"https:\/\/lospoliticosveracruz.com\/?p=146793","title":{"rendered":"MAGISTRADO BAL\u00cdN"},"content":{"rendered":"\n\n\n<p><br><strong>Fanny Y\u00e9pez<\/strong><br>La Columna<br>Hugo Aguilar Ortiz, quien actualmente es Coordinador General de Derechos Ind\u00edgenas del Instituto Nacional de los Pueblos Ind\u00edgenas, es Licenciado en Derecho por la Facultad de Derecho y Ciencias Sociales Universidad Aut\u00f3noma \u00abBenito Ju\u00e1rez de Oaxaca\u201d. Cuenta con una Maestr\u00eda en Derecho Constitucional por la facultad de Derecho y Ciencias Sociales de la Universidad Aut\u00f3noma \u00abBenito Ju\u00e1rez de Oaxaca\u00bb.<br>Sin embargo, nos encontramos con la sorpresa que el Nuevo Presidente de la Corte, elegido en t\u00f3mbola y por el 8.6% de los mexicanos, no est\u00e1 titulado como abogado. Argumenta que su t\u00edtulo NO lo ha tramitado y que su maestr\u00eda tampoco, porque no tienen a\u00fan la c\u00e9dula profesional.<br>Vaya para desconcierto que nos dej\u00f3 al enterarnos que el titular del m\u00e1ximo poder judicial en el pa\u00eds, no est\u00e1 titulado y no cuenta con cedula profesional. Esta situaci\u00f3n es oro molido para la oposici\u00f3n en los \u00f3rganos parlamentarios, que se dar\u00e1n un banquete, solicitando la impugnaci\u00f3n del nuevo titular de la Suprema Corte de Justicia de la Naci\u00f3n.<br>Hugo Aguilar Ortiz, fue encargado del Despacho de la Direcci\u00f3n Ejecutiva de Sistemas Normativos Ind\u00edgenas del instituto Estatal y Participaci\u00f3n Ciudadana de Oaxaca IEEPCO. Asesor del Instituto Estatal Electoral y de Participaci\u00f3n Ciudadana de Oaxaca; Subsecretario de Derechos Ind\u00edgenas de la Secretar\u00eda de Asuntos Ind\u00edgenas del Gobierno del Estado de Oaxaca; Consultor de la Oficina en M\u00e9xico de Alto Comisionado de las Naciones Unidas para los Derechos Humanos, en el tema de tierra, territorio y recursos naturales de los Pueblos Ind\u00edgenas.<br>El abogado mixteco no ha salido al paso a desmentir o confirmar que carece de los documentos oficiales que lo acrediten como abogado, y si, efectivamente no cuenta con cedula profesional para ejercer. En tanto malquerientes preparan sus argumentos que llevaran al palacio legislativo de San L\u00e1zaro y al Senado de la Republica con la intenci\u00f3n de echar abajo su elecci\u00f3n.<br>Con el pie izquierdo, iniciara su labor Hugo Aguilar como titular de la SCJN. Cabe se\u00f1alar que la Suprema Corte seguir\u00e1 operando con normalidad hasta el 1 de septiembre de 2025, cuando tomar\u00e1n posesi\u00f3n los nuevos titulares, surgidos de la elecci\u00f3n judicial del 1 de junio de este a\u00f1o.<br>Se le cay\u00f3 el sistema a Marisol Delgadillo<br>Errores garrafales sigue cometiendo la titular del OPLE Veracruz, Marisol Alicia Delgadillo, quien no previo la capacidad de gigas de internet contratadas y la demanda que tendr\u00eda el sitio, por ello este lunes se les cay\u00f3 el sistema.<br>A eso de las 12:30 horas la disponibilidad del sitio de comenz\u00f3 a fallar, por ello la publicaci\u00f3n de los c\u00f3mputos de la elecci\u00f3n judicial comenz\u00f3 a ser intermitente, debido a un alto n\u00famero de consultas, seg\u00fan justific\u00f3 la titular del OPLE.<br>Marisol Delgadillo dio a conocer que a partir de las 12:30 horas, la disponibilidad del sitio de publicaci\u00f3n de los c\u00f3mputos de la elecci\u00f3n judicial ha sido intermitente, debido a un alto n\u00famero de consultas.<br>\u201cAgradecemos el gran inter\u00e9s de la ciudadan\u00eda en el seguimiento de los resultados y nos encontramos adaptando nuestros servidores a la alta demanda, hasta en<br>tanto, para garantizar la legalidad y transparencia de los resultados en las urnas,se determin\u00f3 hacer una pausa en la captura hasta en tanto se pueda dar<br>seguimiento p\u00fablico del c\u00f3mputo\u201d.<br>A Marisol se le est\u00e1 haciendo bolas el engrudo en este proceso electoral, le tomaron oficinas, inconformes quemaron boletas, paquetes electorales, situaciones que puso en riesgo la elecci\u00f3n en algunos municipios. Todo esto porque la funcionaria electoral no previ\u00f3 incrementar la seguridad donde se resguardaba la paqueter\u00eda electoral.<br>Lo cierto es que la cadena de custodia de los paquetes electorales se vulnero, los conteos de votos en algunos municipios como San Andr\u00e9s Tlahuehuayocan y Poza Rica, entre otros, se realizaron sin la seguridad necesaria, de ah\u00ed nace la sospecha de que se alteraron los sufragios y con ello se abre el resquicio de que vulner\u00f3 la democracia.<\/p>\n\n\n\n<p>La Consejera Presidenta del Organismo refiri\u00f3 que al momento que se detuvo el sistema de c\u00f3mputos de la elecci\u00f3n judicial, se hab\u00edan capturado 199 paquetes<br>electorales, por lo que el porcentaje no es determinante o no es valor suficiente para una proyecci\u00f3n.<br>Alarmante incremento de robos en las Animas<br>En los \u00faltimos dos meses los vecinos de varios fraccionamientos de Las Animas, han estado denunciando el considerable incremento en robos a casas habitaci\u00f3n, desvalijamiento de camionetas y autom\u00f3viles, a estas unidades las han dejado sin llantas en esta ciudad de Xalapa, Veracruz, por ello, est\u00e1n solicitando a las autoridades de la Secretar\u00eda de Seguridad una mayor vigilancia en la zona.<br>De acuerdo con testimonios de los vecinos, durante los \u00faltimos 15 d\u00edas se han reportado m\u00faltiples incidentes, incluyendo da\u00f1os a veh\u00edculos, robo de objetos y en casas habitaci\u00f3n en Xalapa.<br>Los habitantes del lugar temen que los robos aumenten, luego de que tan solo este mes, los ladrones han dejado sin sus cuatro llantas a dos autom\u00f3viles, en la calle de Chopin y en algunas casas han robado las tuber\u00edas de cobre.<br>Los vecinos denuncian un repunte alarmante de robos en las \u00faltimas semanas, exigiendo mayor presencia policial ante la ola de delitos que incluyen vandalismo, hurtos en viviendas y el robo de llantas de autos.<br>Critican la falta de vigilancia, pese a cumplir con el pago de impuestos: \u00abExigimos que las autoridades hagan su trabajo\u00bb, se\u00f1alaron.<br>Ante la insuficiente respuesta de las autoridades, los residentes se organizan mediante grupos de WhatsApp y redes sociales, compartiendo alertas y grabaciones de sus c\u00e1maras de seguridad privadas. Sin embargo, denuncian que las c\u00e1maras p\u00fablicas del \u00e1rea fueron retiradas recientemente, dej\u00e1ndolos m\u00e1s vulnerables.<br>Los afectados se\u00f1alaron que han presentado denuncias ante la Fiscal\u00eda General del Estado, ante esta autoridad presentaron videos donde se observan los rostros de los ladrones, lo sospechoso es que los agentes ministeriales no han logrado detener o siquiera identificar a algunos de los delincuentes.<br>Y subrayan que temen que la inseguridad los afecte a\u00fan m\u00e1s, por lo que piden a las autoridades que cumplan con su trabajo, al destacar que ellos han pagado en tiempo y forma sus impuestos.<br>Muchas viviendas parecen jaulas por las m\u00faltiples protecciones que les han colocado, al igual que alambres de acero con navajas y en otros casos, puntas de fierro sobre las bardas, pero la delincuencia sigue creciendo en esa zona.<\/p>\n","protected":false},"excerpt":{"rendered":"<p>Fanny Y\u00e9pezLa ColumnaHugo Aguilar Ortiz, quien actualmente es Coordinador General de Derechos Ind\u00edgenas del Instituto Nacional de los Pueblos Ind\u00edgenas, es Licenciado en Derecho por la Facultad de Derecho y Ciencias Sociales Universidad Aut\u00f3noma \u00abBenito Ju\u00e1rez de Oaxaca\u201d. Cuenta con una Maestr\u00eda en Derecho Constitucional por la facultad de Derecho y Ciencias Sociales de la [&hellip;]<\/p>\n","protected":false},"author":2,"featured_media":141383,"comment_status":"closed","ping_status":"closed","sticky":false,"template":"","format":"standard","meta":{"tdm_status":"","tdm_grid_status":"","footnotes":""},"categories":[70],"tags":[44086,12446,3965],"class_list":{"0":"post-146793","1":"post","2":"type-post","3":"status-publish","4":"format-standard","5":"has-post-thumbnail","7":"category-de-opinion","8":"tag-hugo-aguilar-ortiz","9":"tag-ople-veracruz","10":"tag-scjn"},"yoast_head":"<!-- This site is optimized with the Yoast SEO plugin v27.4 - https:\/\/yoast.com\/product\/yoast-seo-wordpress\/ -->\n<title>MAGISTRADO BAL\u00cdN - Los pol\u00edticos Veracruz<\/title>\n<meta name=\"robots\" content=\"index, follow, max-snippet:-1, max-image-preview:large, max-video-preview:-1\" \/>\n<link rel=\"canonical\" href=\"https:\/\/lospoliticosveracruz.com\/?p=146793\" \/>\n<meta property=\"og:locale\" content=\"es_ES\" \/>\n<meta property=\"og:type\" content=\"article\" \/>\n<meta property=\"og:title\" content=\"MAGISTRADO BAL\u00cdN - Los pol\u00edticos Veracruz\" \/>\n<meta property=\"og:description\" content=\"Fanny Y\u00e9pezLa ColumnaHugo Aguilar Ortiz, quien actualmente es Coordinador General de Derechos Ind\u00edgenas del Instituto Nacional de los Pueblos Ind\u00edgenas, es Licenciado en Derecho por la Facultad de Derecho y Ciencias Sociales Universidad Aut\u00f3noma \u00abBenito Ju\u00e1rez de Oaxaca\u201d. Cuenta con una Maestr\u00eda en Derecho Constitucional por la facultad de Derecho y Ciencias Sociales de la [&hellip;]\" \/>\n<meta property=\"og:url\" content=\"https:\/\/lospoliticosveracruz.com\/?p=146793\" \/>\n<meta property=\"og:site_name\" content=\"Los pol\u00edticos Veracruz\" \/>\n<meta property=\"article:publisher\" content=\"https:\/\/www.facebook.com\/people\/Notimemes-de-los-Polticos\/61565672886568\/\" \/>\n<meta property=\"article:published_time\" content=\"2025-06-10T12:13:18+00:00\" \/>\n<meta property=\"article:modified_time\" content=\"2025-06-10T12:13:30+00:00\" \/>\n<meta property=\"og:image\" content=\"https:\/\/lospoliticosveracruz.com\/wp-content\/uploads\/2025\/04\/Fanny-Yepez-Luna-e1768657334923.jpg\" \/>\n\t<meta property=\"og:image:width\" content=\"600\" \/>\n\t<meta property=\"og:image:height\" content=\"320\" \/>\n\t<meta property=\"og:image:type\" content=\"image\/jpeg\" \/>\n<meta name=\"author\" content=\"Lo viste en Los Pol\u00edticos\" \/>\n<meta name=\"twitter:card\" content=\"summary_large_image\" \/>\n<meta name=\"twitter:creator\" content=\"@LosPoliticosVer\" \/>\n<meta name=\"twitter:site\" content=\"@LosPoliticosVer\" \/>\n<meta name=\"twitter:label1\" content=\"Escrito por\" \/>\n\t<meta name=\"twitter:data1\" content=\"Lo viste en Los Pol\u00edticos\" \/>\n\t<meta name=\"twitter:label2\" content=\"Tiempo de lectura\" \/>\n\t<meta name=\"twitter:data2\" content=\"6 minutos\" \/>\n<script type=\"application\/ld+json\" class=\"yoast-schema-graph\">{\"@context\":\"https:\\\/\\\/schema.org\",\"@graph\":[{\"@type\":\"Article\",\"@id\":\"https:\\\/\\\/lospoliticosveracruz.com\\\/?p=146793#article\",\"isPartOf\":{\"@id\":\"https:\\\/\\\/lospoliticosveracruz.com\\\/?p=146793\"},\"author\":{\"name\":\"Lo viste en Los Pol\u00edticos\",\"@id\":\"https:\\\/\\\/lospoliticosveracruz.com\\\/#\\\/schema\\\/person\\\/b8702bb0e538456e6efd07080bf2a4a2\"},\"headline\":\"MAGISTRADO BAL\u00cdN\",\"datePublished\":\"2025-06-10T12:13:18+00:00\",\"dateModified\":\"2025-06-10T12:13:30+00:00\",\"mainEntityOfPage\":{\"@id\":\"https:\\\/\\\/lospoliticosveracruz.com\\\/?p=146793\"},\"wordCount\":1115,\"publisher\":{\"@id\":\"https:\\\/\\\/lospoliticosveracruz.com\\\/#organization\"},\"image\":{\"@id\":\"https:\\\/\\\/lospoliticosveracruz.com\\\/?p=146793#primaryimage\"},\"thumbnailUrl\":\"https:\\\/\\\/lospoliticosveracruz.com\\\/wp-content\\\/uploads\\\/2025\\\/04\\\/Fanny-Yepez-Luna-e1768657334923.jpg\",\"keywords\":[\"Hugo Aguilar Ortiz\",\"OPLE Veracruz\",\"SCJN\"],\"articleSection\":[\"De Opini\u00f3n\"],\"inLanguage\":\"es\"},{\"@type\":\"WebPage\",\"@id\":\"https:\\\/\\\/lospoliticosveracruz.com\\\/?p=146793\",\"url\":\"https:\\\/\\\/lospoliticosveracruz.com\\\/?p=146793\",\"name\":\"MAGISTRADO BAL\u00cdN - Los pol\u00edticos Veracruz\",\"isPartOf\":{\"@id\":\"https:\\\/\\\/lospoliticosveracruz.com\\\/#website\"},\"primaryImageOfPage\":{\"@id\":\"https:\\\/\\\/lospoliticosveracruz.com\\\/?p=146793#primaryimage\"},\"image\":{\"@id\":\"https:\\\/\\\/lospoliticosveracruz.com\\\/?p=146793#primaryimage\"},\"thumbnailUrl\":\"https:\\\/\\\/lospoliticosveracruz.com\\\/wp-content\\\/uploads\\\/2025\\\/04\\\/Fanny-Yepez-Luna-e1768657334923.jpg\",\"datePublished\":\"2025-06-10T12:13:18+00:00\",\"dateModified\":\"2025-06-10T12:13:30+00:00\",\"breadcrumb\":{\"@id\":\"https:\\\/\\\/lospoliticosveracruz.com\\\/?p=146793#breadcrumb\"},\"inLanguage\":\"es\",\"potentialAction\":[{\"@type\":\"ReadAction\",\"target\":[\"https:\\\/\\\/lospoliticosveracruz.com\\\/?p=146793\"]}]},{\"@type\":\"ImageObject\",\"inLanguage\":\"es\",\"@id\":\"https:\\\/\\\/lospoliticosveracruz.com\\\/?p=146793#primaryimage\",\"url\":\"https:\\\/\\\/lospoliticosveracruz.com\\\/wp-content\\\/uploads\\\/2025\\\/04\\\/Fanny-Yepez-Luna-e1768657334923.jpg\",\"contentUrl\":\"https:\\\/\\\/lospoliticosveracruz.com\\\/wp-content\\\/uploads\\\/2025\\\/04\\\/Fanny-Yepez-Luna-e1768657334923.jpg\",\"width\":600,\"height\":320},{\"@type\":\"BreadcrumbList\",\"@id\":\"https:\\\/\\\/lospoliticosveracruz.com\\\/?p=146793#breadcrumb\",\"itemListElement\":[{\"@type\":\"ListItem\",\"position\":1,\"name\":\"Portada\",\"item\":\"https:\\\/\\\/lospoliticosveracruz.com\\\/\"},{\"@type\":\"ListItem\",\"position\":2,\"name\":\"MAGISTRADO BAL\u00cdN\"}]},{\"@type\":\"WebSite\",\"@id\":\"https:\\\/\\\/lospoliticosveracruz.com\\\/#website\",\"url\":\"https:\\\/\\\/lospoliticosveracruz.com\\\/\",\"name\":\"Los pol\u00edticos Veracruz\",\"description\":\"\",\"publisher\":{\"@id\":\"https:\\\/\\\/lospoliticosveracruz.com\\\/#organization\"},\"potentialAction\":[{\"@type\":\"SearchAction\",\"target\":{\"@type\":\"EntryPoint\",\"urlTemplate\":\"https:\\\/\\\/lospoliticosveracruz.com\\\/?s={search_term_string}\"},\"query-input\":{\"@type\":\"PropertyValueSpecification\",\"valueRequired\":true,\"valueName\":\"search_term_string\"}}],\"inLanguage\":\"es\"},{\"@type\":\"Organization\",\"@id\":\"https:\\\/\\\/lospoliticosveracruz.com\\\/#organization\",\"name\":\"Los pol\u00edticos Veracruz\",\"url\":\"https:\\\/\\\/lospoliticosveracruz.com\\\/\",\"logo\":{\"@type\":\"ImageObject\",\"inLanguage\":\"es\",\"@id\":\"https:\\\/\\\/lospoliticosveracruz.com\\\/#\\\/schema\\\/logo\\\/image\\\/\",\"url\":\"https:\\\/\\\/lospoliticosveracruz.com\\\/wp-content\\\/uploads\\\/2025\\\/12\\\/Logo-Nuevo-LOS-POLITICOS-1.jpg\",\"contentUrl\":\"https:\\\/\\\/lospoliticosveracruz.com\\\/wp-content\\\/uploads\\\/2025\\\/12\\\/Logo-Nuevo-LOS-POLITICOS-1.jpg\",\"width\":260,\"height\":70,\"caption\":\"Los pol\u00edticos Veracruz\"},\"image\":{\"@id\":\"https:\\\/\\\/lospoliticosveracruz.com\\\/#\\\/schema\\\/logo\\\/image\\\/\"},\"sameAs\":[\"https:\\\/\\\/www.facebook.com\\\/people\\\/Notimemes-de-los-Polticos\\\/61565672886568\\\/\",\"https:\\\/\\\/x.com\\\/LosPoliticosVer\"]},{\"@type\":\"Person\",\"@id\":\"https:\\\/\\\/lospoliticosveracruz.com\\\/#\\\/schema\\\/person\\\/b8702bb0e538456e6efd07080bf2a4a2\",\"name\":\"Lo viste en Los Pol\u00edticos\",\"image\":{\"@type\":\"ImageObject\",\"inLanguage\":\"es\",\"@id\":\"https:\\\/\\\/secure.gravatar.com\\\/avatar\\\/3a8de04a2656d44082be478bd6c086daa447c4651605818287b9532d3d0bd435?s=96&d=mm&r=g\",\"url\":\"https:\\\/\\\/secure.gravatar.com\\\/avatar\\\/3a8de04a2656d44082be478bd6c086daa447c4651605818287b9532d3d0bd435?s=96&d=mm&r=g\",\"contentUrl\":\"https:\\\/\\\/secure.gravatar.com\\\/avatar\\\/3a8de04a2656d44082be478bd6c086daa447c4651605818287b9532d3d0bd435?s=96&d=mm&r=g\",\"caption\":\"Lo viste en Los Pol\u00edticos\"},\"url\":\"https:\\\/\\\/lospoliticosveracruz.com\\\/?author=2\"}]}<\/script>\n<!-- \/ Yoast SEO plugin. -->","yoast_head_json":{"title":"MAGISTRADO BAL\u00cdN - Los pol\u00edticos Veracruz","robots":{"index":"index","follow":"follow","max-snippet":"max-snippet:-1","max-image-preview":"max-image-preview:large","max-video-preview":"max-video-preview:-1"},"canonical":"https:\/\/lospoliticosveracruz.com\/?p=146793","og_locale":"es_ES","og_type":"article","og_title":"MAGISTRADO BAL\u00cdN - Los pol\u00edticos Veracruz","og_description":"Fanny Y\u00e9pezLa ColumnaHugo Aguilar Ortiz, quien actualmente es Coordinador General de Derechos Ind\u00edgenas del Instituto Nacional de los Pueblos Ind\u00edgenas, es Licenciado en Derecho por la Facultad de Derecho y Ciencias Sociales Universidad Aut\u00f3noma \u00abBenito Ju\u00e1rez de Oaxaca\u201d. Cuenta con una Maestr\u00eda en Derecho Constitucional por la facultad de Derecho y Ciencias Sociales de la [&hellip;]","og_url":"https:\/\/lospoliticosveracruz.com\/?p=146793","og_site_name":"Los pol\u00edticos Veracruz","article_publisher":"https:\/\/www.facebook.com\/people\/Notimemes-de-los-Polticos\/61565672886568\/","article_published_time":"2025-06-10T12:13:18+00:00","article_modified_time":"2025-06-10T12:13:30+00:00","og_image":[{"width":600,"height":320,"url":"https:\/\/lospoliticosveracruz.com\/wp-content\/uploads\/2025\/04\/Fanny-Yepez-Luna-e1768657334923.jpg","type":"image\/jpeg"}],"author":"Lo viste en Los Pol\u00edticos","twitter_card":"summary_large_image","twitter_creator":"@LosPoliticosVer","twitter_site":"@LosPoliticosVer","twitter_misc":{"Escrito por":"Lo viste en Los Pol\u00edticos","Tiempo de lectura":"6 minutos"},"schema":{"@context":"https:\/\/schema.org","@graph":[{"@type":"Article","@id":"https:\/\/lospoliticosveracruz.com\/?p=146793#article","isPartOf":{"@id":"https:\/\/lospoliticosveracruz.com\/?p=146793"},"author":{"name":"Lo viste en Los Pol\u00edticos","@id":"https:\/\/lospoliticosveracruz.com\/#\/schema\/person\/b8702bb0e538456e6efd07080bf2a4a2"},"headline":"MAGISTRADO BAL\u00cdN","datePublished":"2025-06-10T12:13:18+00:00","dateModified":"2025-06-10T12:13:30+00:00","mainEntityOfPage":{"@id":"https:\/\/lospoliticosveracruz.com\/?p=146793"},"wordCount":1115,"publisher":{"@id":"https:\/\/lospoliticosveracruz.com\/#organization"},"image":{"@id":"https:\/\/lospoliticosveracruz.com\/?p=146793#primaryimage"},"thumbnailUrl":"https:\/\/lospoliticosveracruz.com\/wp-content\/uploads\/2025\/04\/Fanny-Yepez-Luna-e1768657334923.jpg","keywords":["Hugo Aguilar Ortiz","OPLE Veracruz","SCJN"],"articleSection":["De Opini\u00f3n"],"inLanguage":"es"},{"@type":"WebPage","@id":"https:\/\/lospoliticosveracruz.com\/?p=146793","url":"https:\/\/lospoliticosveracruz.com\/?p=146793","name":"MAGISTRADO BAL\u00cdN - Los pol\u00edticos Veracruz","isPartOf":{"@id":"https:\/\/lospoliticosveracruz.com\/#website"},"primaryImageOfPage":{"@id":"https:\/\/lospoliticosveracruz.com\/?p=146793#primaryimage"},"image":{"@id":"https:\/\/lospoliticosveracruz.com\/?p=146793#primaryimage"},"thumbnailUrl":"https:\/\/lospoliticosveracruz.com\/wp-content\/uploads\/2025\/04\/Fanny-Yepez-Luna-e1768657334923.jpg","datePublished":"2025-06-10T12:13:18+00:00","dateModified":"2025-06-10T12:13:30+00:00","breadcrumb":{"@id":"https:\/\/lospoliticosveracruz.com\/?p=146793#breadcrumb"},"inLanguage":"es","potentialAction":[{"@type":"ReadAction","target":["https:\/\/lospoliticosveracruz.com\/?p=146793"]}]},{"@type":"ImageObject","inLanguage":"es","@id":"https:\/\/lospoliticosveracruz.com\/?p=146793#primaryimage","url":"https:\/\/lospoliticosveracruz.com\/wp-content\/uploads\/2025\/04\/Fanny-Yepez-Luna-e1768657334923.jpg","contentUrl":"https:\/\/lospoliticosveracruz.com\/wp-content\/uploads\/2025\/04\/Fanny-Yepez-Luna-e1768657334923.jpg","width":600,"height":320},{"@type":"BreadcrumbList","@id":"https:\/\/lospoliticosveracruz.com\/?p=146793#breadcrumb","itemListElement":[{"@type":"ListItem","position":1,"name":"Portada","item":"https:\/\/lospoliticosveracruz.com\/"},{"@type":"ListItem","position":2,"name":"MAGISTRADO BAL\u00cdN"}]},{"@type":"WebSite","@id":"https:\/\/lospoliticosveracruz.com\/#website","url":"https:\/\/lospoliticosveracruz.com\/","name":"Los pol\u00edticos Veracruz","description":"","publisher":{"@id":"https:\/\/lospoliticosveracruz.com\/#organization"},"potentialAction":[{"@type":"SearchAction","target":{"@type":"EntryPoint","urlTemplate":"https:\/\/lospoliticosveracruz.com\/?s={search_term_string}"},"query-input":{"@type":"PropertyValueSpecification","valueRequired":true,"valueName":"search_term_string"}}],"inLanguage":"es"},{"@type":"Organization","@id":"https:\/\/lospoliticosveracruz.com\/#organization","name":"Los pol\u00edticos Veracruz","url":"https:\/\/lospoliticosveracruz.com\/","logo":{"@type":"ImageObject","inLanguage":"es","@id":"https:\/\/lospoliticosveracruz.com\/#\/schema\/logo\/image\/","url":"https:\/\/lospoliticosveracruz.com\/wp-content\/uploads\/2025\/12\/Logo-Nuevo-LOS-POLITICOS-1.jpg","contentUrl":"https:\/\/lospoliticosveracruz.com\/wp-content\/uploads\/2025\/12\/Logo-Nuevo-LOS-POLITICOS-1.jpg","width":260,"height":70,"caption":"Los pol\u00edticos Veracruz"},"image":{"@id":"https:\/\/lospoliticosveracruz.com\/#\/schema\/logo\/image\/"},"sameAs":["https:\/\/www.facebook.com\/people\/Notimemes-de-los-Polticos\/61565672886568\/","https:\/\/x.com\/LosPoliticosVer"]},{"@type":"Person","@id":"https:\/\/lospoliticosveracruz.com\/#\/schema\/person\/b8702bb0e538456e6efd07080bf2a4a2","name":"Lo viste en Los Pol\u00edticos","image":{"@type":"ImageObject","inLanguage":"es","@id":"https:\/\/secure.gravatar.com\/avatar\/3a8de04a2656d44082be478bd6c086daa447c4651605818287b9532d3d0bd435?s=96&d=mm&r=g","url":"https:\/\/secure.gravatar.com\/avatar\/3a8de04a2656d44082be478bd6c086daa447c4651605818287b9532d3d0bd435?s=96&d=mm&r=g","contentUrl":"https:\/\/secure.gravatar.com\/avatar\/3a8de04a2656d44082be478bd6c086daa447c4651605818287b9532d3d0bd435?s=96&d=mm&r=g","caption":"Lo viste en Los Pol\u00edticos"},"url":"https:\/\/lospoliticosveracruz.com\/?author=2"}]}},"_links":{"self":[{"href":"https:\/\/lospoliticosveracruz.com\/index.php?rest_route=\/wp\/v2\/posts\/146793","targetHints":{"allow":["GET"]}}],"collection":[{"href":"https:\/\/lospoliticosveracruz.com\/index.php?rest_route=\/wp\/v2\/posts"}],"about":[{"href":"https:\/\/lospoliticosveracruz.com\/index.php?rest_route=\/wp\/v2\/types\/post"}],"author":[{"embeddable":true,"href":"https:\/\/lospoliticosveracruz.com\/index.php?rest_route=\/wp\/v2\/users\/2"}],"replies":[{"embeddable":true,"href":"https:\/\/lospoliticosveracruz.com\/index.php?rest_route=%2Fwp%2Fv2%2Fcomments&post=146793"}],"version-history":[{"count":1,"href":"https:\/\/lospoliticosveracruz.com\/index.php?rest_route=\/wp\/v2\/posts\/146793\/revisions"}],"predecessor-version":[{"id":146794,"href":"https:\/\/lospoliticosveracruz.com\/index.php?rest_route=\/wp\/v2\/posts\/146793\/revisions\/146794"}],"wp:featuredmedia":[{"embeddable":true,"href":"https:\/\/lospoliticosveracruz.com\/index.php?rest_route=\/wp\/v2\/media\/141383"}],"wp:attachment":[{"href":"https:\/\/lospoliticosveracruz.com\/index.php?rest_route=%2Fwp%2Fv2%2Fmedia&parent=146793"}],"wp:term":[{"taxonomy":"category","embeddable":true,"href":"https:\/\/lospoliticosveracruz.com\/index.php?rest_route=%2Fwp%2Fv2%2Fcategories&post=146793"},{"taxonomy":"post_tag","embeddable":true,"href":"https:\/\/lospoliticosveracruz.com\/index.php?rest_route=%2Fwp%2Fv2%2Ftags&post=146793"}],"curies":[{"name":"wp","href":"https:\/\/api.w.org\/{rel}","templated":true}]}}