{"id":146797,"date":"2025-06-10T08:41:36","date_gmt":"2025-06-10T13:41:36","guid":{"rendered":"https:\/\/lospoliticosveracruz.com.mx\/?p=146797"},"modified":"2025-06-10T08:41:50","modified_gmt":"2025-06-10T13:41:50","slug":"se-acuitlahuo-la-tia","status":"publish","type":"post","link":"https:\/\/lospoliticosveracruz.com\/?p=146797","title":{"rendered":"SE ACUITLAHU\u00d3 LA T\u00cdA"},"content":{"rendered":"\n\n\n<p><\/p>\n\n\n\n<p><strong>Oved Contreras<br><\/strong><em>Secas Mecas<\/em><\/p>\n\n\n\n<p>Les doli\u00f3 mucho perder Poza Rica y el crecimiento electoral que algunos dicen es superficial del partido naranja\u2026no estaba en el presupuesto\u2026es curioso que la narrativa del fraude de MC la sacaron despu\u00e9s de que el fraude de ellos no funcion\u00f3\u2026ahora la gobernadora Roc\u00edo Nahle se lanza con todo en contra de Movimiento Ciudadano, a quien se\u00f1al\u00f3 p\u00fablicamente de haber postulado a candidatos presuntamente ligados a la delincuencia organizada.<\/p>\n\n\n\n<p>As\u00ed como en su momento lo hizo Cuitl\u00e1huac Garc\u00eda, la t\u00eda Ch\u00edo acus\u00f3 a jueces federales de haber beneficiado con liberaciones a delincuentes para que pudieran operar en las elecciones del pasado 1 de junio\u2026pero tampoco hicieron nada pese a que los ten\u00edan identificados y ubicados.<\/p>\n\n\n\n<p>No le gust\u00f3 nada a la mandataria que el dirigente nacional de Movimiento Ciudadano (MC), Jorge \u00c1lvarez M\u00e1ynez, hiciera se\u00f1alamientos en su contra por presuntas irregularidades en el proceso electoral\u2026la t\u00eda acus\u00f3 que M\u00e1ynez es un simulador profesional, pero que su papel como gobernadora es esquivar y no caer en provocaciones de personajes como M\u00e1ynez.<\/p>\n\n\n\n<p>\u201cYo esper\u00e9 que se diera todo el proceso y deber\u00eda \u00e9l de informarse m\u00e1s de Veracruz, porque el proceso acab\u00f3, ya cada quien est\u00e1 pues donde el pueblo o las urnas dijeron, no tengo ah\u00ed tema. Pero Movimiento Ciudadano le apost\u00f3 a querer ganar elecciones con personajes vinculados a la delincuencia organizada y con personajes que tienen vinculaci\u00f3n directa\u201d, solt\u00f3 la t\u00eda en plena conferencia.<\/p>\n\n\n\n<p>De all\u00ed se fue como hilo de media\u2026la gobernadora se refiri\u00f3 a la liberaci\u00f3n de presuntos delincuentes vinculados al movimiento naranja: \u201cdesde marzo, esta persona, Gregorio \u00b4Goyo\u00b4 G\u00f3mez, est\u00e1 en su casa y en Tihuatl\u00e1n operando abiertamente (a favor de MC), una persona que est\u00e1 vinculado por homicidio\u201d\u2026 Gregorio G\u00f3mez Mart\u00ednez, exalcalde de Tihuatl\u00e1n, fue liberado tras obtener un cambio en la medida cautelar que le permiti\u00f3 continuar su proceso penal bajo resguardo domiciliario. Est\u00e1 acusado del homicidio doloso calificado de Nicanor Mart\u00ednez Olgu\u00edn, exdiputado federal y excandidato suplente de Morena en el mismo municipio.<\/p>\n\n\n\n<p>La gobernadora tambi\u00e9n hizo referencia al caso de Jes\u00fas Uribe, presidente municipal electo por MC en Las Choapas, quien ten\u00eda prisi\u00f3n y sentencia condenatoria a 20 a\u00f1os pero un juez le revoc\u00f3 la sentencia\u2026a la lista sum\u00f3 a Ram\u00f3n Ortiz Cisneros, exl\u00edder sindical de Catem en el sur del estado, pero un juez lo libera en marzo, le da prisi\u00f3n domiciliaria, apenas llega a la zona y empiezan ah\u00ed balazos y secuestros, y hoy est\u00e1 pr\u00f3fugo de la justicia.<\/p>\n\n\n\n<p>La t\u00eda Ch\u00edo no perdi\u00f3 oportunidad para mencionar los casos de Rogelio Franco Cast\u00e1n y Juan Manuel del R\u00edo Virgen, ambos perseguidos pol\u00edticos de Cuitl\u00e1huac Garc\u00eda, que acusa la gobernadora forman parte del club de presidiarios que operaron abiertamente por Movimiento Ciudadano.<\/p>\n\n\n\n<p>Si todos estos supuestos delincuentes estaban operando en las elecciones y ten\u00edan pendientes con la ley, bien valdr\u00eda la pena preguntar por qu\u00e9 no los detuvieron\u2026si algunos de ellos est\u00e1n libres es porque no hay condenas pero Roc\u00edo Nahle, al igual que Cuitl\u00e1huac en su momento, lanza se\u00f1alamientos sin respetar el debido proceso y menos cuando no hay sentencias de los jueces\u2026no cabe duda que los resultados electorales no fueron los esperados y vendr\u00edan ahora los ajustes de cuentas desde el brazo ejecutor que es la fiscal\u00eda estatal contra alcaldes electos.<\/p>\n\n\n\n<p><strong>EL PURO BISNE\u2026<\/strong>Al que ya le est\u00e1 yendo bien en los negocios desde la Comisi\u00f3n de Vigilancia es al diputado Miguel Pintos Guillen, quien oblig\u00f3 a la titular del ORFIS a que le diera la Auditor\u00eda a SEFIPLAN del ejercicio 2024, y recomend\u00f3 al ex contralor Duartista, Iv\u00e1n L\u00f3pez Fern\u00e1ndez, ya que el Despacho que va a realizar la revisi\u00f3n es manejado por Carlos Jauregui, su personero. El Despacho es \u00abContadores P\u00fablicos y Consultores\u00bb. Y por esa revisi\u00f3n est\u00e1n cobrando la cantidad de 2 millones de pesos. Nada despreciable esa cantidad para el diputado Pintos.<\/p>\n\n\n\n<p><strong>LA RED EN SEV\u2026<\/strong>Desde la Secretar\u00eda de Educaci\u00f3n de Veracruz (SEV) se orquestan simulaciones institucionales para fabricar denuncias y proceder judicialmente en contra de servidores de la instituci\u00f3n con una celeridad inusitada, el cual tiene como fin desviar la atenci\u00f3n para que no se inicien auditor\u00edas en la Direcci\u00f3n General de Educaci\u00f3n Tecnol\u00f3gica, pues esto pondr\u00eda al descubierto irregularidades en varios tecnol\u00f3gicos de la entidad con cifras millonarias que no han podido comprobar.<\/p>\n\n\n\n<p>Seg\u00fan denuncias de trabajadores de la dependencia que est\u00e1n enterados del teje y maneje de los actos de corrupci\u00f3n en los que est\u00e1n incurriendo los operadores cercanos a Claudia Tello, esta estrategia fue orquestada por Jos\u00e9 Mart\u00edn Rivera Mart\u00ednez, coordinador de asesores de Claudia Tello en la SEV, quien se dice ser el \u00abcerebro\u00bb de la oficina de la titular de la dependencia estatal.<\/p>\n\n\n\n<p>La ra\u00edz de la corrupci\u00f3n se encontrar\u00eda dentro de la propia Direcci\u00f3n General de Educaci\u00f3n Tecnol\u00f3gica, encabezada por David Quitano D\u00edaz, viejo operador del exsecretario Adolfo Mota Hern\u00e1ndez, quien act\u00faa en contubernio con Jos\u00e9 Mart\u00edn Rivera Mart\u00ednez, ahora jefe de asesores y quien fuera operador pol\u00edtico del pri\u00edsta Jos\u00e9 Yunes Zorrilla, excandidato a la gubernatura.<\/p>\n\n\n\n<p>Jos\u00e9 Rivera Mart\u00ednez, mantiene su coto de poder en la SEV y se dice intocable gracias a la protecci\u00f3n de El\u00edas Calixto Armas, actual subsecretario de Educaci\u00f3n Media Superior, quien desde su ineptitud deja operar a estos elementos junto con Jorge Fern\u00e1ndez Bravo, quienes est\u00e1n haciendo su agosto en la SEV, forjando su futuro y el de sus futuras generaciones con los negocios que ya hacen en la dependencia. \u00bfEstar\u00e1 enterada de todo esto la Gobernadora Nahle?<\/p>\n","protected":false},"excerpt":{"rendered":"<p>Oved ContrerasSecas Mecas Les doli\u00f3 mucho perder Poza Rica y el crecimiento electoral que algunos dicen es superficial del partido naranja\u2026no estaba en el presupuesto\u2026es curioso que la narrativa del fraude de MC la sacaron despu\u00e9s de que el fraude de ellos no funcion\u00f3\u2026ahora la gobernadora Roc\u00edo Nahle se lanza con todo en contra de [&hellip;]<\/p>\n","protected":false},"author":2,"featured_media":141426,"comment_status":"closed","ping_status":"closed","sticky":false,"template":"","format":"standard","meta":{"tdm_status":"","tdm_grid_status":"","footnotes":""},"categories":[70],"tags":[19961,44087,44088,2327,1267,3578,88],"class_list":{"0":"post-146797","1":"post","2":"type-post","3":"status-publish","4":"format-standard","5":"has-post-thumbnail","7":"category-de-opinion","8":"tag-claudia-tello","9":"tag-david-quitano-diaz","10":"tag-elias-calixto-armas","11":"tag-movimiento-ciudadano","12":"tag-poza-rica","13":"tag-rocio-nahle","14":"tag-sev"},"yoast_head":"<!-- This site is optimized with the Yoast SEO plugin v27.4 - https:\/\/yoast.com\/product\/yoast-seo-wordpress\/ -->\n<title>SE ACUITLAHU\u00d3 LA T\u00cdA - Los pol\u00edticos Veracruz<\/title>\n<meta name=\"robots\" content=\"index, follow, max-snippet:-1, max-image-preview:large, max-video-preview:-1\" \/>\n<link rel=\"canonical\" href=\"https:\/\/lospoliticosveracruz.com\/?p=146797\" \/>\n<meta property=\"og:locale\" content=\"es_ES\" \/>\n<meta property=\"og:type\" content=\"article\" \/>\n<meta property=\"og:title\" content=\"SE ACUITLAHU\u00d3 LA T\u00cdA - Los pol\u00edticos Veracruz\" \/>\n<meta property=\"og:description\" content=\"Oved ContrerasSecas Mecas Les doli\u00f3 mucho perder Poza Rica y el crecimiento electoral que algunos dicen es superficial del partido naranja\u2026no estaba en el presupuesto\u2026es curioso que la narrativa del fraude de MC la sacaron despu\u00e9s de que el fraude de ellos no funcion\u00f3\u2026ahora la gobernadora Roc\u00edo Nahle se lanza con todo en contra de [&hellip;]\" \/>\n<meta property=\"og:url\" content=\"https:\/\/lospoliticosveracruz.com\/?p=146797\" \/>\n<meta property=\"og:site_name\" content=\"Los pol\u00edticos Veracruz\" \/>\n<meta property=\"article:publisher\" content=\"https:\/\/www.facebook.com\/people\/Notimemes-de-los-Polticos\/61565672886568\/\" \/>\n<meta property=\"article:published_time\" content=\"2025-06-10T13:41:36+00:00\" \/>\n<meta property=\"article:modified_time\" content=\"2025-06-10T13:41:50+00:00\" \/>\n<meta property=\"og:image\" content=\"https:\/\/lospoliticosveracruz.com\/wp-content\/uploads\/2025\/04\/Oved-Contreras-e1768066319253.jpg\" \/>\n\t<meta property=\"og:image:width\" content=\"600\" \/>\n\t<meta property=\"og:image:height\" content=\"320\" \/>\n\t<meta property=\"og:image:type\" content=\"image\/jpeg\" \/>\n<meta name=\"author\" content=\"Lo viste en Los Pol\u00edticos\" \/>\n<meta name=\"twitter:card\" content=\"summary_large_image\" \/>\n<meta name=\"twitter:creator\" content=\"@LosPoliticosVer\" \/>\n<meta name=\"twitter:site\" content=\"@LosPoliticosVer\" \/>\n<meta name=\"twitter:label1\" content=\"Escrito por\" \/>\n\t<meta name=\"twitter:data1\" content=\"Lo viste en Los Pol\u00edticos\" \/>\n\t<meta name=\"twitter:label2\" content=\"Tiempo de lectura\" \/>\n\t<meta name=\"twitter:data2\" content=\"5 minutos\" \/>\n<script type=\"application\/ld+json\" class=\"yoast-schema-graph\">{\"@context\":\"https:\\\/\\\/schema.org\",\"@graph\":[{\"@type\":\"Article\",\"@id\":\"https:\\\/\\\/lospoliticosveracruz.com\\\/?p=146797#article\",\"isPartOf\":{\"@id\":\"https:\\\/\\\/lospoliticosveracruz.com\\\/?p=146797\"},\"author\":{\"name\":\"Lo viste en Los Pol\u00edticos\",\"@id\":\"https:\\\/\\\/lospoliticosveracruz.com\\\/#\\\/schema\\\/person\\\/b8702bb0e538456e6efd07080bf2a4a2\"},\"headline\":\"SE ACUITLAHU\u00d3 LA T\u00cdA\",\"datePublished\":\"2025-06-10T13:41:36+00:00\",\"dateModified\":\"2025-06-10T13:41:50+00:00\",\"mainEntityOfPage\":{\"@id\":\"https:\\\/\\\/lospoliticosveracruz.com\\\/?p=146797\"},\"wordCount\":1016,\"publisher\":{\"@id\":\"https:\\\/\\\/lospoliticosveracruz.com\\\/#organization\"},\"image\":{\"@id\":\"https:\\\/\\\/lospoliticosveracruz.com\\\/?p=146797#primaryimage\"},\"thumbnailUrl\":\"https:\\\/\\\/lospoliticosveracruz.com\\\/wp-content\\\/uploads\\\/2025\\\/04\\\/Oved-Contreras-e1768066319253.jpg\",\"keywords\":[\"Claudia Tello\",\"David Quitano D\u00edaz\",\"El\u00edas Calixto Armas\",\"Movimiento Ciudadano\",\"Poza Rica\",\"Roc\u00edo Nahle\",\"SEV\"],\"articleSection\":[\"De Opini\u00f3n\"],\"inLanguage\":\"es\"},{\"@type\":\"WebPage\",\"@id\":\"https:\\\/\\\/lospoliticosveracruz.com\\\/?p=146797\",\"url\":\"https:\\\/\\\/lospoliticosveracruz.com\\\/?p=146797\",\"name\":\"SE ACUITLAHU\u00d3 LA T\u00cdA - Los pol\u00edticos Veracruz\",\"isPartOf\":{\"@id\":\"https:\\\/\\\/lospoliticosveracruz.com\\\/#website\"},\"primaryImageOfPage\":{\"@id\":\"https:\\\/\\\/lospoliticosveracruz.com\\\/?p=146797#primaryimage\"},\"image\":{\"@id\":\"https:\\\/\\\/lospoliticosveracruz.com\\\/?p=146797#primaryimage\"},\"thumbnailUrl\":\"https:\\\/\\\/lospoliticosveracruz.com\\\/wp-content\\\/uploads\\\/2025\\\/04\\\/Oved-Contreras-e1768066319253.jpg\",\"datePublished\":\"2025-06-10T13:41:36+00:00\",\"dateModified\":\"2025-06-10T13:41:50+00:00\",\"breadcrumb\":{\"@id\":\"https:\\\/\\\/lospoliticosveracruz.com\\\/?p=146797#breadcrumb\"},\"inLanguage\":\"es\",\"potentialAction\":[{\"@type\":\"ReadAction\",\"target\":[\"https:\\\/\\\/lospoliticosveracruz.com\\\/?p=146797\"]}]},{\"@type\":\"ImageObject\",\"inLanguage\":\"es\",\"@id\":\"https:\\\/\\\/lospoliticosveracruz.com\\\/?p=146797#primaryimage\",\"url\":\"https:\\\/\\\/lospoliticosveracruz.com\\\/wp-content\\\/uploads\\\/2025\\\/04\\\/Oved-Contreras-e1768066319253.jpg\",\"contentUrl\":\"https:\\\/\\\/lospoliticosveracruz.com\\\/wp-content\\\/uploads\\\/2025\\\/04\\\/Oved-Contreras-e1768066319253.jpg\",\"width\":600,\"height\":320},{\"@type\":\"BreadcrumbList\",\"@id\":\"https:\\\/\\\/lospoliticosveracruz.com\\\/?p=146797#breadcrumb\",\"itemListElement\":[{\"@type\":\"ListItem\",\"position\":1,\"name\":\"Portada\",\"item\":\"https:\\\/\\\/lospoliticosveracruz.com\\\/\"},{\"@type\":\"ListItem\",\"position\":2,\"name\":\"SE ACUITLAHU\u00d3 LA T\u00cdA\"}]},{\"@type\":\"WebSite\",\"@id\":\"https:\\\/\\\/lospoliticosveracruz.com\\\/#website\",\"url\":\"https:\\\/\\\/lospoliticosveracruz.com\\\/\",\"name\":\"Los pol\u00edticos Veracruz\",\"description\":\"\",\"publisher\":{\"@id\":\"https:\\\/\\\/lospoliticosveracruz.com\\\/#organization\"},\"potentialAction\":[{\"@type\":\"SearchAction\",\"target\":{\"@type\":\"EntryPoint\",\"urlTemplate\":\"https:\\\/\\\/lospoliticosveracruz.com\\\/?s={search_term_string}\"},\"query-input\":{\"@type\":\"PropertyValueSpecification\",\"valueRequired\":true,\"valueName\":\"search_term_string\"}}],\"inLanguage\":\"es\"},{\"@type\":\"Organization\",\"@id\":\"https:\\\/\\\/lospoliticosveracruz.com\\\/#organization\",\"name\":\"Los pol\u00edticos Veracruz\",\"url\":\"https:\\\/\\\/lospoliticosveracruz.com\\\/\",\"logo\":{\"@type\":\"ImageObject\",\"inLanguage\":\"es\",\"@id\":\"https:\\\/\\\/lospoliticosveracruz.com\\\/#\\\/schema\\\/logo\\\/image\\\/\",\"url\":\"https:\\\/\\\/lospoliticosveracruz.com\\\/wp-content\\\/uploads\\\/2025\\\/12\\\/Logo-Nuevo-LOS-POLITICOS-1.jpg\",\"contentUrl\":\"https:\\\/\\\/lospoliticosveracruz.com\\\/wp-content\\\/uploads\\\/2025\\\/12\\\/Logo-Nuevo-LOS-POLITICOS-1.jpg\",\"width\":260,\"height\":70,\"caption\":\"Los pol\u00edticos Veracruz\"},\"image\":{\"@id\":\"https:\\\/\\\/lospoliticosveracruz.com\\\/#\\\/schema\\\/logo\\\/image\\\/\"},\"sameAs\":[\"https:\\\/\\\/www.facebook.com\\\/people\\\/Notimemes-de-los-Polticos\\\/61565672886568\\\/\",\"https:\\\/\\\/x.com\\\/LosPoliticosVer\"]},{\"@type\":\"Person\",\"@id\":\"https:\\\/\\\/lospoliticosveracruz.com\\\/#\\\/schema\\\/person\\\/b8702bb0e538456e6efd07080bf2a4a2\",\"name\":\"Lo viste en Los Pol\u00edticos\",\"image\":{\"@type\":\"ImageObject\",\"inLanguage\":\"es\",\"@id\":\"https:\\\/\\\/secure.gravatar.com\\\/avatar\\\/3a8de04a2656d44082be478bd6c086daa447c4651605818287b9532d3d0bd435?s=96&d=mm&r=g\",\"url\":\"https:\\\/\\\/secure.gravatar.com\\\/avatar\\\/3a8de04a2656d44082be478bd6c086daa447c4651605818287b9532d3d0bd435?s=96&d=mm&r=g\",\"contentUrl\":\"https:\\\/\\\/secure.gravatar.com\\\/avatar\\\/3a8de04a2656d44082be478bd6c086daa447c4651605818287b9532d3d0bd435?s=96&d=mm&r=g\",\"caption\":\"Lo viste en Los Pol\u00edticos\"},\"url\":\"https:\\\/\\\/lospoliticosveracruz.com\\\/?author=2\"}]}<\/script>\n<!-- \/ Yoast SEO plugin. -->","yoast_head_json":{"title":"SE ACUITLAHU\u00d3 LA T\u00cdA - Los pol\u00edticos Veracruz","robots":{"index":"index","follow":"follow","max-snippet":"max-snippet:-1","max-image-preview":"max-image-preview:large","max-video-preview":"max-video-preview:-1"},"canonical":"https:\/\/lospoliticosveracruz.com\/?p=146797","og_locale":"es_ES","og_type":"article","og_title":"SE ACUITLAHU\u00d3 LA T\u00cdA - Los pol\u00edticos Veracruz","og_description":"Oved ContrerasSecas Mecas Les doli\u00f3 mucho perder Poza Rica y el crecimiento electoral que algunos dicen es superficial del partido naranja\u2026no estaba en el presupuesto\u2026es curioso que la narrativa del fraude de MC la sacaron despu\u00e9s de que el fraude de ellos no funcion\u00f3\u2026ahora la gobernadora Roc\u00edo Nahle se lanza con todo en contra de [&hellip;]","og_url":"https:\/\/lospoliticosveracruz.com\/?p=146797","og_site_name":"Los pol\u00edticos Veracruz","article_publisher":"https:\/\/www.facebook.com\/people\/Notimemes-de-los-Polticos\/61565672886568\/","article_published_time":"2025-06-10T13:41:36+00:00","article_modified_time":"2025-06-10T13:41:50+00:00","og_image":[{"width":600,"height":320,"url":"https:\/\/lospoliticosveracruz.com\/wp-content\/uploads\/2025\/04\/Oved-Contreras-e1768066319253.jpg","type":"image\/jpeg"}],"author":"Lo viste en Los Pol\u00edticos","twitter_card":"summary_large_image","twitter_creator":"@LosPoliticosVer","twitter_site":"@LosPoliticosVer","twitter_misc":{"Escrito por":"Lo viste en Los Pol\u00edticos","Tiempo de lectura":"5 minutos"},"schema":{"@context":"https:\/\/schema.org","@graph":[{"@type":"Article","@id":"https:\/\/lospoliticosveracruz.com\/?p=146797#article","isPartOf":{"@id":"https:\/\/lospoliticosveracruz.com\/?p=146797"},"author":{"name":"Lo viste en Los Pol\u00edticos","@id":"https:\/\/lospoliticosveracruz.com\/#\/schema\/person\/b8702bb0e538456e6efd07080bf2a4a2"},"headline":"SE ACUITLAHU\u00d3 LA T\u00cdA","datePublished":"2025-06-10T13:41:36+00:00","dateModified":"2025-06-10T13:41:50+00:00","mainEntityOfPage":{"@id":"https:\/\/lospoliticosveracruz.com\/?p=146797"},"wordCount":1016,"publisher":{"@id":"https:\/\/lospoliticosveracruz.com\/#organization"},"image":{"@id":"https:\/\/lospoliticosveracruz.com\/?p=146797#primaryimage"},"thumbnailUrl":"https:\/\/lospoliticosveracruz.com\/wp-content\/uploads\/2025\/04\/Oved-Contreras-e1768066319253.jpg","keywords":["Claudia Tello","David Quitano D\u00edaz","El\u00edas Calixto Armas","Movimiento Ciudadano","Poza Rica","Roc\u00edo Nahle","SEV"],"articleSection":["De Opini\u00f3n"],"inLanguage":"es"},{"@type":"WebPage","@id":"https:\/\/lospoliticosveracruz.com\/?p=146797","url":"https:\/\/lospoliticosveracruz.com\/?p=146797","name":"SE ACUITLAHU\u00d3 LA T\u00cdA - Los pol\u00edticos Veracruz","isPartOf":{"@id":"https:\/\/lospoliticosveracruz.com\/#website"},"primaryImageOfPage":{"@id":"https:\/\/lospoliticosveracruz.com\/?p=146797#primaryimage"},"image":{"@id":"https:\/\/lospoliticosveracruz.com\/?p=146797#primaryimage"},"thumbnailUrl":"https:\/\/lospoliticosveracruz.com\/wp-content\/uploads\/2025\/04\/Oved-Contreras-e1768066319253.jpg","datePublished":"2025-06-10T13:41:36+00:00","dateModified":"2025-06-10T13:41:50+00:00","breadcrumb":{"@id":"https:\/\/lospoliticosveracruz.com\/?p=146797#breadcrumb"},"inLanguage":"es","potentialAction":[{"@type":"ReadAction","target":["https:\/\/lospoliticosveracruz.com\/?p=146797"]}]},{"@type":"ImageObject","inLanguage":"es","@id":"https:\/\/lospoliticosveracruz.com\/?p=146797#primaryimage","url":"https:\/\/lospoliticosveracruz.com\/wp-content\/uploads\/2025\/04\/Oved-Contreras-e1768066319253.jpg","contentUrl":"https:\/\/lospoliticosveracruz.com\/wp-content\/uploads\/2025\/04\/Oved-Contreras-e1768066319253.jpg","width":600,"height":320},{"@type":"BreadcrumbList","@id":"https:\/\/lospoliticosveracruz.com\/?p=146797#breadcrumb","itemListElement":[{"@type":"ListItem","position":1,"name":"Portada","item":"https:\/\/lospoliticosveracruz.com\/"},{"@type":"ListItem","position":2,"name":"SE ACUITLAHU\u00d3 LA T\u00cdA"}]},{"@type":"WebSite","@id":"https:\/\/lospoliticosveracruz.com\/#website","url":"https:\/\/lospoliticosveracruz.com\/","name":"Los pol\u00edticos Veracruz","description":"","publisher":{"@id":"https:\/\/lospoliticosveracruz.com\/#organization"},"potentialAction":[{"@type":"SearchAction","target":{"@type":"EntryPoint","urlTemplate":"https:\/\/lospoliticosveracruz.com\/?s={search_term_string}"},"query-input":{"@type":"PropertyValueSpecification","valueRequired":true,"valueName":"search_term_string"}}],"inLanguage":"es"},{"@type":"Organization","@id":"https:\/\/lospoliticosveracruz.com\/#organization","name":"Los pol\u00edticos Veracruz","url":"https:\/\/lospoliticosveracruz.com\/","logo":{"@type":"ImageObject","inLanguage":"es","@id":"https:\/\/lospoliticosveracruz.com\/#\/schema\/logo\/image\/","url":"https:\/\/lospoliticosveracruz.com\/wp-content\/uploads\/2025\/12\/Logo-Nuevo-LOS-POLITICOS-1.jpg","contentUrl":"https:\/\/lospoliticosveracruz.com\/wp-content\/uploads\/2025\/12\/Logo-Nuevo-LOS-POLITICOS-1.jpg","width":260,"height":70,"caption":"Los pol\u00edticos Veracruz"},"image":{"@id":"https:\/\/lospoliticosveracruz.com\/#\/schema\/logo\/image\/"},"sameAs":["https:\/\/www.facebook.com\/people\/Notimemes-de-los-Polticos\/61565672886568\/","https:\/\/x.com\/LosPoliticosVer"]},{"@type":"Person","@id":"https:\/\/lospoliticosveracruz.com\/#\/schema\/person\/b8702bb0e538456e6efd07080bf2a4a2","name":"Lo viste en Los Pol\u00edticos","image":{"@type":"ImageObject","inLanguage":"es","@id":"https:\/\/secure.gravatar.com\/avatar\/3a8de04a2656d44082be478bd6c086daa447c4651605818287b9532d3d0bd435?s=96&d=mm&r=g","url":"https:\/\/secure.gravatar.com\/avatar\/3a8de04a2656d44082be478bd6c086daa447c4651605818287b9532d3d0bd435?s=96&d=mm&r=g","contentUrl":"https:\/\/secure.gravatar.com\/avatar\/3a8de04a2656d44082be478bd6c086daa447c4651605818287b9532d3d0bd435?s=96&d=mm&r=g","caption":"Lo viste en Los Pol\u00edticos"},"url":"https:\/\/lospoliticosveracruz.com\/?author=2"}]}},"_links":{"self":[{"href":"https:\/\/lospoliticosveracruz.com\/index.php?rest_route=\/wp\/v2\/posts\/146797","targetHints":{"allow":["GET"]}}],"collection":[{"href":"https:\/\/lospoliticosveracruz.com\/index.php?rest_route=\/wp\/v2\/posts"}],"about":[{"href":"https:\/\/lospoliticosveracruz.com\/index.php?rest_route=\/wp\/v2\/types\/post"}],"author":[{"embeddable":true,"href":"https:\/\/lospoliticosveracruz.com\/index.php?rest_route=\/wp\/v2\/users\/2"}],"replies":[{"embeddable":true,"href":"https:\/\/lospoliticosveracruz.com\/index.php?rest_route=%2Fwp%2Fv2%2Fcomments&post=146797"}],"version-history":[{"count":1,"href":"https:\/\/lospoliticosveracruz.com\/index.php?rest_route=\/wp\/v2\/posts\/146797\/revisions"}],"predecessor-version":[{"id":146800,"href":"https:\/\/lospoliticosveracruz.com\/index.php?rest_route=\/wp\/v2\/posts\/146797\/revisions\/146800"}],"wp:featuredmedia":[{"embeddable":true,"href":"https:\/\/lospoliticosveracruz.com\/index.php?rest_route=\/wp\/v2\/media\/141426"}],"wp:attachment":[{"href":"https:\/\/lospoliticosveracruz.com\/index.php?rest_route=%2Fwp%2Fv2%2Fmedia&parent=146797"}],"wp:term":[{"taxonomy":"category","embeddable":true,"href":"https:\/\/lospoliticosveracruz.com\/index.php?rest_route=%2Fwp%2Fv2%2Fcategories&post=146797"},{"taxonomy":"post_tag","embeddable":true,"href":"https:\/\/lospoliticosveracruz.com\/index.php?rest_route=%2Fwp%2Fv2%2Ftags&post=146797"}],"curies":[{"name":"wp","href":"https:\/\/api.w.org\/{rel}","templated":true}]}}