{"id":146861,"date":"2025-06-10T22:09:26","date_gmt":"2025-06-11T03:09:26","guid":{"rendered":"https:\/\/lospoliticosveracruz.com.mx\/?p=146861"},"modified":"2025-06-10T22:09:54","modified_gmt":"2025-06-11T03:09:54","slug":"ayuntamientos-salientes-y-entrantes-la-seguridad-publica-es-tema-urgente","status":"publish","type":"post","link":"https:\/\/lospoliticosveracruz.com\/?p=146861","title":{"rendered":"AYUNTAMIENTOS SALIENTES Y ENTRANTES; LA SEGURIDAD P\u00daBLICA ES TEMA URGENTE"},"content":{"rendered":"\n<p><strong>S\u00edguenos ahora tambi\u00e9n en WhatsApp. \u00a1<a href=\"https:\/\/whatsapp.com\/channel\/0029Va8zRWlEKyZIP3Z1dF0e\">Da clic aqu\u00ed<\/a>!<\/strong><\/p>\n\n\n\n<p><strong>Jos\u00e9 Luis Enr\u00edquez Ambell&nbsp;<\/strong><\/p>\n\n\n\n<p><em>Caf\u00e9 de Ma\u00f1ana<\/em><\/p>\n\n\n\n<p>El proceso de entrega recepci\u00f3n de todos los Ayuntamientos en Veracruz contiene temas y acciones m\u00e1s all\u00e1 de las obras p\u00fablicas, las acciones de infraestructura y los servicios; la seguridad p\u00fablica.<\/p>\n\n\n\n<p>En unos m\u00e1s que otros, pero la seguridad se ha convertido en inseguridad, y la frontera entre quienes saldr\u00e1n y llegar\u00e1n, a veces aligera y flexibiliza de m\u00e1s a la seguridad p\u00fablica y ciudadana.<\/p>\n\n\n\n<p>Durante las campa\u00f1as casi todos los ahora alcaldes y alcaldesas elect@s dedicaron parte de su discurso a ofrecer m\u00e9todos para abatir la inseguridad, y ahora se espera que resulten efectivos sus servicios municipales en ese rengl\u00f3n.<\/p>\n\n\n\n<p>Cabe decir que la planeaci\u00f3n, programaci\u00f3n y acciones en materia de seguridad p\u00fablica en casi todos los Ayuntamientos resulta asunto discontinuo, o dicho de otra forma; la llegada de una nueva administraci\u00f3n, hace cambiar a la estructura humana del \u00e1rea as\u00ed como, las din\u00e1micas operativas por nuevas formas de atender la seguridad p\u00fablica y ciudadana.<\/p>\n\n\n\n<p>Desafortunadamente se debe reconocer que en los recientes tiempos, los cambios de autoridades municipales parecen dar lugar a la falta de organizaci\u00f3n de la seguridad p\u00fablica, y con frecuencia los medios de comunicaci\u00f3n, las redes sociales y diversas autopistas de la informaci\u00f3n dan cuenta de hechos e il\u00edcitos que suceden igual a plena luz del d\u00eda o de la noche, en zonas urbanas, semiurbanas y rurales, sean comerciales o habitacionales.<\/p>\n\n\n\n<p>En el 80 % de la ruta de las administraciones municipales actuales y en plena recta final, se visualiza que las \u00e1reas operativas de seguridad p\u00fablica en un gran porcentaje no se acomodan ni acomodaron en t\u00e9rminos de eficacia, o dicho de otra manera, est\u00e1n quedando a deber a la sociedad en sus territorios.<\/p>\n\n\n\n<p>De por s\u00ed, la seguridad p\u00fablica, la procuraci\u00f3n y administraci\u00f3n de justicia en casi todo M\u00e9xico no atraviesan por sus mejores momentos, sin que esto resulte un alivio, pero no deja de ser una muy lamentable realidad.<\/p>\n\n\n\n<p>Y es que, la inseguridad no debe fragmentar la seguridad ni la tranquilidad social que todos necesitamos y que todas nuestras autoridades municipales a trav\u00e9s de las \u00e1reas de policia, nos deben brindar prevenci\u00f3n y protecci\u00f3n que garanticen la convivencia de la comunidad, evitando afectaciones a personas y sus bienes as\u00ed como, de las libertades y los derechos humanos.<\/p>\n\n\n\n<p>En la frontera del inicio sexenal estatal y los cierres municipales y nacimiento edilicio de las venideras administraciones parece que los actuales Ayuntamientos no se acomodan con sus fichas humanas en el tablero del ajedrez del combate a la&nbsp;&nbsp;Inseguridad P\u00fablica, siendo el primer piso de gobierno como referente para la atenci\u00f3n y el abatimiento de hechos il\u00edcitos.<\/p>\n\n\n\n<p><strong>DE SOBREMESA&nbsp;<\/strong><\/p>\n\n\n\n<p>Las autoridades de seguridad p\u00fablica de no atajar y abatir los delitos, indirectamente est\u00e1n fomentando que la sociedad busque activar su autodefensa, y esta no es soluci\u00f3n pac\u00edfica ni la mejor opci\u00f3n; \u201carmarse y contraatacar\u201d.<\/p>\n\n\n\n<p>Est\u00e1 probado que la autodefensa social no es soluci\u00f3n, pues lleva a otro tipo de delitos, pero ya nadie parece querer ser espectador de los hechos que da\u00f1an a las personas, as\u00ed como a sus seres queridos y bienes materiales.<\/p>\n\n\n\n<p><strong>UN CAF\u00c9 LECHERO LIGHT&nbsp;<\/strong><\/p>\n\n\n\n<p>Es de esperar que las venideras estructuras municipales, despu\u00e9s de las campa\u00f1as y en la ruta de sus equipos para la transici\u00f3n, brinden tiempo y esfuerzo para evaluar a elementos que conducir\u00e1n sus cuerpos de seguridad en t\u00e9rminos de las polic\u00edas, y replantear a trav\u00e9s de los Programas de Prevencion del Delito de sus mandos y no caer en la err\u00f3nea visi\u00f3n de que toda la seguridad solo es responsabilidad del estado y la federaci\u00f3n.<\/p>\n\n\n\n<p><strong>UN CAF\u00c9 CON PIQUETE&nbsp;<\/strong><\/p>\n\n\n\n<p>El congreso del estado marco el conteo para que en los pr\u00f3ximos 60 d\u00edas se concrete la extinci\u00f3n del IVAI.<\/p>\n\n\n\n<p>\u00a1ES CUANTO!<\/p>\n\n\n\n<p>enriquezambell@gmail.com;<\/p>\n\n\n\n<p>enamjl62@gmail.com<\/p>\n","protected":false},"excerpt":{"rendered":"<p>S\u00edguenos ahora tambi\u00e9n en WhatsApp. \u00a1Da clic aqu\u00ed! Jos\u00e9 Luis Enr\u00edquez Ambell&nbsp; Caf\u00e9 de Ma\u00f1ana El proceso de entrega recepci\u00f3n de todos los Ayuntamientos en Veracruz contiene temas y acciones m\u00e1s all\u00e1 de las obras p\u00fablicas, las acciones de infraestructura y los servicios; la seguridad p\u00fablica. En unos m\u00e1s que otros, pero la seguridad se [&hellip;]<\/p>\n","protected":false},"author":2,"featured_media":141435,"comment_status":"closed","ping_status":"closed","sticky":false,"template":"","format":"standard","meta":{"tdm_status":"","tdm_grid_status":"","footnotes":""},"categories":[70],"tags":[],"class_list":{"0":"post-146861","1":"post","2":"type-post","3":"status-publish","4":"format-standard","5":"has-post-thumbnail","7":"category-de-opinion"},"yoast_head":"<!-- This site is optimized with the Yoast SEO plugin v27.4 - https:\/\/yoast.com\/product\/yoast-seo-wordpress\/ -->\n<title>AYUNTAMIENTOS SALIENTES Y ENTRANTES; LA SEGURIDAD P\u00daBLICA ES TEMA URGENTE - Los pol\u00edticos Veracruz<\/title>\n<meta name=\"robots\" content=\"index, follow, max-snippet:-1, max-image-preview:large, max-video-preview:-1\" \/>\n<link rel=\"canonical\" href=\"https:\/\/lospoliticosveracruz.com\/?p=146861\" \/>\n<meta property=\"og:locale\" content=\"es_ES\" \/>\n<meta property=\"og:type\" content=\"article\" \/>\n<meta property=\"og:title\" content=\"AYUNTAMIENTOS SALIENTES Y ENTRANTES; LA SEGURIDAD P\u00daBLICA ES TEMA URGENTE - Los pol\u00edticos Veracruz\" \/>\n<meta property=\"og:description\" content=\"S\u00edguenos ahora tambi\u00e9n en WhatsApp. \u00a1Da clic aqu\u00ed! Jos\u00e9 Luis Enr\u00edquez Ambell&nbsp; Caf\u00e9 de Ma\u00f1ana El proceso de entrega recepci\u00f3n de todos los Ayuntamientos en Veracruz contiene temas y acciones m\u00e1s all\u00e1 de las obras p\u00fablicas, las acciones de infraestructura y los servicios; la seguridad p\u00fablica. En unos m\u00e1s que otros, pero la seguridad se [&hellip;]\" \/>\n<meta property=\"og:url\" content=\"https:\/\/lospoliticosveracruz.com\/?p=146861\" \/>\n<meta property=\"og:site_name\" content=\"Los pol\u00edticos Veracruz\" \/>\n<meta property=\"article:publisher\" content=\"https:\/\/www.facebook.com\/people\/Notimemes-de-los-Polticos\/61565672886568\/\" \/>\n<meta property=\"article:published_time\" content=\"2025-06-11T03:09:26+00:00\" \/>\n<meta property=\"article:modified_time\" content=\"2025-06-11T03:09:54+00:00\" \/>\n<meta property=\"og:image\" content=\"https:\/\/lospoliticosveracruz.com\/wp-content\/uploads\/2025\/04\/Ambell.jpg\" \/>\n\t<meta property=\"og:image:width\" content=\"1250\" \/>\n\t<meta property=\"og:image:height\" content=\"667\" \/>\n\t<meta property=\"og:image:type\" content=\"image\/jpeg\" \/>\n<meta name=\"author\" content=\"Lo viste en Los Pol\u00edticos\" \/>\n<meta name=\"twitter:card\" content=\"summary_large_image\" \/>\n<meta name=\"twitter:creator\" content=\"@LosPoliticosVer\" \/>\n<meta name=\"twitter:site\" content=\"@LosPoliticosVer\" \/>\n<meta name=\"twitter:label1\" content=\"Escrito por\" \/>\n\t<meta name=\"twitter:data1\" content=\"Lo viste en Los Pol\u00edticos\" \/>\n\t<meta name=\"twitter:label2\" content=\"Tiempo de lectura\" \/>\n\t<meta name=\"twitter:data2\" content=\"4 minutos\" \/>\n<script type=\"application\/ld+json\" class=\"yoast-schema-graph\">{\"@context\":\"https:\\\/\\\/schema.org\",\"@graph\":[{\"@type\":\"Article\",\"@id\":\"https:\\\/\\\/lospoliticosveracruz.com\\\/?p=146861#article\",\"isPartOf\":{\"@id\":\"https:\\\/\\\/lospoliticosveracruz.com\\\/?p=146861\"},\"author\":{\"name\":\"Lo viste en Los Pol\u00edticos\",\"@id\":\"https:\\\/\\\/lospoliticosveracruz.com\\\/#\\\/schema\\\/person\\\/b8702bb0e538456e6efd07080bf2a4a2\"},\"headline\":\"AYUNTAMIENTOS SALIENTES Y ENTRANTES; LA SEGURIDAD P\u00daBLICA ES TEMA URGENTE\",\"datePublished\":\"2025-06-11T03:09:26+00:00\",\"dateModified\":\"2025-06-11T03:09:54+00:00\",\"mainEntityOfPage\":{\"@id\":\"https:\\\/\\\/lospoliticosveracruz.com\\\/?p=146861\"},\"wordCount\":713,\"publisher\":{\"@id\":\"https:\\\/\\\/lospoliticosveracruz.com\\\/#organization\"},\"image\":{\"@id\":\"https:\\\/\\\/lospoliticosveracruz.com\\\/?p=146861#primaryimage\"},\"thumbnailUrl\":\"https:\\\/\\\/lospoliticosveracruz.com\\\/wp-content\\\/uploads\\\/2025\\\/04\\\/Ambell.jpg\",\"articleSection\":[\"De Opini\u00f3n\"],\"inLanguage\":\"es\"},{\"@type\":\"WebPage\",\"@id\":\"https:\\\/\\\/lospoliticosveracruz.com\\\/?p=146861\",\"url\":\"https:\\\/\\\/lospoliticosveracruz.com\\\/?p=146861\",\"name\":\"AYUNTAMIENTOS SALIENTES Y ENTRANTES; LA SEGURIDAD P\u00daBLICA ES TEMA URGENTE - Los pol\u00edticos Veracruz\",\"isPartOf\":{\"@id\":\"https:\\\/\\\/lospoliticosveracruz.com\\\/#website\"},\"primaryImageOfPage\":{\"@id\":\"https:\\\/\\\/lospoliticosveracruz.com\\\/?p=146861#primaryimage\"},\"image\":{\"@id\":\"https:\\\/\\\/lospoliticosveracruz.com\\\/?p=146861#primaryimage\"},\"thumbnailUrl\":\"https:\\\/\\\/lospoliticosveracruz.com\\\/wp-content\\\/uploads\\\/2025\\\/04\\\/Ambell.jpg\",\"datePublished\":\"2025-06-11T03:09:26+00:00\",\"dateModified\":\"2025-06-11T03:09:54+00:00\",\"breadcrumb\":{\"@id\":\"https:\\\/\\\/lospoliticosveracruz.com\\\/?p=146861#breadcrumb\"},\"inLanguage\":\"es\",\"potentialAction\":[{\"@type\":\"ReadAction\",\"target\":[\"https:\\\/\\\/lospoliticosveracruz.com\\\/?p=146861\"]}]},{\"@type\":\"ImageObject\",\"inLanguage\":\"es\",\"@id\":\"https:\\\/\\\/lospoliticosveracruz.com\\\/?p=146861#primaryimage\",\"url\":\"https:\\\/\\\/lospoliticosveracruz.com\\\/wp-content\\\/uploads\\\/2025\\\/04\\\/Ambell.jpg\",\"contentUrl\":\"https:\\\/\\\/lospoliticosveracruz.com\\\/wp-content\\\/uploads\\\/2025\\\/04\\\/Ambell.jpg\",\"width\":1250,\"height\":667},{\"@type\":\"BreadcrumbList\",\"@id\":\"https:\\\/\\\/lospoliticosveracruz.com\\\/?p=146861#breadcrumb\",\"itemListElement\":[{\"@type\":\"ListItem\",\"position\":1,\"name\":\"Portada\",\"item\":\"https:\\\/\\\/lospoliticosveracruz.com\\\/\"},{\"@type\":\"ListItem\",\"position\":2,\"name\":\"AYUNTAMIENTOS SALIENTES Y ENTRANTES; LA SEGURIDAD P\u00daBLICA ES TEMA URGENTE\"}]},{\"@type\":\"WebSite\",\"@id\":\"https:\\\/\\\/lospoliticosveracruz.com\\\/#website\",\"url\":\"https:\\\/\\\/lospoliticosveracruz.com\\\/\",\"name\":\"Los pol\u00edticos Veracruz\",\"description\":\"\",\"publisher\":{\"@id\":\"https:\\\/\\\/lospoliticosveracruz.com\\\/#organization\"},\"potentialAction\":[{\"@type\":\"SearchAction\",\"target\":{\"@type\":\"EntryPoint\",\"urlTemplate\":\"https:\\\/\\\/lospoliticosveracruz.com\\\/?s={search_term_string}\"},\"query-input\":{\"@type\":\"PropertyValueSpecification\",\"valueRequired\":true,\"valueName\":\"search_term_string\"}}],\"inLanguage\":\"es\"},{\"@type\":\"Organization\",\"@id\":\"https:\\\/\\\/lospoliticosveracruz.com\\\/#organization\",\"name\":\"Los pol\u00edticos Veracruz\",\"url\":\"https:\\\/\\\/lospoliticosveracruz.com\\\/\",\"logo\":{\"@type\":\"ImageObject\",\"inLanguage\":\"es\",\"@id\":\"https:\\\/\\\/lospoliticosveracruz.com\\\/#\\\/schema\\\/logo\\\/image\\\/\",\"url\":\"https:\\\/\\\/lospoliticosveracruz.com\\\/wp-content\\\/uploads\\\/2025\\\/12\\\/Logo-Nuevo-LOS-POLITICOS-1.jpg\",\"contentUrl\":\"https:\\\/\\\/lospoliticosveracruz.com\\\/wp-content\\\/uploads\\\/2025\\\/12\\\/Logo-Nuevo-LOS-POLITICOS-1.jpg\",\"width\":260,\"height\":70,\"caption\":\"Los pol\u00edticos Veracruz\"},\"image\":{\"@id\":\"https:\\\/\\\/lospoliticosveracruz.com\\\/#\\\/schema\\\/logo\\\/image\\\/\"},\"sameAs\":[\"https:\\\/\\\/www.facebook.com\\\/people\\\/Notimemes-de-los-Polticos\\\/61565672886568\\\/\",\"https:\\\/\\\/x.com\\\/LosPoliticosVer\"]},{\"@type\":\"Person\",\"@id\":\"https:\\\/\\\/lospoliticosveracruz.com\\\/#\\\/schema\\\/person\\\/b8702bb0e538456e6efd07080bf2a4a2\",\"name\":\"Lo viste en Los Pol\u00edticos\",\"image\":{\"@type\":\"ImageObject\",\"inLanguage\":\"es\",\"@id\":\"https:\\\/\\\/secure.gravatar.com\\\/avatar\\\/3a8de04a2656d44082be478bd6c086daa447c4651605818287b9532d3d0bd435?s=96&d=mm&r=g\",\"url\":\"https:\\\/\\\/secure.gravatar.com\\\/avatar\\\/3a8de04a2656d44082be478bd6c086daa447c4651605818287b9532d3d0bd435?s=96&d=mm&r=g\",\"contentUrl\":\"https:\\\/\\\/secure.gravatar.com\\\/avatar\\\/3a8de04a2656d44082be478bd6c086daa447c4651605818287b9532d3d0bd435?s=96&d=mm&r=g\",\"caption\":\"Lo viste en Los Pol\u00edticos\"},\"url\":\"https:\\\/\\\/lospoliticosveracruz.com\\\/?author=2\"}]}<\/script>\n<!-- \/ Yoast SEO plugin. -->","yoast_head_json":{"title":"AYUNTAMIENTOS SALIENTES Y ENTRANTES; LA SEGURIDAD P\u00daBLICA ES TEMA URGENTE - Los pol\u00edticos Veracruz","robots":{"index":"index","follow":"follow","max-snippet":"max-snippet:-1","max-image-preview":"max-image-preview:large","max-video-preview":"max-video-preview:-1"},"canonical":"https:\/\/lospoliticosveracruz.com\/?p=146861","og_locale":"es_ES","og_type":"article","og_title":"AYUNTAMIENTOS SALIENTES Y ENTRANTES; LA SEGURIDAD P\u00daBLICA ES TEMA URGENTE - Los pol\u00edticos Veracruz","og_description":"S\u00edguenos ahora tambi\u00e9n en WhatsApp. \u00a1Da clic aqu\u00ed! Jos\u00e9 Luis Enr\u00edquez Ambell&nbsp; Caf\u00e9 de Ma\u00f1ana El proceso de entrega recepci\u00f3n de todos los Ayuntamientos en Veracruz contiene temas y acciones m\u00e1s all\u00e1 de las obras p\u00fablicas, las acciones de infraestructura y los servicios; la seguridad p\u00fablica. En unos m\u00e1s que otros, pero la seguridad se [&hellip;]","og_url":"https:\/\/lospoliticosveracruz.com\/?p=146861","og_site_name":"Los pol\u00edticos Veracruz","article_publisher":"https:\/\/www.facebook.com\/people\/Notimemes-de-los-Polticos\/61565672886568\/","article_published_time":"2025-06-11T03:09:26+00:00","article_modified_time":"2025-06-11T03:09:54+00:00","og_image":[{"width":1250,"height":667,"url":"https:\/\/lospoliticosveracruz.com\/wp-content\/uploads\/2025\/04\/Ambell.jpg","type":"image\/jpeg"}],"author":"Lo viste en Los Pol\u00edticos","twitter_card":"summary_large_image","twitter_creator":"@LosPoliticosVer","twitter_site":"@LosPoliticosVer","twitter_misc":{"Escrito por":"Lo viste en Los Pol\u00edticos","Tiempo de lectura":"4 minutos"},"schema":{"@context":"https:\/\/schema.org","@graph":[{"@type":"Article","@id":"https:\/\/lospoliticosveracruz.com\/?p=146861#article","isPartOf":{"@id":"https:\/\/lospoliticosveracruz.com\/?p=146861"},"author":{"name":"Lo viste en Los Pol\u00edticos","@id":"https:\/\/lospoliticosveracruz.com\/#\/schema\/person\/b8702bb0e538456e6efd07080bf2a4a2"},"headline":"AYUNTAMIENTOS SALIENTES Y ENTRANTES; LA SEGURIDAD P\u00daBLICA ES TEMA URGENTE","datePublished":"2025-06-11T03:09:26+00:00","dateModified":"2025-06-11T03:09:54+00:00","mainEntityOfPage":{"@id":"https:\/\/lospoliticosveracruz.com\/?p=146861"},"wordCount":713,"publisher":{"@id":"https:\/\/lospoliticosveracruz.com\/#organization"},"image":{"@id":"https:\/\/lospoliticosveracruz.com\/?p=146861#primaryimage"},"thumbnailUrl":"https:\/\/lospoliticosveracruz.com\/wp-content\/uploads\/2025\/04\/Ambell.jpg","articleSection":["De Opini\u00f3n"],"inLanguage":"es"},{"@type":"WebPage","@id":"https:\/\/lospoliticosveracruz.com\/?p=146861","url":"https:\/\/lospoliticosveracruz.com\/?p=146861","name":"AYUNTAMIENTOS SALIENTES Y ENTRANTES; LA SEGURIDAD P\u00daBLICA ES TEMA URGENTE - Los pol\u00edticos Veracruz","isPartOf":{"@id":"https:\/\/lospoliticosveracruz.com\/#website"},"primaryImageOfPage":{"@id":"https:\/\/lospoliticosveracruz.com\/?p=146861#primaryimage"},"image":{"@id":"https:\/\/lospoliticosveracruz.com\/?p=146861#primaryimage"},"thumbnailUrl":"https:\/\/lospoliticosveracruz.com\/wp-content\/uploads\/2025\/04\/Ambell.jpg","datePublished":"2025-06-11T03:09:26+00:00","dateModified":"2025-06-11T03:09:54+00:00","breadcrumb":{"@id":"https:\/\/lospoliticosveracruz.com\/?p=146861#breadcrumb"},"inLanguage":"es","potentialAction":[{"@type":"ReadAction","target":["https:\/\/lospoliticosveracruz.com\/?p=146861"]}]},{"@type":"ImageObject","inLanguage":"es","@id":"https:\/\/lospoliticosveracruz.com\/?p=146861#primaryimage","url":"https:\/\/lospoliticosveracruz.com\/wp-content\/uploads\/2025\/04\/Ambell.jpg","contentUrl":"https:\/\/lospoliticosveracruz.com\/wp-content\/uploads\/2025\/04\/Ambell.jpg","width":1250,"height":667},{"@type":"BreadcrumbList","@id":"https:\/\/lospoliticosveracruz.com\/?p=146861#breadcrumb","itemListElement":[{"@type":"ListItem","position":1,"name":"Portada","item":"https:\/\/lospoliticosveracruz.com\/"},{"@type":"ListItem","position":2,"name":"AYUNTAMIENTOS SALIENTES Y ENTRANTES; LA SEGURIDAD P\u00daBLICA ES TEMA URGENTE"}]},{"@type":"WebSite","@id":"https:\/\/lospoliticosveracruz.com\/#website","url":"https:\/\/lospoliticosveracruz.com\/","name":"Los pol\u00edticos Veracruz","description":"","publisher":{"@id":"https:\/\/lospoliticosveracruz.com\/#organization"},"potentialAction":[{"@type":"SearchAction","target":{"@type":"EntryPoint","urlTemplate":"https:\/\/lospoliticosveracruz.com\/?s={search_term_string}"},"query-input":{"@type":"PropertyValueSpecification","valueRequired":true,"valueName":"search_term_string"}}],"inLanguage":"es"},{"@type":"Organization","@id":"https:\/\/lospoliticosveracruz.com\/#organization","name":"Los pol\u00edticos Veracruz","url":"https:\/\/lospoliticosveracruz.com\/","logo":{"@type":"ImageObject","inLanguage":"es","@id":"https:\/\/lospoliticosveracruz.com\/#\/schema\/logo\/image\/","url":"https:\/\/lospoliticosveracruz.com\/wp-content\/uploads\/2025\/12\/Logo-Nuevo-LOS-POLITICOS-1.jpg","contentUrl":"https:\/\/lospoliticosveracruz.com\/wp-content\/uploads\/2025\/12\/Logo-Nuevo-LOS-POLITICOS-1.jpg","width":260,"height":70,"caption":"Los pol\u00edticos Veracruz"},"image":{"@id":"https:\/\/lospoliticosveracruz.com\/#\/schema\/logo\/image\/"},"sameAs":["https:\/\/www.facebook.com\/people\/Notimemes-de-los-Polticos\/61565672886568\/","https:\/\/x.com\/LosPoliticosVer"]},{"@type":"Person","@id":"https:\/\/lospoliticosveracruz.com\/#\/schema\/person\/b8702bb0e538456e6efd07080bf2a4a2","name":"Lo viste en Los Pol\u00edticos","image":{"@type":"ImageObject","inLanguage":"es","@id":"https:\/\/secure.gravatar.com\/avatar\/3a8de04a2656d44082be478bd6c086daa447c4651605818287b9532d3d0bd435?s=96&d=mm&r=g","url":"https:\/\/secure.gravatar.com\/avatar\/3a8de04a2656d44082be478bd6c086daa447c4651605818287b9532d3d0bd435?s=96&d=mm&r=g","contentUrl":"https:\/\/secure.gravatar.com\/avatar\/3a8de04a2656d44082be478bd6c086daa447c4651605818287b9532d3d0bd435?s=96&d=mm&r=g","caption":"Lo viste en Los Pol\u00edticos"},"url":"https:\/\/lospoliticosveracruz.com\/?author=2"}]}},"_links":{"self":[{"href":"https:\/\/lospoliticosveracruz.com\/index.php?rest_route=\/wp\/v2\/posts\/146861","targetHints":{"allow":["GET"]}}],"collection":[{"href":"https:\/\/lospoliticosveracruz.com\/index.php?rest_route=\/wp\/v2\/posts"}],"about":[{"href":"https:\/\/lospoliticosveracruz.com\/index.php?rest_route=\/wp\/v2\/types\/post"}],"author":[{"embeddable":true,"href":"https:\/\/lospoliticosveracruz.com\/index.php?rest_route=\/wp\/v2\/users\/2"}],"replies":[{"embeddable":true,"href":"https:\/\/lospoliticosveracruz.com\/index.php?rest_route=%2Fwp%2Fv2%2Fcomments&post=146861"}],"version-history":[{"count":1,"href":"https:\/\/lospoliticosveracruz.com\/index.php?rest_route=\/wp\/v2\/posts\/146861\/revisions"}],"predecessor-version":[{"id":146862,"href":"https:\/\/lospoliticosveracruz.com\/index.php?rest_route=\/wp\/v2\/posts\/146861\/revisions\/146862"}],"wp:featuredmedia":[{"embeddable":true,"href":"https:\/\/lospoliticosveracruz.com\/index.php?rest_route=\/wp\/v2\/media\/141435"}],"wp:attachment":[{"href":"https:\/\/lospoliticosveracruz.com\/index.php?rest_route=%2Fwp%2Fv2%2Fmedia&parent=146861"}],"wp:term":[{"taxonomy":"category","embeddable":true,"href":"https:\/\/lospoliticosveracruz.com\/index.php?rest_route=%2Fwp%2Fv2%2Fcategories&post=146861"},{"taxonomy":"post_tag","embeddable":true,"href":"https:\/\/lospoliticosveracruz.com\/index.php?rest_route=%2Fwp%2Fv2%2Ftags&post=146861"}],"curies":[{"name":"wp","href":"https:\/\/api.w.org\/{rel}","templated":true}]}}