{"id":146864,"date":"2025-06-10T22:35:40","date_gmt":"2025-06-11T03:35:40","guid":{"rendered":"https:\/\/lospoliticosveracruz.com.mx\/?p=146864"},"modified":"2025-06-10T22:36:16","modified_gmt":"2025-06-11T03:36:16","slug":"desaparecidas-2","status":"publish","type":"post","link":"https:\/\/lospoliticosveracruz.com\/?p=146864","title":{"rendered":"DESAPARECIDAS"},"content":{"rendered":"\n<p><br><\/p>\n\n\n\n\n\n<p><br><strong>Guadalupe H. Mar<\/strong><\/p>\n\n\n\n<p><em>Mira Pol\u00edtica&nbsp;<\/em><\/p>\n\n\n\n<p><strong>EN VERACRUZ<\/strong>&nbsp;\u2026 Para no resbalar con la terminolog\u00eda mercadol\u00f3gica que le ha dado diferentes denominaciones a los \u201cpros y contras\u201d, sobre todo a esto \u00faltimo que para que no suene tan rudo le llaman nicho de oportunidad, dir\u00edamos que Veracruz tiene entre sus indicadores negativos la desaparici\u00f3n de personas, sobre todo de mujeres.<\/p>\n\n\n\n<p>Tan solo de enero a abril de este a\u00f1o, con base en datos del Observatorio Universitario de Violencias contra las Mujeres de la Universidad Veracruzana (UV), que coordina la doctora Estela Casados Gonz\u00e1lez, el @OUVmujeres contabiliz\u00f3 en su monitoreo estatal, la desaparici\u00f3n de 270 mujeres en los meses de enero a abril, de las cuales fueron localizadas 196 y de ellas tres sin vida.<\/p>\n\n\n\n<p>Las cifras son de suyo preocupantes y seguramente a algunos m\u00e1s que preocuparles les genera molestia, pues quisieran que ese indicador no empa\u00f1ara la pretensi\u00f3n de que Veracruz est\u00e9 de moda.<\/p>\n\n\n\n<p>M\u00e1s que molestarse, enojarse o tratar de ocultar el sol con un dedo, quienes tienen la responsabilidad constitucional de dar seguridad a los veracruzanos debieran apoyar la labor que realiza el Observatorio Universitario de Violencias contra las Mujeres de la UV, pues le abre un nicho de oportunidad para servirle a la ciudadan\u00eda que radica en la entidad veracruzana.<\/p>\n\n\n\n<p>La esencia de la frase \u00abLo que no se puede medir no se puede mejorar\u00bb, se testimonia en los informes del @OUVmujeres, que se hacen p\u00fablicos y se difunden a nivel planetario gracias a las redes sociales, no para hacer enojar a nadie, sino para visibilizar una problem\u00e1tica que debe ser atendida y considerada, sobre todo, como una prioridad gubernamental.<\/p>\n\n\n\n<p><strong>VAYANLE ANOTANDO<\/strong>&nbsp;\u2026 Los colaboradores de las futuras y futuros presidentes municipales, debieran ir tomando nota de los resultados de los monitoreos que realiza el Observatorio Universitario de Violencias contra las Mujeres de la UV, que se publican en:&nbsp;<a href=\"https:\/\/www.uv.mx\/ouvmujeres\/\"><strong><em>https:\/\/www.uv.mx\/ouvmujeres\/<\/em><\/strong><\/a>&nbsp;pues&nbsp;&nbsp;no est\u00e1n ustedes para saberlo amables lectoras y lectores, pero son cinco los municipios veracruzanos con altos \u00edndices de desaparici\u00f3n de personas.<\/p>\n\n\n\n<p>Para que no se queden con la duda les compartimos el dato. De las 270 mujeres desaparecidas en los meses de enero, febrero, marzo y abril, en el municipio de Xalapa, capital del estado y sede de los tres poderes, se registr\u00f3 la desaparici\u00f3n de 40 de ellas, la cifra m\u00e1s alta.<\/p>\n\n\n\n<p>Le sigui\u00f3 Veracruz puerto con 38 mujeres desaparecidas.<\/p>\n\n\n\n<p>Luego Poza Rica con 17 y en cuarto y quinto lugar Coatzacoalcos y C\u00f3rdoba con 11 mujeres desaparecidas cada uno durante el primer cuatrimestre de este a\u00f1o.<\/p>\n\n\n\n<p>Por lo anterior insistimos. Las futuras y futuros presidentes municipales, as\u00ed como quienes actualmente est\u00e1n a cargo del gobierno del estado de Veracruz, m\u00e1s que pretender ocultar el sol con un dedo y minimizar las acciones del @OUVmujres, debieran sumarse a esta labor y, sobre todo, m\u00e1s que preocuparse, ocuparse en dise\u00f1ar estrategias para paliar la desaparici\u00f3n de mujeres en el territorio veracruzano.<\/p>\n\n\n\n<p>O se es parte de la soluci\u00f3n, o se es parte del problema. As\u00ed de simple.<\/p>\n\n\n\n<p><strong>RELEVO DE PARTES<\/strong>&nbsp;\u2026 Como testimonio de que el pueblo se cansa de tanta y tanta transa, vecinos de la colonia Puerto M\u00e9xico del municipio de Coatzacoalcos, est\u00e1n ofreciendo recompensa de 50 mil pesos a quien proporcione informaci\u00f3n para dar con un ladr\u00f3n que ya hizo de esa zona su minita de oro.<\/p>\n\n\n\n<p>Hace unos d\u00edas, ese ladr\u00f3n de quien tienen fotograf\u00edas y videos, se meti\u00f3 a un taller mec\u00e1nico y pr\u00e1cticamente se llev\u00f3 toda la herramienta.<\/p>\n\n\n\n<p>Tras ese hurto, los vecinos decidieron marcarle el alto y ofrecer 50 mil pesos a quien ofrezca datos sobre su ubicaci\u00f3n.<\/p>\n\n\n\n<p><strong>TODOS PARA UNO<\/strong>&nbsp;\u2026 Ya rebas\u00f3 los l\u00edmites locales y nacionales la persecuci\u00f3n judicial emprendida por el Partido Verde Ecologista de M\u00e9xico (PVEM) en contra del colectivo radiof\u00f3nico indigenista, Radio Teocelo, particularmente sobre Jos\u00e9 Elfego de Jes\u00fas Riveros Hern\u00e1ndez, periodista y fundador de la estaci\u00f3n XEYTM 1490 AM.<\/p>\n\n\n\n<p>A Elfego se le acusa de un supuesto acto de violencia pol\u00edtica en raz\u00f3n de g\u00e9nero que el comunicador habr\u00eda ejercido en contra de una integrante del PVEM.<\/p>\n\n\n\n<p><strong>NOTABLE Y CITABLE<\/strong>&nbsp;\u2026 Imperdible y casi, casi una c\u00e1tedra jur\u00eddica, fue la entrevista que concedi\u00f3 el doctor Salvador Valencia Carmona, ex rector de la Universidad Veracruzana, sobre el asunto de la pr\u00f3rroga en la rector\u00eda de la UV.<\/p>\n\n\n\n<p>Cada p\u00e1rrafo de la entrevista es una c\u00e1tedra jur\u00eddica:&nbsp;<a href=\"https:\/\/acortar.link\/FS5lSu\"><strong><em>https:\/\/acortar.link\/FS5lSu<\/em><\/strong><\/a><\/p>\n\n\n\n<p>D\u00cdGALO SIN MIEDO \u2026 Al correo electr\u00f3nico guadalupehmar@gmail.com<\/p>\n","protected":false},"excerpt":{"rendered":"<p>Guadalupe H. Mar Mira Pol\u00edtica&nbsp; EN VERACRUZ&nbsp;\u2026 Para no resbalar con la terminolog\u00eda mercadol\u00f3gica que le ha dado diferentes denominaciones a los \u201cpros y contras\u201d, sobre todo a esto \u00faltimo que para que no suene tan rudo le llaman nicho de oportunidad, dir\u00edamos que Veracruz tiene entre sus indicadores negativos la desaparici\u00f3n de personas, sobre [&hellip;]<\/p>\n","protected":false},"author":2,"featured_media":141398,"comment_status":"closed","ping_status":"closed","sticky":false,"template":"","format":"standard","meta":{"tdm_status":"","tdm_grid_status":"","footnotes":""},"categories":[70],"tags":[10978],"class_list":{"0":"post-146864","1":"post","2":"type-post","3":"status-publish","4":"format-standard","5":"has-post-thumbnail","7":"category-de-opinion","8":"tag-observatorio-universitario-de-violencias-contra-las-mujeres"},"yoast_head":"<!-- This site is optimized with the Yoast SEO plugin v27.4 - https:\/\/yoast.com\/product\/yoast-seo-wordpress\/ -->\n<title>DESAPARECIDAS - Los pol\u00edticos Veracruz<\/title>\n<meta name=\"robots\" content=\"index, follow, max-snippet:-1, max-image-preview:large, max-video-preview:-1\" \/>\n<link rel=\"canonical\" href=\"https:\/\/lospoliticosveracruz.com\/?p=146864\" \/>\n<meta property=\"og:locale\" content=\"es_ES\" \/>\n<meta property=\"og:type\" content=\"article\" \/>\n<meta property=\"og:title\" content=\"DESAPARECIDAS - Los pol\u00edticos Veracruz\" \/>\n<meta property=\"og:description\" content=\"Guadalupe H. Mar Mira Pol\u00edtica&nbsp; EN VERACRUZ&nbsp;\u2026 Para no resbalar con la terminolog\u00eda mercadol\u00f3gica que le ha dado diferentes denominaciones a los \u201cpros y contras\u201d, sobre todo a esto \u00faltimo que para que no suene tan rudo le llaman nicho de oportunidad, dir\u00edamos que Veracruz tiene entre sus indicadores negativos la desaparici\u00f3n de personas, sobre [&hellip;]\" \/>\n<meta property=\"og:url\" content=\"https:\/\/lospoliticosveracruz.com\/?p=146864\" \/>\n<meta property=\"og:site_name\" content=\"Los pol\u00edticos Veracruz\" \/>\n<meta property=\"article:publisher\" content=\"https:\/\/www.facebook.com\/people\/Notimemes-de-los-Polticos\/61565672886568\/\" \/>\n<meta property=\"article:published_time\" content=\"2025-06-11T03:35:40+00:00\" \/>\n<meta property=\"article:modified_time\" content=\"2025-06-11T03:36:16+00:00\" \/>\n<meta property=\"og:image\" content=\"https:\/\/lospoliticosveracruz.com\/wp-content\/uploads\/2025\/04\/Lupita-H-Mar.jpg\" \/>\n\t<meta property=\"og:image:width\" content=\"1250\" \/>\n\t<meta property=\"og:image:height\" content=\"667\" \/>\n\t<meta property=\"og:image:type\" content=\"image\/jpeg\" \/>\n<meta name=\"author\" content=\"Lo viste en Los Pol\u00edticos\" \/>\n<meta name=\"twitter:card\" content=\"summary_large_image\" \/>\n<meta name=\"twitter:creator\" content=\"@LosPoliticosVer\" \/>\n<meta name=\"twitter:site\" content=\"@LosPoliticosVer\" \/>\n<meta name=\"twitter:label1\" content=\"Escrito por\" \/>\n\t<meta name=\"twitter:data1\" content=\"Lo viste en Los Pol\u00edticos\" \/>\n\t<meta name=\"twitter:label2\" content=\"Tiempo de lectura\" \/>\n\t<meta name=\"twitter:data2\" content=\"4 minutos\" \/>\n<script type=\"application\/ld+json\" class=\"yoast-schema-graph\">{\"@context\":\"https:\\\/\\\/schema.org\",\"@graph\":[{\"@type\":\"Article\",\"@id\":\"https:\\\/\\\/lospoliticosveracruz.com\\\/?p=146864#article\",\"isPartOf\":{\"@id\":\"https:\\\/\\\/lospoliticosveracruz.com\\\/?p=146864\"},\"author\":{\"name\":\"Lo viste en Los Pol\u00edticos\",\"@id\":\"https:\\\/\\\/lospoliticosveracruz.com\\\/#\\\/schema\\\/person\\\/b8702bb0e538456e6efd07080bf2a4a2\"},\"headline\":\"DESAPARECIDAS\",\"datePublished\":\"2025-06-11T03:35:40+00:00\",\"dateModified\":\"2025-06-11T03:36:16+00:00\",\"mainEntityOfPage\":{\"@id\":\"https:\\\/\\\/lospoliticosveracruz.com\\\/?p=146864\"},\"wordCount\":796,\"publisher\":{\"@id\":\"https:\\\/\\\/lospoliticosveracruz.com\\\/#organization\"},\"image\":{\"@id\":\"https:\\\/\\\/lospoliticosveracruz.com\\\/?p=146864#primaryimage\"},\"thumbnailUrl\":\"https:\\\/\\\/lospoliticosveracruz.com\\\/wp-content\\\/uploads\\\/2025\\\/04\\\/Lupita-H-Mar.jpg\",\"keywords\":[\"Observatorio Universitario de Violencias contra las Mujeres\"],\"articleSection\":[\"De Opini\u00f3n\"],\"inLanguage\":\"es\"},{\"@type\":\"WebPage\",\"@id\":\"https:\\\/\\\/lospoliticosveracruz.com\\\/?p=146864\",\"url\":\"https:\\\/\\\/lospoliticosveracruz.com\\\/?p=146864\",\"name\":\"DESAPARECIDAS - Los pol\u00edticos Veracruz\",\"isPartOf\":{\"@id\":\"https:\\\/\\\/lospoliticosveracruz.com\\\/#website\"},\"primaryImageOfPage\":{\"@id\":\"https:\\\/\\\/lospoliticosveracruz.com\\\/?p=146864#primaryimage\"},\"image\":{\"@id\":\"https:\\\/\\\/lospoliticosveracruz.com\\\/?p=146864#primaryimage\"},\"thumbnailUrl\":\"https:\\\/\\\/lospoliticosveracruz.com\\\/wp-content\\\/uploads\\\/2025\\\/04\\\/Lupita-H-Mar.jpg\",\"datePublished\":\"2025-06-11T03:35:40+00:00\",\"dateModified\":\"2025-06-11T03:36:16+00:00\",\"breadcrumb\":{\"@id\":\"https:\\\/\\\/lospoliticosveracruz.com\\\/?p=146864#breadcrumb\"},\"inLanguage\":\"es\",\"potentialAction\":[{\"@type\":\"ReadAction\",\"target\":[\"https:\\\/\\\/lospoliticosveracruz.com\\\/?p=146864\"]}]},{\"@type\":\"ImageObject\",\"inLanguage\":\"es\",\"@id\":\"https:\\\/\\\/lospoliticosveracruz.com\\\/?p=146864#primaryimage\",\"url\":\"https:\\\/\\\/lospoliticosveracruz.com\\\/wp-content\\\/uploads\\\/2025\\\/04\\\/Lupita-H-Mar.jpg\",\"contentUrl\":\"https:\\\/\\\/lospoliticosveracruz.com\\\/wp-content\\\/uploads\\\/2025\\\/04\\\/Lupita-H-Mar.jpg\",\"width\":1250,\"height\":667},{\"@type\":\"BreadcrumbList\",\"@id\":\"https:\\\/\\\/lospoliticosveracruz.com\\\/?p=146864#breadcrumb\",\"itemListElement\":[{\"@type\":\"ListItem\",\"position\":1,\"name\":\"Portada\",\"item\":\"https:\\\/\\\/lospoliticosveracruz.com\\\/\"},{\"@type\":\"ListItem\",\"position\":2,\"name\":\"DESAPARECIDAS\"}]},{\"@type\":\"WebSite\",\"@id\":\"https:\\\/\\\/lospoliticosveracruz.com\\\/#website\",\"url\":\"https:\\\/\\\/lospoliticosveracruz.com\\\/\",\"name\":\"Los pol\u00edticos Veracruz\",\"description\":\"\",\"publisher\":{\"@id\":\"https:\\\/\\\/lospoliticosveracruz.com\\\/#organization\"},\"potentialAction\":[{\"@type\":\"SearchAction\",\"target\":{\"@type\":\"EntryPoint\",\"urlTemplate\":\"https:\\\/\\\/lospoliticosveracruz.com\\\/?s={search_term_string}\"},\"query-input\":{\"@type\":\"PropertyValueSpecification\",\"valueRequired\":true,\"valueName\":\"search_term_string\"}}],\"inLanguage\":\"es\"},{\"@type\":\"Organization\",\"@id\":\"https:\\\/\\\/lospoliticosveracruz.com\\\/#organization\",\"name\":\"Los pol\u00edticos Veracruz\",\"url\":\"https:\\\/\\\/lospoliticosveracruz.com\\\/\",\"logo\":{\"@type\":\"ImageObject\",\"inLanguage\":\"es\",\"@id\":\"https:\\\/\\\/lospoliticosveracruz.com\\\/#\\\/schema\\\/logo\\\/image\\\/\",\"url\":\"https:\\\/\\\/lospoliticosveracruz.com\\\/wp-content\\\/uploads\\\/2025\\\/12\\\/Logo-Nuevo-LOS-POLITICOS-1.jpg\",\"contentUrl\":\"https:\\\/\\\/lospoliticosveracruz.com\\\/wp-content\\\/uploads\\\/2025\\\/12\\\/Logo-Nuevo-LOS-POLITICOS-1.jpg\",\"width\":260,\"height\":70,\"caption\":\"Los pol\u00edticos Veracruz\"},\"image\":{\"@id\":\"https:\\\/\\\/lospoliticosveracruz.com\\\/#\\\/schema\\\/logo\\\/image\\\/\"},\"sameAs\":[\"https:\\\/\\\/www.facebook.com\\\/people\\\/Notimemes-de-los-Polticos\\\/61565672886568\\\/\",\"https:\\\/\\\/x.com\\\/LosPoliticosVer\"]},{\"@type\":\"Person\",\"@id\":\"https:\\\/\\\/lospoliticosveracruz.com\\\/#\\\/schema\\\/person\\\/b8702bb0e538456e6efd07080bf2a4a2\",\"name\":\"Lo viste en Los Pol\u00edticos\",\"image\":{\"@type\":\"ImageObject\",\"inLanguage\":\"es\",\"@id\":\"https:\\\/\\\/secure.gravatar.com\\\/avatar\\\/3a8de04a2656d44082be478bd6c086daa447c4651605818287b9532d3d0bd435?s=96&d=mm&r=g\",\"url\":\"https:\\\/\\\/secure.gravatar.com\\\/avatar\\\/3a8de04a2656d44082be478bd6c086daa447c4651605818287b9532d3d0bd435?s=96&d=mm&r=g\",\"contentUrl\":\"https:\\\/\\\/secure.gravatar.com\\\/avatar\\\/3a8de04a2656d44082be478bd6c086daa447c4651605818287b9532d3d0bd435?s=96&d=mm&r=g\",\"caption\":\"Lo viste en Los Pol\u00edticos\"},\"url\":\"https:\\\/\\\/lospoliticosveracruz.com\\\/?author=2\"}]}<\/script>\n<!-- \/ Yoast SEO plugin. -->","yoast_head_json":{"title":"DESAPARECIDAS - Los pol\u00edticos Veracruz","robots":{"index":"index","follow":"follow","max-snippet":"max-snippet:-1","max-image-preview":"max-image-preview:large","max-video-preview":"max-video-preview:-1"},"canonical":"https:\/\/lospoliticosveracruz.com\/?p=146864","og_locale":"es_ES","og_type":"article","og_title":"DESAPARECIDAS - Los pol\u00edticos Veracruz","og_description":"Guadalupe H. Mar Mira Pol\u00edtica&nbsp; EN VERACRUZ&nbsp;\u2026 Para no resbalar con la terminolog\u00eda mercadol\u00f3gica que le ha dado diferentes denominaciones a los \u201cpros y contras\u201d, sobre todo a esto \u00faltimo que para que no suene tan rudo le llaman nicho de oportunidad, dir\u00edamos que Veracruz tiene entre sus indicadores negativos la desaparici\u00f3n de personas, sobre [&hellip;]","og_url":"https:\/\/lospoliticosveracruz.com\/?p=146864","og_site_name":"Los pol\u00edticos Veracruz","article_publisher":"https:\/\/www.facebook.com\/people\/Notimemes-de-los-Polticos\/61565672886568\/","article_published_time":"2025-06-11T03:35:40+00:00","article_modified_time":"2025-06-11T03:36:16+00:00","og_image":[{"width":1250,"height":667,"url":"https:\/\/lospoliticosveracruz.com\/wp-content\/uploads\/2025\/04\/Lupita-H-Mar.jpg","type":"image\/jpeg"}],"author":"Lo viste en Los Pol\u00edticos","twitter_card":"summary_large_image","twitter_creator":"@LosPoliticosVer","twitter_site":"@LosPoliticosVer","twitter_misc":{"Escrito por":"Lo viste en Los Pol\u00edticos","Tiempo de lectura":"4 minutos"},"schema":{"@context":"https:\/\/schema.org","@graph":[{"@type":"Article","@id":"https:\/\/lospoliticosveracruz.com\/?p=146864#article","isPartOf":{"@id":"https:\/\/lospoliticosveracruz.com\/?p=146864"},"author":{"name":"Lo viste en Los Pol\u00edticos","@id":"https:\/\/lospoliticosveracruz.com\/#\/schema\/person\/b8702bb0e538456e6efd07080bf2a4a2"},"headline":"DESAPARECIDAS","datePublished":"2025-06-11T03:35:40+00:00","dateModified":"2025-06-11T03:36:16+00:00","mainEntityOfPage":{"@id":"https:\/\/lospoliticosveracruz.com\/?p=146864"},"wordCount":796,"publisher":{"@id":"https:\/\/lospoliticosveracruz.com\/#organization"},"image":{"@id":"https:\/\/lospoliticosveracruz.com\/?p=146864#primaryimage"},"thumbnailUrl":"https:\/\/lospoliticosveracruz.com\/wp-content\/uploads\/2025\/04\/Lupita-H-Mar.jpg","keywords":["Observatorio Universitario de Violencias contra las Mujeres"],"articleSection":["De Opini\u00f3n"],"inLanguage":"es"},{"@type":"WebPage","@id":"https:\/\/lospoliticosveracruz.com\/?p=146864","url":"https:\/\/lospoliticosveracruz.com\/?p=146864","name":"DESAPARECIDAS - Los pol\u00edticos Veracruz","isPartOf":{"@id":"https:\/\/lospoliticosveracruz.com\/#website"},"primaryImageOfPage":{"@id":"https:\/\/lospoliticosveracruz.com\/?p=146864#primaryimage"},"image":{"@id":"https:\/\/lospoliticosveracruz.com\/?p=146864#primaryimage"},"thumbnailUrl":"https:\/\/lospoliticosveracruz.com\/wp-content\/uploads\/2025\/04\/Lupita-H-Mar.jpg","datePublished":"2025-06-11T03:35:40+00:00","dateModified":"2025-06-11T03:36:16+00:00","breadcrumb":{"@id":"https:\/\/lospoliticosveracruz.com\/?p=146864#breadcrumb"},"inLanguage":"es","potentialAction":[{"@type":"ReadAction","target":["https:\/\/lospoliticosveracruz.com\/?p=146864"]}]},{"@type":"ImageObject","inLanguage":"es","@id":"https:\/\/lospoliticosveracruz.com\/?p=146864#primaryimage","url":"https:\/\/lospoliticosveracruz.com\/wp-content\/uploads\/2025\/04\/Lupita-H-Mar.jpg","contentUrl":"https:\/\/lospoliticosveracruz.com\/wp-content\/uploads\/2025\/04\/Lupita-H-Mar.jpg","width":1250,"height":667},{"@type":"BreadcrumbList","@id":"https:\/\/lospoliticosveracruz.com\/?p=146864#breadcrumb","itemListElement":[{"@type":"ListItem","position":1,"name":"Portada","item":"https:\/\/lospoliticosveracruz.com\/"},{"@type":"ListItem","position":2,"name":"DESAPARECIDAS"}]},{"@type":"WebSite","@id":"https:\/\/lospoliticosveracruz.com\/#website","url":"https:\/\/lospoliticosveracruz.com\/","name":"Los pol\u00edticos Veracruz","description":"","publisher":{"@id":"https:\/\/lospoliticosveracruz.com\/#organization"},"potentialAction":[{"@type":"SearchAction","target":{"@type":"EntryPoint","urlTemplate":"https:\/\/lospoliticosveracruz.com\/?s={search_term_string}"},"query-input":{"@type":"PropertyValueSpecification","valueRequired":true,"valueName":"search_term_string"}}],"inLanguage":"es"},{"@type":"Organization","@id":"https:\/\/lospoliticosveracruz.com\/#organization","name":"Los pol\u00edticos Veracruz","url":"https:\/\/lospoliticosveracruz.com\/","logo":{"@type":"ImageObject","inLanguage":"es","@id":"https:\/\/lospoliticosveracruz.com\/#\/schema\/logo\/image\/","url":"https:\/\/lospoliticosveracruz.com\/wp-content\/uploads\/2025\/12\/Logo-Nuevo-LOS-POLITICOS-1.jpg","contentUrl":"https:\/\/lospoliticosveracruz.com\/wp-content\/uploads\/2025\/12\/Logo-Nuevo-LOS-POLITICOS-1.jpg","width":260,"height":70,"caption":"Los pol\u00edticos Veracruz"},"image":{"@id":"https:\/\/lospoliticosveracruz.com\/#\/schema\/logo\/image\/"},"sameAs":["https:\/\/www.facebook.com\/people\/Notimemes-de-los-Polticos\/61565672886568\/","https:\/\/x.com\/LosPoliticosVer"]},{"@type":"Person","@id":"https:\/\/lospoliticosveracruz.com\/#\/schema\/person\/b8702bb0e538456e6efd07080bf2a4a2","name":"Lo viste en Los Pol\u00edticos","image":{"@type":"ImageObject","inLanguage":"es","@id":"https:\/\/secure.gravatar.com\/avatar\/3a8de04a2656d44082be478bd6c086daa447c4651605818287b9532d3d0bd435?s=96&d=mm&r=g","url":"https:\/\/secure.gravatar.com\/avatar\/3a8de04a2656d44082be478bd6c086daa447c4651605818287b9532d3d0bd435?s=96&d=mm&r=g","contentUrl":"https:\/\/secure.gravatar.com\/avatar\/3a8de04a2656d44082be478bd6c086daa447c4651605818287b9532d3d0bd435?s=96&d=mm&r=g","caption":"Lo viste en Los Pol\u00edticos"},"url":"https:\/\/lospoliticosveracruz.com\/?author=2"}]}},"_links":{"self":[{"href":"https:\/\/lospoliticosveracruz.com\/index.php?rest_route=\/wp\/v2\/posts\/146864","targetHints":{"allow":["GET"]}}],"collection":[{"href":"https:\/\/lospoliticosveracruz.com\/index.php?rest_route=\/wp\/v2\/posts"}],"about":[{"href":"https:\/\/lospoliticosveracruz.com\/index.php?rest_route=\/wp\/v2\/types\/post"}],"author":[{"embeddable":true,"href":"https:\/\/lospoliticosveracruz.com\/index.php?rest_route=\/wp\/v2\/users\/2"}],"replies":[{"embeddable":true,"href":"https:\/\/lospoliticosveracruz.com\/index.php?rest_route=%2Fwp%2Fv2%2Fcomments&post=146864"}],"version-history":[{"count":1,"href":"https:\/\/lospoliticosveracruz.com\/index.php?rest_route=\/wp\/v2\/posts\/146864\/revisions"}],"predecessor-version":[{"id":146865,"href":"https:\/\/lospoliticosveracruz.com\/index.php?rest_route=\/wp\/v2\/posts\/146864\/revisions\/146865"}],"wp:featuredmedia":[{"embeddable":true,"href":"https:\/\/lospoliticosveracruz.com\/index.php?rest_route=\/wp\/v2\/media\/141398"}],"wp:attachment":[{"href":"https:\/\/lospoliticosveracruz.com\/index.php?rest_route=%2Fwp%2Fv2%2Fmedia&parent=146864"}],"wp:term":[{"taxonomy":"category","embeddable":true,"href":"https:\/\/lospoliticosveracruz.com\/index.php?rest_route=%2Fwp%2Fv2%2Fcategories&post=146864"},{"taxonomy":"post_tag","embeddable":true,"href":"https:\/\/lospoliticosveracruz.com\/index.php?rest_route=%2Fwp%2Fv2%2Ftags&post=146864"}],"curies":[{"name":"wp","href":"https:\/\/api.w.org\/{rel}","templated":true}]}}