{"id":146871,"date":"2025-06-10T23:03:06","date_gmt":"2025-06-11T04:03:06","guid":{"rendered":"https:\/\/lospoliticosveracruz.com.mx\/?p=146871"},"modified":"2025-06-10T23:03:15","modified_gmt":"2025-06-11T04:03:15","slug":"extincion-del-ivai-regresion-a-la-opacidad-y-autoritarismo-pan","status":"publish","type":"post","link":"https:\/\/lospoliticosveracruz.com\/?p=146871","title":{"rendered":"EXTINCI\u00d3N DEL IVAI, REGRESI\u00d3N A LA OPACIDAD Y AUTORITARISMO: PAN"},"content":{"rendered":"\n\n\n<p><br>El Grupo Legislativo del Partido Acci\u00f3n Nacional (GLPAN) en Veracruz rechaza tajantemente el dictamen aprobado por la mayor\u00eda oficialista para desaparecer al Instituto Veracruzano de Acceso a la Informaci\u00f3n y Protecci\u00f3n de Datos Personales (IVAI).<\/p>\n\n\n\n<p>El coordinador del grupo, Enrique Cambranis Torres, consider\u00f3 una regresi\u00f3n esta medida antidemocr\u00e1tica propuesta por el Estado.<\/p>\n\n\n\n<p>\u201cCon este dictamen, Morena consuma un golpe certero al derecho de acceso a la informaci\u00f3n p\u00fablica, herramienta indispensable para combatir la corrupci\u00f3n\u201d, &nbsp;dijo.<\/p>\n\n\n\n<p>Cambranis Torres afirm\u00f3 que el gobierno de Morena \u201cle teme\u201d a la transparencia y la rendici\u00f3n de cuentas a trav\u00e9s del acceso a la informaci\u00f3n p\u00fablica.<\/p>\n\n\n\n<p><br>En ese sentido, asegur\u00f3 les molesta que se descubran casos como la compra y arrendamiento de patrullas en los primeros meses de la administraci\u00f3n del ex gobernador Cuitl\u00e1huac Garc\u00eda Jim\u00e9nez; los se\u00f1alamientos de corrupci\u00f3n en distintas dependencias; as\u00ed como, la informaci\u00f3n que medios de comunicaci\u00f3n expusieron sobre familiares del ex gobernador en puestos estrat\u00e9gicos.<\/p>\n\n\n\n<p><br>\u201cEn los \u00faltimos seis a\u00f1os el gobierno de Veracruz enfrenta serias acusaciones de desv\u00edo de recursos p\u00fablicos, empresas fantasmas y compras a sobrecostos, una de las m\u00e1s graves en la Secretar\u00eda de Salud de Veracruz, hablamos de un presupuesto p\u00fablico que deb\u00eda haber sido destinado a la salud de las y los veracruzanos y que la propia Auditor\u00eda Superior de la Federaci\u00f3n ha observado\u201d, puntualiz\u00f3.<\/p>\n\n\n\n<p><br>Afirm\u00f3 que la desaparici\u00f3n del IVAI representa un retroceso inadmisible en la vida democr\u00e1tica de Veracruz, donde la Contralor\u00eda General del Estado, subordinada al Ejecutivo, ser\u00e1 juez y parte, decidiendo qu\u00e9 informaci\u00f3n entrega y cu\u00e1l no.<\/p>\n\n\n\n<p>El legislador record\u00f3 que hace dieciocho a\u00f1os se aprob\u00f3 la creaci\u00f3n del Instituto de Transparencia como un organismo que facilitaba a la ciudadan\u00eda el acceso a la informaci\u00f3n de los sujetos p\u00fablicos obligados y a la protecci\u00f3n de datos personales. A partir de ese momento todas las personas, as\u00ed como medios de comunicaci\u00f3n hicieron uso de la herramienta como un derecho consagrado.<\/p>\n\n\n\n<p><br>Finalmente, asegur\u00f3 que desde el GLPAN seguir\u00e1n exigiendo el fortalecimiento y respeto de las instituciones; haciendo las denuncias del mal uso de los recursos p\u00fablicos y de los actos graves de corrupci\u00f3n que el gobierno pretenda ocultar con esta medidda<\/p>\n","protected":false},"excerpt":{"rendered":"<p>El Grupo Legislativo del Partido Acci\u00f3n Nacional (GLPAN) en Veracruz rechaza tajantemente el dictamen aprobado por la mayor\u00eda oficialista para desaparecer al Instituto Veracruzano de Acceso a la Informaci\u00f3n y Protecci\u00f3n de Datos Personales (IVAI). El coordinador del grupo, Enrique Cambranis Torres, consider\u00f3 una regresi\u00f3n esta medida antidemocr\u00e1tica propuesta por el Estado. \u201cCon este dictamen, [&hellip;]<\/p>\n","protected":false},"author":2,"featured_media":146873,"comment_status":"closed","ping_status":"closed","sticky":false,"template":"","format":"standard","meta":{"tdm_status":"","tdm_grid_status":"","footnotes":""},"categories":[43718],"tags":[23041],"class_list":{"0":"post-146871","1":"post","2":"type-post","3":"status-publish","4":"format-standard","5":"has-post-thumbnail","7":"category-elpalaciodeencanto","8":"tag-glpan"},"yoast_head":"<!-- This site is optimized with the Yoast SEO plugin v27.4 - https:\/\/yoast.com\/product\/yoast-seo-wordpress\/ -->\n<title>EXTINCI\u00d3N DEL IVAI, REGRESI\u00d3N A LA OPACIDAD Y AUTORITARISMO: PAN - Los pol\u00edticos Veracruz<\/title>\n<meta name=\"robots\" content=\"index, follow, max-snippet:-1, max-image-preview:large, max-video-preview:-1\" \/>\n<link rel=\"canonical\" href=\"https:\/\/lospoliticosveracruz.com\/?p=146871\" \/>\n<meta property=\"og:locale\" content=\"es_ES\" \/>\n<meta property=\"og:type\" content=\"article\" \/>\n<meta property=\"og:title\" content=\"EXTINCI\u00d3N DEL IVAI, REGRESI\u00d3N A LA OPACIDAD Y AUTORITARISMO: PAN - Los pol\u00edticos Veracruz\" \/>\n<meta property=\"og:description\" content=\"El Grupo Legislativo del Partido Acci\u00f3n Nacional (GLPAN) en Veracruz rechaza tajantemente el dictamen aprobado por la mayor\u00eda oficialista para desaparecer al Instituto Veracruzano de Acceso a la Informaci\u00f3n y Protecci\u00f3n de Datos Personales (IVAI). El coordinador del grupo, Enrique Cambranis Torres, consider\u00f3 una regresi\u00f3n esta medida antidemocr\u00e1tica propuesta por el Estado. \u201cCon este dictamen, [&hellip;]\" \/>\n<meta property=\"og:url\" content=\"https:\/\/lospoliticosveracruz.com\/?p=146871\" \/>\n<meta property=\"og:site_name\" content=\"Los pol\u00edticos Veracruz\" \/>\n<meta property=\"article:publisher\" content=\"https:\/\/www.facebook.com\/people\/Notimemes-de-los-Polticos\/61565672886568\/\" \/>\n<meta property=\"article:published_time\" content=\"2025-06-11T04:03:06+00:00\" \/>\n<meta property=\"article:modified_time\" content=\"2025-06-11T04:03:15+00:00\" \/>\n<meta property=\"og:image\" content=\"https:\/\/lospoliticosveracruz.com\/wp-content\/uploads\/2025\/06\/Enrique-Cambranis-Torres.jpg\" \/>\n\t<meta property=\"og:image:width\" content=\"600\" \/>\n\t<meta property=\"og:image:height\" content=\"320\" \/>\n\t<meta property=\"og:image:type\" content=\"image\/jpeg\" \/>\n<meta name=\"author\" content=\"Lo viste en Los Pol\u00edticos\" \/>\n<meta name=\"twitter:card\" content=\"summary_large_image\" \/>\n<meta name=\"twitter:creator\" content=\"@LosPoliticosVer\" \/>\n<meta name=\"twitter:site\" content=\"@LosPoliticosVer\" \/>\n<meta name=\"twitter:label1\" content=\"Escrito por\" \/>\n\t<meta name=\"twitter:data1\" content=\"Lo viste en Los Pol\u00edticos\" \/>\n\t<meta name=\"twitter:label2\" content=\"Tiempo de lectura\" \/>\n\t<meta name=\"twitter:data2\" content=\"2 minutos\" \/>\n<script type=\"application\/ld+json\" class=\"yoast-schema-graph\">{\"@context\":\"https:\\\/\\\/schema.org\",\"@graph\":[{\"@type\":\"Article\",\"@id\":\"https:\\\/\\\/lospoliticosveracruz.com\\\/?p=146871#article\",\"isPartOf\":{\"@id\":\"https:\\\/\\\/lospoliticosveracruz.com\\\/?p=146871\"},\"author\":{\"name\":\"Lo viste en Los Pol\u00edticos\",\"@id\":\"https:\\\/\\\/lospoliticosveracruz.com\\\/#\\\/schema\\\/person\\\/b8702bb0e538456e6efd07080bf2a4a2\"},\"headline\":\"EXTINCI\u00d3N DEL IVAI, REGRESI\u00d3N A LA OPACIDAD Y AUTORITARISMO: PAN\",\"datePublished\":\"2025-06-11T04:03:06+00:00\",\"dateModified\":\"2025-06-11T04:03:15+00:00\",\"mainEntityOfPage\":{\"@id\":\"https:\\\/\\\/lospoliticosveracruz.com\\\/?p=146871\"},\"wordCount\":417,\"publisher\":{\"@id\":\"https:\\\/\\\/lospoliticosveracruz.com\\\/#organization\"},\"image\":{\"@id\":\"https:\\\/\\\/lospoliticosveracruz.com\\\/?p=146871#primaryimage\"},\"thumbnailUrl\":\"https:\\\/\\\/lospoliticosveracruz.com\\\/wp-content\\\/uploads\\\/2025\\\/06\\\/Enrique-Cambranis-Torres.jpg\",\"keywords\":[\"GLPAN\"],\"articleSection\":[\"EL PALACIO DE ENCANTO\"],\"inLanguage\":\"es\"},{\"@type\":\"WebPage\",\"@id\":\"https:\\\/\\\/lospoliticosveracruz.com\\\/?p=146871\",\"url\":\"https:\\\/\\\/lospoliticosveracruz.com\\\/?p=146871\",\"name\":\"EXTINCI\u00d3N DEL IVAI, REGRESI\u00d3N A LA OPACIDAD Y AUTORITARISMO: PAN - Los pol\u00edticos Veracruz\",\"isPartOf\":{\"@id\":\"https:\\\/\\\/lospoliticosveracruz.com\\\/#website\"},\"primaryImageOfPage\":{\"@id\":\"https:\\\/\\\/lospoliticosveracruz.com\\\/?p=146871#primaryimage\"},\"image\":{\"@id\":\"https:\\\/\\\/lospoliticosveracruz.com\\\/?p=146871#primaryimage\"},\"thumbnailUrl\":\"https:\\\/\\\/lospoliticosveracruz.com\\\/wp-content\\\/uploads\\\/2025\\\/06\\\/Enrique-Cambranis-Torres.jpg\",\"datePublished\":\"2025-06-11T04:03:06+00:00\",\"dateModified\":\"2025-06-11T04:03:15+00:00\",\"breadcrumb\":{\"@id\":\"https:\\\/\\\/lospoliticosveracruz.com\\\/?p=146871#breadcrumb\"},\"inLanguage\":\"es\",\"potentialAction\":[{\"@type\":\"ReadAction\",\"target\":[\"https:\\\/\\\/lospoliticosveracruz.com\\\/?p=146871\"]}]},{\"@type\":\"ImageObject\",\"inLanguage\":\"es\",\"@id\":\"https:\\\/\\\/lospoliticosveracruz.com\\\/?p=146871#primaryimage\",\"url\":\"https:\\\/\\\/lospoliticosveracruz.com\\\/wp-content\\\/uploads\\\/2025\\\/06\\\/Enrique-Cambranis-Torres.jpg\",\"contentUrl\":\"https:\\\/\\\/lospoliticosveracruz.com\\\/wp-content\\\/uploads\\\/2025\\\/06\\\/Enrique-Cambranis-Torres.jpg\",\"width\":600,\"height\":320},{\"@type\":\"BreadcrumbList\",\"@id\":\"https:\\\/\\\/lospoliticosveracruz.com\\\/?p=146871#breadcrumb\",\"itemListElement\":[{\"@type\":\"ListItem\",\"position\":1,\"name\":\"Portada\",\"item\":\"https:\\\/\\\/lospoliticosveracruz.com\\\/\"},{\"@type\":\"ListItem\",\"position\":2,\"name\":\"EXTINCI\u00d3N DEL IVAI, REGRESI\u00d3N A LA OPACIDAD Y AUTORITARISMO: PAN\"}]},{\"@type\":\"WebSite\",\"@id\":\"https:\\\/\\\/lospoliticosveracruz.com\\\/#website\",\"url\":\"https:\\\/\\\/lospoliticosveracruz.com\\\/\",\"name\":\"Los pol\u00edticos Veracruz\",\"description\":\"\",\"publisher\":{\"@id\":\"https:\\\/\\\/lospoliticosveracruz.com\\\/#organization\"},\"potentialAction\":[{\"@type\":\"SearchAction\",\"target\":{\"@type\":\"EntryPoint\",\"urlTemplate\":\"https:\\\/\\\/lospoliticosveracruz.com\\\/?s={search_term_string}\"},\"query-input\":{\"@type\":\"PropertyValueSpecification\",\"valueRequired\":true,\"valueName\":\"search_term_string\"}}],\"inLanguage\":\"es\"},{\"@type\":\"Organization\",\"@id\":\"https:\\\/\\\/lospoliticosveracruz.com\\\/#organization\",\"name\":\"Los pol\u00edticos Veracruz\",\"url\":\"https:\\\/\\\/lospoliticosveracruz.com\\\/\",\"logo\":{\"@type\":\"ImageObject\",\"inLanguage\":\"es\",\"@id\":\"https:\\\/\\\/lospoliticosveracruz.com\\\/#\\\/schema\\\/logo\\\/image\\\/\",\"url\":\"https:\\\/\\\/lospoliticosveracruz.com\\\/wp-content\\\/uploads\\\/2025\\\/12\\\/Logo-Nuevo-LOS-POLITICOS-1.jpg\",\"contentUrl\":\"https:\\\/\\\/lospoliticosveracruz.com\\\/wp-content\\\/uploads\\\/2025\\\/12\\\/Logo-Nuevo-LOS-POLITICOS-1.jpg\",\"width\":260,\"height\":70,\"caption\":\"Los pol\u00edticos Veracruz\"},\"image\":{\"@id\":\"https:\\\/\\\/lospoliticosveracruz.com\\\/#\\\/schema\\\/logo\\\/image\\\/\"},\"sameAs\":[\"https:\\\/\\\/www.facebook.com\\\/people\\\/Notimemes-de-los-Polticos\\\/61565672886568\\\/\",\"https:\\\/\\\/x.com\\\/LosPoliticosVer\"]},{\"@type\":\"Person\",\"@id\":\"https:\\\/\\\/lospoliticosveracruz.com\\\/#\\\/schema\\\/person\\\/b8702bb0e538456e6efd07080bf2a4a2\",\"name\":\"Lo viste en Los Pol\u00edticos\",\"image\":{\"@type\":\"ImageObject\",\"inLanguage\":\"es\",\"@id\":\"https:\\\/\\\/secure.gravatar.com\\\/avatar\\\/3a8de04a2656d44082be478bd6c086daa447c4651605818287b9532d3d0bd435?s=96&d=mm&r=g\",\"url\":\"https:\\\/\\\/secure.gravatar.com\\\/avatar\\\/3a8de04a2656d44082be478bd6c086daa447c4651605818287b9532d3d0bd435?s=96&d=mm&r=g\",\"contentUrl\":\"https:\\\/\\\/secure.gravatar.com\\\/avatar\\\/3a8de04a2656d44082be478bd6c086daa447c4651605818287b9532d3d0bd435?s=96&d=mm&r=g\",\"caption\":\"Lo viste en Los Pol\u00edticos\"},\"url\":\"https:\\\/\\\/lospoliticosveracruz.com\\\/?author=2\"}]}<\/script>\n<!-- \/ Yoast SEO plugin. -->","yoast_head_json":{"title":"EXTINCI\u00d3N DEL IVAI, REGRESI\u00d3N A LA OPACIDAD Y AUTORITARISMO: PAN - Los pol\u00edticos Veracruz","robots":{"index":"index","follow":"follow","max-snippet":"max-snippet:-1","max-image-preview":"max-image-preview:large","max-video-preview":"max-video-preview:-1"},"canonical":"https:\/\/lospoliticosveracruz.com\/?p=146871","og_locale":"es_ES","og_type":"article","og_title":"EXTINCI\u00d3N DEL IVAI, REGRESI\u00d3N A LA OPACIDAD Y AUTORITARISMO: PAN - Los pol\u00edticos Veracruz","og_description":"El Grupo Legislativo del Partido Acci\u00f3n Nacional (GLPAN) en Veracruz rechaza tajantemente el dictamen aprobado por la mayor\u00eda oficialista para desaparecer al Instituto Veracruzano de Acceso a la Informaci\u00f3n y Protecci\u00f3n de Datos Personales (IVAI). El coordinador del grupo, Enrique Cambranis Torres, consider\u00f3 una regresi\u00f3n esta medida antidemocr\u00e1tica propuesta por el Estado. \u201cCon este dictamen, [&hellip;]","og_url":"https:\/\/lospoliticosveracruz.com\/?p=146871","og_site_name":"Los pol\u00edticos Veracruz","article_publisher":"https:\/\/www.facebook.com\/people\/Notimemes-de-los-Polticos\/61565672886568\/","article_published_time":"2025-06-11T04:03:06+00:00","article_modified_time":"2025-06-11T04:03:15+00:00","og_image":[{"width":600,"height":320,"url":"https:\/\/lospoliticosveracruz.com\/wp-content\/uploads\/2025\/06\/Enrique-Cambranis-Torres.jpg","type":"image\/jpeg"}],"author":"Lo viste en Los Pol\u00edticos","twitter_card":"summary_large_image","twitter_creator":"@LosPoliticosVer","twitter_site":"@LosPoliticosVer","twitter_misc":{"Escrito por":"Lo viste en Los Pol\u00edticos","Tiempo de lectura":"2 minutos"},"schema":{"@context":"https:\/\/schema.org","@graph":[{"@type":"Article","@id":"https:\/\/lospoliticosveracruz.com\/?p=146871#article","isPartOf":{"@id":"https:\/\/lospoliticosveracruz.com\/?p=146871"},"author":{"name":"Lo viste en Los Pol\u00edticos","@id":"https:\/\/lospoliticosveracruz.com\/#\/schema\/person\/b8702bb0e538456e6efd07080bf2a4a2"},"headline":"EXTINCI\u00d3N DEL IVAI, REGRESI\u00d3N A LA OPACIDAD Y AUTORITARISMO: PAN","datePublished":"2025-06-11T04:03:06+00:00","dateModified":"2025-06-11T04:03:15+00:00","mainEntityOfPage":{"@id":"https:\/\/lospoliticosveracruz.com\/?p=146871"},"wordCount":417,"publisher":{"@id":"https:\/\/lospoliticosveracruz.com\/#organization"},"image":{"@id":"https:\/\/lospoliticosveracruz.com\/?p=146871#primaryimage"},"thumbnailUrl":"https:\/\/lospoliticosveracruz.com\/wp-content\/uploads\/2025\/06\/Enrique-Cambranis-Torres.jpg","keywords":["GLPAN"],"articleSection":["EL PALACIO DE ENCANTO"],"inLanguage":"es"},{"@type":"WebPage","@id":"https:\/\/lospoliticosveracruz.com\/?p=146871","url":"https:\/\/lospoliticosveracruz.com\/?p=146871","name":"EXTINCI\u00d3N DEL IVAI, REGRESI\u00d3N A LA OPACIDAD Y AUTORITARISMO: PAN - Los pol\u00edticos Veracruz","isPartOf":{"@id":"https:\/\/lospoliticosveracruz.com\/#website"},"primaryImageOfPage":{"@id":"https:\/\/lospoliticosveracruz.com\/?p=146871#primaryimage"},"image":{"@id":"https:\/\/lospoliticosveracruz.com\/?p=146871#primaryimage"},"thumbnailUrl":"https:\/\/lospoliticosveracruz.com\/wp-content\/uploads\/2025\/06\/Enrique-Cambranis-Torres.jpg","datePublished":"2025-06-11T04:03:06+00:00","dateModified":"2025-06-11T04:03:15+00:00","breadcrumb":{"@id":"https:\/\/lospoliticosveracruz.com\/?p=146871#breadcrumb"},"inLanguage":"es","potentialAction":[{"@type":"ReadAction","target":["https:\/\/lospoliticosveracruz.com\/?p=146871"]}]},{"@type":"ImageObject","inLanguage":"es","@id":"https:\/\/lospoliticosveracruz.com\/?p=146871#primaryimage","url":"https:\/\/lospoliticosveracruz.com\/wp-content\/uploads\/2025\/06\/Enrique-Cambranis-Torres.jpg","contentUrl":"https:\/\/lospoliticosveracruz.com\/wp-content\/uploads\/2025\/06\/Enrique-Cambranis-Torres.jpg","width":600,"height":320},{"@type":"BreadcrumbList","@id":"https:\/\/lospoliticosveracruz.com\/?p=146871#breadcrumb","itemListElement":[{"@type":"ListItem","position":1,"name":"Portada","item":"https:\/\/lospoliticosveracruz.com\/"},{"@type":"ListItem","position":2,"name":"EXTINCI\u00d3N DEL IVAI, REGRESI\u00d3N A LA OPACIDAD Y AUTORITARISMO: PAN"}]},{"@type":"WebSite","@id":"https:\/\/lospoliticosveracruz.com\/#website","url":"https:\/\/lospoliticosveracruz.com\/","name":"Los pol\u00edticos Veracruz","description":"","publisher":{"@id":"https:\/\/lospoliticosveracruz.com\/#organization"},"potentialAction":[{"@type":"SearchAction","target":{"@type":"EntryPoint","urlTemplate":"https:\/\/lospoliticosveracruz.com\/?s={search_term_string}"},"query-input":{"@type":"PropertyValueSpecification","valueRequired":true,"valueName":"search_term_string"}}],"inLanguage":"es"},{"@type":"Organization","@id":"https:\/\/lospoliticosveracruz.com\/#organization","name":"Los pol\u00edticos Veracruz","url":"https:\/\/lospoliticosveracruz.com\/","logo":{"@type":"ImageObject","inLanguage":"es","@id":"https:\/\/lospoliticosveracruz.com\/#\/schema\/logo\/image\/","url":"https:\/\/lospoliticosveracruz.com\/wp-content\/uploads\/2025\/12\/Logo-Nuevo-LOS-POLITICOS-1.jpg","contentUrl":"https:\/\/lospoliticosveracruz.com\/wp-content\/uploads\/2025\/12\/Logo-Nuevo-LOS-POLITICOS-1.jpg","width":260,"height":70,"caption":"Los pol\u00edticos Veracruz"},"image":{"@id":"https:\/\/lospoliticosveracruz.com\/#\/schema\/logo\/image\/"},"sameAs":["https:\/\/www.facebook.com\/people\/Notimemes-de-los-Polticos\/61565672886568\/","https:\/\/x.com\/LosPoliticosVer"]},{"@type":"Person","@id":"https:\/\/lospoliticosveracruz.com\/#\/schema\/person\/b8702bb0e538456e6efd07080bf2a4a2","name":"Lo viste en Los Pol\u00edticos","image":{"@type":"ImageObject","inLanguage":"es","@id":"https:\/\/secure.gravatar.com\/avatar\/3a8de04a2656d44082be478bd6c086daa447c4651605818287b9532d3d0bd435?s=96&d=mm&r=g","url":"https:\/\/secure.gravatar.com\/avatar\/3a8de04a2656d44082be478bd6c086daa447c4651605818287b9532d3d0bd435?s=96&d=mm&r=g","contentUrl":"https:\/\/secure.gravatar.com\/avatar\/3a8de04a2656d44082be478bd6c086daa447c4651605818287b9532d3d0bd435?s=96&d=mm&r=g","caption":"Lo viste en Los Pol\u00edticos"},"url":"https:\/\/lospoliticosveracruz.com\/?author=2"}]}},"_links":{"self":[{"href":"https:\/\/lospoliticosveracruz.com\/index.php?rest_route=\/wp\/v2\/posts\/146871","targetHints":{"allow":["GET"]}}],"collection":[{"href":"https:\/\/lospoliticosveracruz.com\/index.php?rest_route=\/wp\/v2\/posts"}],"about":[{"href":"https:\/\/lospoliticosveracruz.com\/index.php?rest_route=\/wp\/v2\/types\/post"}],"author":[{"embeddable":true,"href":"https:\/\/lospoliticosveracruz.com\/index.php?rest_route=\/wp\/v2\/users\/2"}],"replies":[{"embeddable":true,"href":"https:\/\/lospoliticosveracruz.com\/index.php?rest_route=%2Fwp%2Fv2%2Fcomments&post=146871"}],"version-history":[{"count":1,"href":"https:\/\/lospoliticosveracruz.com\/index.php?rest_route=\/wp\/v2\/posts\/146871\/revisions"}],"predecessor-version":[{"id":146874,"href":"https:\/\/lospoliticosveracruz.com\/index.php?rest_route=\/wp\/v2\/posts\/146871\/revisions\/146874"}],"wp:featuredmedia":[{"embeddable":true,"href":"https:\/\/lospoliticosveracruz.com\/index.php?rest_route=\/wp\/v2\/media\/146873"}],"wp:attachment":[{"href":"https:\/\/lospoliticosveracruz.com\/index.php?rest_route=%2Fwp%2Fv2%2Fmedia&parent=146871"}],"wp:term":[{"taxonomy":"category","embeddable":true,"href":"https:\/\/lospoliticosveracruz.com\/index.php?rest_route=%2Fwp%2Fv2%2Fcategories&post=146871"},{"taxonomy":"post_tag","embeddable":true,"href":"https:\/\/lospoliticosveracruz.com\/index.php?rest_route=%2Fwp%2Fv2%2Ftags&post=146871"}],"curies":[{"name":"wp","href":"https:\/\/api.w.org\/{rel}","templated":true}]}}