{"id":146881,"date":"2025-06-11T07:06:41","date_gmt":"2025-06-11T12:06:41","guid":{"rendered":"https:\/\/lospoliticosveracruz.com.mx\/?p=146881"},"modified":"2025-06-11T07:06:51","modified_gmt":"2025-06-11T12:06:51","slug":"ople-hizo-trampa","status":"publish","type":"post","link":"https:\/\/lospoliticosveracruz.com\/?p=146881","title":{"rendered":"OPLE HIZO TRAMPA!"},"content":{"rendered":"\n<div class=\"wp-block-group is-nowrap is-layout-flex wp-container-core-group-is-layout-ad2f72ca wp-block-group-is-layout-flex\">\n<p><br><strong>Fanny Y\u00e9pez<\/strong><br><em>La Columna<\/em><\/p>\n<\/div>\n\n\n\n\n\n<p>\u00a1Ag\u00e1rrense porque lo que pas\u00f3 en Veracruz no tiene nombre! Resulta que la famosa elecci\u00f3n ciudadana para escoger a quien se iba a sentar en la silla del Tribunal Superior de Justicia termin\u00f3 siendo un verdadero circo\u2026 y no por lo emocionante, sino por lo sospechoso.<br>Dicen las malas lenguas \u2014y no tan malas\u2014 que desde adentro del OPLE ya sab\u00edan que algo raro estaba pasando. Con apenas el 1.8 por ciento de los votos contados, \u00a1una candidata ya ten\u00eda m\u00e1s de 150 mil votos! \u00bfC\u00f3mo ven? Si segu\u00eda as\u00ed, iba a tener m\u00e1s votos que los que existen en el padr\u00f3n electoral o m\u00e1s que los ministros de la Suprema Corte casi casi. Algo completamente anormal a todas luces.<br>Pero eso no es todo. Los consejos municipales empezaron a gritar que el sistema estaba como embrujado. En algunos lugares, t\u00fa met\u00edas los votos reales y m\u00e1gicamente el sistema los convert\u00eda en cien o hasta m\u00e1s. En otros casos, los votos se perd\u00edan como por arte de magia.<br>Y aqu\u00ed es donde se pone bueno el chisme: los nombres de los que podr\u00edan estar detr\u00e1s de este enredo ya est\u00e1n en la mesa. Se trata nada m\u00e1s y nada menos que de Marisol Alicia Delgadillo Morales, la presidenta del OPLE; Mabel Aseret Hern\u00e1ndez Meneses, la que tambi\u00e9n llevaba las riendas del PREP; y Rafael Gonz\u00e1lez Ortiz, el mero mero de inform\u00e1tica. \u00a1Qu\u00e9 casualidad que justo ellos eran los que manejaban todo!<br>Lo peor es que por ah\u00ed se comenta que alguien meti\u00f3 dinerito, s\u00ed, as\u00ed con todas sus letras, para favorecer a una candidata que, curiosamente, ya iba ganando con esa avalancha de votos fantasmas. \u00bfCoincidencia? Aqu\u00ed nadie cree en cuentos de hadas.<br>En medio de todo esto, ya hay voces que exigen que si se comprueba la tranza, que les caiga todo el peso de la ley. Porque esto al parecer, fue un saboteo descarado y Veracruz no se merece un teatro as\u00ed.<br>Otra vez, Fernando Yunes en la tablita<br>El diputado local y expresidente municipal de la ciudad y puerto de Veracruz, en el periodo del 2018\/2021, Fernando Yunes M\u00e1rquez aseguro que no teme que la alcaldesa electa, Rosa Mar\u00eda Hern\u00e1ndez Espejo, llegue al cabildo porte\u00f1o \u201ccon la barredora\u201d y \u201cla lupa\u201d a revisar cuentas de anteriores administraciones, la de \u00e9l y de su ex cu\u00f1ada Patricia Lobeira. Sin embargo, admiti\u00f3 que hay denuncias en su contra que present\u00f3 el ORFIS ante la Fiscal\u00eda General del Estado.<br>Para Yunes M\u00e1rquez es absurdo y falso quien diga que un alcalde entrante va a revisar a las administraciones pasadas, para ello existe el ORFIS, \u201clas auditorias son responsabilidad del ORFIS, esa es su chamba\u201d.<br>Con una sonrisa fingida, el diputado panista en la legislatura estatal reconoci\u00f3 que ha tenido que comparecer ante la fiscal\u00eda estatal por observaciones detectadas por el \u00d3rgano de Fiscalizaci\u00f3n Superior, las cuales asegur\u00f3 que cada una las ha solventado entiempo y forma.<br>Hay que recordar que el 25 de julio del a\u00f1o pasado, la titular del \u00d3rgano Superior de Fiscalizaci\u00f3n (ORFIS), Delia Gonz\u00e1lez Cobos, explic\u00f3 que la denuncia en contra del exalcalde de Veracruz, Fernando Yunes M\u00e1rquez, presentada ante la Fiscal\u00eda General del Estado (FGE) se debe a irregularidades en la dispersi\u00f3n de recursos destinados a pensiones por un monto de 92 millones de pesos.<br>Gonz\u00e1lez Cobos explic\u00f3 que durante la revisi\u00f3n de la Cuenta P\u00fablica 2021, detectaron un esquema irregular de pagos de pensiones a ex trabajadores, en dicho esquema no pudieron comprobar la forma en que se hizo la transmisi\u00f3n de cerca de 92 millones de pesos.<br>La funcionaria dijo que el Orfis detect\u00f3 una irregularidad en la forma en que se realiz\u00f3 el pago, y no se comprob\u00f3 la proporci\u00f3n de c\u00f3mo fueron repartidos los 92 millones, por ello decidieron presentar la denuncia ante la FGE.<br>\u201cEncontramos que hab\u00eda un esquema irregular, que m\u00e1s bien era una simulaci\u00f3n, lo hicimos del conocimiento de la fiscal\u00eda y determin\u00f3 que era procedente. Obviamente que todo el trabajo que realizamos tiene que ver con la aplicaci\u00f3n de los recursos p\u00fablicos, eran aproximadamente 92 millones. Parte importante de ese esquema era del plan de pensiones que no se ten\u00eda la certeza de que hubiera sido recibido por los trabajadores y los t\u00e9rminos y cantidades en las que correspond\u00edan, pero esos detalles los conoce bien la fiscal\u00eda y obviamente el juez\u00bb, dijo.<br>Ex candidatos reconocen el triunfo de Daniela Villegas en Teocelo<br>En el recuento de los sonados triunfos y derrotas, aparece Daniela Villegas Olmos, presidenta municipal electa en el municipio de Teocelo, misma que fue abanderada por el Partido del Trabajo, sobre su notable victoria es menester resaltar que ya cuenta con el reconocimiento y felicitaci\u00f3n de los que fueron candidatos de Movimiento Ciudadano, \u00c1ngel Luis G\u00f3mez D\u00edaz, y de la candidata por el Partido Acci\u00f3n Nacional, Roc\u00edo Zavaleta Mart\u00ednez.<br>Daniela Villegas inicia su triunfo fortalecida con el reconocimiento de los ex contendientes y sobre todo con el apoyo del pueblo de Teocelo. La ahora alcaldesa electa iniciar\u00e1 en pr\u00f3ximas fechas recorridos por distintas localidades para escuchar a la poblaci\u00f3n y en base a las propuestas integrar su plan municipal de desarrollo, que a partir del 1 de enero se convertir\u00e1 en beneficios para todos en aquel municipio.<br>Con 3028 votos obtenidos, Daniela Villegas, concluy\u00f3 el c\u00f3mputo final que se realiz\u00f3 el pasado mi\u00e9rcoles en el Consejo Municipal del OPLE de Teocelo, lo que se traduce en un 35 por ciento del total de la votaci\u00f3n.<br>Estos votos contrastan con los obtenidos por Morena, Verde y la coalici\u00f3n, que suman entre todos 2,459 sufragios, alcanzando apenas el 29 por ciento.<br>El pueblo ya habl\u00f3 y decidi\u00f3 a trav\u00e9s de su voto; y en contra del pueblo nadie tiene la raz\u00f3n.<br>En Ayahualulco por primera vez gobernar\u00e1 una mujer.<br>Quien se llev\u00f3 las palmas es la ahora alcaldesa electa en Ayahualulco, Lili Pimentel, quien con el aut\u00e9ntico apoyo popular hizo lo impensable, terminar con un cacicazgo que por casi 12 a\u00f1os hab\u00eda mantenido en el abandono a este municipio.<br>Y es que, a pesar de los agoreros que pronosticaban un nuevo triunfo para el clan de los Morales, la joven alcaldesa Lil\u00ed Pimentel, en ning\u00fan momento dio un paso atr\u00e1s y as\u00ed, el pasado 1 de junio, se marc\u00f3 un nuevo rumbo para Ayahualulco, \u201cEs tiempo de mujeres\u201d, dijo en reciente entrevista la presidenta municipal electa, quien desde ahora ve una gran posibilidad de sacar a Ayahualulco del estancamiento, en el que se ha mantenido por m\u00e1s de una d\u00e9cada.<br>Es la primera mujer que gobernar\u00e1 en este municipio y con ella, se espera que llegue la aut\u00e9ntica transformaci\u00f3n para todo el pueblo.<\/p>\n","protected":false},"excerpt":{"rendered":"<p>Fanny Y\u00e9pezLa Columna \u00a1Ag\u00e1rrense porque lo que pas\u00f3 en Veracruz no tiene nombre! Resulta que la famosa elecci\u00f3n ciudadana para escoger a quien se iba a sentar en la silla del Tribunal Superior de Justicia termin\u00f3 siendo un verdadero circo\u2026 y no por lo emocionante, sino por lo sospechoso.Dicen las malas lenguas \u2014y no tan [&hellip;]<\/p>\n","protected":false},"author":2,"featured_media":141383,"comment_status":"closed","ping_status":"closed","sticky":false,"template":"","format":"standard","meta":{"tdm_status":"","tdm_grid_status":"","footnotes":""},"categories":[70],"tags":[3485,535,44094,12446,135,1452],"class_list":{"0":"post-146881","1":"post","2":"type-post","3":"status-publish","4":"format-standard","5":"has-post-thumbnail","7":"category-de-opinion","8":"tag-ayahualulco","9":"tag-fernando-yunes","10":"tag-lili-pimentel","11":"tag-ople-veracruz","12":"tag-orfis","13":"tag-teocelo"},"yoast_head":"<!-- This site is optimized with the Yoast SEO plugin v27.4 - https:\/\/yoast.com\/product\/yoast-seo-wordpress\/ -->\n<title>OPLE HIZO TRAMPA! - Los pol\u00edticos Veracruz<\/title>\n<meta name=\"robots\" content=\"index, follow, max-snippet:-1, max-image-preview:large, max-video-preview:-1\" \/>\n<link rel=\"canonical\" href=\"https:\/\/lospoliticosveracruz.com\/?p=146881\" \/>\n<meta property=\"og:locale\" content=\"es_ES\" \/>\n<meta property=\"og:type\" content=\"article\" \/>\n<meta property=\"og:title\" content=\"OPLE HIZO TRAMPA! - Los pol\u00edticos Veracruz\" \/>\n<meta property=\"og:description\" content=\"Fanny Y\u00e9pezLa Columna \u00a1Ag\u00e1rrense porque lo que pas\u00f3 en Veracruz no tiene nombre! Resulta que la famosa elecci\u00f3n ciudadana para escoger a quien se iba a sentar en la silla del Tribunal Superior de Justicia termin\u00f3 siendo un verdadero circo\u2026 y no por lo emocionante, sino por lo sospechoso.Dicen las malas lenguas \u2014y no tan [&hellip;]\" \/>\n<meta property=\"og:url\" content=\"https:\/\/lospoliticosveracruz.com\/?p=146881\" \/>\n<meta property=\"og:site_name\" content=\"Los pol\u00edticos Veracruz\" \/>\n<meta property=\"article:publisher\" content=\"https:\/\/www.facebook.com\/people\/Notimemes-de-los-Polticos\/61565672886568\/\" \/>\n<meta property=\"article:published_time\" content=\"2025-06-11T12:06:41+00:00\" \/>\n<meta property=\"article:modified_time\" content=\"2025-06-11T12:06:51+00:00\" \/>\n<meta property=\"og:image\" content=\"https:\/\/lospoliticosveracruz.com\/wp-content\/uploads\/2025\/04\/Fanny-Yepez-Luna-e1768657334923.jpg\" \/>\n\t<meta property=\"og:image:width\" content=\"600\" \/>\n\t<meta property=\"og:image:height\" content=\"320\" \/>\n\t<meta property=\"og:image:type\" content=\"image\/jpeg\" \/>\n<meta name=\"author\" content=\"Lo viste en Los Pol\u00edticos\" \/>\n<meta name=\"twitter:card\" content=\"summary_large_image\" \/>\n<meta name=\"twitter:creator\" content=\"@LosPoliticosVer\" \/>\n<meta name=\"twitter:site\" content=\"@LosPoliticosVer\" \/>\n<meta name=\"twitter:label1\" content=\"Escrito por\" \/>\n\t<meta name=\"twitter:data1\" content=\"Lo viste en Los Pol\u00edticos\" \/>\n\t<meta name=\"twitter:label2\" content=\"Tiempo de lectura\" \/>\n\t<meta name=\"twitter:data2\" content=\"6 minutos\" \/>\n<script type=\"application\/ld+json\" class=\"yoast-schema-graph\">{\"@context\":\"https:\\\/\\\/schema.org\",\"@graph\":[{\"@type\":\"Article\",\"@id\":\"https:\\\/\\\/lospoliticosveracruz.com\\\/?p=146881#article\",\"isPartOf\":{\"@id\":\"https:\\\/\\\/lospoliticosveracruz.com\\\/?p=146881\"},\"author\":{\"name\":\"Lo viste en Los Pol\u00edticos\",\"@id\":\"https:\\\/\\\/lospoliticosveracruz.com\\\/#\\\/schema\\\/person\\\/b8702bb0e538456e6efd07080bf2a4a2\"},\"headline\":\"OPLE HIZO TRAMPA!\",\"datePublished\":\"2025-06-11T12:06:41+00:00\",\"dateModified\":\"2025-06-11T12:06:51+00:00\",\"mainEntityOfPage\":{\"@id\":\"https:\\\/\\\/lospoliticosveracruz.com\\\/?p=146881\"},\"wordCount\":1172,\"publisher\":{\"@id\":\"https:\\\/\\\/lospoliticosveracruz.com\\\/#organization\"},\"image\":{\"@id\":\"https:\\\/\\\/lospoliticosveracruz.com\\\/?p=146881#primaryimage\"},\"thumbnailUrl\":\"https:\\\/\\\/lospoliticosveracruz.com\\\/wp-content\\\/uploads\\\/2025\\\/04\\\/Fanny-Yepez-Luna-e1768657334923.jpg\",\"keywords\":[\"Ayahualulco\",\"Fernando Yunes\",\"Lili Pimentel\",\"OPLE Veracruz\",\"Orfis\",\"Teocelo\"],\"articleSection\":[\"De Opini\u00f3n\"],\"inLanguage\":\"es\"},{\"@type\":\"WebPage\",\"@id\":\"https:\\\/\\\/lospoliticosveracruz.com\\\/?p=146881\",\"url\":\"https:\\\/\\\/lospoliticosveracruz.com\\\/?p=146881\",\"name\":\"OPLE HIZO TRAMPA! - Los pol\u00edticos Veracruz\",\"isPartOf\":{\"@id\":\"https:\\\/\\\/lospoliticosveracruz.com\\\/#website\"},\"primaryImageOfPage\":{\"@id\":\"https:\\\/\\\/lospoliticosveracruz.com\\\/?p=146881#primaryimage\"},\"image\":{\"@id\":\"https:\\\/\\\/lospoliticosveracruz.com\\\/?p=146881#primaryimage\"},\"thumbnailUrl\":\"https:\\\/\\\/lospoliticosveracruz.com\\\/wp-content\\\/uploads\\\/2025\\\/04\\\/Fanny-Yepez-Luna-e1768657334923.jpg\",\"datePublished\":\"2025-06-11T12:06:41+00:00\",\"dateModified\":\"2025-06-11T12:06:51+00:00\",\"breadcrumb\":{\"@id\":\"https:\\\/\\\/lospoliticosveracruz.com\\\/?p=146881#breadcrumb\"},\"inLanguage\":\"es\",\"potentialAction\":[{\"@type\":\"ReadAction\",\"target\":[\"https:\\\/\\\/lospoliticosveracruz.com\\\/?p=146881\"]}]},{\"@type\":\"ImageObject\",\"inLanguage\":\"es\",\"@id\":\"https:\\\/\\\/lospoliticosveracruz.com\\\/?p=146881#primaryimage\",\"url\":\"https:\\\/\\\/lospoliticosveracruz.com\\\/wp-content\\\/uploads\\\/2025\\\/04\\\/Fanny-Yepez-Luna-e1768657334923.jpg\",\"contentUrl\":\"https:\\\/\\\/lospoliticosveracruz.com\\\/wp-content\\\/uploads\\\/2025\\\/04\\\/Fanny-Yepez-Luna-e1768657334923.jpg\",\"width\":600,\"height\":320},{\"@type\":\"BreadcrumbList\",\"@id\":\"https:\\\/\\\/lospoliticosveracruz.com\\\/?p=146881#breadcrumb\",\"itemListElement\":[{\"@type\":\"ListItem\",\"position\":1,\"name\":\"Portada\",\"item\":\"https:\\\/\\\/lospoliticosveracruz.com\\\/\"},{\"@type\":\"ListItem\",\"position\":2,\"name\":\"OPLE HIZO TRAMPA!\"}]},{\"@type\":\"WebSite\",\"@id\":\"https:\\\/\\\/lospoliticosveracruz.com\\\/#website\",\"url\":\"https:\\\/\\\/lospoliticosveracruz.com\\\/\",\"name\":\"Los pol\u00edticos Veracruz\",\"description\":\"\",\"publisher\":{\"@id\":\"https:\\\/\\\/lospoliticosveracruz.com\\\/#organization\"},\"potentialAction\":[{\"@type\":\"SearchAction\",\"target\":{\"@type\":\"EntryPoint\",\"urlTemplate\":\"https:\\\/\\\/lospoliticosveracruz.com\\\/?s={search_term_string}\"},\"query-input\":{\"@type\":\"PropertyValueSpecification\",\"valueRequired\":true,\"valueName\":\"search_term_string\"}}],\"inLanguage\":\"es\"},{\"@type\":\"Organization\",\"@id\":\"https:\\\/\\\/lospoliticosveracruz.com\\\/#organization\",\"name\":\"Los pol\u00edticos Veracruz\",\"url\":\"https:\\\/\\\/lospoliticosveracruz.com\\\/\",\"logo\":{\"@type\":\"ImageObject\",\"inLanguage\":\"es\",\"@id\":\"https:\\\/\\\/lospoliticosveracruz.com\\\/#\\\/schema\\\/logo\\\/image\\\/\",\"url\":\"https:\\\/\\\/lospoliticosveracruz.com\\\/wp-content\\\/uploads\\\/2025\\\/12\\\/Logo-Nuevo-LOS-POLITICOS-1.jpg\",\"contentUrl\":\"https:\\\/\\\/lospoliticosveracruz.com\\\/wp-content\\\/uploads\\\/2025\\\/12\\\/Logo-Nuevo-LOS-POLITICOS-1.jpg\",\"width\":260,\"height\":70,\"caption\":\"Los pol\u00edticos Veracruz\"},\"image\":{\"@id\":\"https:\\\/\\\/lospoliticosveracruz.com\\\/#\\\/schema\\\/logo\\\/image\\\/\"},\"sameAs\":[\"https:\\\/\\\/www.facebook.com\\\/people\\\/Notimemes-de-los-Polticos\\\/61565672886568\\\/\",\"https:\\\/\\\/x.com\\\/LosPoliticosVer\"]},{\"@type\":\"Person\",\"@id\":\"https:\\\/\\\/lospoliticosveracruz.com\\\/#\\\/schema\\\/person\\\/b8702bb0e538456e6efd07080bf2a4a2\",\"name\":\"Lo viste en Los Pol\u00edticos\",\"image\":{\"@type\":\"ImageObject\",\"inLanguage\":\"es\",\"@id\":\"https:\\\/\\\/secure.gravatar.com\\\/avatar\\\/3a8de04a2656d44082be478bd6c086daa447c4651605818287b9532d3d0bd435?s=96&d=mm&r=g\",\"url\":\"https:\\\/\\\/secure.gravatar.com\\\/avatar\\\/3a8de04a2656d44082be478bd6c086daa447c4651605818287b9532d3d0bd435?s=96&d=mm&r=g\",\"contentUrl\":\"https:\\\/\\\/secure.gravatar.com\\\/avatar\\\/3a8de04a2656d44082be478bd6c086daa447c4651605818287b9532d3d0bd435?s=96&d=mm&r=g\",\"caption\":\"Lo viste en Los Pol\u00edticos\"},\"url\":\"https:\\\/\\\/lospoliticosveracruz.com\\\/?author=2\"}]}<\/script>\n<!-- \/ Yoast SEO plugin. -->","yoast_head_json":{"title":"OPLE HIZO TRAMPA! - Los pol\u00edticos Veracruz","robots":{"index":"index","follow":"follow","max-snippet":"max-snippet:-1","max-image-preview":"max-image-preview:large","max-video-preview":"max-video-preview:-1"},"canonical":"https:\/\/lospoliticosveracruz.com\/?p=146881","og_locale":"es_ES","og_type":"article","og_title":"OPLE HIZO TRAMPA! - Los pol\u00edticos Veracruz","og_description":"Fanny Y\u00e9pezLa Columna \u00a1Ag\u00e1rrense porque lo que pas\u00f3 en Veracruz no tiene nombre! Resulta que la famosa elecci\u00f3n ciudadana para escoger a quien se iba a sentar en la silla del Tribunal Superior de Justicia termin\u00f3 siendo un verdadero circo\u2026 y no por lo emocionante, sino por lo sospechoso.Dicen las malas lenguas \u2014y no tan [&hellip;]","og_url":"https:\/\/lospoliticosveracruz.com\/?p=146881","og_site_name":"Los pol\u00edticos Veracruz","article_publisher":"https:\/\/www.facebook.com\/people\/Notimemes-de-los-Polticos\/61565672886568\/","article_published_time":"2025-06-11T12:06:41+00:00","article_modified_time":"2025-06-11T12:06:51+00:00","og_image":[{"width":600,"height":320,"url":"https:\/\/lospoliticosveracruz.com\/wp-content\/uploads\/2025\/04\/Fanny-Yepez-Luna-e1768657334923.jpg","type":"image\/jpeg"}],"author":"Lo viste en Los Pol\u00edticos","twitter_card":"summary_large_image","twitter_creator":"@LosPoliticosVer","twitter_site":"@LosPoliticosVer","twitter_misc":{"Escrito por":"Lo viste en Los Pol\u00edticos","Tiempo de lectura":"6 minutos"},"schema":{"@context":"https:\/\/schema.org","@graph":[{"@type":"Article","@id":"https:\/\/lospoliticosveracruz.com\/?p=146881#article","isPartOf":{"@id":"https:\/\/lospoliticosveracruz.com\/?p=146881"},"author":{"name":"Lo viste en Los Pol\u00edticos","@id":"https:\/\/lospoliticosveracruz.com\/#\/schema\/person\/b8702bb0e538456e6efd07080bf2a4a2"},"headline":"OPLE HIZO TRAMPA!","datePublished":"2025-06-11T12:06:41+00:00","dateModified":"2025-06-11T12:06:51+00:00","mainEntityOfPage":{"@id":"https:\/\/lospoliticosveracruz.com\/?p=146881"},"wordCount":1172,"publisher":{"@id":"https:\/\/lospoliticosveracruz.com\/#organization"},"image":{"@id":"https:\/\/lospoliticosveracruz.com\/?p=146881#primaryimage"},"thumbnailUrl":"https:\/\/lospoliticosveracruz.com\/wp-content\/uploads\/2025\/04\/Fanny-Yepez-Luna-e1768657334923.jpg","keywords":["Ayahualulco","Fernando Yunes","Lili Pimentel","OPLE Veracruz","Orfis","Teocelo"],"articleSection":["De Opini\u00f3n"],"inLanguage":"es"},{"@type":"WebPage","@id":"https:\/\/lospoliticosveracruz.com\/?p=146881","url":"https:\/\/lospoliticosveracruz.com\/?p=146881","name":"OPLE HIZO TRAMPA! - Los pol\u00edticos Veracruz","isPartOf":{"@id":"https:\/\/lospoliticosveracruz.com\/#website"},"primaryImageOfPage":{"@id":"https:\/\/lospoliticosveracruz.com\/?p=146881#primaryimage"},"image":{"@id":"https:\/\/lospoliticosveracruz.com\/?p=146881#primaryimage"},"thumbnailUrl":"https:\/\/lospoliticosveracruz.com\/wp-content\/uploads\/2025\/04\/Fanny-Yepez-Luna-e1768657334923.jpg","datePublished":"2025-06-11T12:06:41+00:00","dateModified":"2025-06-11T12:06:51+00:00","breadcrumb":{"@id":"https:\/\/lospoliticosveracruz.com\/?p=146881#breadcrumb"},"inLanguage":"es","potentialAction":[{"@type":"ReadAction","target":["https:\/\/lospoliticosveracruz.com\/?p=146881"]}]},{"@type":"ImageObject","inLanguage":"es","@id":"https:\/\/lospoliticosveracruz.com\/?p=146881#primaryimage","url":"https:\/\/lospoliticosveracruz.com\/wp-content\/uploads\/2025\/04\/Fanny-Yepez-Luna-e1768657334923.jpg","contentUrl":"https:\/\/lospoliticosveracruz.com\/wp-content\/uploads\/2025\/04\/Fanny-Yepez-Luna-e1768657334923.jpg","width":600,"height":320},{"@type":"BreadcrumbList","@id":"https:\/\/lospoliticosveracruz.com\/?p=146881#breadcrumb","itemListElement":[{"@type":"ListItem","position":1,"name":"Portada","item":"https:\/\/lospoliticosveracruz.com\/"},{"@type":"ListItem","position":2,"name":"OPLE HIZO TRAMPA!"}]},{"@type":"WebSite","@id":"https:\/\/lospoliticosveracruz.com\/#website","url":"https:\/\/lospoliticosveracruz.com\/","name":"Los pol\u00edticos Veracruz","description":"","publisher":{"@id":"https:\/\/lospoliticosveracruz.com\/#organization"},"potentialAction":[{"@type":"SearchAction","target":{"@type":"EntryPoint","urlTemplate":"https:\/\/lospoliticosveracruz.com\/?s={search_term_string}"},"query-input":{"@type":"PropertyValueSpecification","valueRequired":true,"valueName":"search_term_string"}}],"inLanguage":"es"},{"@type":"Organization","@id":"https:\/\/lospoliticosveracruz.com\/#organization","name":"Los pol\u00edticos Veracruz","url":"https:\/\/lospoliticosveracruz.com\/","logo":{"@type":"ImageObject","inLanguage":"es","@id":"https:\/\/lospoliticosveracruz.com\/#\/schema\/logo\/image\/","url":"https:\/\/lospoliticosveracruz.com\/wp-content\/uploads\/2025\/12\/Logo-Nuevo-LOS-POLITICOS-1.jpg","contentUrl":"https:\/\/lospoliticosveracruz.com\/wp-content\/uploads\/2025\/12\/Logo-Nuevo-LOS-POLITICOS-1.jpg","width":260,"height":70,"caption":"Los pol\u00edticos Veracruz"},"image":{"@id":"https:\/\/lospoliticosveracruz.com\/#\/schema\/logo\/image\/"},"sameAs":["https:\/\/www.facebook.com\/people\/Notimemes-de-los-Polticos\/61565672886568\/","https:\/\/x.com\/LosPoliticosVer"]},{"@type":"Person","@id":"https:\/\/lospoliticosveracruz.com\/#\/schema\/person\/b8702bb0e538456e6efd07080bf2a4a2","name":"Lo viste en Los Pol\u00edticos","image":{"@type":"ImageObject","inLanguage":"es","@id":"https:\/\/secure.gravatar.com\/avatar\/3a8de04a2656d44082be478bd6c086daa447c4651605818287b9532d3d0bd435?s=96&d=mm&r=g","url":"https:\/\/secure.gravatar.com\/avatar\/3a8de04a2656d44082be478bd6c086daa447c4651605818287b9532d3d0bd435?s=96&d=mm&r=g","contentUrl":"https:\/\/secure.gravatar.com\/avatar\/3a8de04a2656d44082be478bd6c086daa447c4651605818287b9532d3d0bd435?s=96&d=mm&r=g","caption":"Lo viste en Los Pol\u00edticos"},"url":"https:\/\/lospoliticosveracruz.com\/?author=2"}]}},"_links":{"self":[{"href":"https:\/\/lospoliticosveracruz.com\/index.php?rest_route=\/wp\/v2\/posts\/146881","targetHints":{"allow":["GET"]}}],"collection":[{"href":"https:\/\/lospoliticosveracruz.com\/index.php?rest_route=\/wp\/v2\/posts"}],"about":[{"href":"https:\/\/lospoliticosveracruz.com\/index.php?rest_route=\/wp\/v2\/types\/post"}],"author":[{"embeddable":true,"href":"https:\/\/lospoliticosveracruz.com\/index.php?rest_route=\/wp\/v2\/users\/2"}],"replies":[{"embeddable":true,"href":"https:\/\/lospoliticosveracruz.com\/index.php?rest_route=%2Fwp%2Fv2%2Fcomments&post=146881"}],"version-history":[{"count":1,"href":"https:\/\/lospoliticosveracruz.com\/index.php?rest_route=\/wp\/v2\/posts\/146881\/revisions"}],"predecessor-version":[{"id":146882,"href":"https:\/\/lospoliticosveracruz.com\/index.php?rest_route=\/wp\/v2\/posts\/146881\/revisions\/146882"}],"wp:featuredmedia":[{"embeddable":true,"href":"https:\/\/lospoliticosveracruz.com\/index.php?rest_route=\/wp\/v2\/media\/141383"}],"wp:attachment":[{"href":"https:\/\/lospoliticosveracruz.com\/index.php?rest_route=%2Fwp%2Fv2%2Fmedia&parent=146881"}],"wp:term":[{"taxonomy":"category","embeddable":true,"href":"https:\/\/lospoliticosveracruz.com\/index.php?rest_route=%2Fwp%2Fv2%2Fcategories&post=146881"},{"taxonomy":"post_tag","embeddable":true,"href":"https:\/\/lospoliticosveracruz.com\/index.php?rest_route=%2Fwp%2Fv2%2Ftags&post=146881"}],"curies":[{"name":"wp","href":"https:\/\/api.w.org\/{rel}","templated":true}]}}